{"id":217608,"date":"2024-11-14T18:55:00","date_gmt":"2024-11-14T18:55:00","guid":{"rendered":"https:\/\/www.webdo.tn\/fr\/blog\/kairouan-le-syndicaliste-jamel-cherif-maintenu-en-detention\/217608\/"},"modified":"2025-05-21T09:07:35","modified_gmt":"2025-05-21T09:07:35","slug":"kairouan-le-syndicaliste-jamel-cherif-maintenu-en-detention","status":"publish","type":"post","link":"https:\/\/www.webdo.tn\/fr\/actualite\/regions\/kairouan-le-syndicaliste-jamel-cherif-maintenu-en-detention\/217608\/","title":{"rendered":"Kairouan : Le syndicaliste Jamel Cherif maintenu en d\u00e9tention"},"content":{"rendered":"<p>Le 14 novembre 2024, le tribunal de premi\u00e8re instance de Kairouan a rejet\u00e9 la demande de lib\u00e9ration de Jamel Cherif, secr\u00e9taire g\u00e9n\u00e9ral de l&rsquo;Union locale du travail de Sbikha, et de trois employ\u00e9s de l&rsquo;usine de chaussures Ritun.<\/p>\n<p>\t\t\t\t\t\t\t\t\tCette d\u00e9cision survient apr\u00e8s des manifestations de soutien organis\u00e9es devant le tribunal par des syndicalistes et des activistes, d\u00e9non\u00e7ant ces arrestations.<\/p>\n<p>L&rsquo;incident fait suite \u00e0 une plainte de l&rsquo;usine, qui accuse Cherif et les travailleurs d&rsquo;avoir perturb\u00e9 la production, entra\u00eenant une fermeture de dix jours. Plusieurs organisations d\u00e9noncent ces accusations comme un affront au droit syndical. De plus, la direction de l\u2019usine a licenci\u00e9 28 travailleurs, exacerbant les tensions.<\/p>\n<p>Le syndicaliste Sa\u00efd Sboui a exprim\u00e9 son soutien aux d\u00e9tenus, estimant que l\u2019affaire \u00e9tait infond\u00e9e. Il a rappel\u00e9 que le syndicat avait collabor\u00e9 avec les autorit\u00e9s pour r\u00e9soudre la situation, mais accuse la direction de l\u2019usine de chercher \u00e0 \u00e9touffer l\u2019action syndicale. L&rsquo;audience a \u00e9t\u00e9 report\u00e9e au 21 novembre.<\/p>\n<p>Suite \u00e0 l&rsquo;arrestation du syndicaliste et des travailleurs, l\u2019UGTT a appel\u00e9 \u00e0 une gr\u00e8ve g\u00e9n\u00e9rale \u00e0 Kairouan pour d\u00e9fendre les droits syndicaux et exiger leur lib\u00e9ration. La date de la gr\u00e8ve g\u00e9n\u00e9rale sera fix\u00e9e ult\u00e9rieurement par les structures r\u00e9gionales, en fonction de l\u2019\u00e9volution de la situation, a pr\u00e9cis\u00e9 Sami Tahri, secr\u00e9taire g\u00e9n\u00e9ral adjoint de l\u2019Union g\u00e9n\u00e9rale tunisienne du travail (UGTT).<\/p>\n","protected":false},"excerpt":{"rendered":"<p>Le tribunal de Kairouan rejette la demande de lib\u00e9ration de Jamel Cherif et de trois travailleurs de l&rsquo;usine Ritun. Des manifestations de soutien d\u00e9noncent ces&#8230;<\/p>\n","protected":false},"author":3166,"featured_media":291331,"comment_status":"open","ping_status":"closed","sticky":false,"template":"","format":"standard","meta":{"footnotes":""},"categories":[2595],"tags":[2966,3090,3093,2608],"class_list":["post-217608","post","type-post","status-publish","format-standard","has-post-thumbnail","hentry","category-regions","tag-arrestation","tag-kairouan","tag-syndicat","tag-tunisie"],"yoast_head":"<!-- This site is optimized with the Yoast SEO Premium plugin v27.4 (Yoast SEO v27.5) - https:\/\/yoast.com\/product\/yoast-seo-premium-wordpress\/ -->\n<title>Kairouan : Le syndicaliste Jamel Cherif maintenu en d\u00e9tention<\/title>\n<meta name=\"description\" content=\"Le tribunal de Kairouan rejette la demande de lib\u00e9ration de Jamel Cherif et de trois travailleurs de l&#039;usine Ritun. Des manifestations de soutien d\u00e9noncent ces...\" \/>\n<link rel=\"canonical\" href=\"https:\/\/www.webdo.tn\/fr\/actualite\/regions\/kairouan-le-syndicaliste-jamel-cherif-maintenu-en-detention\/217608\/\" \/>\n<meta property=\"og:locale\" content=\"fr_FR\" \/>\n<meta property=\"og:type\" content=\"article\" \/>\n<meta property=\"og:title\" content=\"Kairouan : Le syndicaliste Jamel Cherif maintenu en d\u00e9tention\" \/>\n<meta property=\"og:description\" content=\"Le tribunal de Kairouan rejette la demande de lib\u00e9ration de Jamel Cherif et de trois travailleurs de l&#039;usine Ritun. Des manifestations de soutien d\u00e9noncent ces...\" \/>\n<meta property=\"og:url\" content=\"https:\/\/www.webdo.tn\/fr\/actualite\/regions\/kairouan-le-syndicaliste-jamel-cherif-maintenu-en-detention\/217608\/\" \/>\n<meta property=\"og:site_name\" content=\"webdo\" \/>\n<meta property=\"article:publisher\" content=\"https:\/\/www.facebook.com\/webdotn\" \/>\n<meta property=\"article:published_time\" content=\"2024-11-14T18:55:00+00:00\" \/>\n<meta property=\"article:modified_time\" content=\"2025-05-21T09:07:35+00:00\" \/>\n<meta property=\"og:image\" content=\"https:\/\/www.webdo.tn\/fr\/wp-content\/uploads\/2024\/11\/dd8d77c6e3ed9e373731595909cc17ae.webp\" \/>\n\t<meta property=\"og:image:width\" content=\"750\" \/>\n\t<meta property=\"og:image:height\" content=\"400\" \/>\n\t<meta property=\"og:image:type\" content=\"image\/webp\" \/>\n<meta name=\"author\" content=\"AZ\" \/>\n<meta name=\"twitter:card\" content=\"summary_large_image\" \/>\n<meta name=\"twitter:creator\" content=\"@webdo_tn\" \/>\n<meta name=\"twitter:site\" content=\"@webdo_tn\" \/>\n<meta name=\"twitter:label1\" content=\"\u00c9crit par\" \/>\n\t<meta name=\"twitter:data1\" content=\"AZ\" \/>\n\t<meta name=\"twitter:label2\" content=\"Dur\u00e9e de lecture estim\u00e9e\" \/>\n\t<meta name=\"twitter:data2\" content=\"1 minute\" \/>\n<script type=\"application\/ld+json\" class=\"yoast-schema-graph\">{\"@context\":\"https:\\\/\\\/schema.org\",\"@graph\":[{\"@type\":\"NewsArticle\",\"@id\":\"https:\\\/\\\/www.webdo.tn\\\/fr\\\/actualite\\\/regions\\\/kairouan-le-syndicaliste-jamel-cherif-maintenu-en-detention\\\/217608\\\/#article\",\"isPartOf\":{\"@id\":\"https:\\\/\\\/www.webdo.tn\\\/fr\\\/actualite\\\/regions\\\/kairouan-le-syndicaliste-jamel-cherif-maintenu-en-detention\\\/217608\\\/\"},\"author\":{\"name\":\"AZ\",\"@id\":\"https:\\\/\\\/www.webdo.tn\\\/fr\\\/#\\\/schema\\\/person\\\/b8a41c04d93287d375510db360906b34\"},\"headline\":\"Kairouan : Le syndicaliste Jamel Cherif maintenu en d\u00e9tention\",\"datePublished\":\"2024-11-14T18:55:00+00:00\",\"dateModified\":\"2025-05-21T09:07:35+00:00\",\"mainEntityOfPage\":{\"@id\":\"https:\\\/\\\/www.webdo.tn\\\/fr\\\/actualite\\\/regions\\\/kairouan-le-syndicaliste-jamel-cherif-maintenu-en-detention\\\/217608\\\/\"},\"wordCount\":266,\"commentCount\":0,\"publisher\":{\"@id\":\"https:\\\/\\\/www.webdo.tn\\\/fr\\\/#organization\"},\"image\":{\"@id\":\"https:\\\/\\\/www.webdo.tn\\\/fr\\\/actualite\\\/regions\\\/kairouan-le-syndicaliste-jamel-cherif-maintenu-en-detention\\\/217608\\\/#primaryimage\"},\"thumbnailUrl\":\"https:\\\/\\\/www.webdo.tn\\\/fr\\\/wp-content\\\/uploads\\\/2024\\\/11\\\/dd8d77c6e3ed9e373731595909cc17ae.webp\",\"keywords\":[\"arrestation\",\"Kairouan\",\"syndicat\",\"Tunisie\"],\"articleSection\":[\"regions\"],\"inLanguage\":\"fr-FR\"},{\"@type\":\"WebPage\",\"@id\":\"https:\\\/\\\/www.webdo.tn\\\/fr\\\/actualite\\\/regions\\\/kairouan-le-syndicaliste-jamel-cherif-maintenu-en-detention\\\/217608\\\/\",\"url\":\"https:\\\/\\\/www.webdo.tn\\\/fr\\\/actualite\\\/regions\\\/kairouan-le-syndicaliste-jamel-cherif-maintenu-en-detention\\\/217608\\\/\",\"name\":\"Kairouan : Le syndicaliste Jamel Cherif maintenu en d\u00e9tention\",\"isPartOf\":{\"@id\":\"https:\\\/\\\/www.webdo.tn\\\/fr\\\/#website\"},\"primaryImageOfPage\":{\"@id\":\"https:\\\/\\\/www.webdo.tn\\\/fr\\\/actualite\\\/regions\\\/kairouan-le-syndicaliste-jamel-cherif-maintenu-en-detention\\\/217608\\\/#primaryimage\"},\"image\":{\"@id\":\"https:\\\/\\\/www.webdo.tn\\\/fr\\\/actualite\\\/regions\\\/kairouan-le-syndicaliste-jamel-cherif-maintenu-en-detention\\\/217608\\\/#primaryimage\"},\"thumbnailUrl\":\"https:\\\/\\\/www.webdo.tn\\\/fr\\\/wp-content\\\/uploads\\\/2024\\\/11\\\/dd8d77c6e3ed9e373731595909cc17ae.webp\",\"datePublished\":\"2024-11-14T18:55:00+00:00\",\"dateModified\":\"2025-05-21T09:07:35+00:00\",\"description\":\"Le tribunal de Kairouan rejette la demande de lib\u00e9ration de Jamel Cherif et de trois travailleurs de l'usine Ritun. Des manifestations de soutien d\u00e9noncent ces...\",\"breadcrumb\":{\"@id\":\"https:\\\/\\\/www.webdo.tn\\\/fr\\\/actualite\\\/regions\\\/kairouan-le-syndicaliste-jamel-cherif-maintenu-en-detention\\\/217608\\\/#breadcrumb\"},\"inLanguage\":\"fr-FR\",\"potentialAction\":[{\"@type\":\"ReadAction\",\"target\":[\"https:\\\/\\\/www.webdo.tn\\\/fr\\\/actualite\\\/regions\\\/kairouan-le-syndicaliste-jamel-cherif-maintenu-en-detention\\\/217608\\\/\"]}]},{\"@type\":\"ImageObject\",\"inLanguage\":\"fr-FR\",\"@id\":\"https:\\\/\\\/www.webdo.tn\\\/fr\\\/actualite\\\/regions\\\/kairouan-le-syndicaliste-jamel-cherif-maintenu-en-detention\\\/217608\\\/#primaryimage\",\"url\":\"https:\\\/\\\/www.webdo.tn\\\/fr\\\/wp-content\\\/uploads\\\/2024\\\/11\\\/dd8d77c6e3ed9e373731595909cc17ae.webp\",\"contentUrl\":\"https:\\\/\\\/www.webdo.tn\\\/fr\\\/wp-content\\\/uploads\\\/2024\\\/11\\\/dd8d77c6e3ed9e373731595909cc17ae.webp\",\"width\":750,\"height\":400,\"caption\":\"Kairouan : Le syndicaliste Jamel Cherif maintenu en d\u00e9tention\"},{\"@type\":\"BreadcrumbList\",\"@id\":\"https:\\\/\\\/www.webdo.tn\\\/fr\\\/actualite\\\/regions\\\/kairouan-le-syndicaliste-jamel-cherif-maintenu-en-detention\\\/217608\\\/#breadcrumb\",\"itemListElement\":[{\"@type\":\"ListItem\",\"position\":1,\"name\":\"Accueil\",\"item\":\"https:\\\/\\\/www.webdo.tn\\\/fr\\\/\"},{\"@type\":\"ListItem\",\"position\":2,\"name\":\"Kairouan : Le syndicaliste Jamel Cherif maintenu en d\u00e9tention\"}]},{\"@type\":\"WebSite\",\"@id\":\"https:\\\/\\\/www.webdo.tn\\\/fr\\\/#website\",\"url\":\"https:\\\/\\\/www.webdo.tn\\\/fr\\\/\",\"name\":\"webdo\",\"description\":\"Tunisie - News en Tunisie et \u00e0 l&#039;international sur Webdo.tn\",\"publisher\":{\"@id\":\"https:\\\/\\\/www.webdo.tn\\\/fr\\\/#organization\"},\"potentialAction\":[{\"@type\":\"SearchAction\",\"target\":{\"@type\":\"EntryPoint\",\"urlTemplate\":\"https:\\\/\\\/www.webdo.tn\\\/fr\\\/?s={search_term_string}\"},\"query-input\":{\"@type\":\"PropertyValueSpecification\",\"valueRequired\":true,\"valueName\":\"search_term_string\"}}],\"inLanguage\":\"fr-FR\"},{\"@type\":\"Organization\",\"@id\":\"https:\\\/\\\/www.webdo.tn\\\/fr\\\/#organization\",\"name\":\"Webdo\",\"alternateName\":\"Webdo.tn\",\"url\":\"https:\\\/\\\/www.webdo.tn\\\/fr\\\/\",\"logo\":{\"@type\":\"ImageObject\",\"inLanguage\":\"fr-FR\",\"@id\":\"https:\\\/\\\/www.webdo.tn\\\/fr\\\/#\\\/schema\\\/logo\\\/image\\\/\",\"url\":\"https:\\\/\\\/www.webdo.tn\\\/fr\\\/wp-content\\\/uploads\\\/2025\\\/06\\\/Webdo-Tunisie_168377.jpg\",\"contentUrl\":\"https:\\\/\\\/www.webdo.tn\\\/fr\\\/wp-content\\\/uploads\\\/2025\\\/06\\\/Webdo-Tunisie_168377.jpg\",\"width\":301,\"height\":301,\"caption\":\"Webdo\"},\"image\":{\"@id\":\"https:\\\/\\\/www.webdo.tn\\\/fr\\\/#\\\/schema\\\/logo\\\/image\\\/\"},\"sameAs\":[\"https:\\\/\\\/www.facebook.com\\\/webdotn\",\"https:\\\/\\\/x.com\\\/webdo_tn\"],\"description\":\"Webdo est un m\u00e9dia num\u00e9rique tunisien fond\u00e9 en 2010, sp\u00e9cialis\u00e9 dans l\u2019actualit\u00e9 nationale et internationale, l\u2019\u00e9conomie, la soci\u00e9t\u00e9 et les analyses politiques. Le site s\u2019adresse \u00e0 un large public francophone et couvre l\u2019information tunisienne en temps r\u00e9el.\",\"email\":\"redac@webdo.tn\",\"legalName\":\"YNJ SARL\",\"foundingDate\":\"2010-09-06\",\"numberOfEmployees\":{\"@type\":\"QuantitativeValue\",\"minValue\":\"11\",\"maxValue\":\"50\"}},{\"@type\":\"Person\",\"@id\":\"https:\\\/\\\/www.webdo.tn\\\/fr\\\/#\\\/schema\\\/person\\\/b8a41c04d93287d375510db360906b34\",\"name\":\"AZ\",\"image\":{\"@type\":\"ImageObject\",\"inLanguage\":\"fr-FR\",\"@id\":\"https:\\\/\\\/secure.gravatar.com\\\/avatar\\\/492b80bada79439de4201dce15cd41eece6c277cfdf1b53382073c79105c1f89?s=96&d=mm&r=g\",\"url\":\"https:\\\/\\\/secure.gravatar.com\\\/avatar\\\/492b80bada79439de4201dce15cd41eece6c277cfdf1b53382073c79105c1f89?s=96&d=mm&r=g\",\"contentUrl\":\"https:\\\/\\\/secure.gravatar.com\\\/avatar\\\/492b80bada79439de4201dce15cd41eece6c277cfdf1b53382073c79105c1f89?s=96&d=mm&r=g\",\"caption\":\"AZ\"},\"url\":\"https:\\\/\\\/www.webdo.tn\\\/fr\\\/actualite\\\/author\\\/az\\\/\"}]}<\/script>\n<!-- \/ Yoast SEO Premium plugin. -->","yoast_head_json":{"title":"Kairouan : Le syndicaliste Jamel Cherif maintenu en d\u00e9tention","description":"Le tribunal de Kairouan rejette la demande de lib\u00e9ration de Jamel Cherif et de trois travailleurs de l'usine Ritun. Des manifestations de soutien d\u00e9noncent ces...","canonical":"https:\/\/www.webdo.tn\/fr\/actualite\/regions\/kairouan-le-syndicaliste-jamel-cherif-maintenu-en-detention\/217608\/","og_locale":"fr_FR","og_type":"article","og_title":"Kairouan : Le syndicaliste Jamel Cherif maintenu en d\u00e9tention","og_description":"Le tribunal de Kairouan rejette la demande de lib\u00e9ration de Jamel Cherif et de trois travailleurs de l'usine Ritun. Des manifestations de soutien d\u00e9noncent ces...","og_url":"https:\/\/www.webdo.tn\/fr\/actualite\/regions\/kairouan-le-syndicaliste-jamel-cherif-maintenu-en-detention\/217608\/","og_site_name":"webdo","article_publisher":"https:\/\/www.facebook.com\/webdotn","article_published_time":"2024-11-14T18:55:00+00:00","article_modified_time":"2025-05-21T09:07:35+00:00","og_image":[{"width":750,"height":400,"url":"https:\/\/www.webdo.tn\/fr\/wp-content\/uploads\/2024\/11\/dd8d77c6e3ed9e373731595909cc17ae.webp","type":"image\/webp"}],"author":"AZ","twitter_card":"summary_large_image","twitter_creator":"@webdo_tn","twitter_site":"@webdo_tn","twitter_misc":{"\u00c9crit par":"AZ","Dur\u00e9e de lecture estim\u00e9e":"1 minute"},"schema":{"@context":"https:\/\/schema.org","@graph":[{"@type":"NewsArticle","@id":"https:\/\/www.webdo.tn\/fr\/actualite\/regions\/kairouan-le-syndicaliste-jamel-cherif-maintenu-en-detention\/217608\/#article","isPartOf":{"@id":"https:\/\/www.webdo.tn\/fr\/actualite\/regions\/kairouan-le-syndicaliste-jamel-cherif-maintenu-en-detention\/217608\/"},"author":{"name":"AZ","@id":"https:\/\/www.webdo.tn\/fr\/#\/schema\/person\/b8a41c04d93287d375510db360906b34"},"headline":"Kairouan : Le syndicaliste Jamel Cherif maintenu en d\u00e9tention","datePublished":"2024-11-14T18:55:00+00:00","dateModified":"2025-05-21T09:07:35+00:00","mainEntityOfPage":{"@id":"https:\/\/www.webdo.tn\/fr\/actualite\/regions\/kairouan-le-syndicaliste-jamel-cherif-maintenu-en-detention\/217608\/"},"wordCount":266,"commentCount":0,"publisher":{"@id":"https:\/\/www.webdo.tn\/fr\/#organization"},"image":{"@id":"https:\/\/www.webdo.tn\/fr\/actualite\/regions\/kairouan-le-syndicaliste-jamel-cherif-maintenu-en-detention\/217608\/#primaryimage"},"thumbnailUrl":"https:\/\/www.webdo.tn\/fr\/wp-content\/uploads\/2024\/11\/dd8d77c6e3ed9e373731595909cc17ae.webp","keywords":["arrestation","Kairouan","syndicat","Tunisie"],"articleSection":["regions"],"inLanguage":"fr-FR"},{"@type":"WebPage","@id":"https:\/\/www.webdo.tn\/fr\/actualite\/regions\/kairouan-le-syndicaliste-jamel-cherif-maintenu-en-detention\/217608\/","url":"https:\/\/www.webdo.tn\/fr\/actualite\/regions\/kairouan-le-syndicaliste-jamel-cherif-maintenu-en-detention\/217608\/","name":"Kairouan : Le syndicaliste Jamel Cherif maintenu en d\u00e9tention","isPartOf":{"@id":"https:\/\/www.webdo.tn\/fr\/#website"},"primaryImageOfPage":{"@id":"https:\/\/www.webdo.tn\/fr\/actualite\/regions\/kairouan-le-syndicaliste-jamel-cherif-maintenu-en-detention\/217608\/#primaryimage"},"image":{"@id":"https:\/\/www.webdo.tn\/fr\/actualite\/regions\/kairouan-le-syndicaliste-jamel-cherif-maintenu-en-detention\/217608\/#primaryimage"},"thumbnailUrl":"https:\/\/www.webdo.tn\/fr\/wp-content\/uploads\/2024\/11\/dd8d77c6e3ed9e373731595909cc17ae.webp","datePublished":"2024-11-14T18:55:00+00:00","dateModified":"2025-05-21T09:07:35+00:00","description":"Le tribunal de Kairouan rejette la demande de lib\u00e9ration de Jamel Cherif et de trois travailleurs de l'usine Ritun. Des manifestations de soutien d\u00e9noncent ces...","breadcrumb":{"@id":"https:\/\/www.webdo.tn\/fr\/actualite\/regions\/kairouan-le-syndicaliste-jamel-cherif-maintenu-en-detention\/217608\/#breadcrumb"},"inLanguage":"fr-FR","potentialAction":[{"@type":"ReadAction","target":["https:\/\/www.webdo.tn\/fr\/actualite\/regions\/kairouan-le-syndicaliste-jamel-cherif-maintenu-en-detention\/217608\/"]}]},{"@type":"ImageObject","inLanguage":"fr-FR","@id":"https:\/\/www.webdo.tn\/fr\/actualite\/regions\/kairouan-le-syndicaliste-jamel-cherif-maintenu-en-detention\/217608\/#primaryimage","url":"https:\/\/www.webdo.tn\/fr\/wp-content\/uploads\/2024\/11\/dd8d77c6e3ed9e373731595909cc17ae.webp","contentUrl":"https:\/\/www.webdo.tn\/fr\/wp-content\/uploads\/2024\/11\/dd8d77c6e3ed9e373731595909cc17ae.webp","width":750,"height":400,"caption":"Kairouan : Le syndicaliste Jamel Cherif maintenu en d\u00e9tention"},{"@type":"BreadcrumbList","@id":"https:\/\/www.webdo.tn\/fr\/actualite\/regions\/kairouan-le-syndicaliste-jamel-cherif-maintenu-en-detention\/217608\/#breadcrumb","itemListElement":[{"@type":"ListItem","position":1,"name":"Accueil","item":"https:\/\/www.webdo.tn\/fr\/"},{"@type":"ListItem","position":2,"name":"Kairouan : Le syndicaliste Jamel Cherif maintenu en d\u00e9tention"}]},{"@type":"WebSite","@id":"https:\/\/www.webdo.tn\/fr\/#website","url":"https:\/\/www.webdo.tn\/fr\/","name":"webdo","description":"Tunisie - News en Tunisie et \u00e0 l&#039;international sur Webdo.tn","publisher":{"@id":"https:\/\/www.webdo.tn\/fr\/#organization"},"potentialAction":[{"@type":"SearchAction","target":{"@type":"EntryPoint","urlTemplate":"https:\/\/www.webdo.tn\/fr\/?s={search_term_string}"},"query-input":{"@type":"PropertyValueSpecification","valueRequired":true,"valueName":"search_term_string"}}],"inLanguage":"fr-FR"},{"@type":"Organization","@id":"https:\/\/www.webdo.tn\/fr\/#organization","name":"Webdo","alternateName":"Webdo.tn","url":"https:\/\/www.webdo.tn\/fr\/","logo":{"@type":"ImageObject","inLanguage":"fr-FR","@id":"https:\/\/www.webdo.tn\/fr\/#\/schema\/logo\/image\/","url":"https:\/\/www.webdo.tn\/fr\/wp-content\/uploads\/2025\/06\/Webdo-Tunisie_168377.jpg","contentUrl":"https:\/\/www.webdo.tn\/fr\/wp-content\/uploads\/2025\/06\/Webdo-Tunisie_168377.jpg","width":301,"height":301,"caption":"Webdo"},"image":{"@id":"https:\/\/www.webdo.tn\/fr\/#\/schema\/logo\/image\/"},"sameAs":["https:\/\/www.facebook.com\/webdotn","https:\/\/x.com\/webdo_tn"],"description":"Webdo est un m\u00e9dia num\u00e9rique tunisien fond\u00e9 en 2010, sp\u00e9cialis\u00e9 dans l\u2019actualit\u00e9 nationale et internationale, l\u2019\u00e9conomie, la soci\u00e9t\u00e9 et les analyses politiques. Le site s\u2019adresse \u00e0 un large public francophone et couvre l\u2019information tunisienne en temps r\u00e9el.","email":"redac@webdo.tn","legalName":"YNJ SARL","foundingDate":"2010-09-06","numberOfEmployees":{"@type":"QuantitativeValue","minValue":"11","maxValue":"50"}},{"@type":"Person","@id":"https:\/\/www.webdo.tn\/fr\/#\/schema\/person\/b8a41c04d93287d375510db360906b34","name":"AZ","image":{"@type":"ImageObject","inLanguage":"fr-FR","@id":"https:\/\/secure.gravatar.com\/avatar\/492b80bada79439de4201dce15cd41eece6c277cfdf1b53382073c79105c1f89?s=96&d=mm&r=g","url":"https:\/\/secure.gravatar.com\/avatar\/492b80bada79439de4201dce15cd41eece6c277cfdf1b53382073c79105c1f89?s=96&d=mm&r=g","contentUrl":"https:\/\/secure.gravatar.com\/avatar\/492b80bada79439de4201dce15cd41eece6c277cfdf1b53382073c79105c1f89?s=96&d=mm&r=g","caption":"AZ"},"url":"https:\/\/www.webdo.tn\/fr\/actualite\/author\/az\/"}]}},"_links":{"self":[{"href":"https:\/\/www.webdo.tn\/fr\/wp-json\/wp\/v2\/posts\/217608","targetHints":{"allow":["GET"]}}],"collection":[{"href":"https:\/\/www.webdo.tn\/fr\/wp-json\/wp\/v2\/posts"}],"about":[{"href":"https:\/\/www.webdo.tn\/fr\/wp-json\/wp\/v2\/types\/post"}],"author":[{"embeddable":true,"href":"https:\/\/www.webdo.tn\/fr\/wp-json\/wp\/v2\/users\/3166"}],"replies":[{"embeddable":true,"href":"https:\/\/www.webdo.tn\/fr\/wp-json\/wp\/v2\/comments?post=217608"}],"version-history":[{"count":0,"href":"https:\/\/www.webdo.tn\/fr\/wp-json\/wp\/v2\/posts\/217608\/revisions"}],"wp:featuredmedia":[{"embeddable":true,"href":"https:\/\/www.webdo.tn\/fr\/wp-json\/wp\/v2\/media\/291331"}],"wp:attachment":[{"href":"https:\/\/www.webdo.tn\/fr\/wp-json\/wp\/v2\/media?parent=217608"}],"wp:term":[{"taxonomy":"category","embeddable":true,"href":"https:\/\/www.webdo.tn\/fr\/wp-json\/wp\/v2\/categories?post=217608"},{"taxonomy":"post_tag","embeddable":true,"href":"https:\/\/www.webdo.tn\/fr\/wp-json\/wp\/v2\/tags?post=217608"}],"curies":[{"name":"wp","href":"https:\/\/api.w.org\/{rel}","templated":true}]}}