{"id":217603,"date":"2024-11-14T14:56:00","date_gmt":"2024-11-14T14:56:00","guid":{"rendered":"https:\/\/www.webdo.tn\/fr\/blog\/2024\/11\/14\/orange-summer-challenge-meps-se-qualifie-pour-la-grande-finale-internationale\/"},"modified":"2025-05-21T09:09:48","modified_gmt":"2025-05-21T09:09:48","slug":"orange-summer-challenge-meps-se-qualifie-pour-la-grande-finale-internationale","status":"publish","type":"post","link":"https:\/\/www.webdo.tn\/fr\/actualite\/national\/orange-summer-challenge-meps-se-qualifie-pour-la-grande-finale-internationale\/217603\/","title":{"rendered":"Orange Summer Challenge : MEPS se qualifie pour la grande finale internationale"},"content":{"rendered":"<p>Orange Summer Challenge (OSC), la comp\u00e9tition estivale phare d\u2019Orange Digital Center Tunisie, d\u00e9di\u00e9e aux jeunes talents, a d\u00e9voil\u00e9 les laur\u00e9ats de sa 14\u00e8me \u00e9dition. Cette \u00e9dition \u00e9tait ax\u00e9e sur la th\u00e9matique : \u00ab\u00a0Tech4Impact : Booster l&rsquo;entrepreneuriat pour un changement constructif !\u00a0\u00bb.<\/p>\n<p>\t\t\t\t\t\t\t\t\tCette comp\u00e9tition concerne cette ann\u00e9e 14 Orange Digital Centers (ODC) en Afrique et Moyen-Orient : Tunisie, Maroc, Jordanie, C\u00f4te d\u2019Ivoire, Cameroun, Mali, Burkina Faso, R\u00e9publique D\u00e9mocratique du Congo, S\u00e9n\u00e9gal, Guin\u00e9e, Madagascar, Botswana, Liberia et Guin\u00e9e Bissau.<\/p>\n<p>En partenariat avec EY Tunisie, Amazon Web Services et Nokia, OSC a donc mis en comp\u00e9tition des \u00e9quipes constitu\u00e9es par quatre porteurs de projets et 25 jeunes \u00e9tudiants tunisiens talentueux, pour am\u00e9liorer ou d\u00e9velopper des solutions technologiques \u00e0 impact positif dans les domaines de la sant\u00e9, l\u2019\u00e9nergie et l\u2019agriculture.<\/p>\n<p>Gr\u00e2ce \u00e0 un encadrement sur mesure, comprenant des formations et du mentorat dispens\u00e9s par EY Tunisie, Amazon Web Services et Nokia, ainsi que l&rsquo;expertise des coaches de l&rsquo;\u00e9cole du code et du FabLab Solidaire de Orange Digital Center, ces jeunes r\u00e9partis en 4 \u00e9quipes ont r\u00e9ussi \u00e0 concr\u00e9tiser leurs id\u00e9es en un temps record de trois mois de travail intensif.<\/p>\n<p>Lors de la c\u00e9r\u00e9monie de cl\u00f4ture nationale de OSC2024, organis\u00e9e le 13 novembre \u00e0 la Cit\u00e9 de la Culture, les quatre \u00e9quipes qui ont pr\u00e9sent\u00e9 leurs projets novateurs, sont :<\/p>\n<p>* DIALY HELP, un dispositif connect\u00e9 con\u00e7u pour surveiller en temps r\u00e9el les signes vitaux des patients en dialyse et anticiper les complications m\u00e9dicales. Les donn\u00e9es sont envoy\u00e9es vers le cloud AWS pour analyse et stockage, permettant une gestion optimis\u00e9e des soins. En parall\u00e8le, une plateforme destin\u00e9e aux centres de dialyse g\u00e8re les patients, le personnel, et les \u00e9quipements. Une application mobile compl\u00e8te l\u2019\u00e9cosyst\u00e8me, offrant aux patients un suivi personnalis\u00e9 de leur traitement et de leur \u00e9tat de sant\u00e9.<\/p>\n<p>* GREENY SOLUTIONS, une solution de gestion automatis\u00e9e sp\u00e9cialement con\u00e7ue pour les fermes en int\u00e9rieur. Elle aide les agriculteurs \u00e0 surveiller et \u00e0 g\u00e9rer les conditions de croissance de leurs plantes, tout en optimisant l\u2019utilisation des ressources comme l\u2019eau, la lumi\u00e8re et les nutriments. Gr\u00e2ce \u00e0 ses technologies d\u2019automatisation, elle permet d\u2019am\u00e9liorer la productivit\u00e9 tout en r\u00e9duisant le gaspillage de ressources dans des environnements agricoles contr\u00f4l\u00e9s.<\/p>\n<p>* MEPS, une solution de conversion des d\u00e9chets organiques en \u00e9nergie verte, gr\u00e2ce \u00e0 la technologie du biogaz. Con\u00e7u principalement pour les \u00e9leveurs et agriculteurs en milieu rural, le syst\u00e8me compact de MEPS permet de produire du gaz propre pour des besoins \u00e9nerg\u00e9tiques locaux, tout en g\u00e9n\u00e9rant de l\u2019engrais liquide. Cette solution durable vise \u00e0 valoriser les d\u00e9chets agricoles, tout en r\u00e9duisant l&#8217;empreinte carbone des exploitations rurales.<\/p>\n<p>* VOLTISENSE, une solution innovante de gestion \u00e9nerg\u00e9tique destin\u00e9e aux propri\u00e9taires et gestionnaires immobiliers. En s&rsquo;appuyant sur des technologies IoT et IA, elle offre un suivi en temps r\u00e9el de la consommation d\u2019\u00e9nergie, des pr\u00e9visions de facturation et des recommandations pour am\u00e9liorer l\u2019efficacit\u00e9 \u00e9nerg\u00e9tique. Son objectif est de r\u00e9duire l&#8217;empreinte carbone des b\u00e2timents, tout en optimisant les co\u00fbts et la durabilit\u00e9.<\/p>\n<p>L&rsquo;issue de cette comp\u00e9tition a \u00e9t\u00e9 d\u00e9termin\u00e9e par les \u00e9valuations techniques de l\u2019\u00e9quipe Orange Digital Center, ainsi que par les votes du public pr\u00e9sent lors de la c\u00e9r\u00e9monie, via l\u2019application mobile Votepad, d\u00e9velopp\u00e9e par les experts de l\u2019\u00e9cole du code.<\/p>\n<p>C\u2019est l\u2019\u00e9quipe MEPS qui a remport\u00e9 cette 14\u00e8me \u00e9dition tunisienne devant VOLTISENSE, DIALY HELP et GREENY SOLUTIONS respectivement second, troisi\u00e8me et quatri\u00e8me. MEPS va ainsi concourir pour la Tunisie aux c\u00f4t\u00e9s des 13 autres laur\u00e9ats ODC MEA, pour remporter le titre de grand vainqueur de Orange Summer Challenge 2024.<\/p>\n","protected":false},"excerpt":{"rendered":"<p>Orange Summer Challenge (OSC), la comp\u00e9tition estivale phare d\u2019Orange Digital Center Tunisie, d\u00e9di\u00e9e aux jeunes talents, a d\u00e9voil\u00e9 les laur\u00e9ats de sa 14\u00e8me \u00e9dit&#8230;<\/p>\n","protected":false},"author":3169,"featured_media":244068,"comment_status":"open","ping_status":"open","sticky":false,"template":"","format":"standard","meta":{"footnotes":""},"categories":[44],"tags":[5097,5096,5095,2608],"class_list":["post-217603","post","type-post","status-publish","format-standard","has-post-thumbnail","hentry","category-national","tag-meps","tag-orange-digital-center-tunisie","tag-orange-summer-challenge","tag-tunisie"],"yoast_head":"<!-- This site is optimized with the Yoast SEO Premium plugin v27.5 (Yoast SEO v27.5) - https:\/\/yoast.com\/product\/yoast-seo-premium-wordpress\/ -->\n<title>Orange Summer Challenge : MEPS se qualifie pour la grande finale internationale<\/title>\n<meta name=\"description\" content=\"Orange Summer Challenge (OSC), la comp\u00e9tition estivale phare d\u2019Orange Digital Center Tunisie, d\u00e9di\u00e9e aux jeunes talents, a d\u00e9voil\u00e9 les laur\u00e9ats de sa 14\u00e8me \u00e9dit...\" \/>\n<link rel=\"canonical\" href=\"https:\/\/www.webdo.tn\/fr\/actualite\/national\/orange-summer-challenge-meps-se-qualifie-pour-la-grande-finale-internationale\/217603\/\" \/>\n<meta property=\"og:locale\" content=\"fr_FR\" \/>\n<meta property=\"og:type\" content=\"article\" \/>\n<meta property=\"og:title\" content=\"Orange Summer Challenge : MEPS se qualifie pour la grande finale internationale\" \/>\n<meta property=\"og:description\" content=\"Orange Summer Challenge (OSC), la comp\u00e9tition estivale phare d\u2019Orange Digital Center Tunisie, d\u00e9di\u00e9e aux jeunes talents, a d\u00e9voil\u00e9 les laur\u00e9ats de sa 14\u00e8me \u00e9dit...\" \/>\n<meta property=\"og:url\" content=\"https:\/\/www.webdo.tn\/fr\/actualite\/national\/orange-summer-challenge-meps-se-qualifie-pour-la-grande-finale-internationale\/217603\/\" \/>\n<meta property=\"og:site_name\" content=\"webdo\" \/>\n<meta property=\"article:publisher\" content=\"https:\/\/www.facebook.com\/webdotn\" \/>\n<meta property=\"article:published_time\" content=\"2024-11-14T14:56:00+00:00\" \/>\n<meta property=\"article:modified_time\" content=\"2025-05-21T09:09:48+00:00\" \/>\n<meta property=\"og:image\" content=\"https:\/\/www.webdo.tn\/fr\/wp-content\/uploads\/2025\/05\/c2fe93a1e290bc431a5998fdb7dff5be.webp\" \/>\n\t<meta property=\"og:image:width\" content=\"655\" \/>\n\t<meta property=\"og:image:height\" content=\"349\" \/>\n\t<meta property=\"og:image:type\" content=\"image\/webp\" \/>\n<meta name=\"author\" content=\"Webdo\" \/>\n<meta name=\"twitter:card\" content=\"summary_large_image\" \/>\n<meta name=\"twitter:creator\" content=\"@webdo_tn\" \/>\n<meta name=\"twitter:site\" content=\"@webdo_tn\" \/>\n<meta name=\"twitter:label1\" content=\"\u00c9crit par\" \/>\n\t<meta name=\"twitter:data1\" content=\"Webdo\" \/>\n\t<meta name=\"twitter:label2\" content=\"Dur\u00e9e de lecture estim\u00e9e\" \/>\n\t<meta name=\"twitter:data2\" content=\"3 minutes\" \/>\n<script type=\"application\/ld+json\" class=\"yoast-schema-graph\">{\"@context\":\"https:\\\/\\\/schema.org\",\"@graph\":[{\"@type\":\"NewsArticle\",\"@id\":\"https:\\\/\\\/www.webdo.tn\\\/fr\\\/actualite\\\/national\\\/orange-summer-challenge-meps-se-qualifie-pour-la-grande-finale-internationale\\\/217603\\\/#article\",\"isPartOf\":{\"@id\":\"https:\\\/\\\/www.webdo.tn\\\/fr\\\/actualite\\\/national\\\/orange-summer-challenge-meps-se-qualifie-pour-la-grande-finale-internationale\\\/217603\\\/\"},\"author\":{\"name\":\"Webdo\",\"@id\":\"https:\\\/\\\/www.webdo.tn\\\/fr\\\/#\\\/schema\\\/person\\\/1f4e491e0907b413d61089e8eb573acc\"},\"headline\":\"Orange Summer Challenge : MEPS se qualifie pour la grande finale internationale\",\"datePublished\":\"2024-11-14T14:56:00+00:00\",\"dateModified\":\"2025-05-21T09:09:48+00:00\",\"mainEntityOfPage\":{\"@id\":\"https:\\\/\\\/www.webdo.tn\\\/fr\\\/actualite\\\/national\\\/orange-summer-challenge-meps-se-qualifie-pour-la-grande-finale-internationale\\\/217603\\\/\"},\"wordCount\":675,\"commentCount\":0,\"publisher\":{\"@id\":\"https:\\\/\\\/www.webdo.tn\\\/fr\\\/#organization\"},\"image\":{\"@id\":\"https:\\\/\\\/www.webdo.tn\\\/fr\\\/actualite\\\/national\\\/orange-summer-challenge-meps-se-qualifie-pour-la-grande-finale-internationale\\\/217603\\\/#primaryimage\"},\"thumbnailUrl\":\"https:\\\/\\\/www.webdo.tn\\\/fr\\\/wp-content\\\/uploads\\\/2025\\\/05\\\/c2fe93a1e290bc431a5998fdb7dff5be.webp\",\"keywords\":[\"MEPS\",\"Orange Digital Center Tunisie\",\"Orange Summer Challenge\",\"Tunisie\"],\"articleSection\":[\"National\"],\"inLanguage\":\"fr-FR\"},{\"@type\":\"WebPage\",\"@id\":\"https:\\\/\\\/www.webdo.tn\\\/fr\\\/actualite\\\/national\\\/orange-summer-challenge-meps-se-qualifie-pour-la-grande-finale-internationale\\\/217603\\\/\",\"url\":\"https:\\\/\\\/www.webdo.tn\\\/fr\\\/actualite\\\/national\\\/orange-summer-challenge-meps-se-qualifie-pour-la-grande-finale-internationale\\\/217603\\\/\",\"name\":\"Orange Summer Challenge : MEPS se qualifie pour la grande finale internationale\",\"isPartOf\":{\"@id\":\"https:\\\/\\\/www.webdo.tn\\\/fr\\\/#website\"},\"primaryImageOfPage\":{\"@id\":\"https:\\\/\\\/www.webdo.tn\\\/fr\\\/actualite\\\/national\\\/orange-summer-challenge-meps-se-qualifie-pour-la-grande-finale-internationale\\\/217603\\\/#primaryimage\"},\"image\":{\"@id\":\"https:\\\/\\\/www.webdo.tn\\\/fr\\\/actualite\\\/national\\\/orange-summer-challenge-meps-se-qualifie-pour-la-grande-finale-internationale\\\/217603\\\/#primaryimage\"},\"thumbnailUrl\":\"https:\\\/\\\/www.webdo.tn\\\/fr\\\/wp-content\\\/uploads\\\/2025\\\/05\\\/c2fe93a1e290bc431a5998fdb7dff5be.webp\",\"datePublished\":\"2024-11-14T14:56:00+00:00\",\"dateModified\":\"2025-05-21T09:09:48+00:00\",\"description\":\"Orange Summer Challenge (OSC), la comp\u00e9tition estivale phare d\u2019Orange Digital Center Tunisie, d\u00e9di\u00e9e aux jeunes talents, a d\u00e9voil\u00e9 les laur\u00e9ats de sa 14\u00e8me \u00e9dit...\",\"breadcrumb\":{\"@id\":\"https:\\\/\\\/www.webdo.tn\\\/fr\\\/actualite\\\/national\\\/orange-summer-challenge-meps-se-qualifie-pour-la-grande-finale-internationale\\\/217603\\\/#breadcrumb\"},\"inLanguage\":\"fr-FR\",\"potentialAction\":[{\"@type\":\"ReadAction\",\"target\":[\"https:\\\/\\\/www.webdo.tn\\\/fr\\\/actualite\\\/national\\\/orange-summer-challenge-meps-se-qualifie-pour-la-grande-finale-internationale\\\/217603\\\/\"]}]},{\"@type\":\"ImageObject\",\"inLanguage\":\"fr-FR\",\"@id\":\"https:\\\/\\\/www.webdo.tn\\\/fr\\\/actualite\\\/national\\\/orange-summer-challenge-meps-se-qualifie-pour-la-grande-finale-internationale\\\/217603\\\/#primaryimage\",\"url\":\"https:\\\/\\\/www.webdo.tn\\\/fr\\\/wp-content\\\/uploads\\\/2025\\\/05\\\/c2fe93a1e290bc431a5998fdb7dff5be.webp\",\"contentUrl\":\"https:\\\/\\\/www.webdo.tn\\\/fr\\\/wp-content\\\/uploads\\\/2025\\\/05\\\/c2fe93a1e290bc431a5998fdb7dff5be.webp\",\"width\":655,\"height\":349},{\"@type\":\"BreadcrumbList\",\"@id\":\"https:\\\/\\\/www.webdo.tn\\\/fr\\\/actualite\\\/national\\\/orange-summer-challenge-meps-se-qualifie-pour-la-grande-finale-internationale\\\/217603\\\/#breadcrumb\",\"itemListElement\":[{\"@type\":\"ListItem\",\"position\":1,\"name\":\"Accueil\",\"item\":\"https:\\\/\\\/www.webdo.tn\\\/fr\\\/\"},{\"@type\":\"ListItem\",\"position\":2,\"name\":\"Orange Summer Challenge : MEPS se qualifie pour la grande finale internationale\"}]},{\"@type\":\"WebSite\",\"@id\":\"https:\\\/\\\/www.webdo.tn\\\/fr\\\/#website\",\"url\":\"https:\\\/\\\/www.webdo.tn\\\/fr\\\/\",\"name\":\"webdo\",\"description\":\"Tunisie - News en Tunisie et \u00e0 l&#039;international sur Webdo.tn\",\"publisher\":{\"@id\":\"https:\\\/\\\/www.webdo.tn\\\/fr\\\/#organization\"},\"potentialAction\":[{\"@type\":\"SearchAction\",\"target\":{\"@type\":\"EntryPoint\",\"urlTemplate\":\"https:\\\/\\\/www.webdo.tn\\\/fr\\\/?s={search_term_string}\"},\"query-input\":{\"@type\":\"PropertyValueSpecification\",\"valueRequired\":true,\"valueName\":\"search_term_string\"}}],\"inLanguage\":\"fr-FR\"},{\"@type\":\"Organization\",\"@id\":\"https:\\\/\\\/www.webdo.tn\\\/fr\\\/#organization\",\"name\":\"Webdo\",\"alternateName\":\"Webdo.tn\",\"url\":\"https:\\\/\\\/www.webdo.tn\\\/fr\\\/\",\"logo\":{\"@type\":\"ImageObject\",\"inLanguage\":\"fr-FR\",\"@id\":\"https:\\\/\\\/www.webdo.tn\\\/fr\\\/#\\\/schema\\\/logo\\\/image\\\/\",\"url\":\"https:\\\/\\\/www.webdo.tn\\\/fr\\\/wp-content\\\/uploads\\\/2025\\\/06\\\/Webdo-Tunisie_168377.jpg\",\"contentUrl\":\"https:\\\/\\\/www.webdo.tn\\\/fr\\\/wp-content\\\/uploads\\\/2025\\\/06\\\/Webdo-Tunisie_168377.jpg\",\"width\":301,\"height\":301,\"caption\":\"Webdo\"},\"image\":{\"@id\":\"https:\\\/\\\/www.webdo.tn\\\/fr\\\/#\\\/schema\\\/logo\\\/image\\\/\"},\"sameAs\":[\"https:\\\/\\\/www.facebook.com\\\/webdotn\",\"https:\\\/\\\/x.com\\\/webdo_tn\"],\"description\":\"Webdo est un m\u00e9dia num\u00e9rique tunisien fond\u00e9 en 2010, sp\u00e9cialis\u00e9 dans l\u2019actualit\u00e9 nationale et internationale, l\u2019\u00e9conomie, la soci\u00e9t\u00e9 et les analyses politiques. Le site s\u2019adresse \u00e0 un large public francophone et couvre l\u2019information tunisienne en temps r\u00e9el.\",\"email\":\"redac@webdo.tn\",\"legalName\":\"YNJ SARL\",\"foundingDate\":\"2010-09-06\",\"numberOfEmployees\":{\"@type\":\"QuantitativeValue\",\"minValue\":\"11\",\"maxValue\":\"50\"}},{\"@type\":\"Person\",\"@id\":\"https:\\\/\\\/www.webdo.tn\\\/fr\\\/#\\\/schema\\\/person\\\/1f4e491e0907b413d61089e8eb573acc\",\"name\":\"Webdo\",\"image\":{\"@type\":\"ImageObject\",\"inLanguage\":\"fr-FR\",\"@id\":\"https:\\\/\\\/secure.gravatar.com\\\/avatar\\\/de97aeec1bb80978a9dbb127e47dfc88aaacb2f3c29aac907d8d3222e3495d49?s=96&d=mm&r=g\",\"url\":\"https:\\\/\\\/secure.gravatar.com\\\/avatar\\\/de97aeec1bb80978a9dbb127e47dfc88aaacb2f3c29aac907d8d3222e3495d49?s=96&d=mm&r=g\",\"contentUrl\":\"https:\\\/\\\/secure.gravatar.com\\\/avatar\\\/de97aeec1bb80978a9dbb127e47dfc88aaacb2f3c29aac907d8d3222e3495d49?s=96&d=mm&r=g\",\"caption\":\"Webdo\"},\"url\":\"https:\\\/\\\/www.webdo.tn\\\/fr\\\/actualite\\\/author\\\/webdo\\\/\"}]}<\/script>\n<!-- \/ Yoast SEO Premium plugin. -->","yoast_head_json":{"title":"Orange Summer Challenge : MEPS se qualifie pour la grande finale internationale","description":"Orange Summer Challenge (OSC), la comp\u00e9tition estivale phare d\u2019Orange Digital Center Tunisie, d\u00e9di\u00e9e aux jeunes talents, a d\u00e9voil\u00e9 les laur\u00e9ats de sa 14\u00e8me \u00e9dit...","canonical":"https:\/\/www.webdo.tn\/fr\/actualite\/national\/orange-summer-challenge-meps-se-qualifie-pour-la-grande-finale-internationale\/217603\/","og_locale":"fr_FR","og_type":"article","og_title":"Orange Summer Challenge : MEPS se qualifie pour la grande finale internationale","og_description":"Orange Summer Challenge (OSC), la comp\u00e9tition estivale phare d\u2019Orange Digital Center Tunisie, d\u00e9di\u00e9e aux jeunes talents, a d\u00e9voil\u00e9 les laur\u00e9ats de sa 14\u00e8me \u00e9dit...","og_url":"https:\/\/www.webdo.tn\/fr\/actualite\/national\/orange-summer-challenge-meps-se-qualifie-pour-la-grande-finale-internationale\/217603\/","og_site_name":"webdo","article_publisher":"https:\/\/www.facebook.com\/webdotn","article_published_time":"2024-11-14T14:56:00+00:00","article_modified_time":"2025-05-21T09:09:48+00:00","og_image":[{"width":655,"height":349,"url":"https:\/\/www.webdo.tn\/fr\/wp-content\/uploads\/2025\/05\/c2fe93a1e290bc431a5998fdb7dff5be.webp","type":"image\/webp"}],"author":"Webdo","twitter_card":"summary_large_image","twitter_creator":"@webdo_tn","twitter_site":"@webdo_tn","twitter_misc":{"\u00c9crit par":"Webdo","Dur\u00e9e de lecture estim\u00e9e":"3 minutes"},"schema":{"@context":"https:\/\/schema.org","@graph":[{"@type":"NewsArticle","@id":"https:\/\/www.webdo.tn\/fr\/actualite\/national\/orange-summer-challenge-meps-se-qualifie-pour-la-grande-finale-internationale\/217603\/#article","isPartOf":{"@id":"https:\/\/www.webdo.tn\/fr\/actualite\/national\/orange-summer-challenge-meps-se-qualifie-pour-la-grande-finale-internationale\/217603\/"},"author":{"name":"Webdo","@id":"https:\/\/www.webdo.tn\/fr\/#\/schema\/person\/1f4e491e0907b413d61089e8eb573acc"},"headline":"Orange Summer Challenge : MEPS se qualifie pour la grande finale internationale","datePublished":"2024-11-14T14:56:00+00:00","dateModified":"2025-05-21T09:09:48+00:00","mainEntityOfPage":{"@id":"https:\/\/www.webdo.tn\/fr\/actualite\/national\/orange-summer-challenge-meps-se-qualifie-pour-la-grande-finale-internationale\/217603\/"},"wordCount":675,"commentCount":0,"publisher":{"@id":"https:\/\/www.webdo.tn\/fr\/#organization"},"image":{"@id":"https:\/\/www.webdo.tn\/fr\/actualite\/national\/orange-summer-challenge-meps-se-qualifie-pour-la-grande-finale-internationale\/217603\/#primaryimage"},"thumbnailUrl":"https:\/\/www.webdo.tn\/fr\/wp-content\/uploads\/2025\/05\/c2fe93a1e290bc431a5998fdb7dff5be.webp","keywords":["MEPS","Orange Digital Center Tunisie","Orange Summer Challenge","Tunisie"],"articleSection":["National"],"inLanguage":"fr-FR"},{"@type":"WebPage","@id":"https:\/\/www.webdo.tn\/fr\/actualite\/national\/orange-summer-challenge-meps-se-qualifie-pour-la-grande-finale-internationale\/217603\/","url":"https:\/\/www.webdo.tn\/fr\/actualite\/national\/orange-summer-challenge-meps-se-qualifie-pour-la-grande-finale-internationale\/217603\/","name":"Orange Summer Challenge : MEPS se qualifie pour la grande finale internationale","isPartOf":{"@id":"https:\/\/www.webdo.tn\/fr\/#website"},"primaryImageOfPage":{"@id":"https:\/\/www.webdo.tn\/fr\/actualite\/national\/orange-summer-challenge-meps-se-qualifie-pour-la-grande-finale-internationale\/217603\/#primaryimage"},"image":{"@id":"https:\/\/www.webdo.tn\/fr\/actualite\/national\/orange-summer-challenge-meps-se-qualifie-pour-la-grande-finale-internationale\/217603\/#primaryimage"},"thumbnailUrl":"https:\/\/www.webdo.tn\/fr\/wp-content\/uploads\/2025\/05\/c2fe93a1e290bc431a5998fdb7dff5be.webp","datePublished":"2024-11-14T14:56:00+00:00","dateModified":"2025-05-21T09:09:48+00:00","description":"Orange Summer Challenge (OSC), la comp\u00e9tition estivale phare d\u2019Orange Digital Center Tunisie, d\u00e9di\u00e9e aux jeunes talents, a d\u00e9voil\u00e9 les laur\u00e9ats de sa 14\u00e8me \u00e9dit...","breadcrumb":{"@id":"https:\/\/www.webdo.tn\/fr\/actualite\/national\/orange-summer-challenge-meps-se-qualifie-pour-la-grande-finale-internationale\/217603\/#breadcrumb"},"inLanguage":"fr-FR","potentialAction":[{"@type":"ReadAction","target":["https:\/\/www.webdo.tn\/fr\/actualite\/national\/orange-summer-challenge-meps-se-qualifie-pour-la-grande-finale-internationale\/217603\/"]}]},{"@type":"ImageObject","inLanguage":"fr-FR","@id":"https:\/\/www.webdo.tn\/fr\/actualite\/national\/orange-summer-challenge-meps-se-qualifie-pour-la-grande-finale-internationale\/217603\/#primaryimage","url":"https:\/\/www.webdo.tn\/fr\/wp-content\/uploads\/2025\/05\/c2fe93a1e290bc431a5998fdb7dff5be.webp","contentUrl":"https:\/\/www.webdo.tn\/fr\/wp-content\/uploads\/2025\/05\/c2fe93a1e290bc431a5998fdb7dff5be.webp","width":655,"height":349},{"@type":"BreadcrumbList","@id":"https:\/\/www.webdo.tn\/fr\/actualite\/national\/orange-summer-challenge-meps-se-qualifie-pour-la-grande-finale-internationale\/217603\/#breadcrumb","itemListElement":[{"@type":"ListItem","position":1,"name":"Accueil","item":"https:\/\/www.webdo.tn\/fr\/"},{"@type":"ListItem","position":2,"name":"Orange Summer Challenge : MEPS se qualifie pour la grande finale internationale"}]},{"@type":"WebSite","@id":"https:\/\/www.webdo.tn\/fr\/#website","url":"https:\/\/www.webdo.tn\/fr\/","name":"webdo","description":"Tunisie - News en Tunisie et \u00e0 l&#039;international sur Webdo.tn","publisher":{"@id":"https:\/\/www.webdo.tn\/fr\/#organization"},"potentialAction":[{"@type":"SearchAction","target":{"@type":"EntryPoint","urlTemplate":"https:\/\/www.webdo.tn\/fr\/?s={search_term_string}"},"query-input":{"@type":"PropertyValueSpecification","valueRequired":true,"valueName":"search_term_string"}}],"inLanguage":"fr-FR"},{"@type":"Organization","@id":"https:\/\/www.webdo.tn\/fr\/#organization","name":"Webdo","alternateName":"Webdo.tn","url":"https:\/\/www.webdo.tn\/fr\/","logo":{"@type":"ImageObject","inLanguage":"fr-FR","@id":"https:\/\/www.webdo.tn\/fr\/#\/schema\/logo\/image\/","url":"https:\/\/www.webdo.tn\/fr\/wp-content\/uploads\/2025\/06\/Webdo-Tunisie_168377.jpg","contentUrl":"https:\/\/www.webdo.tn\/fr\/wp-content\/uploads\/2025\/06\/Webdo-Tunisie_168377.jpg","width":301,"height":301,"caption":"Webdo"},"image":{"@id":"https:\/\/www.webdo.tn\/fr\/#\/schema\/logo\/image\/"},"sameAs":["https:\/\/www.facebook.com\/webdotn","https:\/\/x.com\/webdo_tn"],"description":"Webdo est un m\u00e9dia num\u00e9rique tunisien fond\u00e9 en 2010, sp\u00e9cialis\u00e9 dans l\u2019actualit\u00e9 nationale et internationale, l\u2019\u00e9conomie, la soci\u00e9t\u00e9 et les analyses politiques. Le site s\u2019adresse \u00e0 un large public francophone et couvre l\u2019information tunisienne en temps r\u00e9el.","email":"redac@webdo.tn","legalName":"YNJ SARL","foundingDate":"2010-09-06","numberOfEmployees":{"@type":"QuantitativeValue","minValue":"11","maxValue":"50"}},{"@type":"Person","@id":"https:\/\/www.webdo.tn\/fr\/#\/schema\/person\/1f4e491e0907b413d61089e8eb573acc","name":"Webdo","image":{"@type":"ImageObject","inLanguage":"fr-FR","@id":"https:\/\/secure.gravatar.com\/avatar\/de97aeec1bb80978a9dbb127e47dfc88aaacb2f3c29aac907d8d3222e3495d49?s=96&d=mm&r=g","url":"https:\/\/secure.gravatar.com\/avatar\/de97aeec1bb80978a9dbb127e47dfc88aaacb2f3c29aac907d8d3222e3495d49?s=96&d=mm&r=g","contentUrl":"https:\/\/secure.gravatar.com\/avatar\/de97aeec1bb80978a9dbb127e47dfc88aaacb2f3c29aac907d8d3222e3495d49?s=96&d=mm&r=g","caption":"Webdo"},"url":"https:\/\/www.webdo.tn\/fr\/actualite\/author\/webdo\/"}]}},"_links":{"self":[{"href":"https:\/\/www.webdo.tn\/fr\/wp-json\/wp\/v2\/posts\/217603","targetHints":{"allow":["GET"]}}],"collection":[{"href":"https:\/\/www.webdo.tn\/fr\/wp-json\/wp\/v2\/posts"}],"about":[{"href":"https:\/\/www.webdo.tn\/fr\/wp-json\/wp\/v2\/types\/post"}],"author":[{"embeddable":true,"href":"https:\/\/www.webdo.tn\/fr\/wp-json\/wp\/v2\/users\/3169"}],"replies":[{"embeddable":true,"href":"https:\/\/www.webdo.tn\/fr\/wp-json\/wp\/v2\/comments?post=217603"}],"version-history":[{"count":0,"href":"https:\/\/www.webdo.tn\/fr\/wp-json\/wp\/v2\/posts\/217603\/revisions"}],"wp:featuredmedia":[{"embeddable":true,"href":"https:\/\/www.webdo.tn\/fr\/wp-json\/wp\/v2\/media\/244068"}],"wp:attachment":[{"href":"https:\/\/www.webdo.tn\/fr\/wp-json\/wp\/v2\/media?parent=217603"}],"wp:term":[{"taxonomy":"category","embeddable":true,"href":"https:\/\/www.webdo.tn\/fr\/wp-json\/wp\/v2\/categories?post=217603"},{"taxonomy":"post_tag","embeddable":true,"href":"https:\/\/www.webdo.tn\/fr\/wp-json\/wp\/v2\/tags?post=217603"}],"curies":[{"name":"wp","href":"https:\/\/api.w.org\/{rel}","templated":true}]}}