{"id":217589,"date":"2024-11-13T21:14:00","date_gmt":"2024-11-13T21:14:00","guid":{"rendered":"https:\/\/www.webdo.tn\/fr\/blog\/tunisie-creation-d-un-hopital-de-campagne-a-bir-ali-ben-khalifa\/217589\/"},"modified":"2025-05-21T09:07:33","modified_gmt":"2025-05-21T09:07:33","slug":"tunisie-creation-d-un-hopital-de-campagne-a-bir-ali-ben-khalifa","status":"publish","type":"post","link":"https:\/\/www.webdo.tn\/fr\/actualite\/regions\/tunisie-creation-d-un-hopital-de-campagne-a-bir-ali-ben-khalifa\/217589\/","title":{"rendered":"Tunisie : Cr\u00e9ation d&rsquo;un h\u00f4pital de campagne \u00e0 Bir Ali Ben Khalifa"},"content":{"rendered":"<p>Le pr\u00e9sident de la R\u00e9publique, Ka\u00efs Sa\u00efed, a re\u00e7u ce mercredi apr\u00e8s-midi 13 novembre 2024, au palais de Carthage, Khaled Shili  ministre de la D\u00e9fense nationale.<\/p>\n<p>\t\t\t\t\t\t\t\t\tLors de cet entretien, le pr\u00e9sident a salu\u00e9 les efforts d\u00e9ploy\u00e9s par les forces arm\u00e9es, non seulement pour d\u00e9fendre la patrie, mais aussi pour soutenir les initiatives de l&rsquo;\u00c9tat dans divers secteurs.<\/p>\n<p>Parmi les sujets abord\u00e9s, il a \u00e9t\u00e9 question du transfert de certaines sections de l&rsquo;h\u00f4pital H\u00e9di Chaker vers une aile de l&rsquo;h\u00f4pital militaire de Sfax, en vue d&rsquo;effectuer les r\u00e9novations n\u00e9cessaires dans le premier \u00e9tablissement mentionn\u00e9.<\/p>\n<p>Le pr\u00e9sident de la R\u00e9publique a \u00e9galement donn\u00e9 son accord pour la cr\u00e9ation d&rsquo;un h\u00f4pital de campagne en coordination avec le minist\u00e8re de la Sant\u00e9, \u00e0 Bir Ali Ben Khalifa, en attendant les travaux de r\u00e9novation de l&rsquo;h\u00f4pital local.<\/p>\n","protected":false},"excerpt":{"rendered":"<p>Le pr\u00e9sident Ka\u00efs Sa\u00efed a rencontr\u00e9 le ministre de la D\u00e9fense nationale, Khaled Shili  , pour discuter des efforts des forces arm\u00e9es et de projets de soutien au&#8230;<\/p>\n","protected":false},"author":3166,"featured_media":291326,"comment_status":"open","ping_status":"closed","sticky":false,"template":"","format":"standard","meta":{"footnotes":""},"categories":[2595],"tags":[10636,4903,2608],"class_list":["post-217589","post","type-post","status-publish","format-standard","has-post-thumbnail","hentry","category-regions","tag-bir-ali-ben-khalifa","tag-hopital-de-campagne","tag-tunisie"],"yoast_head":"<!-- This site is optimized with the Yoast SEO Premium plugin v27.5 (Yoast SEO v27.5) - https:\/\/yoast.com\/product\/yoast-seo-premium-wordpress\/ -->\n<title>Tunisie : Cr\u00e9ation d&#039;un h\u00f4pital de campagne \u00e0 Bir Ali Ben Khalifa<\/title>\n<meta name=\"description\" content=\"Le pr\u00e9sident Ka\u00efs Sa\u00efed a rencontr\u00e9 le ministre de la D\u00e9fense nationale, Khaled Shili , pour discuter des efforts des forces arm\u00e9es et de projets de soutien au...\" \/>\n<link rel=\"canonical\" href=\"https:\/\/www.webdo.tn\/fr\/actualite\/regions\/tunisie-creation-d-un-hopital-de-campagne-a-bir-ali-ben-khalifa\/217589\/\" \/>\n<meta property=\"og:locale\" content=\"fr_FR\" \/>\n<meta property=\"og:type\" content=\"article\" \/>\n<meta property=\"og:title\" content=\"Tunisie : Cr\u00e9ation d&#039;un h\u00f4pital de campagne \u00e0 Bir Ali Ben Khalifa\" \/>\n<meta property=\"og:description\" content=\"Le pr\u00e9sident Ka\u00efs Sa\u00efed a rencontr\u00e9 le ministre de la D\u00e9fense nationale, Khaled Shili , pour discuter des efforts des forces arm\u00e9es et de projets de soutien au...\" \/>\n<meta property=\"og:url\" content=\"https:\/\/www.webdo.tn\/fr\/actualite\/regions\/tunisie-creation-d-un-hopital-de-campagne-a-bir-ali-ben-khalifa\/217589\/\" \/>\n<meta property=\"og:site_name\" content=\"webdo\" \/>\n<meta property=\"article:publisher\" content=\"https:\/\/www.facebook.com\/webdotn\" \/>\n<meta property=\"article:published_time\" content=\"2024-11-13T21:14:00+00:00\" \/>\n<meta property=\"article:modified_time\" content=\"2025-05-21T09:07:33+00:00\" \/>\n<meta property=\"og:image\" content=\"https:\/\/www.webdo.tn\/fr\/wp-content\/uploads\/2024\/11\/37e3249456c5999c93c600cf6ae55ed6.webp\" \/>\n\t<meta property=\"og:image:width\" content=\"750\" \/>\n\t<meta property=\"og:image:height\" content=\"400\" \/>\n\t<meta property=\"og:image:type\" content=\"image\/webp\" \/>\n<meta name=\"author\" content=\"AZ\" \/>\n<meta name=\"twitter:card\" content=\"summary_large_image\" \/>\n<meta name=\"twitter:creator\" content=\"@webdo_tn\" \/>\n<meta name=\"twitter:site\" content=\"@webdo_tn\" \/>\n<meta name=\"twitter:label1\" content=\"\u00c9crit par\" \/>\n\t<meta name=\"twitter:data1\" content=\"AZ\" \/>\n\t<meta name=\"twitter:label2\" content=\"Dur\u00e9e de lecture estim\u00e9e\" \/>\n\t<meta name=\"twitter:data2\" content=\"1 minute\" \/>\n<script type=\"application\/ld+json\" class=\"yoast-schema-graph\">{\"@context\":\"https:\\\/\\\/schema.org\",\"@graph\":[{\"@type\":\"NewsArticle\",\"@id\":\"https:\\\/\\\/www.webdo.tn\\\/fr\\\/actualite\\\/regions\\\/tunisie-creation-d-un-hopital-de-campagne-a-bir-ali-ben-khalifa\\\/217589\\\/#article\",\"isPartOf\":{\"@id\":\"https:\\\/\\\/www.webdo.tn\\\/fr\\\/actualite\\\/regions\\\/tunisie-creation-d-un-hopital-de-campagne-a-bir-ali-ben-khalifa\\\/217589\\\/\"},\"author\":{\"name\":\"AZ\",\"@id\":\"https:\\\/\\\/www.webdo.tn\\\/fr\\\/#\\\/schema\\\/person\\\/b8a41c04d93287d375510db360906b34\"},\"headline\":\"Tunisie : Cr\u00e9ation d&rsquo;un h\u00f4pital de campagne \u00e0 Bir Ali Ben Khalifa\",\"datePublished\":\"2024-11-13T21:14:00+00:00\",\"dateModified\":\"2025-05-21T09:07:33+00:00\",\"mainEntityOfPage\":{\"@id\":\"https:\\\/\\\/www.webdo.tn\\\/fr\\\/actualite\\\/regions\\\/tunisie-creation-d-un-hopital-de-campagne-a-bir-ali-ben-khalifa\\\/217589\\\/\"},\"wordCount\":174,\"commentCount\":0,\"publisher\":{\"@id\":\"https:\\\/\\\/www.webdo.tn\\\/fr\\\/#organization\"},\"image\":{\"@id\":\"https:\\\/\\\/www.webdo.tn\\\/fr\\\/actualite\\\/regions\\\/tunisie-creation-d-un-hopital-de-campagne-a-bir-ali-ben-khalifa\\\/217589\\\/#primaryimage\"},\"thumbnailUrl\":\"https:\\\/\\\/www.webdo.tn\\\/fr\\\/wp-content\\\/uploads\\\/2024\\\/11\\\/37e3249456c5999c93c600cf6ae55ed6.webp\",\"keywords\":[\"'Bir Ali Ben Khalifa'\",\"H\u00f4pital de campagne\",\"Tunisie\"],\"articleSection\":[\"regions\"],\"inLanguage\":\"fr-FR\"},{\"@type\":\"WebPage\",\"@id\":\"https:\\\/\\\/www.webdo.tn\\\/fr\\\/actualite\\\/regions\\\/tunisie-creation-d-un-hopital-de-campagne-a-bir-ali-ben-khalifa\\\/217589\\\/\",\"url\":\"https:\\\/\\\/www.webdo.tn\\\/fr\\\/actualite\\\/regions\\\/tunisie-creation-d-un-hopital-de-campagne-a-bir-ali-ben-khalifa\\\/217589\\\/\",\"name\":\"Tunisie : Cr\u00e9ation d'un h\u00f4pital de campagne \u00e0 Bir Ali Ben Khalifa\",\"isPartOf\":{\"@id\":\"https:\\\/\\\/www.webdo.tn\\\/fr\\\/#website\"},\"primaryImageOfPage\":{\"@id\":\"https:\\\/\\\/www.webdo.tn\\\/fr\\\/actualite\\\/regions\\\/tunisie-creation-d-un-hopital-de-campagne-a-bir-ali-ben-khalifa\\\/217589\\\/#primaryimage\"},\"image\":{\"@id\":\"https:\\\/\\\/www.webdo.tn\\\/fr\\\/actualite\\\/regions\\\/tunisie-creation-d-un-hopital-de-campagne-a-bir-ali-ben-khalifa\\\/217589\\\/#primaryimage\"},\"thumbnailUrl\":\"https:\\\/\\\/www.webdo.tn\\\/fr\\\/wp-content\\\/uploads\\\/2024\\\/11\\\/37e3249456c5999c93c600cf6ae55ed6.webp\",\"datePublished\":\"2024-11-13T21:14:00+00:00\",\"dateModified\":\"2025-05-21T09:07:33+00:00\",\"description\":\"Le pr\u00e9sident Ka\u00efs Sa\u00efed a rencontr\u00e9 le ministre de la D\u00e9fense nationale, Khaled Shili , pour discuter des efforts des forces arm\u00e9es et de projets de soutien au...\",\"breadcrumb\":{\"@id\":\"https:\\\/\\\/www.webdo.tn\\\/fr\\\/actualite\\\/regions\\\/tunisie-creation-d-un-hopital-de-campagne-a-bir-ali-ben-khalifa\\\/217589\\\/#breadcrumb\"},\"inLanguage\":\"fr-FR\",\"potentialAction\":[{\"@type\":\"ReadAction\",\"target\":[\"https:\\\/\\\/www.webdo.tn\\\/fr\\\/actualite\\\/regions\\\/tunisie-creation-d-un-hopital-de-campagne-a-bir-ali-ben-khalifa\\\/217589\\\/\"]}]},{\"@type\":\"ImageObject\",\"inLanguage\":\"fr-FR\",\"@id\":\"https:\\\/\\\/www.webdo.tn\\\/fr\\\/actualite\\\/regions\\\/tunisie-creation-d-un-hopital-de-campagne-a-bir-ali-ben-khalifa\\\/217589\\\/#primaryimage\",\"url\":\"https:\\\/\\\/www.webdo.tn\\\/fr\\\/wp-content\\\/uploads\\\/2024\\\/11\\\/37e3249456c5999c93c600cf6ae55ed6.webp\",\"contentUrl\":\"https:\\\/\\\/www.webdo.tn\\\/fr\\\/wp-content\\\/uploads\\\/2024\\\/11\\\/37e3249456c5999c93c600cf6ae55ed6.webp\",\"width\":750,\"height\":400,\"caption\":\"Tunisie : Cr\u00e9ation d'un h\u00f4pital de campagne \u00e0 Bir Ali Ben Khalifa\"},{\"@type\":\"BreadcrumbList\",\"@id\":\"https:\\\/\\\/www.webdo.tn\\\/fr\\\/actualite\\\/regions\\\/tunisie-creation-d-un-hopital-de-campagne-a-bir-ali-ben-khalifa\\\/217589\\\/#breadcrumb\",\"itemListElement\":[{\"@type\":\"ListItem\",\"position\":1,\"name\":\"Accueil\",\"item\":\"https:\\\/\\\/www.webdo.tn\\\/fr\\\/\"},{\"@type\":\"ListItem\",\"position\":2,\"name\":\"Tunisie : Cr\u00e9ation d&rsquo;un h\u00f4pital de campagne \u00e0 Bir Ali Ben Khalifa\"}]},{\"@type\":\"WebSite\",\"@id\":\"https:\\\/\\\/www.webdo.tn\\\/fr\\\/#website\",\"url\":\"https:\\\/\\\/www.webdo.tn\\\/fr\\\/\",\"name\":\"webdo\",\"description\":\"Tunisie - News en Tunisie et \u00e0 l&#039;international sur Webdo.tn\",\"publisher\":{\"@id\":\"https:\\\/\\\/www.webdo.tn\\\/fr\\\/#organization\"},\"potentialAction\":[{\"@type\":\"SearchAction\",\"target\":{\"@type\":\"EntryPoint\",\"urlTemplate\":\"https:\\\/\\\/www.webdo.tn\\\/fr\\\/?s={search_term_string}\"},\"query-input\":{\"@type\":\"PropertyValueSpecification\",\"valueRequired\":true,\"valueName\":\"search_term_string\"}}],\"inLanguage\":\"fr-FR\"},{\"@type\":\"Organization\",\"@id\":\"https:\\\/\\\/www.webdo.tn\\\/fr\\\/#organization\",\"name\":\"Webdo\",\"alternateName\":\"Webdo.tn\",\"url\":\"https:\\\/\\\/www.webdo.tn\\\/fr\\\/\",\"logo\":{\"@type\":\"ImageObject\",\"inLanguage\":\"fr-FR\",\"@id\":\"https:\\\/\\\/www.webdo.tn\\\/fr\\\/#\\\/schema\\\/logo\\\/image\\\/\",\"url\":\"https:\\\/\\\/www.webdo.tn\\\/fr\\\/wp-content\\\/uploads\\\/2025\\\/06\\\/Webdo-Tunisie_168377.jpg\",\"contentUrl\":\"https:\\\/\\\/www.webdo.tn\\\/fr\\\/wp-content\\\/uploads\\\/2025\\\/06\\\/Webdo-Tunisie_168377.jpg\",\"width\":301,\"height\":301,\"caption\":\"Webdo\"},\"image\":{\"@id\":\"https:\\\/\\\/www.webdo.tn\\\/fr\\\/#\\\/schema\\\/logo\\\/image\\\/\"},\"sameAs\":[\"https:\\\/\\\/www.facebook.com\\\/webdotn\",\"https:\\\/\\\/x.com\\\/webdo_tn\"],\"description\":\"Webdo est un m\u00e9dia num\u00e9rique tunisien fond\u00e9 en 2010, sp\u00e9cialis\u00e9 dans l\u2019actualit\u00e9 nationale et internationale, l\u2019\u00e9conomie, la soci\u00e9t\u00e9 et les analyses politiques. Le site s\u2019adresse \u00e0 un large public francophone et couvre l\u2019information tunisienne en temps r\u00e9el.\",\"email\":\"redac@webdo.tn\",\"legalName\":\"YNJ SARL\",\"foundingDate\":\"2010-09-06\",\"numberOfEmployees\":{\"@type\":\"QuantitativeValue\",\"minValue\":\"11\",\"maxValue\":\"50\"}},{\"@type\":\"Person\",\"@id\":\"https:\\\/\\\/www.webdo.tn\\\/fr\\\/#\\\/schema\\\/person\\\/b8a41c04d93287d375510db360906b34\",\"name\":\"AZ\",\"image\":{\"@type\":\"ImageObject\",\"inLanguage\":\"fr-FR\",\"@id\":\"https:\\\/\\\/secure.gravatar.com\\\/avatar\\\/492b80bada79439de4201dce15cd41eece6c277cfdf1b53382073c79105c1f89?s=96&d=mm&r=g\",\"url\":\"https:\\\/\\\/secure.gravatar.com\\\/avatar\\\/492b80bada79439de4201dce15cd41eece6c277cfdf1b53382073c79105c1f89?s=96&d=mm&r=g\",\"contentUrl\":\"https:\\\/\\\/secure.gravatar.com\\\/avatar\\\/492b80bada79439de4201dce15cd41eece6c277cfdf1b53382073c79105c1f89?s=96&d=mm&r=g\",\"caption\":\"AZ\"},\"url\":\"https:\\\/\\\/www.webdo.tn\\\/fr\\\/actualite\\\/author\\\/az\\\/\"}]}<\/script>\n<!-- \/ Yoast SEO Premium plugin. -->","yoast_head_json":{"title":"Tunisie : Cr\u00e9ation d'un h\u00f4pital de campagne \u00e0 Bir Ali Ben Khalifa","description":"Le pr\u00e9sident Ka\u00efs Sa\u00efed a rencontr\u00e9 le ministre de la D\u00e9fense nationale, Khaled Shili , pour discuter des efforts des forces arm\u00e9es et de projets de soutien au...","canonical":"https:\/\/www.webdo.tn\/fr\/actualite\/regions\/tunisie-creation-d-un-hopital-de-campagne-a-bir-ali-ben-khalifa\/217589\/","og_locale":"fr_FR","og_type":"article","og_title":"Tunisie : Cr\u00e9ation d'un h\u00f4pital de campagne \u00e0 Bir Ali Ben Khalifa","og_description":"Le pr\u00e9sident Ka\u00efs Sa\u00efed a rencontr\u00e9 le ministre de la D\u00e9fense nationale, Khaled Shili , pour discuter des efforts des forces arm\u00e9es et de projets de soutien au...","og_url":"https:\/\/www.webdo.tn\/fr\/actualite\/regions\/tunisie-creation-d-un-hopital-de-campagne-a-bir-ali-ben-khalifa\/217589\/","og_site_name":"webdo","article_publisher":"https:\/\/www.facebook.com\/webdotn","article_published_time":"2024-11-13T21:14:00+00:00","article_modified_time":"2025-05-21T09:07:33+00:00","og_image":[{"width":750,"height":400,"url":"https:\/\/www.webdo.tn\/fr\/wp-content\/uploads\/2024\/11\/37e3249456c5999c93c600cf6ae55ed6.webp","type":"image\/webp"}],"author":"AZ","twitter_card":"summary_large_image","twitter_creator":"@webdo_tn","twitter_site":"@webdo_tn","twitter_misc":{"\u00c9crit par":"AZ","Dur\u00e9e de lecture estim\u00e9e":"1 minute"},"schema":{"@context":"https:\/\/schema.org","@graph":[{"@type":"NewsArticle","@id":"https:\/\/www.webdo.tn\/fr\/actualite\/regions\/tunisie-creation-d-un-hopital-de-campagne-a-bir-ali-ben-khalifa\/217589\/#article","isPartOf":{"@id":"https:\/\/www.webdo.tn\/fr\/actualite\/regions\/tunisie-creation-d-un-hopital-de-campagne-a-bir-ali-ben-khalifa\/217589\/"},"author":{"name":"AZ","@id":"https:\/\/www.webdo.tn\/fr\/#\/schema\/person\/b8a41c04d93287d375510db360906b34"},"headline":"Tunisie : Cr\u00e9ation d&rsquo;un h\u00f4pital de campagne \u00e0 Bir Ali Ben Khalifa","datePublished":"2024-11-13T21:14:00+00:00","dateModified":"2025-05-21T09:07:33+00:00","mainEntityOfPage":{"@id":"https:\/\/www.webdo.tn\/fr\/actualite\/regions\/tunisie-creation-d-un-hopital-de-campagne-a-bir-ali-ben-khalifa\/217589\/"},"wordCount":174,"commentCount":0,"publisher":{"@id":"https:\/\/www.webdo.tn\/fr\/#organization"},"image":{"@id":"https:\/\/www.webdo.tn\/fr\/actualite\/regions\/tunisie-creation-d-un-hopital-de-campagne-a-bir-ali-ben-khalifa\/217589\/#primaryimage"},"thumbnailUrl":"https:\/\/www.webdo.tn\/fr\/wp-content\/uploads\/2024\/11\/37e3249456c5999c93c600cf6ae55ed6.webp","keywords":["'Bir Ali Ben Khalifa'","H\u00f4pital de campagne","Tunisie"],"articleSection":["regions"],"inLanguage":"fr-FR"},{"@type":"WebPage","@id":"https:\/\/www.webdo.tn\/fr\/actualite\/regions\/tunisie-creation-d-un-hopital-de-campagne-a-bir-ali-ben-khalifa\/217589\/","url":"https:\/\/www.webdo.tn\/fr\/actualite\/regions\/tunisie-creation-d-un-hopital-de-campagne-a-bir-ali-ben-khalifa\/217589\/","name":"Tunisie : Cr\u00e9ation d'un h\u00f4pital de campagne \u00e0 Bir Ali Ben Khalifa","isPartOf":{"@id":"https:\/\/www.webdo.tn\/fr\/#website"},"primaryImageOfPage":{"@id":"https:\/\/www.webdo.tn\/fr\/actualite\/regions\/tunisie-creation-d-un-hopital-de-campagne-a-bir-ali-ben-khalifa\/217589\/#primaryimage"},"image":{"@id":"https:\/\/www.webdo.tn\/fr\/actualite\/regions\/tunisie-creation-d-un-hopital-de-campagne-a-bir-ali-ben-khalifa\/217589\/#primaryimage"},"thumbnailUrl":"https:\/\/www.webdo.tn\/fr\/wp-content\/uploads\/2024\/11\/37e3249456c5999c93c600cf6ae55ed6.webp","datePublished":"2024-11-13T21:14:00+00:00","dateModified":"2025-05-21T09:07:33+00:00","description":"Le pr\u00e9sident Ka\u00efs Sa\u00efed a rencontr\u00e9 le ministre de la D\u00e9fense nationale, Khaled Shili , pour discuter des efforts des forces arm\u00e9es et de projets de soutien au...","breadcrumb":{"@id":"https:\/\/www.webdo.tn\/fr\/actualite\/regions\/tunisie-creation-d-un-hopital-de-campagne-a-bir-ali-ben-khalifa\/217589\/#breadcrumb"},"inLanguage":"fr-FR","potentialAction":[{"@type":"ReadAction","target":["https:\/\/www.webdo.tn\/fr\/actualite\/regions\/tunisie-creation-d-un-hopital-de-campagne-a-bir-ali-ben-khalifa\/217589\/"]}]},{"@type":"ImageObject","inLanguage":"fr-FR","@id":"https:\/\/www.webdo.tn\/fr\/actualite\/regions\/tunisie-creation-d-un-hopital-de-campagne-a-bir-ali-ben-khalifa\/217589\/#primaryimage","url":"https:\/\/www.webdo.tn\/fr\/wp-content\/uploads\/2024\/11\/37e3249456c5999c93c600cf6ae55ed6.webp","contentUrl":"https:\/\/www.webdo.tn\/fr\/wp-content\/uploads\/2024\/11\/37e3249456c5999c93c600cf6ae55ed6.webp","width":750,"height":400,"caption":"Tunisie : Cr\u00e9ation d'un h\u00f4pital de campagne \u00e0 Bir Ali Ben Khalifa"},{"@type":"BreadcrumbList","@id":"https:\/\/www.webdo.tn\/fr\/actualite\/regions\/tunisie-creation-d-un-hopital-de-campagne-a-bir-ali-ben-khalifa\/217589\/#breadcrumb","itemListElement":[{"@type":"ListItem","position":1,"name":"Accueil","item":"https:\/\/www.webdo.tn\/fr\/"},{"@type":"ListItem","position":2,"name":"Tunisie : Cr\u00e9ation d&rsquo;un h\u00f4pital de campagne \u00e0 Bir Ali Ben Khalifa"}]},{"@type":"WebSite","@id":"https:\/\/www.webdo.tn\/fr\/#website","url":"https:\/\/www.webdo.tn\/fr\/","name":"webdo","description":"Tunisie - News en Tunisie et \u00e0 l&#039;international sur Webdo.tn","publisher":{"@id":"https:\/\/www.webdo.tn\/fr\/#organization"},"potentialAction":[{"@type":"SearchAction","target":{"@type":"EntryPoint","urlTemplate":"https:\/\/www.webdo.tn\/fr\/?s={search_term_string}"},"query-input":{"@type":"PropertyValueSpecification","valueRequired":true,"valueName":"search_term_string"}}],"inLanguage":"fr-FR"},{"@type":"Organization","@id":"https:\/\/www.webdo.tn\/fr\/#organization","name":"Webdo","alternateName":"Webdo.tn","url":"https:\/\/www.webdo.tn\/fr\/","logo":{"@type":"ImageObject","inLanguage":"fr-FR","@id":"https:\/\/www.webdo.tn\/fr\/#\/schema\/logo\/image\/","url":"https:\/\/www.webdo.tn\/fr\/wp-content\/uploads\/2025\/06\/Webdo-Tunisie_168377.jpg","contentUrl":"https:\/\/www.webdo.tn\/fr\/wp-content\/uploads\/2025\/06\/Webdo-Tunisie_168377.jpg","width":301,"height":301,"caption":"Webdo"},"image":{"@id":"https:\/\/www.webdo.tn\/fr\/#\/schema\/logo\/image\/"},"sameAs":["https:\/\/www.facebook.com\/webdotn","https:\/\/x.com\/webdo_tn"],"description":"Webdo est un m\u00e9dia num\u00e9rique tunisien fond\u00e9 en 2010, sp\u00e9cialis\u00e9 dans l\u2019actualit\u00e9 nationale et internationale, l\u2019\u00e9conomie, la soci\u00e9t\u00e9 et les analyses politiques. Le site s\u2019adresse \u00e0 un large public francophone et couvre l\u2019information tunisienne en temps r\u00e9el.","email":"redac@webdo.tn","legalName":"YNJ SARL","foundingDate":"2010-09-06","numberOfEmployees":{"@type":"QuantitativeValue","minValue":"11","maxValue":"50"}},{"@type":"Person","@id":"https:\/\/www.webdo.tn\/fr\/#\/schema\/person\/b8a41c04d93287d375510db360906b34","name":"AZ","image":{"@type":"ImageObject","inLanguage":"fr-FR","@id":"https:\/\/secure.gravatar.com\/avatar\/492b80bada79439de4201dce15cd41eece6c277cfdf1b53382073c79105c1f89?s=96&d=mm&r=g","url":"https:\/\/secure.gravatar.com\/avatar\/492b80bada79439de4201dce15cd41eece6c277cfdf1b53382073c79105c1f89?s=96&d=mm&r=g","contentUrl":"https:\/\/secure.gravatar.com\/avatar\/492b80bada79439de4201dce15cd41eece6c277cfdf1b53382073c79105c1f89?s=96&d=mm&r=g","caption":"AZ"},"url":"https:\/\/www.webdo.tn\/fr\/actualite\/author\/az\/"}]}},"_links":{"self":[{"href":"https:\/\/www.webdo.tn\/fr\/wp-json\/wp\/v2\/posts\/217589","targetHints":{"allow":["GET"]}}],"collection":[{"href":"https:\/\/www.webdo.tn\/fr\/wp-json\/wp\/v2\/posts"}],"about":[{"href":"https:\/\/www.webdo.tn\/fr\/wp-json\/wp\/v2\/types\/post"}],"author":[{"embeddable":true,"href":"https:\/\/www.webdo.tn\/fr\/wp-json\/wp\/v2\/users\/3166"}],"replies":[{"embeddable":true,"href":"https:\/\/www.webdo.tn\/fr\/wp-json\/wp\/v2\/comments?post=217589"}],"version-history":[{"count":0,"href":"https:\/\/www.webdo.tn\/fr\/wp-json\/wp\/v2\/posts\/217589\/revisions"}],"wp:featuredmedia":[{"embeddable":true,"href":"https:\/\/www.webdo.tn\/fr\/wp-json\/wp\/v2\/media\/291326"}],"wp:attachment":[{"href":"https:\/\/www.webdo.tn\/fr\/wp-json\/wp\/v2\/media?parent=217589"}],"wp:term":[{"taxonomy":"category","embeddable":true,"href":"https:\/\/www.webdo.tn\/fr\/wp-json\/wp\/v2\/categories?post=217589"},{"taxonomy":"post_tag","embeddable":true,"href":"https:\/\/www.webdo.tn\/fr\/wp-json\/wp\/v2\/tags?post=217589"}],"curies":[{"name":"wp","href":"https:\/\/api.w.org\/{rel}","templated":true}]}}