{"id":217569,"date":"2024-11-13T10:16:00","date_gmt":"2024-11-13T10:16:00","guid":{"rendered":"https:\/\/www.webdo.tn\/fr\/blog\/2024\/11\/13\/tunisie-cours-particuliers-les-enseignants-sont-avertis\/"},"modified":"2025-05-20T21:46:54","modified_gmt":"2025-05-20T21:46:54","slug":"tunisie-cours-particuliers-les-enseignants-sont-avertis","status":"publish","type":"post","link":"https:\/\/www.webdo.tn\/fr\/actualite\/national\/tunisie-cours-particuliers-les-enseignants-sont-avertis\/217569\/","title":{"rendered":"Tunisie &#8211; Cours particuliers : Dernier avertissement aux enseignants ?"},"content":{"rendered":"<p>Depuis des ann\u00e9es, le minist\u00e8re de l\u2019Education doit faire face au ph\u00e9nom\u00e8ne des cours particuliers en dehors des \u00e9tablissements \u00e9ducatifs et rappelle, chaque ann\u00e9e, sa d\u00e9termination \u00e0 faire respecter la circulaire relative au cours particuliers.<\/p>\n<p>\t\t\t\t\t\t\t\t\tSelon l&rsquo;article 7 du d\u00e9cret 2015-1619 les cours particuliers sont interdits en dehors des \u00e9tablissements \u00e9ducatifs publics alors que des \u00e9tudes confirment la propagation de ce ph\u00e9nom\u00e8ne. C\u2019est dans ce sens que le d\u00e9partement de l\u2019Education tente d\u2019agir afin de favoriser les cours particuliers au sein des \u00e9tablissements \u00e9ducatifs et afin de garantir le principe d&rsquo;\u00e9galit\u00e9.<\/p>\n<p>Le minist\u00e8re de l\u2019\u00c9ducation a remis, hier le d\u00e9cret 2015-1619 \u00e0 l\u2019ordre du jour rappelant \u00e0 tous les membres de la communaut\u00e9 \u00e9ducative la n\u00e9cessit\u00e9 de se conformer \u00e0 ces dispositions sachant que le d\u00e9cret en question, fixe les conditions d\u2019organisation des cours de soutien et des cours particuliers au sein des \u00e9tablissements scolaires publics.<\/p>\n<p>Cette mesure vise \u00e0 promouvoir la bonne gouvernance du syst\u00e8me \u00e9ducatif et \u00e0 le prot\u00e9ger, \u00e0 pr\u00e9server le statut des enseignants, et \u00e0 garantir l\u2019\u00e9quit\u00e9 et la justice pour tous les \u00e9l\u00e8ves d\u2019une part, ainsi qu\u2019\u00e0 limiter le ph\u00e9nom\u00e8ne de la prolif\u00e9ration des cours particuliers en dehors des \u00e9tablissements publics.<\/p>\n<p>Poursuites judiciaires<\/p>\n<p>Le minist\u00e8re a soulign\u00e9 qu\u2019il est strictement interdit aux enseignants des \u00e9coles primaires, des coll\u00e8ges et des lyc\u00e9es publics relevant du minist\u00e8re de l\u2019\u00c9ducation de donner des cours particuliers en dehors des \u00e9tablissements scolaires publics.<\/p>\n<p>Tout contrevenant s\u2019expose \u00e0 une suspension conservatoire, \u00e0 un passage devant le conseil de discipline, et aux sanctions requises, y compris la r\u00e9vocation, en plus des poursuites judiciaires.<\/p>\n<p>Le minist\u00e8re a \u00e9galement mis en garde les parents contre les risques d\u2019encourager leurs enfants \u00e0 suivre des cours particuliers en dehors du cadre l\u00e9gal des \u00e9tablissements publics.<\/p>\n<p>Trois\u00a0milliards de dinars par an<\/p>\n<p>Une r\u00e9cente \u00e9tude du Forum des droits \u00e9conomiques et sociaux (FTDES), \u00e9tablit que les cours particuliers co\u00fbtent 3 milliards de dinars par an et que 67% des 2,3 millions de lyc\u00e9ens re\u00e7oivent des cours particuliers<\/p>\n<p>Selon cette \u00e9tude, un candidat au bac suit, en moyenne, des cours particuliers dans trois mati\u00e8res \u00e0 raison de 80 dinars par mois pour chaque mati\u00e8re sur une p\u00e9riode de 8 mois. A cela il faut ajouter les cours de r\u00e9vision du baccalaur\u00e9at, dont les prix varient entre 270 et 300 dinars par mati\u00e8re.<\/p>\n<p>Selon un rapport du FTDES, publi\u00e9 la vieille de la rentr\u00e9e scolaire 2023, le taux d\u2019\u00e9l\u00e8ves qui ont recours aux cours particuliers est de l\u2019ordre de 67% dans les \u00e9coles, 61% dans les coll\u00e8ges, et 80% dans les lyc\u00e9es. Quant au co\u00fbt mensuel moyen de ces cours, il s\u2019\u00e9l\u00e8ve \u00e0 94 dinars\/ \u00e9l\u00e8ve de primaire, 74 D\/ coll\u00e9gien et 120 D\/ lyc\u00e9en.<\/p>\n<p>Tarification officielle<\/p>\n<p>Il faut aussi savoir qu\u2019une tarification officielle des cours particuliers existe. Les minist\u00e8res de l\u2019\u00c9ducation et des Finances ont fix\u00e9 les tarifs des cours particuliers tenus au sein des \u00e9tablissements scolaires publics et ce, dans un d\u00e9cret publi\u00e9 le 17 novembre 2023.<\/p>\n<p>D&rsquo;apr\u00e8s ledit d\u00e9cret, les frais mensuels fix\u00e9s sont donc :<\/p>\n<p>\t30 dinars pour les \u00e9coles primaires<br \/>\n\t35 dinars pour les coll\u00e8ges<br \/>\n\t40 dinars pour la premi\u00e8re, la deuxi\u00e8me et la troisi\u00e8me ann\u00e9e du lyc\u00e9e<br \/>\n\t45 dinars pour la quatri\u00e8me ann\u00e9e du lyc\u00e9e<\/p>\n<p>80% des revenus seront vers\u00e9s au professeur assurant les cours particuliers, 5% aux organisateurs, notamment les directeurs, les surveillants et le comptable de l&rsquo;\u00e9tablissement, 5% aux ouvriers en \u00e9changes des services qu&rsquo;ils fournissent et les 10% restants seront inject\u00e9 dans le budget de l&rsquo;\u00e9tablissement scolaire.<\/p>\n","protected":false},"excerpt":{"rendered":"<p>Depuis des ann\u00e9es, le minist\u00e8re de l\u2019Education doit faire face au ph\u00e9nom\u00e8ne des cours particuliers en dehors des \u00e9tablissements \u00e9ducatifs et rappelle, chaque an&#8230;<\/p>\n","protected":false},"author":3162,"featured_media":244086,"comment_status":"open","ping_status":"open","sticky":false,"template":"","format":"standard","meta":{"footnotes":""},"categories":[44],"tags":[5110,3766,2634,3911,2828,4338,2608],"class_list":["post-217569","post","type-post","status-publish","format-standard","has-post-thumbnail","hentry","category-national","tag-cours-particuliers","tag-decret","tag-education","tag-enseignants","tag-enseignement","tag-interdiction","tag-tunisie"],"yoast_head":"<!-- This site is optimized with the Yoast SEO Premium plugin v27.4 (Yoast SEO v27.5) - https:\/\/yoast.com\/product\/yoast-seo-premium-wordpress\/ -->\n<title>Tunisie - Cours particuliers : Dernier avertissement aux enseignants ?<\/title>\n<meta name=\"description\" content=\"Depuis des ann\u00e9es, le minist\u00e8re de l\u2019Education doit faire face au ph\u00e9nom\u00e8ne des cours particuliers en dehors des \u00e9tablissements \u00e9ducatifs et rappelle, chaque an...\" \/>\n<link rel=\"canonical\" href=\"https:\/\/www.webdo.tn\/fr\/actualite\/national\/tunisie-cours-particuliers-les-enseignants-sont-avertis\/217569\/\" \/>\n<meta property=\"og:locale\" content=\"fr_FR\" \/>\n<meta property=\"og:type\" content=\"article\" \/>\n<meta property=\"og:title\" content=\"Tunisie - Cours particuliers : Dernier avertissement aux enseignants ?\" \/>\n<meta property=\"og:description\" content=\"Depuis des ann\u00e9es, le minist\u00e8re de l\u2019Education doit faire face au ph\u00e9nom\u00e8ne des cours particuliers en dehors des \u00e9tablissements \u00e9ducatifs et rappelle, chaque an...\" \/>\n<meta property=\"og:url\" content=\"https:\/\/www.webdo.tn\/fr\/actualite\/national\/tunisie-cours-particuliers-les-enseignants-sont-avertis\/217569\/\" \/>\n<meta property=\"og:site_name\" content=\"webdo\" \/>\n<meta property=\"article:publisher\" content=\"https:\/\/www.facebook.com\/webdotn\" \/>\n<meta property=\"article:published_time\" content=\"2024-11-13T10:16:00+00:00\" \/>\n<meta property=\"article:modified_time\" content=\"2025-05-20T21:46:54+00:00\" \/>\n<meta property=\"og:image\" content=\"https:\/\/www.webdo.tn\/fr\/wp-content\/uploads\/2025\/05\/d503e4fac2ff1b86966089e84e90663d.webp\" \/>\n\t<meta property=\"og:image:width\" content=\"750\" \/>\n\t<meta property=\"og:image:height\" content=\"400\" \/>\n\t<meta property=\"og:image:type\" content=\"image\/webp\" \/>\n<meta name=\"author\" content=\"MC\" \/>\n<meta name=\"twitter:card\" content=\"summary_large_image\" \/>\n<meta name=\"twitter:creator\" content=\"@webdo_tn\" \/>\n<meta name=\"twitter:site\" content=\"@webdo_tn\" \/>\n<meta name=\"twitter:label1\" content=\"\u00c9crit par\" \/>\n\t<meta name=\"twitter:data1\" content=\"MC\" \/>\n\t<meta name=\"twitter:label2\" content=\"Dur\u00e9e de lecture estim\u00e9e\" \/>\n\t<meta name=\"twitter:data2\" content=\"3 minutes\" \/>\n<script type=\"application\/ld+json\" class=\"yoast-schema-graph\">{\"@context\":\"https:\\\/\\\/schema.org\",\"@graph\":[{\"@type\":\"NewsArticle\",\"@id\":\"https:\\\/\\\/www.webdo.tn\\\/fr\\\/actualite\\\/national\\\/tunisie-cours-particuliers-les-enseignants-sont-avertis\\\/217569\\\/#article\",\"isPartOf\":{\"@id\":\"https:\\\/\\\/www.webdo.tn\\\/fr\\\/actualite\\\/national\\\/tunisie-cours-particuliers-les-enseignants-sont-avertis\\\/217569\\\/\"},\"author\":{\"name\":\"MC\",\"@id\":\"https:\\\/\\\/www.webdo.tn\\\/fr\\\/#\\\/schema\\\/person\\\/2c4929cbf5a809e3bd38617c6ce150f6\"},\"headline\":\"Tunisie &#8211; Cours particuliers : Dernier avertissement aux enseignants ?\",\"datePublished\":\"2024-11-13T10:16:00+00:00\",\"dateModified\":\"2025-05-20T21:46:54+00:00\",\"mainEntityOfPage\":{\"@id\":\"https:\\\/\\\/www.webdo.tn\\\/fr\\\/actualite\\\/national\\\/tunisie-cours-particuliers-les-enseignants-sont-avertis\\\/217569\\\/\"},\"wordCount\":632,\"commentCount\":0,\"publisher\":{\"@id\":\"https:\\\/\\\/www.webdo.tn\\\/fr\\\/#organization\"},\"image\":{\"@id\":\"https:\\\/\\\/www.webdo.tn\\\/fr\\\/actualite\\\/national\\\/tunisie-cours-particuliers-les-enseignants-sont-avertis\\\/217569\\\/#primaryimage\"},\"thumbnailUrl\":\"https:\\\/\\\/www.webdo.tn\\\/fr\\\/wp-content\\\/uploads\\\/2025\\\/05\\\/d503e4fac2ff1b86966089e84e90663d.webp\",\"keywords\":[\"cours particuliers\",\"D\u00e9cret\",\"\u00e9ducation\",\"enseignants\",\"enseignement\",\"interdiction\",\"Tunisie\"],\"articleSection\":[\"National\"],\"inLanguage\":\"fr-FR\"},{\"@type\":\"WebPage\",\"@id\":\"https:\\\/\\\/www.webdo.tn\\\/fr\\\/actualite\\\/national\\\/tunisie-cours-particuliers-les-enseignants-sont-avertis\\\/217569\\\/\",\"url\":\"https:\\\/\\\/www.webdo.tn\\\/fr\\\/actualite\\\/national\\\/tunisie-cours-particuliers-les-enseignants-sont-avertis\\\/217569\\\/\",\"name\":\"Tunisie - Cours particuliers : Dernier avertissement aux enseignants ?\",\"isPartOf\":{\"@id\":\"https:\\\/\\\/www.webdo.tn\\\/fr\\\/#website\"},\"primaryImageOfPage\":{\"@id\":\"https:\\\/\\\/www.webdo.tn\\\/fr\\\/actualite\\\/national\\\/tunisie-cours-particuliers-les-enseignants-sont-avertis\\\/217569\\\/#primaryimage\"},\"image\":{\"@id\":\"https:\\\/\\\/www.webdo.tn\\\/fr\\\/actualite\\\/national\\\/tunisie-cours-particuliers-les-enseignants-sont-avertis\\\/217569\\\/#primaryimage\"},\"thumbnailUrl\":\"https:\\\/\\\/www.webdo.tn\\\/fr\\\/wp-content\\\/uploads\\\/2025\\\/05\\\/d503e4fac2ff1b86966089e84e90663d.webp\",\"datePublished\":\"2024-11-13T10:16:00+00:00\",\"dateModified\":\"2025-05-20T21:46:54+00:00\",\"description\":\"Depuis des ann\u00e9es, le minist\u00e8re de l\u2019Education doit faire face au ph\u00e9nom\u00e8ne des cours particuliers en dehors des \u00e9tablissements \u00e9ducatifs et rappelle, chaque an...\",\"breadcrumb\":{\"@id\":\"https:\\\/\\\/www.webdo.tn\\\/fr\\\/actualite\\\/national\\\/tunisie-cours-particuliers-les-enseignants-sont-avertis\\\/217569\\\/#breadcrumb\"},\"inLanguage\":\"fr-FR\",\"potentialAction\":[{\"@type\":\"ReadAction\",\"target\":[\"https:\\\/\\\/www.webdo.tn\\\/fr\\\/actualite\\\/national\\\/tunisie-cours-particuliers-les-enseignants-sont-avertis\\\/217569\\\/\"]}]},{\"@type\":\"ImageObject\",\"inLanguage\":\"fr-FR\",\"@id\":\"https:\\\/\\\/www.webdo.tn\\\/fr\\\/actualite\\\/national\\\/tunisie-cours-particuliers-les-enseignants-sont-avertis\\\/217569\\\/#primaryimage\",\"url\":\"https:\\\/\\\/www.webdo.tn\\\/fr\\\/wp-content\\\/uploads\\\/2025\\\/05\\\/d503e4fac2ff1b86966089e84e90663d.webp\",\"contentUrl\":\"https:\\\/\\\/www.webdo.tn\\\/fr\\\/wp-content\\\/uploads\\\/2025\\\/05\\\/d503e4fac2ff1b86966089e84e90663d.webp\",\"width\":750,\"height\":400},{\"@type\":\"BreadcrumbList\",\"@id\":\"https:\\\/\\\/www.webdo.tn\\\/fr\\\/actualite\\\/national\\\/tunisie-cours-particuliers-les-enseignants-sont-avertis\\\/217569\\\/#breadcrumb\",\"itemListElement\":[{\"@type\":\"ListItem\",\"position\":1,\"name\":\"Accueil\",\"item\":\"https:\\\/\\\/www.webdo.tn\\\/fr\\\/\"},{\"@type\":\"ListItem\",\"position\":2,\"name\":\"Tunisie &#8211; Cours particuliers : Dernier avertissement aux enseignants ?\"}]},{\"@type\":\"WebSite\",\"@id\":\"https:\\\/\\\/www.webdo.tn\\\/fr\\\/#website\",\"url\":\"https:\\\/\\\/www.webdo.tn\\\/fr\\\/\",\"name\":\"webdo\",\"description\":\"Tunisie - News en Tunisie et \u00e0 l&#039;international sur Webdo.tn\",\"publisher\":{\"@id\":\"https:\\\/\\\/www.webdo.tn\\\/fr\\\/#organization\"},\"potentialAction\":[{\"@type\":\"SearchAction\",\"target\":{\"@type\":\"EntryPoint\",\"urlTemplate\":\"https:\\\/\\\/www.webdo.tn\\\/fr\\\/?s={search_term_string}\"},\"query-input\":{\"@type\":\"PropertyValueSpecification\",\"valueRequired\":true,\"valueName\":\"search_term_string\"}}],\"inLanguage\":\"fr-FR\"},{\"@type\":\"Organization\",\"@id\":\"https:\\\/\\\/www.webdo.tn\\\/fr\\\/#organization\",\"name\":\"Webdo\",\"alternateName\":\"Webdo.tn\",\"url\":\"https:\\\/\\\/www.webdo.tn\\\/fr\\\/\",\"logo\":{\"@type\":\"ImageObject\",\"inLanguage\":\"fr-FR\",\"@id\":\"https:\\\/\\\/www.webdo.tn\\\/fr\\\/#\\\/schema\\\/logo\\\/image\\\/\",\"url\":\"https:\\\/\\\/www.webdo.tn\\\/fr\\\/wp-content\\\/uploads\\\/2025\\\/06\\\/Webdo-Tunisie_168377.jpg\",\"contentUrl\":\"https:\\\/\\\/www.webdo.tn\\\/fr\\\/wp-content\\\/uploads\\\/2025\\\/06\\\/Webdo-Tunisie_168377.jpg\",\"width\":301,\"height\":301,\"caption\":\"Webdo\"},\"image\":{\"@id\":\"https:\\\/\\\/www.webdo.tn\\\/fr\\\/#\\\/schema\\\/logo\\\/image\\\/\"},\"sameAs\":[\"https:\\\/\\\/www.facebook.com\\\/webdotn\",\"https:\\\/\\\/x.com\\\/webdo_tn\"],\"description\":\"Webdo est un m\u00e9dia num\u00e9rique tunisien fond\u00e9 en 2010, sp\u00e9cialis\u00e9 dans l\u2019actualit\u00e9 nationale et internationale, l\u2019\u00e9conomie, la soci\u00e9t\u00e9 et les analyses politiques. Le site s\u2019adresse \u00e0 un large public francophone et couvre l\u2019information tunisienne en temps r\u00e9el.\",\"email\":\"redac@webdo.tn\",\"legalName\":\"YNJ SARL\",\"foundingDate\":\"2010-09-06\",\"numberOfEmployees\":{\"@type\":\"QuantitativeValue\",\"minValue\":\"11\",\"maxValue\":\"50\"}},{\"@type\":\"Person\",\"@id\":\"https:\\\/\\\/www.webdo.tn\\\/fr\\\/#\\\/schema\\\/person\\\/2c4929cbf5a809e3bd38617c6ce150f6\",\"name\":\"MC\",\"image\":{\"@type\":\"ImageObject\",\"inLanguage\":\"fr-FR\",\"@id\":\"https:\\\/\\\/secure.gravatar.com\\\/avatar\\\/a545bbb6f84efdd5553dbbc2895e3ca8f1d12c5215e00a041c9670b54aa9b18a?s=96&d=mm&r=g\",\"url\":\"https:\\\/\\\/secure.gravatar.com\\\/avatar\\\/a545bbb6f84efdd5553dbbc2895e3ca8f1d12c5215e00a041c9670b54aa9b18a?s=96&d=mm&r=g\",\"contentUrl\":\"https:\\\/\\\/secure.gravatar.com\\\/avatar\\\/a545bbb6f84efdd5553dbbc2895e3ca8f1d12c5215e00a041c9670b54aa9b18a?s=96&d=mm&r=g\",\"caption\":\"MC\"},\"url\":\"https:\\\/\\\/www.webdo.tn\\\/fr\\\/actualite\\\/author\\\/mc\\\/\"}]}<\/script>\n<!-- \/ Yoast SEO Premium plugin. -->","yoast_head_json":{"title":"Tunisie - Cours particuliers : Dernier avertissement aux enseignants ?","description":"Depuis des ann\u00e9es, le minist\u00e8re de l\u2019Education doit faire face au ph\u00e9nom\u00e8ne des cours particuliers en dehors des \u00e9tablissements \u00e9ducatifs et rappelle, chaque an...","canonical":"https:\/\/www.webdo.tn\/fr\/actualite\/national\/tunisie-cours-particuliers-les-enseignants-sont-avertis\/217569\/","og_locale":"fr_FR","og_type":"article","og_title":"Tunisie - Cours particuliers : Dernier avertissement aux enseignants ?","og_description":"Depuis des ann\u00e9es, le minist\u00e8re de l\u2019Education doit faire face au ph\u00e9nom\u00e8ne des cours particuliers en dehors des \u00e9tablissements \u00e9ducatifs et rappelle, chaque an...","og_url":"https:\/\/www.webdo.tn\/fr\/actualite\/national\/tunisie-cours-particuliers-les-enseignants-sont-avertis\/217569\/","og_site_name":"webdo","article_publisher":"https:\/\/www.facebook.com\/webdotn","article_published_time":"2024-11-13T10:16:00+00:00","article_modified_time":"2025-05-20T21:46:54+00:00","og_image":[{"width":750,"height":400,"url":"https:\/\/www.webdo.tn\/fr\/wp-content\/uploads\/2025\/05\/d503e4fac2ff1b86966089e84e90663d.webp","type":"image\/webp"}],"author":"MC","twitter_card":"summary_large_image","twitter_creator":"@webdo_tn","twitter_site":"@webdo_tn","twitter_misc":{"\u00c9crit par":"MC","Dur\u00e9e de lecture estim\u00e9e":"3 minutes"},"schema":{"@context":"https:\/\/schema.org","@graph":[{"@type":"NewsArticle","@id":"https:\/\/www.webdo.tn\/fr\/actualite\/national\/tunisie-cours-particuliers-les-enseignants-sont-avertis\/217569\/#article","isPartOf":{"@id":"https:\/\/www.webdo.tn\/fr\/actualite\/national\/tunisie-cours-particuliers-les-enseignants-sont-avertis\/217569\/"},"author":{"name":"MC","@id":"https:\/\/www.webdo.tn\/fr\/#\/schema\/person\/2c4929cbf5a809e3bd38617c6ce150f6"},"headline":"Tunisie &#8211; Cours particuliers : Dernier avertissement aux enseignants ?","datePublished":"2024-11-13T10:16:00+00:00","dateModified":"2025-05-20T21:46:54+00:00","mainEntityOfPage":{"@id":"https:\/\/www.webdo.tn\/fr\/actualite\/national\/tunisie-cours-particuliers-les-enseignants-sont-avertis\/217569\/"},"wordCount":632,"commentCount":0,"publisher":{"@id":"https:\/\/www.webdo.tn\/fr\/#organization"},"image":{"@id":"https:\/\/www.webdo.tn\/fr\/actualite\/national\/tunisie-cours-particuliers-les-enseignants-sont-avertis\/217569\/#primaryimage"},"thumbnailUrl":"https:\/\/www.webdo.tn\/fr\/wp-content\/uploads\/2025\/05\/d503e4fac2ff1b86966089e84e90663d.webp","keywords":["cours particuliers","D\u00e9cret","\u00e9ducation","enseignants","enseignement","interdiction","Tunisie"],"articleSection":["National"],"inLanguage":"fr-FR"},{"@type":"WebPage","@id":"https:\/\/www.webdo.tn\/fr\/actualite\/national\/tunisie-cours-particuliers-les-enseignants-sont-avertis\/217569\/","url":"https:\/\/www.webdo.tn\/fr\/actualite\/national\/tunisie-cours-particuliers-les-enseignants-sont-avertis\/217569\/","name":"Tunisie - Cours particuliers : Dernier avertissement aux enseignants ?","isPartOf":{"@id":"https:\/\/www.webdo.tn\/fr\/#website"},"primaryImageOfPage":{"@id":"https:\/\/www.webdo.tn\/fr\/actualite\/national\/tunisie-cours-particuliers-les-enseignants-sont-avertis\/217569\/#primaryimage"},"image":{"@id":"https:\/\/www.webdo.tn\/fr\/actualite\/national\/tunisie-cours-particuliers-les-enseignants-sont-avertis\/217569\/#primaryimage"},"thumbnailUrl":"https:\/\/www.webdo.tn\/fr\/wp-content\/uploads\/2025\/05\/d503e4fac2ff1b86966089e84e90663d.webp","datePublished":"2024-11-13T10:16:00+00:00","dateModified":"2025-05-20T21:46:54+00:00","description":"Depuis des ann\u00e9es, le minist\u00e8re de l\u2019Education doit faire face au ph\u00e9nom\u00e8ne des cours particuliers en dehors des \u00e9tablissements \u00e9ducatifs et rappelle, chaque an...","breadcrumb":{"@id":"https:\/\/www.webdo.tn\/fr\/actualite\/national\/tunisie-cours-particuliers-les-enseignants-sont-avertis\/217569\/#breadcrumb"},"inLanguage":"fr-FR","potentialAction":[{"@type":"ReadAction","target":["https:\/\/www.webdo.tn\/fr\/actualite\/national\/tunisie-cours-particuliers-les-enseignants-sont-avertis\/217569\/"]}]},{"@type":"ImageObject","inLanguage":"fr-FR","@id":"https:\/\/www.webdo.tn\/fr\/actualite\/national\/tunisie-cours-particuliers-les-enseignants-sont-avertis\/217569\/#primaryimage","url":"https:\/\/www.webdo.tn\/fr\/wp-content\/uploads\/2025\/05\/d503e4fac2ff1b86966089e84e90663d.webp","contentUrl":"https:\/\/www.webdo.tn\/fr\/wp-content\/uploads\/2025\/05\/d503e4fac2ff1b86966089e84e90663d.webp","width":750,"height":400},{"@type":"BreadcrumbList","@id":"https:\/\/www.webdo.tn\/fr\/actualite\/national\/tunisie-cours-particuliers-les-enseignants-sont-avertis\/217569\/#breadcrumb","itemListElement":[{"@type":"ListItem","position":1,"name":"Accueil","item":"https:\/\/www.webdo.tn\/fr\/"},{"@type":"ListItem","position":2,"name":"Tunisie &#8211; Cours particuliers : Dernier avertissement aux enseignants ?"}]},{"@type":"WebSite","@id":"https:\/\/www.webdo.tn\/fr\/#website","url":"https:\/\/www.webdo.tn\/fr\/","name":"webdo","description":"Tunisie - News en Tunisie et \u00e0 l&#039;international sur Webdo.tn","publisher":{"@id":"https:\/\/www.webdo.tn\/fr\/#organization"},"potentialAction":[{"@type":"SearchAction","target":{"@type":"EntryPoint","urlTemplate":"https:\/\/www.webdo.tn\/fr\/?s={search_term_string}"},"query-input":{"@type":"PropertyValueSpecification","valueRequired":true,"valueName":"search_term_string"}}],"inLanguage":"fr-FR"},{"@type":"Organization","@id":"https:\/\/www.webdo.tn\/fr\/#organization","name":"Webdo","alternateName":"Webdo.tn","url":"https:\/\/www.webdo.tn\/fr\/","logo":{"@type":"ImageObject","inLanguage":"fr-FR","@id":"https:\/\/www.webdo.tn\/fr\/#\/schema\/logo\/image\/","url":"https:\/\/www.webdo.tn\/fr\/wp-content\/uploads\/2025\/06\/Webdo-Tunisie_168377.jpg","contentUrl":"https:\/\/www.webdo.tn\/fr\/wp-content\/uploads\/2025\/06\/Webdo-Tunisie_168377.jpg","width":301,"height":301,"caption":"Webdo"},"image":{"@id":"https:\/\/www.webdo.tn\/fr\/#\/schema\/logo\/image\/"},"sameAs":["https:\/\/www.facebook.com\/webdotn","https:\/\/x.com\/webdo_tn"],"description":"Webdo est un m\u00e9dia num\u00e9rique tunisien fond\u00e9 en 2010, sp\u00e9cialis\u00e9 dans l\u2019actualit\u00e9 nationale et internationale, l\u2019\u00e9conomie, la soci\u00e9t\u00e9 et les analyses politiques. Le site s\u2019adresse \u00e0 un large public francophone et couvre l\u2019information tunisienne en temps r\u00e9el.","email":"redac@webdo.tn","legalName":"YNJ SARL","foundingDate":"2010-09-06","numberOfEmployees":{"@type":"QuantitativeValue","minValue":"11","maxValue":"50"}},{"@type":"Person","@id":"https:\/\/www.webdo.tn\/fr\/#\/schema\/person\/2c4929cbf5a809e3bd38617c6ce150f6","name":"MC","image":{"@type":"ImageObject","inLanguage":"fr-FR","@id":"https:\/\/secure.gravatar.com\/avatar\/a545bbb6f84efdd5553dbbc2895e3ca8f1d12c5215e00a041c9670b54aa9b18a?s=96&d=mm&r=g","url":"https:\/\/secure.gravatar.com\/avatar\/a545bbb6f84efdd5553dbbc2895e3ca8f1d12c5215e00a041c9670b54aa9b18a?s=96&d=mm&r=g","contentUrl":"https:\/\/secure.gravatar.com\/avatar\/a545bbb6f84efdd5553dbbc2895e3ca8f1d12c5215e00a041c9670b54aa9b18a?s=96&d=mm&r=g","caption":"MC"},"url":"https:\/\/www.webdo.tn\/fr\/actualite\/author\/mc\/"}]}},"_links":{"self":[{"href":"https:\/\/www.webdo.tn\/fr\/wp-json\/wp\/v2\/posts\/217569","targetHints":{"allow":["GET"]}}],"collection":[{"href":"https:\/\/www.webdo.tn\/fr\/wp-json\/wp\/v2\/posts"}],"about":[{"href":"https:\/\/www.webdo.tn\/fr\/wp-json\/wp\/v2\/types\/post"}],"author":[{"embeddable":true,"href":"https:\/\/www.webdo.tn\/fr\/wp-json\/wp\/v2\/users\/3162"}],"replies":[{"embeddable":true,"href":"https:\/\/www.webdo.tn\/fr\/wp-json\/wp\/v2\/comments?post=217569"}],"version-history":[{"count":0,"href":"https:\/\/www.webdo.tn\/fr\/wp-json\/wp\/v2\/posts\/217569\/revisions"}],"wp:featuredmedia":[{"embeddable":true,"href":"https:\/\/www.webdo.tn\/fr\/wp-json\/wp\/v2\/media\/244086"}],"wp:attachment":[{"href":"https:\/\/www.webdo.tn\/fr\/wp-json\/wp\/v2\/media?parent=217569"}],"wp:term":[{"taxonomy":"category","embeddable":true,"href":"https:\/\/www.webdo.tn\/fr\/wp-json\/wp\/v2\/categories?post=217569"},{"taxonomy":"post_tag","embeddable":true,"href":"https:\/\/www.webdo.tn\/fr\/wp-json\/wp\/v2\/tags?post=217569"}],"curies":[{"name":"wp","href":"https:\/\/api.w.org\/{rel}","templated":true}]}}