{"id":217568,"date":"2024-11-13T10:29:00","date_gmt":"2024-11-13T10:29:00","guid":{"rendered":"https:\/\/www.webdo.tn\/fr\/blog\/2024\/11\/13\/ons-jabeur-s-indigne-de-l-annulation-des-tournois-itf-a-monastir\/"},"modified":"2025-05-17T20:20:15","modified_gmt":"2025-05-17T20:20:15","slug":"ons-jabeur-s-indigne-de-l-annulation-des-tournois-itf-a-monastir","status":"publish","type":"post","link":"https:\/\/www.webdo.tn\/fr\/actualite\/sport\/ons-jabeur-s-indigne-de-l-annulation-des-tournois-itf-a-monastir\/217568\/","title":{"rendered":"Ons Jabeur s&rsquo;indigne de l&rsquo;annulation du Jasmin Open de Monastir"},"content":{"rendered":"<p>Ons Jabeur, ancienne num\u00e9ro 2 mondiale de tennis, a exprim\u00e9 son indignation face \u00e0 l&rsquo;annulation inexpliqu\u00e9e du Jasmin Open de Monastir initialement pr\u00e9vu en d\u00e9cembre 2024 \u00e0 Monastir. Dans une lettre ouverte adress\u00e9e \u00e0 la F\u00e9d\u00e9ration Internationale de Tennis (ITF) et \u00e0 son pr\u00e9sident, David Haggerty, la star tunisienne, soutenue par plus de 60 joueurs professionnels, a exig\u00e9 des explications.<\/p>\n<p>\t\t\t\t\t\t\t\t\t\u00ab\u00a0Je suis choqu\u00e9e de voir ces annulations en d\u00e9cembre ! Les joueurs peinent d\u00e9j\u00e0 assez \u00e0 am\u00e9liorer leur classement !\u00a0\u00bb a-t-elle \u00e9crit sur son compte X (anciennement Twitter). La lettre, co-sign\u00e9e par des joueurs de diff\u00e9rentes nationalit\u00e9s, notamment des \u00c9tats-Unis, du Canada, d&rsquo;Allemagne et du Japon, met en avant les atouts de Monastir : un climat favorable et des infrastructures de qualit\u00e9.<\/p>\n<p>En 2023, Monastir accueillait r\u00e9guli\u00e8rement des tournois masculins et f\u00e9minins, incluant quatre tournois M15, deux W25 et deux W15 pour le mois de d\u00e9cembre. Toutefois, le calendrier 2024 ne pr\u00e9voit plus aucune comp\u00e9tition en d\u00e9cembre, une situation qui inqui\u00e8te particuli\u00e8rement Jabeur, qui s&rsquo;entra\u00eene \u00e0 Monastir et reste une figure embl\u00e9matique du tennis arabe.<\/p>\n<p>L&rsquo;Association des Joueurs de Tennis Professionnels (PTPA) a soutenu cette d\u00e9marche en d\u00e9non\u00e7ant un manque de transparence dans la prise de d\u00e9cision. A ce jour, ni l&rsquo;ITF ni la F\u00e9d\u00e9ration Tunisienne de Tennis n&rsquo;ont r\u00e9pondu \u00e0 cette pol\u00e9mique.<\/p>\n<p>\u00c0 propos du Jasmin Open de Monastir<\/p>\n<p>Le Jasmin Open de Monastir est un tournoi de tennis professionnel qui se tient \u00e0 Monastir, en Tunisie. La premi\u00e8re \u00e9dition a eu lieu en octobre 2022. Ce tournoi fait partie du circuit WTA et est class\u00e9 dans la cat\u00e9gorie WTA 250. Il attire des joueuses de haut niveau, contribuant ainsi \u00e0 la promotion du tennis en Tunisie et \u00e0 l&rsquo;am\u00e9lioration de la visibilit\u00e9 sportive du pays sur la sc\u00e8ne internationale.<\/p>\n","protected":false},"excerpt":{"rendered":"<p>Ons Jabeur s&rsquo;indigne contre l&rsquo;annulation du Jasmin Open de Monastir, pr\u00e9vue en d\u00e9cembre 2024, et demande des explications \u00e0 l&rsquo;ITF. Soutenue par plus de 60 joueu&#8230;<\/p>\n","protected":false},"author":3203,"featured_media":244076,"comment_status":"open","ping_status":"open","sticky":false,"template":"","format":"standard","meta":{"footnotes":""},"categories":[2593],"tags":[5101,2604,5100,5102],"class_list":["post-217568","post","type-post","status-publish","format-standard","has-post-thumbnail","hentry","category-sport","tag-david-haggerty","tag-ons-jabeur","tag-tournois-itf-monastir","tag-tournois-wta-250"],"yoast_head":"<!-- This site is optimized with the Yoast SEO Premium plugin v27.5 (Yoast SEO v27.5) - https:\/\/yoast.com\/product\/yoast-seo-premium-wordpress\/ -->\n<title>Ons Jabeur s&#039;indigne de l&#039;annulation du Jasmin Open de Monastir<\/title>\n<meta name=\"description\" content=\"Ons Jabeur s&#039;indigne contre l&#039;annulation du Jasmin Open de Monastir, pr\u00e9vue en d\u00e9cembre 2024, et demande des explications \u00e0 l&#039;ITF. Soutenue par plus de 60 joueu...\" \/>\n<link rel=\"canonical\" href=\"https:\/\/www.webdo.tn\/fr\/actualite\/sport\/ons-jabeur-s-indigne-de-l-annulation-des-tournois-itf-a-monastir\/217568\/\" \/>\n<meta property=\"og:locale\" content=\"fr_FR\" \/>\n<meta property=\"og:type\" content=\"article\" \/>\n<meta property=\"og:title\" content=\"Ons Jabeur s&#039;indigne de l&#039;annulation du Jasmin Open de Monastir\" \/>\n<meta property=\"og:description\" content=\"Ons Jabeur s&#039;indigne contre l&#039;annulation du Jasmin Open de Monastir, pr\u00e9vue en d\u00e9cembre 2024, et demande des explications \u00e0 l&#039;ITF. Soutenue par plus de 60 joueu...\" \/>\n<meta property=\"og:url\" content=\"https:\/\/www.webdo.tn\/fr\/actualite\/sport\/ons-jabeur-s-indigne-de-l-annulation-des-tournois-itf-a-monastir\/217568\/\" \/>\n<meta property=\"og:site_name\" content=\"webdo\" \/>\n<meta property=\"article:publisher\" content=\"https:\/\/www.facebook.com\/webdotn\" \/>\n<meta property=\"article:published_time\" content=\"2024-11-13T10:29:00+00:00\" \/>\n<meta property=\"article:modified_time\" content=\"2025-05-17T20:20:15+00:00\" \/>\n<meta property=\"og:image\" content=\"https:\/\/www.webdo.tn\/fr\/wp-content\/uploads\/2025\/05\/da3ac42a26f463245fcb579fad63304f.webp\" \/>\n\t<meta property=\"og:image:width\" content=\"648\" \/>\n\t<meta property=\"og:image:height\" content=\"346\" \/>\n\t<meta property=\"og:image:type\" content=\"image\/webp\" \/>\n<meta name=\"author\" content=\"Ramzi Haddad\" \/>\n<meta name=\"twitter:card\" content=\"summary_large_image\" \/>\n<meta name=\"twitter:creator\" content=\"@webdo_tn\" \/>\n<meta name=\"twitter:site\" content=\"@webdo_tn\" \/>\n<meta name=\"twitter:label1\" content=\"\u00c9crit par\" \/>\n\t<meta name=\"twitter:data1\" content=\"Ramzi Haddad\" \/>\n\t<meta name=\"twitter:label2\" content=\"Dur\u00e9e de lecture estim\u00e9e\" \/>\n\t<meta name=\"twitter:data2\" content=\"2 minutes\" \/>\n<script type=\"application\/ld+json\" class=\"yoast-schema-graph\">{\"@context\":\"https:\\\/\\\/schema.org\",\"@graph\":[{\"@type\":\"NewsArticle\",\"@id\":\"https:\\\/\\\/www.webdo.tn\\\/fr\\\/actualite\\\/sport\\\/ons-jabeur-s-indigne-de-l-annulation-des-tournois-itf-a-monastir\\\/217568\\\/#article\",\"isPartOf\":{\"@id\":\"https:\\\/\\\/www.webdo.tn\\\/fr\\\/actualite\\\/sport\\\/ons-jabeur-s-indigne-de-l-annulation-des-tournois-itf-a-monastir\\\/217568\\\/\"},\"author\":{\"name\":\"Ramzi Haddad\",\"@id\":\"https:\\\/\\\/www.webdo.tn\\\/fr\\\/#\\\/schema\\\/person\\\/5663044c25eb36d8f88ba5b653f12f8c\"},\"headline\":\"Ons Jabeur s&rsquo;indigne de l&rsquo;annulation du Jasmin Open de Monastir\",\"datePublished\":\"2024-11-13T10:29:00+00:00\",\"dateModified\":\"2025-05-17T20:20:15+00:00\",\"mainEntityOfPage\":{\"@id\":\"https:\\\/\\\/www.webdo.tn\\\/fr\\\/actualite\\\/sport\\\/ons-jabeur-s-indigne-de-l-annulation-des-tournois-itf-a-monastir\\\/217568\\\/\"},\"wordCount\":327,\"commentCount\":0,\"publisher\":{\"@id\":\"https:\\\/\\\/www.webdo.tn\\\/fr\\\/#organization\"},\"image\":{\"@id\":\"https:\\\/\\\/www.webdo.tn\\\/fr\\\/actualite\\\/sport\\\/ons-jabeur-s-indigne-de-l-annulation-des-tournois-itf-a-monastir\\\/217568\\\/#primaryimage\"},\"thumbnailUrl\":\"https:\\\/\\\/www.webdo.tn\\\/fr\\\/wp-content\\\/uploads\\\/2025\\\/05\\\/da3ac42a26f463245fcb579fad63304f.webp\",\"keywords\":[\"David Haggerty\",\"Ons Jabeur\",\"tournois ITF Monastir\",\"tournois WTA 250\"],\"articleSection\":[\"Sport\"],\"inLanguage\":\"fr-FR\"},{\"@type\":\"WebPage\",\"@id\":\"https:\\\/\\\/www.webdo.tn\\\/fr\\\/actualite\\\/sport\\\/ons-jabeur-s-indigne-de-l-annulation-des-tournois-itf-a-monastir\\\/217568\\\/\",\"url\":\"https:\\\/\\\/www.webdo.tn\\\/fr\\\/actualite\\\/sport\\\/ons-jabeur-s-indigne-de-l-annulation-des-tournois-itf-a-monastir\\\/217568\\\/\",\"name\":\"Ons Jabeur s'indigne de l'annulation du Jasmin Open de Monastir\",\"isPartOf\":{\"@id\":\"https:\\\/\\\/www.webdo.tn\\\/fr\\\/#website\"},\"primaryImageOfPage\":{\"@id\":\"https:\\\/\\\/www.webdo.tn\\\/fr\\\/actualite\\\/sport\\\/ons-jabeur-s-indigne-de-l-annulation-des-tournois-itf-a-monastir\\\/217568\\\/#primaryimage\"},\"image\":{\"@id\":\"https:\\\/\\\/www.webdo.tn\\\/fr\\\/actualite\\\/sport\\\/ons-jabeur-s-indigne-de-l-annulation-des-tournois-itf-a-monastir\\\/217568\\\/#primaryimage\"},\"thumbnailUrl\":\"https:\\\/\\\/www.webdo.tn\\\/fr\\\/wp-content\\\/uploads\\\/2025\\\/05\\\/da3ac42a26f463245fcb579fad63304f.webp\",\"datePublished\":\"2024-11-13T10:29:00+00:00\",\"dateModified\":\"2025-05-17T20:20:15+00:00\",\"description\":\"Ons Jabeur s'indigne contre l'annulation du Jasmin Open de Monastir, pr\u00e9vue en d\u00e9cembre 2024, et demande des explications \u00e0 l'ITF. Soutenue par plus de 60 joueu...\",\"breadcrumb\":{\"@id\":\"https:\\\/\\\/www.webdo.tn\\\/fr\\\/actualite\\\/sport\\\/ons-jabeur-s-indigne-de-l-annulation-des-tournois-itf-a-monastir\\\/217568\\\/#breadcrumb\"},\"inLanguage\":\"fr-FR\",\"potentialAction\":[{\"@type\":\"ReadAction\",\"target\":[\"https:\\\/\\\/www.webdo.tn\\\/fr\\\/actualite\\\/sport\\\/ons-jabeur-s-indigne-de-l-annulation-des-tournois-itf-a-monastir\\\/217568\\\/\"]}]},{\"@type\":\"ImageObject\",\"inLanguage\":\"fr-FR\",\"@id\":\"https:\\\/\\\/www.webdo.tn\\\/fr\\\/actualite\\\/sport\\\/ons-jabeur-s-indigne-de-l-annulation-des-tournois-itf-a-monastir\\\/217568\\\/#primaryimage\",\"url\":\"https:\\\/\\\/www.webdo.tn\\\/fr\\\/wp-content\\\/uploads\\\/2025\\\/05\\\/da3ac42a26f463245fcb579fad63304f.webp\",\"contentUrl\":\"https:\\\/\\\/www.webdo.tn\\\/fr\\\/wp-content\\\/uploads\\\/2025\\\/05\\\/da3ac42a26f463245fcb579fad63304f.webp\",\"width\":648,\"height\":346},{\"@type\":\"BreadcrumbList\",\"@id\":\"https:\\\/\\\/www.webdo.tn\\\/fr\\\/actualite\\\/sport\\\/ons-jabeur-s-indigne-de-l-annulation-des-tournois-itf-a-monastir\\\/217568\\\/#breadcrumb\",\"itemListElement\":[{\"@type\":\"ListItem\",\"position\":1,\"name\":\"Accueil\",\"item\":\"https:\\\/\\\/www.webdo.tn\\\/fr\\\/\"},{\"@type\":\"ListItem\",\"position\":2,\"name\":\"Ons Jabeur s&rsquo;indigne de l&rsquo;annulation du Jasmin Open de Monastir\"}]},{\"@type\":\"WebSite\",\"@id\":\"https:\\\/\\\/www.webdo.tn\\\/fr\\\/#website\",\"url\":\"https:\\\/\\\/www.webdo.tn\\\/fr\\\/\",\"name\":\"webdo\",\"description\":\"Tunisie - News en Tunisie et \u00e0 l&#039;international sur Webdo.tn\",\"publisher\":{\"@id\":\"https:\\\/\\\/www.webdo.tn\\\/fr\\\/#organization\"},\"potentialAction\":[{\"@type\":\"SearchAction\",\"target\":{\"@type\":\"EntryPoint\",\"urlTemplate\":\"https:\\\/\\\/www.webdo.tn\\\/fr\\\/?s={search_term_string}\"},\"query-input\":{\"@type\":\"PropertyValueSpecification\",\"valueRequired\":true,\"valueName\":\"search_term_string\"}}],\"inLanguage\":\"fr-FR\"},{\"@type\":\"Organization\",\"@id\":\"https:\\\/\\\/www.webdo.tn\\\/fr\\\/#organization\",\"name\":\"Webdo\",\"alternateName\":\"Webdo.tn\",\"url\":\"https:\\\/\\\/www.webdo.tn\\\/fr\\\/\",\"logo\":{\"@type\":\"ImageObject\",\"inLanguage\":\"fr-FR\",\"@id\":\"https:\\\/\\\/www.webdo.tn\\\/fr\\\/#\\\/schema\\\/logo\\\/image\\\/\",\"url\":\"https:\\\/\\\/www.webdo.tn\\\/fr\\\/wp-content\\\/uploads\\\/2025\\\/06\\\/Webdo-Tunisie_168377.jpg\",\"contentUrl\":\"https:\\\/\\\/www.webdo.tn\\\/fr\\\/wp-content\\\/uploads\\\/2025\\\/06\\\/Webdo-Tunisie_168377.jpg\",\"width\":301,\"height\":301,\"caption\":\"Webdo\"},\"image\":{\"@id\":\"https:\\\/\\\/www.webdo.tn\\\/fr\\\/#\\\/schema\\\/logo\\\/image\\\/\"},\"sameAs\":[\"https:\\\/\\\/www.facebook.com\\\/webdotn\",\"https:\\\/\\\/x.com\\\/webdo_tn\"],\"description\":\"Webdo est un m\u00e9dia num\u00e9rique tunisien fond\u00e9 en 2010, sp\u00e9cialis\u00e9 dans l\u2019actualit\u00e9 nationale et internationale, l\u2019\u00e9conomie, la soci\u00e9t\u00e9 et les analyses politiques. Le site s\u2019adresse \u00e0 un large public francophone et couvre l\u2019information tunisienne en temps r\u00e9el.\",\"email\":\"redac@webdo.tn\",\"legalName\":\"YNJ SARL\",\"foundingDate\":\"2010-09-06\",\"numberOfEmployees\":{\"@type\":\"QuantitativeValue\",\"minValue\":\"11\",\"maxValue\":\"50\"}},{\"@type\":\"Person\",\"@id\":\"https:\\\/\\\/www.webdo.tn\\\/fr\\\/#\\\/schema\\\/person\\\/5663044c25eb36d8f88ba5b653f12f8c\",\"name\":\"Ramzi Haddad\",\"image\":{\"@type\":\"ImageObject\",\"inLanguage\":\"fr-FR\",\"@id\":\"https:\\\/\\\/www.webdo.tn\\\/fr\\\/wp-content\\\/uploads\\\/2026\\\/04\\\/ramzi-haddad_avatar-96x96.jpg\",\"url\":\"https:\\\/\\\/www.webdo.tn\\\/fr\\\/wp-content\\\/uploads\\\/2026\\\/04\\\/ramzi-haddad_avatar-96x96.jpg\",\"contentUrl\":\"https:\\\/\\\/www.webdo.tn\\\/fr\\\/wp-content\\\/uploads\\\/2026\\\/04\\\/ramzi-haddad_avatar-96x96.jpg\",\"caption\":\"Ramzi Haddad\"},\"description\":\"Signature \u00e9ditoriale de Walid Ben Youssef Ramzi Haddad est le pseudonyme \u00e9ditorial de Walid Ben Youssef, fondateur et g\u00e9rant de Webdo.tn. Cette signature est d\u00e9di\u00e9e \u00e0 la couverture de l'actualit\u00e9 nationale et internationale, ainsi qu'aux analyses des dynamiques num\u00e9riques. Ce profil b\u00e9n\u00e9ficie de l'expertise de Walid Ben Youssef, pionnier du web en Tunisie depuis 2000 et dipl\u00f4m\u00e9 en Math\u00e9matiques pures de l'Universit\u00e9 d'Oregon. \u00c0 travers cette signature, la r\u00e9daction de Webdo garantit une information structur\u00e9e et v\u00e9rifi\u00e9e, fid\u00e8le aux standards journalistiques du m\u00e9dia.\",\"url\":\"https:\\\/\\\/www.webdo.tn\\\/fr\\\/actualite\\\/author\\\/ramzi-haddad\\\/\"}]}<\/script>\n<!-- \/ Yoast SEO Premium plugin. -->","yoast_head_json":{"title":"Ons Jabeur s'indigne de l'annulation du Jasmin Open de Monastir","description":"Ons Jabeur s'indigne contre l'annulation du Jasmin Open de Monastir, pr\u00e9vue en d\u00e9cembre 2024, et demande des explications \u00e0 l'ITF. Soutenue par plus de 60 joueu...","canonical":"https:\/\/www.webdo.tn\/fr\/actualite\/sport\/ons-jabeur-s-indigne-de-l-annulation-des-tournois-itf-a-monastir\/217568\/","og_locale":"fr_FR","og_type":"article","og_title":"Ons Jabeur s'indigne de l'annulation du Jasmin Open de Monastir","og_description":"Ons Jabeur s'indigne contre l'annulation du Jasmin Open de Monastir, pr\u00e9vue en d\u00e9cembre 2024, et demande des explications \u00e0 l'ITF. Soutenue par plus de 60 joueu...","og_url":"https:\/\/www.webdo.tn\/fr\/actualite\/sport\/ons-jabeur-s-indigne-de-l-annulation-des-tournois-itf-a-monastir\/217568\/","og_site_name":"webdo","article_publisher":"https:\/\/www.facebook.com\/webdotn","article_published_time":"2024-11-13T10:29:00+00:00","article_modified_time":"2025-05-17T20:20:15+00:00","og_image":[{"width":648,"height":346,"url":"https:\/\/www.webdo.tn\/fr\/wp-content\/uploads\/2025\/05\/da3ac42a26f463245fcb579fad63304f.webp","type":"image\/webp"}],"author":"Ramzi Haddad","twitter_card":"summary_large_image","twitter_creator":"@webdo_tn","twitter_site":"@webdo_tn","twitter_misc":{"\u00c9crit par":"Ramzi Haddad","Dur\u00e9e de lecture estim\u00e9e":"2 minutes"},"schema":{"@context":"https:\/\/schema.org","@graph":[{"@type":"NewsArticle","@id":"https:\/\/www.webdo.tn\/fr\/actualite\/sport\/ons-jabeur-s-indigne-de-l-annulation-des-tournois-itf-a-monastir\/217568\/#article","isPartOf":{"@id":"https:\/\/www.webdo.tn\/fr\/actualite\/sport\/ons-jabeur-s-indigne-de-l-annulation-des-tournois-itf-a-monastir\/217568\/"},"author":{"name":"Ramzi Haddad","@id":"https:\/\/www.webdo.tn\/fr\/#\/schema\/person\/5663044c25eb36d8f88ba5b653f12f8c"},"headline":"Ons Jabeur s&rsquo;indigne de l&rsquo;annulation du Jasmin Open de Monastir","datePublished":"2024-11-13T10:29:00+00:00","dateModified":"2025-05-17T20:20:15+00:00","mainEntityOfPage":{"@id":"https:\/\/www.webdo.tn\/fr\/actualite\/sport\/ons-jabeur-s-indigne-de-l-annulation-des-tournois-itf-a-monastir\/217568\/"},"wordCount":327,"commentCount":0,"publisher":{"@id":"https:\/\/www.webdo.tn\/fr\/#organization"},"image":{"@id":"https:\/\/www.webdo.tn\/fr\/actualite\/sport\/ons-jabeur-s-indigne-de-l-annulation-des-tournois-itf-a-monastir\/217568\/#primaryimage"},"thumbnailUrl":"https:\/\/www.webdo.tn\/fr\/wp-content\/uploads\/2025\/05\/da3ac42a26f463245fcb579fad63304f.webp","keywords":["David Haggerty","Ons Jabeur","tournois ITF Monastir","tournois WTA 250"],"articleSection":["Sport"],"inLanguage":"fr-FR"},{"@type":"WebPage","@id":"https:\/\/www.webdo.tn\/fr\/actualite\/sport\/ons-jabeur-s-indigne-de-l-annulation-des-tournois-itf-a-monastir\/217568\/","url":"https:\/\/www.webdo.tn\/fr\/actualite\/sport\/ons-jabeur-s-indigne-de-l-annulation-des-tournois-itf-a-monastir\/217568\/","name":"Ons Jabeur s'indigne de l'annulation du Jasmin Open de Monastir","isPartOf":{"@id":"https:\/\/www.webdo.tn\/fr\/#website"},"primaryImageOfPage":{"@id":"https:\/\/www.webdo.tn\/fr\/actualite\/sport\/ons-jabeur-s-indigne-de-l-annulation-des-tournois-itf-a-monastir\/217568\/#primaryimage"},"image":{"@id":"https:\/\/www.webdo.tn\/fr\/actualite\/sport\/ons-jabeur-s-indigne-de-l-annulation-des-tournois-itf-a-monastir\/217568\/#primaryimage"},"thumbnailUrl":"https:\/\/www.webdo.tn\/fr\/wp-content\/uploads\/2025\/05\/da3ac42a26f463245fcb579fad63304f.webp","datePublished":"2024-11-13T10:29:00+00:00","dateModified":"2025-05-17T20:20:15+00:00","description":"Ons Jabeur s'indigne contre l'annulation du Jasmin Open de Monastir, pr\u00e9vue en d\u00e9cembre 2024, et demande des explications \u00e0 l'ITF. Soutenue par plus de 60 joueu...","breadcrumb":{"@id":"https:\/\/www.webdo.tn\/fr\/actualite\/sport\/ons-jabeur-s-indigne-de-l-annulation-des-tournois-itf-a-monastir\/217568\/#breadcrumb"},"inLanguage":"fr-FR","potentialAction":[{"@type":"ReadAction","target":["https:\/\/www.webdo.tn\/fr\/actualite\/sport\/ons-jabeur-s-indigne-de-l-annulation-des-tournois-itf-a-monastir\/217568\/"]}]},{"@type":"ImageObject","inLanguage":"fr-FR","@id":"https:\/\/www.webdo.tn\/fr\/actualite\/sport\/ons-jabeur-s-indigne-de-l-annulation-des-tournois-itf-a-monastir\/217568\/#primaryimage","url":"https:\/\/www.webdo.tn\/fr\/wp-content\/uploads\/2025\/05\/da3ac42a26f463245fcb579fad63304f.webp","contentUrl":"https:\/\/www.webdo.tn\/fr\/wp-content\/uploads\/2025\/05\/da3ac42a26f463245fcb579fad63304f.webp","width":648,"height":346},{"@type":"BreadcrumbList","@id":"https:\/\/www.webdo.tn\/fr\/actualite\/sport\/ons-jabeur-s-indigne-de-l-annulation-des-tournois-itf-a-monastir\/217568\/#breadcrumb","itemListElement":[{"@type":"ListItem","position":1,"name":"Accueil","item":"https:\/\/www.webdo.tn\/fr\/"},{"@type":"ListItem","position":2,"name":"Ons Jabeur s&rsquo;indigne de l&rsquo;annulation du Jasmin Open de Monastir"}]},{"@type":"WebSite","@id":"https:\/\/www.webdo.tn\/fr\/#website","url":"https:\/\/www.webdo.tn\/fr\/","name":"webdo","description":"Tunisie - News en Tunisie et \u00e0 l&#039;international sur Webdo.tn","publisher":{"@id":"https:\/\/www.webdo.tn\/fr\/#organization"},"potentialAction":[{"@type":"SearchAction","target":{"@type":"EntryPoint","urlTemplate":"https:\/\/www.webdo.tn\/fr\/?s={search_term_string}"},"query-input":{"@type":"PropertyValueSpecification","valueRequired":true,"valueName":"search_term_string"}}],"inLanguage":"fr-FR"},{"@type":"Organization","@id":"https:\/\/www.webdo.tn\/fr\/#organization","name":"Webdo","alternateName":"Webdo.tn","url":"https:\/\/www.webdo.tn\/fr\/","logo":{"@type":"ImageObject","inLanguage":"fr-FR","@id":"https:\/\/www.webdo.tn\/fr\/#\/schema\/logo\/image\/","url":"https:\/\/www.webdo.tn\/fr\/wp-content\/uploads\/2025\/06\/Webdo-Tunisie_168377.jpg","contentUrl":"https:\/\/www.webdo.tn\/fr\/wp-content\/uploads\/2025\/06\/Webdo-Tunisie_168377.jpg","width":301,"height":301,"caption":"Webdo"},"image":{"@id":"https:\/\/www.webdo.tn\/fr\/#\/schema\/logo\/image\/"},"sameAs":["https:\/\/www.facebook.com\/webdotn","https:\/\/x.com\/webdo_tn"],"description":"Webdo est un m\u00e9dia num\u00e9rique tunisien fond\u00e9 en 2010, sp\u00e9cialis\u00e9 dans l\u2019actualit\u00e9 nationale et internationale, l\u2019\u00e9conomie, la soci\u00e9t\u00e9 et les analyses politiques. Le site s\u2019adresse \u00e0 un large public francophone et couvre l\u2019information tunisienne en temps r\u00e9el.","email":"redac@webdo.tn","legalName":"YNJ SARL","foundingDate":"2010-09-06","numberOfEmployees":{"@type":"QuantitativeValue","minValue":"11","maxValue":"50"}},{"@type":"Person","@id":"https:\/\/www.webdo.tn\/fr\/#\/schema\/person\/5663044c25eb36d8f88ba5b653f12f8c","name":"Ramzi Haddad","image":{"@type":"ImageObject","inLanguage":"fr-FR","@id":"https:\/\/www.webdo.tn\/fr\/wp-content\/uploads\/2026\/04\/ramzi-haddad_avatar-96x96.jpg","url":"https:\/\/www.webdo.tn\/fr\/wp-content\/uploads\/2026\/04\/ramzi-haddad_avatar-96x96.jpg","contentUrl":"https:\/\/www.webdo.tn\/fr\/wp-content\/uploads\/2026\/04\/ramzi-haddad_avatar-96x96.jpg","caption":"Ramzi Haddad"},"description":"Signature \u00e9ditoriale de Walid Ben Youssef Ramzi Haddad est le pseudonyme \u00e9ditorial de Walid Ben Youssef, fondateur et g\u00e9rant de Webdo.tn. Cette signature est d\u00e9di\u00e9e \u00e0 la couverture de l'actualit\u00e9 nationale et internationale, ainsi qu'aux analyses des dynamiques num\u00e9riques. Ce profil b\u00e9n\u00e9ficie de l'expertise de Walid Ben Youssef, pionnier du web en Tunisie depuis 2000 et dipl\u00f4m\u00e9 en Math\u00e9matiques pures de l'Universit\u00e9 d'Oregon. \u00c0 travers cette signature, la r\u00e9daction de Webdo garantit une information structur\u00e9e et v\u00e9rifi\u00e9e, fid\u00e8le aux standards journalistiques du m\u00e9dia.","url":"https:\/\/www.webdo.tn\/fr\/actualite\/author\/ramzi-haddad\/"}]}},"_links":{"self":[{"href":"https:\/\/www.webdo.tn\/fr\/wp-json\/wp\/v2\/posts\/217568","targetHints":{"allow":["GET"]}}],"collection":[{"href":"https:\/\/www.webdo.tn\/fr\/wp-json\/wp\/v2\/posts"}],"about":[{"href":"https:\/\/www.webdo.tn\/fr\/wp-json\/wp\/v2\/types\/post"}],"author":[{"embeddable":true,"href":"https:\/\/www.webdo.tn\/fr\/wp-json\/wp\/v2\/users\/3203"}],"replies":[{"embeddable":true,"href":"https:\/\/www.webdo.tn\/fr\/wp-json\/wp\/v2\/comments?post=217568"}],"version-history":[{"count":0,"href":"https:\/\/www.webdo.tn\/fr\/wp-json\/wp\/v2\/posts\/217568\/revisions"}],"wp:featuredmedia":[{"embeddable":true,"href":"https:\/\/www.webdo.tn\/fr\/wp-json\/wp\/v2\/media\/244076"}],"wp:attachment":[{"href":"https:\/\/www.webdo.tn\/fr\/wp-json\/wp\/v2\/media?parent=217568"}],"wp:term":[{"taxonomy":"category","embeddable":true,"href":"https:\/\/www.webdo.tn\/fr\/wp-json\/wp\/v2\/categories?post=217568"},{"taxonomy":"post_tag","embeddable":true,"href":"https:\/\/www.webdo.tn\/fr\/wp-json\/wp\/v2\/tags?post=217568"}],"curies":[{"name":"wp","href":"https:\/\/api.w.org\/{rel}","templated":true}]}}