{"id":217563,"date":"2024-11-13T08:46:00","date_gmt":"2024-11-13T08:46:00","guid":{"rendered":"https:\/\/www.webdo.tn\/fr\/blog\/2024\/11\/13\/donald-trump-nomme-elon-musk-nouveau-ministre\/"},"modified":"2025-05-20T22:21:36","modified_gmt":"2025-05-20T22:21:36","slug":"donald-trump-nomme-elon-musk-nouveau-ministre","status":"publish","type":"post","link":"https:\/\/www.webdo.tn\/fr\/actualite\/international\/donald-trump-nomme-elon-musk-nouveau-ministre\/217563\/","title":{"rendered":"Donald Trump nomme Elon Musk ministre"},"content":{"rendered":"<p>Le pr\u00e9sident am\u00e9ricain \u00e9lu Donald Trump a annonc\u00e9, hier mardi 12 novembre, qu&rsquo;il comptait nommer le patron de Tesla, SpaceX et X Elon Musk conjointement avec l&rsquo;homme d&rsquo;affaires r\u00e9publicain Vivek Ramaswamy, \u00e0 la t\u00eate de ce tout nouveau minist\u00e8re, \u00ab l\u2019efficacit\u00e9 gouvernementale \u00bb.\u00a0<\/p>\n<p>\t\t\t\t\t\t\t\t\tSa mission : \u00ab envoyer des ondes de choc dans le syst\u00e8me \u00bb en d\u00e9r\u00e9gulant \u00e0 tout-va et en faisant des coupes drastiques dans le budget f\u00e9d\u00e9ral.<\/p>\n<p>Il a ajout\u00e9 que l&rsquo;organisation s&rsquo;associerait au Bureau de la Gestion et du Budget pour \u00ab\u00a0conduire une r\u00e9forme structurelle \u00e0 grande \u00e9chelle et cr\u00e9er une approche entrepreneuriale du gouvernement jamais vue auparavant\u00a0\u00bb.<\/p>\n<p>Selon des m\u00e9dias am\u00e9ricains, le mode de fonctionnement de l&rsquo;organisation reste peu clair et pourrait relever de la loi am\u00e9ricaine sur les comit\u00e9s consultatifs f\u00e9d\u00e9raux qui dicte la mani\u00e8re dont les groupes externes qui conseillent le gouvernement doivent fonctionner et rendre des comptes au public.<\/p>\n","protected":false},"excerpt":{"rendered":"<p>Sa mission : \u00ab envoyer des ondes de choc dans le syst\u00e8me \u00bb en d\u00e9r\u00e9gulant \u00e0 tout-va et en faisant des coupes drastiques dans le budget f\u00e9d\u00e9ral.<\/p>\n","protected":false},"author":3163,"featured_media":244072,"comment_status":"open","ping_status":"open","sticky":false,"template":"","format":"standard","meta":{"footnotes":""},"categories":[2598],"tags":[2916,4134,3061],"class_list":["post-217563","post","type-post","status-publish","format-standard","has-post-thumbnail","hentry","category-international","tag-donald-trump","tag-elon-musk","tag-usa"],"yoast_head":"<!-- This site is optimized with the Yoast SEO Premium plugin v27.4 (Yoast SEO v27.4) - https:\/\/yoast.com\/product\/yoast-seo-premium-wordpress\/ -->\n<title>Donald Trump nomme Elon Musk ministre<\/title>\n<meta name=\"description\" content=\"Sa mission : \u00ab envoyer des ondes de choc dans le syst\u00e8me \u00bb en d\u00e9r\u00e9gulant \u00e0 tout-va et en faisant des coupes drastiques dans le budget f\u00e9d\u00e9ral.\" \/>\n<link rel=\"canonical\" href=\"https:\/\/www.webdo.tn\/fr\/actualite\/international\/donald-trump-nomme-elon-musk-nouveau-ministre\/217563\/\" \/>\n<meta property=\"og:locale\" content=\"fr_FR\" \/>\n<meta property=\"og:type\" content=\"article\" \/>\n<meta property=\"og:title\" content=\"Donald Trump nomme Elon Musk ministre\" \/>\n<meta property=\"og:description\" content=\"Sa mission : \u00ab envoyer des ondes de choc dans le syst\u00e8me \u00bb en d\u00e9r\u00e9gulant \u00e0 tout-va et en faisant des coupes drastiques dans le budget f\u00e9d\u00e9ral.\" \/>\n<meta property=\"og:url\" content=\"https:\/\/www.webdo.tn\/fr\/actualite\/international\/donald-trump-nomme-elon-musk-nouveau-ministre\/217563\/\" \/>\n<meta property=\"og:site_name\" content=\"webdo\" \/>\n<meta property=\"article:publisher\" content=\"https:\/\/www.facebook.com\/webdotn\" \/>\n<meta property=\"article:published_time\" content=\"2024-11-13T08:46:00+00:00\" \/>\n<meta property=\"article:modified_time\" content=\"2025-05-20T22:21:36+00:00\" \/>\n<meta property=\"og:image\" content=\"https:\/\/www.webdo.tn\/fr\/wp-content\/uploads\/2025\/05\/e0ee51cb61df9438ba33000c192c7994.webp\" \/>\n\t<meta property=\"og:image:width\" content=\"750\" \/>\n\t<meta property=\"og:image:height\" content=\"400\" \/>\n\t<meta property=\"og:image:type\" content=\"image\/webp\" \/>\n<meta name=\"author\" content=\"KJ\" \/>\n<meta name=\"twitter:card\" content=\"summary_large_image\" \/>\n<meta name=\"twitter:creator\" content=\"@webdo_tn\" \/>\n<meta name=\"twitter:site\" content=\"@webdo_tn\" \/>\n<meta name=\"twitter:label1\" content=\"\u00c9crit par\" \/>\n\t<meta name=\"twitter:data1\" content=\"KJ\" \/>\n\t<meta name=\"twitter:label2\" content=\"Dur\u00e9e de lecture estim\u00e9e\" \/>\n\t<meta name=\"twitter:data2\" content=\"1 minute\" \/>\n<script type=\"application\/ld+json\" class=\"yoast-schema-graph\">{\"@context\":\"https:\\\/\\\/schema.org\",\"@graph\":[{\"@type\":\"NewsArticle\",\"@id\":\"https:\\\/\\\/www.webdo.tn\\\/fr\\\/actualite\\\/international\\\/donald-trump-nomme-elon-musk-nouveau-ministre\\\/217563\\\/#article\",\"isPartOf\":{\"@id\":\"https:\\\/\\\/www.webdo.tn\\\/fr\\\/actualite\\\/international\\\/donald-trump-nomme-elon-musk-nouveau-ministre\\\/217563\\\/\"},\"author\":{\"name\":\"KJ\",\"@id\":\"https:\\\/\\\/www.webdo.tn\\\/fr\\\/#\\\/schema\\\/person\\\/82ca085b22037d285e1a3c4b65ba5f71\"},\"headline\":\"Donald Trump nomme Elon Musk ministre\",\"datePublished\":\"2024-11-13T08:46:00+00:00\",\"dateModified\":\"2025-05-20T22:21:36+00:00\",\"mainEntityOfPage\":{\"@id\":\"https:\\\/\\\/www.webdo.tn\\\/fr\\\/actualite\\\/international\\\/donald-trump-nomme-elon-musk-nouveau-ministre\\\/217563\\\/\"},\"wordCount\":170,\"commentCount\":0,\"publisher\":{\"@id\":\"https:\\\/\\\/www.webdo.tn\\\/fr\\\/#organization\"},\"image\":{\"@id\":\"https:\\\/\\\/www.webdo.tn\\\/fr\\\/actualite\\\/international\\\/donald-trump-nomme-elon-musk-nouveau-ministre\\\/217563\\\/#primaryimage\"},\"thumbnailUrl\":\"https:\\\/\\\/www.webdo.tn\\\/fr\\\/wp-content\\\/uploads\\\/2025\\\/05\\\/e0ee51cb61df9438ba33000c192c7994.webp\",\"keywords\":[\"Donald Trump\",\"Elon Musk\",\"USA\"],\"articleSection\":[\"International\"],\"inLanguage\":\"fr-FR\"},{\"@type\":\"WebPage\",\"@id\":\"https:\\\/\\\/www.webdo.tn\\\/fr\\\/actualite\\\/international\\\/donald-trump-nomme-elon-musk-nouveau-ministre\\\/217563\\\/\",\"url\":\"https:\\\/\\\/www.webdo.tn\\\/fr\\\/actualite\\\/international\\\/donald-trump-nomme-elon-musk-nouveau-ministre\\\/217563\\\/\",\"name\":\"Donald Trump nomme Elon Musk ministre\",\"isPartOf\":{\"@id\":\"https:\\\/\\\/www.webdo.tn\\\/fr\\\/#website\"},\"primaryImageOfPage\":{\"@id\":\"https:\\\/\\\/www.webdo.tn\\\/fr\\\/actualite\\\/international\\\/donald-trump-nomme-elon-musk-nouveau-ministre\\\/217563\\\/#primaryimage\"},\"image\":{\"@id\":\"https:\\\/\\\/www.webdo.tn\\\/fr\\\/actualite\\\/international\\\/donald-trump-nomme-elon-musk-nouveau-ministre\\\/217563\\\/#primaryimage\"},\"thumbnailUrl\":\"https:\\\/\\\/www.webdo.tn\\\/fr\\\/wp-content\\\/uploads\\\/2025\\\/05\\\/e0ee51cb61df9438ba33000c192c7994.webp\",\"datePublished\":\"2024-11-13T08:46:00+00:00\",\"dateModified\":\"2025-05-20T22:21:36+00:00\",\"description\":\"Sa mission : \u00ab envoyer des ondes de choc dans le syst\u00e8me \u00bb en d\u00e9r\u00e9gulant \u00e0 tout-va et en faisant des coupes drastiques dans le budget f\u00e9d\u00e9ral.\",\"breadcrumb\":{\"@id\":\"https:\\\/\\\/www.webdo.tn\\\/fr\\\/actualite\\\/international\\\/donald-trump-nomme-elon-musk-nouveau-ministre\\\/217563\\\/#breadcrumb\"},\"inLanguage\":\"fr-FR\",\"potentialAction\":[{\"@type\":\"ReadAction\",\"target\":[\"https:\\\/\\\/www.webdo.tn\\\/fr\\\/actualite\\\/international\\\/donald-trump-nomme-elon-musk-nouveau-ministre\\\/217563\\\/\"]}]},{\"@type\":\"ImageObject\",\"inLanguage\":\"fr-FR\",\"@id\":\"https:\\\/\\\/www.webdo.tn\\\/fr\\\/actualite\\\/international\\\/donald-trump-nomme-elon-musk-nouveau-ministre\\\/217563\\\/#primaryimage\",\"url\":\"https:\\\/\\\/www.webdo.tn\\\/fr\\\/wp-content\\\/uploads\\\/2025\\\/05\\\/e0ee51cb61df9438ba33000c192c7994.webp\",\"contentUrl\":\"https:\\\/\\\/www.webdo.tn\\\/fr\\\/wp-content\\\/uploads\\\/2025\\\/05\\\/e0ee51cb61df9438ba33000c192c7994.webp\",\"width\":750,\"height\":400},{\"@type\":\"BreadcrumbList\",\"@id\":\"https:\\\/\\\/www.webdo.tn\\\/fr\\\/actualite\\\/international\\\/donald-trump-nomme-elon-musk-nouveau-ministre\\\/217563\\\/#breadcrumb\",\"itemListElement\":[{\"@type\":\"ListItem\",\"position\":1,\"name\":\"Accueil\",\"item\":\"https:\\\/\\\/www.webdo.tn\\\/fr\\\/\"},{\"@type\":\"ListItem\",\"position\":2,\"name\":\"Donald Trump nomme Elon Musk ministre\"}]},{\"@type\":\"WebSite\",\"@id\":\"https:\\\/\\\/www.webdo.tn\\\/fr\\\/#website\",\"url\":\"https:\\\/\\\/www.webdo.tn\\\/fr\\\/\",\"name\":\"webdo\",\"description\":\"Tunisie - News en Tunisie et \u00e0 l&#039;international sur Webdo.tn\",\"publisher\":{\"@id\":\"https:\\\/\\\/www.webdo.tn\\\/fr\\\/#organization\"},\"potentialAction\":[{\"@type\":\"SearchAction\",\"target\":{\"@type\":\"EntryPoint\",\"urlTemplate\":\"https:\\\/\\\/www.webdo.tn\\\/fr\\\/?s={search_term_string}\"},\"query-input\":{\"@type\":\"PropertyValueSpecification\",\"valueRequired\":true,\"valueName\":\"search_term_string\"}}],\"inLanguage\":\"fr-FR\"},{\"@type\":\"Organization\",\"@id\":\"https:\\\/\\\/www.webdo.tn\\\/fr\\\/#organization\",\"name\":\"Webdo\",\"alternateName\":\"Webdo.tn\",\"url\":\"https:\\\/\\\/www.webdo.tn\\\/fr\\\/\",\"logo\":{\"@type\":\"ImageObject\",\"inLanguage\":\"fr-FR\",\"@id\":\"https:\\\/\\\/www.webdo.tn\\\/fr\\\/#\\\/schema\\\/logo\\\/image\\\/\",\"url\":\"https:\\\/\\\/www.webdo.tn\\\/fr\\\/wp-content\\\/uploads\\\/2025\\\/06\\\/Webdo-Tunisie_168377.jpg\",\"contentUrl\":\"https:\\\/\\\/www.webdo.tn\\\/fr\\\/wp-content\\\/uploads\\\/2025\\\/06\\\/Webdo-Tunisie_168377.jpg\",\"width\":301,\"height\":301,\"caption\":\"Webdo\"},\"image\":{\"@id\":\"https:\\\/\\\/www.webdo.tn\\\/fr\\\/#\\\/schema\\\/logo\\\/image\\\/\"},\"sameAs\":[\"https:\\\/\\\/www.facebook.com\\\/webdotn\",\"https:\\\/\\\/x.com\\\/webdo_tn\"],\"description\":\"Webdo est un m\u00e9dia num\u00e9rique tunisien fond\u00e9 en 2010, sp\u00e9cialis\u00e9 dans l\u2019actualit\u00e9 nationale et internationale, l\u2019\u00e9conomie, la soci\u00e9t\u00e9 et les analyses politiques. Le site s\u2019adresse \u00e0 un large public francophone et couvre l\u2019information tunisienne en temps r\u00e9el.\",\"email\":\"redac@webdo.tn\",\"legalName\":\"YNJ SARL\",\"foundingDate\":\"2010-09-06\",\"numberOfEmployees\":{\"@type\":\"QuantitativeValue\",\"minValue\":\"11\",\"maxValue\":\"50\"}},{\"@type\":\"Person\",\"@id\":\"https:\\\/\\\/www.webdo.tn\\\/fr\\\/#\\\/schema\\\/person\\\/82ca085b22037d285e1a3c4b65ba5f71\",\"name\":\"KJ\",\"image\":{\"@type\":\"ImageObject\",\"inLanguage\":\"fr-FR\",\"@id\":\"https:\\\/\\\/secure.gravatar.com\\\/avatar\\\/1a1320de1c1971c893f00068f760b4113d69504aa21273da17ee95650c5944fd?s=96&d=mm&r=g\",\"url\":\"https:\\\/\\\/secure.gravatar.com\\\/avatar\\\/1a1320de1c1971c893f00068f760b4113d69504aa21273da17ee95650c5944fd?s=96&d=mm&r=g\",\"contentUrl\":\"https:\\\/\\\/secure.gravatar.com\\\/avatar\\\/1a1320de1c1971c893f00068f760b4113d69504aa21273da17ee95650c5944fd?s=96&d=mm&r=g\",\"caption\":\"KJ\"},\"url\":\"https:\\\/\\\/www.webdo.tn\\\/fr\\\/actualite\\\/author\\\/kj\\\/\"}]}<\/script>\n<!-- \/ Yoast SEO Premium plugin. -->","yoast_head_json":{"title":"Donald Trump nomme Elon Musk ministre","description":"Sa mission : \u00ab envoyer des ondes de choc dans le syst\u00e8me \u00bb en d\u00e9r\u00e9gulant \u00e0 tout-va et en faisant des coupes drastiques dans le budget f\u00e9d\u00e9ral.","canonical":"https:\/\/www.webdo.tn\/fr\/actualite\/international\/donald-trump-nomme-elon-musk-nouveau-ministre\/217563\/","og_locale":"fr_FR","og_type":"article","og_title":"Donald Trump nomme Elon Musk ministre","og_description":"Sa mission : \u00ab envoyer des ondes de choc dans le syst\u00e8me \u00bb en d\u00e9r\u00e9gulant \u00e0 tout-va et en faisant des coupes drastiques dans le budget f\u00e9d\u00e9ral.","og_url":"https:\/\/www.webdo.tn\/fr\/actualite\/international\/donald-trump-nomme-elon-musk-nouveau-ministre\/217563\/","og_site_name":"webdo","article_publisher":"https:\/\/www.facebook.com\/webdotn","article_published_time":"2024-11-13T08:46:00+00:00","article_modified_time":"2025-05-20T22:21:36+00:00","og_image":[{"width":750,"height":400,"url":"https:\/\/www.webdo.tn\/fr\/wp-content\/uploads\/2025\/05\/e0ee51cb61df9438ba33000c192c7994.webp","type":"image\/webp"}],"author":"KJ","twitter_card":"summary_large_image","twitter_creator":"@webdo_tn","twitter_site":"@webdo_tn","twitter_misc":{"\u00c9crit par":"KJ","Dur\u00e9e de lecture estim\u00e9e":"1 minute"},"schema":{"@context":"https:\/\/schema.org","@graph":[{"@type":"NewsArticle","@id":"https:\/\/www.webdo.tn\/fr\/actualite\/international\/donald-trump-nomme-elon-musk-nouveau-ministre\/217563\/#article","isPartOf":{"@id":"https:\/\/www.webdo.tn\/fr\/actualite\/international\/donald-trump-nomme-elon-musk-nouveau-ministre\/217563\/"},"author":{"name":"KJ","@id":"https:\/\/www.webdo.tn\/fr\/#\/schema\/person\/82ca085b22037d285e1a3c4b65ba5f71"},"headline":"Donald Trump nomme Elon Musk ministre","datePublished":"2024-11-13T08:46:00+00:00","dateModified":"2025-05-20T22:21:36+00:00","mainEntityOfPage":{"@id":"https:\/\/www.webdo.tn\/fr\/actualite\/international\/donald-trump-nomme-elon-musk-nouveau-ministre\/217563\/"},"wordCount":170,"commentCount":0,"publisher":{"@id":"https:\/\/www.webdo.tn\/fr\/#organization"},"image":{"@id":"https:\/\/www.webdo.tn\/fr\/actualite\/international\/donald-trump-nomme-elon-musk-nouveau-ministre\/217563\/#primaryimage"},"thumbnailUrl":"https:\/\/www.webdo.tn\/fr\/wp-content\/uploads\/2025\/05\/e0ee51cb61df9438ba33000c192c7994.webp","keywords":["Donald Trump","Elon Musk","USA"],"articleSection":["International"],"inLanguage":"fr-FR"},{"@type":"WebPage","@id":"https:\/\/www.webdo.tn\/fr\/actualite\/international\/donald-trump-nomme-elon-musk-nouveau-ministre\/217563\/","url":"https:\/\/www.webdo.tn\/fr\/actualite\/international\/donald-trump-nomme-elon-musk-nouveau-ministre\/217563\/","name":"Donald Trump nomme Elon Musk ministre","isPartOf":{"@id":"https:\/\/www.webdo.tn\/fr\/#website"},"primaryImageOfPage":{"@id":"https:\/\/www.webdo.tn\/fr\/actualite\/international\/donald-trump-nomme-elon-musk-nouveau-ministre\/217563\/#primaryimage"},"image":{"@id":"https:\/\/www.webdo.tn\/fr\/actualite\/international\/donald-trump-nomme-elon-musk-nouveau-ministre\/217563\/#primaryimage"},"thumbnailUrl":"https:\/\/www.webdo.tn\/fr\/wp-content\/uploads\/2025\/05\/e0ee51cb61df9438ba33000c192c7994.webp","datePublished":"2024-11-13T08:46:00+00:00","dateModified":"2025-05-20T22:21:36+00:00","description":"Sa mission : \u00ab envoyer des ondes de choc dans le syst\u00e8me \u00bb en d\u00e9r\u00e9gulant \u00e0 tout-va et en faisant des coupes drastiques dans le budget f\u00e9d\u00e9ral.","breadcrumb":{"@id":"https:\/\/www.webdo.tn\/fr\/actualite\/international\/donald-trump-nomme-elon-musk-nouveau-ministre\/217563\/#breadcrumb"},"inLanguage":"fr-FR","potentialAction":[{"@type":"ReadAction","target":["https:\/\/www.webdo.tn\/fr\/actualite\/international\/donald-trump-nomme-elon-musk-nouveau-ministre\/217563\/"]}]},{"@type":"ImageObject","inLanguage":"fr-FR","@id":"https:\/\/www.webdo.tn\/fr\/actualite\/international\/donald-trump-nomme-elon-musk-nouveau-ministre\/217563\/#primaryimage","url":"https:\/\/www.webdo.tn\/fr\/wp-content\/uploads\/2025\/05\/e0ee51cb61df9438ba33000c192c7994.webp","contentUrl":"https:\/\/www.webdo.tn\/fr\/wp-content\/uploads\/2025\/05\/e0ee51cb61df9438ba33000c192c7994.webp","width":750,"height":400},{"@type":"BreadcrumbList","@id":"https:\/\/www.webdo.tn\/fr\/actualite\/international\/donald-trump-nomme-elon-musk-nouveau-ministre\/217563\/#breadcrumb","itemListElement":[{"@type":"ListItem","position":1,"name":"Accueil","item":"https:\/\/www.webdo.tn\/fr\/"},{"@type":"ListItem","position":2,"name":"Donald Trump nomme Elon Musk ministre"}]},{"@type":"WebSite","@id":"https:\/\/www.webdo.tn\/fr\/#website","url":"https:\/\/www.webdo.tn\/fr\/","name":"webdo","description":"Tunisie - News en Tunisie et \u00e0 l&#039;international sur Webdo.tn","publisher":{"@id":"https:\/\/www.webdo.tn\/fr\/#organization"},"potentialAction":[{"@type":"SearchAction","target":{"@type":"EntryPoint","urlTemplate":"https:\/\/www.webdo.tn\/fr\/?s={search_term_string}"},"query-input":{"@type":"PropertyValueSpecification","valueRequired":true,"valueName":"search_term_string"}}],"inLanguage":"fr-FR"},{"@type":"Organization","@id":"https:\/\/www.webdo.tn\/fr\/#organization","name":"Webdo","alternateName":"Webdo.tn","url":"https:\/\/www.webdo.tn\/fr\/","logo":{"@type":"ImageObject","inLanguage":"fr-FR","@id":"https:\/\/www.webdo.tn\/fr\/#\/schema\/logo\/image\/","url":"https:\/\/www.webdo.tn\/fr\/wp-content\/uploads\/2025\/06\/Webdo-Tunisie_168377.jpg","contentUrl":"https:\/\/www.webdo.tn\/fr\/wp-content\/uploads\/2025\/06\/Webdo-Tunisie_168377.jpg","width":301,"height":301,"caption":"Webdo"},"image":{"@id":"https:\/\/www.webdo.tn\/fr\/#\/schema\/logo\/image\/"},"sameAs":["https:\/\/www.facebook.com\/webdotn","https:\/\/x.com\/webdo_tn"],"description":"Webdo est un m\u00e9dia num\u00e9rique tunisien fond\u00e9 en 2010, sp\u00e9cialis\u00e9 dans l\u2019actualit\u00e9 nationale et internationale, l\u2019\u00e9conomie, la soci\u00e9t\u00e9 et les analyses politiques. Le site s\u2019adresse \u00e0 un large public francophone et couvre l\u2019information tunisienne en temps r\u00e9el.","email":"redac@webdo.tn","legalName":"YNJ SARL","foundingDate":"2010-09-06","numberOfEmployees":{"@type":"QuantitativeValue","minValue":"11","maxValue":"50"}},{"@type":"Person","@id":"https:\/\/www.webdo.tn\/fr\/#\/schema\/person\/82ca085b22037d285e1a3c4b65ba5f71","name":"KJ","image":{"@type":"ImageObject","inLanguage":"fr-FR","@id":"https:\/\/secure.gravatar.com\/avatar\/1a1320de1c1971c893f00068f760b4113d69504aa21273da17ee95650c5944fd?s=96&d=mm&r=g","url":"https:\/\/secure.gravatar.com\/avatar\/1a1320de1c1971c893f00068f760b4113d69504aa21273da17ee95650c5944fd?s=96&d=mm&r=g","contentUrl":"https:\/\/secure.gravatar.com\/avatar\/1a1320de1c1971c893f00068f760b4113d69504aa21273da17ee95650c5944fd?s=96&d=mm&r=g","caption":"KJ"},"url":"https:\/\/www.webdo.tn\/fr\/actualite\/author\/kj\/"}]}},"_links":{"self":[{"href":"https:\/\/www.webdo.tn\/fr\/wp-json\/wp\/v2\/posts\/217563","targetHints":{"allow":["GET"]}}],"collection":[{"href":"https:\/\/www.webdo.tn\/fr\/wp-json\/wp\/v2\/posts"}],"about":[{"href":"https:\/\/www.webdo.tn\/fr\/wp-json\/wp\/v2\/types\/post"}],"author":[{"embeddable":true,"href":"https:\/\/www.webdo.tn\/fr\/wp-json\/wp\/v2\/users\/3163"}],"replies":[{"embeddable":true,"href":"https:\/\/www.webdo.tn\/fr\/wp-json\/wp\/v2\/comments?post=217563"}],"version-history":[{"count":0,"href":"https:\/\/www.webdo.tn\/fr\/wp-json\/wp\/v2\/posts\/217563\/revisions"}],"wp:featuredmedia":[{"embeddable":true,"href":"https:\/\/www.webdo.tn\/fr\/wp-json\/wp\/v2\/media\/244072"}],"wp:attachment":[{"href":"https:\/\/www.webdo.tn\/fr\/wp-json\/wp\/v2\/media?parent=217563"}],"wp:term":[{"taxonomy":"category","embeddable":true,"href":"https:\/\/www.webdo.tn\/fr\/wp-json\/wp\/v2\/categories?post=217563"},{"taxonomy":"post_tag","embeddable":true,"href":"https:\/\/www.webdo.tn\/fr\/wp-json\/wp\/v2\/tags?post=217563"}],"curies":[{"name":"wp","href":"https:\/\/api.w.org\/{rel}","templated":true}]}}