{"id":217562,"date":"2024-11-13T08:06:00","date_gmt":"2024-11-13T08:06:00","guid":{"rendered":"https:\/\/www.webdo.tn\/fr\/blog\/2024\/11\/13\/tunisie-batterie-de-mesures-au-profit-du-secteur-de-la-sante-a-sfax\/"},"modified":"2025-05-20T22:21:37","modified_gmt":"2025-05-20T22:21:37","slug":"tunisie-batterie-de-mesures-au-profit-du-secteur-de-la-sante-a-sfax","status":"publish","type":"post","link":"https:\/\/www.webdo.tn\/fr\/actualite\/national\/tunisie-batterie-de-mesures-au-profit-du-secteur-de-la-sante-a-sfax\/217562\/","title":{"rendered":"Tunisie : Batterie de mesures au profit du secteur de la sant\u00e9 \u00e0 Sfax"},"content":{"rendered":"<p>Le ministre de la Sant\u00e9 Mustapha Ferjani a effectu\u00e9, hier mardi 12 novembre, une visite sur le terrain dans le gouvernorat de Sfax.<\/p>\n<p>\t\t\t\t\t\t\t\t\tSelon un communiqu\u00e9 du d\u00e9partement, la visite a inclus plusieurs \u00e9tablissements de sant\u00e9 pour \u00e9valuer le niveau des services et identifier les lacunes, dans le but de promouvoir l&rsquo;\u00e9quit\u00e9 en sant\u00e9 et le d\u00e9veloppement \u00e9quilibr\u00e9 pour tous les citoyens.<\/p>\n<p>Une batterie de mesures a \u00e9t\u00e9 prise au terme de cette visite incluant :<\/p>\n<p>1. Poursuite devant la justice des responsales du retard du projet de l&rsquo;h\u00f4pital de Bir Ali Ben Khalifa : Transmission du dossier des manquements dans les travaux de l&rsquo;h\u00f4pital \u00e0 la justice.<\/p>\n<p>2. Am\u00e9lioration des services de sant\u00e9 : Cr\u00e9ation d&rsquo;un h\u00f4pital de campagne chirurgical pluridisciplinaire et r\u00e9ouverture prochaine des services ferm\u00e9s de l\u2019h\u00f4pital r\u00e9gional de Bir Ali Ben Khalifa.<\/p>\n<p>3. Soutien de 60 millions de dinars : Allocation d\u2019un budget pour renforcer les \u00e9quipements de sant\u00e9 \u00e0 Sfax.<\/p>\n<p>4. \u00c9quipements modernes : Renforcement des h\u00f4pitaux avec des ambulances, appareils d\u2019imagerie et \u00e9quipements chirurgicaux. Appui aux h\u00f4pitaux universitaires avec des dispositifs m\u00e9dicaux avanc\u00e9s, tels que des mammographes, scanners, et appareils d\u2019IRM.<\/p>\n<p>5. Projets d&rsquo;extension : Agrandissement de l\u2019h\u00f4pital de Skhira pour mieux r\u00e9pondre aux besoins des citoyens.<\/p>\n<p>6. Assurance de la disponibilit\u00e9 des m\u00e9dicaments et vaccins : Constitution d\u2019un stock permanent de m\u00e9dicaments et vaccins essentiels.<\/p>\n<p>7. Num\u00e9risation des services de sant\u00e9 : Mise en \u0153uvre d\u2019un dossier m\u00e9dical num\u00e9rique pour faciliter l&rsquo;acc\u00e8s aux services de sant\u00e9.<\/p>\n<p>8. Am\u00e9lioration de la prise en charge des patients : R\u00e9duction des temps d&rsquo;attente, en particulier pour les urgences.<\/p>\n<p>9. Renforcement des ressources humaines : Mobilisation du personnel m\u00e9dical dans les zones souffrant d&rsquo;un manque de cadres m\u00e9dicaux et renforcement de la m\u00e9decine sp\u00e9cialis\u00e9e.<\/p>\n<p>10. Sensibilisation \u00e0 la pr\u00e9vention sanitaire : Lancement de campagnes de pr\u00e9vention de grande envergure dans toutes les r\u00e9gions.<\/p>\n<p>Ces efforts s&rsquo;inscrivent dans l&rsquo;orientation globale de la pr\u00e9sidence visant \u00e0 d\u00e9velopper le secteur de la sant\u00e9 et \u00e0 garantir le droit \u00e0 la sant\u00e9 pour tous les citoyens, \u00e0 Sfax comme dans toutes les r\u00e9gions int\u00e9rieures.<\/p>\n","protected":false},"excerpt":{"rendered":"<p>Selon un communiqu\u00e9 du d\u00e9partement, la visite a inclus plusieurs \u00e9tablissements de sant\u00e9 pour \u00e9valuer le niveau des services et identifier les lacunes, dans le&#8230;<\/p>\n","protected":false},"author":3163,"featured_media":244100,"comment_status":"open","ping_status":"open","sticky":false,"template":"","format":"standard","meta":{"footnotes":""},"categories":[44],"tags":[3110,2731,2675,2608,4154],"class_list":["post-217562","post","type-post","status-publish","format-standard","has-post-thumbnail","hentry","category-national","tag-mesures","tag-sante","tag-sfax","tag-tunisie","tag-visite"],"yoast_head":"<!-- This site is optimized with the Yoast SEO Premium plugin v27.5 (Yoast SEO v27.5) - https:\/\/yoast.com\/product\/yoast-seo-premium-wordpress\/ -->\n<title>Tunisie : Batterie de mesures au profit du secteur de la sant\u00e9 \u00e0 Sfax<\/title>\n<meta name=\"description\" content=\"Selon un communiqu\u00e9 du d\u00e9partement, la visite a inclus plusieurs \u00e9tablissements de sant\u00e9 pour \u00e9valuer le niveau des services et identifier les lacunes, dans le...\" \/>\n<link rel=\"canonical\" href=\"https:\/\/www.webdo.tn\/fr\/actualite\/national\/tunisie-batterie-de-mesures-au-profit-du-secteur-de-la-sante-a-sfax\/217562\/\" \/>\n<meta property=\"og:locale\" content=\"fr_FR\" \/>\n<meta property=\"og:type\" content=\"article\" \/>\n<meta property=\"og:title\" content=\"Tunisie : Batterie de mesures au profit du secteur de la sant\u00e9 \u00e0 Sfax\" \/>\n<meta property=\"og:description\" content=\"Selon un communiqu\u00e9 du d\u00e9partement, la visite a inclus plusieurs \u00e9tablissements de sant\u00e9 pour \u00e9valuer le niveau des services et identifier les lacunes, dans le...\" \/>\n<meta property=\"og:url\" content=\"https:\/\/www.webdo.tn\/fr\/actualite\/national\/tunisie-batterie-de-mesures-au-profit-du-secteur-de-la-sante-a-sfax\/217562\/\" \/>\n<meta property=\"og:site_name\" content=\"webdo\" \/>\n<meta property=\"article:publisher\" content=\"https:\/\/www.facebook.com\/webdotn\" \/>\n<meta property=\"article:published_time\" content=\"2024-11-13T08:06:00+00:00\" \/>\n<meta property=\"article:modified_time\" content=\"2025-05-20T22:21:37+00:00\" \/>\n<meta property=\"og:image\" content=\"https:\/\/www.webdo.tn\/fr\/wp-content\/uploads\/2025\/05\/6fbc083272b88621034382aa0ae75a0b.webp\" \/>\n\t<meta property=\"og:image:width\" content=\"750\" \/>\n\t<meta property=\"og:image:height\" content=\"400\" \/>\n\t<meta property=\"og:image:type\" content=\"image\/webp\" \/>\n<meta name=\"author\" content=\"KJ\" \/>\n<meta name=\"twitter:card\" content=\"summary_large_image\" \/>\n<meta name=\"twitter:creator\" content=\"@webdo_tn\" \/>\n<meta name=\"twitter:site\" content=\"@webdo_tn\" \/>\n<meta name=\"twitter:label1\" content=\"\u00c9crit par\" \/>\n\t<meta name=\"twitter:data1\" content=\"KJ\" \/>\n\t<meta name=\"twitter:label2\" content=\"Dur\u00e9e de lecture estim\u00e9e\" \/>\n\t<meta name=\"twitter:data2\" content=\"2 minutes\" \/>\n<script type=\"application\/ld+json\" class=\"yoast-schema-graph\">{\"@context\":\"https:\\\/\\\/schema.org\",\"@graph\":[{\"@type\":\"NewsArticle\",\"@id\":\"https:\\\/\\\/www.webdo.tn\\\/fr\\\/actualite\\\/national\\\/tunisie-batterie-de-mesures-au-profit-du-secteur-de-la-sante-a-sfax\\\/217562\\\/#article\",\"isPartOf\":{\"@id\":\"https:\\\/\\\/www.webdo.tn\\\/fr\\\/actualite\\\/national\\\/tunisie-batterie-de-mesures-au-profit-du-secteur-de-la-sante-a-sfax\\\/217562\\\/\"},\"author\":{\"name\":\"KJ\",\"@id\":\"https:\\\/\\\/www.webdo.tn\\\/fr\\\/#\\\/schema\\\/person\\\/82ca085b22037d285e1a3c4b65ba5f71\"},\"headline\":\"Tunisie : Batterie de mesures au profit du secteur de la sant\u00e9 \u00e0 Sfax\",\"datePublished\":\"2024-11-13T08:06:00+00:00\",\"dateModified\":\"2025-05-20T22:21:37+00:00\",\"mainEntityOfPage\":{\"@id\":\"https:\\\/\\\/www.webdo.tn\\\/fr\\\/actualite\\\/national\\\/tunisie-batterie-de-mesures-au-profit-du-secteur-de-la-sante-a-sfax\\\/217562\\\/\"},\"wordCount\":379,\"commentCount\":0,\"publisher\":{\"@id\":\"https:\\\/\\\/www.webdo.tn\\\/fr\\\/#organization\"},\"image\":{\"@id\":\"https:\\\/\\\/www.webdo.tn\\\/fr\\\/actualite\\\/national\\\/tunisie-batterie-de-mesures-au-profit-du-secteur-de-la-sante-a-sfax\\\/217562\\\/#primaryimage\"},\"thumbnailUrl\":\"https:\\\/\\\/www.webdo.tn\\\/fr\\\/wp-content\\\/uploads\\\/2025\\\/05\\\/6fbc083272b88621034382aa0ae75a0b.webp\",\"keywords\":[\"Mesures\",\"Sant\u00e9\",\"Sfax\",\"Tunisie\",\"visite\"],\"articleSection\":[\"National\"],\"inLanguage\":\"fr-FR\"},{\"@type\":\"WebPage\",\"@id\":\"https:\\\/\\\/www.webdo.tn\\\/fr\\\/actualite\\\/national\\\/tunisie-batterie-de-mesures-au-profit-du-secteur-de-la-sante-a-sfax\\\/217562\\\/\",\"url\":\"https:\\\/\\\/www.webdo.tn\\\/fr\\\/actualite\\\/national\\\/tunisie-batterie-de-mesures-au-profit-du-secteur-de-la-sante-a-sfax\\\/217562\\\/\",\"name\":\"Tunisie : Batterie de mesures au profit du secteur de la sant\u00e9 \u00e0 Sfax\",\"isPartOf\":{\"@id\":\"https:\\\/\\\/www.webdo.tn\\\/fr\\\/#website\"},\"primaryImageOfPage\":{\"@id\":\"https:\\\/\\\/www.webdo.tn\\\/fr\\\/actualite\\\/national\\\/tunisie-batterie-de-mesures-au-profit-du-secteur-de-la-sante-a-sfax\\\/217562\\\/#primaryimage\"},\"image\":{\"@id\":\"https:\\\/\\\/www.webdo.tn\\\/fr\\\/actualite\\\/national\\\/tunisie-batterie-de-mesures-au-profit-du-secteur-de-la-sante-a-sfax\\\/217562\\\/#primaryimage\"},\"thumbnailUrl\":\"https:\\\/\\\/www.webdo.tn\\\/fr\\\/wp-content\\\/uploads\\\/2025\\\/05\\\/6fbc083272b88621034382aa0ae75a0b.webp\",\"datePublished\":\"2024-11-13T08:06:00+00:00\",\"dateModified\":\"2025-05-20T22:21:37+00:00\",\"description\":\"Selon un communiqu\u00e9 du d\u00e9partement, la visite a inclus plusieurs \u00e9tablissements de sant\u00e9 pour \u00e9valuer le niveau des services et identifier les lacunes, dans le...\",\"breadcrumb\":{\"@id\":\"https:\\\/\\\/www.webdo.tn\\\/fr\\\/actualite\\\/national\\\/tunisie-batterie-de-mesures-au-profit-du-secteur-de-la-sante-a-sfax\\\/217562\\\/#breadcrumb\"},\"inLanguage\":\"fr-FR\",\"potentialAction\":[{\"@type\":\"ReadAction\",\"target\":[\"https:\\\/\\\/www.webdo.tn\\\/fr\\\/actualite\\\/national\\\/tunisie-batterie-de-mesures-au-profit-du-secteur-de-la-sante-a-sfax\\\/217562\\\/\"]}]},{\"@type\":\"ImageObject\",\"inLanguage\":\"fr-FR\",\"@id\":\"https:\\\/\\\/www.webdo.tn\\\/fr\\\/actualite\\\/national\\\/tunisie-batterie-de-mesures-au-profit-du-secteur-de-la-sante-a-sfax\\\/217562\\\/#primaryimage\",\"url\":\"https:\\\/\\\/www.webdo.tn\\\/fr\\\/wp-content\\\/uploads\\\/2025\\\/05\\\/6fbc083272b88621034382aa0ae75a0b.webp\",\"contentUrl\":\"https:\\\/\\\/www.webdo.tn\\\/fr\\\/wp-content\\\/uploads\\\/2025\\\/05\\\/6fbc083272b88621034382aa0ae75a0b.webp\",\"width\":750,\"height\":400},{\"@type\":\"BreadcrumbList\",\"@id\":\"https:\\\/\\\/www.webdo.tn\\\/fr\\\/actualite\\\/national\\\/tunisie-batterie-de-mesures-au-profit-du-secteur-de-la-sante-a-sfax\\\/217562\\\/#breadcrumb\",\"itemListElement\":[{\"@type\":\"ListItem\",\"position\":1,\"name\":\"Accueil\",\"item\":\"https:\\\/\\\/www.webdo.tn\\\/fr\\\/\"},{\"@type\":\"ListItem\",\"position\":2,\"name\":\"Tunisie : Batterie de mesures au profit du secteur de la sant\u00e9 \u00e0 Sfax\"}]},{\"@type\":\"WebSite\",\"@id\":\"https:\\\/\\\/www.webdo.tn\\\/fr\\\/#website\",\"url\":\"https:\\\/\\\/www.webdo.tn\\\/fr\\\/\",\"name\":\"webdo\",\"description\":\"Tunisie - News en Tunisie et \u00e0 l&#039;international sur Webdo.tn\",\"publisher\":{\"@id\":\"https:\\\/\\\/www.webdo.tn\\\/fr\\\/#organization\"},\"potentialAction\":[{\"@type\":\"SearchAction\",\"target\":{\"@type\":\"EntryPoint\",\"urlTemplate\":\"https:\\\/\\\/www.webdo.tn\\\/fr\\\/?s={search_term_string}\"},\"query-input\":{\"@type\":\"PropertyValueSpecification\",\"valueRequired\":true,\"valueName\":\"search_term_string\"}}],\"inLanguage\":\"fr-FR\"},{\"@type\":\"Organization\",\"@id\":\"https:\\\/\\\/www.webdo.tn\\\/fr\\\/#organization\",\"name\":\"Webdo\",\"alternateName\":\"Webdo.tn\",\"url\":\"https:\\\/\\\/www.webdo.tn\\\/fr\\\/\",\"logo\":{\"@type\":\"ImageObject\",\"inLanguage\":\"fr-FR\",\"@id\":\"https:\\\/\\\/www.webdo.tn\\\/fr\\\/#\\\/schema\\\/logo\\\/image\\\/\",\"url\":\"https:\\\/\\\/www.webdo.tn\\\/fr\\\/wp-content\\\/uploads\\\/2025\\\/06\\\/Webdo-Tunisie_168377.jpg\",\"contentUrl\":\"https:\\\/\\\/www.webdo.tn\\\/fr\\\/wp-content\\\/uploads\\\/2025\\\/06\\\/Webdo-Tunisie_168377.jpg\",\"width\":301,\"height\":301,\"caption\":\"Webdo\"},\"image\":{\"@id\":\"https:\\\/\\\/www.webdo.tn\\\/fr\\\/#\\\/schema\\\/logo\\\/image\\\/\"},\"sameAs\":[\"https:\\\/\\\/www.facebook.com\\\/webdotn\",\"https:\\\/\\\/x.com\\\/webdo_tn\"],\"description\":\"Webdo est un m\u00e9dia num\u00e9rique tunisien fond\u00e9 en 2010, sp\u00e9cialis\u00e9 dans l\u2019actualit\u00e9 nationale et internationale, l\u2019\u00e9conomie, la soci\u00e9t\u00e9 et les analyses politiques. Le site s\u2019adresse \u00e0 un large public francophone et couvre l\u2019information tunisienne en temps r\u00e9el.\",\"email\":\"redac@webdo.tn\",\"legalName\":\"YNJ SARL\",\"foundingDate\":\"2010-09-06\",\"numberOfEmployees\":{\"@type\":\"QuantitativeValue\",\"minValue\":\"11\",\"maxValue\":\"50\"}},{\"@type\":\"Person\",\"@id\":\"https:\\\/\\\/www.webdo.tn\\\/fr\\\/#\\\/schema\\\/person\\\/82ca085b22037d285e1a3c4b65ba5f71\",\"name\":\"KJ\",\"image\":{\"@type\":\"ImageObject\",\"inLanguage\":\"fr-FR\",\"@id\":\"https:\\\/\\\/secure.gravatar.com\\\/avatar\\\/1a1320de1c1971c893f00068f760b4113d69504aa21273da17ee95650c5944fd?s=96&d=mm&r=g\",\"url\":\"https:\\\/\\\/secure.gravatar.com\\\/avatar\\\/1a1320de1c1971c893f00068f760b4113d69504aa21273da17ee95650c5944fd?s=96&d=mm&r=g\",\"contentUrl\":\"https:\\\/\\\/secure.gravatar.com\\\/avatar\\\/1a1320de1c1971c893f00068f760b4113d69504aa21273da17ee95650c5944fd?s=96&d=mm&r=g\",\"caption\":\"KJ\"},\"url\":\"https:\\\/\\\/www.webdo.tn\\\/fr\\\/actualite\\\/author\\\/kj\\\/\"}]}<\/script>\n<!-- \/ Yoast SEO Premium plugin. -->","yoast_head_json":{"title":"Tunisie : Batterie de mesures au profit du secteur de la sant\u00e9 \u00e0 Sfax","description":"Selon un communiqu\u00e9 du d\u00e9partement, la visite a inclus plusieurs \u00e9tablissements de sant\u00e9 pour \u00e9valuer le niveau des services et identifier les lacunes, dans le...","canonical":"https:\/\/www.webdo.tn\/fr\/actualite\/national\/tunisie-batterie-de-mesures-au-profit-du-secteur-de-la-sante-a-sfax\/217562\/","og_locale":"fr_FR","og_type":"article","og_title":"Tunisie : Batterie de mesures au profit du secteur de la sant\u00e9 \u00e0 Sfax","og_description":"Selon un communiqu\u00e9 du d\u00e9partement, la visite a inclus plusieurs \u00e9tablissements de sant\u00e9 pour \u00e9valuer le niveau des services et identifier les lacunes, dans le...","og_url":"https:\/\/www.webdo.tn\/fr\/actualite\/national\/tunisie-batterie-de-mesures-au-profit-du-secteur-de-la-sante-a-sfax\/217562\/","og_site_name":"webdo","article_publisher":"https:\/\/www.facebook.com\/webdotn","article_published_time":"2024-11-13T08:06:00+00:00","article_modified_time":"2025-05-20T22:21:37+00:00","og_image":[{"width":750,"height":400,"url":"https:\/\/www.webdo.tn\/fr\/wp-content\/uploads\/2025\/05\/6fbc083272b88621034382aa0ae75a0b.webp","type":"image\/webp"}],"author":"KJ","twitter_card":"summary_large_image","twitter_creator":"@webdo_tn","twitter_site":"@webdo_tn","twitter_misc":{"\u00c9crit par":"KJ","Dur\u00e9e de lecture estim\u00e9e":"2 minutes"},"schema":{"@context":"https:\/\/schema.org","@graph":[{"@type":"NewsArticle","@id":"https:\/\/www.webdo.tn\/fr\/actualite\/national\/tunisie-batterie-de-mesures-au-profit-du-secteur-de-la-sante-a-sfax\/217562\/#article","isPartOf":{"@id":"https:\/\/www.webdo.tn\/fr\/actualite\/national\/tunisie-batterie-de-mesures-au-profit-du-secteur-de-la-sante-a-sfax\/217562\/"},"author":{"name":"KJ","@id":"https:\/\/www.webdo.tn\/fr\/#\/schema\/person\/82ca085b22037d285e1a3c4b65ba5f71"},"headline":"Tunisie : Batterie de mesures au profit du secteur de la sant\u00e9 \u00e0 Sfax","datePublished":"2024-11-13T08:06:00+00:00","dateModified":"2025-05-20T22:21:37+00:00","mainEntityOfPage":{"@id":"https:\/\/www.webdo.tn\/fr\/actualite\/national\/tunisie-batterie-de-mesures-au-profit-du-secteur-de-la-sante-a-sfax\/217562\/"},"wordCount":379,"commentCount":0,"publisher":{"@id":"https:\/\/www.webdo.tn\/fr\/#organization"},"image":{"@id":"https:\/\/www.webdo.tn\/fr\/actualite\/national\/tunisie-batterie-de-mesures-au-profit-du-secteur-de-la-sante-a-sfax\/217562\/#primaryimage"},"thumbnailUrl":"https:\/\/www.webdo.tn\/fr\/wp-content\/uploads\/2025\/05\/6fbc083272b88621034382aa0ae75a0b.webp","keywords":["Mesures","Sant\u00e9","Sfax","Tunisie","visite"],"articleSection":["National"],"inLanguage":"fr-FR"},{"@type":"WebPage","@id":"https:\/\/www.webdo.tn\/fr\/actualite\/national\/tunisie-batterie-de-mesures-au-profit-du-secteur-de-la-sante-a-sfax\/217562\/","url":"https:\/\/www.webdo.tn\/fr\/actualite\/national\/tunisie-batterie-de-mesures-au-profit-du-secteur-de-la-sante-a-sfax\/217562\/","name":"Tunisie : Batterie de mesures au profit du secteur de la sant\u00e9 \u00e0 Sfax","isPartOf":{"@id":"https:\/\/www.webdo.tn\/fr\/#website"},"primaryImageOfPage":{"@id":"https:\/\/www.webdo.tn\/fr\/actualite\/national\/tunisie-batterie-de-mesures-au-profit-du-secteur-de-la-sante-a-sfax\/217562\/#primaryimage"},"image":{"@id":"https:\/\/www.webdo.tn\/fr\/actualite\/national\/tunisie-batterie-de-mesures-au-profit-du-secteur-de-la-sante-a-sfax\/217562\/#primaryimage"},"thumbnailUrl":"https:\/\/www.webdo.tn\/fr\/wp-content\/uploads\/2025\/05\/6fbc083272b88621034382aa0ae75a0b.webp","datePublished":"2024-11-13T08:06:00+00:00","dateModified":"2025-05-20T22:21:37+00:00","description":"Selon un communiqu\u00e9 du d\u00e9partement, la visite a inclus plusieurs \u00e9tablissements de sant\u00e9 pour \u00e9valuer le niveau des services et identifier les lacunes, dans le...","breadcrumb":{"@id":"https:\/\/www.webdo.tn\/fr\/actualite\/national\/tunisie-batterie-de-mesures-au-profit-du-secteur-de-la-sante-a-sfax\/217562\/#breadcrumb"},"inLanguage":"fr-FR","potentialAction":[{"@type":"ReadAction","target":["https:\/\/www.webdo.tn\/fr\/actualite\/national\/tunisie-batterie-de-mesures-au-profit-du-secteur-de-la-sante-a-sfax\/217562\/"]}]},{"@type":"ImageObject","inLanguage":"fr-FR","@id":"https:\/\/www.webdo.tn\/fr\/actualite\/national\/tunisie-batterie-de-mesures-au-profit-du-secteur-de-la-sante-a-sfax\/217562\/#primaryimage","url":"https:\/\/www.webdo.tn\/fr\/wp-content\/uploads\/2025\/05\/6fbc083272b88621034382aa0ae75a0b.webp","contentUrl":"https:\/\/www.webdo.tn\/fr\/wp-content\/uploads\/2025\/05\/6fbc083272b88621034382aa0ae75a0b.webp","width":750,"height":400},{"@type":"BreadcrumbList","@id":"https:\/\/www.webdo.tn\/fr\/actualite\/national\/tunisie-batterie-de-mesures-au-profit-du-secteur-de-la-sante-a-sfax\/217562\/#breadcrumb","itemListElement":[{"@type":"ListItem","position":1,"name":"Accueil","item":"https:\/\/www.webdo.tn\/fr\/"},{"@type":"ListItem","position":2,"name":"Tunisie : Batterie de mesures au profit du secteur de la sant\u00e9 \u00e0 Sfax"}]},{"@type":"WebSite","@id":"https:\/\/www.webdo.tn\/fr\/#website","url":"https:\/\/www.webdo.tn\/fr\/","name":"webdo","description":"Tunisie - News en Tunisie et \u00e0 l&#039;international sur Webdo.tn","publisher":{"@id":"https:\/\/www.webdo.tn\/fr\/#organization"},"potentialAction":[{"@type":"SearchAction","target":{"@type":"EntryPoint","urlTemplate":"https:\/\/www.webdo.tn\/fr\/?s={search_term_string}"},"query-input":{"@type":"PropertyValueSpecification","valueRequired":true,"valueName":"search_term_string"}}],"inLanguage":"fr-FR"},{"@type":"Organization","@id":"https:\/\/www.webdo.tn\/fr\/#organization","name":"Webdo","alternateName":"Webdo.tn","url":"https:\/\/www.webdo.tn\/fr\/","logo":{"@type":"ImageObject","inLanguage":"fr-FR","@id":"https:\/\/www.webdo.tn\/fr\/#\/schema\/logo\/image\/","url":"https:\/\/www.webdo.tn\/fr\/wp-content\/uploads\/2025\/06\/Webdo-Tunisie_168377.jpg","contentUrl":"https:\/\/www.webdo.tn\/fr\/wp-content\/uploads\/2025\/06\/Webdo-Tunisie_168377.jpg","width":301,"height":301,"caption":"Webdo"},"image":{"@id":"https:\/\/www.webdo.tn\/fr\/#\/schema\/logo\/image\/"},"sameAs":["https:\/\/www.facebook.com\/webdotn","https:\/\/x.com\/webdo_tn"],"description":"Webdo est un m\u00e9dia num\u00e9rique tunisien fond\u00e9 en 2010, sp\u00e9cialis\u00e9 dans l\u2019actualit\u00e9 nationale et internationale, l\u2019\u00e9conomie, la soci\u00e9t\u00e9 et les analyses politiques. Le site s\u2019adresse \u00e0 un large public francophone et couvre l\u2019information tunisienne en temps r\u00e9el.","email":"redac@webdo.tn","legalName":"YNJ SARL","foundingDate":"2010-09-06","numberOfEmployees":{"@type":"QuantitativeValue","minValue":"11","maxValue":"50"}},{"@type":"Person","@id":"https:\/\/www.webdo.tn\/fr\/#\/schema\/person\/82ca085b22037d285e1a3c4b65ba5f71","name":"KJ","image":{"@type":"ImageObject","inLanguage":"fr-FR","@id":"https:\/\/secure.gravatar.com\/avatar\/1a1320de1c1971c893f00068f760b4113d69504aa21273da17ee95650c5944fd?s=96&d=mm&r=g","url":"https:\/\/secure.gravatar.com\/avatar\/1a1320de1c1971c893f00068f760b4113d69504aa21273da17ee95650c5944fd?s=96&d=mm&r=g","contentUrl":"https:\/\/secure.gravatar.com\/avatar\/1a1320de1c1971c893f00068f760b4113d69504aa21273da17ee95650c5944fd?s=96&d=mm&r=g","caption":"KJ"},"url":"https:\/\/www.webdo.tn\/fr\/actualite\/author\/kj\/"}]}},"_links":{"self":[{"href":"https:\/\/www.webdo.tn\/fr\/wp-json\/wp\/v2\/posts\/217562","targetHints":{"allow":["GET"]}}],"collection":[{"href":"https:\/\/www.webdo.tn\/fr\/wp-json\/wp\/v2\/posts"}],"about":[{"href":"https:\/\/www.webdo.tn\/fr\/wp-json\/wp\/v2\/types\/post"}],"author":[{"embeddable":true,"href":"https:\/\/www.webdo.tn\/fr\/wp-json\/wp\/v2\/users\/3163"}],"replies":[{"embeddable":true,"href":"https:\/\/www.webdo.tn\/fr\/wp-json\/wp\/v2\/comments?post=217562"}],"version-history":[{"count":0,"href":"https:\/\/www.webdo.tn\/fr\/wp-json\/wp\/v2\/posts\/217562\/revisions"}],"wp:featuredmedia":[{"embeddable":true,"href":"https:\/\/www.webdo.tn\/fr\/wp-json\/wp\/v2\/media\/244100"}],"wp:attachment":[{"href":"https:\/\/www.webdo.tn\/fr\/wp-json\/wp\/v2\/media?parent=217562"}],"wp:term":[{"taxonomy":"category","embeddable":true,"href":"https:\/\/www.webdo.tn\/fr\/wp-json\/wp\/v2\/categories?post=217562"},{"taxonomy":"post_tag","embeddable":true,"href":"https:\/\/www.webdo.tn\/fr\/wp-json\/wp\/v2\/tags?post=217562"}],"curies":[{"name":"wp","href":"https:\/\/api.w.org\/{rel}","templated":true}]}}