{"id":217561,"date":"2024-11-13T07:43:00","date_gmt":"2024-11-13T07:43:00","guid":{"rendered":"https:\/\/www.webdo.tn\/fr\/blog\/tunisie-combien-l-impot-des-createurs-de-contenus-rapporte-a-l-etat\/217561\/"},"modified":"2025-05-20T22:21:47","modified_gmt":"2025-05-20T22:21:47","slug":"tunisie-combien-l-impot-des-createurs-de-contenus-rapporte-a-l-etat","status":"publish","type":"post","link":"https:\/\/www.webdo.tn\/fr\/actualite\/national\/tunisie-combien-l-impot-des-createurs-de-contenus-rapporte-a-l-etat\/217561\/","title":{"rendered":"Tunisie : Combien l\u2019imp\u00f4t des cr\u00e9ateurs de contenus rapporte \u00e0 l\u2019Etat"},"content":{"rendered":"<p>La ministre des Finances, Sihem Boughdiri Nemssia, a d\u00e9clar\u00e9 lors de la session pl\u00e9ni\u00e8re au Parlement d\u00e9di\u00e9e \u00e0 la discussion de la mission du minist\u00e8re des Finances, le mardi 12 novembre 2024, qu&rsquo;une base de donn\u00e9es a \u00e9t\u00e9 \u00e9tablie pour plusieurs activit\u00e9s non d\u00e9clar\u00e9es.<\/p>\n<p>\t\t\t\t\t\t\t\t\tElle a mentionn\u00e9 \u00e9galement la mise en place d&rsquo;une cellule charg\u00e9e de recueillir et d&rsquo;exploiter les informations relatives aux personnes actives sur les plateformes de r\u00e9seaux sociaux, notamment les influenceurs et cr\u00e9ateurs de contenu.<\/p>\n<p>Cette initiative a permis de r\u00e9aliser un contr\u00f4le fiscal d\u00e9passant les 15 millions de dinars pour cette cat\u00e9gorie.<\/p>\n<p>Elle a \u00e9galement indiqu\u00e9 la pr\u00e9paration d&rsquo;une application permettant l&rsquo;envoi automatique d\u2019avis aux contribuables en retard dans le d\u00e9p\u00f4t de leurs d\u00e9clarations fiscales, avec environ 45 000 notifications \u00e9mises.<br \/>\nLa ministre a ajout\u00e9 que l&rsquo;activation du syst\u00e8me d&rsquo;\u00e9change international d&rsquo;informations a permis de g\u00e9n\u00e9rer des recettes fiscales de plus de 11 millions de dinars.<\/p>\n","protected":false},"excerpt":{"rendered":"<p>Cette initiative a permis de r\u00e9aliser un contr\u00f4le fiscal d\u00e9passant les 15 millions de dinars pour cette cat\u00e9gorie.<\/p>\n","protected":false},"author":3163,"featured_media":291321,"comment_status":"open","ping_status":"closed","sticky":false,"template":"","format":"standard","meta":{"footnotes":""},"categories":[44],"tags":[7433,8319,2608],"class_list":["post-217561","post","type-post","status-publish","format-standard","has-post-thumbnail","hentry","category-national","tag-createurs-de-contenus","tag-impot","tag-tunisie"],"yoast_head":"<!-- This site is optimized with the Yoast SEO Premium plugin v27.5 (Yoast SEO v27.5) - https:\/\/yoast.com\/product\/yoast-seo-premium-wordpress\/ -->\n<title>Tunisie : Combien l\u2019imp\u00f4t des cr\u00e9ateurs de contenus rapporte \u00e0 l\u2019Etat<\/title>\n<meta name=\"description\" content=\"Cette initiative a permis de r\u00e9aliser un contr\u00f4le fiscal d\u00e9passant les 15 millions de dinars pour cette cat\u00e9gorie.\" \/>\n<link rel=\"canonical\" href=\"https:\/\/www.webdo.tn\/fr\/actualite\/national\/tunisie-combien-l-impot-des-createurs-de-contenus-rapporte-a-l-etat\/217561\/\" \/>\n<meta property=\"og:locale\" content=\"fr_FR\" \/>\n<meta property=\"og:type\" content=\"article\" \/>\n<meta property=\"og:title\" content=\"Tunisie : Combien l\u2019imp\u00f4t des cr\u00e9ateurs de contenus rapporte \u00e0 l\u2019Etat\" \/>\n<meta property=\"og:description\" content=\"Cette initiative a permis de r\u00e9aliser un contr\u00f4le fiscal d\u00e9passant les 15 millions de dinars pour cette cat\u00e9gorie.\" \/>\n<meta property=\"og:url\" content=\"https:\/\/www.webdo.tn\/fr\/actualite\/national\/tunisie-combien-l-impot-des-createurs-de-contenus-rapporte-a-l-etat\/217561\/\" \/>\n<meta property=\"og:site_name\" content=\"webdo\" \/>\n<meta property=\"article:publisher\" content=\"https:\/\/www.facebook.com\/webdotn\" \/>\n<meta property=\"article:published_time\" content=\"2024-11-13T07:43:00+00:00\" \/>\n<meta property=\"article:modified_time\" content=\"2025-05-20T22:21:47+00:00\" \/>\n<meta property=\"og:image\" content=\"https:\/\/www.webdo.tn\/fr\/wp-content\/uploads\/2024\/11\/6ef53b2203c021f74e6a3744fae06d16.webp\" \/>\n\t<meta property=\"og:image:width\" content=\"750\" \/>\n\t<meta property=\"og:image:height\" content=\"400\" \/>\n\t<meta property=\"og:image:type\" content=\"image\/webp\" \/>\n<meta name=\"author\" content=\"KJ\" \/>\n<meta name=\"twitter:card\" content=\"summary_large_image\" \/>\n<meta name=\"twitter:creator\" content=\"@webdo_tn\" \/>\n<meta name=\"twitter:site\" content=\"@webdo_tn\" \/>\n<meta name=\"twitter:label1\" content=\"\u00c9crit par\" \/>\n\t<meta name=\"twitter:data1\" content=\"KJ\" \/>\n\t<meta name=\"twitter:label2\" content=\"Dur\u00e9e de lecture estim\u00e9e\" \/>\n\t<meta name=\"twitter:data2\" content=\"1 minute\" \/>\n<script type=\"application\/ld+json\" class=\"yoast-schema-graph\">{\"@context\":\"https:\\\/\\\/schema.org\",\"@graph\":[{\"@type\":\"NewsArticle\",\"@id\":\"https:\\\/\\\/www.webdo.tn\\\/fr\\\/actualite\\\/national\\\/tunisie-combien-l-impot-des-createurs-de-contenus-rapporte-a-l-etat\\\/217561\\\/#article\",\"isPartOf\":{\"@id\":\"https:\\\/\\\/www.webdo.tn\\\/fr\\\/actualite\\\/national\\\/tunisie-combien-l-impot-des-createurs-de-contenus-rapporte-a-l-etat\\\/217561\\\/\"},\"author\":{\"name\":\"KJ\",\"@id\":\"https:\\\/\\\/www.webdo.tn\\\/fr\\\/#\\\/schema\\\/person\\\/82ca085b22037d285e1a3c4b65ba5f71\"},\"headline\":\"Tunisie : Combien l\u2019imp\u00f4t des cr\u00e9ateurs de contenus rapporte \u00e0 l\u2019Etat\",\"datePublished\":\"2024-11-13T07:43:00+00:00\",\"dateModified\":\"2025-05-20T22:21:47+00:00\",\"mainEntityOfPage\":{\"@id\":\"https:\\\/\\\/www.webdo.tn\\\/fr\\\/actualite\\\/national\\\/tunisie-combien-l-impot-des-createurs-de-contenus-rapporte-a-l-etat\\\/217561\\\/\"},\"wordCount\":189,\"commentCount\":0,\"publisher\":{\"@id\":\"https:\\\/\\\/www.webdo.tn\\\/fr\\\/#organization\"},\"image\":{\"@id\":\"https:\\\/\\\/www.webdo.tn\\\/fr\\\/actualite\\\/national\\\/tunisie-combien-l-impot-des-createurs-de-contenus-rapporte-a-l-etat\\\/217561\\\/#primaryimage\"},\"thumbnailUrl\":\"https:\\\/\\\/www.webdo.tn\\\/fr\\\/wp-content\\\/uploads\\\/2024\\\/11\\\/6ef53b2203c021f74e6a3744fae06d16.webp\",\"keywords\":[\"Cr\u00e9ateurs de contenus\",\"impot\",\"Tunisie\"],\"articleSection\":[\"National\"],\"inLanguage\":\"fr-FR\"},{\"@type\":\"WebPage\",\"@id\":\"https:\\\/\\\/www.webdo.tn\\\/fr\\\/actualite\\\/national\\\/tunisie-combien-l-impot-des-createurs-de-contenus-rapporte-a-l-etat\\\/217561\\\/\",\"url\":\"https:\\\/\\\/www.webdo.tn\\\/fr\\\/actualite\\\/national\\\/tunisie-combien-l-impot-des-createurs-de-contenus-rapporte-a-l-etat\\\/217561\\\/\",\"name\":\"Tunisie : Combien l\u2019imp\u00f4t des cr\u00e9ateurs de contenus rapporte \u00e0 l\u2019Etat\",\"isPartOf\":{\"@id\":\"https:\\\/\\\/www.webdo.tn\\\/fr\\\/#website\"},\"primaryImageOfPage\":{\"@id\":\"https:\\\/\\\/www.webdo.tn\\\/fr\\\/actualite\\\/national\\\/tunisie-combien-l-impot-des-createurs-de-contenus-rapporte-a-l-etat\\\/217561\\\/#primaryimage\"},\"image\":{\"@id\":\"https:\\\/\\\/www.webdo.tn\\\/fr\\\/actualite\\\/national\\\/tunisie-combien-l-impot-des-createurs-de-contenus-rapporte-a-l-etat\\\/217561\\\/#primaryimage\"},\"thumbnailUrl\":\"https:\\\/\\\/www.webdo.tn\\\/fr\\\/wp-content\\\/uploads\\\/2024\\\/11\\\/6ef53b2203c021f74e6a3744fae06d16.webp\",\"datePublished\":\"2024-11-13T07:43:00+00:00\",\"dateModified\":\"2025-05-20T22:21:47+00:00\",\"description\":\"Cette initiative a permis de r\u00e9aliser un contr\u00f4le fiscal d\u00e9passant les 15 millions de dinars pour cette cat\u00e9gorie.\",\"breadcrumb\":{\"@id\":\"https:\\\/\\\/www.webdo.tn\\\/fr\\\/actualite\\\/national\\\/tunisie-combien-l-impot-des-createurs-de-contenus-rapporte-a-l-etat\\\/217561\\\/#breadcrumb\"},\"inLanguage\":\"fr-FR\",\"potentialAction\":[{\"@type\":\"ReadAction\",\"target\":[\"https:\\\/\\\/www.webdo.tn\\\/fr\\\/actualite\\\/national\\\/tunisie-combien-l-impot-des-createurs-de-contenus-rapporte-a-l-etat\\\/217561\\\/\"]}]},{\"@type\":\"ImageObject\",\"inLanguage\":\"fr-FR\",\"@id\":\"https:\\\/\\\/www.webdo.tn\\\/fr\\\/actualite\\\/national\\\/tunisie-combien-l-impot-des-createurs-de-contenus-rapporte-a-l-etat\\\/217561\\\/#primaryimage\",\"url\":\"https:\\\/\\\/www.webdo.tn\\\/fr\\\/wp-content\\\/uploads\\\/2024\\\/11\\\/6ef53b2203c021f74e6a3744fae06d16.webp\",\"contentUrl\":\"https:\\\/\\\/www.webdo.tn\\\/fr\\\/wp-content\\\/uploads\\\/2024\\\/11\\\/6ef53b2203c021f74e6a3744fae06d16.webp\",\"width\":750,\"height\":400,\"caption\":\"Tunisie : Combien l\u2019imp\u00f4t des cr\u00e9ateurs de contenus rapporte \u00e0 l\u2019Etat\"},{\"@type\":\"BreadcrumbList\",\"@id\":\"https:\\\/\\\/www.webdo.tn\\\/fr\\\/actualite\\\/national\\\/tunisie-combien-l-impot-des-createurs-de-contenus-rapporte-a-l-etat\\\/217561\\\/#breadcrumb\",\"itemListElement\":[{\"@type\":\"ListItem\",\"position\":1,\"name\":\"Accueil\",\"item\":\"https:\\\/\\\/www.webdo.tn\\\/fr\\\/\"},{\"@type\":\"ListItem\",\"position\":2,\"name\":\"Tunisie : Combien l\u2019imp\u00f4t des cr\u00e9ateurs de contenus rapporte \u00e0 l\u2019Etat\"}]},{\"@type\":\"WebSite\",\"@id\":\"https:\\\/\\\/www.webdo.tn\\\/fr\\\/#website\",\"url\":\"https:\\\/\\\/www.webdo.tn\\\/fr\\\/\",\"name\":\"webdo\",\"description\":\"Tunisie - News en Tunisie et \u00e0 l&#039;international sur Webdo.tn\",\"publisher\":{\"@id\":\"https:\\\/\\\/www.webdo.tn\\\/fr\\\/#organization\"},\"potentialAction\":[{\"@type\":\"SearchAction\",\"target\":{\"@type\":\"EntryPoint\",\"urlTemplate\":\"https:\\\/\\\/www.webdo.tn\\\/fr\\\/?s={search_term_string}\"},\"query-input\":{\"@type\":\"PropertyValueSpecification\",\"valueRequired\":true,\"valueName\":\"search_term_string\"}}],\"inLanguage\":\"fr-FR\"},{\"@type\":\"Organization\",\"@id\":\"https:\\\/\\\/www.webdo.tn\\\/fr\\\/#organization\",\"name\":\"Webdo\",\"alternateName\":\"Webdo.tn\",\"url\":\"https:\\\/\\\/www.webdo.tn\\\/fr\\\/\",\"logo\":{\"@type\":\"ImageObject\",\"inLanguage\":\"fr-FR\",\"@id\":\"https:\\\/\\\/www.webdo.tn\\\/fr\\\/#\\\/schema\\\/logo\\\/image\\\/\",\"url\":\"https:\\\/\\\/www.webdo.tn\\\/fr\\\/wp-content\\\/uploads\\\/2025\\\/06\\\/Webdo-Tunisie_168377.jpg\",\"contentUrl\":\"https:\\\/\\\/www.webdo.tn\\\/fr\\\/wp-content\\\/uploads\\\/2025\\\/06\\\/Webdo-Tunisie_168377.jpg\",\"width\":301,\"height\":301,\"caption\":\"Webdo\"},\"image\":{\"@id\":\"https:\\\/\\\/www.webdo.tn\\\/fr\\\/#\\\/schema\\\/logo\\\/image\\\/\"},\"sameAs\":[\"https:\\\/\\\/www.facebook.com\\\/webdotn\",\"https:\\\/\\\/x.com\\\/webdo_tn\"],\"description\":\"Webdo est un m\u00e9dia num\u00e9rique tunisien fond\u00e9 en 2010, sp\u00e9cialis\u00e9 dans l\u2019actualit\u00e9 nationale et internationale, l\u2019\u00e9conomie, la soci\u00e9t\u00e9 et les analyses politiques. Le site s\u2019adresse \u00e0 un large public francophone et couvre l\u2019information tunisienne en temps r\u00e9el.\",\"email\":\"redac@webdo.tn\",\"legalName\":\"YNJ SARL\",\"foundingDate\":\"2010-09-06\",\"numberOfEmployees\":{\"@type\":\"QuantitativeValue\",\"minValue\":\"11\",\"maxValue\":\"50\"}},{\"@type\":\"Person\",\"@id\":\"https:\\\/\\\/www.webdo.tn\\\/fr\\\/#\\\/schema\\\/person\\\/82ca085b22037d285e1a3c4b65ba5f71\",\"name\":\"KJ\",\"image\":{\"@type\":\"ImageObject\",\"inLanguage\":\"fr-FR\",\"@id\":\"https:\\\/\\\/secure.gravatar.com\\\/avatar\\\/1a1320de1c1971c893f00068f760b4113d69504aa21273da17ee95650c5944fd?s=96&d=mm&r=g\",\"url\":\"https:\\\/\\\/secure.gravatar.com\\\/avatar\\\/1a1320de1c1971c893f00068f760b4113d69504aa21273da17ee95650c5944fd?s=96&d=mm&r=g\",\"contentUrl\":\"https:\\\/\\\/secure.gravatar.com\\\/avatar\\\/1a1320de1c1971c893f00068f760b4113d69504aa21273da17ee95650c5944fd?s=96&d=mm&r=g\",\"caption\":\"KJ\"},\"url\":\"https:\\\/\\\/www.webdo.tn\\\/fr\\\/actualite\\\/author\\\/kj\\\/\"}]}<\/script>\n<!-- \/ Yoast SEO Premium plugin. -->","yoast_head_json":{"title":"Tunisie : Combien l\u2019imp\u00f4t des cr\u00e9ateurs de contenus rapporte \u00e0 l\u2019Etat","description":"Cette initiative a permis de r\u00e9aliser un contr\u00f4le fiscal d\u00e9passant les 15 millions de dinars pour cette cat\u00e9gorie.","canonical":"https:\/\/www.webdo.tn\/fr\/actualite\/national\/tunisie-combien-l-impot-des-createurs-de-contenus-rapporte-a-l-etat\/217561\/","og_locale":"fr_FR","og_type":"article","og_title":"Tunisie : Combien l\u2019imp\u00f4t des cr\u00e9ateurs de contenus rapporte \u00e0 l\u2019Etat","og_description":"Cette initiative a permis de r\u00e9aliser un contr\u00f4le fiscal d\u00e9passant les 15 millions de dinars pour cette cat\u00e9gorie.","og_url":"https:\/\/www.webdo.tn\/fr\/actualite\/national\/tunisie-combien-l-impot-des-createurs-de-contenus-rapporte-a-l-etat\/217561\/","og_site_name":"webdo","article_publisher":"https:\/\/www.facebook.com\/webdotn","article_published_time":"2024-11-13T07:43:00+00:00","article_modified_time":"2025-05-20T22:21:47+00:00","og_image":[{"width":750,"height":400,"url":"https:\/\/www.webdo.tn\/fr\/wp-content\/uploads\/2024\/11\/6ef53b2203c021f74e6a3744fae06d16.webp","type":"image\/webp"}],"author":"KJ","twitter_card":"summary_large_image","twitter_creator":"@webdo_tn","twitter_site":"@webdo_tn","twitter_misc":{"\u00c9crit par":"KJ","Dur\u00e9e de lecture estim\u00e9e":"1 minute"},"schema":{"@context":"https:\/\/schema.org","@graph":[{"@type":"NewsArticle","@id":"https:\/\/www.webdo.tn\/fr\/actualite\/national\/tunisie-combien-l-impot-des-createurs-de-contenus-rapporte-a-l-etat\/217561\/#article","isPartOf":{"@id":"https:\/\/www.webdo.tn\/fr\/actualite\/national\/tunisie-combien-l-impot-des-createurs-de-contenus-rapporte-a-l-etat\/217561\/"},"author":{"name":"KJ","@id":"https:\/\/www.webdo.tn\/fr\/#\/schema\/person\/82ca085b22037d285e1a3c4b65ba5f71"},"headline":"Tunisie : Combien l\u2019imp\u00f4t des cr\u00e9ateurs de contenus rapporte \u00e0 l\u2019Etat","datePublished":"2024-11-13T07:43:00+00:00","dateModified":"2025-05-20T22:21:47+00:00","mainEntityOfPage":{"@id":"https:\/\/www.webdo.tn\/fr\/actualite\/national\/tunisie-combien-l-impot-des-createurs-de-contenus-rapporte-a-l-etat\/217561\/"},"wordCount":189,"commentCount":0,"publisher":{"@id":"https:\/\/www.webdo.tn\/fr\/#organization"},"image":{"@id":"https:\/\/www.webdo.tn\/fr\/actualite\/national\/tunisie-combien-l-impot-des-createurs-de-contenus-rapporte-a-l-etat\/217561\/#primaryimage"},"thumbnailUrl":"https:\/\/www.webdo.tn\/fr\/wp-content\/uploads\/2024\/11\/6ef53b2203c021f74e6a3744fae06d16.webp","keywords":["Cr\u00e9ateurs de contenus","impot","Tunisie"],"articleSection":["National"],"inLanguage":"fr-FR"},{"@type":"WebPage","@id":"https:\/\/www.webdo.tn\/fr\/actualite\/national\/tunisie-combien-l-impot-des-createurs-de-contenus-rapporte-a-l-etat\/217561\/","url":"https:\/\/www.webdo.tn\/fr\/actualite\/national\/tunisie-combien-l-impot-des-createurs-de-contenus-rapporte-a-l-etat\/217561\/","name":"Tunisie : Combien l\u2019imp\u00f4t des cr\u00e9ateurs de contenus rapporte \u00e0 l\u2019Etat","isPartOf":{"@id":"https:\/\/www.webdo.tn\/fr\/#website"},"primaryImageOfPage":{"@id":"https:\/\/www.webdo.tn\/fr\/actualite\/national\/tunisie-combien-l-impot-des-createurs-de-contenus-rapporte-a-l-etat\/217561\/#primaryimage"},"image":{"@id":"https:\/\/www.webdo.tn\/fr\/actualite\/national\/tunisie-combien-l-impot-des-createurs-de-contenus-rapporte-a-l-etat\/217561\/#primaryimage"},"thumbnailUrl":"https:\/\/www.webdo.tn\/fr\/wp-content\/uploads\/2024\/11\/6ef53b2203c021f74e6a3744fae06d16.webp","datePublished":"2024-11-13T07:43:00+00:00","dateModified":"2025-05-20T22:21:47+00:00","description":"Cette initiative a permis de r\u00e9aliser un contr\u00f4le fiscal d\u00e9passant les 15 millions de dinars pour cette cat\u00e9gorie.","breadcrumb":{"@id":"https:\/\/www.webdo.tn\/fr\/actualite\/national\/tunisie-combien-l-impot-des-createurs-de-contenus-rapporte-a-l-etat\/217561\/#breadcrumb"},"inLanguage":"fr-FR","potentialAction":[{"@type":"ReadAction","target":["https:\/\/www.webdo.tn\/fr\/actualite\/national\/tunisie-combien-l-impot-des-createurs-de-contenus-rapporte-a-l-etat\/217561\/"]}]},{"@type":"ImageObject","inLanguage":"fr-FR","@id":"https:\/\/www.webdo.tn\/fr\/actualite\/national\/tunisie-combien-l-impot-des-createurs-de-contenus-rapporte-a-l-etat\/217561\/#primaryimage","url":"https:\/\/www.webdo.tn\/fr\/wp-content\/uploads\/2024\/11\/6ef53b2203c021f74e6a3744fae06d16.webp","contentUrl":"https:\/\/www.webdo.tn\/fr\/wp-content\/uploads\/2024\/11\/6ef53b2203c021f74e6a3744fae06d16.webp","width":750,"height":400,"caption":"Tunisie : Combien l\u2019imp\u00f4t des cr\u00e9ateurs de contenus rapporte \u00e0 l\u2019Etat"},{"@type":"BreadcrumbList","@id":"https:\/\/www.webdo.tn\/fr\/actualite\/national\/tunisie-combien-l-impot-des-createurs-de-contenus-rapporte-a-l-etat\/217561\/#breadcrumb","itemListElement":[{"@type":"ListItem","position":1,"name":"Accueil","item":"https:\/\/www.webdo.tn\/fr\/"},{"@type":"ListItem","position":2,"name":"Tunisie : Combien l\u2019imp\u00f4t des cr\u00e9ateurs de contenus rapporte \u00e0 l\u2019Etat"}]},{"@type":"WebSite","@id":"https:\/\/www.webdo.tn\/fr\/#website","url":"https:\/\/www.webdo.tn\/fr\/","name":"webdo","description":"Tunisie - News en Tunisie et \u00e0 l&#039;international sur Webdo.tn","publisher":{"@id":"https:\/\/www.webdo.tn\/fr\/#organization"},"potentialAction":[{"@type":"SearchAction","target":{"@type":"EntryPoint","urlTemplate":"https:\/\/www.webdo.tn\/fr\/?s={search_term_string}"},"query-input":{"@type":"PropertyValueSpecification","valueRequired":true,"valueName":"search_term_string"}}],"inLanguage":"fr-FR"},{"@type":"Organization","@id":"https:\/\/www.webdo.tn\/fr\/#organization","name":"Webdo","alternateName":"Webdo.tn","url":"https:\/\/www.webdo.tn\/fr\/","logo":{"@type":"ImageObject","inLanguage":"fr-FR","@id":"https:\/\/www.webdo.tn\/fr\/#\/schema\/logo\/image\/","url":"https:\/\/www.webdo.tn\/fr\/wp-content\/uploads\/2025\/06\/Webdo-Tunisie_168377.jpg","contentUrl":"https:\/\/www.webdo.tn\/fr\/wp-content\/uploads\/2025\/06\/Webdo-Tunisie_168377.jpg","width":301,"height":301,"caption":"Webdo"},"image":{"@id":"https:\/\/www.webdo.tn\/fr\/#\/schema\/logo\/image\/"},"sameAs":["https:\/\/www.facebook.com\/webdotn","https:\/\/x.com\/webdo_tn"],"description":"Webdo est un m\u00e9dia num\u00e9rique tunisien fond\u00e9 en 2010, sp\u00e9cialis\u00e9 dans l\u2019actualit\u00e9 nationale et internationale, l\u2019\u00e9conomie, la soci\u00e9t\u00e9 et les analyses politiques. Le site s\u2019adresse \u00e0 un large public francophone et couvre l\u2019information tunisienne en temps r\u00e9el.","email":"redac@webdo.tn","legalName":"YNJ SARL","foundingDate":"2010-09-06","numberOfEmployees":{"@type":"QuantitativeValue","minValue":"11","maxValue":"50"}},{"@type":"Person","@id":"https:\/\/www.webdo.tn\/fr\/#\/schema\/person\/82ca085b22037d285e1a3c4b65ba5f71","name":"KJ","image":{"@type":"ImageObject","inLanguage":"fr-FR","@id":"https:\/\/secure.gravatar.com\/avatar\/1a1320de1c1971c893f00068f760b4113d69504aa21273da17ee95650c5944fd?s=96&d=mm&r=g","url":"https:\/\/secure.gravatar.com\/avatar\/1a1320de1c1971c893f00068f760b4113d69504aa21273da17ee95650c5944fd?s=96&d=mm&r=g","contentUrl":"https:\/\/secure.gravatar.com\/avatar\/1a1320de1c1971c893f00068f760b4113d69504aa21273da17ee95650c5944fd?s=96&d=mm&r=g","caption":"KJ"},"url":"https:\/\/www.webdo.tn\/fr\/actualite\/author\/kj\/"}]}},"_links":{"self":[{"href":"https:\/\/www.webdo.tn\/fr\/wp-json\/wp\/v2\/posts\/217561","targetHints":{"allow":["GET"]}}],"collection":[{"href":"https:\/\/www.webdo.tn\/fr\/wp-json\/wp\/v2\/posts"}],"about":[{"href":"https:\/\/www.webdo.tn\/fr\/wp-json\/wp\/v2\/types\/post"}],"author":[{"embeddable":true,"href":"https:\/\/www.webdo.tn\/fr\/wp-json\/wp\/v2\/users\/3163"}],"replies":[{"embeddable":true,"href":"https:\/\/www.webdo.tn\/fr\/wp-json\/wp\/v2\/comments?post=217561"}],"version-history":[{"count":0,"href":"https:\/\/www.webdo.tn\/fr\/wp-json\/wp\/v2\/posts\/217561\/revisions"}],"wp:featuredmedia":[{"embeddable":true,"href":"https:\/\/www.webdo.tn\/fr\/wp-json\/wp\/v2\/media\/291321"}],"wp:attachment":[{"href":"https:\/\/www.webdo.tn\/fr\/wp-json\/wp\/v2\/media?parent=217561"}],"wp:term":[{"taxonomy":"category","embeddable":true,"href":"https:\/\/www.webdo.tn\/fr\/wp-json\/wp\/v2\/categories?post=217561"},{"taxonomy":"post_tag","embeddable":true,"href":"https:\/\/www.webdo.tn\/fr\/wp-json\/wp\/v2\/tags?post=217561"}],"curies":[{"name":"wp","href":"https:\/\/api.w.org\/{rel}","templated":true}]}}