{"id":217533,"date":"2024-11-11T17:17:00","date_gmt":"2024-11-11T17:17:00","guid":{"rendered":"https:\/\/www.webdo.tn\/fr\/blog\/2024\/11\/11\/tunisie-mandat-de-depot-a-l-encontre-d-abdelaziz-makhloufi\/"},"modified":"2025-05-21T09:02:02","modified_gmt":"2025-05-21T09:02:02","slug":"tunisie-mandat-de-depot-a-l-encontre-d-abdelaziz-makhloufi","status":"publish","type":"post","link":"https:\/\/www.webdo.tn\/fr\/actualite\/national\/tunisie-mandat-de-depot-a-l-encontre-d-abdelaziz-makhloufi\/217533\/","title":{"rendered":"Tunisie : Mandat de d\u00e9p\u00f4t \u00e0 l&rsquo;encontre d&rsquo;Abdelaziz Makhloufi"},"content":{"rendered":"<p>Le p\u00f4le judiciaire financier a ordonn\u00e9, ce lundi 11 novembre 2024, l&rsquo;incarc\u00e9ration d&rsquo;Abdelaziz Makhloufi, pr\u00e9sident du Club sportif sfaxien et homme d&rsquo;affaires.<\/p>\n<p>\t\t\t\t\t\t\t\t\tCette incarceration intervient dans le cadre d\u2019une enqu\u00eate sur des soup\u00e7ons de corruption financi\u00e8re et administrative concernant Henchir Cha\u00e2l, d\u2019apr\u00e8s Mosa\u00efque FM.<\/p>\n<p>Cette affaire s\u2019accompagne d\u2019une enqu\u00eate judiciaire ouverte par le p\u00f4le \u00e9conomique et financier, visant environ quinze personnes. Parmi elles, onze sont actuellement d\u00e9tenues, dont Makhloufi, un ancien ministre de l\u2019Agriculture, un directeur de cabinet minist\u00e9riel, un ex-directeur g\u00e9n\u00e9ral de l\u2019Office des terres domaniales et plusieurs cadres du complexe de Henchir Cha\u00e2l. Quatre autres individus ont \u00e9t\u00e9 lib\u00e9r\u00e9s avec obligation de pr\u00e9sentation.<\/p>\n<p>Un mandat de d\u00e9p\u00f4t a \u00e9t\u00e9 \u00e9galement \u00e9mis \u00e0 l&rsquo;encontre d\u2019un cadre administratif de Henchir Cha\u00e2l, tandis que l\u2019interrogatoire des autres suspects se poursuit, dans l&rsquo;attente de d\u00e9cisions appropri\u00e9es.<\/p>\n<p>Mercredi dernier, le pr\u00e9sident de la r\u00e9publique, Ka\u00efs Sa\u00efed, s&rsquo;est rendu de mani\u00e8re inopin\u00e9e au domaine agricole Henchir Cha\u00e2l, o\u00f9 il a d\u00e9nonc\u00e9 la mauvaise gestion de cette exploitation d\u2019\u00c9tat. Il a aussi point\u00e9 \u00ab\u00a0la mauvaise gestion des biens publics\u00a0\u00bb et \u00e9voqu\u00e9 des soup\u00e7ons de corruption financi\u00e8re et administrative au sein de ce domaine.<\/p>\n","protected":false},"excerpt":{"rendered":"<p>Incarc\u00e9ration d&rsquo;Abdelaziz Makhloufi, pr\u00e9sident du Club sportif sfaxien, dans une affaire de corruption li\u00e9e \u00e0 Henchir Cha\u00e2l, avec plusieurs autres figures sous&#8230;<\/p>\n","protected":false},"author":3166,"featured_media":244104,"comment_status":"open","ping_status":"open","sticky":false,"template":"","format":"standard","meta":{"footnotes":""},"categories":[44],"tags":[4540,4541,2886,2608],"class_list":["post-217533","post","type-post","status-publish","format-standard","has-post-thumbnail","hentry","category-national","tag-abdelaziz-makhloufi","tag-henchir-chaal","tag-mandat-de-depot","tag-tunisie"],"yoast_head":"<!-- This site is optimized with the Yoast SEO Premium plugin v27.5 (Yoast SEO v27.5) - https:\/\/yoast.com\/product\/yoast-seo-premium-wordpress\/ -->\n<title>Tunisie : Mandat de d\u00e9p\u00f4t \u00e0 l&#039;encontre d&#039;Abdelaziz Makhloufi<\/title>\n<meta name=\"description\" content=\"Incarc\u00e9ration d&#039;Abdelaziz Makhloufi, pr\u00e9sident du Club sportif sfaxien, dans une affaire de corruption li\u00e9e \u00e0 Henchir Cha\u00e2l, avec plusieurs autres figures sous...\" \/>\n<link rel=\"canonical\" href=\"https:\/\/www.webdo.tn\/fr\/actualite\/national\/tunisie-mandat-de-depot-a-l-encontre-d-abdelaziz-makhloufi\/217533\/\" \/>\n<meta property=\"og:locale\" content=\"fr_FR\" \/>\n<meta property=\"og:type\" content=\"article\" \/>\n<meta property=\"og:title\" content=\"Tunisie : Mandat de d\u00e9p\u00f4t \u00e0 l&#039;encontre d&#039;Abdelaziz Makhloufi\" \/>\n<meta property=\"og:description\" content=\"Incarc\u00e9ration d&#039;Abdelaziz Makhloufi, pr\u00e9sident du Club sportif sfaxien, dans une affaire de corruption li\u00e9e \u00e0 Henchir Cha\u00e2l, avec plusieurs autres figures sous...\" \/>\n<meta property=\"og:url\" content=\"https:\/\/www.webdo.tn\/fr\/actualite\/national\/tunisie-mandat-de-depot-a-l-encontre-d-abdelaziz-makhloufi\/217533\/\" \/>\n<meta property=\"og:site_name\" content=\"webdo\" \/>\n<meta property=\"article:publisher\" content=\"https:\/\/www.facebook.com\/webdotn\" \/>\n<meta property=\"article:published_time\" content=\"2024-11-11T17:17:00+00:00\" \/>\n<meta property=\"article:modified_time\" content=\"2025-05-21T09:02:02+00:00\" \/>\n<meta property=\"og:image\" content=\"https:\/\/www.webdo.tn\/fr\/wp-content\/uploads\/2025\/05\/8759cd2d50ccb1929d379c5dbbf3812e.webp\" \/>\n\t<meta property=\"og:image:width\" content=\"750\" \/>\n\t<meta property=\"og:image:height\" content=\"400\" \/>\n\t<meta property=\"og:image:type\" content=\"image\/webp\" \/>\n<meta name=\"author\" content=\"AZ\" \/>\n<meta name=\"twitter:card\" content=\"summary_large_image\" \/>\n<meta name=\"twitter:creator\" content=\"@webdo_tn\" \/>\n<meta name=\"twitter:site\" content=\"@webdo_tn\" \/>\n<meta name=\"twitter:label1\" content=\"\u00c9crit par\" \/>\n\t<meta name=\"twitter:data1\" content=\"AZ\" \/>\n\t<meta name=\"twitter:label2\" content=\"Dur\u00e9e de lecture estim\u00e9e\" \/>\n\t<meta name=\"twitter:data2\" content=\"1 minute\" \/>\n<script type=\"application\/ld+json\" class=\"yoast-schema-graph\">{\"@context\":\"https:\\\/\\\/schema.org\",\"@graph\":[{\"@type\":\"NewsArticle\",\"@id\":\"https:\\\/\\\/www.webdo.tn\\\/fr\\\/actualite\\\/national\\\/tunisie-mandat-de-depot-a-l-encontre-d-abdelaziz-makhloufi\\\/217533\\\/#article\",\"isPartOf\":{\"@id\":\"https:\\\/\\\/www.webdo.tn\\\/fr\\\/actualite\\\/national\\\/tunisie-mandat-de-depot-a-l-encontre-d-abdelaziz-makhloufi\\\/217533\\\/\"},\"author\":{\"name\":\"AZ\",\"@id\":\"https:\\\/\\\/www.webdo.tn\\\/fr\\\/#\\\/schema\\\/person\\\/b8a41c04d93287d375510db360906b34\"},\"headline\":\"Tunisie : Mandat de d\u00e9p\u00f4t \u00e0 l&rsquo;encontre d&rsquo;Abdelaziz Makhloufi\",\"datePublished\":\"2024-11-11T17:17:00+00:00\",\"dateModified\":\"2025-05-21T09:02:02+00:00\",\"mainEntityOfPage\":{\"@id\":\"https:\\\/\\\/www.webdo.tn\\\/fr\\\/actualite\\\/national\\\/tunisie-mandat-de-depot-a-l-encontre-d-abdelaziz-makhloufi\\\/217533\\\/\"},\"wordCount\":245,\"commentCount\":0,\"publisher\":{\"@id\":\"https:\\\/\\\/www.webdo.tn\\\/fr\\\/#organization\"},\"image\":{\"@id\":\"https:\\\/\\\/www.webdo.tn\\\/fr\\\/actualite\\\/national\\\/tunisie-mandat-de-depot-a-l-encontre-d-abdelaziz-makhloufi\\\/217533\\\/#primaryimage\"},\"thumbnailUrl\":\"https:\\\/\\\/www.webdo.tn\\\/fr\\\/wp-content\\\/uploads\\\/2025\\\/05\\\/8759cd2d50ccb1929d379c5dbbf3812e.webp\",\"keywords\":[\"Abdelaziz Makhloufi\",\"Henchir Cha\u00e2l\",\"mandat de d\u00e9p\u00f4t\",\"Tunisie\"],\"articleSection\":[\"National\"],\"inLanguage\":\"fr-FR\"},{\"@type\":\"WebPage\",\"@id\":\"https:\\\/\\\/www.webdo.tn\\\/fr\\\/actualite\\\/national\\\/tunisie-mandat-de-depot-a-l-encontre-d-abdelaziz-makhloufi\\\/217533\\\/\",\"url\":\"https:\\\/\\\/www.webdo.tn\\\/fr\\\/actualite\\\/national\\\/tunisie-mandat-de-depot-a-l-encontre-d-abdelaziz-makhloufi\\\/217533\\\/\",\"name\":\"Tunisie : Mandat de d\u00e9p\u00f4t \u00e0 l'encontre d'Abdelaziz Makhloufi\",\"isPartOf\":{\"@id\":\"https:\\\/\\\/www.webdo.tn\\\/fr\\\/#website\"},\"primaryImageOfPage\":{\"@id\":\"https:\\\/\\\/www.webdo.tn\\\/fr\\\/actualite\\\/national\\\/tunisie-mandat-de-depot-a-l-encontre-d-abdelaziz-makhloufi\\\/217533\\\/#primaryimage\"},\"image\":{\"@id\":\"https:\\\/\\\/www.webdo.tn\\\/fr\\\/actualite\\\/national\\\/tunisie-mandat-de-depot-a-l-encontre-d-abdelaziz-makhloufi\\\/217533\\\/#primaryimage\"},\"thumbnailUrl\":\"https:\\\/\\\/www.webdo.tn\\\/fr\\\/wp-content\\\/uploads\\\/2025\\\/05\\\/8759cd2d50ccb1929d379c5dbbf3812e.webp\",\"datePublished\":\"2024-11-11T17:17:00+00:00\",\"dateModified\":\"2025-05-21T09:02:02+00:00\",\"description\":\"Incarc\u00e9ration d'Abdelaziz Makhloufi, pr\u00e9sident du Club sportif sfaxien, dans une affaire de corruption li\u00e9e \u00e0 Henchir Cha\u00e2l, avec plusieurs autres figures sous...\",\"breadcrumb\":{\"@id\":\"https:\\\/\\\/www.webdo.tn\\\/fr\\\/actualite\\\/national\\\/tunisie-mandat-de-depot-a-l-encontre-d-abdelaziz-makhloufi\\\/217533\\\/#breadcrumb\"},\"inLanguage\":\"fr-FR\",\"potentialAction\":[{\"@type\":\"ReadAction\",\"target\":[\"https:\\\/\\\/www.webdo.tn\\\/fr\\\/actualite\\\/national\\\/tunisie-mandat-de-depot-a-l-encontre-d-abdelaziz-makhloufi\\\/217533\\\/\"]}]},{\"@type\":\"ImageObject\",\"inLanguage\":\"fr-FR\",\"@id\":\"https:\\\/\\\/www.webdo.tn\\\/fr\\\/actualite\\\/national\\\/tunisie-mandat-de-depot-a-l-encontre-d-abdelaziz-makhloufi\\\/217533\\\/#primaryimage\",\"url\":\"https:\\\/\\\/www.webdo.tn\\\/fr\\\/wp-content\\\/uploads\\\/2025\\\/05\\\/8759cd2d50ccb1929d379c5dbbf3812e.webp\",\"contentUrl\":\"https:\\\/\\\/www.webdo.tn\\\/fr\\\/wp-content\\\/uploads\\\/2025\\\/05\\\/8759cd2d50ccb1929d379c5dbbf3812e.webp\",\"width\":750,\"height\":400},{\"@type\":\"BreadcrumbList\",\"@id\":\"https:\\\/\\\/www.webdo.tn\\\/fr\\\/actualite\\\/national\\\/tunisie-mandat-de-depot-a-l-encontre-d-abdelaziz-makhloufi\\\/217533\\\/#breadcrumb\",\"itemListElement\":[{\"@type\":\"ListItem\",\"position\":1,\"name\":\"Accueil\",\"item\":\"https:\\\/\\\/www.webdo.tn\\\/fr\\\/\"},{\"@type\":\"ListItem\",\"position\":2,\"name\":\"Tunisie : Mandat de d\u00e9p\u00f4t \u00e0 l&#8217;encontre d&#8217;Abdelaziz Makhloufi\"}]},{\"@type\":\"WebSite\",\"@id\":\"https:\\\/\\\/www.webdo.tn\\\/fr\\\/#website\",\"url\":\"https:\\\/\\\/www.webdo.tn\\\/fr\\\/\",\"name\":\"webdo\",\"description\":\"Tunisie - News en Tunisie et \u00e0 l&#039;international sur Webdo.tn\",\"publisher\":{\"@id\":\"https:\\\/\\\/www.webdo.tn\\\/fr\\\/#organization\"},\"potentialAction\":[{\"@type\":\"SearchAction\",\"target\":{\"@type\":\"EntryPoint\",\"urlTemplate\":\"https:\\\/\\\/www.webdo.tn\\\/fr\\\/?s={search_term_string}\"},\"query-input\":{\"@type\":\"PropertyValueSpecification\",\"valueRequired\":true,\"valueName\":\"search_term_string\"}}],\"inLanguage\":\"fr-FR\"},{\"@type\":\"Organization\",\"@id\":\"https:\\\/\\\/www.webdo.tn\\\/fr\\\/#organization\",\"name\":\"Webdo\",\"alternateName\":\"Webdo.tn\",\"url\":\"https:\\\/\\\/www.webdo.tn\\\/fr\\\/\",\"logo\":{\"@type\":\"ImageObject\",\"inLanguage\":\"fr-FR\",\"@id\":\"https:\\\/\\\/www.webdo.tn\\\/fr\\\/#\\\/schema\\\/logo\\\/image\\\/\",\"url\":\"https:\\\/\\\/www.webdo.tn\\\/fr\\\/wp-content\\\/uploads\\\/2025\\\/06\\\/Webdo-Tunisie_168377.jpg\",\"contentUrl\":\"https:\\\/\\\/www.webdo.tn\\\/fr\\\/wp-content\\\/uploads\\\/2025\\\/06\\\/Webdo-Tunisie_168377.jpg\",\"width\":301,\"height\":301,\"caption\":\"Webdo\"},\"image\":{\"@id\":\"https:\\\/\\\/www.webdo.tn\\\/fr\\\/#\\\/schema\\\/logo\\\/image\\\/\"},\"sameAs\":[\"https:\\\/\\\/www.facebook.com\\\/webdotn\",\"https:\\\/\\\/x.com\\\/webdo_tn\"],\"description\":\"Webdo est un m\u00e9dia num\u00e9rique tunisien fond\u00e9 en 2010, sp\u00e9cialis\u00e9 dans l\u2019actualit\u00e9 nationale et internationale, l\u2019\u00e9conomie, la soci\u00e9t\u00e9 et les analyses politiques. Le site s\u2019adresse \u00e0 un large public francophone et couvre l\u2019information tunisienne en temps r\u00e9el.\",\"email\":\"redac@webdo.tn\",\"legalName\":\"YNJ SARL\",\"foundingDate\":\"2010-09-06\",\"numberOfEmployees\":{\"@type\":\"QuantitativeValue\",\"minValue\":\"11\",\"maxValue\":\"50\"}},{\"@type\":\"Person\",\"@id\":\"https:\\\/\\\/www.webdo.tn\\\/fr\\\/#\\\/schema\\\/person\\\/b8a41c04d93287d375510db360906b34\",\"name\":\"AZ\",\"image\":{\"@type\":\"ImageObject\",\"inLanguage\":\"fr-FR\",\"@id\":\"https:\\\/\\\/secure.gravatar.com\\\/avatar\\\/492b80bada79439de4201dce15cd41eece6c277cfdf1b53382073c79105c1f89?s=96&d=mm&r=g\",\"url\":\"https:\\\/\\\/secure.gravatar.com\\\/avatar\\\/492b80bada79439de4201dce15cd41eece6c277cfdf1b53382073c79105c1f89?s=96&d=mm&r=g\",\"contentUrl\":\"https:\\\/\\\/secure.gravatar.com\\\/avatar\\\/492b80bada79439de4201dce15cd41eece6c277cfdf1b53382073c79105c1f89?s=96&d=mm&r=g\",\"caption\":\"AZ\"},\"url\":\"https:\\\/\\\/www.webdo.tn\\\/fr\\\/actualite\\\/author\\\/az\\\/\"}]}<\/script>\n<!-- \/ Yoast SEO Premium plugin. -->","yoast_head_json":{"title":"Tunisie : Mandat de d\u00e9p\u00f4t \u00e0 l'encontre d'Abdelaziz Makhloufi","description":"Incarc\u00e9ration d'Abdelaziz Makhloufi, pr\u00e9sident du Club sportif sfaxien, dans une affaire de corruption li\u00e9e \u00e0 Henchir Cha\u00e2l, avec plusieurs autres figures sous...","canonical":"https:\/\/www.webdo.tn\/fr\/actualite\/national\/tunisie-mandat-de-depot-a-l-encontre-d-abdelaziz-makhloufi\/217533\/","og_locale":"fr_FR","og_type":"article","og_title":"Tunisie : Mandat de d\u00e9p\u00f4t \u00e0 l'encontre d'Abdelaziz Makhloufi","og_description":"Incarc\u00e9ration d'Abdelaziz Makhloufi, pr\u00e9sident du Club sportif sfaxien, dans une affaire de corruption li\u00e9e \u00e0 Henchir Cha\u00e2l, avec plusieurs autres figures sous...","og_url":"https:\/\/www.webdo.tn\/fr\/actualite\/national\/tunisie-mandat-de-depot-a-l-encontre-d-abdelaziz-makhloufi\/217533\/","og_site_name":"webdo","article_publisher":"https:\/\/www.facebook.com\/webdotn","article_published_time":"2024-11-11T17:17:00+00:00","article_modified_time":"2025-05-21T09:02:02+00:00","og_image":[{"width":750,"height":400,"url":"https:\/\/www.webdo.tn\/fr\/wp-content\/uploads\/2025\/05\/8759cd2d50ccb1929d379c5dbbf3812e.webp","type":"image\/webp"}],"author":"AZ","twitter_card":"summary_large_image","twitter_creator":"@webdo_tn","twitter_site":"@webdo_tn","twitter_misc":{"\u00c9crit par":"AZ","Dur\u00e9e de lecture estim\u00e9e":"1 minute"},"schema":{"@context":"https:\/\/schema.org","@graph":[{"@type":"NewsArticle","@id":"https:\/\/www.webdo.tn\/fr\/actualite\/national\/tunisie-mandat-de-depot-a-l-encontre-d-abdelaziz-makhloufi\/217533\/#article","isPartOf":{"@id":"https:\/\/www.webdo.tn\/fr\/actualite\/national\/tunisie-mandat-de-depot-a-l-encontre-d-abdelaziz-makhloufi\/217533\/"},"author":{"name":"AZ","@id":"https:\/\/www.webdo.tn\/fr\/#\/schema\/person\/b8a41c04d93287d375510db360906b34"},"headline":"Tunisie : Mandat de d\u00e9p\u00f4t \u00e0 l&rsquo;encontre d&rsquo;Abdelaziz Makhloufi","datePublished":"2024-11-11T17:17:00+00:00","dateModified":"2025-05-21T09:02:02+00:00","mainEntityOfPage":{"@id":"https:\/\/www.webdo.tn\/fr\/actualite\/national\/tunisie-mandat-de-depot-a-l-encontre-d-abdelaziz-makhloufi\/217533\/"},"wordCount":245,"commentCount":0,"publisher":{"@id":"https:\/\/www.webdo.tn\/fr\/#organization"},"image":{"@id":"https:\/\/www.webdo.tn\/fr\/actualite\/national\/tunisie-mandat-de-depot-a-l-encontre-d-abdelaziz-makhloufi\/217533\/#primaryimage"},"thumbnailUrl":"https:\/\/www.webdo.tn\/fr\/wp-content\/uploads\/2025\/05\/8759cd2d50ccb1929d379c5dbbf3812e.webp","keywords":["Abdelaziz Makhloufi","Henchir Cha\u00e2l","mandat de d\u00e9p\u00f4t","Tunisie"],"articleSection":["National"],"inLanguage":"fr-FR"},{"@type":"WebPage","@id":"https:\/\/www.webdo.tn\/fr\/actualite\/national\/tunisie-mandat-de-depot-a-l-encontre-d-abdelaziz-makhloufi\/217533\/","url":"https:\/\/www.webdo.tn\/fr\/actualite\/national\/tunisie-mandat-de-depot-a-l-encontre-d-abdelaziz-makhloufi\/217533\/","name":"Tunisie : Mandat de d\u00e9p\u00f4t \u00e0 l'encontre d'Abdelaziz Makhloufi","isPartOf":{"@id":"https:\/\/www.webdo.tn\/fr\/#website"},"primaryImageOfPage":{"@id":"https:\/\/www.webdo.tn\/fr\/actualite\/national\/tunisie-mandat-de-depot-a-l-encontre-d-abdelaziz-makhloufi\/217533\/#primaryimage"},"image":{"@id":"https:\/\/www.webdo.tn\/fr\/actualite\/national\/tunisie-mandat-de-depot-a-l-encontre-d-abdelaziz-makhloufi\/217533\/#primaryimage"},"thumbnailUrl":"https:\/\/www.webdo.tn\/fr\/wp-content\/uploads\/2025\/05\/8759cd2d50ccb1929d379c5dbbf3812e.webp","datePublished":"2024-11-11T17:17:00+00:00","dateModified":"2025-05-21T09:02:02+00:00","description":"Incarc\u00e9ration d'Abdelaziz Makhloufi, pr\u00e9sident du Club sportif sfaxien, dans une affaire de corruption li\u00e9e \u00e0 Henchir Cha\u00e2l, avec plusieurs autres figures sous...","breadcrumb":{"@id":"https:\/\/www.webdo.tn\/fr\/actualite\/national\/tunisie-mandat-de-depot-a-l-encontre-d-abdelaziz-makhloufi\/217533\/#breadcrumb"},"inLanguage":"fr-FR","potentialAction":[{"@type":"ReadAction","target":["https:\/\/www.webdo.tn\/fr\/actualite\/national\/tunisie-mandat-de-depot-a-l-encontre-d-abdelaziz-makhloufi\/217533\/"]}]},{"@type":"ImageObject","inLanguage":"fr-FR","@id":"https:\/\/www.webdo.tn\/fr\/actualite\/national\/tunisie-mandat-de-depot-a-l-encontre-d-abdelaziz-makhloufi\/217533\/#primaryimage","url":"https:\/\/www.webdo.tn\/fr\/wp-content\/uploads\/2025\/05\/8759cd2d50ccb1929d379c5dbbf3812e.webp","contentUrl":"https:\/\/www.webdo.tn\/fr\/wp-content\/uploads\/2025\/05\/8759cd2d50ccb1929d379c5dbbf3812e.webp","width":750,"height":400},{"@type":"BreadcrumbList","@id":"https:\/\/www.webdo.tn\/fr\/actualite\/national\/tunisie-mandat-de-depot-a-l-encontre-d-abdelaziz-makhloufi\/217533\/#breadcrumb","itemListElement":[{"@type":"ListItem","position":1,"name":"Accueil","item":"https:\/\/www.webdo.tn\/fr\/"},{"@type":"ListItem","position":2,"name":"Tunisie : Mandat de d\u00e9p\u00f4t \u00e0 l&#8217;encontre d&#8217;Abdelaziz Makhloufi"}]},{"@type":"WebSite","@id":"https:\/\/www.webdo.tn\/fr\/#website","url":"https:\/\/www.webdo.tn\/fr\/","name":"webdo","description":"Tunisie - News en Tunisie et \u00e0 l&#039;international sur Webdo.tn","publisher":{"@id":"https:\/\/www.webdo.tn\/fr\/#organization"},"potentialAction":[{"@type":"SearchAction","target":{"@type":"EntryPoint","urlTemplate":"https:\/\/www.webdo.tn\/fr\/?s={search_term_string}"},"query-input":{"@type":"PropertyValueSpecification","valueRequired":true,"valueName":"search_term_string"}}],"inLanguage":"fr-FR"},{"@type":"Organization","@id":"https:\/\/www.webdo.tn\/fr\/#organization","name":"Webdo","alternateName":"Webdo.tn","url":"https:\/\/www.webdo.tn\/fr\/","logo":{"@type":"ImageObject","inLanguage":"fr-FR","@id":"https:\/\/www.webdo.tn\/fr\/#\/schema\/logo\/image\/","url":"https:\/\/www.webdo.tn\/fr\/wp-content\/uploads\/2025\/06\/Webdo-Tunisie_168377.jpg","contentUrl":"https:\/\/www.webdo.tn\/fr\/wp-content\/uploads\/2025\/06\/Webdo-Tunisie_168377.jpg","width":301,"height":301,"caption":"Webdo"},"image":{"@id":"https:\/\/www.webdo.tn\/fr\/#\/schema\/logo\/image\/"},"sameAs":["https:\/\/www.facebook.com\/webdotn","https:\/\/x.com\/webdo_tn"],"description":"Webdo est un m\u00e9dia num\u00e9rique tunisien fond\u00e9 en 2010, sp\u00e9cialis\u00e9 dans l\u2019actualit\u00e9 nationale et internationale, l\u2019\u00e9conomie, la soci\u00e9t\u00e9 et les analyses politiques. Le site s\u2019adresse \u00e0 un large public francophone et couvre l\u2019information tunisienne en temps r\u00e9el.","email":"redac@webdo.tn","legalName":"YNJ SARL","foundingDate":"2010-09-06","numberOfEmployees":{"@type":"QuantitativeValue","minValue":"11","maxValue":"50"}},{"@type":"Person","@id":"https:\/\/www.webdo.tn\/fr\/#\/schema\/person\/b8a41c04d93287d375510db360906b34","name":"AZ","image":{"@type":"ImageObject","inLanguage":"fr-FR","@id":"https:\/\/secure.gravatar.com\/avatar\/492b80bada79439de4201dce15cd41eece6c277cfdf1b53382073c79105c1f89?s=96&d=mm&r=g","url":"https:\/\/secure.gravatar.com\/avatar\/492b80bada79439de4201dce15cd41eece6c277cfdf1b53382073c79105c1f89?s=96&d=mm&r=g","contentUrl":"https:\/\/secure.gravatar.com\/avatar\/492b80bada79439de4201dce15cd41eece6c277cfdf1b53382073c79105c1f89?s=96&d=mm&r=g","caption":"AZ"},"url":"https:\/\/www.webdo.tn\/fr\/actualite\/author\/az\/"}]}},"_links":{"self":[{"href":"https:\/\/www.webdo.tn\/fr\/wp-json\/wp\/v2\/posts\/217533","targetHints":{"allow":["GET"]}}],"collection":[{"href":"https:\/\/www.webdo.tn\/fr\/wp-json\/wp\/v2\/posts"}],"about":[{"href":"https:\/\/www.webdo.tn\/fr\/wp-json\/wp\/v2\/types\/post"}],"author":[{"embeddable":true,"href":"https:\/\/www.webdo.tn\/fr\/wp-json\/wp\/v2\/users\/3166"}],"replies":[{"embeddable":true,"href":"https:\/\/www.webdo.tn\/fr\/wp-json\/wp\/v2\/comments?post=217533"}],"version-history":[{"count":0,"href":"https:\/\/www.webdo.tn\/fr\/wp-json\/wp\/v2\/posts\/217533\/revisions"}],"wp:featuredmedia":[{"embeddable":true,"href":"https:\/\/www.webdo.tn\/fr\/wp-json\/wp\/v2\/media\/244104"}],"wp:attachment":[{"href":"https:\/\/www.webdo.tn\/fr\/wp-json\/wp\/v2\/media?parent=217533"}],"wp:term":[{"taxonomy":"category","embeddable":true,"href":"https:\/\/www.webdo.tn\/fr\/wp-json\/wp\/v2\/categories?post=217533"},{"taxonomy":"post_tag","embeddable":true,"href":"https:\/\/www.webdo.tn\/fr\/wp-json\/wp\/v2\/tags?post=217533"}],"curies":[{"name":"wp","href":"https:\/\/api.w.org\/{rel}","templated":true}]}}