{"id":217504,"date":"2024-11-09T11:32:00","date_gmt":"2024-11-09T11:32:00","guid":{"rendered":"https:\/\/www.webdo.tn\/fr\/blog\/octobre-musical-de-carthage-autriche-styrie-et-accordeon\/217504\/"},"modified":"2025-05-17T20:20:25","modified_gmt":"2025-05-17T20:20:25","slug":"octobre-musical-de-carthage-autriche-styrie-et-accordeon","status":"publish","type":"post","link":"https:\/\/www.webdo.tn\/fr\/actualite\/culture\/octobre-musical-de-carthage-autriche-styrie-et-accordeon\/217504\/","title":{"rendered":"Tunisie &#8211; Octobre musical de Carthage : Autriche, Styrie et accord\u00e9on"},"content":{"rendered":"<p>C&rsquo;est l&rsquo;accord\u00e9oniste autrichien Jakob Steinkellner qui inaugurera le 19 novembre, le cycle Acropolium Extended Sessions, un prolongement de l&rsquo;Octobre musical de Carthage.<\/p>\n<p>\t\t\t\t\t\t\t\t\tL&rsquo;Octobre musical de Carthage, cette manifestation musicale fond\u00e9e par Mustapha El Okby \u00e0 l&rsquo;Acropolium est d\u00e9sormais d\u00e9ploy\u00e9e sur plusieurs espaces, notamment des \u00e9glises consacr\u00e9es, avec l&rsquo;appui de l&rsquo;Archev\u00each\u00e9 de Tunis. Toujours innovant, l&rsquo;Octobre musical de Carthage vient de lancer une s\u00e9rie de concerts destin\u00e9s \u00e0 se poursuivre toute l&rsquo;ann\u00e9e.<\/p>\n<p>Intitul\u00e9e Acropolium Extended Sessions, cette s\u00e9rie commence d\u00e8s le mois de novembre avec la venue en Tunisie de l&rsquo;accord\u00e9oniste autrichien Jakob Steinkellner. Ce premier concert aura lieu le 19 novembre en l&rsquo;\u00e9glise de la Goulette alors que le musicien participera \u00e9galement \u00e0 des rendez-vous musicaux en milieu scolaire et des rencontre avec des musiciens tunisiens.<\/p>\n<p>L\u2019accord\u00e9oniste Jakob Steinkellner, originaire de Haute-Autriche, met l\u2019accord\u00e9on de Styrie \u00e0 l\u2019honneur en le montrant sous un jour nouveau sur le plan musical. Il l\u2019extrait en effet de son contexte traditionnel, celui de la musique folklorique et populaire, pour le produire dans des genres nettement plus vari\u00e9s.<\/p>\n<p>Jakob Steinkellner associe ainsi les sonorit\u00e9s traditionnelles du folklore alpin avec des \u00e9l\u00e9ments modernes, ce qui lui permet de couvrir un large spectre musical, qui s\u2019\u00e9tend de la musique populaire au classique, en passant par le tango.<\/p>\n<p>Jakob Steinkellner est accord\u00e9oniste, harmoniciste styrien et compositeur. C&rsquo;est surtout dans ses compositions exp\u00e9rimentales que l&rsquo;artiste utilise les mod\u00e8les sonores traditionnels particuliers \u00e0 la musique populaire alpine.<\/p>\n<p>Notons que depuis quatre ans, l&rsquo;Octobre musical de Carthage, ce festival de musique classique et n\u00e9o-traditionnelle se d\u00e9roule dans plusieurs \u00e9glises consacr\u00e9es en partenariat avec l&rsquo;Archev\u00each\u00e9 de Tunis.<\/p>\n<p>La s\u00e9rie Acropolium Extended Sessions devrait pr\u00e9senter alternativement des artistes tunisiens et \u00e9trangers.<\/p>\n","protected":false},"excerpt":{"rendered":"<p>L&rsquo;Octobre musical de Carthage, cette manifestation musicale fond\u00e9e par Mustapha El Okby \u00e0 l&rsquo;Acropolium est d\u00e9sormais d\u00e9ploy\u00e9e sur plusieurs espaces, notamment d&#8230;<\/p>\n","protected":false},"author":3229,"featured_media":246121,"comment_status":"open","ping_status":"closed","sticky":false,"template":"","format":"standard","meta":{"footnotes":""},"categories":[2594],"tags":[5079,5133],"class_list":["post-217504","post","type-post","status-publish","format-standard","has-post-thumbnail","hentry","category-culture","tag-jakob-steinkellner","tag-octobre-musical-de-carthage"],"yoast_head":"<!-- This site is optimized with the Yoast SEO Premium plugin v27.5 (Yoast SEO v27.5) - https:\/\/yoast.com\/product\/yoast-seo-premium-wordpress\/ -->\n<title>Tunisie - Octobre musical de Carthage : Autriche, Styrie et accord\u00e9on<\/title>\n<meta name=\"description\" content=\"L&#039;Octobre musical de Carthage, cette manifestation musicale fond\u00e9e par Mustapha El Okby \u00e0 l&#039;Acropolium est d\u00e9sormais d\u00e9ploy\u00e9e sur plusieurs espaces, notamment d...\" \/>\n<link rel=\"canonical\" href=\"https:\/\/www.webdo.tn\/fr\/actualite\/culture\/octobre-musical-de-carthage-autriche-styrie-et-accordeon\/217504\/\" \/>\n<meta property=\"og:locale\" content=\"fr_FR\" \/>\n<meta property=\"og:type\" content=\"article\" \/>\n<meta property=\"og:title\" content=\"Tunisie - Octobre musical de Carthage : Autriche, Styrie et accord\u00e9on\" \/>\n<meta property=\"og:description\" content=\"L&#039;Octobre musical de Carthage, cette manifestation musicale fond\u00e9e par Mustapha El Okby \u00e0 l&#039;Acropolium est d\u00e9sormais d\u00e9ploy\u00e9e sur plusieurs espaces, notamment d...\" \/>\n<meta property=\"og:url\" content=\"https:\/\/www.webdo.tn\/fr\/actualite\/culture\/octobre-musical-de-carthage-autriche-styrie-et-accordeon\/217504\/\" \/>\n<meta property=\"og:site_name\" content=\"webdo\" \/>\n<meta property=\"article:publisher\" content=\"https:\/\/www.facebook.com\/webdotn\" \/>\n<meta property=\"article:author\" content=\"https:\/\/www.facebook.com\/hatem.bourial.2025\" \/>\n<meta property=\"article:published_time\" content=\"2024-11-09T11:32:00+00:00\" \/>\n<meta property=\"article:modified_time\" content=\"2025-05-17T20:20:25+00:00\" \/>\n<meta property=\"og:image\" content=\"https:\/\/www.webdo.tn\/fr\/wp-content\/uploads\/2024\/11\/5fef86608cc1aa847dbd8280750a5348.webp\" \/>\n\t<meta property=\"og:image:width\" content=\"750\" \/>\n\t<meta property=\"og:image:height\" content=\"400\" \/>\n\t<meta property=\"og:image:type\" content=\"image\/webp\" \/>\n<meta name=\"author\" content=\"Hatem Bourial\" \/>\n<meta name=\"twitter:card\" content=\"summary_large_image\" \/>\n<meta name=\"twitter:creator\" content=\"@webdo_tn\" \/>\n<meta name=\"twitter:site\" content=\"@webdo_tn\" \/>\n<meta name=\"twitter:label1\" content=\"\u00c9crit par\" \/>\n\t<meta name=\"twitter:data1\" content=\"Hatem Bourial\" \/>\n\t<meta name=\"twitter:label2\" content=\"Dur\u00e9e de lecture estim\u00e9e\" \/>\n\t<meta name=\"twitter:data2\" content=\"2 minutes\" \/>\n<script type=\"application\/ld+json\" class=\"yoast-schema-graph\">{\"@context\":\"https:\\\/\\\/schema.org\",\"@graph\":[{\"@type\":\"NewsArticle\",\"@id\":\"https:\\\/\\\/www.webdo.tn\\\/fr\\\/actualite\\\/culture\\\/octobre-musical-de-carthage-autriche-styrie-et-accordeon\\\/217504\\\/#article\",\"isPartOf\":{\"@id\":\"https:\\\/\\\/www.webdo.tn\\\/fr\\\/actualite\\\/culture\\\/octobre-musical-de-carthage-autriche-styrie-et-accordeon\\\/217504\\\/\"},\"author\":{\"name\":\"Hatem Bourial\",\"@id\":\"https:\\\/\\\/www.webdo.tn\\\/fr\\\/#\\\/schema\\\/person\\\/6bc0beba2cd23aec27cb5df85ca2554f\"},\"headline\":\"Tunisie &#8211; Octobre musical de Carthage : Autriche, Styrie et accord\u00e9on\",\"datePublished\":\"2024-11-09T11:32:00+00:00\",\"dateModified\":\"2025-05-17T20:20:25+00:00\",\"mainEntityOfPage\":{\"@id\":\"https:\\\/\\\/www.webdo.tn\\\/fr\\\/actualite\\\/culture\\\/octobre-musical-de-carthage-autriche-styrie-et-accordeon\\\/217504\\\/\"},\"wordCount\":330,\"commentCount\":0,\"publisher\":{\"@id\":\"https:\\\/\\\/www.webdo.tn\\\/fr\\\/#organization\"},\"image\":{\"@id\":\"https:\\\/\\\/www.webdo.tn\\\/fr\\\/actualite\\\/culture\\\/octobre-musical-de-carthage-autriche-styrie-et-accordeon\\\/217504\\\/#primaryimage\"},\"thumbnailUrl\":\"https:\\\/\\\/www.webdo.tn\\\/fr\\\/wp-content\\\/uploads\\\/2024\\\/11\\\/5fef86608cc1aa847dbd8280750a5348.webp\",\"keywords\":[\"Jakob Steinkellner\",\"Octobre musical de Carthage\"],\"articleSection\":[\"Culture\"],\"inLanguage\":\"fr-FR\"},{\"@type\":\"WebPage\",\"@id\":\"https:\\\/\\\/www.webdo.tn\\\/fr\\\/actualite\\\/culture\\\/octobre-musical-de-carthage-autriche-styrie-et-accordeon\\\/217504\\\/\",\"url\":\"https:\\\/\\\/www.webdo.tn\\\/fr\\\/actualite\\\/culture\\\/octobre-musical-de-carthage-autriche-styrie-et-accordeon\\\/217504\\\/\",\"name\":\"Tunisie - Octobre musical de Carthage : Autriche, Styrie et accord\u00e9on\",\"isPartOf\":{\"@id\":\"https:\\\/\\\/www.webdo.tn\\\/fr\\\/#website\"},\"primaryImageOfPage\":{\"@id\":\"https:\\\/\\\/www.webdo.tn\\\/fr\\\/actualite\\\/culture\\\/octobre-musical-de-carthage-autriche-styrie-et-accordeon\\\/217504\\\/#primaryimage\"},\"image\":{\"@id\":\"https:\\\/\\\/www.webdo.tn\\\/fr\\\/actualite\\\/culture\\\/octobre-musical-de-carthage-autriche-styrie-et-accordeon\\\/217504\\\/#primaryimage\"},\"thumbnailUrl\":\"https:\\\/\\\/www.webdo.tn\\\/fr\\\/wp-content\\\/uploads\\\/2024\\\/11\\\/5fef86608cc1aa847dbd8280750a5348.webp\",\"datePublished\":\"2024-11-09T11:32:00+00:00\",\"dateModified\":\"2025-05-17T20:20:25+00:00\",\"description\":\"L'Octobre musical de Carthage, cette manifestation musicale fond\u00e9e par Mustapha El Okby \u00e0 l'Acropolium est d\u00e9sormais d\u00e9ploy\u00e9e sur plusieurs espaces, notamment d...\",\"breadcrumb\":{\"@id\":\"https:\\\/\\\/www.webdo.tn\\\/fr\\\/actualite\\\/culture\\\/octobre-musical-de-carthage-autriche-styrie-et-accordeon\\\/217504\\\/#breadcrumb\"},\"inLanguage\":\"fr-FR\",\"potentialAction\":[{\"@type\":\"ReadAction\",\"target\":[\"https:\\\/\\\/www.webdo.tn\\\/fr\\\/actualite\\\/culture\\\/octobre-musical-de-carthage-autriche-styrie-et-accordeon\\\/217504\\\/\"]}]},{\"@type\":\"ImageObject\",\"inLanguage\":\"fr-FR\",\"@id\":\"https:\\\/\\\/www.webdo.tn\\\/fr\\\/actualite\\\/culture\\\/octobre-musical-de-carthage-autriche-styrie-et-accordeon\\\/217504\\\/#primaryimage\",\"url\":\"https:\\\/\\\/www.webdo.tn\\\/fr\\\/wp-content\\\/uploads\\\/2024\\\/11\\\/5fef86608cc1aa847dbd8280750a5348.webp\",\"contentUrl\":\"https:\\\/\\\/www.webdo.tn\\\/fr\\\/wp-content\\\/uploads\\\/2024\\\/11\\\/5fef86608cc1aa847dbd8280750a5348.webp\",\"width\":750,\"height\":400,\"caption\":\"Tunisie - Octobre musical de Carthage : Autriche, Styrie et accord\u00e9on\"},{\"@type\":\"BreadcrumbList\",\"@id\":\"https:\\\/\\\/www.webdo.tn\\\/fr\\\/actualite\\\/culture\\\/octobre-musical-de-carthage-autriche-styrie-et-accordeon\\\/217504\\\/#breadcrumb\",\"itemListElement\":[{\"@type\":\"ListItem\",\"position\":1,\"name\":\"Accueil\",\"item\":\"https:\\\/\\\/www.webdo.tn\\\/fr\\\/\"},{\"@type\":\"ListItem\",\"position\":2,\"name\":\"Tunisie &#8211; Octobre musical de Carthage : Autriche, Styrie et accord\u00e9on\"}]},{\"@type\":\"WebSite\",\"@id\":\"https:\\\/\\\/www.webdo.tn\\\/fr\\\/#website\",\"url\":\"https:\\\/\\\/www.webdo.tn\\\/fr\\\/\",\"name\":\"webdo\",\"description\":\"Tunisie - News en Tunisie et \u00e0 l&#039;international sur Webdo.tn\",\"publisher\":{\"@id\":\"https:\\\/\\\/www.webdo.tn\\\/fr\\\/#organization\"},\"potentialAction\":[{\"@type\":\"SearchAction\",\"target\":{\"@type\":\"EntryPoint\",\"urlTemplate\":\"https:\\\/\\\/www.webdo.tn\\\/fr\\\/?s={search_term_string}\"},\"query-input\":{\"@type\":\"PropertyValueSpecification\",\"valueRequired\":true,\"valueName\":\"search_term_string\"}}],\"inLanguage\":\"fr-FR\"},{\"@type\":\"Organization\",\"@id\":\"https:\\\/\\\/www.webdo.tn\\\/fr\\\/#organization\",\"name\":\"Webdo\",\"alternateName\":\"Webdo.tn\",\"url\":\"https:\\\/\\\/www.webdo.tn\\\/fr\\\/\",\"logo\":{\"@type\":\"ImageObject\",\"inLanguage\":\"fr-FR\",\"@id\":\"https:\\\/\\\/www.webdo.tn\\\/fr\\\/#\\\/schema\\\/logo\\\/image\\\/\",\"url\":\"https:\\\/\\\/www.webdo.tn\\\/fr\\\/wp-content\\\/uploads\\\/2025\\\/06\\\/Webdo-Tunisie_168377.jpg\",\"contentUrl\":\"https:\\\/\\\/www.webdo.tn\\\/fr\\\/wp-content\\\/uploads\\\/2025\\\/06\\\/Webdo-Tunisie_168377.jpg\",\"width\":301,\"height\":301,\"caption\":\"Webdo\"},\"image\":{\"@id\":\"https:\\\/\\\/www.webdo.tn\\\/fr\\\/#\\\/schema\\\/logo\\\/image\\\/\"},\"sameAs\":[\"https:\\\/\\\/www.facebook.com\\\/webdotn\",\"https:\\\/\\\/x.com\\\/webdo_tn\"],\"description\":\"Webdo est un m\u00e9dia num\u00e9rique tunisien fond\u00e9 en 2010, sp\u00e9cialis\u00e9 dans l\u2019actualit\u00e9 nationale et internationale, l\u2019\u00e9conomie, la soci\u00e9t\u00e9 et les analyses politiques. Le site s\u2019adresse \u00e0 un large public francophone et couvre l\u2019information tunisienne en temps r\u00e9el.\",\"email\":\"redac@webdo.tn\",\"legalName\":\"YNJ SARL\",\"foundingDate\":\"2010-09-06\",\"numberOfEmployees\":{\"@type\":\"QuantitativeValue\",\"minValue\":\"11\",\"maxValue\":\"50\"}},{\"@type\":\"Person\",\"@id\":\"https:\\\/\\\/www.webdo.tn\\\/fr\\\/#\\\/schema\\\/person\\\/6bc0beba2cd23aec27cb5df85ca2554f\",\"name\":\"Hatem Bourial\",\"image\":{\"@type\":\"ImageObject\",\"inLanguage\":\"fr-FR\",\"@id\":\"https:\\\/\\\/www.webdo.tn\\\/fr\\\/wp-content\\\/uploads\\\/2026\\\/04\\\/hatem-bourial_avatar-96x96.jpg\",\"url\":\"https:\\\/\\\/www.webdo.tn\\\/fr\\\/wp-content\\\/uploads\\\/2026\\\/04\\\/hatem-bourial_avatar-96x96.jpg\",\"contentUrl\":\"https:\\\/\\\/www.webdo.tn\\\/fr\\\/wp-content\\\/uploads\\\/2026\\\/04\\\/hatem-bourial_avatar-96x96.jpg\",\"caption\":\"Hatem Bourial\"},\"description\":\"Hatem Bourial est journaliste, \u00e9crivain et chroniqueur tunisien. Actif depuis plusieurs d\u00e9cennies, il s\u2019est impos\u00e9 comme un observateur attentif de la soci\u00e9t\u00e9 tunisienne, m\u00ealant dans ses \u00e9crits m\u00e9moire, culture et analyse du quotidien. Auteur de nombreux ouvrages, il d\u00e9veloppe une \u0153uvre \u00e0 la crois\u00e9e du r\u00e9cit, de la po\u00e9sie et de l\u2019observation sociologique. Parall\u00e8lement \u00e0 ses contributions dans la presse, il intervient r\u00e9guli\u00e8rement \u00e0 la radio et dans des espaces culturels, o\u00f9 il explore les enjeux li\u00e9s au patrimoine, \u00e0 l\u2019identit\u00e9 et aux transformations du monde contemporain. \u00c0 travers ses chroniques, Hatem Bourial propose une lecture sensible et approfondie de l\u2019actualit\u00e9, nourrie par une exp\u00e9rience journalistique et litt\u00e9raire reconnue. \ud83d\udd17 Facebook : https:\\\/\\\/www.facebook.com\\\/hatem.bourial.2025\",\"sameAs\":[\"https:\\\/\\\/www.facebook.com\\\/hatem.bourial.2025\",\"https:\\\/\\\/fr.wikipedia.org\\\/wiki\\\/Fichier:Hatem_Bourial.jpg\"],\"knowsAbout\":[\"Culture & patrimoine tunisien\",\"Chronique soci\u00e9tale\",\"Litt\u00e9rature & m\u00e9moire\",\"Cin\u00e9ma & critique culturelle\",\"Identit\u00e9 & mutations sociales\"],\"knowsLanguage\":[\"Arabe\",\"Fran\u00e7ais\",\"Anglais\",\"Italien\",\"Polonais\"],\"jobTitle\":\"Journaliste, \u00e9crivain et chroniqueur culturel\",\"worksFor\":\"Webdo\",\"url\":\"https:\\\/\\\/www.webdo.tn\\\/fr\\\/actualite\\\/author\\\/hatem-bourial-2\\\/\"}]}<\/script>\n<!-- \/ Yoast SEO Premium plugin. -->","yoast_head_json":{"title":"Tunisie - Octobre musical de Carthage : Autriche, Styrie et accord\u00e9on","description":"L'Octobre musical de Carthage, cette manifestation musicale fond\u00e9e par Mustapha El Okby \u00e0 l'Acropolium est d\u00e9sormais d\u00e9ploy\u00e9e sur plusieurs espaces, notamment d...","canonical":"https:\/\/www.webdo.tn\/fr\/actualite\/culture\/octobre-musical-de-carthage-autriche-styrie-et-accordeon\/217504\/","og_locale":"fr_FR","og_type":"article","og_title":"Tunisie - Octobre musical de Carthage : Autriche, Styrie et accord\u00e9on","og_description":"L'Octobre musical de Carthage, cette manifestation musicale fond\u00e9e par Mustapha El Okby \u00e0 l'Acropolium est d\u00e9sormais d\u00e9ploy\u00e9e sur plusieurs espaces, notamment d...","og_url":"https:\/\/www.webdo.tn\/fr\/actualite\/culture\/octobre-musical-de-carthage-autriche-styrie-et-accordeon\/217504\/","og_site_name":"webdo","article_publisher":"https:\/\/www.facebook.com\/webdotn","article_author":"https:\/\/www.facebook.com\/hatem.bourial.2025","article_published_time":"2024-11-09T11:32:00+00:00","article_modified_time":"2025-05-17T20:20:25+00:00","og_image":[{"width":750,"height":400,"url":"https:\/\/www.webdo.tn\/fr\/wp-content\/uploads\/2024\/11\/5fef86608cc1aa847dbd8280750a5348.webp","type":"image\/webp"}],"author":"Hatem Bourial","twitter_card":"summary_large_image","twitter_creator":"@webdo_tn","twitter_site":"@webdo_tn","twitter_misc":{"\u00c9crit par":"Hatem Bourial","Dur\u00e9e de lecture estim\u00e9e":"2 minutes"},"schema":{"@context":"https:\/\/schema.org","@graph":[{"@type":"NewsArticle","@id":"https:\/\/www.webdo.tn\/fr\/actualite\/culture\/octobre-musical-de-carthage-autriche-styrie-et-accordeon\/217504\/#article","isPartOf":{"@id":"https:\/\/www.webdo.tn\/fr\/actualite\/culture\/octobre-musical-de-carthage-autriche-styrie-et-accordeon\/217504\/"},"author":{"name":"Hatem Bourial","@id":"https:\/\/www.webdo.tn\/fr\/#\/schema\/person\/6bc0beba2cd23aec27cb5df85ca2554f"},"headline":"Tunisie &#8211; Octobre musical de Carthage : Autriche, Styrie et accord\u00e9on","datePublished":"2024-11-09T11:32:00+00:00","dateModified":"2025-05-17T20:20:25+00:00","mainEntityOfPage":{"@id":"https:\/\/www.webdo.tn\/fr\/actualite\/culture\/octobre-musical-de-carthage-autriche-styrie-et-accordeon\/217504\/"},"wordCount":330,"commentCount":0,"publisher":{"@id":"https:\/\/www.webdo.tn\/fr\/#organization"},"image":{"@id":"https:\/\/www.webdo.tn\/fr\/actualite\/culture\/octobre-musical-de-carthage-autriche-styrie-et-accordeon\/217504\/#primaryimage"},"thumbnailUrl":"https:\/\/www.webdo.tn\/fr\/wp-content\/uploads\/2024\/11\/5fef86608cc1aa847dbd8280750a5348.webp","keywords":["Jakob Steinkellner","Octobre musical de Carthage"],"articleSection":["Culture"],"inLanguage":"fr-FR"},{"@type":"WebPage","@id":"https:\/\/www.webdo.tn\/fr\/actualite\/culture\/octobre-musical-de-carthage-autriche-styrie-et-accordeon\/217504\/","url":"https:\/\/www.webdo.tn\/fr\/actualite\/culture\/octobre-musical-de-carthage-autriche-styrie-et-accordeon\/217504\/","name":"Tunisie - Octobre musical de Carthage : Autriche, Styrie et accord\u00e9on","isPartOf":{"@id":"https:\/\/www.webdo.tn\/fr\/#website"},"primaryImageOfPage":{"@id":"https:\/\/www.webdo.tn\/fr\/actualite\/culture\/octobre-musical-de-carthage-autriche-styrie-et-accordeon\/217504\/#primaryimage"},"image":{"@id":"https:\/\/www.webdo.tn\/fr\/actualite\/culture\/octobre-musical-de-carthage-autriche-styrie-et-accordeon\/217504\/#primaryimage"},"thumbnailUrl":"https:\/\/www.webdo.tn\/fr\/wp-content\/uploads\/2024\/11\/5fef86608cc1aa847dbd8280750a5348.webp","datePublished":"2024-11-09T11:32:00+00:00","dateModified":"2025-05-17T20:20:25+00:00","description":"L'Octobre musical de Carthage, cette manifestation musicale fond\u00e9e par Mustapha El Okby \u00e0 l'Acropolium est d\u00e9sormais d\u00e9ploy\u00e9e sur plusieurs espaces, notamment d...","breadcrumb":{"@id":"https:\/\/www.webdo.tn\/fr\/actualite\/culture\/octobre-musical-de-carthage-autriche-styrie-et-accordeon\/217504\/#breadcrumb"},"inLanguage":"fr-FR","potentialAction":[{"@type":"ReadAction","target":["https:\/\/www.webdo.tn\/fr\/actualite\/culture\/octobre-musical-de-carthage-autriche-styrie-et-accordeon\/217504\/"]}]},{"@type":"ImageObject","inLanguage":"fr-FR","@id":"https:\/\/www.webdo.tn\/fr\/actualite\/culture\/octobre-musical-de-carthage-autriche-styrie-et-accordeon\/217504\/#primaryimage","url":"https:\/\/www.webdo.tn\/fr\/wp-content\/uploads\/2024\/11\/5fef86608cc1aa847dbd8280750a5348.webp","contentUrl":"https:\/\/www.webdo.tn\/fr\/wp-content\/uploads\/2024\/11\/5fef86608cc1aa847dbd8280750a5348.webp","width":750,"height":400,"caption":"Tunisie - Octobre musical de Carthage : Autriche, Styrie et accord\u00e9on"},{"@type":"BreadcrumbList","@id":"https:\/\/www.webdo.tn\/fr\/actualite\/culture\/octobre-musical-de-carthage-autriche-styrie-et-accordeon\/217504\/#breadcrumb","itemListElement":[{"@type":"ListItem","position":1,"name":"Accueil","item":"https:\/\/www.webdo.tn\/fr\/"},{"@type":"ListItem","position":2,"name":"Tunisie &#8211; Octobre musical de Carthage : Autriche, Styrie et accord\u00e9on"}]},{"@type":"WebSite","@id":"https:\/\/www.webdo.tn\/fr\/#website","url":"https:\/\/www.webdo.tn\/fr\/","name":"webdo","description":"Tunisie - News en Tunisie et \u00e0 l&#039;international sur Webdo.tn","publisher":{"@id":"https:\/\/www.webdo.tn\/fr\/#organization"},"potentialAction":[{"@type":"SearchAction","target":{"@type":"EntryPoint","urlTemplate":"https:\/\/www.webdo.tn\/fr\/?s={search_term_string}"},"query-input":{"@type":"PropertyValueSpecification","valueRequired":true,"valueName":"search_term_string"}}],"inLanguage":"fr-FR"},{"@type":"Organization","@id":"https:\/\/www.webdo.tn\/fr\/#organization","name":"Webdo","alternateName":"Webdo.tn","url":"https:\/\/www.webdo.tn\/fr\/","logo":{"@type":"ImageObject","inLanguage":"fr-FR","@id":"https:\/\/www.webdo.tn\/fr\/#\/schema\/logo\/image\/","url":"https:\/\/www.webdo.tn\/fr\/wp-content\/uploads\/2025\/06\/Webdo-Tunisie_168377.jpg","contentUrl":"https:\/\/www.webdo.tn\/fr\/wp-content\/uploads\/2025\/06\/Webdo-Tunisie_168377.jpg","width":301,"height":301,"caption":"Webdo"},"image":{"@id":"https:\/\/www.webdo.tn\/fr\/#\/schema\/logo\/image\/"},"sameAs":["https:\/\/www.facebook.com\/webdotn","https:\/\/x.com\/webdo_tn"],"description":"Webdo est un m\u00e9dia num\u00e9rique tunisien fond\u00e9 en 2010, sp\u00e9cialis\u00e9 dans l\u2019actualit\u00e9 nationale et internationale, l\u2019\u00e9conomie, la soci\u00e9t\u00e9 et les analyses politiques. Le site s\u2019adresse \u00e0 un large public francophone et couvre l\u2019information tunisienne en temps r\u00e9el.","email":"redac@webdo.tn","legalName":"YNJ SARL","foundingDate":"2010-09-06","numberOfEmployees":{"@type":"QuantitativeValue","minValue":"11","maxValue":"50"}},{"@type":"Person","@id":"https:\/\/www.webdo.tn\/fr\/#\/schema\/person\/6bc0beba2cd23aec27cb5df85ca2554f","name":"Hatem Bourial","image":{"@type":"ImageObject","inLanguage":"fr-FR","@id":"https:\/\/www.webdo.tn\/fr\/wp-content\/uploads\/2026\/04\/hatem-bourial_avatar-96x96.jpg","url":"https:\/\/www.webdo.tn\/fr\/wp-content\/uploads\/2026\/04\/hatem-bourial_avatar-96x96.jpg","contentUrl":"https:\/\/www.webdo.tn\/fr\/wp-content\/uploads\/2026\/04\/hatem-bourial_avatar-96x96.jpg","caption":"Hatem Bourial"},"description":"Hatem Bourial est journaliste, \u00e9crivain et chroniqueur tunisien. Actif depuis plusieurs d\u00e9cennies, il s\u2019est impos\u00e9 comme un observateur attentif de la soci\u00e9t\u00e9 tunisienne, m\u00ealant dans ses \u00e9crits m\u00e9moire, culture et analyse du quotidien. Auteur de nombreux ouvrages, il d\u00e9veloppe une \u0153uvre \u00e0 la crois\u00e9e du r\u00e9cit, de la po\u00e9sie et de l\u2019observation sociologique. Parall\u00e8lement \u00e0 ses contributions dans la presse, il intervient r\u00e9guli\u00e8rement \u00e0 la radio et dans des espaces culturels, o\u00f9 il explore les enjeux li\u00e9s au patrimoine, \u00e0 l\u2019identit\u00e9 et aux transformations du monde contemporain. \u00c0 travers ses chroniques, Hatem Bourial propose une lecture sensible et approfondie de l\u2019actualit\u00e9, nourrie par une exp\u00e9rience journalistique et litt\u00e9raire reconnue. \ud83d\udd17 Facebook : https:\/\/www.facebook.com\/hatem.bourial.2025","sameAs":["https:\/\/www.facebook.com\/hatem.bourial.2025","https:\/\/fr.wikipedia.org\/wiki\/Fichier:Hatem_Bourial.jpg"],"knowsAbout":["Culture & patrimoine tunisien","Chronique soci\u00e9tale","Litt\u00e9rature & m\u00e9moire","Cin\u00e9ma & critique culturelle","Identit\u00e9 & mutations sociales"],"knowsLanguage":["Arabe","Fran\u00e7ais","Anglais","Italien","Polonais"],"jobTitle":"Journaliste, \u00e9crivain et chroniqueur culturel","worksFor":"Webdo","url":"https:\/\/www.webdo.tn\/fr\/actualite\/author\/hatem-bourial-2\/"}]}},"_links":{"self":[{"href":"https:\/\/www.webdo.tn\/fr\/wp-json\/wp\/v2\/posts\/217504","targetHints":{"allow":["GET"]}}],"collection":[{"href":"https:\/\/www.webdo.tn\/fr\/wp-json\/wp\/v2\/posts"}],"about":[{"href":"https:\/\/www.webdo.tn\/fr\/wp-json\/wp\/v2\/types\/post"}],"author":[{"embeddable":true,"href":"https:\/\/www.webdo.tn\/fr\/wp-json\/wp\/v2\/users\/3229"}],"replies":[{"embeddable":true,"href":"https:\/\/www.webdo.tn\/fr\/wp-json\/wp\/v2\/comments?post=217504"}],"version-history":[{"count":0,"href":"https:\/\/www.webdo.tn\/fr\/wp-json\/wp\/v2\/posts\/217504\/revisions"}],"wp:featuredmedia":[{"embeddable":true,"href":"https:\/\/www.webdo.tn\/fr\/wp-json\/wp\/v2\/media\/246121"}],"wp:attachment":[{"href":"https:\/\/www.webdo.tn\/fr\/wp-json\/wp\/v2\/media?parent=217504"}],"wp:term":[{"taxonomy":"category","embeddable":true,"href":"https:\/\/www.webdo.tn\/fr\/wp-json\/wp\/v2\/categories?post=217504"},{"taxonomy":"post_tag","embeddable":true,"href":"https:\/\/www.webdo.tn\/fr\/wp-json\/wp\/v2\/tags?post=217504"}],"curies":[{"name":"wp","href":"https:\/\/api.w.org\/{rel}","templated":true}]}}