{"id":217500,"date":"2024-11-09T10:05:00","date_gmt":"2024-11-09T10:05:00","guid":{"rendered":"https:\/\/www.webdo.tn\/fr\/blog\/karrita-krouz-sbata-bortal-quand-nous-parlons-espagnol-sans-le-savoir\/217500\/"},"modified":"2024-11-09T10:05:00","modified_gmt":"2024-11-09T10:05:00","slug":"karrita-krouz-sbata-bortal-quand-nous-parlons-espagnol-sans-le-savoir","status":"publish","type":"post","link":"https:\/\/www.webdo.tn\/fr\/actualite\/chroniques\/karrita-krouz-sbata-bortal-quand-nous-parlons-espagnol-sans-le-savoir\/217500\/","title":{"rendered":"Karrita, Krouz, Sbata, Bortal : Quand nous parlons espagnol sans le savoir !"},"content":{"rendered":"<p>Dans notre langue tunisienne, il existe plusieurs termes issus de la langue espagnole qui font partie de notre h\u00e9ritage andalou.<\/p>\n<p>\t\t\t\t\t\t\t\t\tLa langue tunisienne est d&rsquo;une richesse inou\u00efe et se caract\u00e9rise par une remarquable capacit\u00e9 d&#8217;emprunt.<\/p>\n<p>Ainsi, beaucoup des mots que nous employons au quotidien proviennent des langues latines et aussi du grec ou du turc.<\/p>\n<p>A titre d&rsquo;exemple, nous consacrons ce billet \u00e0 quelques termes issus de l&rsquo;espagnol dont le plus connu est sans doute celui de \u00ab\u00a0karrita\u00a0\u00bb qui signifie \u00ab\u00a0charrette\u00a0\u00bb.<\/p>\n<p>En second lieu, \u00e9voquons le mot \u00ab\u00a0bortal\u00a0\u00bb qui en langue tunisienne d\u00e9signe un pr\u00e9au \u00e0 l&rsquo;entr\u00e9e d&rsquo;une maison. En espagnol, l&rsquo;\u00e9quivalent est le terme \u00ab\u00a0portal\u00a0\u00bb.<\/p>\n<p>Poursuivons avec les jeux de cartes o\u00f9 les termes d\u00e9signant les couleurs ont une proximit\u00e9 \u00e9vidente avec la langue espagnole. C&rsquo;est le cas du mot \u00ab\u00a0dinari\u00a0\u00bb qui repr\u00e9sente le carreau et se dit \u00ab\u00a0dinero\u00a0\u00bb chez nos voisins espagnols.<\/p>\n<p>C&rsquo;est aussi le cas de \u00ab\u00a0sbata\u00a0\u00bb qui d\u00e9signe le pique et provient du terme espagnol \u00ab\u00a0espada\u00a0\u00bb qui signifie \u00e9p\u00e9e.<\/p>\n<p>Enfin, terminons avec le mot \u00ab\u00a0krouz\u00a0\u00bb qui est employ\u00e9 dans une int\u00e9ressante occurrence. Ce terme qui semble provenir de l&rsquo;espagnol \u00ab\u00a0cruz\u00a0\u00bb qui signifie \u00ab\u00a0croix\u00a0\u00bb, est ainsi employ\u00e9 pour d\u00e9signer une fontaine dans la localit\u00e9 d&rsquo;El Alia, pr\u00e8s de Bizerte. La source qui alimente cette fontaine est en effet nomm\u00e9e Ain Krouz.<\/p>\n","protected":false},"excerpt":{"rendered":"<p>La langue tunisienne est d&rsquo;une richesse inou\u00efe et se caract\u00e9rise par une remarquable capacit\u00e9 d&#8217;emprunt.<\/p>\n","protected":false},"author":3229,"featured_media":291309,"comment_status":"open","ping_status":"closed","sticky":false,"template":"","format":"standard","meta":{"footnotes":""},"categories":[2596],"tags":[10624,9285,4209,8026,2608],"class_list":["post-217500","post","type-post","status-publish","format-standard","has-post-thumbnail","hentry","category-chroniques","tag-termes","tag-arabe","tag-espagnol","tag-langue","tag-tunisie"],"yoast_head":"<!-- This site is optimized with the Yoast SEO Premium plugin v27.5 (Yoast SEO v27.5) - https:\/\/yoast.com\/product\/yoast-seo-premium-wordpress\/ -->\n<title>Karrita, Krouz, Sbata, Bortal : Quand nous parlons espagnol sans le savoir !<\/title>\n<meta name=\"description\" content=\"La langue tunisienne est d&#039;une richesse inou\u00efe et se caract\u00e9rise par une remarquable capacit\u00e9 d&#039;emprunt.\" \/>\n<link rel=\"canonical\" href=\"https:\/\/www.webdo.tn\/fr\/actualite\/chroniques\/karrita-krouz-sbata-bortal-quand-nous-parlons-espagnol-sans-le-savoir\/217500\/\" \/>\n<meta property=\"og:locale\" content=\"fr_FR\" \/>\n<meta property=\"og:type\" content=\"article\" \/>\n<meta property=\"og:title\" content=\"Karrita, Krouz, Sbata, Bortal : Quand nous parlons espagnol sans le savoir !\" \/>\n<meta property=\"og:description\" content=\"La langue tunisienne est d&#039;une richesse inou\u00efe et se caract\u00e9rise par une remarquable capacit\u00e9 d&#039;emprunt.\" \/>\n<meta property=\"og:url\" content=\"https:\/\/www.webdo.tn\/fr\/actualite\/chroniques\/karrita-krouz-sbata-bortal-quand-nous-parlons-espagnol-sans-le-savoir\/217500\/\" \/>\n<meta property=\"og:site_name\" content=\"webdo\" \/>\n<meta property=\"article:publisher\" content=\"https:\/\/www.facebook.com\/webdotn\" \/>\n<meta property=\"article:author\" content=\"https:\/\/www.facebook.com\/hatem.bourial.2025\" \/>\n<meta property=\"article:published_time\" content=\"2024-11-09T10:05:00+00:00\" \/>\n<meta property=\"og:image\" content=\"https:\/\/www.webdo.tn\/fr\/wp-content\/uploads\/2024\/11\/f0db04de15ab0afe4fb009adde001609.webp\" \/>\n\t<meta property=\"og:image:width\" content=\"750\" \/>\n\t<meta property=\"og:image:height\" content=\"400\" \/>\n\t<meta property=\"og:image:type\" content=\"image\/webp\" \/>\n<meta name=\"author\" content=\"Hatem Bourial\" \/>\n<meta name=\"twitter:card\" content=\"summary_large_image\" \/>\n<meta name=\"twitter:creator\" content=\"@webdo_tn\" \/>\n<meta name=\"twitter:site\" content=\"@webdo_tn\" \/>\n<meta name=\"twitter:label1\" content=\"\u00c9crit par\" \/>\n\t<meta name=\"twitter:data1\" content=\"Hatem Bourial\" \/>\n\t<meta name=\"twitter:label2\" content=\"Dur\u00e9e de lecture estim\u00e9e\" \/>\n\t<meta name=\"twitter:data2\" content=\"1 minute\" \/>\n<script type=\"application\/ld+json\" class=\"yoast-schema-graph\">{\"@context\":\"https:\\\/\\\/schema.org\",\"@graph\":[{\"@type\":\"NewsArticle\",\"@id\":\"https:\\\/\\\/www.webdo.tn\\\/fr\\\/actualite\\\/chroniques\\\/karrita-krouz-sbata-bortal-quand-nous-parlons-espagnol-sans-le-savoir\\\/217500\\\/#article\",\"isPartOf\":{\"@id\":\"https:\\\/\\\/www.webdo.tn\\\/fr\\\/actualite\\\/chroniques\\\/karrita-krouz-sbata-bortal-quand-nous-parlons-espagnol-sans-le-savoir\\\/217500\\\/\"},\"author\":{\"name\":\"Hatem Bourial\",\"@id\":\"https:\\\/\\\/www.webdo.tn\\\/fr\\\/#\\\/schema\\\/person\\\/6bc0beba2cd23aec27cb5df85ca2554f\"},\"headline\":\"Karrita, Krouz, Sbata, Bortal : Quand nous parlons espagnol sans le savoir !\",\"datePublished\":\"2024-11-09T10:05:00+00:00\",\"mainEntityOfPage\":{\"@id\":\"https:\\\/\\\/www.webdo.tn\\\/fr\\\/actualite\\\/chroniques\\\/karrita-krouz-sbata-bortal-quand-nous-parlons-espagnol-sans-le-savoir\\\/217500\\\/\"},\"wordCount\":248,\"commentCount\":0,\"publisher\":{\"@id\":\"https:\\\/\\\/www.webdo.tn\\\/fr\\\/#organization\"},\"image\":{\"@id\":\"https:\\\/\\\/www.webdo.tn\\\/fr\\\/actualite\\\/chroniques\\\/karrita-krouz-sbata-bortal-quand-nous-parlons-espagnol-sans-le-savoir\\\/217500\\\/#primaryimage\"},\"thumbnailUrl\":\"https:\\\/\\\/www.webdo.tn\\\/fr\\\/wp-content\\\/uploads\\\/2024\\\/11\\\/f0db04de15ab0afe4fb009adde001609.webp\",\"keywords\":[\"'termes']\",\"arabe\",\"espagnol\",\"langue\",\"Tunisie\"],\"articleSection\":[\"Chroniques\"],\"inLanguage\":\"fr-FR\"},{\"@type\":\"WebPage\",\"@id\":\"https:\\\/\\\/www.webdo.tn\\\/fr\\\/actualite\\\/chroniques\\\/karrita-krouz-sbata-bortal-quand-nous-parlons-espagnol-sans-le-savoir\\\/217500\\\/\",\"url\":\"https:\\\/\\\/www.webdo.tn\\\/fr\\\/actualite\\\/chroniques\\\/karrita-krouz-sbata-bortal-quand-nous-parlons-espagnol-sans-le-savoir\\\/217500\\\/\",\"name\":\"Karrita, Krouz, Sbata, Bortal : Quand nous parlons espagnol sans le savoir !\",\"isPartOf\":{\"@id\":\"https:\\\/\\\/www.webdo.tn\\\/fr\\\/#website\"},\"primaryImageOfPage\":{\"@id\":\"https:\\\/\\\/www.webdo.tn\\\/fr\\\/actualite\\\/chroniques\\\/karrita-krouz-sbata-bortal-quand-nous-parlons-espagnol-sans-le-savoir\\\/217500\\\/#primaryimage\"},\"image\":{\"@id\":\"https:\\\/\\\/www.webdo.tn\\\/fr\\\/actualite\\\/chroniques\\\/karrita-krouz-sbata-bortal-quand-nous-parlons-espagnol-sans-le-savoir\\\/217500\\\/#primaryimage\"},\"thumbnailUrl\":\"https:\\\/\\\/www.webdo.tn\\\/fr\\\/wp-content\\\/uploads\\\/2024\\\/11\\\/f0db04de15ab0afe4fb009adde001609.webp\",\"datePublished\":\"2024-11-09T10:05:00+00:00\",\"description\":\"La langue tunisienne est d'une richesse inou\u00efe et se caract\u00e9rise par une remarquable capacit\u00e9 d'emprunt.\",\"breadcrumb\":{\"@id\":\"https:\\\/\\\/www.webdo.tn\\\/fr\\\/actualite\\\/chroniques\\\/karrita-krouz-sbata-bortal-quand-nous-parlons-espagnol-sans-le-savoir\\\/217500\\\/#breadcrumb\"},\"inLanguage\":\"fr-FR\",\"potentialAction\":[{\"@type\":\"ReadAction\",\"target\":[\"https:\\\/\\\/www.webdo.tn\\\/fr\\\/actualite\\\/chroniques\\\/karrita-krouz-sbata-bortal-quand-nous-parlons-espagnol-sans-le-savoir\\\/217500\\\/\"]}]},{\"@type\":\"ImageObject\",\"inLanguage\":\"fr-FR\",\"@id\":\"https:\\\/\\\/www.webdo.tn\\\/fr\\\/actualite\\\/chroniques\\\/karrita-krouz-sbata-bortal-quand-nous-parlons-espagnol-sans-le-savoir\\\/217500\\\/#primaryimage\",\"url\":\"https:\\\/\\\/www.webdo.tn\\\/fr\\\/wp-content\\\/uploads\\\/2024\\\/11\\\/f0db04de15ab0afe4fb009adde001609.webp\",\"contentUrl\":\"https:\\\/\\\/www.webdo.tn\\\/fr\\\/wp-content\\\/uploads\\\/2024\\\/11\\\/f0db04de15ab0afe4fb009adde001609.webp\",\"width\":750,\"height\":400,\"caption\":\"Karrita, Krouz, Sbata, Bortal : Quand nous parlons espagnol sans le savoir !\"},{\"@type\":\"BreadcrumbList\",\"@id\":\"https:\\\/\\\/www.webdo.tn\\\/fr\\\/actualite\\\/chroniques\\\/karrita-krouz-sbata-bortal-quand-nous-parlons-espagnol-sans-le-savoir\\\/217500\\\/#breadcrumb\",\"itemListElement\":[{\"@type\":\"ListItem\",\"position\":1,\"name\":\"Accueil\",\"item\":\"https:\\\/\\\/www.webdo.tn\\\/fr\\\/\"},{\"@type\":\"ListItem\",\"position\":2,\"name\":\"Karrita, Krouz, Sbata, Bortal : Quand nous parlons espagnol sans le savoir !\"}]},{\"@type\":\"WebSite\",\"@id\":\"https:\\\/\\\/www.webdo.tn\\\/fr\\\/#website\",\"url\":\"https:\\\/\\\/www.webdo.tn\\\/fr\\\/\",\"name\":\"webdo\",\"description\":\"Tunisie - News en Tunisie et \u00e0 l&#039;international sur Webdo.tn\",\"publisher\":{\"@id\":\"https:\\\/\\\/www.webdo.tn\\\/fr\\\/#organization\"},\"potentialAction\":[{\"@type\":\"SearchAction\",\"target\":{\"@type\":\"EntryPoint\",\"urlTemplate\":\"https:\\\/\\\/www.webdo.tn\\\/fr\\\/?s={search_term_string}\"},\"query-input\":{\"@type\":\"PropertyValueSpecification\",\"valueRequired\":true,\"valueName\":\"search_term_string\"}}],\"inLanguage\":\"fr-FR\"},{\"@type\":\"Organization\",\"@id\":\"https:\\\/\\\/www.webdo.tn\\\/fr\\\/#organization\",\"name\":\"Webdo\",\"alternateName\":\"Webdo.tn\",\"url\":\"https:\\\/\\\/www.webdo.tn\\\/fr\\\/\",\"logo\":{\"@type\":\"ImageObject\",\"inLanguage\":\"fr-FR\",\"@id\":\"https:\\\/\\\/www.webdo.tn\\\/fr\\\/#\\\/schema\\\/logo\\\/image\\\/\",\"url\":\"https:\\\/\\\/www.webdo.tn\\\/fr\\\/wp-content\\\/uploads\\\/2025\\\/06\\\/Webdo-Tunisie_168377.jpg\",\"contentUrl\":\"https:\\\/\\\/www.webdo.tn\\\/fr\\\/wp-content\\\/uploads\\\/2025\\\/06\\\/Webdo-Tunisie_168377.jpg\",\"width\":301,\"height\":301,\"caption\":\"Webdo\"},\"image\":{\"@id\":\"https:\\\/\\\/www.webdo.tn\\\/fr\\\/#\\\/schema\\\/logo\\\/image\\\/\"},\"sameAs\":[\"https:\\\/\\\/www.facebook.com\\\/webdotn\",\"https:\\\/\\\/x.com\\\/webdo_tn\"],\"description\":\"Webdo est un m\u00e9dia num\u00e9rique tunisien fond\u00e9 en 2010, sp\u00e9cialis\u00e9 dans l\u2019actualit\u00e9 nationale et internationale, l\u2019\u00e9conomie, la soci\u00e9t\u00e9 et les analyses politiques. Le site s\u2019adresse \u00e0 un large public francophone et couvre l\u2019information tunisienne en temps r\u00e9el.\",\"email\":\"redac@webdo.tn\",\"legalName\":\"YNJ SARL\",\"foundingDate\":\"2010-09-06\",\"numberOfEmployees\":{\"@type\":\"QuantitativeValue\",\"minValue\":\"11\",\"maxValue\":\"50\"}},{\"@type\":\"Person\",\"@id\":\"https:\\\/\\\/www.webdo.tn\\\/fr\\\/#\\\/schema\\\/person\\\/6bc0beba2cd23aec27cb5df85ca2554f\",\"name\":\"Hatem Bourial\",\"image\":{\"@type\":\"ImageObject\",\"inLanguage\":\"fr-FR\",\"@id\":\"https:\\\/\\\/www.webdo.tn\\\/fr\\\/wp-content\\\/uploads\\\/2026\\\/04\\\/hatem-bourial_avatar-96x96.jpg\",\"url\":\"https:\\\/\\\/www.webdo.tn\\\/fr\\\/wp-content\\\/uploads\\\/2026\\\/04\\\/hatem-bourial_avatar-96x96.jpg\",\"contentUrl\":\"https:\\\/\\\/www.webdo.tn\\\/fr\\\/wp-content\\\/uploads\\\/2026\\\/04\\\/hatem-bourial_avatar-96x96.jpg\",\"caption\":\"Hatem Bourial\"},\"description\":\"Hatem Bourial est journaliste, \u00e9crivain et chroniqueur tunisien. Actif depuis plusieurs d\u00e9cennies, il s\u2019est impos\u00e9 comme un observateur attentif de la soci\u00e9t\u00e9 tunisienne, m\u00ealant dans ses \u00e9crits m\u00e9moire, culture et analyse du quotidien. Auteur de nombreux ouvrages, il d\u00e9veloppe une \u0153uvre \u00e0 la crois\u00e9e du r\u00e9cit, de la po\u00e9sie et de l\u2019observation sociologique. Parall\u00e8lement \u00e0 ses contributions dans la presse, il intervient r\u00e9guli\u00e8rement \u00e0 la radio et dans des espaces culturels, o\u00f9 il explore les enjeux li\u00e9s au patrimoine, \u00e0 l\u2019identit\u00e9 et aux transformations du monde contemporain. \u00c0 travers ses chroniques, Hatem Bourial propose une lecture sensible et approfondie de l\u2019actualit\u00e9, nourrie par une exp\u00e9rience journalistique et litt\u00e9raire reconnue. \ud83d\udd17 Facebook : https:\\\/\\\/www.facebook.com\\\/hatem.bourial.2025\",\"sameAs\":[\"https:\\\/\\\/www.facebook.com\\\/hatem.bourial.2025\",\"https:\\\/\\\/fr.wikipedia.org\\\/wiki\\\/Fichier:Hatem_Bourial.jpg\"],\"knowsAbout\":[\"Culture & patrimoine tunisien\",\"Chronique soci\u00e9tale\",\"Litt\u00e9rature & m\u00e9moire\",\"Cin\u00e9ma & critique culturelle\",\"Identit\u00e9 & mutations sociales\"],\"knowsLanguage\":[\"Arabe\",\"Fran\u00e7ais\",\"Anglais\",\"Italien\",\"Polonais\"],\"jobTitle\":\"Journaliste, \u00e9crivain et chroniqueur culturel\",\"worksFor\":\"Webdo\",\"url\":\"https:\\\/\\\/www.webdo.tn\\\/fr\\\/actualite\\\/author\\\/hatem-bourial-2\\\/\"}]}<\/script>\n<!-- \/ Yoast SEO Premium plugin. -->","yoast_head_json":{"title":"Karrita, Krouz, Sbata, Bortal : Quand nous parlons espagnol sans le savoir !","description":"La langue tunisienne est d'une richesse inou\u00efe et se caract\u00e9rise par une remarquable capacit\u00e9 d'emprunt.","canonical":"https:\/\/www.webdo.tn\/fr\/actualite\/chroniques\/karrita-krouz-sbata-bortal-quand-nous-parlons-espagnol-sans-le-savoir\/217500\/","og_locale":"fr_FR","og_type":"article","og_title":"Karrita, Krouz, Sbata, Bortal : Quand nous parlons espagnol sans le savoir !","og_description":"La langue tunisienne est d'une richesse inou\u00efe et se caract\u00e9rise par une remarquable capacit\u00e9 d'emprunt.","og_url":"https:\/\/www.webdo.tn\/fr\/actualite\/chroniques\/karrita-krouz-sbata-bortal-quand-nous-parlons-espagnol-sans-le-savoir\/217500\/","og_site_name":"webdo","article_publisher":"https:\/\/www.facebook.com\/webdotn","article_author":"https:\/\/www.facebook.com\/hatem.bourial.2025","article_published_time":"2024-11-09T10:05:00+00:00","og_image":[{"width":750,"height":400,"url":"https:\/\/www.webdo.tn\/fr\/wp-content\/uploads\/2024\/11\/f0db04de15ab0afe4fb009adde001609.webp","type":"image\/webp"}],"author":"Hatem Bourial","twitter_card":"summary_large_image","twitter_creator":"@webdo_tn","twitter_site":"@webdo_tn","twitter_misc":{"\u00c9crit par":"Hatem Bourial","Dur\u00e9e de lecture estim\u00e9e":"1 minute"},"schema":{"@context":"https:\/\/schema.org","@graph":[{"@type":"NewsArticle","@id":"https:\/\/www.webdo.tn\/fr\/actualite\/chroniques\/karrita-krouz-sbata-bortal-quand-nous-parlons-espagnol-sans-le-savoir\/217500\/#article","isPartOf":{"@id":"https:\/\/www.webdo.tn\/fr\/actualite\/chroniques\/karrita-krouz-sbata-bortal-quand-nous-parlons-espagnol-sans-le-savoir\/217500\/"},"author":{"name":"Hatem Bourial","@id":"https:\/\/www.webdo.tn\/fr\/#\/schema\/person\/6bc0beba2cd23aec27cb5df85ca2554f"},"headline":"Karrita, Krouz, Sbata, Bortal : Quand nous parlons espagnol sans le savoir !","datePublished":"2024-11-09T10:05:00+00:00","mainEntityOfPage":{"@id":"https:\/\/www.webdo.tn\/fr\/actualite\/chroniques\/karrita-krouz-sbata-bortal-quand-nous-parlons-espagnol-sans-le-savoir\/217500\/"},"wordCount":248,"commentCount":0,"publisher":{"@id":"https:\/\/www.webdo.tn\/fr\/#organization"},"image":{"@id":"https:\/\/www.webdo.tn\/fr\/actualite\/chroniques\/karrita-krouz-sbata-bortal-quand-nous-parlons-espagnol-sans-le-savoir\/217500\/#primaryimage"},"thumbnailUrl":"https:\/\/www.webdo.tn\/fr\/wp-content\/uploads\/2024\/11\/f0db04de15ab0afe4fb009adde001609.webp","keywords":["'termes']","arabe","espagnol","langue","Tunisie"],"articleSection":["Chroniques"],"inLanguage":"fr-FR"},{"@type":"WebPage","@id":"https:\/\/www.webdo.tn\/fr\/actualite\/chroniques\/karrita-krouz-sbata-bortal-quand-nous-parlons-espagnol-sans-le-savoir\/217500\/","url":"https:\/\/www.webdo.tn\/fr\/actualite\/chroniques\/karrita-krouz-sbata-bortal-quand-nous-parlons-espagnol-sans-le-savoir\/217500\/","name":"Karrita, Krouz, Sbata, Bortal : Quand nous parlons espagnol sans le savoir !","isPartOf":{"@id":"https:\/\/www.webdo.tn\/fr\/#website"},"primaryImageOfPage":{"@id":"https:\/\/www.webdo.tn\/fr\/actualite\/chroniques\/karrita-krouz-sbata-bortal-quand-nous-parlons-espagnol-sans-le-savoir\/217500\/#primaryimage"},"image":{"@id":"https:\/\/www.webdo.tn\/fr\/actualite\/chroniques\/karrita-krouz-sbata-bortal-quand-nous-parlons-espagnol-sans-le-savoir\/217500\/#primaryimage"},"thumbnailUrl":"https:\/\/www.webdo.tn\/fr\/wp-content\/uploads\/2024\/11\/f0db04de15ab0afe4fb009adde001609.webp","datePublished":"2024-11-09T10:05:00+00:00","description":"La langue tunisienne est d'une richesse inou\u00efe et se caract\u00e9rise par une remarquable capacit\u00e9 d'emprunt.","breadcrumb":{"@id":"https:\/\/www.webdo.tn\/fr\/actualite\/chroniques\/karrita-krouz-sbata-bortal-quand-nous-parlons-espagnol-sans-le-savoir\/217500\/#breadcrumb"},"inLanguage":"fr-FR","potentialAction":[{"@type":"ReadAction","target":["https:\/\/www.webdo.tn\/fr\/actualite\/chroniques\/karrita-krouz-sbata-bortal-quand-nous-parlons-espagnol-sans-le-savoir\/217500\/"]}]},{"@type":"ImageObject","inLanguage":"fr-FR","@id":"https:\/\/www.webdo.tn\/fr\/actualite\/chroniques\/karrita-krouz-sbata-bortal-quand-nous-parlons-espagnol-sans-le-savoir\/217500\/#primaryimage","url":"https:\/\/www.webdo.tn\/fr\/wp-content\/uploads\/2024\/11\/f0db04de15ab0afe4fb009adde001609.webp","contentUrl":"https:\/\/www.webdo.tn\/fr\/wp-content\/uploads\/2024\/11\/f0db04de15ab0afe4fb009adde001609.webp","width":750,"height":400,"caption":"Karrita, Krouz, Sbata, Bortal : Quand nous parlons espagnol sans le savoir !"},{"@type":"BreadcrumbList","@id":"https:\/\/www.webdo.tn\/fr\/actualite\/chroniques\/karrita-krouz-sbata-bortal-quand-nous-parlons-espagnol-sans-le-savoir\/217500\/#breadcrumb","itemListElement":[{"@type":"ListItem","position":1,"name":"Accueil","item":"https:\/\/www.webdo.tn\/fr\/"},{"@type":"ListItem","position":2,"name":"Karrita, Krouz, Sbata, Bortal : Quand nous parlons espagnol sans le savoir !"}]},{"@type":"WebSite","@id":"https:\/\/www.webdo.tn\/fr\/#website","url":"https:\/\/www.webdo.tn\/fr\/","name":"webdo","description":"Tunisie - News en Tunisie et \u00e0 l&#039;international sur Webdo.tn","publisher":{"@id":"https:\/\/www.webdo.tn\/fr\/#organization"},"potentialAction":[{"@type":"SearchAction","target":{"@type":"EntryPoint","urlTemplate":"https:\/\/www.webdo.tn\/fr\/?s={search_term_string}"},"query-input":{"@type":"PropertyValueSpecification","valueRequired":true,"valueName":"search_term_string"}}],"inLanguage":"fr-FR"},{"@type":"Organization","@id":"https:\/\/www.webdo.tn\/fr\/#organization","name":"Webdo","alternateName":"Webdo.tn","url":"https:\/\/www.webdo.tn\/fr\/","logo":{"@type":"ImageObject","inLanguage":"fr-FR","@id":"https:\/\/www.webdo.tn\/fr\/#\/schema\/logo\/image\/","url":"https:\/\/www.webdo.tn\/fr\/wp-content\/uploads\/2025\/06\/Webdo-Tunisie_168377.jpg","contentUrl":"https:\/\/www.webdo.tn\/fr\/wp-content\/uploads\/2025\/06\/Webdo-Tunisie_168377.jpg","width":301,"height":301,"caption":"Webdo"},"image":{"@id":"https:\/\/www.webdo.tn\/fr\/#\/schema\/logo\/image\/"},"sameAs":["https:\/\/www.facebook.com\/webdotn","https:\/\/x.com\/webdo_tn"],"description":"Webdo est un m\u00e9dia num\u00e9rique tunisien fond\u00e9 en 2010, sp\u00e9cialis\u00e9 dans l\u2019actualit\u00e9 nationale et internationale, l\u2019\u00e9conomie, la soci\u00e9t\u00e9 et les analyses politiques. Le site s\u2019adresse \u00e0 un large public francophone et couvre l\u2019information tunisienne en temps r\u00e9el.","email":"redac@webdo.tn","legalName":"YNJ SARL","foundingDate":"2010-09-06","numberOfEmployees":{"@type":"QuantitativeValue","minValue":"11","maxValue":"50"}},{"@type":"Person","@id":"https:\/\/www.webdo.tn\/fr\/#\/schema\/person\/6bc0beba2cd23aec27cb5df85ca2554f","name":"Hatem Bourial","image":{"@type":"ImageObject","inLanguage":"fr-FR","@id":"https:\/\/www.webdo.tn\/fr\/wp-content\/uploads\/2026\/04\/hatem-bourial_avatar-96x96.jpg","url":"https:\/\/www.webdo.tn\/fr\/wp-content\/uploads\/2026\/04\/hatem-bourial_avatar-96x96.jpg","contentUrl":"https:\/\/www.webdo.tn\/fr\/wp-content\/uploads\/2026\/04\/hatem-bourial_avatar-96x96.jpg","caption":"Hatem Bourial"},"description":"Hatem Bourial est journaliste, \u00e9crivain et chroniqueur tunisien. Actif depuis plusieurs d\u00e9cennies, il s\u2019est impos\u00e9 comme un observateur attentif de la soci\u00e9t\u00e9 tunisienne, m\u00ealant dans ses \u00e9crits m\u00e9moire, culture et analyse du quotidien. Auteur de nombreux ouvrages, il d\u00e9veloppe une \u0153uvre \u00e0 la crois\u00e9e du r\u00e9cit, de la po\u00e9sie et de l\u2019observation sociologique. Parall\u00e8lement \u00e0 ses contributions dans la presse, il intervient r\u00e9guli\u00e8rement \u00e0 la radio et dans des espaces culturels, o\u00f9 il explore les enjeux li\u00e9s au patrimoine, \u00e0 l\u2019identit\u00e9 et aux transformations du monde contemporain. \u00c0 travers ses chroniques, Hatem Bourial propose une lecture sensible et approfondie de l\u2019actualit\u00e9, nourrie par une exp\u00e9rience journalistique et litt\u00e9raire reconnue. \ud83d\udd17 Facebook : https:\/\/www.facebook.com\/hatem.bourial.2025","sameAs":["https:\/\/www.facebook.com\/hatem.bourial.2025","https:\/\/fr.wikipedia.org\/wiki\/Fichier:Hatem_Bourial.jpg"],"knowsAbout":["Culture & patrimoine tunisien","Chronique soci\u00e9tale","Litt\u00e9rature & m\u00e9moire","Cin\u00e9ma & critique culturelle","Identit\u00e9 & mutations sociales"],"knowsLanguage":["Arabe","Fran\u00e7ais","Anglais","Italien","Polonais"],"jobTitle":"Journaliste, \u00e9crivain et chroniqueur culturel","worksFor":"Webdo","url":"https:\/\/www.webdo.tn\/fr\/actualite\/author\/hatem-bourial-2\/"}]}},"_links":{"self":[{"href":"https:\/\/www.webdo.tn\/fr\/wp-json\/wp\/v2\/posts\/217500","targetHints":{"allow":["GET"]}}],"collection":[{"href":"https:\/\/www.webdo.tn\/fr\/wp-json\/wp\/v2\/posts"}],"about":[{"href":"https:\/\/www.webdo.tn\/fr\/wp-json\/wp\/v2\/types\/post"}],"author":[{"embeddable":true,"href":"https:\/\/www.webdo.tn\/fr\/wp-json\/wp\/v2\/users\/3229"}],"replies":[{"embeddable":true,"href":"https:\/\/www.webdo.tn\/fr\/wp-json\/wp\/v2\/comments?post=217500"}],"version-history":[{"count":0,"href":"https:\/\/www.webdo.tn\/fr\/wp-json\/wp\/v2\/posts\/217500\/revisions"}],"wp:featuredmedia":[{"embeddable":true,"href":"https:\/\/www.webdo.tn\/fr\/wp-json\/wp\/v2\/media\/291309"}],"wp:attachment":[{"href":"https:\/\/www.webdo.tn\/fr\/wp-json\/wp\/v2\/media?parent=217500"}],"wp:term":[{"taxonomy":"category","embeddable":true,"href":"https:\/\/www.webdo.tn\/fr\/wp-json\/wp\/v2\/categories?post=217500"},{"taxonomy":"post_tag","embeddable":true,"href":"https:\/\/www.webdo.tn\/fr\/wp-json\/wp\/v2\/tags?post=217500"}],"curies":[{"name":"wp","href":"https:\/\/api.w.org\/{rel}","templated":true}]}}