{"id":217493,"date":"2024-11-08T19:08:00","date_gmt":"2024-11-08T19:08:00","guid":{"rendered":"https:\/\/www.webdo.tn\/fr\/blog\/le-ministre-des-ae-se-rend-a-sotchi\/217493\/"},"modified":"2025-05-21T09:07:29","modified_gmt":"2025-05-21T09:07:29","slug":"le-ministre-des-ae-se-rend-a-sotchi","status":"publish","type":"post","link":"https:\/\/www.webdo.tn\/fr\/actualite\/national\/le-ministre-des-ae-se-rend-a-sotchi\/217493\/","title":{"rendered":"Tunisie : Le ministre des AE se rend \u00e0 Sotchi"},"content":{"rendered":"<p>Mohamed Ali Nafti, ministre des Affaires \u00e9trang\u00e8res, de la Migration et des Tunisiens \u00e0 l\u2019\u00e9tranger, se rendra \u00e0 Sotchi, en Russie, pour pr\u00e9sider la d\u00e9l\u00e9gation tunisienne \u00e0 la premi\u00e8re conf\u00e9rence minist\u00e9rielle du Forum de partenariat russo-africain, pr\u00e9vue les 9 et 10 novembre 2024.<\/p>\n<p>\t\t\t\t\t\t\t\t\tCette rencontre, plac\u00e9e sous le mandat du pr\u00e9sident de la r\u00e9publique, vise \u00e0 promouvoir les \u00e9changes entre la Russie et les pays africains dans des domaines vari\u00e9s tels que la politique, la s\u00e9curit\u00e9, l&rsquo;\u00e9conomie, la science, la technologie et la culture.<\/p>\n<p>Deux pr\u00e9c\u00e9dents sommets ont jet\u00e9 les bases de cette coop\u00e9ration : l&rsquo;un \u00e0 Sotchi en 2019, et l&rsquo;autre \u00e0 Saint-P\u00e9tersbourg en juillet 2023, o\u00f9 les priorit\u00e9s de partenariat \u00e9conomique ont \u00e9t\u00e9 fix\u00e9es.<\/p>\n<p>En marge de cette conf\u00e9rence, Mohamed Ali Nafti aura un entretien avec son homologue russe pour discuter des prochaines \u00e9tapes de la coop\u00e9ration bilat\u00e9rale, ainsi que des \u00e9changes avec des ministres africains pour renforcer les relations et aborder les enjeux r\u00e9gionaux et internationaux.<\/p>\n<p>La participation tunisienne \u00e0 ce forum a \u00e9t\u00e9 salu\u00e9e par l\u2019ambassadeur russe \u00e0 Tunis, lors d&rsquo;une rencontre pr\u00e9c\u00e9dente, o\u00f9 ils ont discut\u00e9 des perspectives de coop\u00e9ration dans des domaines comme la recherche scientifique, la sant\u00e9 et l&rsquo;\u00e9change commercial.<\/p>\n","protected":false},"excerpt":{"rendered":"<p>Participation de la Tunisie au Forum de partenariat russo-africain \u00e0 Sotchi, visant \u00e0 renforcer la coop\u00e9ration dans les domaines politique, \u00e9conomique, scientif&#8230;<\/p>\n","protected":false},"author":3166,"featured_media":291303,"comment_status":"open","ping_status":"closed","sticky":false,"template":"","format":"standard","meta":{"footnotes":""},"categories":[44],"tags":[10618,10617,3430,2608],"class_list":["post-217493","post","type-post","status-publish","format-standard","has-post-thumbnail","hentry","category-national","tag-forum-de-partenariat-russo-africain","tag-sotchi","tag-mae","tag-tunisie"],"yoast_head":"<!-- This site is optimized with the Yoast SEO Premium plugin v27.5 (Yoast SEO v27.5) - https:\/\/yoast.com\/product\/yoast-seo-premium-wordpress\/ -->\n<title>Tunisie : Le ministre des AE se rend \u00e0 Sotchi<\/title>\n<meta name=\"description\" content=\"Participation de la Tunisie au Forum de partenariat russo-africain \u00e0 Sotchi, visant \u00e0 renforcer la coop\u00e9ration dans les domaines politique, \u00e9conomique, scientif...\" \/>\n<link rel=\"canonical\" href=\"https:\/\/www.webdo.tn\/fr\/actualite\/national\/le-ministre-des-ae-se-rend-a-sotchi\/217493\/\" \/>\n<meta property=\"og:locale\" content=\"fr_FR\" \/>\n<meta property=\"og:type\" content=\"article\" \/>\n<meta property=\"og:title\" content=\"Tunisie : Le ministre des AE se rend \u00e0 Sotchi\" \/>\n<meta property=\"og:description\" content=\"Participation de la Tunisie au Forum de partenariat russo-africain \u00e0 Sotchi, visant \u00e0 renforcer la coop\u00e9ration dans les domaines politique, \u00e9conomique, scientif...\" \/>\n<meta property=\"og:url\" content=\"https:\/\/www.webdo.tn\/fr\/actualite\/national\/le-ministre-des-ae-se-rend-a-sotchi\/217493\/\" \/>\n<meta property=\"og:site_name\" content=\"webdo\" \/>\n<meta property=\"article:publisher\" content=\"https:\/\/www.facebook.com\/webdotn\" \/>\n<meta property=\"article:published_time\" content=\"2024-11-08T19:08:00+00:00\" \/>\n<meta property=\"article:modified_time\" content=\"2025-05-21T09:07:29+00:00\" \/>\n<meta property=\"og:image\" content=\"https:\/\/www.webdo.tn\/fr\/wp-content\/uploads\/2024\/11\/ac7111e6a02fb8f67456e05577668a58.webp\" \/>\n\t<meta property=\"og:image:width\" content=\"750\" \/>\n\t<meta property=\"og:image:height\" content=\"400\" \/>\n\t<meta property=\"og:image:type\" content=\"image\/webp\" \/>\n<meta name=\"author\" content=\"AZ\" \/>\n<meta name=\"twitter:card\" content=\"summary_large_image\" \/>\n<meta name=\"twitter:creator\" content=\"@webdo_tn\" \/>\n<meta name=\"twitter:site\" content=\"@webdo_tn\" \/>\n<meta name=\"twitter:label1\" content=\"\u00c9crit par\" \/>\n\t<meta name=\"twitter:data1\" content=\"AZ\" \/>\n\t<meta name=\"twitter:label2\" content=\"Dur\u00e9e de lecture estim\u00e9e\" \/>\n\t<meta name=\"twitter:data2\" content=\"1 minute\" \/>\n<script type=\"application\/ld+json\" class=\"yoast-schema-graph\">{\"@context\":\"https:\\\/\\\/schema.org\",\"@graph\":[{\"@type\":\"NewsArticle\",\"@id\":\"https:\\\/\\\/www.webdo.tn\\\/fr\\\/actualite\\\/national\\\/le-ministre-des-ae-se-rend-a-sotchi\\\/217493\\\/#article\",\"isPartOf\":{\"@id\":\"https:\\\/\\\/www.webdo.tn\\\/fr\\\/actualite\\\/national\\\/le-ministre-des-ae-se-rend-a-sotchi\\\/217493\\\/\"},\"author\":{\"name\":\"AZ\",\"@id\":\"https:\\\/\\\/www.webdo.tn\\\/fr\\\/#\\\/schema\\\/person\\\/b8a41c04d93287d375510db360906b34\"},\"headline\":\"Tunisie : Le ministre des AE se rend \u00e0 Sotchi\",\"datePublished\":\"2024-11-08T19:08:00+00:00\",\"dateModified\":\"2025-05-21T09:07:29+00:00\",\"mainEntityOfPage\":{\"@id\":\"https:\\\/\\\/www.webdo.tn\\\/fr\\\/actualite\\\/national\\\/le-ministre-des-ae-se-rend-a-sotchi\\\/217493\\\/\"},\"wordCount\":225,\"commentCount\":0,\"publisher\":{\"@id\":\"https:\\\/\\\/www.webdo.tn\\\/fr\\\/#organization\"},\"image\":{\"@id\":\"https:\\\/\\\/www.webdo.tn\\\/fr\\\/actualite\\\/national\\\/le-ministre-des-ae-se-rend-a-sotchi\\\/217493\\\/#primaryimage\"},\"thumbnailUrl\":\"https:\\\/\\\/www.webdo.tn\\\/fr\\\/wp-content\\\/uploads\\\/2024\\\/11\\\/ac7111e6a02fb8f67456e05577668a58.webp\",\"keywords\":[\"'Forum de partenariat russo-africain']\",\"'Sotchi'\",\"MAE\",\"Tunisie\"],\"articleSection\":[\"National\"],\"inLanguage\":\"fr-FR\"},{\"@type\":\"WebPage\",\"@id\":\"https:\\\/\\\/www.webdo.tn\\\/fr\\\/actualite\\\/national\\\/le-ministre-des-ae-se-rend-a-sotchi\\\/217493\\\/\",\"url\":\"https:\\\/\\\/www.webdo.tn\\\/fr\\\/actualite\\\/national\\\/le-ministre-des-ae-se-rend-a-sotchi\\\/217493\\\/\",\"name\":\"Tunisie : Le ministre des AE se rend \u00e0 Sotchi\",\"isPartOf\":{\"@id\":\"https:\\\/\\\/www.webdo.tn\\\/fr\\\/#website\"},\"primaryImageOfPage\":{\"@id\":\"https:\\\/\\\/www.webdo.tn\\\/fr\\\/actualite\\\/national\\\/le-ministre-des-ae-se-rend-a-sotchi\\\/217493\\\/#primaryimage\"},\"image\":{\"@id\":\"https:\\\/\\\/www.webdo.tn\\\/fr\\\/actualite\\\/national\\\/le-ministre-des-ae-se-rend-a-sotchi\\\/217493\\\/#primaryimage\"},\"thumbnailUrl\":\"https:\\\/\\\/www.webdo.tn\\\/fr\\\/wp-content\\\/uploads\\\/2024\\\/11\\\/ac7111e6a02fb8f67456e05577668a58.webp\",\"datePublished\":\"2024-11-08T19:08:00+00:00\",\"dateModified\":\"2025-05-21T09:07:29+00:00\",\"description\":\"Participation de la Tunisie au Forum de partenariat russo-africain \u00e0 Sotchi, visant \u00e0 renforcer la coop\u00e9ration dans les domaines politique, \u00e9conomique, scientif...\",\"breadcrumb\":{\"@id\":\"https:\\\/\\\/www.webdo.tn\\\/fr\\\/actualite\\\/national\\\/le-ministre-des-ae-se-rend-a-sotchi\\\/217493\\\/#breadcrumb\"},\"inLanguage\":\"fr-FR\",\"potentialAction\":[{\"@type\":\"ReadAction\",\"target\":[\"https:\\\/\\\/www.webdo.tn\\\/fr\\\/actualite\\\/national\\\/le-ministre-des-ae-se-rend-a-sotchi\\\/217493\\\/\"]}]},{\"@type\":\"ImageObject\",\"inLanguage\":\"fr-FR\",\"@id\":\"https:\\\/\\\/www.webdo.tn\\\/fr\\\/actualite\\\/national\\\/le-ministre-des-ae-se-rend-a-sotchi\\\/217493\\\/#primaryimage\",\"url\":\"https:\\\/\\\/www.webdo.tn\\\/fr\\\/wp-content\\\/uploads\\\/2024\\\/11\\\/ac7111e6a02fb8f67456e05577668a58.webp\",\"contentUrl\":\"https:\\\/\\\/www.webdo.tn\\\/fr\\\/wp-content\\\/uploads\\\/2024\\\/11\\\/ac7111e6a02fb8f67456e05577668a58.webp\",\"width\":750,\"height\":400,\"caption\":\"Tunisie : Le ministre des AE se rend \u00e0 Sotchi\"},{\"@type\":\"BreadcrumbList\",\"@id\":\"https:\\\/\\\/www.webdo.tn\\\/fr\\\/actualite\\\/national\\\/le-ministre-des-ae-se-rend-a-sotchi\\\/217493\\\/#breadcrumb\",\"itemListElement\":[{\"@type\":\"ListItem\",\"position\":1,\"name\":\"Accueil\",\"item\":\"https:\\\/\\\/www.webdo.tn\\\/fr\\\/\"},{\"@type\":\"ListItem\",\"position\":2,\"name\":\"Tunisie : Le ministre des AE se rend \u00e0 Sotchi\"}]},{\"@type\":\"WebSite\",\"@id\":\"https:\\\/\\\/www.webdo.tn\\\/fr\\\/#website\",\"url\":\"https:\\\/\\\/www.webdo.tn\\\/fr\\\/\",\"name\":\"webdo\",\"description\":\"Tunisie - News en Tunisie et \u00e0 l&#039;international sur Webdo.tn\",\"publisher\":{\"@id\":\"https:\\\/\\\/www.webdo.tn\\\/fr\\\/#organization\"},\"potentialAction\":[{\"@type\":\"SearchAction\",\"target\":{\"@type\":\"EntryPoint\",\"urlTemplate\":\"https:\\\/\\\/www.webdo.tn\\\/fr\\\/?s={search_term_string}\"},\"query-input\":{\"@type\":\"PropertyValueSpecification\",\"valueRequired\":true,\"valueName\":\"search_term_string\"}}],\"inLanguage\":\"fr-FR\"},{\"@type\":\"Organization\",\"@id\":\"https:\\\/\\\/www.webdo.tn\\\/fr\\\/#organization\",\"name\":\"Webdo\",\"alternateName\":\"Webdo.tn\",\"url\":\"https:\\\/\\\/www.webdo.tn\\\/fr\\\/\",\"logo\":{\"@type\":\"ImageObject\",\"inLanguage\":\"fr-FR\",\"@id\":\"https:\\\/\\\/www.webdo.tn\\\/fr\\\/#\\\/schema\\\/logo\\\/image\\\/\",\"url\":\"https:\\\/\\\/www.webdo.tn\\\/fr\\\/wp-content\\\/uploads\\\/2025\\\/06\\\/Webdo-Tunisie_168377.jpg\",\"contentUrl\":\"https:\\\/\\\/www.webdo.tn\\\/fr\\\/wp-content\\\/uploads\\\/2025\\\/06\\\/Webdo-Tunisie_168377.jpg\",\"width\":301,\"height\":301,\"caption\":\"Webdo\"},\"image\":{\"@id\":\"https:\\\/\\\/www.webdo.tn\\\/fr\\\/#\\\/schema\\\/logo\\\/image\\\/\"},\"sameAs\":[\"https:\\\/\\\/www.facebook.com\\\/webdotn\",\"https:\\\/\\\/x.com\\\/webdo_tn\"],\"description\":\"Webdo est un m\u00e9dia num\u00e9rique tunisien fond\u00e9 en 2010, sp\u00e9cialis\u00e9 dans l\u2019actualit\u00e9 nationale et internationale, l\u2019\u00e9conomie, la soci\u00e9t\u00e9 et les analyses politiques. Le site s\u2019adresse \u00e0 un large public francophone et couvre l\u2019information tunisienne en temps r\u00e9el.\",\"email\":\"redac@webdo.tn\",\"legalName\":\"YNJ SARL\",\"foundingDate\":\"2010-09-06\",\"numberOfEmployees\":{\"@type\":\"QuantitativeValue\",\"minValue\":\"11\",\"maxValue\":\"50\"}},{\"@type\":\"Person\",\"@id\":\"https:\\\/\\\/www.webdo.tn\\\/fr\\\/#\\\/schema\\\/person\\\/b8a41c04d93287d375510db360906b34\",\"name\":\"AZ\",\"image\":{\"@type\":\"ImageObject\",\"inLanguage\":\"fr-FR\",\"@id\":\"https:\\\/\\\/secure.gravatar.com\\\/avatar\\\/492b80bada79439de4201dce15cd41eece6c277cfdf1b53382073c79105c1f89?s=96&d=mm&r=g\",\"url\":\"https:\\\/\\\/secure.gravatar.com\\\/avatar\\\/492b80bada79439de4201dce15cd41eece6c277cfdf1b53382073c79105c1f89?s=96&d=mm&r=g\",\"contentUrl\":\"https:\\\/\\\/secure.gravatar.com\\\/avatar\\\/492b80bada79439de4201dce15cd41eece6c277cfdf1b53382073c79105c1f89?s=96&d=mm&r=g\",\"caption\":\"AZ\"},\"url\":\"https:\\\/\\\/www.webdo.tn\\\/fr\\\/actualite\\\/author\\\/az\\\/\"}]}<\/script>\n<!-- \/ Yoast SEO Premium plugin. -->","yoast_head_json":{"title":"Tunisie : Le ministre des AE se rend \u00e0 Sotchi","description":"Participation de la Tunisie au Forum de partenariat russo-africain \u00e0 Sotchi, visant \u00e0 renforcer la coop\u00e9ration dans les domaines politique, \u00e9conomique, scientif...","canonical":"https:\/\/www.webdo.tn\/fr\/actualite\/national\/le-ministre-des-ae-se-rend-a-sotchi\/217493\/","og_locale":"fr_FR","og_type":"article","og_title":"Tunisie : Le ministre des AE se rend \u00e0 Sotchi","og_description":"Participation de la Tunisie au Forum de partenariat russo-africain \u00e0 Sotchi, visant \u00e0 renforcer la coop\u00e9ration dans les domaines politique, \u00e9conomique, scientif...","og_url":"https:\/\/www.webdo.tn\/fr\/actualite\/national\/le-ministre-des-ae-se-rend-a-sotchi\/217493\/","og_site_name":"webdo","article_publisher":"https:\/\/www.facebook.com\/webdotn","article_published_time":"2024-11-08T19:08:00+00:00","article_modified_time":"2025-05-21T09:07:29+00:00","og_image":[{"width":750,"height":400,"url":"https:\/\/www.webdo.tn\/fr\/wp-content\/uploads\/2024\/11\/ac7111e6a02fb8f67456e05577668a58.webp","type":"image\/webp"}],"author":"AZ","twitter_card":"summary_large_image","twitter_creator":"@webdo_tn","twitter_site":"@webdo_tn","twitter_misc":{"\u00c9crit par":"AZ","Dur\u00e9e de lecture estim\u00e9e":"1 minute"},"schema":{"@context":"https:\/\/schema.org","@graph":[{"@type":"NewsArticle","@id":"https:\/\/www.webdo.tn\/fr\/actualite\/national\/le-ministre-des-ae-se-rend-a-sotchi\/217493\/#article","isPartOf":{"@id":"https:\/\/www.webdo.tn\/fr\/actualite\/national\/le-ministre-des-ae-se-rend-a-sotchi\/217493\/"},"author":{"name":"AZ","@id":"https:\/\/www.webdo.tn\/fr\/#\/schema\/person\/b8a41c04d93287d375510db360906b34"},"headline":"Tunisie : Le ministre des AE se rend \u00e0 Sotchi","datePublished":"2024-11-08T19:08:00+00:00","dateModified":"2025-05-21T09:07:29+00:00","mainEntityOfPage":{"@id":"https:\/\/www.webdo.tn\/fr\/actualite\/national\/le-ministre-des-ae-se-rend-a-sotchi\/217493\/"},"wordCount":225,"commentCount":0,"publisher":{"@id":"https:\/\/www.webdo.tn\/fr\/#organization"},"image":{"@id":"https:\/\/www.webdo.tn\/fr\/actualite\/national\/le-ministre-des-ae-se-rend-a-sotchi\/217493\/#primaryimage"},"thumbnailUrl":"https:\/\/www.webdo.tn\/fr\/wp-content\/uploads\/2024\/11\/ac7111e6a02fb8f67456e05577668a58.webp","keywords":["'Forum de partenariat russo-africain']","'Sotchi'","MAE","Tunisie"],"articleSection":["National"],"inLanguage":"fr-FR"},{"@type":"WebPage","@id":"https:\/\/www.webdo.tn\/fr\/actualite\/national\/le-ministre-des-ae-se-rend-a-sotchi\/217493\/","url":"https:\/\/www.webdo.tn\/fr\/actualite\/national\/le-ministre-des-ae-se-rend-a-sotchi\/217493\/","name":"Tunisie : Le ministre des AE se rend \u00e0 Sotchi","isPartOf":{"@id":"https:\/\/www.webdo.tn\/fr\/#website"},"primaryImageOfPage":{"@id":"https:\/\/www.webdo.tn\/fr\/actualite\/national\/le-ministre-des-ae-se-rend-a-sotchi\/217493\/#primaryimage"},"image":{"@id":"https:\/\/www.webdo.tn\/fr\/actualite\/national\/le-ministre-des-ae-se-rend-a-sotchi\/217493\/#primaryimage"},"thumbnailUrl":"https:\/\/www.webdo.tn\/fr\/wp-content\/uploads\/2024\/11\/ac7111e6a02fb8f67456e05577668a58.webp","datePublished":"2024-11-08T19:08:00+00:00","dateModified":"2025-05-21T09:07:29+00:00","description":"Participation de la Tunisie au Forum de partenariat russo-africain \u00e0 Sotchi, visant \u00e0 renforcer la coop\u00e9ration dans les domaines politique, \u00e9conomique, scientif...","breadcrumb":{"@id":"https:\/\/www.webdo.tn\/fr\/actualite\/national\/le-ministre-des-ae-se-rend-a-sotchi\/217493\/#breadcrumb"},"inLanguage":"fr-FR","potentialAction":[{"@type":"ReadAction","target":["https:\/\/www.webdo.tn\/fr\/actualite\/national\/le-ministre-des-ae-se-rend-a-sotchi\/217493\/"]}]},{"@type":"ImageObject","inLanguage":"fr-FR","@id":"https:\/\/www.webdo.tn\/fr\/actualite\/national\/le-ministre-des-ae-se-rend-a-sotchi\/217493\/#primaryimage","url":"https:\/\/www.webdo.tn\/fr\/wp-content\/uploads\/2024\/11\/ac7111e6a02fb8f67456e05577668a58.webp","contentUrl":"https:\/\/www.webdo.tn\/fr\/wp-content\/uploads\/2024\/11\/ac7111e6a02fb8f67456e05577668a58.webp","width":750,"height":400,"caption":"Tunisie : Le ministre des AE se rend \u00e0 Sotchi"},{"@type":"BreadcrumbList","@id":"https:\/\/www.webdo.tn\/fr\/actualite\/national\/le-ministre-des-ae-se-rend-a-sotchi\/217493\/#breadcrumb","itemListElement":[{"@type":"ListItem","position":1,"name":"Accueil","item":"https:\/\/www.webdo.tn\/fr\/"},{"@type":"ListItem","position":2,"name":"Tunisie : Le ministre des AE se rend \u00e0 Sotchi"}]},{"@type":"WebSite","@id":"https:\/\/www.webdo.tn\/fr\/#website","url":"https:\/\/www.webdo.tn\/fr\/","name":"webdo","description":"Tunisie - News en Tunisie et \u00e0 l&#039;international sur Webdo.tn","publisher":{"@id":"https:\/\/www.webdo.tn\/fr\/#organization"},"potentialAction":[{"@type":"SearchAction","target":{"@type":"EntryPoint","urlTemplate":"https:\/\/www.webdo.tn\/fr\/?s={search_term_string}"},"query-input":{"@type":"PropertyValueSpecification","valueRequired":true,"valueName":"search_term_string"}}],"inLanguage":"fr-FR"},{"@type":"Organization","@id":"https:\/\/www.webdo.tn\/fr\/#organization","name":"Webdo","alternateName":"Webdo.tn","url":"https:\/\/www.webdo.tn\/fr\/","logo":{"@type":"ImageObject","inLanguage":"fr-FR","@id":"https:\/\/www.webdo.tn\/fr\/#\/schema\/logo\/image\/","url":"https:\/\/www.webdo.tn\/fr\/wp-content\/uploads\/2025\/06\/Webdo-Tunisie_168377.jpg","contentUrl":"https:\/\/www.webdo.tn\/fr\/wp-content\/uploads\/2025\/06\/Webdo-Tunisie_168377.jpg","width":301,"height":301,"caption":"Webdo"},"image":{"@id":"https:\/\/www.webdo.tn\/fr\/#\/schema\/logo\/image\/"},"sameAs":["https:\/\/www.facebook.com\/webdotn","https:\/\/x.com\/webdo_tn"],"description":"Webdo est un m\u00e9dia num\u00e9rique tunisien fond\u00e9 en 2010, sp\u00e9cialis\u00e9 dans l\u2019actualit\u00e9 nationale et internationale, l\u2019\u00e9conomie, la soci\u00e9t\u00e9 et les analyses politiques. Le site s\u2019adresse \u00e0 un large public francophone et couvre l\u2019information tunisienne en temps r\u00e9el.","email":"redac@webdo.tn","legalName":"YNJ SARL","foundingDate":"2010-09-06","numberOfEmployees":{"@type":"QuantitativeValue","minValue":"11","maxValue":"50"}},{"@type":"Person","@id":"https:\/\/www.webdo.tn\/fr\/#\/schema\/person\/b8a41c04d93287d375510db360906b34","name":"AZ","image":{"@type":"ImageObject","inLanguage":"fr-FR","@id":"https:\/\/secure.gravatar.com\/avatar\/492b80bada79439de4201dce15cd41eece6c277cfdf1b53382073c79105c1f89?s=96&d=mm&r=g","url":"https:\/\/secure.gravatar.com\/avatar\/492b80bada79439de4201dce15cd41eece6c277cfdf1b53382073c79105c1f89?s=96&d=mm&r=g","contentUrl":"https:\/\/secure.gravatar.com\/avatar\/492b80bada79439de4201dce15cd41eece6c277cfdf1b53382073c79105c1f89?s=96&d=mm&r=g","caption":"AZ"},"url":"https:\/\/www.webdo.tn\/fr\/actualite\/author\/az\/"}]}},"_links":{"self":[{"href":"https:\/\/www.webdo.tn\/fr\/wp-json\/wp\/v2\/posts\/217493","targetHints":{"allow":["GET"]}}],"collection":[{"href":"https:\/\/www.webdo.tn\/fr\/wp-json\/wp\/v2\/posts"}],"about":[{"href":"https:\/\/www.webdo.tn\/fr\/wp-json\/wp\/v2\/types\/post"}],"author":[{"embeddable":true,"href":"https:\/\/www.webdo.tn\/fr\/wp-json\/wp\/v2\/users\/3166"}],"replies":[{"embeddable":true,"href":"https:\/\/www.webdo.tn\/fr\/wp-json\/wp\/v2\/comments?post=217493"}],"version-history":[{"count":0,"href":"https:\/\/www.webdo.tn\/fr\/wp-json\/wp\/v2\/posts\/217493\/revisions"}],"wp:featuredmedia":[{"embeddable":true,"href":"https:\/\/www.webdo.tn\/fr\/wp-json\/wp\/v2\/media\/291303"}],"wp:attachment":[{"href":"https:\/\/www.webdo.tn\/fr\/wp-json\/wp\/v2\/media?parent=217493"}],"wp:term":[{"taxonomy":"category","embeddable":true,"href":"https:\/\/www.webdo.tn\/fr\/wp-json\/wp\/v2\/categories?post=217493"},{"taxonomy":"post_tag","embeddable":true,"href":"https:\/\/www.webdo.tn\/fr\/wp-json\/wp\/v2\/tags?post=217493"}],"curies":[{"name":"wp","href":"https:\/\/api.w.org\/{rel}","templated":true}]}}