{"id":217489,"date":"2024-11-08T15:29:00","date_gmt":"2024-11-08T15:29:00","guid":{"rendered":"https:\/\/www.webdo.tn\/fr\/blog\/tunisie-lf2025-maddouri-promet-une-refonte-de-l-assurance-maladie\/217489\/"},"modified":"2024-11-08T15:29:00","modified_gmt":"2024-11-08T15:29:00","slug":"tunisie-lf2025-maddouri-promet-une-refonte-de-l-assurance-maladie","status":"publish","type":"post","link":"https:\/\/www.webdo.tn\/fr\/actualite\/national\/tunisie-lf2025-maddouri-promet-une-refonte-de-l-assurance-maladie\/217489\/","title":{"rendered":"Tunisie &#8211; LF2025 : Maddouri promet une refonte de l&rsquo;assurance maladie"},"content":{"rendered":"<p>Lors de son intervention aujourd&rsquo;hui \u00e0 l&rsquo;Assembl\u00e9e des Repr\u00e9sentants du Peuple (ARP), le Chef du Gouvernement, Kamel Maddouri, a pr\u00e9sent\u00e9 le projet de loi de Finances 2025, en mettant l\u2019accent sur une r\u00e9forme majeure de l\u2019assurance maladie.<\/p>\n<p>\t\t\t\t\t\t\t\t\tIl a soulign\u00e9 que le gouvernement est engag\u00e9 dans une refonte compl\u00e8te du syst\u00e8me pour garantir une prise en charge plus \u00e9quitable et de meilleure qualit\u00e9. Les grandes lignes de cette strat\u00e9gie ont \u00e9t\u00e9 d\u00e9voil\u00e9es, visant \u00e0 moderniser et renforcer le syst\u00e8me d\u2019assurance maladie.<\/p>\n<p>Les mesures cl\u00e9s pour am\u00e9liorer l&rsquo;assurance maladie<\/p>\n<p>A l\u2019issue des discussions au sein du Conseil des ministres, une s\u00e9rie de mesures urgentes avait \u00e9t\u00e9 adopt\u00e9e pour revitaliser le secteur de l&rsquo;assurance maladie. Voici les principaux points :<\/p>\n<p>\tRenforcement des ressources financi\u00e8res pour la Pharmacie centrale : Le gouvernement allouera des fonds suppl\u00e9mentaires en plus des versements mensuels de la Caisse Nationale d\u2019Assurance Maladie (CNAM) afin de garantir un approvisionnement stable en m\u00e9dicaments.<br \/>\n\tR\u00e9gularisation des cr\u00e9ances des \u00e9tablissements publics : Le paiement des contributions en suspens des caisses sociales aupr\u00e8s des \u00e9tablissements de sant\u00e9 sera garanti, permettant de r\u00e9gler les dettes de la Pharmacie centrale et d&rsquo;assurer une meilleure prise en charge des patients.<br \/>\n\tOptimisation de la gestion des m\u00e9dicaments : De nouveaux m\u00e9canismes seront mis en place pour am\u00e9liorer la distribution et l\u2019acc\u00e8s aux traitements m\u00e9dicaux, dans le cadre de l&rsquo;assurance maladie.<br \/>\n\tRenforcement de la collaboration entre le Minist\u00e8re de la Sant\u00e9 et la CNAM : Cette initiative vise \u00e0 harmoniser les crit\u00e8res de prise en charge selon les meilleures pratiques internationales, am\u00e9liorant ainsi l\u2019efficacit\u00e9 des remboursements.<br \/>\n\tCr\u00e9ation d\u2019une commission pour la fixation des prix des m\u00e9dicaments : Sous la supervision de l\u2019Agence nationale des m\u00e9dicaments, cette commission int\u00e9grera les minist\u00e8res concern\u00e9s afin d\u2019assurer une tarification plus transparente et r\u00e9gul\u00e9e.<br \/>\n\tR\u00e9vision globale du syst\u00e8me d\u2019assurance maladie : Une r\u00e9forme approfondie sera entreprise, en prenant en compte les \u00e9tudes d&rsquo;\u00e9valuation et les recommandations des acteurs du secteur pour une couverture plus efficace.<br \/>\n\tFormation d\u2019un comit\u00e9 de pilotage intersectoriel : Ce comit\u00e9 inclura des repr\u00e9sentants de la pr\u00e9sidence du gouvernement, des minist\u00e8res de la Sant\u00e9, des Finances, des Affaires sociales, ainsi que des professionnels de la sant\u00e9, avec pour mission d&rsquo;optimiser l&rsquo;usage des ressources et des comp\u00e9tences m\u00e9dicales.<br \/>\n\tRenforcement de la gouvernance et de la digitalisation : Des efforts seront d\u00e9ploy\u00e9s pour am\u00e9liorer la gestion des services d\u2019assurance maladie \u00e0 travers la transformation num\u00e9rique et des outils de surveillance renforc\u00e9s.<br \/>\n\tG\u00e9n\u00e9ralisation de la carte de soins \u00e9lectronique : Le gouvernement acc\u00e9l\u00e9rera l\u2019int\u00e9gration des syst\u00e8mes d\u2019\u00e9change de donn\u00e9es entre la CNAM et les prestataires de soins, afin de faciliter l&rsquo;acc\u00e8s aux services de sant\u00e9 et d&rsquo;am\u00e9liorer l&rsquo;efficacit\u00e9 du syst\u00e8me d&rsquo;assurance maladie.<\/p>\n","protected":false},"excerpt":{"rendered":"<p>Lors de son intervention aujourd&rsquo;hui \u00e0 l&rsquo;Assembl\u00e9e des Repr\u00e9sentants du Peuple (ARP), le Chef du Gouvernement, Kamel Maddouri, a pr\u00e9sent\u00e9 le projet de loi de Fi&#8230;<\/p>\n","protected":false},"author":4779,"featured_media":291301,"comment_status":"open","ping_status":"closed","sticky":false,"template":"","format":"standard","meta":{"footnotes":""},"categories":[44],"tags":[5371,4588,2731,2608],"class_list":["post-217489","post","type-post","status-publish","format-standard","has-post-thumbnail","hentry","category-national","tag-assurance-maladie","tag-cnam","tag-sante","tag-tunisie"],"yoast_head":"<!-- This site is optimized with the Yoast SEO Premium plugin v27.4 (Yoast SEO v27.5) - https:\/\/yoast.com\/product\/yoast-seo-premium-wordpress\/ -->\n<title>Tunisie - LF2025 : Maddouri promet une refonte de l&#039;assurance maladie<\/title>\n<meta name=\"description\" content=\"Lors de son intervention aujourd&#039;hui \u00e0 l&#039;Assembl\u00e9e des Repr\u00e9sentants du Peuple (ARP), le Chef du Gouvernement, Kamel Maddouri, a pr\u00e9sent\u00e9 le projet de loi de Fi...\" \/>\n<link rel=\"canonical\" href=\"https:\/\/www.webdo.tn\/fr\/actualite\/national\/tunisie-lf2025-maddouri-promet-une-refonte-de-l-assurance-maladie\/217489\/\" \/>\n<meta property=\"og:locale\" content=\"fr_FR\" \/>\n<meta property=\"og:type\" content=\"article\" \/>\n<meta property=\"og:title\" content=\"Tunisie - LF2025 : Maddouri promet une refonte de l&#039;assurance maladie\" \/>\n<meta property=\"og:description\" content=\"Lors de son intervention aujourd&#039;hui \u00e0 l&#039;Assembl\u00e9e des Repr\u00e9sentants du Peuple (ARP), le Chef du Gouvernement, Kamel Maddouri, a pr\u00e9sent\u00e9 le projet de loi de Fi...\" \/>\n<meta property=\"og:url\" content=\"https:\/\/www.webdo.tn\/fr\/actualite\/national\/tunisie-lf2025-maddouri-promet-une-refonte-de-l-assurance-maladie\/217489\/\" \/>\n<meta property=\"og:site_name\" content=\"webdo\" \/>\n<meta property=\"article:publisher\" content=\"https:\/\/www.facebook.com\/webdotn\" \/>\n<meta property=\"article:published_time\" content=\"2024-11-08T15:29:00+00:00\" \/>\n<meta property=\"og:image\" content=\"https:\/\/www.webdo.tn\/fr\/wp-content\/uploads\/2024\/11\/f63364f368ae433cae012cbcaff011a5.webp\" \/>\n\t<meta property=\"og:image:width\" content=\"750\" \/>\n\t<meta property=\"og:image:height\" content=\"400\" \/>\n\t<meta property=\"og:image:type\" content=\"image\/webp\" \/>\n<meta name=\"author\" content=\"Firas Ben Abdeltif\" \/>\n<meta name=\"twitter:card\" content=\"summary_large_image\" \/>\n<meta name=\"twitter:creator\" content=\"@webdo_tn\" \/>\n<meta name=\"twitter:site\" content=\"@webdo_tn\" \/>\n<meta name=\"twitter:label1\" content=\"\u00c9crit par\" \/>\n\t<meta name=\"twitter:data1\" content=\"Firas Ben Abdeltif\" \/>\n\t<meta name=\"twitter:label2\" content=\"Dur\u00e9e de lecture estim\u00e9e\" \/>\n\t<meta name=\"twitter:data2\" content=\"3 minutes\" \/>\n<script type=\"application\/ld+json\" class=\"yoast-schema-graph\">{\"@context\":\"https:\\\/\\\/schema.org\",\"@graph\":[{\"@type\":\"NewsArticle\",\"@id\":\"https:\\\/\\\/www.webdo.tn\\\/fr\\\/actualite\\\/national\\\/tunisie-lf2025-maddouri-promet-une-refonte-de-l-assurance-maladie\\\/217489\\\/#article\",\"isPartOf\":{\"@id\":\"https:\\\/\\\/www.webdo.tn\\\/fr\\\/actualite\\\/national\\\/tunisie-lf2025-maddouri-promet-une-refonte-de-l-assurance-maladie\\\/217489\\\/\"},\"author\":{\"name\":\"Firas Ben Abdeltif\",\"@id\":\"https:\\\/\\\/www.webdo.tn\\\/fr\\\/#\\\/schema\\\/person\\\/19664196c9bfdcda126f3c27709f7d11\"},\"headline\":\"Tunisie &#8211; LF2025 : Maddouri promet une refonte de l&rsquo;assurance maladie\",\"datePublished\":\"2024-11-08T15:29:00+00:00\",\"mainEntityOfPage\":{\"@id\":\"https:\\\/\\\/www.webdo.tn\\\/fr\\\/actualite\\\/national\\\/tunisie-lf2025-maddouri-promet-une-refonte-de-l-assurance-maladie\\\/217489\\\/\"},\"wordCount\":523,\"commentCount\":0,\"publisher\":{\"@id\":\"https:\\\/\\\/www.webdo.tn\\\/fr\\\/#organization\"},\"image\":{\"@id\":\"https:\\\/\\\/www.webdo.tn\\\/fr\\\/actualite\\\/national\\\/tunisie-lf2025-maddouri-promet-une-refonte-de-l-assurance-maladie\\\/217489\\\/#primaryimage\"},\"thumbnailUrl\":\"https:\\\/\\\/www.webdo.tn\\\/fr\\\/wp-content\\\/uploads\\\/2024\\\/11\\\/f63364f368ae433cae012cbcaff011a5.webp\",\"keywords\":[\"assurance maladie\",\"CNAM\",\"Sant\u00e9\",\"Tunisie\"],\"articleSection\":[\"National\"],\"inLanguage\":\"fr-FR\"},{\"@type\":\"WebPage\",\"@id\":\"https:\\\/\\\/www.webdo.tn\\\/fr\\\/actualite\\\/national\\\/tunisie-lf2025-maddouri-promet-une-refonte-de-l-assurance-maladie\\\/217489\\\/\",\"url\":\"https:\\\/\\\/www.webdo.tn\\\/fr\\\/actualite\\\/national\\\/tunisie-lf2025-maddouri-promet-une-refonte-de-l-assurance-maladie\\\/217489\\\/\",\"name\":\"Tunisie - LF2025 : Maddouri promet une refonte de l'assurance maladie\",\"isPartOf\":{\"@id\":\"https:\\\/\\\/www.webdo.tn\\\/fr\\\/#website\"},\"primaryImageOfPage\":{\"@id\":\"https:\\\/\\\/www.webdo.tn\\\/fr\\\/actualite\\\/national\\\/tunisie-lf2025-maddouri-promet-une-refonte-de-l-assurance-maladie\\\/217489\\\/#primaryimage\"},\"image\":{\"@id\":\"https:\\\/\\\/www.webdo.tn\\\/fr\\\/actualite\\\/national\\\/tunisie-lf2025-maddouri-promet-une-refonte-de-l-assurance-maladie\\\/217489\\\/#primaryimage\"},\"thumbnailUrl\":\"https:\\\/\\\/www.webdo.tn\\\/fr\\\/wp-content\\\/uploads\\\/2024\\\/11\\\/f63364f368ae433cae012cbcaff011a5.webp\",\"datePublished\":\"2024-11-08T15:29:00+00:00\",\"description\":\"Lors de son intervention aujourd'hui \u00e0 l'Assembl\u00e9e des Repr\u00e9sentants du Peuple (ARP), le Chef du Gouvernement, Kamel Maddouri, a pr\u00e9sent\u00e9 le projet de loi de Fi...\",\"breadcrumb\":{\"@id\":\"https:\\\/\\\/www.webdo.tn\\\/fr\\\/actualite\\\/national\\\/tunisie-lf2025-maddouri-promet-une-refonte-de-l-assurance-maladie\\\/217489\\\/#breadcrumb\"},\"inLanguage\":\"fr-FR\",\"potentialAction\":[{\"@type\":\"ReadAction\",\"target\":[\"https:\\\/\\\/www.webdo.tn\\\/fr\\\/actualite\\\/national\\\/tunisie-lf2025-maddouri-promet-une-refonte-de-l-assurance-maladie\\\/217489\\\/\"]}]},{\"@type\":\"ImageObject\",\"inLanguage\":\"fr-FR\",\"@id\":\"https:\\\/\\\/www.webdo.tn\\\/fr\\\/actualite\\\/national\\\/tunisie-lf2025-maddouri-promet-une-refonte-de-l-assurance-maladie\\\/217489\\\/#primaryimage\",\"url\":\"https:\\\/\\\/www.webdo.tn\\\/fr\\\/wp-content\\\/uploads\\\/2024\\\/11\\\/f63364f368ae433cae012cbcaff011a5.webp\",\"contentUrl\":\"https:\\\/\\\/www.webdo.tn\\\/fr\\\/wp-content\\\/uploads\\\/2024\\\/11\\\/f63364f368ae433cae012cbcaff011a5.webp\",\"width\":750,\"height\":400,\"caption\":\"Tunisie - LF2025 : Maddouri promet une refonte de l'assurance maladie\"},{\"@type\":\"BreadcrumbList\",\"@id\":\"https:\\\/\\\/www.webdo.tn\\\/fr\\\/actualite\\\/national\\\/tunisie-lf2025-maddouri-promet-une-refonte-de-l-assurance-maladie\\\/217489\\\/#breadcrumb\",\"itemListElement\":[{\"@type\":\"ListItem\",\"position\":1,\"name\":\"Accueil\",\"item\":\"https:\\\/\\\/www.webdo.tn\\\/fr\\\/\"},{\"@type\":\"ListItem\",\"position\":2,\"name\":\"Tunisie &#8211; LF2025 : Maddouri promet une refonte de l&rsquo;assurance maladie\"}]},{\"@type\":\"WebSite\",\"@id\":\"https:\\\/\\\/www.webdo.tn\\\/fr\\\/#website\",\"url\":\"https:\\\/\\\/www.webdo.tn\\\/fr\\\/\",\"name\":\"webdo\",\"description\":\"Tunisie - News en Tunisie et \u00e0 l&#039;international sur Webdo.tn\",\"publisher\":{\"@id\":\"https:\\\/\\\/www.webdo.tn\\\/fr\\\/#organization\"},\"potentialAction\":[{\"@type\":\"SearchAction\",\"target\":{\"@type\":\"EntryPoint\",\"urlTemplate\":\"https:\\\/\\\/www.webdo.tn\\\/fr\\\/?s={search_term_string}\"},\"query-input\":{\"@type\":\"PropertyValueSpecification\",\"valueRequired\":true,\"valueName\":\"search_term_string\"}}],\"inLanguage\":\"fr-FR\"},{\"@type\":\"Organization\",\"@id\":\"https:\\\/\\\/www.webdo.tn\\\/fr\\\/#organization\",\"name\":\"Webdo\",\"alternateName\":\"Webdo.tn\",\"url\":\"https:\\\/\\\/www.webdo.tn\\\/fr\\\/\",\"logo\":{\"@type\":\"ImageObject\",\"inLanguage\":\"fr-FR\",\"@id\":\"https:\\\/\\\/www.webdo.tn\\\/fr\\\/#\\\/schema\\\/logo\\\/image\\\/\",\"url\":\"https:\\\/\\\/www.webdo.tn\\\/fr\\\/wp-content\\\/uploads\\\/2025\\\/06\\\/Webdo-Tunisie_168377.jpg\",\"contentUrl\":\"https:\\\/\\\/www.webdo.tn\\\/fr\\\/wp-content\\\/uploads\\\/2025\\\/06\\\/Webdo-Tunisie_168377.jpg\",\"width\":301,\"height\":301,\"caption\":\"Webdo\"},\"image\":{\"@id\":\"https:\\\/\\\/www.webdo.tn\\\/fr\\\/#\\\/schema\\\/logo\\\/image\\\/\"},\"sameAs\":[\"https:\\\/\\\/www.facebook.com\\\/webdotn\",\"https:\\\/\\\/x.com\\\/webdo_tn\"],\"description\":\"Webdo est un m\u00e9dia num\u00e9rique tunisien fond\u00e9 en 2010, sp\u00e9cialis\u00e9 dans l\u2019actualit\u00e9 nationale et internationale, l\u2019\u00e9conomie, la soci\u00e9t\u00e9 et les analyses politiques. Le site s\u2019adresse \u00e0 un large public francophone et couvre l\u2019information tunisienne en temps r\u00e9el.\",\"email\":\"redac@webdo.tn\",\"legalName\":\"YNJ SARL\",\"foundingDate\":\"2010-09-06\",\"numberOfEmployees\":{\"@type\":\"QuantitativeValue\",\"minValue\":\"11\",\"maxValue\":\"50\"}},{\"@type\":\"Person\",\"@id\":\"https:\\\/\\\/www.webdo.tn\\\/fr\\\/#\\\/schema\\\/person\\\/19664196c9bfdcda126f3c27709f7d11\",\"name\":\"Firas Ben Abdeltif\",\"image\":{\"@type\":\"ImageObject\",\"inLanguage\":\"fr-FR\",\"@id\":\"https:\\\/\\\/secure.gravatar.com\\\/avatar\\\/161a347d40df098a084778c52ed133dbd85f14df003867067c5948081241ec55?s=96&d=mm&r=g\",\"url\":\"https:\\\/\\\/secure.gravatar.com\\\/avatar\\\/161a347d40df098a084778c52ed133dbd85f14df003867067c5948081241ec55?s=96&d=mm&r=g\",\"contentUrl\":\"https:\\\/\\\/secure.gravatar.com\\\/avatar\\\/161a347d40df098a084778c52ed133dbd85f14df003867067c5948081241ec55?s=96&d=mm&r=g\",\"caption\":\"Firas Ben Abdeltif\"},\"url\":\"https:\\\/\\\/www.webdo.tn\\\/fr\\\/actualite\\\/author\\\/firas-ben-abdeltif\\\/\"}]}<\/script>\n<!-- \/ Yoast SEO Premium plugin. -->","yoast_head_json":{"title":"Tunisie - LF2025 : Maddouri promet une refonte de l'assurance maladie","description":"Lors de son intervention aujourd'hui \u00e0 l'Assembl\u00e9e des Repr\u00e9sentants du Peuple (ARP), le Chef du Gouvernement, Kamel Maddouri, a pr\u00e9sent\u00e9 le projet de loi de Fi...","canonical":"https:\/\/www.webdo.tn\/fr\/actualite\/national\/tunisie-lf2025-maddouri-promet-une-refonte-de-l-assurance-maladie\/217489\/","og_locale":"fr_FR","og_type":"article","og_title":"Tunisie - LF2025 : Maddouri promet une refonte de l'assurance maladie","og_description":"Lors de son intervention aujourd'hui \u00e0 l'Assembl\u00e9e des Repr\u00e9sentants du Peuple (ARP), le Chef du Gouvernement, Kamel Maddouri, a pr\u00e9sent\u00e9 le projet de loi de Fi...","og_url":"https:\/\/www.webdo.tn\/fr\/actualite\/national\/tunisie-lf2025-maddouri-promet-une-refonte-de-l-assurance-maladie\/217489\/","og_site_name":"webdo","article_publisher":"https:\/\/www.facebook.com\/webdotn","article_published_time":"2024-11-08T15:29:00+00:00","og_image":[{"width":750,"height":400,"url":"https:\/\/www.webdo.tn\/fr\/wp-content\/uploads\/2024\/11\/f63364f368ae433cae012cbcaff011a5.webp","type":"image\/webp"}],"author":"Firas Ben Abdeltif","twitter_card":"summary_large_image","twitter_creator":"@webdo_tn","twitter_site":"@webdo_tn","twitter_misc":{"\u00c9crit par":"Firas Ben Abdeltif","Dur\u00e9e de lecture estim\u00e9e":"3 minutes"},"schema":{"@context":"https:\/\/schema.org","@graph":[{"@type":"NewsArticle","@id":"https:\/\/www.webdo.tn\/fr\/actualite\/national\/tunisie-lf2025-maddouri-promet-une-refonte-de-l-assurance-maladie\/217489\/#article","isPartOf":{"@id":"https:\/\/www.webdo.tn\/fr\/actualite\/national\/tunisie-lf2025-maddouri-promet-une-refonte-de-l-assurance-maladie\/217489\/"},"author":{"name":"Firas Ben Abdeltif","@id":"https:\/\/www.webdo.tn\/fr\/#\/schema\/person\/19664196c9bfdcda126f3c27709f7d11"},"headline":"Tunisie &#8211; LF2025 : Maddouri promet une refonte de l&rsquo;assurance maladie","datePublished":"2024-11-08T15:29:00+00:00","mainEntityOfPage":{"@id":"https:\/\/www.webdo.tn\/fr\/actualite\/national\/tunisie-lf2025-maddouri-promet-une-refonte-de-l-assurance-maladie\/217489\/"},"wordCount":523,"commentCount":0,"publisher":{"@id":"https:\/\/www.webdo.tn\/fr\/#organization"},"image":{"@id":"https:\/\/www.webdo.tn\/fr\/actualite\/national\/tunisie-lf2025-maddouri-promet-une-refonte-de-l-assurance-maladie\/217489\/#primaryimage"},"thumbnailUrl":"https:\/\/www.webdo.tn\/fr\/wp-content\/uploads\/2024\/11\/f63364f368ae433cae012cbcaff011a5.webp","keywords":["assurance maladie","CNAM","Sant\u00e9","Tunisie"],"articleSection":["National"],"inLanguage":"fr-FR"},{"@type":"WebPage","@id":"https:\/\/www.webdo.tn\/fr\/actualite\/national\/tunisie-lf2025-maddouri-promet-une-refonte-de-l-assurance-maladie\/217489\/","url":"https:\/\/www.webdo.tn\/fr\/actualite\/national\/tunisie-lf2025-maddouri-promet-une-refonte-de-l-assurance-maladie\/217489\/","name":"Tunisie - LF2025 : Maddouri promet une refonte de l'assurance maladie","isPartOf":{"@id":"https:\/\/www.webdo.tn\/fr\/#website"},"primaryImageOfPage":{"@id":"https:\/\/www.webdo.tn\/fr\/actualite\/national\/tunisie-lf2025-maddouri-promet-une-refonte-de-l-assurance-maladie\/217489\/#primaryimage"},"image":{"@id":"https:\/\/www.webdo.tn\/fr\/actualite\/national\/tunisie-lf2025-maddouri-promet-une-refonte-de-l-assurance-maladie\/217489\/#primaryimage"},"thumbnailUrl":"https:\/\/www.webdo.tn\/fr\/wp-content\/uploads\/2024\/11\/f63364f368ae433cae012cbcaff011a5.webp","datePublished":"2024-11-08T15:29:00+00:00","description":"Lors de son intervention aujourd'hui \u00e0 l'Assembl\u00e9e des Repr\u00e9sentants du Peuple (ARP), le Chef du Gouvernement, Kamel Maddouri, a pr\u00e9sent\u00e9 le projet de loi de Fi...","breadcrumb":{"@id":"https:\/\/www.webdo.tn\/fr\/actualite\/national\/tunisie-lf2025-maddouri-promet-une-refonte-de-l-assurance-maladie\/217489\/#breadcrumb"},"inLanguage":"fr-FR","potentialAction":[{"@type":"ReadAction","target":["https:\/\/www.webdo.tn\/fr\/actualite\/national\/tunisie-lf2025-maddouri-promet-une-refonte-de-l-assurance-maladie\/217489\/"]}]},{"@type":"ImageObject","inLanguage":"fr-FR","@id":"https:\/\/www.webdo.tn\/fr\/actualite\/national\/tunisie-lf2025-maddouri-promet-une-refonte-de-l-assurance-maladie\/217489\/#primaryimage","url":"https:\/\/www.webdo.tn\/fr\/wp-content\/uploads\/2024\/11\/f63364f368ae433cae012cbcaff011a5.webp","contentUrl":"https:\/\/www.webdo.tn\/fr\/wp-content\/uploads\/2024\/11\/f63364f368ae433cae012cbcaff011a5.webp","width":750,"height":400,"caption":"Tunisie - LF2025 : Maddouri promet une refonte de l'assurance maladie"},{"@type":"BreadcrumbList","@id":"https:\/\/www.webdo.tn\/fr\/actualite\/national\/tunisie-lf2025-maddouri-promet-une-refonte-de-l-assurance-maladie\/217489\/#breadcrumb","itemListElement":[{"@type":"ListItem","position":1,"name":"Accueil","item":"https:\/\/www.webdo.tn\/fr\/"},{"@type":"ListItem","position":2,"name":"Tunisie &#8211; LF2025 : Maddouri promet une refonte de l&rsquo;assurance maladie"}]},{"@type":"WebSite","@id":"https:\/\/www.webdo.tn\/fr\/#website","url":"https:\/\/www.webdo.tn\/fr\/","name":"webdo","description":"Tunisie - News en Tunisie et \u00e0 l&#039;international sur Webdo.tn","publisher":{"@id":"https:\/\/www.webdo.tn\/fr\/#organization"},"potentialAction":[{"@type":"SearchAction","target":{"@type":"EntryPoint","urlTemplate":"https:\/\/www.webdo.tn\/fr\/?s={search_term_string}"},"query-input":{"@type":"PropertyValueSpecification","valueRequired":true,"valueName":"search_term_string"}}],"inLanguage":"fr-FR"},{"@type":"Organization","@id":"https:\/\/www.webdo.tn\/fr\/#organization","name":"Webdo","alternateName":"Webdo.tn","url":"https:\/\/www.webdo.tn\/fr\/","logo":{"@type":"ImageObject","inLanguage":"fr-FR","@id":"https:\/\/www.webdo.tn\/fr\/#\/schema\/logo\/image\/","url":"https:\/\/www.webdo.tn\/fr\/wp-content\/uploads\/2025\/06\/Webdo-Tunisie_168377.jpg","contentUrl":"https:\/\/www.webdo.tn\/fr\/wp-content\/uploads\/2025\/06\/Webdo-Tunisie_168377.jpg","width":301,"height":301,"caption":"Webdo"},"image":{"@id":"https:\/\/www.webdo.tn\/fr\/#\/schema\/logo\/image\/"},"sameAs":["https:\/\/www.facebook.com\/webdotn","https:\/\/x.com\/webdo_tn"],"description":"Webdo est un m\u00e9dia num\u00e9rique tunisien fond\u00e9 en 2010, sp\u00e9cialis\u00e9 dans l\u2019actualit\u00e9 nationale et internationale, l\u2019\u00e9conomie, la soci\u00e9t\u00e9 et les analyses politiques. Le site s\u2019adresse \u00e0 un large public francophone et couvre l\u2019information tunisienne en temps r\u00e9el.","email":"redac@webdo.tn","legalName":"YNJ SARL","foundingDate":"2010-09-06","numberOfEmployees":{"@type":"QuantitativeValue","minValue":"11","maxValue":"50"}},{"@type":"Person","@id":"https:\/\/www.webdo.tn\/fr\/#\/schema\/person\/19664196c9bfdcda126f3c27709f7d11","name":"Firas Ben Abdeltif","image":{"@type":"ImageObject","inLanguage":"fr-FR","@id":"https:\/\/secure.gravatar.com\/avatar\/161a347d40df098a084778c52ed133dbd85f14df003867067c5948081241ec55?s=96&d=mm&r=g","url":"https:\/\/secure.gravatar.com\/avatar\/161a347d40df098a084778c52ed133dbd85f14df003867067c5948081241ec55?s=96&d=mm&r=g","contentUrl":"https:\/\/secure.gravatar.com\/avatar\/161a347d40df098a084778c52ed133dbd85f14df003867067c5948081241ec55?s=96&d=mm&r=g","caption":"Firas Ben Abdeltif"},"url":"https:\/\/www.webdo.tn\/fr\/actualite\/author\/firas-ben-abdeltif\/"}]}},"_links":{"self":[{"href":"https:\/\/www.webdo.tn\/fr\/wp-json\/wp\/v2\/posts\/217489","targetHints":{"allow":["GET"]}}],"collection":[{"href":"https:\/\/www.webdo.tn\/fr\/wp-json\/wp\/v2\/posts"}],"about":[{"href":"https:\/\/www.webdo.tn\/fr\/wp-json\/wp\/v2\/types\/post"}],"author":[{"embeddable":true,"href":"https:\/\/www.webdo.tn\/fr\/wp-json\/wp\/v2\/users\/4779"}],"replies":[{"embeddable":true,"href":"https:\/\/www.webdo.tn\/fr\/wp-json\/wp\/v2\/comments?post=217489"}],"version-history":[{"count":0,"href":"https:\/\/www.webdo.tn\/fr\/wp-json\/wp\/v2\/posts\/217489\/revisions"}],"wp:featuredmedia":[{"embeddable":true,"href":"https:\/\/www.webdo.tn\/fr\/wp-json\/wp\/v2\/media\/291301"}],"wp:attachment":[{"href":"https:\/\/www.webdo.tn\/fr\/wp-json\/wp\/v2\/media?parent=217489"}],"wp:term":[{"taxonomy":"category","embeddable":true,"href":"https:\/\/www.webdo.tn\/fr\/wp-json\/wp\/v2\/categories?post=217489"},{"taxonomy":"post_tag","embeddable":true,"href":"https:\/\/www.webdo.tn\/fr\/wp-json\/wp\/v2\/tags?post=217489"}],"curies":[{"name":"wp","href":"https:\/\/api.w.org\/{rel}","templated":true}]}}