{"id":217476,"date":"2024-11-08T09:01:00","date_gmt":"2024-11-08T09:01:00","guid":{"rendered":"https:\/\/www.webdo.tn\/fr\/blog\/tunisie-neuf-nouvelles-nominations-au-sein-de-tunisair\/217476\/"},"modified":"2025-05-20T21:46:59","modified_gmt":"2025-05-20T21:46:59","slug":"tunisie-neuf-nouvelles-nominations-au-sein-de-tunisair","status":"publish","type":"post","link":"https:\/\/www.webdo.tn\/fr\/actualite\/national\/tunisie-neuf-nouvelles-nominations-au-sein-de-tunisair\/217476\/","title":{"rendered":"Tunisie : Neuf nouvelles nominations au sein de Tunisair"},"content":{"rendered":"<p>Apr\u00e8s le limogeage de plusieurs responsables de Tunisair, notamment le directeur g\u00e9n\u00e9ral de Tunisair Technics, le directeur g\u00e9n\u00e9ral de Tunisie Catering, la charg\u00e9e du secr\u00e9tariat g\u00e9n\u00e9ral de Tunisair et la charg\u00e9e de la direction centrale du produit, le minist\u00e8re du Transport a annonc\u00e9 de nouvelles nominations au sein de la compagnie a\u00e9rienne.<\/p>\n<p>\t\t\t\t\t\t\t\t\tAinsi, Halima Khouaja a \u00e9t\u00e9 nomm\u00e9e \u00e0 la direction g\u00e9n\u00e9rale ; Ryadh Souhil \u00e0 Tunisair Technics ; Mohamed Ben Rejeb \u00e0 Tunisie Catering ; Hamza Louati \u00e0 la direction financi\u00e8re centrale et et au secr\u00e9tariat g\u00e9n\u00e9ral ; Issam Hmam \u00e0 l\u2019administration centrale de l\u2019autorit\u00e9 de navigation ; Moez Triki \u00e0 l\u2019administration centrale pour le support produit ; Olfa Jaziri au suivi des succursales de la compagnie ; Hayet Bouali \u00e0 la gestion centrale du produit ; et Amel Bourguiba a \u00e9t\u00e9 nomm\u00e9e directrice centrale de la communication des relations ext\u00e9rieures.<\/p>\n<p>Mercredi, le minist\u00e8re du Transport avait annonc\u00e9 le limogeage de plusieurs responsables de Tunisair, notamment le directeur g\u00e9n\u00e9ral de Tunisair Technics, le directeur g\u00e9n\u00e9ral de Tunisie Catering, la charg\u00e9e du secr\u00e9tariat g\u00e9n\u00e9ral de la compagnie et la charg\u00e9e de la direction centrale du produit, ainsi que le directeur g\u00e9n\u00e9ral de Tunisair.<\/p>\n<p>En outre, des proc\u00e9dures l\u00e9gales et disciplinaires ont \u00e9t\u00e9 engag\u00e9es \u00e0 l&rsquo;encontre des responsables des r\u00e9cents \u00e9v\u00e9nements d\u00e9plorables qui ont conduit \u00e0 des perturbations sur certains vols entre le 1er et le 5 novembre et des nombreux manquements constat\u00e9s par le ministre lors de ses derni\u00e8res visites effectu\u00e9es \u00e0 l&rsquo;A\u00e9roport Tunis-Carthage. Le dossier a \u00e9t\u00e9 transmis aux autorit\u00e9s judiciaires comp\u00e9tentes.<\/p>\n<p>Par ailleurs, le ministre Rached Amri a ordonn\u00e9 l&rsquo;\u00e9laboration d&rsquo;un plan d&rsquo;action dans les plus brefs d\u00e9lais. Ce plan inclura d&rsquo;abord un plan de sauvetage de l&rsquo;entreprise comme solution urgente, parall\u00e8lement \u00e0 un plan de restructuration \u00e0 moyen terme, avec des mesures op\u00e9rationnelles applicables.<\/p>\n<p>Dans le m\u00eame contexte, le ministre a ordonn\u00e9 la mise \u00e0 jour du manuel des proc\u00e9dures de Tunisair et l&rsquo;am\u00e9lioration de sa communication institutionnelle. L&rsquo;objectif \u00e9tant d&rsquo;\u00e9viter toute confusion parmi les passagers et les autres partenaires.<\/p>\n<p>Le minist\u00e8re a indiqu\u00e9 suivre de pr\u00e8s la situation et qu&rsquo;il pourrait prendre d&rsquo;autres mesures, dans le cadre de la volont\u00e9 de l&rsquo;\u00c9tat de soutenir cette entreprise nationale et de lui redonner son \u00e9clat d&rsquo;antan.<\/p>\n<p>Rappelons qu\u2019au cours d&rsquo;une r\u00e9union du Conseil de s\u00e9curit\u00e9 nationale, le 4 novembre 2024, le pr\u00e9sident tunisien, Kais Saied, a fermement condamn\u00e9 les r\u00e9cents incidents ayant paralys\u00e9 les op\u00e9rations de Tunisair, les qualifiant d'\u00a0\u00bbactes criminels\u00a0\u00bb.<\/p>\n","protected":false},"excerpt":{"rendered":"<p>Apr\u00e8s le limogeage de plusieurs responsables de Tunisair, notamment le directeur g\u00e9n\u00e9ral de Tunisair Technics, le directeur g\u00e9n\u00e9ral de Tunisie Catering, la char&#8230;<\/p>\n","protected":false},"author":3162,"featured_media":246135,"comment_status":"open","ping_status":"closed","sticky":false,"template":"","format":"standard","meta":{"footnotes":""},"categories":[44],"tags":[5024,3559,2818,3451,2608],"class_list":["post-217476","post","type-post","status-publish","format-standard","has-post-thumbnail","hentry","category-national","tag-limogeage","tag-nomination","tag-transport","tag-tunisair","tag-tunisie"],"yoast_head":"<!-- This site is optimized with the Yoast SEO Premium plugin v27.5 (Yoast SEO v27.5) - https:\/\/yoast.com\/product\/yoast-seo-premium-wordpress\/ -->\n<title>Tunisie : Neuf nouvelles nominations au sein de Tunisair<\/title>\n<meta name=\"description\" content=\"Apr\u00e8s le limogeage de plusieurs responsables de Tunisair, notamment le directeur g\u00e9n\u00e9ral de Tunisair Technics, le directeur g\u00e9n\u00e9ral de Tunisie Catering, la char...\" \/>\n<link rel=\"canonical\" href=\"https:\/\/www.webdo.tn\/fr\/actualite\/national\/tunisie-neuf-nouvelles-nominations-au-sein-de-tunisair\/217476\/\" \/>\n<meta property=\"og:locale\" content=\"fr_FR\" \/>\n<meta property=\"og:type\" content=\"article\" \/>\n<meta property=\"og:title\" content=\"Tunisie : Neuf nouvelles nominations au sein de Tunisair\" \/>\n<meta property=\"og:description\" content=\"Apr\u00e8s le limogeage de plusieurs responsables de Tunisair, notamment le directeur g\u00e9n\u00e9ral de Tunisair Technics, le directeur g\u00e9n\u00e9ral de Tunisie Catering, la char...\" \/>\n<meta property=\"og:url\" content=\"https:\/\/www.webdo.tn\/fr\/actualite\/national\/tunisie-neuf-nouvelles-nominations-au-sein-de-tunisair\/217476\/\" \/>\n<meta property=\"og:site_name\" content=\"webdo\" \/>\n<meta property=\"article:publisher\" content=\"https:\/\/www.facebook.com\/webdotn\" \/>\n<meta property=\"article:published_time\" content=\"2024-11-08T09:01:00+00:00\" \/>\n<meta property=\"article:modified_time\" content=\"2025-05-20T21:46:59+00:00\" \/>\n<meta property=\"og:image\" content=\"https:\/\/www.webdo.tn\/fr\/wp-content\/uploads\/2024\/11\/bb038767977c42da767ad59b272cbdb7.webp\" \/>\n\t<meta property=\"og:image:width\" content=\"750\" \/>\n\t<meta property=\"og:image:height\" content=\"400\" \/>\n\t<meta property=\"og:image:type\" content=\"image\/webp\" \/>\n<meta name=\"author\" content=\"MC\" \/>\n<meta name=\"twitter:card\" content=\"summary_large_image\" \/>\n<meta name=\"twitter:creator\" content=\"@webdo_tn\" \/>\n<meta name=\"twitter:site\" content=\"@webdo_tn\" \/>\n<meta name=\"twitter:label1\" content=\"\u00c9crit par\" \/>\n\t<meta name=\"twitter:data1\" content=\"MC\" \/>\n\t<meta name=\"twitter:label2\" content=\"Dur\u00e9e de lecture estim\u00e9e\" \/>\n\t<meta name=\"twitter:data2\" content=\"2 minutes\" \/>\n<script type=\"application\/ld+json\" class=\"yoast-schema-graph\">{\"@context\":\"https:\\\/\\\/schema.org\",\"@graph\":[{\"@type\":\"NewsArticle\",\"@id\":\"https:\\\/\\\/www.webdo.tn\\\/fr\\\/actualite\\\/national\\\/tunisie-neuf-nouvelles-nominations-au-sein-de-tunisair\\\/217476\\\/#article\",\"isPartOf\":{\"@id\":\"https:\\\/\\\/www.webdo.tn\\\/fr\\\/actualite\\\/national\\\/tunisie-neuf-nouvelles-nominations-au-sein-de-tunisair\\\/217476\\\/\"},\"author\":{\"name\":\"MC\",\"@id\":\"https:\\\/\\\/www.webdo.tn\\\/fr\\\/#\\\/schema\\\/person\\\/2c4929cbf5a809e3bd38617c6ce150f6\"},\"headline\":\"Tunisie : Neuf nouvelles nominations au sein de Tunisair\",\"datePublished\":\"2024-11-08T09:01:00+00:00\",\"dateModified\":\"2025-05-20T21:46:59+00:00\",\"mainEntityOfPage\":{\"@id\":\"https:\\\/\\\/www.webdo.tn\\\/fr\\\/actualite\\\/national\\\/tunisie-neuf-nouvelles-nominations-au-sein-de-tunisair\\\/217476\\\/\"},\"wordCount\":465,\"commentCount\":0,\"publisher\":{\"@id\":\"https:\\\/\\\/www.webdo.tn\\\/fr\\\/#organization\"},\"image\":{\"@id\":\"https:\\\/\\\/www.webdo.tn\\\/fr\\\/actualite\\\/national\\\/tunisie-neuf-nouvelles-nominations-au-sein-de-tunisair\\\/217476\\\/#primaryimage\"},\"thumbnailUrl\":\"https:\\\/\\\/www.webdo.tn\\\/fr\\\/wp-content\\\/uploads\\\/2024\\\/11\\\/bb038767977c42da767ad59b272cbdb7.webp\",\"keywords\":[\"Limogeage\",\"nomination\",\"Transport\",\"Tunisair\",\"Tunisie\"],\"articleSection\":[\"National\"],\"inLanguage\":\"fr-FR\"},{\"@type\":\"WebPage\",\"@id\":\"https:\\\/\\\/www.webdo.tn\\\/fr\\\/actualite\\\/national\\\/tunisie-neuf-nouvelles-nominations-au-sein-de-tunisair\\\/217476\\\/\",\"url\":\"https:\\\/\\\/www.webdo.tn\\\/fr\\\/actualite\\\/national\\\/tunisie-neuf-nouvelles-nominations-au-sein-de-tunisair\\\/217476\\\/\",\"name\":\"Tunisie : Neuf nouvelles nominations au sein de Tunisair\",\"isPartOf\":{\"@id\":\"https:\\\/\\\/www.webdo.tn\\\/fr\\\/#website\"},\"primaryImageOfPage\":{\"@id\":\"https:\\\/\\\/www.webdo.tn\\\/fr\\\/actualite\\\/national\\\/tunisie-neuf-nouvelles-nominations-au-sein-de-tunisair\\\/217476\\\/#primaryimage\"},\"image\":{\"@id\":\"https:\\\/\\\/www.webdo.tn\\\/fr\\\/actualite\\\/national\\\/tunisie-neuf-nouvelles-nominations-au-sein-de-tunisair\\\/217476\\\/#primaryimage\"},\"thumbnailUrl\":\"https:\\\/\\\/www.webdo.tn\\\/fr\\\/wp-content\\\/uploads\\\/2024\\\/11\\\/bb038767977c42da767ad59b272cbdb7.webp\",\"datePublished\":\"2024-11-08T09:01:00+00:00\",\"dateModified\":\"2025-05-20T21:46:59+00:00\",\"description\":\"Apr\u00e8s le limogeage de plusieurs responsables de Tunisair, notamment le directeur g\u00e9n\u00e9ral de Tunisair Technics, le directeur g\u00e9n\u00e9ral de Tunisie Catering, la char...\",\"breadcrumb\":{\"@id\":\"https:\\\/\\\/www.webdo.tn\\\/fr\\\/actualite\\\/national\\\/tunisie-neuf-nouvelles-nominations-au-sein-de-tunisair\\\/217476\\\/#breadcrumb\"},\"inLanguage\":\"fr-FR\",\"potentialAction\":[{\"@type\":\"ReadAction\",\"target\":[\"https:\\\/\\\/www.webdo.tn\\\/fr\\\/actualite\\\/national\\\/tunisie-neuf-nouvelles-nominations-au-sein-de-tunisair\\\/217476\\\/\"]}]},{\"@type\":\"ImageObject\",\"inLanguage\":\"fr-FR\",\"@id\":\"https:\\\/\\\/www.webdo.tn\\\/fr\\\/actualite\\\/national\\\/tunisie-neuf-nouvelles-nominations-au-sein-de-tunisair\\\/217476\\\/#primaryimage\",\"url\":\"https:\\\/\\\/www.webdo.tn\\\/fr\\\/wp-content\\\/uploads\\\/2024\\\/11\\\/bb038767977c42da767ad59b272cbdb7.webp\",\"contentUrl\":\"https:\\\/\\\/www.webdo.tn\\\/fr\\\/wp-content\\\/uploads\\\/2024\\\/11\\\/bb038767977c42da767ad59b272cbdb7.webp\",\"width\":750,\"height\":400,\"caption\":\"Tunisie : Neuf nouvelles nominations au sein de Tunisair\"},{\"@type\":\"BreadcrumbList\",\"@id\":\"https:\\\/\\\/www.webdo.tn\\\/fr\\\/actualite\\\/national\\\/tunisie-neuf-nouvelles-nominations-au-sein-de-tunisair\\\/217476\\\/#breadcrumb\",\"itemListElement\":[{\"@type\":\"ListItem\",\"position\":1,\"name\":\"Accueil\",\"item\":\"https:\\\/\\\/www.webdo.tn\\\/fr\\\/\"},{\"@type\":\"ListItem\",\"position\":2,\"name\":\"Tunisie : Neuf nouvelles nominations au sein de Tunisair\"}]},{\"@type\":\"WebSite\",\"@id\":\"https:\\\/\\\/www.webdo.tn\\\/fr\\\/#website\",\"url\":\"https:\\\/\\\/www.webdo.tn\\\/fr\\\/\",\"name\":\"webdo\",\"description\":\"Tunisie - News en Tunisie et \u00e0 l&#039;international sur Webdo.tn\",\"publisher\":{\"@id\":\"https:\\\/\\\/www.webdo.tn\\\/fr\\\/#organization\"},\"potentialAction\":[{\"@type\":\"SearchAction\",\"target\":{\"@type\":\"EntryPoint\",\"urlTemplate\":\"https:\\\/\\\/www.webdo.tn\\\/fr\\\/?s={search_term_string}\"},\"query-input\":{\"@type\":\"PropertyValueSpecification\",\"valueRequired\":true,\"valueName\":\"search_term_string\"}}],\"inLanguage\":\"fr-FR\"},{\"@type\":\"Organization\",\"@id\":\"https:\\\/\\\/www.webdo.tn\\\/fr\\\/#organization\",\"name\":\"Webdo\",\"alternateName\":\"Webdo.tn\",\"url\":\"https:\\\/\\\/www.webdo.tn\\\/fr\\\/\",\"logo\":{\"@type\":\"ImageObject\",\"inLanguage\":\"fr-FR\",\"@id\":\"https:\\\/\\\/www.webdo.tn\\\/fr\\\/#\\\/schema\\\/logo\\\/image\\\/\",\"url\":\"https:\\\/\\\/www.webdo.tn\\\/fr\\\/wp-content\\\/uploads\\\/2025\\\/06\\\/Webdo-Tunisie_168377.jpg\",\"contentUrl\":\"https:\\\/\\\/www.webdo.tn\\\/fr\\\/wp-content\\\/uploads\\\/2025\\\/06\\\/Webdo-Tunisie_168377.jpg\",\"width\":301,\"height\":301,\"caption\":\"Webdo\"},\"image\":{\"@id\":\"https:\\\/\\\/www.webdo.tn\\\/fr\\\/#\\\/schema\\\/logo\\\/image\\\/\"},\"sameAs\":[\"https:\\\/\\\/www.facebook.com\\\/webdotn\",\"https:\\\/\\\/x.com\\\/webdo_tn\"],\"description\":\"Webdo est un m\u00e9dia num\u00e9rique tunisien fond\u00e9 en 2010, sp\u00e9cialis\u00e9 dans l\u2019actualit\u00e9 nationale et internationale, l\u2019\u00e9conomie, la soci\u00e9t\u00e9 et les analyses politiques. Le site s\u2019adresse \u00e0 un large public francophone et couvre l\u2019information tunisienne en temps r\u00e9el.\",\"email\":\"redac@webdo.tn\",\"legalName\":\"YNJ SARL\",\"foundingDate\":\"2010-09-06\",\"numberOfEmployees\":{\"@type\":\"QuantitativeValue\",\"minValue\":\"11\",\"maxValue\":\"50\"}},{\"@type\":\"Person\",\"@id\":\"https:\\\/\\\/www.webdo.tn\\\/fr\\\/#\\\/schema\\\/person\\\/2c4929cbf5a809e3bd38617c6ce150f6\",\"name\":\"MC\",\"image\":{\"@type\":\"ImageObject\",\"inLanguage\":\"fr-FR\",\"@id\":\"https:\\\/\\\/secure.gravatar.com\\\/avatar\\\/a545bbb6f84efdd5553dbbc2895e3ca8f1d12c5215e00a041c9670b54aa9b18a?s=96&d=mm&r=g\",\"url\":\"https:\\\/\\\/secure.gravatar.com\\\/avatar\\\/a545bbb6f84efdd5553dbbc2895e3ca8f1d12c5215e00a041c9670b54aa9b18a?s=96&d=mm&r=g\",\"contentUrl\":\"https:\\\/\\\/secure.gravatar.com\\\/avatar\\\/a545bbb6f84efdd5553dbbc2895e3ca8f1d12c5215e00a041c9670b54aa9b18a?s=96&d=mm&r=g\",\"caption\":\"MC\"},\"url\":\"https:\\\/\\\/www.webdo.tn\\\/fr\\\/actualite\\\/author\\\/mc\\\/\"}]}<\/script>\n<!-- \/ Yoast SEO Premium plugin. -->","yoast_head_json":{"title":"Tunisie : Neuf nouvelles nominations au sein de Tunisair","description":"Apr\u00e8s le limogeage de plusieurs responsables de Tunisair, notamment le directeur g\u00e9n\u00e9ral de Tunisair Technics, le directeur g\u00e9n\u00e9ral de Tunisie Catering, la char...","canonical":"https:\/\/www.webdo.tn\/fr\/actualite\/national\/tunisie-neuf-nouvelles-nominations-au-sein-de-tunisair\/217476\/","og_locale":"fr_FR","og_type":"article","og_title":"Tunisie : Neuf nouvelles nominations au sein de Tunisair","og_description":"Apr\u00e8s le limogeage de plusieurs responsables de Tunisair, notamment le directeur g\u00e9n\u00e9ral de Tunisair Technics, le directeur g\u00e9n\u00e9ral de Tunisie Catering, la char...","og_url":"https:\/\/www.webdo.tn\/fr\/actualite\/national\/tunisie-neuf-nouvelles-nominations-au-sein-de-tunisair\/217476\/","og_site_name":"webdo","article_publisher":"https:\/\/www.facebook.com\/webdotn","article_published_time":"2024-11-08T09:01:00+00:00","article_modified_time":"2025-05-20T21:46:59+00:00","og_image":[{"width":750,"height":400,"url":"https:\/\/www.webdo.tn\/fr\/wp-content\/uploads\/2024\/11\/bb038767977c42da767ad59b272cbdb7.webp","type":"image\/webp"}],"author":"MC","twitter_card":"summary_large_image","twitter_creator":"@webdo_tn","twitter_site":"@webdo_tn","twitter_misc":{"\u00c9crit par":"MC","Dur\u00e9e de lecture estim\u00e9e":"2 minutes"},"schema":{"@context":"https:\/\/schema.org","@graph":[{"@type":"NewsArticle","@id":"https:\/\/www.webdo.tn\/fr\/actualite\/national\/tunisie-neuf-nouvelles-nominations-au-sein-de-tunisair\/217476\/#article","isPartOf":{"@id":"https:\/\/www.webdo.tn\/fr\/actualite\/national\/tunisie-neuf-nouvelles-nominations-au-sein-de-tunisair\/217476\/"},"author":{"name":"MC","@id":"https:\/\/www.webdo.tn\/fr\/#\/schema\/person\/2c4929cbf5a809e3bd38617c6ce150f6"},"headline":"Tunisie : Neuf nouvelles nominations au sein de Tunisair","datePublished":"2024-11-08T09:01:00+00:00","dateModified":"2025-05-20T21:46:59+00:00","mainEntityOfPage":{"@id":"https:\/\/www.webdo.tn\/fr\/actualite\/national\/tunisie-neuf-nouvelles-nominations-au-sein-de-tunisair\/217476\/"},"wordCount":465,"commentCount":0,"publisher":{"@id":"https:\/\/www.webdo.tn\/fr\/#organization"},"image":{"@id":"https:\/\/www.webdo.tn\/fr\/actualite\/national\/tunisie-neuf-nouvelles-nominations-au-sein-de-tunisair\/217476\/#primaryimage"},"thumbnailUrl":"https:\/\/www.webdo.tn\/fr\/wp-content\/uploads\/2024\/11\/bb038767977c42da767ad59b272cbdb7.webp","keywords":["Limogeage","nomination","Transport","Tunisair","Tunisie"],"articleSection":["National"],"inLanguage":"fr-FR"},{"@type":"WebPage","@id":"https:\/\/www.webdo.tn\/fr\/actualite\/national\/tunisie-neuf-nouvelles-nominations-au-sein-de-tunisair\/217476\/","url":"https:\/\/www.webdo.tn\/fr\/actualite\/national\/tunisie-neuf-nouvelles-nominations-au-sein-de-tunisair\/217476\/","name":"Tunisie : Neuf nouvelles nominations au sein de Tunisair","isPartOf":{"@id":"https:\/\/www.webdo.tn\/fr\/#website"},"primaryImageOfPage":{"@id":"https:\/\/www.webdo.tn\/fr\/actualite\/national\/tunisie-neuf-nouvelles-nominations-au-sein-de-tunisair\/217476\/#primaryimage"},"image":{"@id":"https:\/\/www.webdo.tn\/fr\/actualite\/national\/tunisie-neuf-nouvelles-nominations-au-sein-de-tunisair\/217476\/#primaryimage"},"thumbnailUrl":"https:\/\/www.webdo.tn\/fr\/wp-content\/uploads\/2024\/11\/bb038767977c42da767ad59b272cbdb7.webp","datePublished":"2024-11-08T09:01:00+00:00","dateModified":"2025-05-20T21:46:59+00:00","description":"Apr\u00e8s le limogeage de plusieurs responsables de Tunisair, notamment le directeur g\u00e9n\u00e9ral de Tunisair Technics, le directeur g\u00e9n\u00e9ral de Tunisie Catering, la char...","breadcrumb":{"@id":"https:\/\/www.webdo.tn\/fr\/actualite\/national\/tunisie-neuf-nouvelles-nominations-au-sein-de-tunisair\/217476\/#breadcrumb"},"inLanguage":"fr-FR","potentialAction":[{"@type":"ReadAction","target":["https:\/\/www.webdo.tn\/fr\/actualite\/national\/tunisie-neuf-nouvelles-nominations-au-sein-de-tunisair\/217476\/"]}]},{"@type":"ImageObject","inLanguage":"fr-FR","@id":"https:\/\/www.webdo.tn\/fr\/actualite\/national\/tunisie-neuf-nouvelles-nominations-au-sein-de-tunisair\/217476\/#primaryimage","url":"https:\/\/www.webdo.tn\/fr\/wp-content\/uploads\/2024\/11\/bb038767977c42da767ad59b272cbdb7.webp","contentUrl":"https:\/\/www.webdo.tn\/fr\/wp-content\/uploads\/2024\/11\/bb038767977c42da767ad59b272cbdb7.webp","width":750,"height":400,"caption":"Tunisie : Neuf nouvelles nominations au sein de Tunisair"},{"@type":"BreadcrumbList","@id":"https:\/\/www.webdo.tn\/fr\/actualite\/national\/tunisie-neuf-nouvelles-nominations-au-sein-de-tunisair\/217476\/#breadcrumb","itemListElement":[{"@type":"ListItem","position":1,"name":"Accueil","item":"https:\/\/www.webdo.tn\/fr\/"},{"@type":"ListItem","position":2,"name":"Tunisie : Neuf nouvelles nominations au sein de Tunisair"}]},{"@type":"WebSite","@id":"https:\/\/www.webdo.tn\/fr\/#website","url":"https:\/\/www.webdo.tn\/fr\/","name":"webdo","description":"Tunisie - News en Tunisie et \u00e0 l&#039;international sur Webdo.tn","publisher":{"@id":"https:\/\/www.webdo.tn\/fr\/#organization"},"potentialAction":[{"@type":"SearchAction","target":{"@type":"EntryPoint","urlTemplate":"https:\/\/www.webdo.tn\/fr\/?s={search_term_string}"},"query-input":{"@type":"PropertyValueSpecification","valueRequired":true,"valueName":"search_term_string"}}],"inLanguage":"fr-FR"},{"@type":"Organization","@id":"https:\/\/www.webdo.tn\/fr\/#organization","name":"Webdo","alternateName":"Webdo.tn","url":"https:\/\/www.webdo.tn\/fr\/","logo":{"@type":"ImageObject","inLanguage":"fr-FR","@id":"https:\/\/www.webdo.tn\/fr\/#\/schema\/logo\/image\/","url":"https:\/\/www.webdo.tn\/fr\/wp-content\/uploads\/2025\/06\/Webdo-Tunisie_168377.jpg","contentUrl":"https:\/\/www.webdo.tn\/fr\/wp-content\/uploads\/2025\/06\/Webdo-Tunisie_168377.jpg","width":301,"height":301,"caption":"Webdo"},"image":{"@id":"https:\/\/www.webdo.tn\/fr\/#\/schema\/logo\/image\/"},"sameAs":["https:\/\/www.facebook.com\/webdotn","https:\/\/x.com\/webdo_tn"],"description":"Webdo est un m\u00e9dia num\u00e9rique tunisien fond\u00e9 en 2010, sp\u00e9cialis\u00e9 dans l\u2019actualit\u00e9 nationale et internationale, l\u2019\u00e9conomie, la soci\u00e9t\u00e9 et les analyses politiques. Le site s\u2019adresse \u00e0 un large public francophone et couvre l\u2019information tunisienne en temps r\u00e9el.","email":"redac@webdo.tn","legalName":"YNJ SARL","foundingDate":"2010-09-06","numberOfEmployees":{"@type":"QuantitativeValue","minValue":"11","maxValue":"50"}},{"@type":"Person","@id":"https:\/\/www.webdo.tn\/fr\/#\/schema\/person\/2c4929cbf5a809e3bd38617c6ce150f6","name":"MC","image":{"@type":"ImageObject","inLanguage":"fr-FR","@id":"https:\/\/secure.gravatar.com\/avatar\/a545bbb6f84efdd5553dbbc2895e3ca8f1d12c5215e00a041c9670b54aa9b18a?s=96&d=mm&r=g","url":"https:\/\/secure.gravatar.com\/avatar\/a545bbb6f84efdd5553dbbc2895e3ca8f1d12c5215e00a041c9670b54aa9b18a?s=96&d=mm&r=g","contentUrl":"https:\/\/secure.gravatar.com\/avatar\/a545bbb6f84efdd5553dbbc2895e3ca8f1d12c5215e00a041c9670b54aa9b18a?s=96&d=mm&r=g","caption":"MC"},"url":"https:\/\/www.webdo.tn\/fr\/actualite\/author\/mc\/"}]}},"_links":{"self":[{"href":"https:\/\/www.webdo.tn\/fr\/wp-json\/wp\/v2\/posts\/217476","targetHints":{"allow":["GET"]}}],"collection":[{"href":"https:\/\/www.webdo.tn\/fr\/wp-json\/wp\/v2\/posts"}],"about":[{"href":"https:\/\/www.webdo.tn\/fr\/wp-json\/wp\/v2\/types\/post"}],"author":[{"embeddable":true,"href":"https:\/\/www.webdo.tn\/fr\/wp-json\/wp\/v2\/users\/3162"}],"replies":[{"embeddable":true,"href":"https:\/\/www.webdo.tn\/fr\/wp-json\/wp\/v2\/comments?post=217476"}],"version-history":[{"count":0,"href":"https:\/\/www.webdo.tn\/fr\/wp-json\/wp\/v2\/posts\/217476\/revisions"}],"wp:featuredmedia":[{"embeddable":true,"href":"https:\/\/www.webdo.tn\/fr\/wp-json\/wp\/v2\/media\/246135"}],"wp:attachment":[{"href":"https:\/\/www.webdo.tn\/fr\/wp-json\/wp\/v2\/media?parent=217476"}],"wp:term":[{"taxonomy":"category","embeddable":true,"href":"https:\/\/www.webdo.tn\/fr\/wp-json\/wp\/v2\/categories?post=217476"},{"taxonomy":"post_tag","embeddable":true,"href":"https:\/\/www.webdo.tn\/fr\/wp-json\/wp\/v2\/tags?post=217476"}],"curies":[{"name":"wp","href":"https:\/\/api.w.org\/{rel}","templated":true}]}}