{"id":217467,"date":"2024-11-07T19:22:00","date_gmt":"2024-11-07T19:22:00","guid":{"rendered":"https:\/\/www.webdo.tn\/fr\/blog\/tunisie-pluies-localement-intenses-attendues-cette-nuit-sur-ces-regions\/217467\/"},"modified":"2025-05-20T22:21:44","modified_gmt":"2025-05-20T22:21:44","slug":"tunisie-pluies-localement-intenses-attendues-cette-nuit-sur-ces-regions","status":"publish","type":"post","link":"https:\/\/www.webdo.tn\/fr\/actualite\/national\/tunisie-pluies-localement-intenses-attendues-cette-nuit-sur-ces-regions\/217467\/","title":{"rendered":"Tunisie : Pluies localement intenses attendues cette nuit sur ces r\u00e9gions"},"content":{"rendered":"<p>L&rsquo;Institut National de la M\u00e9t\u00e9orologie annonce pour cette nuit la formation de cellules orageuses sur le nord et le centre du pays, accompagn\u00e9es de pluies, parfois abondantes et pouvant localement s&rsquo;accompagner de chutes de gr\u00eale.<\/p>\n<p>\t\t\t\t\t\t\t\t\tLe vent d&rsquo;est sera g\u00e9n\u00e9ralement faible \u00e0 mod\u00e9r\u00e9, mais se renforcera lors des orages.<\/p>\n<p>La mer sera peu agit\u00e9e.<\/p>\n<p>Les temp\u00e9ratures nocturnes oscilleront entre 13 et 22 \u00b0C.<\/p>\n","protected":false},"excerpt":{"rendered":"<p>Le vent d&rsquo;est sera g\u00e9n\u00e9ralement faible \u00e0 mod\u00e9r\u00e9, mais se renforcera lors des orages.<\/p>\n","protected":false},"author":3163,"featured_media":291294,"comment_status":"open","ping_status":"closed","sticky":false,"template":"","format":"standard","meta":{"footnotes":""},"categories":[44],"tags":[2670,3163,2608],"class_list":["post-217467","post","type-post","status-publish","format-standard","has-post-thumbnail","hentry","category-national","tag-meteo","tag-pluies","tag-tunisie"],"yoast_head":"<!-- This site is optimized with the Yoast SEO Premium plugin v27.5 (Yoast SEO v27.5) - https:\/\/yoast.com\/product\/yoast-seo-premium-wordpress\/ -->\n<title>Tunisie : Pluies localement intenses attendues cette nuit sur ces r\u00e9gions<\/title>\n<meta name=\"description\" content=\"Le vent d&#039;est sera g\u00e9n\u00e9ralement faible \u00e0 mod\u00e9r\u00e9, mais se renforcera lors des orages.\" \/>\n<link rel=\"canonical\" href=\"https:\/\/www.webdo.tn\/fr\/actualite\/national\/tunisie-pluies-localement-intenses-attendues-cette-nuit-sur-ces-regions\/217467\/\" \/>\n<meta property=\"og:locale\" content=\"fr_FR\" \/>\n<meta property=\"og:type\" content=\"article\" \/>\n<meta property=\"og:title\" content=\"Tunisie : Pluies localement intenses attendues cette nuit sur ces r\u00e9gions\" \/>\n<meta property=\"og:description\" content=\"Le vent d&#039;est sera g\u00e9n\u00e9ralement faible \u00e0 mod\u00e9r\u00e9, mais se renforcera lors des orages.\" \/>\n<meta property=\"og:url\" content=\"https:\/\/www.webdo.tn\/fr\/actualite\/national\/tunisie-pluies-localement-intenses-attendues-cette-nuit-sur-ces-regions\/217467\/\" \/>\n<meta property=\"og:site_name\" content=\"webdo\" \/>\n<meta property=\"article:publisher\" content=\"https:\/\/www.facebook.com\/webdotn\" \/>\n<meta property=\"article:published_time\" content=\"2024-11-07T19:22:00+00:00\" \/>\n<meta property=\"article:modified_time\" content=\"2025-05-20T22:21:44+00:00\" \/>\n<meta property=\"og:image\" content=\"https:\/\/www.webdo.tn\/fr\/wp-content\/uploads\/2024\/11\/b3b51a30697bf363a8b7d22a269d3e64.webp\" \/>\n\t<meta property=\"og:image:width\" content=\"750\" \/>\n\t<meta property=\"og:image:height\" content=\"400\" \/>\n\t<meta property=\"og:image:type\" content=\"image\/webp\" \/>\n<meta name=\"author\" content=\"KJ\" \/>\n<meta name=\"twitter:card\" content=\"summary_large_image\" \/>\n<meta name=\"twitter:creator\" content=\"@webdo_tn\" \/>\n<meta name=\"twitter:site\" content=\"@webdo_tn\" \/>\n<meta name=\"twitter:label1\" content=\"\u00c9crit par\" \/>\n\t<meta name=\"twitter:data1\" content=\"KJ\" \/>\n<script type=\"application\/ld+json\" class=\"yoast-schema-graph\">{\"@context\":\"https:\\\/\\\/schema.org\",\"@graph\":[{\"@type\":\"NewsArticle\",\"@id\":\"https:\\\/\\\/www.webdo.tn\\\/fr\\\/actualite\\\/national\\\/tunisie-pluies-localement-intenses-attendues-cette-nuit-sur-ces-regions\\\/217467\\\/#article\",\"isPartOf\":{\"@id\":\"https:\\\/\\\/www.webdo.tn\\\/fr\\\/actualite\\\/national\\\/tunisie-pluies-localement-intenses-attendues-cette-nuit-sur-ces-regions\\\/217467\\\/\"},\"author\":{\"name\":\"KJ\",\"@id\":\"https:\\\/\\\/www.webdo.tn\\\/fr\\\/#\\\/schema\\\/person\\\/82ca085b22037d285e1a3c4b65ba5f71\"},\"headline\":\"Tunisie : Pluies localement intenses attendues cette nuit sur ces r\u00e9gions\",\"datePublished\":\"2024-11-07T19:22:00+00:00\",\"dateModified\":\"2025-05-20T22:21:44+00:00\",\"mainEntityOfPage\":{\"@id\":\"https:\\\/\\\/www.webdo.tn\\\/fr\\\/actualite\\\/national\\\/tunisie-pluies-localement-intenses-attendues-cette-nuit-sur-ces-regions\\\/217467\\\/\"},\"wordCount\":83,\"commentCount\":0,\"publisher\":{\"@id\":\"https:\\\/\\\/www.webdo.tn\\\/fr\\\/#organization\"},\"image\":{\"@id\":\"https:\\\/\\\/www.webdo.tn\\\/fr\\\/actualite\\\/national\\\/tunisie-pluies-localement-intenses-attendues-cette-nuit-sur-ces-regions\\\/217467\\\/#primaryimage\"},\"thumbnailUrl\":\"https:\\\/\\\/www.webdo.tn\\\/fr\\\/wp-content\\\/uploads\\\/2024\\\/11\\\/b3b51a30697bf363a8b7d22a269d3e64.webp\",\"keywords\":[\"m\u00e9t\u00e9o\",\"pluies\",\"Tunisie\"],\"articleSection\":[\"National\"],\"inLanguage\":\"fr-FR\"},{\"@type\":\"WebPage\",\"@id\":\"https:\\\/\\\/www.webdo.tn\\\/fr\\\/actualite\\\/national\\\/tunisie-pluies-localement-intenses-attendues-cette-nuit-sur-ces-regions\\\/217467\\\/\",\"url\":\"https:\\\/\\\/www.webdo.tn\\\/fr\\\/actualite\\\/national\\\/tunisie-pluies-localement-intenses-attendues-cette-nuit-sur-ces-regions\\\/217467\\\/\",\"name\":\"Tunisie : Pluies localement intenses attendues cette nuit sur ces r\u00e9gions\",\"isPartOf\":{\"@id\":\"https:\\\/\\\/www.webdo.tn\\\/fr\\\/#website\"},\"primaryImageOfPage\":{\"@id\":\"https:\\\/\\\/www.webdo.tn\\\/fr\\\/actualite\\\/national\\\/tunisie-pluies-localement-intenses-attendues-cette-nuit-sur-ces-regions\\\/217467\\\/#primaryimage\"},\"image\":{\"@id\":\"https:\\\/\\\/www.webdo.tn\\\/fr\\\/actualite\\\/national\\\/tunisie-pluies-localement-intenses-attendues-cette-nuit-sur-ces-regions\\\/217467\\\/#primaryimage\"},\"thumbnailUrl\":\"https:\\\/\\\/www.webdo.tn\\\/fr\\\/wp-content\\\/uploads\\\/2024\\\/11\\\/b3b51a30697bf363a8b7d22a269d3e64.webp\",\"datePublished\":\"2024-11-07T19:22:00+00:00\",\"dateModified\":\"2025-05-20T22:21:44+00:00\",\"description\":\"Le vent d'est sera g\u00e9n\u00e9ralement faible \u00e0 mod\u00e9r\u00e9, mais se renforcera lors des orages.\",\"breadcrumb\":{\"@id\":\"https:\\\/\\\/www.webdo.tn\\\/fr\\\/actualite\\\/national\\\/tunisie-pluies-localement-intenses-attendues-cette-nuit-sur-ces-regions\\\/217467\\\/#breadcrumb\"},\"inLanguage\":\"fr-FR\",\"potentialAction\":[{\"@type\":\"ReadAction\",\"target\":[\"https:\\\/\\\/www.webdo.tn\\\/fr\\\/actualite\\\/national\\\/tunisie-pluies-localement-intenses-attendues-cette-nuit-sur-ces-regions\\\/217467\\\/\"]}]},{\"@type\":\"ImageObject\",\"inLanguage\":\"fr-FR\",\"@id\":\"https:\\\/\\\/www.webdo.tn\\\/fr\\\/actualite\\\/national\\\/tunisie-pluies-localement-intenses-attendues-cette-nuit-sur-ces-regions\\\/217467\\\/#primaryimage\",\"url\":\"https:\\\/\\\/www.webdo.tn\\\/fr\\\/wp-content\\\/uploads\\\/2024\\\/11\\\/b3b51a30697bf363a8b7d22a269d3e64.webp\",\"contentUrl\":\"https:\\\/\\\/www.webdo.tn\\\/fr\\\/wp-content\\\/uploads\\\/2024\\\/11\\\/b3b51a30697bf363a8b7d22a269d3e64.webp\",\"width\":750,\"height\":400,\"caption\":\"Tunisie : Pluies localement intenses attendues cette nuit sur ces r\u00e9gions\"},{\"@type\":\"BreadcrumbList\",\"@id\":\"https:\\\/\\\/www.webdo.tn\\\/fr\\\/actualite\\\/national\\\/tunisie-pluies-localement-intenses-attendues-cette-nuit-sur-ces-regions\\\/217467\\\/#breadcrumb\",\"itemListElement\":[{\"@type\":\"ListItem\",\"position\":1,\"name\":\"Accueil\",\"item\":\"https:\\\/\\\/www.webdo.tn\\\/fr\\\/\"},{\"@type\":\"ListItem\",\"position\":2,\"name\":\"Tunisie : Pluies localement intenses attendues cette nuit sur ces r\u00e9gions\"}]},{\"@type\":\"WebSite\",\"@id\":\"https:\\\/\\\/www.webdo.tn\\\/fr\\\/#website\",\"url\":\"https:\\\/\\\/www.webdo.tn\\\/fr\\\/\",\"name\":\"webdo\",\"description\":\"Tunisie - News en Tunisie et \u00e0 l&#039;international sur Webdo.tn\",\"publisher\":{\"@id\":\"https:\\\/\\\/www.webdo.tn\\\/fr\\\/#organization\"},\"potentialAction\":[{\"@type\":\"SearchAction\",\"target\":{\"@type\":\"EntryPoint\",\"urlTemplate\":\"https:\\\/\\\/www.webdo.tn\\\/fr\\\/?s={search_term_string}\"},\"query-input\":{\"@type\":\"PropertyValueSpecification\",\"valueRequired\":true,\"valueName\":\"search_term_string\"}}],\"inLanguage\":\"fr-FR\"},{\"@type\":\"Organization\",\"@id\":\"https:\\\/\\\/www.webdo.tn\\\/fr\\\/#organization\",\"name\":\"Webdo\",\"alternateName\":\"Webdo.tn\",\"url\":\"https:\\\/\\\/www.webdo.tn\\\/fr\\\/\",\"logo\":{\"@type\":\"ImageObject\",\"inLanguage\":\"fr-FR\",\"@id\":\"https:\\\/\\\/www.webdo.tn\\\/fr\\\/#\\\/schema\\\/logo\\\/image\\\/\",\"url\":\"https:\\\/\\\/www.webdo.tn\\\/fr\\\/wp-content\\\/uploads\\\/2025\\\/06\\\/Webdo-Tunisie_168377.jpg\",\"contentUrl\":\"https:\\\/\\\/www.webdo.tn\\\/fr\\\/wp-content\\\/uploads\\\/2025\\\/06\\\/Webdo-Tunisie_168377.jpg\",\"width\":301,\"height\":301,\"caption\":\"Webdo\"},\"image\":{\"@id\":\"https:\\\/\\\/www.webdo.tn\\\/fr\\\/#\\\/schema\\\/logo\\\/image\\\/\"},\"sameAs\":[\"https:\\\/\\\/www.facebook.com\\\/webdotn\",\"https:\\\/\\\/x.com\\\/webdo_tn\"],\"description\":\"Webdo est un m\u00e9dia num\u00e9rique tunisien fond\u00e9 en 2010, sp\u00e9cialis\u00e9 dans l\u2019actualit\u00e9 nationale et internationale, l\u2019\u00e9conomie, la soci\u00e9t\u00e9 et les analyses politiques. Le site s\u2019adresse \u00e0 un large public francophone et couvre l\u2019information tunisienne en temps r\u00e9el.\",\"email\":\"redac@webdo.tn\",\"legalName\":\"YNJ SARL\",\"foundingDate\":\"2010-09-06\",\"numberOfEmployees\":{\"@type\":\"QuantitativeValue\",\"minValue\":\"11\",\"maxValue\":\"50\"}},{\"@type\":\"Person\",\"@id\":\"https:\\\/\\\/www.webdo.tn\\\/fr\\\/#\\\/schema\\\/person\\\/82ca085b22037d285e1a3c4b65ba5f71\",\"name\":\"KJ\",\"image\":{\"@type\":\"ImageObject\",\"inLanguage\":\"fr-FR\",\"@id\":\"https:\\\/\\\/secure.gravatar.com\\\/avatar\\\/1a1320de1c1971c893f00068f760b4113d69504aa21273da17ee95650c5944fd?s=96&d=mm&r=g\",\"url\":\"https:\\\/\\\/secure.gravatar.com\\\/avatar\\\/1a1320de1c1971c893f00068f760b4113d69504aa21273da17ee95650c5944fd?s=96&d=mm&r=g\",\"contentUrl\":\"https:\\\/\\\/secure.gravatar.com\\\/avatar\\\/1a1320de1c1971c893f00068f760b4113d69504aa21273da17ee95650c5944fd?s=96&d=mm&r=g\",\"caption\":\"KJ\"},\"url\":\"https:\\\/\\\/www.webdo.tn\\\/fr\\\/actualite\\\/author\\\/kj\\\/\"}]}<\/script>\n<!-- \/ Yoast SEO Premium plugin. -->","yoast_head_json":{"title":"Tunisie : Pluies localement intenses attendues cette nuit sur ces r\u00e9gions","description":"Le vent d'est sera g\u00e9n\u00e9ralement faible \u00e0 mod\u00e9r\u00e9, mais se renforcera lors des orages.","canonical":"https:\/\/www.webdo.tn\/fr\/actualite\/national\/tunisie-pluies-localement-intenses-attendues-cette-nuit-sur-ces-regions\/217467\/","og_locale":"fr_FR","og_type":"article","og_title":"Tunisie : Pluies localement intenses attendues cette nuit sur ces r\u00e9gions","og_description":"Le vent d'est sera g\u00e9n\u00e9ralement faible \u00e0 mod\u00e9r\u00e9, mais se renforcera lors des orages.","og_url":"https:\/\/www.webdo.tn\/fr\/actualite\/national\/tunisie-pluies-localement-intenses-attendues-cette-nuit-sur-ces-regions\/217467\/","og_site_name":"webdo","article_publisher":"https:\/\/www.facebook.com\/webdotn","article_published_time":"2024-11-07T19:22:00+00:00","article_modified_time":"2025-05-20T22:21:44+00:00","og_image":[{"width":750,"height":400,"url":"https:\/\/www.webdo.tn\/fr\/wp-content\/uploads\/2024\/11\/b3b51a30697bf363a8b7d22a269d3e64.webp","type":"image\/webp"}],"author":"KJ","twitter_card":"summary_large_image","twitter_creator":"@webdo_tn","twitter_site":"@webdo_tn","twitter_misc":{"\u00c9crit par":"KJ"},"schema":{"@context":"https:\/\/schema.org","@graph":[{"@type":"NewsArticle","@id":"https:\/\/www.webdo.tn\/fr\/actualite\/national\/tunisie-pluies-localement-intenses-attendues-cette-nuit-sur-ces-regions\/217467\/#article","isPartOf":{"@id":"https:\/\/www.webdo.tn\/fr\/actualite\/national\/tunisie-pluies-localement-intenses-attendues-cette-nuit-sur-ces-regions\/217467\/"},"author":{"name":"KJ","@id":"https:\/\/www.webdo.tn\/fr\/#\/schema\/person\/82ca085b22037d285e1a3c4b65ba5f71"},"headline":"Tunisie : Pluies localement intenses attendues cette nuit sur ces r\u00e9gions","datePublished":"2024-11-07T19:22:00+00:00","dateModified":"2025-05-20T22:21:44+00:00","mainEntityOfPage":{"@id":"https:\/\/www.webdo.tn\/fr\/actualite\/national\/tunisie-pluies-localement-intenses-attendues-cette-nuit-sur-ces-regions\/217467\/"},"wordCount":83,"commentCount":0,"publisher":{"@id":"https:\/\/www.webdo.tn\/fr\/#organization"},"image":{"@id":"https:\/\/www.webdo.tn\/fr\/actualite\/national\/tunisie-pluies-localement-intenses-attendues-cette-nuit-sur-ces-regions\/217467\/#primaryimage"},"thumbnailUrl":"https:\/\/www.webdo.tn\/fr\/wp-content\/uploads\/2024\/11\/b3b51a30697bf363a8b7d22a269d3e64.webp","keywords":["m\u00e9t\u00e9o","pluies","Tunisie"],"articleSection":["National"],"inLanguage":"fr-FR"},{"@type":"WebPage","@id":"https:\/\/www.webdo.tn\/fr\/actualite\/national\/tunisie-pluies-localement-intenses-attendues-cette-nuit-sur-ces-regions\/217467\/","url":"https:\/\/www.webdo.tn\/fr\/actualite\/national\/tunisie-pluies-localement-intenses-attendues-cette-nuit-sur-ces-regions\/217467\/","name":"Tunisie : Pluies localement intenses attendues cette nuit sur ces r\u00e9gions","isPartOf":{"@id":"https:\/\/www.webdo.tn\/fr\/#website"},"primaryImageOfPage":{"@id":"https:\/\/www.webdo.tn\/fr\/actualite\/national\/tunisie-pluies-localement-intenses-attendues-cette-nuit-sur-ces-regions\/217467\/#primaryimage"},"image":{"@id":"https:\/\/www.webdo.tn\/fr\/actualite\/national\/tunisie-pluies-localement-intenses-attendues-cette-nuit-sur-ces-regions\/217467\/#primaryimage"},"thumbnailUrl":"https:\/\/www.webdo.tn\/fr\/wp-content\/uploads\/2024\/11\/b3b51a30697bf363a8b7d22a269d3e64.webp","datePublished":"2024-11-07T19:22:00+00:00","dateModified":"2025-05-20T22:21:44+00:00","description":"Le vent d'est sera g\u00e9n\u00e9ralement faible \u00e0 mod\u00e9r\u00e9, mais se renforcera lors des orages.","breadcrumb":{"@id":"https:\/\/www.webdo.tn\/fr\/actualite\/national\/tunisie-pluies-localement-intenses-attendues-cette-nuit-sur-ces-regions\/217467\/#breadcrumb"},"inLanguage":"fr-FR","potentialAction":[{"@type":"ReadAction","target":["https:\/\/www.webdo.tn\/fr\/actualite\/national\/tunisie-pluies-localement-intenses-attendues-cette-nuit-sur-ces-regions\/217467\/"]}]},{"@type":"ImageObject","inLanguage":"fr-FR","@id":"https:\/\/www.webdo.tn\/fr\/actualite\/national\/tunisie-pluies-localement-intenses-attendues-cette-nuit-sur-ces-regions\/217467\/#primaryimage","url":"https:\/\/www.webdo.tn\/fr\/wp-content\/uploads\/2024\/11\/b3b51a30697bf363a8b7d22a269d3e64.webp","contentUrl":"https:\/\/www.webdo.tn\/fr\/wp-content\/uploads\/2024\/11\/b3b51a30697bf363a8b7d22a269d3e64.webp","width":750,"height":400,"caption":"Tunisie : Pluies localement intenses attendues cette nuit sur ces r\u00e9gions"},{"@type":"BreadcrumbList","@id":"https:\/\/www.webdo.tn\/fr\/actualite\/national\/tunisie-pluies-localement-intenses-attendues-cette-nuit-sur-ces-regions\/217467\/#breadcrumb","itemListElement":[{"@type":"ListItem","position":1,"name":"Accueil","item":"https:\/\/www.webdo.tn\/fr\/"},{"@type":"ListItem","position":2,"name":"Tunisie : Pluies localement intenses attendues cette nuit sur ces r\u00e9gions"}]},{"@type":"WebSite","@id":"https:\/\/www.webdo.tn\/fr\/#website","url":"https:\/\/www.webdo.tn\/fr\/","name":"webdo","description":"Tunisie - News en Tunisie et \u00e0 l&#039;international sur Webdo.tn","publisher":{"@id":"https:\/\/www.webdo.tn\/fr\/#organization"},"potentialAction":[{"@type":"SearchAction","target":{"@type":"EntryPoint","urlTemplate":"https:\/\/www.webdo.tn\/fr\/?s={search_term_string}"},"query-input":{"@type":"PropertyValueSpecification","valueRequired":true,"valueName":"search_term_string"}}],"inLanguage":"fr-FR"},{"@type":"Organization","@id":"https:\/\/www.webdo.tn\/fr\/#organization","name":"Webdo","alternateName":"Webdo.tn","url":"https:\/\/www.webdo.tn\/fr\/","logo":{"@type":"ImageObject","inLanguage":"fr-FR","@id":"https:\/\/www.webdo.tn\/fr\/#\/schema\/logo\/image\/","url":"https:\/\/www.webdo.tn\/fr\/wp-content\/uploads\/2025\/06\/Webdo-Tunisie_168377.jpg","contentUrl":"https:\/\/www.webdo.tn\/fr\/wp-content\/uploads\/2025\/06\/Webdo-Tunisie_168377.jpg","width":301,"height":301,"caption":"Webdo"},"image":{"@id":"https:\/\/www.webdo.tn\/fr\/#\/schema\/logo\/image\/"},"sameAs":["https:\/\/www.facebook.com\/webdotn","https:\/\/x.com\/webdo_tn"],"description":"Webdo est un m\u00e9dia num\u00e9rique tunisien fond\u00e9 en 2010, sp\u00e9cialis\u00e9 dans l\u2019actualit\u00e9 nationale et internationale, l\u2019\u00e9conomie, la soci\u00e9t\u00e9 et les analyses politiques. Le site s\u2019adresse \u00e0 un large public francophone et couvre l\u2019information tunisienne en temps r\u00e9el.","email":"redac@webdo.tn","legalName":"YNJ SARL","foundingDate":"2010-09-06","numberOfEmployees":{"@type":"QuantitativeValue","minValue":"11","maxValue":"50"}},{"@type":"Person","@id":"https:\/\/www.webdo.tn\/fr\/#\/schema\/person\/82ca085b22037d285e1a3c4b65ba5f71","name":"KJ","image":{"@type":"ImageObject","inLanguage":"fr-FR","@id":"https:\/\/secure.gravatar.com\/avatar\/1a1320de1c1971c893f00068f760b4113d69504aa21273da17ee95650c5944fd?s=96&d=mm&r=g","url":"https:\/\/secure.gravatar.com\/avatar\/1a1320de1c1971c893f00068f760b4113d69504aa21273da17ee95650c5944fd?s=96&d=mm&r=g","contentUrl":"https:\/\/secure.gravatar.com\/avatar\/1a1320de1c1971c893f00068f760b4113d69504aa21273da17ee95650c5944fd?s=96&d=mm&r=g","caption":"KJ"},"url":"https:\/\/www.webdo.tn\/fr\/actualite\/author\/kj\/"}]}},"_links":{"self":[{"href":"https:\/\/www.webdo.tn\/fr\/wp-json\/wp\/v2\/posts\/217467","targetHints":{"allow":["GET"]}}],"collection":[{"href":"https:\/\/www.webdo.tn\/fr\/wp-json\/wp\/v2\/posts"}],"about":[{"href":"https:\/\/www.webdo.tn\/fr\/wp-json\/wp\/v2\/types\/post"}],"author":[{"embeddable":true,"href":"https:\/\/www.webdo.tn\/fr\/wp-json\/wp\/v2\/users\/3163"}],"replies":[{"embeddable":true,"href":"https:\/\/www.webdo.tn\/fr\/wp-json\/wp\/v2\/comments?post=217467"}],"version-history":[{"count":0,"href":"https:\/\/www.webdo.tn\/fr\/wp-json\/wp\/v2\/posts\/217467\/revisions"}],"wp:featuredmedia":[{"embeddable":true,"href":"https:\/\/www.webdo.tn\/fr\/wp-json\/wp\/v2\/media\/291294"}],"wp:attachment":[{"href":"https:\/\/www.webdo.tn\/fr\/wp-json\/wp\/v2\/media?parent=217467"}],"wp:term":[{"taxonomy":"category","embeddable":true,"href":"https:\/\/www.webdo.tn\/fr\/wp-json\/wp\/v2\/categories?post=217467"},{"taxonomy":"post_tag","embeddable":true,"href":"https:\/\/www.webdo.tn\/fr\/wp-json\/wp\/v2\/tags?post=217467"}],"curies":[{"name":"wp","href":"https:\/\/api.w.org\/{rel}","templated":true}]}}