{"id":217466,"date":"2024-11-07T18:31:00","date_gmt":"2024-11-07T18:31:00","guid":{"rendered":"https:\/\/www.webdo.tn\/fr\/blog\/la-tunisie-sur-le-point-de-devoiler-sa-strategie-en-matiere-d-ia\/217466\/"},"modified":"2025-05-20T22:21:45","modified_gmt":"2025-05-20T22:21:45","slug":"la-tunisie-sur-le-point-de-devoiler-sa-strategie-en-matiere-d-ia","status":"publish","type":"post","link":"https:\/\/www.webdo.tn\/fr\/actualite\/national\/la-tunisie-sur-le-point-de-devoiler-sa-strategie-en-matiere-d-ia\/217466\/","title":{"rendered":"La Tunisie sur le point de d\u00e9voiler sa strat\u00e9gie en mati\u00e8re d\u2019IA"},"content":{"rendered":"<p>La Tunisie est sur le point de d\u00e9voiler sa strat\u00e9gie nationale en mati\u00e8re d&rsquo;intelligence artificielle (IA), une initiative strat\u00e9gique pour stimuler l&rsquo;innovation et la croissance \u00e9conomique.\u00a0<\/p>\n<p>\t\t\t\t\t\t\t\t\tCette strat\u00e9gie vise \u00e0 int\u00e9grer l&rsquo;IA dans des secteurs cl\u00e9s tels que la sant\u00e9, l&rsquo;\u00e9ducation et l&rsquo;environnement, tout en renfor\u00e7ant la digitalisation et en favorisant l&rsquo;utilisation des donn\u00e9es ouvertes.\u00a0<\/p>\n<p>Le gouvernement tunisien cherche \u00e9galement \u00e0 mettre en place un cadre l\u00e9gislatif pour r\u00e9guler l&rsquo;usage des donn\u00e9es personnelles et pour soutenir des projets num\u00e9riques de grande envergure. C\u2019est en tout cas ce que nous pouvons comprendre des d\u00e9clarations du ministre des TIC Sofi\u00e8ne Hmissi.\u00a0<\/p>\n<p>Lors de l\u2019ouverture de la 10e \u00e9dition du Forum international des directeurs des syst\u00e8mes d\u2019information, qui se tient du 7 au 9 novembre \u00e0 Yasmine Hammamet sous le th\u00e8me \u00ab\u00a010 ans de transformation num\u00e9rique, et apr\u00e8s ?\u00a0\u00bb, le ministre a annonc\u00e9 la finalisation imminente de la strat\u00e9gie nationale d\u2019intelligence artificielle.\u00a0<\/p>\n<p>En effet, cette strat\u00e9gie vise \u00e0 positionner la Tunisie comme un leader r\u00e9gional et international dans ce domaine, en valorisant les comp\u00e9tences locales, l\u2019infrastructure avanc\u00e9e et un cadre juridique appropri\u00e9.<\/p>\n<p>Elle aspire \u00e9galement \u00e0 d\u00e9velopper les usages de l\u2019IA dans des secteurs comme le transport, l\u2019agriculture, la sant\u00e9 et l\u2019\u00e9ducation, avec pour objectif de soutenir l\u2019innovation, l\u2019entrepreneuriat num\u00e9rique et la cr\u00e9ation d\u2019incubateurs d\u2019entreprises ainsi que des programmes d\u2019accompagnement pour les projets technologiques prometteurs \u00e0 l\u2019\u00e9chelle locale.<\/p>\n<p>Par ailleurs, le ministre a soulign\u00e9 que la Tunisie poursuit, dans le cadre du d\u00e9veloppement de l\u2019\u00e9conomie num\u00e9rique, le programme d\u2019encouragement des startups, qui a d\u00e9j\u00e0 permis, six ans apr\u00e8s son lancement, d\u2019accr\u00e9diter 1 100 startups via le programme \u00ab\u00a0Startup Act 2.0\u00a0\u00bb. Ce programme a pour but de favoriser la cr\u00e9ation de startups, faciliter leur acc\u00e8s aux financements, et les aider \u00e0 s\u2019ouvrir aux march\u00e9s r\u00e9gionaux et internationaux, y compris aux march\u00e9s publics.<\/p>\n","protected":false},"excerpt":{"rendered":"<p>Cette strat\u00e9gie vise \u00e0 int\u00e9grer l&rsquo;IA dans des secteurs cl\u00e9s tels que la sant\u00e9, l&rsquo;\u00e9ducation et l&rsquo;environnement, tout en renfor\u00e7ant la digitalisation et en favori&#8230;<\/p>\n","protected":false},"author":3163,"featured_media":291297,"comment_status":"open","ping_status":"closed","sticky":false,"template":"","format":"standard","meta":{"footnotes":""},"categories":[44],"tags":[3097,2957,3442,2608],"class_list":["post-217466","post","type-post","status-publish","format-standard","has-post-thumbnail","hentry","category-national","tag-ia","tag-intelligence-artificielle","tag-strategie","tag-tunisie"],"yoast_head":"<!-- This site is optimized with the Yoast SEO Premium plugin v27.4 (Yoast SEO v27.5) - https:\/\/yoast.com\/product\/yoast-seo-premium-wordpress\/ -->\n<title>La Tunisie sur le point de d\u00e9voiler sa strat\u00e9gie en mati\u00e8re d\u2019IA<\/title>\n<meta name=\"description\" content=\"Cette strat\u00e9gie vise \u00e0 int\u00e9grer l&#039;IA dans des secteurs cl\u00e9s tels que la sant\u00e9, l&#039;\u00e9ducation et l&#039;environnement, tout en renfor\u00e7ant la digitalisation et en favori...\" \/>\n<link rel=\"canonical\" href=\"https:\/\/www.webdo.tn\/fr\/actualite\/national\/la-tunisie-sur-le-point-de-devoiler-sa-strategie-en-matiere-d-ia\/217466\/\" \/>\n<meta property=\"og:locale\" content=\"fr_FR\" \/>\n<meta property=\"og:type\" content=\"article\" \/>\n<meta property=\"og:title\" content=\"La Tunisie sur le point de d\u00e9voiler sa strat\u00e9gie en mati\u00e8re d\u2019IA\" \/>\n<meta property=\"og:description\" content=\"Cette strat\u00e9gie vise \u00e0 int\u00e9grer l&#039;IA dans des secteurs cl\u00e9s tels que la sant\u00e9, l&#039;\u00e9ducation et l&#039;environnement, tout en renfor\u00e7ant la digitalisation et en favori...\" \/>\n<meta property=\"og:url\" content=\"https:\/\/www.webdo.tn\/fr\/actualite\/national\/la-tunisie-sur-le-point-de-devoiler-sa-strategie-en-matiere-d-ia\/217466\/\" \/>\n<meta property=\"og:site_name\" content=\"webdo\" \/>\n<meta property=\"article:publisher\" content=\"https:\/\/www.facebook.com\/webdotn\" \/>\n<meta property=\"article:published_time\" content=\"2024-11-07T18:31:00+00:00\" \/>\n<meta property=\"article:modified_time\" content=\"2025-05-20T22:21:45+00:00\" \/>\n<meta property=\"og:image\" content=\"https:\/\/www.webdo.tn\/fr\/wp-content\/uploads\/2024\/11\/911cf3d7964d91e352b1a18e78b8defd.webp\" \/>\n\t<meta property=\"og:image:width\" content=\"696\" \/>\n\t<meta property=\"og:image:height\" content=\"371\" \/>\n\t<meta property=\"og:image:type\" content=\"image\/webp\" \/>\n<meta name=\"author\" content=\"KJ\" \/>\n<meta name=\"twitter:card\" content=\"summary_large_image\" \/>\n<meta name=\"twitter:creator\" content=\"@webdo_tn\" \/>\n<meta name=\"twitter:site\" content=\"@webdo_tn\" \/>\n<meta name=\"twitter:label1\" content=\"\u00c9crit par\" \/>\n\t<meta name=\"twitter:data1\" content=\"KJ\" \/>\n\t<meta name=\"twitter:label2\" content=\"Dur\u00e9e de lecture estim\u00e9e\" \/>\n\t<meta name=\"twitter:data2\" content=\"2 minutes\" \/>\n<script type=\"application\/ld+json\" class=\"yoast-schema-graph\">{\"@context\":\"https:\\\/\\\/schema.org\",\"@graph\":[{\"@type\":\"NewsArticle\",\"@id\":\"https:\\\/\\\/www.webdo.tn\\\/fr\\\/actualite\\\/national\\\/la-tunisie-sur-le-point-de-devoiler-sa-strategie-en-matiere-d-ia\\\/217466\\\/#article\",\"isPartOf\":{\"@id\":\"https:\\\/\\\/www.webdo.tn\\\/fr\\\/actualite\\\/national\\\/la-tunisie-sur-le-point-de-devoiler-sa-strategie-en-matiere-d-ia\\\/217466\\\/\"},\"author\":{\"name\":\"KJ\",\"@id\":\"https:\\\/\\\/www.webdo.tn\\\/fr\\\/#\\\/schema\\\/person\\\/82ca085b22037d285e1a3c4b65ba5f71\"},\"headline\":\"La Tunisie sur le point de d\u00e9voiler sa strat\u00e9gie en mati\u00e8re d\u2019IA\",\"datePublished\":\"2024-11-07T18:31:00+00:00\",\"dateModified\":\"2025-05-20T22:21:45+00:00\",\"mainEntityOfPage\":{\"@id\":\"https:\\\/\\\/www.webdo.tn\\\/fr\\\/actualite\\\/national\\\/la-tunisie-sur-le-point-de-devoiler-sa-strategie-en-matiere-d-ia\\\/217466\\\/\"},\"wordCount\":362,\"commentCount\":0,\"publisher\":{\"@id\":\"https:\\\/\\\/www.webdo.tn\\\/fr\\\/#organization\"},\"image\":{\"@id\":\"https:\\\/\\\/www.webdo.tn\\\/fr\\\/actualite\\\/national\\\/la-tunisie-sur-le-point-de-devoiler-sa-strategie-en-matiere-d-ia\\\/217466\\\/#primaryimage\"},\"thumbnailUrl\":\"https:\\\/\\\/www.webdo.tn\\\/fr\\\/wp-content\\\/uploads\\\/2024\\\/11\\\/911cf3d7964d91e352b1a18e78b8defd.webp\",\"keywords\":[\"IA\",\"Intelligence artificielle\",\"strat\u00e9gie\",\"Tunisie\"],\"articleSection\":[\"National\"],\"inLanguage\":\"fr-FR\"},{\"@type\":\"WebPage\",\"@id\":\"https:\\\/\\\/www.webdo.tn\\\/fr\\\/actualite\\\/national\\\/la-tunisie-sur-le-point-de-devoiler-sa-strategie-en-matiere-d-ia\\\/217466\\\/\",\"url\":\"https:\\\/\\\/www.webdo.tn\\\/fr\\\/actualite\\\/national\\\/la-tunisie-sur-le-point-de-devoiler-sa-strategie-en-matiere-d-ia\\\/217466\\\/\",\"name\":\"La Tunisie sur le point de d\u00e9voiler sa strat\u00e9gie en mati\u00e8re d\u2019IA\",\"isPartOf\":{\"@id\":\"https:\\\/\\\/www.webdo.tn\\\/fr\\\/#website\"},\"primaryImageOfPage\":{\"@id\":\"https:\\\/\\\/www.webdo.tn\\\/fr\\\/actualite\\\/national\\\/la-tunisie-sur-le-point-de-devoiler-sa-strategie-en-matiere-d-ia\\\/217466\\\/#primaryimage\"},\"image\":{\"@id\":\"https:\\\/\\\/www.webdo.tn\\\/fr\\\/actualite\\\/national\\\/la-tunisie-sur-le-point-de-devoiler-sa-strategie-en-matiere-d-ia\\\/217466\\\/#primaryimage\"},\"thumbnailUrl\":\"https:\\\/\\\/www.webdo.tn\\\/fr\\\/wp-content\\\/uploads\\\/2024\\\/11\\\/911cf3d7964d91e352b1a18e78b8defd.webp\",\"datePublished\":\"2024-11-07T18:31:00+00:00\",\"dateModified\":\"2025-05-20T22:21:45+00:00\",\"description\":\"Cette strat\u00e9gie vise \u00e0 int\u00e9grer l'IA dans des secteurs cl\u00e9s tels que la sant\u00e9, l'\u00e9ducation et l'environnement, tout en renfor\u00e7ant la digitalisation et en favori...\",\"breadcrumb\":{\"@id\":\"https:\\\/\\\/www.webdo.tn\\\/fr\\\/actualite\\\/national\\\/la-tunisie-sur-le-point-de-devoiler-sa-strategie-en-matiere-d-ia\\\/217466\\\/#breadcrumb\"},\"inLanguage\":\"fr-FR\",\"potentialAction\":[{\"@type\":\"ReadAction\",\"target\":[\"https:\\\/\\\/www.webdo.tn\\\/fr\\\/actualite\\\/national\\\/la-tunisie-sur-le-point-de-devoiler-sa-strategie-en-matiere-d-ia\\\/217466\\\/\"]}]},{\"@type\":\"ImageObject\",\"inLanguage\":\"fr-FR\",\"@id\":\"https:\\\/\\\/www.webdo.tn\\\/fr\\\/actualite\\\/national\\\/la-tunisie-sur-le-point-de-devoiler-sa-strategie-en-matiere-d-ia\\\/217466\\\/#primaryimage\",\"url\":\"https:\\\/\\\/www.webdo.tn\\\/fr\\\/wp-content\\\/uploads\\\/2024\\\/11\\\/911cf3d7964d91e352b1a18e78b8defd.webp\",\"contentUrl\":\"https:\\\/\\\/www.webdo.tn\\\/fr\\\/wp-content\\\/uploads\\\/2024\\\/11\\\/911cf3d7964d91e352b1a18e78b8defd.webp\",\"width\":696,\"height\":371,\"caption\":\"La Tunisie sur le point de d\u00e9voiler sa strat\u00e9gie en mati\u00e8re d\u2019IA\"},{\"@type\":\"BreadcrumbList\",\"@id\":\"https:\\\/\\\/www.webdo.tn\\\/fr\\\/actualite\\\/national\\\/la-tunisie-sur-le-point-de-devoiler-sa-strategie-en-matiere-d-ia\\\/217466\\\/#breadcrumb\",\"itemListElement\":[{\"@type\":\"ListItem\",\"position\":1,\"name\":\"Accueil\",\"item\":\"https:\\\/\\\/www.webdo.tn\\\/fr\\\/\"},{\"@type\":\"ListItem\",\"position\":2,\"name\":\"La Tunisie sur le point de d\u00e9voiler sa strat\u00e9gie en mati\u00e8re d\u2019IA\"}]},{\"@type\":\"WebSite\",\"@id\":\"https:\\\/\\\/www.webdo.tn\\\/fr\\\/#website\",\"url\":\"https:\\\/\\\/www.webdo.tn\\\/fr\\\/\",\"name\":\"webdo\",\"description\":\"Tunisie - News en Tunisie et \u00e0 l&#039;international sur Webdo.tn\",\"publisher\":{\"@id\":\"https:\\\/\\\/www.webdo.tn\\\/fr\\\/#organization\"},\"potentialAction\":[{\"@type\":\"SearchAction\",\"target\":{\"@type\":\"EntryPoint\",\"urlTemplate\":\"https:\\\/\\\/www.webdo.tn\\\/fr\\\/?s={search_term_string}\"},\"query-input\":{\"@type\":\"PropertyValueSpecification\",\"valueRequired\":true,\"valueName\":\"search_term_string\"}}],\"inLanguage\":\"fr-FR\"},{\"@type\":\"Organization\",\"@id\":\"https:\\\/\\\/www.webdo.tn\\\/fr\\\/#organization\",\"name\":\"Webdo\",\"alternateName\":\"Webdo.tn\",\"url\":\"https:\\\/\\\/www.webdo.tn\\\/fr\\\/\",\"logo\":{\"@type\":\"ImageObject\",\"inLanguage\":\"fr-FR\",\"@id\":\"https:\\\/\\\/www.webdo.tn\\\/fr\\\/#\\\/schema\\\/logo\\\/image\\\/\",\"url\":\"https:\\\/\\\/www.webdo.tn\\\/fr\\\/wp-content\\\/uploads\\\/2025\\\/06\\\/Webdo-Tunisie_168377.jpg\",\"contentUrl\":\"https:\\\/\\\/www.webdo.tn\\\/fr\\\/wp-content\\\/uploads\\\/2025\\\/06\\\/Webdo-Tunisie_168377.jpg\",\"width\":301,\"height\":301,\"caption\":\"Webdo\"},\"image\":{\"@id\":\"https:\\\/\\\/www.webdo.tn\\\/fr\\\/#\\\/schema\\\/logo\\\/image\\\/\"},\"sameAs\":[\"https:\\\/\\\/www.facebook.com\\\/webdotn\",\"https:\\\/\\\/x.com\\\/webdo_tn\"],\"description\":\"Webdo est un m\u00e9dia num\u00e9rique tunisien fond\u00e9 en 2010, sp\u00e9cialis\u00e9 dans l\u2019actualit\u00e9 nationale et internationale, l\u2019\u00e9conomie, la soci\u00e9t\u00e9 et les analyses politiques. Le site s\u2019adresse \u00e0 un large public francophone et couvre l\u2019information tunisienne en temps r\u00e9el.\",\"email\":\"redac@webdo.tn\",\"legalName\":\"YNJ SARL\",\"foundingDate\":\"2010-09-06\",\"numberOfEmployees\":{\"@type\":\"QuantitativeValue\",\"minValue\":\"11\",\"maxValue\":\"50\"}},{\"@type\":\"Person\",\"@id\":\"https:\\\/\\\/www.webdo.tn\\\/fr\\\/#\\\/schema\\\/person\\\/82ca085b22037d285e1a3c4b65ba5f71\",\"name\":\"KJ\",\"image\":{\"@type\":\"ImageObject\",\"inLanguage\":\"fr-FR\",\"@id\":\"https:\\\/\\\/secure.gravatar.com\\\/avatar\\\/1a1320de1c1971c893f00068f760b4113d69504aa21273da17ee95650c5944fd?s=96&d=mm&r=g\",\"url\":\"https:\\\/\\\/secure.gravatar.com\\\/avatar\\\/1a1320de1c1971c893f00068f760b4113d69504aa21273da17ee95650c5944fd?s=96&d=mm&r=g\",\"contentUrl\":\"https:\\\/\\\/secure.gravatar.com\\\/avatar\\\/1a1320de1c1971c893f00068f760b4113d69504aa21273da17ee95650c5944fd?s=96&d=mm&r=g\",\"caption\":\"KJ\"},\"url\":\"https:\\\/\\\/www.webdo.tn\\\/fr\\\/actualite\\\/author\\\/kj\\\/\"}]}<\/script>\n<!-- \/ Yoast SEO Premium plugin. -->","yoast_head_json":{"title":"La Tunisie sur le point de d\u00e9voiler sa strat\u00e9gie en mati\u00e8re d\u2019IA","description":"Cette strat\u00e9gie vise \u00e0 int\u00e9grer l'IA dans des secteurs cl\u00e9s tels que la sant\u00e9, l'\u00e9ducation et l'environnement, tout en renfor\u00e7ant la digitalisation et en favori...","canonical":"https:\/\/www.webdo.tn\/fr\/actualite\/national\/la-tunisie-sur-le-point-de-devoiler-sa-strategie-en-matiere-d-ia\/217466\/","og_locale":"fr_FR","og_type":"article","og_title":"La Tunisie sur le point de d\u00e9voiler sa strat\u00e9gie en mati\u00e8re d\u2019IA","og_description":"Cette strat\u00e9gie vise \u00e0 int\u00e9grer l'IA dans des secteurs cl\u00e9s tels que la sant\u00e9, l'\u00e9ducation et l'environnement, tout en renfor\u00e7ant la digitalisation et en favori...","og_url":"https:\/\/www.webdo.tn\/fr\/actualite\/national\/la-tunisie-sur-le-point-de-devoiler-sa-strategie-en-matiere-d-ia\/217466\/","og_site_name":"webdo","article_publisher":"https:\/\/www.facebook.com\/webdotn","article_published_time":"2024-11-07T18:31:00+00:00","article_modified_time":"2025-05-20T22:21:45+00:00","og_image":[{"width":696,"height":371,"url":"https:\/\/www.webdo.tn\/fr\/wp-content\/uploads\/2024\/11\/911cf3d7964d91e352b1a18e78b8defd.webp","type":"image\/webp"}],"author":"KJ","twitter_card":"summary_large_image","twitter_creator":"@webdo_tn","twitter_site":"@webdo_tn","twitter_misc":{"\u00c9crit par":"KJ","Dur\u00e9e de lecture estim\u00e9e":"2 minutes"},"schema":{"@context":"https:\/\/schema.org","@graph":[{"@type":"NewsArticle","@id":"https:\/\/www.webdo.tn\/fr\/actualite\/national\/la-tunisie-sur-le-point-de-devoiler-sa-strategie-en-matiere-d-ia\/217466\/#article","isPartOf":{"@id":"https:\/\/www.webdo.tn\/fr\/actualite\/national\/la-tunisie-sur-le-point-de-devoiler-sa-strategie-en-matiere-d-ia\/217466\/"},"author":{"name":"KJ","@id":"https:\/\/www.webdo.tn\/fr\/#\/schema\/person\/82ca085b22037d285e1a3c4b65ba5f71"},"headline":"La Tunisie sur le point de d\u00e9voiler sa strat\u00e9gie en mati\u00e8re d\u2019IA","datePublished":"2024-11-07T18:31:00+00:00","dateModified":"2025-05-20T22:21:45+00:00","mainEntityOfPage":{"@id":"https:\/\/www.webdo.tn\/fr\/actualite\/national\/la-tunisie-sur-le-point-de-devoiler-sa-strategie-en-matiere-d-ia\/217466\/"},"wordCount":362,"commentCount":0,"publisher":{"@id":"https:\/\/www.webdo.tn\/fr\/#organization"},"image":{"@id":"https:\/\/www.webdo.tn\/fr\/actualite\/national\/la-tunisie-sur-le-point-de-devoiler-sa-strategie-en-matiere-d-ia\/217466\/#primaryimage"},"thumbnailUrl":"https:\/\/www.webdo.tn\/fr\/wp-content\/uploads\/2024\/11\/911cf3d7964d91e352b1a18e78b8defd.webp","keywords":["IA","Intelligence artificielle","strat\u00e9gie","Tunisie"],"articleSection":["National"],"inLanguage":"fr-FR"},{"@type":"WebPage","@id":"https:\/\/www.webdo.tn\/fr\/actualite\/national\/la-tunisie-sur-le-point-de-devoiler-sa-strategie-en-matiere-d-ia\/217466\/","url":"https:\/\/www.webdo.tn\/fr\/actualite\/national\/la-tunisie-sur-le-point-de-devoiler-sa-strategie-en-matiere-d-ia\/217466\/","name":"La Tunisie sur le point de d\u00e9voiler sa strat\u00e9gie en mati\u00e8re d\u2019IA","isPartOf":{"@id":"https:\/\/www.webdo.tn\/fr\/#website"},"primaryImageOfPage":{"@id":"https:\/\/www.webdo.tn\/fr\/actualite\/national\/la-tunisie-sur-le-point-de-devoiler-sa-strategie-en-matiere-d-ia\/217466\/#primaryimage"},"image":{"@id":"https:\/\/www.webdo.tn\/fr\/actualite\/national\/la-tunisie-sur-le-point-de-devoiler-sa-strategie-en-matiere-d-ia\/217466\/#primaryimage"},"thumbnailUrl":"https:\/\/www.webdo.tn\/fr\/wp-content\/uploads\/2024\/11\/911cf3d7964d91e352b1a18e78b8defd.webp","datePublished":"2024-11-07T18:31:00+00:00","dateModified":"2025-05-20T22:21:45+00:00","description":"Cette strat\u00e9gie vise \u00e0 int\u00e9grer l'IA dans des secteurs cl\u00e9s tels que la sant\u00e9, l'\u00e9ducation et l'environnement, tout en renfor\u00e7ant la digitalisation et en favori...","breadcrumb":{"@id":"https:\/\/www.webdo.tn\/fr\/actualite\/national\/la-tunisie-sur-le-point-de-devoiler-sa-strategie-en-matiere-d-ia\/217466\/#breadcrumb"},"inLanguage":"fr-FR","potentialAction":[{"@type":"ReadAction","target":["https:\/\/www.webdo.tn\/fr\/actualite\/national\/la-tunisie-sur-le-point-de-devoiler-sa-strategie-en-matiere-d-ia\/217466\/"]}]},{"@type":"ImageObject","inLanguage":"fr-FR","@id":"https:\/\/www.webdo.tn\/fr\/actualite\/national\/la-tunisie-sur-le-point-de-devoiler-sa-strategie-en-matiere-d-ia\/217466\/#primaryimage","url":"https:\/\/www.webdo.tn\/fr\/wp-content\/uploads\/2024\/11\/911cf3d7964d91e352b1a18e78b8defd.webp","contentUrl":"https:\/\/www.webdo.tn\/fr\/wp-content\/uploads\/2024\/11\/911cf3d7964d91e352b1a18e78b8defd.webp","width":696,"height":371,"caption":"La Tunisie sur le point de d\u00e9voiler sa strat\u00e9gie en mati\u00e8re d\u2019IA"},{"@type":"BreadcrumbList","@id":"https:\/\/www.webdo.tn\/fr\/actualite\/national\/la-tunisie-sur-le-point-de-devoiler-sa-strategie-en-matiere-d-ia\/217466\/#breadcrumb","itemListElement":[{"@type":"ListItem","position":1,"name":"Accueil","item":"https:\/\/www.webdo.tn\/fr\/"},{"@type":"ListItem","position":2,"name":"La Tunisie sur le point de d\u00e9voiler sa strat\u00e9gie en mati\u00e8re d\u2019IA"}]},{"@type":"WebSite","@id":"https:\/\/www.webdo.tn\/fr\/#website","url":"https:\/\/www.webdo.tn\/fr\/","name":"webdo","description":"Tunisie - News en Tunisie et \u00e0 l&#039;international sur Webdo.tn","publisher":{"@id":"https:\/\/www.webdo.tn\/fr\/#organization"},"potentialAction":[{"@type":"SearchAction","target":{"@type":"EntryPoint","urlTemplate":"https:\/\/www.webdo.tn\/fr\/?s={search_term_string}"},"query-input":{"@type":"PropertyValueSpecification","valueRequired":true,"valueName":"search_term_string"}}],"inLanguage":"fr-FR"},{"@type":"Organization","@id":"https:\/\/www.webdo.tn\/fr\/#organization","name":"Webdo","alternateName":"Webdo.tn","url":"https:\/\/www.webdo.tn\/fr\/","logo":{"@type":"ImageObject","inLanguage":"fr-FR","@id":"https:\/\/www.webdo.tn\/fr\/#\/schema\/logo\/image\/","url":"https:\/\/www.webdo.tn\/fr\/wp-content\/uploads\/2025\/06\/Webdo-Tunisie_168377.jpg","contentUrl":"https:\/\/www.webdo.tn\/fr\/wp-content\/uploads\/2025\/06\/Webdo-Tunisie_168377.jpg","width":301,"height":301,"caption":"Webdo"},"image":{"@id":"https:\/\/www.webdo.tn\/fr\/#\/schema\/logo\/image\/"},"sameAs":["https:\/\/www.facebook.com\/webdotn","https:\/\/x.com\/webdo_tn"],"description":"Webdo est un m\u00e9dia num\u00e9rique tunisien fond\u00e9 en 2010, sp\u00e9cialis\u00e9 dans l\u2019actualit\u00e9 nationale et internationale, l\u2019\u00e9conomie, la soci\u00e9t\u00e9 et les analyses politiques. Le site s\u2019adresse \u00e0 un large public francophone et couvre l\u2019information tunisienne en temps r\u00e9el.","email":"redac@webdo.tn","legalName":"YNJ SARL","foundingDate":"2010-09-06","numberOfEmployees":{"@type":"QuantitativeValue","minValue":"11","maxValue":"50"}},{"@type":"Person","@id":"https:\/\/www.webdo.tn\/fr\/#\/schema\/person\/82ca085b22037d285e1a3c4b65ba5f71","name":"KJ","image":{"@type":"ImageObject","inLanguage":"fr-FR","@id":"https:\/\/secure.gravatar.com\/avatar\/1a1320de1c1971c893f00068f760b4113d69504aa21273da17ee95650c5944fd?s=96&d=mm&r=g","url":"https:\/\/secure.gravatar.com\/avatar\/1a1320de1c1971c893f00068f760b4113d69504aa21273da17ee95650c5944fd?s=96&d=mm&r=g","contentUrl":"https:\/\/secure.gravatar.com\/avatar\/1a1320de1c1971c893f00068f760b4113d69504aa21273da17ee95650c5944fd?s=96&d=mm&r=g","caption":"KJ"},"url":"https:\/\/www.webdo.tn\/fr\/actualite\/author\/kj\/"}]}},"_links":{"self":[{"href":"https:\/\/www.webdo.tn\/fr\/wp-json\/wp\/v2\/posts\/217466","targetHints":{"allow":["GET"]}}],"collection":[{"href":"https:\/\/www.webdo.tn\/fr\/wp-json\/wp\/v2\/posts"}],"about":[{"href":"https:\/\/www.webdo.tn\/fr\/wp-json\/wp\/v2\/types\/post"}],"author":[{"embeddable":true,"href":"https:\/\/www.webdo.tn\/fr\/wp-json\/wp\/v2\/users\/3163"}],"replies":[{"embeddable":true,"href":"https:\/\/www.webdo.tn\/fr\/wp-json\/wp\/v2\/comments?post=217466"}],"version-history":[{"count":0,"href":"https:\/\/www.webdo.tn\/fr\/wp-json\/wp\/v2\/posts\/217466\/revisions"}],"wp:featuredmedia":[{"embeddable":true,"href":"https:\/\/www.webdo.tn\/fr\/wp-json\/wp\/v2\/media\/291297"}],"wp:attachment":[{"href":"https:\/\/www.webdo.tn\/fr\/wp-json\/wp\/v2\/media?parent=217466"}],"wp:term":[{"taxonomy":"category","embeddable":true,"href":"https:\/\/www.webdo.tn\/fr\/wp-json\/wp\/v2\/categories?post=217466"},{"taxonomy":"post_tag","embeddable":true,"href":"https:\/\/www.webdo.tn\/fr\/wp-json\/wp\/v2\/tags?post=217466"}],"curies":[{"name":"wp","href":"https:\/\/api.w.org\/{rel}","templated":true}]}}