{"id":217453,"date":"2024-11-07T10:13:00","date_gmt":"2024-11-07T10:13:00","guid":{"rendered":"https:\/\/www.webdo.tn\/fr\/blog\/tunisie-reseaux-sociaux-sept-createurs-de-contenu-derriere-les-barreaux\/217453\/"},"modified":"2025-05-20T21:47:02","modified_gmt":"2025-05-20T21:47:02","slug":"tunisie-reseaux-sociaux-sept-createurs-de-contenu-derriere-les-barreaux","status":"publish","type":"post","link":"https:\/\/www.webdo.tn\/fr\/actualite\/national\/tunisie-reseaux-sociaux-sept-createurs-de-contenu-derriere-les-barreaux\/217453\/","title":{"rendered":"Tunisie : Le nombre de cr\u00e9ateurs de contenu condamn\u00e9s atteint sept"},"content":{"rendered":"<p>Les \u00ab\u00a0cr\u00e9ateurs de contenu\u00a0\u00bb sont actuellement dans le viseur de la justice. Depuis le 27 octobre 2024 et le communiqu\u00e9 du minist\u00e8re de la Justice annon\u00e7ant des mesures pour lutter contre les contenus immoraux sur TikTok et Instagram, plusieurs ont \u00e9t\u00e9 arr\u00eat\u00e9s et sept ont \u00e9t\u00e9 condamn\u00e9s.<\/p>\n<p>\t\t\t\t\t\t\t\t\tLourde peine contre Choumoukh<\/p>\n<p>La premi\u00e8re \u00e0 avoir \u00e9t\u00e9 condamn\u00e9e est Choumoukh, une c\u00e9l\u00e8bre cr\u00e9atrice de contenu sur TikTok, dont les vid\u00e9os provocantes lui ont valu une lourde condamnation. Elle a \u00e9cop\u00e9, le 31 octobre dernier, d\u2019une peine de 4 ans et demi de prison pour crimes moraux, atteinte aux bonnes m\u0153urs, outrage public \u00e0 la pudeur, cyberharc\u00e8lement sur les r\u00e9seaux sociaux, et incitation de mineurs \u00e0 la d\u00e9bauche.<\/p>\n<p>Une peine jug\u00e9e lourde par son avocate, Me Shaiek, qui a critiqu\u00e9 le verdict, estimant que les cinq chefs d&rsquo;accusation sont normalement consid\u00e9r\u00e9es comme \u00ab\u00a0connexes\u00a0\u00bb car d\u00e9coulant d&rsquo;une m\u00eame s\u00e9rie d&rsquo;actes et invoquant qu&rsquo;habituellement, les peines sont confondues, ce qui n&rsquo;a pas \u00e9t\u00e9 le cas pour sa cliente.<\/p>\n<p>Dans ce cas pr\u00e9cis l\u2019avocate critique le fait qu\u2019une peine distincte a \u00e9t\u00e9 prononc\u00e9e pour chaque infraction, aboutissant \u00e0 une condamnation totale de 4 ans et demi et estime que si les peines avaient \u00e9t\u00e9 confondues, sa cliente n&rsquo;aurait \u00e9t\u00e9 condamn\u00e9e qu&rsquo;\u00e0 environ un an de prison.<\/p>\n<p>De 18 mois \u00e0 4 ans et demi de prison<\/p>\n<p>Cette semaine, six autres cr\u00e9ateurs de contenu ont \u00e9t\u00e9 condamn\u00e9s avec des peines vari\u00e9es. Mardi 5 novembre, la chambre criminelle du tribunal de premi\u00e8re instance de Tunis a rendu des verdicts d\u2019emprisonnement \u00e0 l\u2019encontre de quatre cr\u00e9ateurs de contenu, les quatre \u00e9copant de peines de prison ferme allant de 18 mois \u00e0 quatre ans et demi.<\/p>\n<p>Lady Samara a \u00e9t\u00e9 condamn\u00e9e \u00e0 trois ans et deux mois de prison. Afifa a \u00e9cop\u00e9 d\u2019une peine de 18 mois d\u2019incarc\u00e9ration alors que son \u00e9poux Ramzi, a \u00e9t\u00e9 condamn\u00e9, quant \u00e0 lui, \u00e0 trois ans et deux mois de prison. Le quatri\u00e8me accus\u00e9, Khoubaib, a \u00e9cop\u00e9 de la m\u00eame peine que Choumoukh et condamn\u00e9 \u00e0 quatre ans et demi de prison.<\/p>\n<p>Ils ont tous \u00e9t\u00e9 jug\u00e9s selon diff\u00e9rents chefs d\u2019accusation, \u00e0 savoir la g\u00eane intentionnelle d&rsquo;autrui sur les r\u00e9seaux num\u00e9riques, l\u2019outrage public \u00e0 la pudeur, la diffusion de contenus contraires aux bonnes m\u0153urs ou adoptant des positions immorales, ou incitation de mineurs \u00e0 la d\u00e9bauche.<\/p>\n<p>Deux nouveaux condamn\u00e9s<\/p>\n<p>Hier, mercredi 6 novembre, la huiti\u00e8me chambre du tribunal de premi\u00e8re instance de Tunis a condamn\u00e9 \u00e0 deux ans de prison deux cr\u00e9ateurs de contenu, un homme et une femme, dont les noms sont bien connus parmi les utilisateurs de Tiktok et d\u2019Instagram.<\/p>\n<p>Ils ont \u00e9t\u00e9 jug\u00e9s coupables d\u2019harc\u00e8lement d&rsquo;autrui, d&rsquo;atteinte aux bonnes m\u0153urs, \u00e0 la morale publique et \u00e0 la pudeur et d\u2019incitation de mineurs \u00e0 la d\u00e9bauche.<\/p>\n<p>Des sanctions alternatives envisag\u00e9es ?<\/p>\n<p>Rappelons que le 27 octobre dernier, le minist\u00e8re de la Justice a annonc\u00e9 qu&rsquo;il poursuivrait p\u00e9nalement toute personne impliqu\u00e9e dans la production, la diffusion ou la publication d&rsquo;images ou de vid\u00e9os portant atteinte aux valeurs morales. D\u00e8s le lendemain, plusieurs cr\u00e9ateurs de contenu ont \u00e9t\u00e9 convoqu\u00e9s et interrog\u00e9s et plusieurs mandats de d\u00e9p\u00f4t ont \u00e9t\u00e9 aussit\u00f4t \u00e9mis \u00e0 l&rsquo;encontre d&rsquo;influenceurs.<\/p>\n<p>Selon le d\u00e9partement de la Justice, ces mesures interviennent \u00e0 la suite de la propagation du ph\u00e9nom\u00e8ne de certains individus qui utilisent les r\u00e9seaux sociaux, notamment \u00ab\u00a0TikTok\u00a0\u00bb et \u00ab\u00a0Instagram\u00a0\u00bb, pour diffuser des contenus en contradiction avec les bonnes m\u0153urs.<\/p>\n<p>Hier, le porte-parole des tribunaux de Monastir et Mahdia Farid Ben Jha, a fait savoir que les peines prononc\u00e9es contre les cr\u00e9ateurs de contenus interviennent dans deux objectifs : le premier \u00e9tant la dissuasion, et le second ayant un caract\u00e8re r\u00e9formateur pour assurer la non-r\u00e9cidive. Il a pr\u00e9cis\u00e9 dans ce contexte que le tribunal a appliqu\u00e9 les peines les plus s\u00e9v\u00e8res dans les affaires concernant les cr\u00e9ateurs de contenu en raison de leurs r\u00e9percussions n\u00e9gatives sur la soci\u00e9t\u00e9.<\/p>\n<p>Toutefois il a \u00e9mis l\u2019hypoth\u00e8se d\u2019une sanction alternative. Selon lui, si le minist\u00e8re public fait appel, toutes les options restent envisageables : maintien de la peine, augmentation ou r\u00e9duction de celle-ci.\u00a0 En revanche, si les accus\u00e9s font appel sans que le minist\u00e8re public ne le fasse, les peines peuvent \u00eatre all\u00e9g\u00e9es, maintenues ou remplac\u00e9es par des sanctions alternatives.<\/p>\n","protected":false},"excerpt":{"rendered":"<p>Depuis le 27 octobre 2024 et le communiqu\u00e9 du minist\u00e8re de la Justice annon\u00e7ant des mesures pour lutter contre les contenus immoraux sur TikTok et Instagram, pl&#8230;<\/p>\n","protected":false},"author":3162,"featured_media":246144,"comment_status":"open","ping_status":"closed","sticky":false,"template":"","format":"standard","meta":{"footnotes":""},"categories":[44],"tags":[2835,4039,4205,2619,2836,3273,2608],"class_list":["post-217453","post","type-post","status-publish","format-standard","has-post-thumbnail","hentry","category-national","tag-condamnation","tag-createur-de-contenu","tag-instagram","tag-justice","tag-reseaux-sociaux","tag-tiktok","tag-tunisie"],"yoast_head":"<!-- This site is optimized with the Yoast SEO Premium plugin v27.5 (Yoast SEO v27.5) - https:\/\/yoast.com\/product\/yoast-seo-premium-wordpress\/ -->\n<title>Tunisie : Le nombre de cr\u00e9ateurs de contenu condamn\u00e9s atteint sept<\/title>\n<meta name=\"description\" content=\"Depuis le 27 octobre 2024 et le communiqu\u00e9 du minist\u00e8re de la Justice annon\u00e7ant des mesures pour lutter contre les contenus immoraux sur TikTok et Instagram, pl...\" \/>\n<link rel=\"canonical\" href=\"https:\/\/www.webdo.tn\/fr\/actualite\/national\/tunisie-reseaux-sociaux-sept-createurs-de-contenu-derriere-les-barreaux\/217453\/\" \/>\n<meta property=\"og:locale\" content=\"fr_FR\" \/>\n<meta property=\"og:type\" content=\"article\" \/>\n<meta property=\"og:title\" content=\"Tunisie : Le nombre de cr\u00e9ateurs de contenu condamn\u00e9s atteint sept\" \/>\n<meta property=\"og:description\" content=\"Depuis le 27 octobre 2024 et le communiqu\u00e9 du minist\u00e8re de la Justice annon\u00e7ant des mesures pour lutter contre les contenus immoraux sur TikTok et Instagram, pl...\" \/>\n<meta property=\"og:url\" content=\"https:\/\/www.webdo.tn\/fr\/actualite\/national\/tunisie-reseaux-sociaux-sept-createurs-de-contenu-derriere-les-barreaux\/217453\/\" \/>\n<meta property=\"og:site_name\" content=\"webdo\" \/>\n<meta property=\"article:publisher\" content=\"https:\/\/www.facebook.com\/webdotn\" \/>\n<meta property=\"article:published_time\" content=\"2024-11-07T10:13:00+00:00\" \/>\n<meta property=\"article:modified_time\" content=\"2025-05-20T21:47:02+00:00\" \/>\n<meta property=\"og:image\" content=\"https:\/\/www.webdo.tn\/fr\/wp-content\/uploads\/2024\/11\/26f6a6bc9ba384740b312322bb0ec35e.webp\" \/>\n\t<meta property=\"og:image:width\" content=\"750\" \/>\n\t<meta property=\"og:image:height\" content=\"400\" \/>\n\t<meta property=\"og:image:type\" content=\"image\/webp\" \/>\n<meta name=\"author\" content=\"MC\" \/>\n<meta name=\"twitter:card\" content=\"summary_large_image\" \/>\n<meta name=\"twitter:creator\" content=\"@webdo_tn\" \/>\n<meta name=\"twitter:site\" content=\"@webdo_tn\" \/>\n<meta name=\"twitter:label1\" content=\"\u00c9crit par\" \/>\n\t<meta name=\"twitter:data1\" content=\"MC\" \/>\n\t<meta name=\"twitter:label2\" content=\"Dur\u00e9e de lecture estim\u00e9e\" \/>\n\t<meta name=\"twitter:data2\" content=\"4 minutes\" \/>\n<script type=\"application\/ld+json\" class=\"yoast-schema-graph\">{\"@context\":\"https:\\\/\\\/schema.org\",\"@graph\":[{\"@type\":\"NewsArticle\",\"@id\":\"https:\\\/\\\/www.webdo.tn\\\/fr\\\/actualite\\\/national\\\/tunisie-reseaux-sociaux-sept-createurs-de-contenu-derriere-les-barreaux\\\/217453\\\/#article\",\"isPartOf\":{\"@id\":\"https:\\\/\\\/www.webdo.tn\\\/fr\\\/actualite\\\/national\\\/tunisie-reseaux-sociaux-sept-createurs-de-contenu-derriere-les-barreaux\\\/217453\\\/\"},\"author\":{\"name\":\"MC\",\"@id\":\"https:\\\/\\\/www.webdo.tn\\\/fr\\\/#\\\/schema\\\/person\\\/2c4929cbf5a809e3bd38617c6ce150f6\"},\"headline\":\"Tunisie : Le nombre de cr\u00e9ateurs de contenu condamn\u00e9s atteint sept\",\"datePublished\":\"2024-11-07T10:13:00+00:00\",\"dateModified\":\"2025-05-20T21:47:02+00:00\",\"mainEntityOfPage\":{\"@id\":\"https:\\\/\\\/www.webdo.tn\\\/fr\\\/actualite\\\/national\\\/tunisie-reseaux-sociaux-sept-createurs-de-contenu-derriere-les-barreaux\\\/217453\\\/\"},\"wordCount\":785,\"commentCount\":0,\"publisher\":{\"@id\":\"https:\\\/\\\/www.webdo.tn\\\/fr\\\/#organization\"},\"image\":{\"@id\":\"https:\\\/\\\/www.webdo.tn\\\/fr\\\/actualite\\\/national\\\/tunisie-reseaux-sociaux-sept-createurs-de-contenu-derriere-les-barreaux\\\/217453\\\/#primaryimage\"},\"thumbnailUrl\":\"https:\\\/\\\/www.webdo.tn\\\/fr\\\/wp-content\\\/uploads\\\/2024\\\/11\\\/26f6a6bc9ba384740b312322bb0ec35e.webp\",\"keywords\":[\"condamnation\",\"Cr\u00e9ateur de contenu\",\"Instagram\",\"justice\",\"r\u00e9seaux sociaux\",\"tiktok\",\"Tunisie\"],\"articleSection\":[\"National\"],\"inLanguage\":\"fr-FR\"},{\"@type\":\"WebPage\",\"@id\":\"https:\\\/\\\/www.webdo.tn\\\/fr\\\/actualite\\\/national\\\/tunisie-reseaux-sociaux-sept-createurs-de-contenu-derriere-les-barreaux\\\/217453\\\/\",\"url\":\"https:\\\/\\\/www.webdo.tn\\\/fr\\\/actualite\\\/national\\\/tunisie-reseaux-sociaux-sept-createurs-de-contenu-derriere-les-barreaux\\\/217453\\\/\",\"name\":\"Tunisie : Le nombre de cr\u00e9ateurs de contenu condamn\u00e9s atteint sept\",\"isPartOf\":{\"@id\":\"https:\\\/\\\/www.webdo.tn\\\/fr\\\/#website\"},\"primaryImageOfPage\":{\"@id\":\"https:\\\/\\\/www.webdo.tn\\\/fr\\\/actualite\\\/national\\\/tunisie-reseaux-sociaux-sept-createurs-de-contenu-derriere-les-barreaux\\\/217453\\\/#primaryimage\"},\"image\":{\"@id\":\"https:\\\/\\\/www.webdo.tn\\\/fr\\\/actualite\\\/national\\\/tunisie-reseaux-sociaux-sept-createurs-de-contenu-derriere-les-barreaux\\\/217453\\\/#primaryimage\"},\"thumbnailUrl\":\"https:\\\/\\\/www.webdo.tn\\\/fr\\\/wp-content\\\/uploads\\\/2024\\\/11\\\/26f6a6bc9ba384740b312322bb0ec35e.webp\",\"datePublished\":\"2024-11-07T10:13:00+00:00\",\"dateModified\":\"2025-05-20T21:47:02+00:00\",\"description\":\"Depuis le 27 octobre 2024 et le communiqu\u00e9 du minist\u00e8re de la Justice annon\u00e7ant des mesures pour lutter contre les contenus immoraux sur TikTok et Instagram, pl...\",\"breadcrumb\":{\"@id\":\"https:\\\/\\\/www.webdo.tn\\\/fr\\\/actualite\\\/national\\\/tunisie-reseaux-sociaux-sept-createurs-de-contenu-derriere-les-barreaux\\\/217453\\\/#breadcrumb\"},\"inLanguage\":\"fr-FR\",\"potentialAction\":[{\"@type\":\"ReadAction\",\"target\":[\"https:\\\/\\\/www.webdo.tn\\\/fr\\\/actualite\\\/national\\\/tunisie-reseaux-sociaux-sept-createurs-de-contenu-derriere-les-barreaux\\\/217453\\\/\"]}]},{\"@type\":\"ImageObject\",\"inLanguage\":\"fr-FR\",\"@id\":\"https:\\\/\\\/www.webdo.tn\\\/fr\\\/actualite\\\/national\\\/tunisie-reseaux-sociaux-sept-createurs-de-contenu-derriere-les-barreaux\\\/217453\\\/#primaryimage\",\"url\":\"https:\\\/\\\/www.webdo.tn\\\/fr\\\/wp-content\\\/uploads\\\/2024\\\/11\\\/26f6a6bc9ba384740b312322bb0ec35e.webp\",\"contentUrl\":\"https:\\\/\\\/www.webdo.tn\\\/fr\\\/wp-content\\\/uploads\\\/2024\\\/11\\\/26f6a6bc9ba384740b312322bb0ec35e.webp\",\"width\":750,\"height\":400,\"caption\":\"Tunisie : Le nombre de cr\u00e9ateurs de contenu condamn\u00e9s atteint sept\"},{\"@type\":\"BreadcrumbList\",\"@id\":\"https:\\\/\\\/www.webdo.tn\\\/fr\\\/actualite\\\/national\\\/tunisie-reseaux-sociaux-sept-createurs-de-contenu-derriere-les-barreaux\\\/217453\\\/#breadcrumb\",\"itemListElement\":[{\"@type\":\"ListItem\",\"position\":1,\"name\":\"Accueil\",\"item\":\"https:\\\/\\\/www.webdo.tn\\\/fr\\\/\"},{\"@type\":\"ListItem\",\"position\":2,\"name\":\"Tunisie : Le nombre de cr\u00e9ateurs de contenu condamn\u00e9s atteint sept\"}]},{\"@type\":\"WebSite\",\"@id\":\"https:\\\/\\\/www.webdo.tn\\\/fr\\\/#website\",\"url\":\"https:\\\/\\\/www.webdo.tn\\\/fr\\\/\",\"name\":\"webdo\",\"description\":\"Tunisie - News en Tunisie et \u00e0 l&#039;international sur Webdo.tn\",\"publisher\":{\"@id\":\"https:\\\/\\\/www.webdo.tn\\\/fr\\\/#organization\"},\"potentialAction\":[{\"@type\":\"SearchAction\",\"target\":{\"@type\":\"EntryPoint\",\"urlTemplate\":\"https:\\\/\\\/www.webdo.tn\\\/fr\\\/?s={search_term_string}\"},\"query-input\":{\"@type\":\"PropertyValueSpecification\",\"valueRequired\":true,\"valueName\":\"search_term_string\"}}],\"inLanguage\":\"fr-FR\"},{\"@type\":\"Organization\",\"@id\":\"https:\\\/\\\/www.webdo.tn\\\/fr\\\/#organization\",\"name\":\"Webdo\",\"alternateName\":\"Webdo.tn\",\"url\":\"https:\\\/\\\/www.webdo.tn\\\/fr\\\/\",\"logo\":{\"@type\":\"ImageObject\",\"inLanguage\":\"fr-FR\",\"@id\":\"https:\\\/\\\/www.webdo.tn\\\/fr\\\/#\\\/schema\\\/logo\\\/image\\\/\",\"url\":\"https:\\\/\\\/www.webdo.tn\\\/fr\\\/wp-content\\\/uploads\\\/2025\\\/06\\\/Webdo-Tunisie_168377.jpg\",\"contentUrl\":\"https:\\\/\\\/www.webdo.tn\\\/fr\\\/wp-content\\\/uploads\\\/2025\\\/06\\\/Webdo-Tunisie_168377.jpg\",\"width\":301,\"height\":301,\"caption\":\"Webdo\"},\"image\":{\"@id\":\"https:\\\/\\\/www.webdo.tn\\\/fr\\\/#\\\/schema\\\/logo\\\/image\\\/\"},\"sameAs\":[\"https:\\\/\\\/www.facebook.com\\\/webdotn\",\"https:\\\/\\\/x.com\\\/webdo_tn\"],\"description\":\"Webdo est un m\u00e9dia num\u00e9rique tunisien fond\u00e9 en 2010, sp\u00e9cialis\u00e9 dans l\u2019actualit\u00e9 nationale et internationale, l\u2019\u00e9conomie, la soci\u00e9t\u00e9 et les analyses politiques. Le site s\u2019adresse \u00e0 un large public francophone et couvre l\u2019information tunisienne en temps r\u00e9el.\",\"email\":\"redac@webdo.tn\",\"legalName\":\"YNJ SARL\",\"foundingDate\":\"2010-09-06\",\"numberOfEmployees\":{\"@type\":\"QuantitativeValue\",\"minValue\":\"11\",\"maxValue\":\"50\"}},{\"@type\":\"Person\",\"@id\":\"https:\\\/\\\/www.webdo.tn\\\/fr\\\/#\\\/schema\\\/person\\\/2c4929cbf5a809e3bd38617c6ce150f6\",\"name\":\"MC\",\"image\":{\"@type\":\"ImageObject\",\"inLanguage\":\"fr-FR\",\"@id\":\"https:\\\/\\\/secure.gravatar.com\\\/avatar\\\/a545bbb6f84efdd5553dbbc2895e3ca8f1d12c5215e00a041c9670b54aa9b18a?s=96&d=mm&r=g\",\"url\":\"https:\\\/\\\/secure.gravatar.com\\\/avatar\\\/a545bbb6f84efdd5553dbbc2895e3ca8f1d12c5215e00a041c9670b54aa9b18a?s=96&d=mm&r=g\",\"contentUrl\":\"https:\\\/\\\/secure.gravatar.com\\\/avatar\\\/a545bbb6f84efdd5553dbbc2895e3ca8f1d12c5215e00a041c9670b54aa9b18a?s=96&d=mm&r=g\",\"caption\":\"MC\"},\"url\":\"https:\\\/\\\/www.webdo.tn\\\/fr\\\/actualite\\\/author\\\/mc\\\/\"}]}<\/script>\n<!-- \/ Yoast SEO Premium plugin. -->","yoast_head_json":{"title":"Tunisie : Le nombre de cr\u00e9ateurs de contenu condamn\u00e9s atteint sept","description":"Depuis le 27 octobre 2024 et le communiqu\u00e9 du minist\u00e8re de la Justice annon\u00e7ant des mesures pour lutter contre les contenus immoraux sur TikTok et Instagram, pl...","canonical":"https:\/\/www.webdo.tn\/fr\/actualite\/national\/tunisie-reseaux-sociaux-sept-createurs-de-contenu-derriere-les-barreaux\/217453\/","og_locale":"fr_FR","og_type":"article","og_title":"Tunisie : Le nombre de cr\u00e9ateurs de contenu condamn\u00e9s atteint sept","og_description":"Depuis le 27 octobre 2024 et le communiqu\u00e9 du minist\u00e8re de la Justice annon\u00e7ant des mesures pour lutter contre les contenus immoraux sur TikTok et Instagram, pl...","og_url":"https:\/\/www.webdo.tn\/fr\/actualite\/national\/tunisie-reseaux-sociaux-sept-createurs-de-contenu-derriere-les-barreaux\/217453\/","og_site_name":"webdo","article_publisher":"https:\/\/www.facebook.com\/webdotn","article_published_time":"2024-11-07T10:13:00+00:00","article_modified_time":"2025-05-20T21:47:02+00:00","og_image":[{"width":750,"height":400,"url":"https:\/\/www.webdo.tn\/fr\/wp-content\/uploads\/2024\/11\/26f6a6bc9ba384740b312322bb0ec35e.webp","type":"image\/webp"}],"author":"MC","twitter_card":"summary_large_image","twitter_creator":"@webdo_tn","twitter_site":"@webdo_tn","twitter_misc":{"\u00c9crit par":"MC","Dur\u00e9e de lecture estim\u00e9e":"4 minutes"},"schema":{"@context":"https:\/\/schema.org","@graph":[{"@type":"NewsArticle","@id":"https:\/\/www.webdo.tn\/fr\/actualite\/national\/tunisie-reseaux-sociaux-sept-createurs-de-contenu-derriere-les-barreaux\/217453\/#article","isPartOf":{"@id":"https:\/\/www.webdo.tn\/fr\/actualite\/national\/tunisie-reseaux-sociaux-sept-createurs-de-contenu-derriere-les-barreaux\/217453\/"},"author":{"name":"MC","@id":"https:\/\/www.webdo.tn\/fr\/#\/schema\/person\/2c4929cbf5a809e3bd38617c6ce150f6"},"headline":"Tunisie : Le nombre de cr\u00e9ateurs de contenu condamn\u00e9s atteint sept","datePublished":"2024-11-07T10:13:00+00:00","dateModified":"2025-05-20T21:47:02+00:00","mainEntityOfPage":{"@id":"https:\/\/www.webdo.tn\/fr\/actualite\/national\/tunisie-reseaux-sociaux-sept-createurs-de-contenu-derriere-les-barreaux\/217453\/"},"wordCount":785,"commentCount":0,"publisher":{"@id":"https:\/\/www.webdo.tn\/fr\/#organization"},"image":{"@id":"https:\/\/www.webdo.tn\/fr\/actualite\/national\/tunisie-reseaux-sociaux-sept-createurs-de-contenu-derriere-les-barreaux\/217453\/#primaryimage"},"thumbnailUrl":"https:\/\/www.webdo.tn\/fr\/wp-content\/uploads\/2024\/11\/26f6a6bc9ba384740b312322bb0ec35e.webp","keywords":["condamnation","Cr\u00e9ateur de contenu","Instagram","justice","r\u00e9seaux sociaux","tiktok","Tunisie"],"articleSection":["National"],"inLanguage":"fr-FR"},{"@type":"WebPage","@id":"https:\/\/www.webdo.tn\/fr\/actualite\/national\/tunisie-reseaux-sociaux-sept-createurs-de-contenu-derriere-les-barreaux\/217453\/","url":"https:\/\/www.webdo.tn\/fr\/actualite\/national\/tunisie-reseaux-sociaux-sept-createurs-de-contenu-derriere-les-barreaux\/217453\/","name":"Tunisie : Le nombre de cr\u00e9ateurs de contenu condamn\u00e9s atteint sept","isPartOf":{"@id":"https:\/\/www.webdo.tn\/fr\/#website"},"primaryImageOfPage":{"@id":"https:\/\/www.webdo.tn\/fr\/actualite\/national\/tunisie-reseaux-sociaux-sept-createurs-de-contenu-derriere-les-barreaux\/217453\/#primaryimage"},"image":{"@id":"https:\/\/www.webdo.tn\/fr\/actualite\/national\/tunisie-reseaux-sociaux-sept-createurs-de-contenu-derriere-les-barreaux\/217453\/#primaryimage"},"thumbnailUrl":"https:\/\/www.webdo.tn\/fr\/wp-content\/uploads\/2024\/11\/26f6a6bc9ba384740b312322bb0ec35e.webp","datePublished":"2024-11-07T10:13:00+00:00","dateModified":"2025-05-20T21:47:02+00:00","description":"Depuis le 27 octobre 2024 et le communiqu\u00e9 du minist\u00e8re de la Justice annon\u00e7ant des mesures pour lutter contre les contenus immoraux sur TikTok et Instagram, pl...","breadcrumb":{"@id":"https:\/\/www.webdo.tn\/fr\/actualite\/national\/tunisie-reseaux-sociaux-sept-createurs-de-contenu-derriere-les-barreaux\/217453\/#breadcrumb"},"inLanguage":"fr-FR","potentialAction":[{"@type":"ReadAction","target":["https:\/\/www.webdo.tn\/fr\/actualite\/national\/tunisie-reseaux-sociaux-sept-createurs-de-contenu-derriere-les-barreaux\/217453\/"]}]},{"@type":"ImageObject","inLanguage":"fr-FR","@id":"https:\/\/www.webdo.tn\/fr\/actualite\/national\/tunisie-reseaux-sociaux-sept-createurs-de-contenu-derriere-les-barreaux\/217453\/#primaryimage","url":"https:\/\/www.webdo.tn\/fr\/wp-content\/uploads\/2024\/11\/26f6a6bc9ba384740b312322bb0ec35e.webp","contentUrl":"https:\/\/www.webdo.tn\/fr\/wp-content\/uploads\/2024\/11\/26f6a6bc9ba384740b312322bb0ec35e.webp","width":750,"height":400,"caption":"Tunisie : Le nombre de cr\u00e9ateurs de contenu condamn\u00e9s atteint sept"},{"@type":"BreadcrumbList","@id":"https:\/\/www.webdo.tn\/fr\/actualite\/national\/tunisie-reseaux-sociaux-sept-createurs-de-contenu-derriere-les-barreaux\/217453\/#breadcrumb","itemListElement":[{"@type":"ListItem","position":1,"name":"Accueil","item":"https:\/\/www.webdo.tn\/fr\/"},{"@type":"ListItem","position":2,"name":"Tunisie : Le nombre de cr\u00e9ateurs de contenu condamn\u00e9s atteint sept"}]},{"@type":"WebSite","@id":"https:\/\/www.webdo.tn\/fr\/#website","url":"https:\/\/www.webdo.tn\/fr\/","name":"webdo","description":"Tunisie - News en Tunisie et \u00e0 l&#039;international sur Webdo.tn","publisher":{"@id":"https:\/\/www.webdo.tn\/fr\/#organization"},"potentialAction":[{"@type":"SearchAction","target":{"@type":"EntryPoint","urlTemplate":"https:\/\/www.webdo.tn\/fr\/?s={search_term_string}"},"query-input":{"@type":"PropertyValueSpecification","valueRequired":true,"valueName":"search_term_string"}}],"inLanguage":"fr-FR"},{"@type":"Organization","@id":"https:\/\/www.webdo.tn\/fr\/#organization","name":"Webdo","alternateName":"Webdo.tn","url":"https:\/\/www.webdo.tn\/fr\/","logo":{"@type":"ImageObject","inLanguage":"fr-FR","@id":"https:\/\/www.webdo.tn\/fr\/#\/schema\/logo\/image\/","url":"https:\/\/www.webdo.tn\/fr\/wp-content\/uploads\/2025\/06\/Webdo-Tunisie_168377.jpg","contentUrl":"https:\/\/www.webdo.tn\/fr\/wp-content\/uploads\/2025\/06\/Webdo-Tunisie_168377.jpg","width":301,"height":301,"caption":"Webdo"},"image":{"@id":"https:\/\/www.webdo.tn\/fr\/#\/schema\/logo\/image\/"},"sameAs":["https:\/\/www.facebook.com\/webdotn","https:\/\/x.com\/webdo_tn"],"description":"Webdo est un m\u00e9dia num\u00e9rique tunisien fond\u00e9 en 2010, sp\u00e9cialis\u00e9 dans l\u2019actualit\u00e9 nationale et internationale, l\u2019\u00e9conomie, la soci\u00e9t\u00e9 et les analyses politiques. Le site s\u2019adresse \u00e0 un large public francophone et couvre l\u2019information tunisienne en temps r\u00e9el.","email":"redac@webdo.tn","legalName":"YNJ SARL","foundingDate":"2010-09-06","numberOfEmployees":{"@type":"QuantitativeValue","minValue":"11","maxValue":"50"}},{"@type":"Person","@id":"https:\/\/www.webdo.tn\/fr\/#\/schema\/person\/2c4929cbf5a809e3bd38617c6ce150f6","name":"MC","image":{"@type":"ImageObject","inLanguage":"fr-FR","@id":"https:\/\/secure.gravatar.com\/avatar\/a545bbb6f84efdd5553dbbc2895e3ca8f1d12c5215e00a041c9670b54aa9b18a?s=96&d=mm&r=g","url":"https:\/\/secure.gravatar.com\/avatar\/a545bbb6f84efdd5553dbbc2895e3ca8f1d12c5215e00a041c9670b54aa9b18a?s=96&d=mm&r=g","contentUrl":"https:\/\/secure.gravatar.com\/avatar\/a545bbb6f84efdd5553dbbc2895e3ca8f1d12c5215e00a041c9670b54aa9b18a?s=96&d=mm&r=g","caption":"MC"},"url":"https:\/\/www.webdo.tn\/fr\/actualite\/author\/mc\/"}]}},"_links":{"self":[{"href":"https:\/\/www.webdo.tn\/fr\/wp-json\/wp\/v2\/posts\/217453","targetHints":{"allow":["GET"]}}],"collection":[{"href":"https:\/\/www.webdo.tn\/fr\/wp-json\/wp\/v2\/posts"}],"about":[{"href":"https:\/\/www.webdo.tn\/fr\/wp-json\/wp\/v2\/types\/post"}],"author":[{"embeddable":true,"href":"https:\/\/www.webdo.tn\/fr\/wp-json\/wp\/v2\/users\/3162"}],"replies":[{"embeddable":true,"href":"https:\/\/www.webdo.tn\/fr\/wp-json\/wp\/v2\/comments?post=217453"}],"version-history":[{"count":0,"href":"https:\/\/www.webdo.tn\/fr\/wp-json\/wp\/v2\/posts\/217453\/revisions"}],"wp:featuredmedia":[{"embeddable":true,"href":"https:\/\/www.webdo.tn\/fr\/wp-json\/wp\/v2\/media\/246144"}],"wp:attachment":[{"href":"https:\/\/www.webdo.tn\/fr\/wp-json\/wp\/v2\/media?parent=217453"}],"wp:term":[{"taxonomy":"category","embeddable":true,"href":"https:\/\/www.webdo.tn\/fr\/wp-json\/wp\/v2\/categories?post=217453"},{"taxonomy":"post_tag","embeddable":true,"href":"https:\/\/www.webdo.tn\/fr\/wp-json\/wp\/v2\/tags?post=217453"}],"curies":[{"name":"wp","href":"https:\/\/api.w.org\/{rel}","templated":true}]}}