{"id":217431,"date":"2024-11-06T14:24:00","date_gmt":"2024-11-06T14:24:00","guid":{"rendered":"https:\/\/www.webdo.tn\/fr\/blog\/createurs-de-contenu-des-sanctions-alternatives-envisagees\/217431\/"},"modified":"2025-05-20T22:21:43","modified_gmt":"2025-05-20T22:21:43","slug":"createurs-de-contenu-des-sanctions-alternatives-envisagees","status":"publish","type":"post","link":"https:\/\/www.webdo.tn\/fr\/actualite\/national\/createurs-de-contenu-des-sanctions-alternatives-envisagees\/217431\/","title":{"rendered":"Tunisie &#8211; Cr\u00e9ateurs de contenu : Des sanctions alternatives envisag\u00e9es ?"},"content":{"rendered":"<p>Le porte-parole des tribunaux de Monastir et Mahdia Farid Ben Jha, a fait savoir ce mercredi 6 novembre 2024 que les peines prononc\u00e9es contre les cr\u00e9ateurs de contenus interviennent dans deux objectifs : le premier \u00e9tant la dissuasion, et le second ayant un caract\u00e8re r\u00e9formateur pour assurer la non-r\u00e9cidive.\u00a0<\/p>\n<p>\t\t\t\t\t\t\t\t\tS\u2019exprimant sur les ondes de Mosa\u00efque FM, il a pr\u00e9cis\u00e9 dans ce contexte que le tribunal a appliqu\u00e9 les peines les plus s\u00e9v\u00e8res dans les affaires concernant les \u00ab cr\u00e9ateurs de contenu \u00bb en raison de leurs r\u00e9percussions n\u00e9gatives sur la soci\u00e9t\u00e9.<\/p>\n<p>Il a expliqu\u00e9 que les peines de prison prononc\u00e9es ne concernent pas une seule affaire, mais un ensemble de d\u00e9lits, tels que \u00ab l\u2019atteinte aux bonnes m\u0153urs \u00bb, \u00ab l\u2019exhibition ind\u00e9cente \u00bb et \u00able harc\u00e8lement d&rsquo;autrui de mani\u00e8re offensante\u00bb.<\/p>\n<p>Quant aux hypoth\u00e8ses d&rsquo;appel, Ben Jha a indiqu\u00e9 que si le minist\u00e8re public fait appel, toutes les options restent envisageables : maintien de la peine, augmentation ou r\u00e9duction de celle-ci. \u00a0En revanche, si les accus\u00e9s font appel sans que le minist\u00e8re public ne le fasse, les peines peuvent \u00eatre all\u00e9g\u00e9es, maintenues ou remplac\u00e9es par des sanctions alternatives.<\/p>\n<p>Rappelons que la chambre criminelle du tribunal de premi\u00e8re instance de Tunis a r\u00e9cemment rendu des verdicts d\u2019emprisonnement \u00e0 l\u2019encontre de quatre cr\u00e9ateurs de contenu, avec des peines variant d\u2019un an et demi \u00e0 quatre ans et demi.<\/p>\n","protected":false},"excerpt":{"rendered":"<p>S\u2019exprimant sur les ondes de Mosa\u00efque FM, il a pr\u00e9cis\u00e9 dans ce contexte que le tribunal a appliqu\u00e9 les peines les plus s\u00e9v\u00e8res dans les affaires concernant les&#8230;<\/p>\n","protected":false},"author":3163,"featured_media":291287,"comment_status":"open","ping_status":"closed","sticky":false,"template":"","format":"standard","meta":{"footnotes":""},"categories":[44],"tags":[5177,2619,4987,2608],"class_list":["post-217431","post","type-post","status-publish","format-standard","has-post-thumbnail","hentry","category-national","tag-createurs-de-contenu","tag-justice","tag-sanctions","tag-tunisie"],"yoast_head":"<!-- This site is optimized with the Yoast SEO Premium plugin v27.5 (Yoast SEO v27.5) - https:\/\/yoast.com\/product\/yoast-seo-premium-wordpress\/ -->\n<title>Tunisie - Cr\u00e9ateurs de contenu : Des sanctions alternatives envisag\u00e9es ?<\/title>\n<meta name=\"description\" content=\"S\u2019exprimant sur les ondes de Mosa\u00efque FM, il a pr\u00e9cis\u00e9 dans ce contexte que le tribunal a appliqu\u00e9 les peines les plus s\u00e9v\u00e8res dans les affaires concernant les...\" \/>\n<link rel=\"canonical\" href=\"https:\/\/www.webdo.tn\/fr\/actualite\/national\/createurs-de-contenu-des-sanctions-alternatives-envisagees\/217431\/\" \/>\n<meta property=\"og:locale\" content=\"fr_FR\" \/>\n<meta property=\"og:type\" content=\"article\" \/>\n<meta property=\"og:title\" content=\"Tunisie - Cr\u00e9ateurs de contenu : Des sanctions alternatives envisag\u00e9es ?\" \/>\n<meta property=\"og:description\" content=\"S\u2019exprimant sur les ondes de Mosa\u00efque FM, il a pr\u00e9cis\u00e9 dans ce contexte que le tribunal a appliqu\u00e9 les peines les plus s\u00e9v\u00e8res dans les affaires concernant les...\" \/>\n<meta property=\"og:url\" content=\"https:\/\/www.webdo.tn\/fr\/actualite\/national\/createurs-de-contenu-des-sanctions-alternatives-envisagees\/217431\/\" \/>\n<meta property=\"og:site_name\" content=\"webdo\" \/>\n<meta property=\"article:publisher\" content=\"https:\/\/www.facebook.com\/webdotn\" \/>\n<meta property=\"article:published_time\" content=\"2024-11-06T14:24:00+00:00\" \/>\n<meta property=\"article:modified_time\" content=\"2025-05-20T22:21:43+00:00\" \/>\n<meta property=\"og:image\" content=\"https:\/\/www.webdo.tn\/fr\/wp-content\/uploads\/2024\/11\/fda1c8d3869cf33ed7c536df298428ef.webp\" \/>\n\t<meta property=\"og:image:width\" content=\"750\" \/>\n\t<meta property=\"og:image:height\" content=\"400\" \/>\n\t<meta property=\"og:image:type\" content=\"image\/webp\" \/>\n<meta name=\"author\" content=\"KJ\" \/>\n<meta name=\"twitter:card\" content=\"summary_large_image\" \/>\n<meta name=\"twitter:creator\" content=\"@webdo_tn\" \/>\n<meta name=\"twitter:site\" content=\"@webdo_tn\" \/>\n<meta name=\"twitter:label1\" content=\"\u00c9crit par\" \/>\n\t<meta name=\"twitter:data1\" content=\"KJ\" \/>\n\t<meta name=\"twitter:label2\" content=\"Dur\u00e9e de lecture estim\u00e9e\" \/>\n\t<meta name=\"twitter:data2\" content=\"1 minute\" \/>\n<script type=\"application\/ld+json\" class=\"yoast-schema-graph\">{\"@context\":\"https:\\\/\\\/schema.org\",\"@graph\":[{\"@type\":\"NewsArticle\",\"@id\":\"https:\\\/\\\/www.webdo.tn\\\/fr\\\/actualite\\\/national\\\/createurs-de-contenu-des-sanctions-alternatives-envisagees\\\/217431\\\/#article\",\"isPartOf\":{\"@id\":\"https:\\\/\\\/www.webdo.tn\\\/fr\\\/actualite\\\/national\\\/createurs-de-contenu-des-sanctions-alternatives-envisagees\\\/217431\\\/\"},\"author\":{\"name\":\"KJ\",\"@id\":\"https:\\\/\\\/www.webdo.tn\\\/fr\\\/#\\\/schema\\\/person\\\/82ca085b22037d285e1a3c4b65ba5f71\"},\"headline\":\"Tunisie &#8211; Cr\u00e9ateurs de contenu : Des sanctions alternatives envisag\u00e9es ?\",\"datePublished\":\"2024-11-06T14:24:00+00:00\",\"dateModified\":\"2025-05-20T22:21:43+00:00\",\"mainEntityOfPage\":{\"@id\":\"https:\\\/\\\/www.webdo.tn\\\/fr\\\/actualite\\\/national\\\/createurs-de-contenu-des-sanctions-alternatives-envisagees\\\/217431\\\/\"},\"wordCount\":262,\"commentCount\":0,\"publisher\":{\"@id\":\"https:\\\/\\\/www.webdo.tn\\\/fr\\\/#organization\"},\"image\":{\"@id\":\"https:\\\/\\\/www.webdo.tn\\\/fr\\\/actualite\\\/national\\\/createurs-de-contenu-des-sanctions-alternatives-envisagees\\\/217431\\\/#primaryimage\"},\"thumbnailUrl\":\"https:\\\/\\\/www.webdo.tn\\\/fr\\\/wp-content\\\/uploads\\\/2024\\\/11\\\/fda1c8d3869cf33ed7c536df298428ef.webp\",\"keywords\":[\"cr\u00e9ateurs de contenu\",\"justice\",\"sanctions\",\"Tunisie\"],\"articleSection\":[\"National\"],\"inLanguage\":\"fr-FR\"},{\"@type\":\"WebPage\",\"@id\":\"https:\\\/\\\/www.webdo.tn\\\/fr\\\/actualite\\\/national\\\/createurs-de-contenu-des-sanctions-alternatives-envisagees\\\/217431\\\/\",\"url\":\"https:\\\/\\\/www.webdo.tn\\\/fr\\\/actualite\\\/national\\\/createurs-de-contenu-des-sanctions-alternatives-envisagees\\\/217431\\\/\",\"name\":\"Tunisie - Cr\u00e9ateurs de contenu : Des sanctions alternatives envisag\u00e9es ?\",\"isPartOf\":{\"@id\":\"https:\\\/\\\/www.webdo.tn\\\/fr\\\/#website\"},\"primaryImageOfPage\":{\"@id\":\"https:\\\/\\\/www.webdo.tn\\\/fr\\\/actualite\\\/national\\\/createurs-de-contenu-des-sanctions-alternatives-envisagees\\\/217431\\\/#primaryimage\"},\"image\":{\"@id\":\"https:\\\/\\\/www.webdo.tn\\\/fr\\\/actualite\\\/national\\\/createurs-de-contenu-des-sanctions-alternatives-envisagees\\\/217431\\\/#primaryimage\"},\"thumbnailUrl\":\"https:\\\/\\\/www.webdo.tn\\\/fr\\\/wp-content\\\/uploads\\\/2024\\\/11\\\/fda1c8d3869cf33ed7c536df298428ef.webp\",\"datePublished\":\"2024-11-06T14:24:00+00:00\",\"dateModified\":\"2025-05-20T22:21:43+00:00\",\"description\":\"S\u2019exprimant sur les ondes de Mosa\u00efque FM, il a pr\u00e9cis\u00e9 dans ce contexte que le tribunal a appliqu\u00e9 les peines les plus s\u00e9v\u00e8res dans les affaires concernant les...\",\"breadcrumb\":{\"@id\":\"https:\\\/\\\/www.webdo.tn\\\/fr\\\/actualite\\\/national\\\/createurs-de-contenu-des-sanctions-alternatives-envisagees\\\/217431\\\/#breadcrumb\"},\"inLanguage\":\"fr-FR\",\"potentialAction\":[{\"@type\":\"ReadAction\",\"target\":[\"https:\\\/\\\/www.webdo.tn\\\/fr\\\/actualite\\\/national\\\/createurs-de-contenu-des-sanctions-alternatives-envisagees\\\/217431\\\/\"]}]},{\"@type\":\"ImageObject\",\"inLanguage\":\"fr-FR\",\"@id\":\"https:\\\/\\\/www.webdo.tn\\\/fr\\\/actualite\\\/national\\\/createurs-de-contenu-des-sanctions-alternatives-envisagees\\\/217431\\\/#primaryimage\",\"url\":\"https:\\\/\\\/www.webdo.tn\\\/fr\\\/wp-content\\\/uploads\\\/2024\\\/11\\\/fda1c8d3869cf33ed7c536df298428ef.webp\",\"contentUrl\":\"https:\\\/\\\/www.webdo.tn\\\/fr\\\/wp-content\\\/uploads\\\/2024\\\/11\\\/fda1c8d3869cf33ed7c536df298428ef.webp\",\"width\":750,\"height\":400,\"caption\":\"Tunisie - Cr\u00e9ateurs de contenu : Des sanctions alternatives envisag\u00e9es ?\"},{\"@type\":\"BreadcrumbList\",\"@id\":\"https:\\\/\\\/www.webdo.tn\\\/fr\\\/actualite\\\/national\\\/createurs-de-contenu-des-sanctions-alternatives-envisagees\\\/217431\\\/#breadcrumb\",\"itemListElement\":[{\"@type\":\"ListItem\",\"position\":1,\"name\":\"Accueil\",\"item\":\"https:\\\/\\\/www.webdo.tn\\\/fr\\\/\"},{\"@type\":\"ListItem\",\"position\":2,\"name\":\"Tunisie &#8211; Cr\u00e9ateurs de contenu : Des sanctions alternatives envisag\u00e9es ?\"}]},{\"@type\":\"WebSite\",\"@id\":\"https:\\\/\\\/www.webdo.tn\\\/fr\\\/#website\",\"url\":\"https:\\\/\\\/www.webdo.tn\\\/fr\\\/\",\"name\":\"webdo\",\"description\":\"Tunisie - News en Tunisie et \u00e0 l&#039;international sur Webdo.tn\",\"publisher\":{\"@id\":\"https:\\\/\\\/www.webdo.tn\\\/fr\\\/#organization\"},\"potentialAction\":[{\"@type\":\"SearchAction\",\"target\":{\"@type\":\"EntryPoint\",\"urlTemplate\":\"https:\\\/\\\/www.webdo.tn\\\/fr\\\/?s={search_term_string}\"},\"query-input\":{\"@type\":\"PropertyValueSpecification\",\"valueRequired\":true,\"valueName\":\"search_term_string\"}}],\"inLanguage\":\"fr-FR\"},{\"@type\":\"Organization\",\"@id\":\"https:\\\/\\\/www.webdo.tn\\\/fr\\\/#organization\",\"name\":\"Webdo\",\"alternateName\":\"Webdo.tn\",\"url\":\"https:\\\/\\\/www.webdo.tn\\\/fr\\\/\",\"logo\":{\"@type\":\"ImageObject\",\"inLanguage\":\"fr-FR\",\"@id\":\"https:\\\/\\\/www.webdo.tn\\\/fr\\\/#\\\/schema\\\/logo\\\/image\\\/\",\"url\":\"https:\\\/\\\/www.webdo.tn\\\/fr\\\/wp-content\\\/uploads\\\/2025\\\/06\\\/Webdo-Tunisie_168377.jpg\",\"contentUrl\":\"https:\\\/\\\/www.webdo.tn\\\/fr\\\/wp-content\\\/uploads\\\/2025\\\/06\\\/Webdo-Tunisie_168377.jpg\",\"width\":301,\"height\":301,\"caption\":\"Webdo\"},\"image\":{\"@id\":\"https:\\\/\\\/www.webdo.tn\\\/fr\\\/#\\\/schema\\\/logo\\\/image\\\/\"},\"sameAs\":[\"https:\\\/\\\/www.facebook.com\\\/webdotn\",\"https:\\\/\\\/x.com\\\/webdo_tn\"],\"description\":\"Webdo est un m\u00e9dia num\u00e9rique tunisien fond\u00e9 en 2010, sp\u00e9cialis\u00e9 dans l\u2019actualit\u00e9 nationale et internationale, l\u2019\u00e9conomie, la soci\u00e9t\u00e9 et les analyses politiques. Le site s\u2019adresse \u00e0 un large public francophone et couvre l\u2019information tunisienne en temps r\u00e9el.\",\"email\":\"redac@webdo.tn\",\"legalName\":\"YNJ SARL\",\"foundingDate\":\"2010-09-06\",\"numberOfEmployees\":{\"@type\":\"QuantitativeValue\",\"minValue\":\"11\",\"maxValue\":\"50\"}},{\"@type\":\"Person\",\"@id\":\"https:\\\/\\\/www.webdo.tn\\\/fr\\\/#\\\/schema\\\/person\\\/82ca085b22037d285e1a3c4b65ba5f71\",\"name\":\"KJ\",\"image\":{\"@type\":\"ImageObject\",\"inLanguage\":\"fr-FR\",\"@id\":\"https:\\\/\\\/secure.gravatar.com\\\/avatar\\\/1a1320de1c1971c893f00068f760b4113d69504aa21273da17ee95650c5944fd?s=96&d=mm&r=g\",\"url\":\"https:\\\/\\\/secure.gravatar.com\\\/avatar\\\/1a1320de1c1971c893f00068f760b4113d69504aa21273da17ee95650c5944fd?s=96&d=mm&r=g\",\"contentUrl\":\"https:\\\/\\\/secure.gravatar.com\\\/avatar\\\/1a1320de1c1971c893f00068f760b4113d69504aa21273da17ee95650c5944fd?s=96&d=mm&r=g\",\"caption\":\"KJ\"},\"url\":\"https:\\\/\\\/www.webdo.tn\\\/fr\\\/actualite\\\/author\\\/kj\\\/\"}]}<\/script>\n<!-- \/ Yoast SEO Premium plugin. -->","yoast_head_json":{"title":"Tunisie - Cr\u00e9ateurs de contenu : Des sanctions alternatives envisag\u00e9es ?","description":"S\u2019exprimant sur les ondes de Mosa\u00efque FM, il a pr\u00e9cis\u00e9 dans ce contexte que le tribunal a appliqu\u00e9 les peines les plus s\u00e9v\u00e8res dans les affaires concernant les...","canonical":"https:\/\/www.webdo.tn\/fr\/actualite\/national\/createurs-de-contenu-des-sanctions-alternatives-envisagees\/217431\/","og_locale":"fr_FR","og_type":"article","og_title":"Tunisie - Cr\u00e9ateurs de contenu : Des sanctions alternatives envisag\u00e9es ?","og_description":"S\u2019exprimant sur les ondes de Mosa\u00efque FM, il a pr\u00e9cis\u00e9 dans ce contexte que le tribunal a appliqu\u00e9 les peines les plus s\u00e9v\u00e8res dans les affaires concernant les...","og_url":"https:\/\/www.webdo.tn\/fr\/actualite\/national\/createurs-de-contenu-des-sanctions-alternatives-envisagees\/217431\/","og_site_name":"webdo","article_publisher":"https:\/\/www.facebook.com\/webdotn","article_published_time":"2024-11-06T14:24:00+00:00","article_modified_time":"2025-05-20T22:21:43+00:00","og_image":[{"width":750,"height":400,"url":"https:\/\/www.webdo.tn\/fr\/wp-content\/uploads\/2024\/11\/fda1c8d3869cf33ed7c536df298428ef.webp","type":"image\/webp"}],"author":"KJ","twitter_card":"summary_large_image","twitter_creator":"@webdo_tn","twitter_site":"@webdo_tn","twitter_misc":{"\u00c9crit par":"KJ","Dur\u00e9e de lecture estim\u00e9e":"1 minute"},"schema":{"@context":"https:\/\/schema.org","@graph":[{"@type":"NewsArticle","@id":"https:\/\/www.webdo.tn\/fr\/actualite\/national\/createurs-de-contenu-des-sanctions-alternatives-envisagees\/217431\/#article","isPartOf":{"@id":"https:\/\/www.webdo.tn\/fr\/actualite\/national\/createurs-de-contenu-des-sanctions-alternatives-envisagees\/217431\/"},"author":{"name":"KJ","@id":"https:\/\/www.webdo.tn\/fr\/#\/schema\/person\/82ca085b22037d285e1a3c4b65ba5f71"},"headline":"Tunisie &#8211; Cr\u00e9ateurs de contenu : Des sanctions alternatives envisag\u00e9es ?","datePublished":"2024-11-06T14:24:00+00:00","dateModified":"2025-05-20T22:21:43+00:00","mainEntityOfPage":{"@id":"https:\/\/www.webdo.tn\/fr\/actualite\/national\/createurs-de-contenu-des-sanctions-alternatives-envisagees\/217431\/"},"wordCount":262,"commentCount":0,"publisher":{"@id":"https:\/\/www.webdo.tn\/fr\/#organization"},"image":{"@id":"https:\/\/www.webdo.tn\/fr\/actualite\/national\/createurs-de-contenu-des-sanctions-alternatives-envisagees\/217431\/#primaryimage"},"thumbnailUrl":"https:\/\/www.webdo.tn\/fr\/wp-content\/uploads\/2024\/11\/fda1c8d3869cf33ed7c536df298428ef.webp","keywords":["cr\u00e9ateurs de contenu","justice","sanctions","Tunisie"],"articleSection":["National"],"inLanguage":"fr-FR"},{"@type":"WebPage","@id":"https:\/\/www.webdo.tn\/fr\/actualite\/national\/createurs-de-contenu-des-sanctions-alternatives-envisagees\/217431\/","url":"https:\/\/www.webdo.tn\/fr\/actualite\/national\/createurs-de-contenu-des-sanctions-alternatives-envisagees\/217431\/","name":"Tunisie - Cr\u00e9ateurs de contenu : Des sanctions alternatives envisag\u00e9es ?","isPartOf":{"@id":"https:\/\/www.webdo.tn\/fr\/#website"},"primaryImageOfPage":{"@id":"https:\/\/www.webdo.tn\/fr\/actualite\/national\/createurs-de-contenu-des-sanctions-alternatives-envisagees\/217431\/#primaryimage"},"image":{"@id":"https:\/\/www.webdo.tn\/fr\/actualite\/national\/createurs-de-contenu-des-sanctions-alternatives-envisagees\/217431\/#primaryimage"},"thumbnailUrl":"https:\/\/www.webdo.tn\/fr\/wp-content\/uploads\/2024\/11\/fda1c8d3869cf33ed7c536df298428ef.webp","datePublished":"2024-11-06T14:24:00+00:00","dateModified":"2025-05-20T22:21:43+00:00","description":"S\u2019exprimant sur les ondes de Mosa\u00efque FM, il a pr\u00e9cis\u00e9 dans ce contexte que le tribunal a appliqu\u00e9 les peines les plus s\u00e9v\u00e8res dans les affaires concernant les...","breadcrumb":{"@id":"https:\/\/www.webdo.tn\/fr\/actualite\/national\/createurs-de-contenu-des-sanctions-alternatives-envisagees\/217431\/#breadcrumb"},"inLanguage":"fr-FR","potentialAction":[{"@type":"ReadAction","target":["https:\/\/www.webdo.tn\/fr\/actualite\/national\/createurs-de-contenu-des-sanctions-alternatives-envisagees\/217431\/"]}]},{"@type":"ImageObject","inLanguage":"fr-FR","@id":"https:\/\/www.webdo.tn\/fr\/actualite\/national\/createurs-de-contenu-des-sanctions-alternatives-envisagees\/217431\/#primaryimage","url":"https:\/\/www.webdo.tn\/fr\/wp-content\/uploads\/2024\/11\/fda1c8d3869cf33ed7c536df298428ef.webp","contentUrl":"https:\/\/www.webdo.tn\/fr\/wp-content\/uploads\/2024\/11\/fda1c8d3869cf33ed7c536df298428ef.webp","width":750,"height":400,"caption":"Tunisie - Cr\u00e9ateurs de contenu : Des sanctions alternatives envisag\u00e9es ?"},{"@type":"BreadcrumbList","@id":"https:\/\/www.webdo.tn\/fr\/actualite\/national\/createurs-de-contenu-des-sanctions-alternatives-envisagees\/217431\/#breadcrumb","itemListElement":[{"@type":"ListItem","position":1,"name":"Accueil","item":"https:\/\/www.webdo.tn\/fr\/"},{"@type":"ListItem","position":2,"name":"Tunisie &#8211; Cr\u00e9ateurs de contenu : Des sanctions alternatives envisag\u00e9es ?"}]},{"@type":"WebSite","@id":"https:\/\/www.webdo.tn\/fr\/#website","url":"https:\/\/www.webdo.tn\/fr\/","name":"webdo","description":"Tunisie - News en Tunisie et \u00e0 l&#039;international sur Webdo.tn","publisher":{"@id":"https:\/\/www.webdo.tn\/fr\/#organization"},"potentialAction":[{"@type":"SearchAction","target":{"@type":"EntryPoint","urlTemplate":"https:\/\/www.webdo.tn\/fr\/?s={search_term_string}"},"query-input":{"@type":"PropertyValueSpecification","valueRequired":true,"valueName":"search_term_string"}}],"inLanguage":"fr-FR"},{"@type":"Organization","@id":"https:\/\/www.webdo.tn\/fr\/#organization","name":"Webdo","alternateName":"Webdo.tn","url":"https:\/\/www.webdo.tn\/fr\/","logo":{"@type":"ImageObject","inLanguage":"fr-FR","@id":"https:\/\/www.webdo.tn\/fr\/#\/schema\/logo\/image\/","url":"https:\/\/www.webdo.tn\/fr\/wp-content\/uploads\/2025\/06\/Webdo-Tunisie_168377.jpg","contentUrl":"https:\/\/www.webdo.tn\/fr\/wp-content\/uploads\/2025\/06\/Webdo-Tunisie_168377.jpg","width":301,"height":301,"caption":"Webdo"},"image":{"@id":"https:\/\/www.webdo.tn\/fr\/#\/schema\/logo\/image\/"},"sameAs":["https:\/\/www.facebook.com\/webdotn","https:\/\/x.com\/webdo_tn"],"description":"Webdo est un m\u00e9dia num\u00e9rique tunisien fond\u00e9 en 2010, sp\u00e9cialis\u00e9 dans l\u2019actualit\u00e9 nationale et internationale, l\u2019\u00e9conomie, la soci\u00e9t\u00e9 et les analyses politiques. Le site s\u2019adresse \u00e0 un large public francophone et couvre l\u2019information tunisienne en temps r\u00e9el.","email":"redac@webdo.tn","legalName":"YNJ SARL","foundingDate":"2010-09-06","numberOfEmployees":{"@type":"QuantitativeValue","minValue":"11","maxValue":"50"}},{"@type":"Person","@id":"https:\/\/www.webdo.tn\/fr\/#\/schema\/person\/82ca085b22037d285e1a3c4b65ba5f71","name":"KJ","image":{"@type":"ImageObject","inLanguage":"fr-FR","@id":"https:\/\/secure.gravatar.com\/avatar\/1a1320de1c1971c893f00068f760b4113d69504aa21273da17ee95650c5944fd?s=96&d=mm&r=g","url":"https:\/\/secure.gravatar.com\/avatar\/1a1320de1c1971c893f00068f760b4113d69504aa21273da17ee95650c5944fd?s=96&d=mm&r=g","contentUrl":"https:\/\/secure.gravatar.com\/avatar\/1a1320de1c1971c893f00068f760b4113d69504aa21273da17ee95650c5944fd?s=96&d=mm&r=g","caption":"KJ"},"url":"https:\/\/www.webdo.tn\/fr\/actualite\/author\/kj\/"}]}},"_links":{"self":[{"href":"https:\/\/www.webdo.tn\/fr\/wp-json\/wp\/v2\/posts\/217431","targetHints":{"allow":["GET"]}}],"collection":[{"href":"https:\/\/www.webdo.tn\/fr\/wp-json\/wp\/v2\/posts"}],"about":[{"href":"https:\/\/www.webdo.tn\/fr\/wp-json\/wp\/v2\/types\/post"}],"author":[{"embeddable":true,"href":"https:\/\/www.webdo.tn\/fr\/wp-json\/wp\/v2\/users\/3163"}],"replies":[{"embeddable":true,"href":"https:\/\/www.webdo.tn\/fr\/wp-json\/wp\/v2\/comments?post=217431"}],"version-history":[{"count":0,"href":"https:\/\/www.webdo.tn\/fr\/wp-json\/wp\/v2\/posts\/217431\/revisions"}],"wp:featuredmedia":[{"embeddable":true,"href":"https:\/\/www.webdo.tn\/fr\/wp-json\/wp\/v2\/media\/291287"}],"wp:attachment":[{"href":"https:\/\/www.webdo.tn\/fr\/wp-json\/wp\/v2\/media?parent=217431"}],"wp:term":[{"taxonomy":"category","embeddable":true,"href":"https:\/\/www.webdo.tn\/fr\/wp-json\/wp\/v2\/categories?post=217431"},{"taxonomy":"post_tag","embeddable":true,"href":"https:\/\/www.webdo.tn\/fr\/wp-json\/wp\/v2\/tags?post=217431"}],"curies":[{"name":"wp","href":"https:\/\/api.w.org\/{rel}","templated":true}]}}