{"id":217430,"date":"2024-11-06T13:18:00","date_gmt":"2024-11-06T13:18:00","guid":{"rendered":"https:\/\/www.webdo.tn\/fr\/blog\/ounaies-sur-la-reelection-de-trump-le-monde-arabe-craint-une-tempete\/217430\/"},"modified":"2025-05-20T22:21:43","modified_gmt":"2025-05-20T22:21:43","slug":"ounaies-sur-la-reelection-de-trump-le-monde-arabe-craint-une-tempete","status":"publish","type":"post","link":"https:\/\/www.webdo.tn\/fr\/actualite\/international\/ounaies-sur-la-reelection-de-trump-le-monde-arabe-craint-une-tempete\/217430\/","title":{"rendered":"Ounaies sur la r\u00e9\u00e9lection de Trump : \u00ab Le monde arabe craint une temp\u00eate \u00bb"},"content":{"rendered":"<p>L&rsquo;ancien ministre des Affaires \u00e9trang\u00e8res Ahmed Ounaies a comment\u00e9 la r\u00e9\u00e9lection de Donald Trump \u00e0 la pr\u00e9sidence des \u00c9tats-Unis.\u00a0<\/p>\n<p>S\u2019exprimant sur les ondes de Mosa\u00efque FM, il a estim\u00e9 que \u00able monde entre dans une phase de d\u00e9clin d&rsquo;un syst\u00e8me mondial fond\u00e9 sur les principes de droit et les valeurs morales reposant sur une conception unifi\u00e9e de l\u2019humanit\u00e9.\u00bb<\/p>\n<p>Ounaies a ajout\u00e9 que Trump et l\u2019extr\u00eame droite dans les capitales occidentales ne croient pas en une vision unique de l\u2019humanit\u00e9, mais pr\u00f4nent plut\u00f4t la sup\u00e9riorit\u00e9 de ceux qui ont r\u00e9ussi mat\u00e9riellement et qui se consid\u00e8rent en droit de dominer ceux qui n&rsquo;ont pas les moyens mat\u00e9riels de se d\u00e9fendre.<\/p>\n<p>Il a soulign\u00e9 qu\u2019on ne peut ignorer que Donald Trump a, par d\u00e9cision personnelle, reconnu Al-Quds comme capitale d\u2019Isra\u00ebl et sign\u00e9 une d\u00e9claration reconnaissant la souverainet\u00e9 d&rsquo;Isra\u00ebl sur le plateau du Golan syrien, occup\u00e9 en 1967 et annex\u00e9 en 1981. Il a affirm\u00e9 que Trump continuera dans cette voie sans retour.<\/p>\n<p>L\u2019ancien ministre tunisien des Affaires \u00e9trang\u00e8res a pr\u00e9cis\u00e9 que la nation arabe craint cette temp\u00eate qui menace notre communaut\u00e9, nos droits, nos terres et s\u2019en prend \u00e0 la culture des principes, des valeurs et de la morale consacr\u00e9s dans la Charte des Nations Unies.<\/p>\n<p>Il a expliqu\u00e9 que le monde entre dans une nouvelle \u00e8re de civilisation humaine et de culture politique, diff\u00e9rente de celle instaur\u00e9e apr\u00e8s 1945 avec la Charte des Nations Unies. Le choix de Trump impacte non seulement les Am\u00e9ricains, mais bien le syst\u00e8me mondial tout entier, \u00e9tant donn\u00e9 le pouvoir des \u00c9tats-Unis d\u2019influencer non seulement leur environnement r\u00e9gional, mais \u00e9galement le monde entier.<\/p>\n<p>L&rsquo;ancien diplomate a insist\u00e9 sur la n\u00e9cessit\u00e9 pour le groupe arabe de se mobiliser plus que jamais pour r\u00e9sister \u00e0 l&rsquo;occupation isra\u00e9lienne et \u00e0 la politique de violence et de n\u00e9gation des valeurs, non seulement dans notre r\u00e9gion, mais dans le monde entier.<\/p>\n","protected":false},"excerpt":{"rendered":"<p>S\u2019exprimant sur les ondes de Mosa\u00efque FM, il a estim\u00e9 que \u00able monde entre dans une phase de d\u00e9clin d&rsquo;un syst\u00e8me mondial fond\u00e9 sur les principes de droit et les&#8230;<\/p>\n","protected":false},"author":3163,"featured_media":291285,"comment_status":"open","ping_status":"closed","sticky":false,"template":"","format":"standard","meta":{"footnotes":""},"categories":[2598],"tags":[9285,2990,3309,3061],"class_list":["post-217430","post","type-post","status-publish","format-standard","has-post-thumbnail","hentry","category-international","tag-arabe","tag-diplomatie","tag-trump","tag-usa"],"yoast_head":"<!-- This site is optimized with the Yoast SEO Premium plugin v27.5 (Yoast SEO v27.5) - https:\/\/yoast.com\/product\/yoast-seo-premium-wordpress\/ -->\n<title>Ounaies sur la r\u00e9\u00e9lection de Trump : \u00ab Le monde arabe craint une temp\u00eate \u00bb<\/title>\n<meta name=\"description\" content=\"S\u2019exprimant sur les ondes de Mosa\u00efque FM, il a estim\u00e9 que \u00able monde entre dans une phase de d\u00e9clin d&#039;un syst\u00e8me mondial fond\u00e9 sur les principes de droit et les...\" \/>\n<link rel=\"canonical\" href=\"https:\/\/www.webdo.tn\/fr\/actualite\/international\/ounaies-sur-la-reelection-de-trump-le-monde-arabe-craint-une-tempete\/217430\/\" \/>\n<meta property=\"og:locale\" content=\"fr_FR\" \/>\n<meta property=\"og:type\" content=\"article\" \/>\n<meta property=\"og:title\" content=\"Ounaies sur la r\u00e9\u00e9lection de Trump : \u00ab Le monde arabe craint une temp\u00eate \u00bb\" \/>\n<meta property=\"og:description\" content=\"S\u2019exprimant sur les ondes de Mosa\u00efque FM, il a estim\u00e9 que \u00able monde entre dans une phase de d\u00e9clin d&#039;un syst\u00e8me mondial fond\u00e9 sur les principes de droit et les...\" \/>\n<meta property=\"og:url\" content=\"https:\/\/www.webdo.tn\/fr\/actualite\/international\/ounaies-sur-la-reelection-de-trump-le-monde-arabe-craint-une-tempete\/217430\/\" \/>\n<meta property=\"og:site_name\" content=\"webdo\" \/>\n<meta property=\"article:publisher\" content=\"https:\/\/www.facebook.com\/webdotn\" \/>\n<meta property=\"article:published_time\" content=\"2024-11-06T13:18:00+00:00\" \/>\n<meta property=\"article:modified_time\" content=\"2025-05-20T22:21:43+00:00\" \/>\n<meta property=\"og:image\" content=\"https:\/\/www.webdo.tn\/fr\/wp-content\/uploads\/2024\/11\/8f09963a7fb536886b09cbe5831f6f07.webp\" \/>\n\t<meta property=\"og:image:width\" content=\"750\" \/>\n\t<meta property=\"og:image:height\" content=\"400\" \/>\n\t<meta property=\"og:image:type\" content=\"image\/webp\" \/>\n<meta name=\"author\" content=\"KJ\" \/>\n<meta name=\"twitter:card\" content=\"summary_large_image\" \/>\n<meta name=\"twitter:creator\" content=\"@webdo_tn\" \/>\n<meta name=\"twitter:site\" content=\"@webdo_tn\" \/>\n<meta name=\"twitter:label1\" content=\"\u00c9crit par\" \/>\n\t<meta name=\"twitter:data1\" content=\"KJ\" \/>\n\t<meta name=\"twitter:label2\" content=\"Dur\u00e9e de lecture estim\u00e9e\" \/>\n\t<meta name=\"twitter:data2\" content=\"2 minutes\" \/>\n<script type=\"application\/ld+json\" class=\"yoast-schema-graph\">{\"@context\":\"https:\\\/\\\/schema.org\",\"@graph\":[{\"@type\":\"NewsArticle\",\"@id\":\"https:\\\/\\\/www.webdo.tn\\\/fr\\\/actualite\\\/international\\\/ounaies-sur-la-reelection-de-trump-le-monde-arabe-craint-une-tempete\\\/217430\\\/#article\",\"isPartOf\":{\"@id\":\"https:\\\/\\\/www.webdo.tn\\\/fr\\\/actualite\\\/international\\\/ounaies-sur-la-reelection-de-trump-le-monde-arabe-craint-une-tempete\\\/217430\\\/\"},\"author\":{\"name\":\"KJ\",\"@id\":\"https:\\\/\\\/www.webdo.tn\\\/fr\\\/#\\\/schema\\\/person\\\/82ca085b22037d285e1a3c4b65ba5f71\"},\"headline\":\"Ounaies sur la r\u00e9\u00e9lection de Trump : \u00ab Le monde arabe craint une temp\u00eate \u00bb\",\"datePublished\":\"2024-11-06T13:18:00+00:00\",\"dateModified\":\"2025-05-20T22:21:43+00:00\",\"mainEntityOfPage\":{\"@id\":\"https:\\\/\\\/www.webdo.tn\\\/fr\\\/actualite\\\/international\\\/ounaies-sur-la-reelection-de-trump-le-monde-arabe-craint-une-tempete\\\/217430\\\/\"},\"wordCount\":366,\"commentCount\":0,\"publisher\":{\"@id\":\"https:\\\/\\\/www.webdo.tn\\\/fr\\\/#organization\"},\"image\":{\"@id\":\"https:\\\/\\\/www.webdo.tn\\\/fr\\\/actualite\\\/international\\\/ounaies-sur-la-reelection-de-trump-le-monde-arabe-craint-une-tempete\\\/217430\\\/#primaryimage\"},\"thumbnailUrl\":\"https:\\\/\\\/www.webdo.tn\\\/fr\\\/wp-content\\\/uploads\\\/2024\\\/11\\\/8f09963a7fb536886b09cbe5831f6f07.webp\",\"keywords\":[\"arabe\",\"Diplomatie\",\"trump\",\"USA\"],\"articleSection\":[\"International\"],\"inLanguage\":\"fr-FR\"},{\"@type\":\"WebPage\",\"@id\":\"https:\\\/\\\/www.webdo.tn\\\/fr\\\/actualite\\\/international\\\/ounaies-sur-la-reelection-de-trump-le-monde-arabe-craint-une-tempete\\\/217430\\\/\",\"url\":\"https:\\\/\\\/www.webdo.tn\\\/fr\\\/actualite\\\/international\\\/ounaies-sur-la-reelection-de-trump-le-monde-arabe-craint-une-tempete\\\/217430\\\/\",\"name\":\"Ounaies sur la r\u00e9\u00e9lection de Trump : \u00ab Le monde arabe craint une temp\u00eate \u00bb\",\"isPartOf\":{\"@id\":\"https:\\\/\\\/www.webdo.tn\\\/fr\\\/#website\"},\"primaryImageOfPage\":{\"@id\":\"https:\\\/\\\/www.webdo.tn\\\/fr\\\/actualite\\\/international\\\/ounaies-sur-la-reelection-de-trump-le-monde-arabe-craint-une-tempete\\\/217430\\\/#primaryimage\"},\"image\":{\"@id\":\"https:\\\/\\\/www.webdo.tn\\\/fr\\\/actualite\\\/international\\\/ounaies-sur-la-reelection-de-trump-le-monde-arabe-craint-une-tempete\\\/217430\\\/#primaryimage\"},\"thumbnailUrl\":\"https:\\\/\\\/www.webdo.tn\\\/fr\\\/wp-content\\\/uploads\\\/2024\\\/11\\\/8f09963a7fb536886b09cbe5831f6f07.webp\",\"datePublished\":\"2024-11-06T13:18:00+00:00\",\"dateModified\":\"2025-05-20T22:21:43+00:00\",\"description\":\"S\u2019exprimant sur les ondes de Mosa\u00efque FM, il a estim\u00e9 que \u00able monde entre dans une phase de d\u00e9clin d'un syst\u00e8me mondial fond\u00e9 sur les principes de droit et les...\",\"breadcrumb\":{\"@id\":\"https:\\\/\\\/www.webdo.tn\\\/fr\\\/actualite\\\/international\\\/ounaies-sur-la-reelection-de-trump-le-monde-arabe-craint-une-tempete\\\/217430\\\/#breadcrumb\"},\"inLanguage\":\"fr-FR\",\"potentialAction\":[{\"@type\":\"ReadAction\",\"target\":[\"https:\\\/\\\/www.webdo.tn\\\/fr\\\/actualite\\\/international\\\/ounaies-sur-la-reelection-de-trump-le-monde-arabe-craint-une-tempete\\\/217430\\\/\"]}]},{\"@type\":\"ImageObject\",\"inLanguage\":\"fr-FR\",\"@id\":\"https:\\\/\\\/www.webdo.tn\\\/fr\\\/actualite\\\/international\\\/ounaies-sur-la-reelection-de-trump-le-monde-arabe-craint-une-tempete\\\/217430\\\/#primaryimage\",\"url\":\"https:\\\/\\\/www.webdo.tn\\\/fr\\\/wp-content\\\/uploads\\\/2024\\\/11\\\/8f09963a7fb536886b09cbe5831f6f07.webp\",\"contentUrl\":\"https:\\\/\\\/www.webdo.tn\\\/fr\\\/wp-content\\\/uploads\\\/2024\\\/11\\\/8f09963a7fb536886b09cbe5831f6f07.webp\",\"width\":750,\"height\":400,\"caption\":\"Ounaies sur la r\u00e9\u00e9lection de Trump : \u00ab Le monde arabe craint une temp\u00eate \u00bb\"},{\"@type\":\"BreadcrumbList\",\"@id\":\"https:\\\/\\\/www.webdo.tn\\\/fr\\\/actualite\\\/international\\\/ounaies-sur-la-reelection-de-trump-le-monde-arabe-craint-une-tempete\\\/217430\\\/#breadcrumb\",\"itemListElement\":[{\"@type\":\"ListItem\",\"position\":1,\"name\":\"Accueil\",\"item\":\"https:\\\/\\\/www.webdo.tn\\\/fr\\\/\"},{\"@type\":\"ListItem\",\"position\":2,\"name\":\"Ounaies sur la r\u00e9\u00e9lection de Trump : \u00ab Le monde arabe craint une temp\u00eate \u00bb\"}]},{\"@type\":\"WebSite\",\"@id\":\"https:\\\/\\\/www.webdo.tn\\\/fr\\\/#website\",\"url\":\"https:\\\/\\\/www.webdo.tn\\\/fr\\\/\",\"name\":\"webdo\",\"description\":\"Tunisie - News en Tunisie et \u00e0 l&#039;international sur Webdo.tn\",\"publisher\":{\"@id\":\"https:\\\/\\\/www.webdo.tn\\\/fr\\\/#organization\"},\"potentialAction\":[{\"@type\":\"SearchAction\",\"target\":{\"@type\":\"EntryPoint\",\"urlTemplate\":\"https:\\\/\\\/www.webdo.tn\\\/fr\\\/?s={search_term_string}\"},\"query-input\":{\"@type\":\"PropertyValueSpecification\",\"valueRequired\":true,\"valueName\":\"search_term_string\"}}],\"inLanguage\":\"fr-FR\"},{\"@type\":\"Organization\",\"@id\":\"https:\\\/\\\/www.webdo.tn\\\/fr\\\/#organization\",\"name\":\"Webdo\",\"alternateName\":\"Webdo.tn\",\"url\":\"https:\\\/\\\/www.webdo.tn\\\/fr\\\/\",\"logo\":{\"@type\":\"ImageObject\",\"inLanguage\":\"fr-FR\",\"@id\":\"https:\\\/\\\/www.webdo.tn\\\/fr\\\/#\\\/schema\\\/logo\\\/image\\\/\",\"url\":\"https:\\\/\\\/www.webdo.tn\\\/fr\\\/wp-content\\\/uploads\\\/2025\\\/06\\\/Webdo-Tunisie_168377.jpg\",\"contentUrl\":\"https:\\\/\\\/www.webdo.tn\\\/fr\\\/wp-content\\\/uploads\\\/2025\\\/06\\\/Webdo-Tunisie_168377.jpg\",\"width\":301,\"height\":301,\"caption\":\"Webdo\"},\"image\":{\"@id\":\"https:\\\/\\\/www.webdo.tn\\\/fr\\\/#\\\/schema\\\/logo\\\/image\\\/\"},\"sameAs\":[\"https:\\\/\\\/www.facebook.com\\\/webdotn\",\"https:\\\/\\\/x.com\\\/webdo_tn\"],\"description\":\"Webdo est un m\u00e9dia num\u00e9rique tunisien fond\u00e9 en 2010, sp\u00e9cialis\u00e9 dans l\u2019actualit\u00e9 nationale et internationale, l\u2019\u00e9conomie, la soci\u00e9t\u00e9 et les analyses politiques. Le site s\u2019adresse \u00e0 un large public francophone et couvre l\u2019information tunisienne en temps r\u00e9el.\",\"email\":\"redac@webdo.tn\",\"legalName\":\"YNJ SARL\",\"foundingDate\":\"2010-09-06\",\"numberOfEmployees\":{\"@type\":\"QuantitativeValue\",\"minValue\":\"11\",\"maxValue\":\"50\"}},{\"@type\":\"Person\",\"@id\":\"https:\\\/\\\/www.webdo.tn\\\/fr\\\/#\\\/schema\\\/person\\\/82ca085b22037d285e1a3c4b65ba5f71\",\"name\":\"KJ\",\"image\":{\"@type\":\"ImageObject\",\"inLanguage\":\"fr-FR\",\"@id\":\"https:\\\/\\\/secure.gravatar.com\\\/avatar\\\/1a1320de1c1971c893f00068f760b4113d69504aa21273da17ee95650c5944fd?s=96&d=mm&r=g\",\"url\":\"https:\\\/\\\/secure.gravatar.com\\\/avatar\\\/1a1320de1c1971c893f00068f760b4113d69504aa21273da17ee95650c5944fd?s=96&d=mm&r=g\",\"contentUrl\":\"https:\\\/\\\/secure.gravatar.com\\\/avatar\\\/1a1320de1c1971c893f00068f760b4113d69504aa21273da17ee95650c5944fd?s=96&d=mm&r=g\",\"caption\":\"KJ\"},\"url\":\"https:\\\/\\\/www.webdo.tn\\\/fr\\\/actualite\\\/author\\\/kj\\\/\"}]}<\/script>\n<!-- \/ Yoast SEO Premium plugin. -->","yoast_head_json":{"title":"Ounaies sur la r\u00e9\u00e9lection de Trump : \u00ab Le monde arabe craint une temp\u00eate \u00bb","description":"S\u2019exprimant sur les ondes de Mosa\u00efque FM, il a estim\u00e9 que \u00able monde entre dans une phase de d\u00e9clin d'un syst\u00e8me mondial fond\u00e9 sur les principes de droit et les...","canonical":"https:\/\/www.webdo.tn\/fr\/actualite\/international\/ounaies-sur-la-reelection-de-trump-le-monde-arabe-craint-une-tempete\/217430\/","og_locale":"fr_FR","og_type":"article","og_title":"Ounaies sur la r\u00e9\u00e9lection de Trump : \u00ab Le monde arabe craint une temp\u00eate \u00bb","og_description":"S\u2019exprimant sur les ondes de Mosa\u00efque FM, il a estim\u00e9 que \u00able monde entre dans une phase de d\u00e9clin d'un syst\u00e8me mondial fond\u00e9 sur les principes de droit et les...","og_url":"https:\/\/www.webdo.tn\/fr\/actualite\/international\/ounaies-sur-la-reelection-de-trump-le-monde-arabe-craint-une-tempete\/217430\/","og_site_name":"webdo","article_publisher":"https:\/\/www.facebook.com\/webdotn","article_published_time":"2024-11-06T13:18:00+00:00","article_modified_time":"2025-05-20T22:21:43+00:00","og_image":[{"width":750,"height":400,"url":"https:\/\/www.webdo.tn\/fr\/wp-content\/uploads\/2024\/11\/8f09963a7fb536886b09cbe5831f6f07.webp","type":"image\/webp"}],"author":"KJ","twitter_card":"summary_large_image","twitter_creator":"@webdo_tn","twitter_site":"@webdo_tn","twitter_misc":{"\u00c9crit par":"KJ","Dur\u00e9e de lecture estim\u00e9e":"2 minutes"},"schema":{"@context":"https:\/\/schema.org","@graph":[{"@type":"NewsArticle","@id":"https:\/\/www.webdo.tn\/fr\/actualite\/international\/ounaies-sur-la-reelection-de-trump-le-monde-arabe-craint-une-tempete\/217430\/#article","isPartOf":{"@id":"https:\/\/www.webdo.tn\/fr\/actualite\/international\/ounaies-sur-la-reelection-de-trump-le-monde-arabe-craint-une-tempete\/217430\/"},"author":{"name":"KJ","@id":"https:\/\/www.webdo.tn\/fr\/#\/schema\/person\/82ca085b22037d285e1a3c4b65ba5f71"},"headline":"Ounaies sur la r\u00e9\u00e9lection de Trump : \u00ab Le monde arabe craint une temp\u00eate \u00bb","datePublished":"2024-11-06T13:18:00+00:00","dateModified":"2025-05-20T22:21:43+00:00","mainEntityOfPage":{"@id":"https:\/\/www.webdo.tn\/fr\/actualite\/international\/ounaies-sur-la-reelection-de-trump-le-monde-arabe-craint-une-tempete\/217430\/"},"wordCount":366,"commentCount":0,"publisher":{"@id":"https:\/\/www.webdo.tn\/fr\/#organization"},"image":{"@id":"https:\/\/www.webdo.tn\/fr\/actualite\/international\/ounaies-sur-la-reelection-de-trump-le-monde-arabe-craint-une-tempete\/217430\/#primaryimage"},"thumbnailUrl":"https:\/\/www.webdo.tn\/fr\/wp-content\/uploads\/2024\/11\/8f09963a7fb536886b09cbe5831f6f07.webp","keywords":["arabe","Diplomatie","trump","USA"],"articleSection":["International"],"inLanguage":"fr-FR"},{"@type":"WebPage","@id":"https:\/\/www.webdo.tn\/fr\/actualite\/international\/ounaies-sur-la-reelection-de-trump-le-monde-arabe-craint-une-tempete\/217430\/","url":"https:\/\/www.webdo.tn\/fr\/actualite\/international\/ounaies-sur-la-reelection-de-trump-le-monde-arabe-craint-une-tempete\/217430\/","name":"Ounaies sur la r\u00e9\u00e9lection de Trump : \u00ab Le monde arabe craint une temp\u00eate \u00bb","isPartOf":{"@id":"https:\/\/www.webdo.tn\/fr\/#website"},"primaryImageOfPage":{"@id":"https:\/\/www.webdo.tn\/fr\/actualite\/international\/ounaies-sur-la-reelection-de-trump-le-monde-arabe-craint-une-tempete\/217430\/#primaryimage"},"image":{"@id":"https:\/\/www.webdo.tn\/fr\/actualite\/international\/ounaies-sur-la-reelection-de-trump-le-monde-arabe-craint-une-tempete\/217430\/#primaryimage"},"thumbnailUrl":"https:\/\/www.webdo.tn\/fr\/wp-content\/uploads\/2024\/11\/8f09963a7fb536886b09cbe5831f6f07.webp","datePublished":"2024-11-06T13:18:00+00:00","dateModified":"2025-05-20T22:21:43+00:00","description":"S\u2019exprimant sur les ondes de Mosa\u00efque FM, il a estim\u00e9 que \u00able monde entre dans une phase de d\u00e9clin d'un syst\u00e8me mondial fond\u00e9 sur les principes de droit et les...","breadcrumb":{"@id":"https:\/\/www.webdo.tn\/fr\/actualite\/international\/ounaies-sur-la-reelection-de-trump-le-monde-arabe-craint-une-tempete\/217430\/#breadcrumb"},"inLanguage":"fr-FR","potentialAction":[{"@type":"ReadAction","target":["https:\/\/www.webdo.tn\/fr\/actualite\/international\/ounaies-sur-la-reelection-de-trump-le-monde-arabe-craint-une-tempete\/217430\/"]}]},{"@type":"ImageObject","inLanguage":"fr-FR","@id":"https:\/\/www.webdo.tn\/fr\/actualite\/international\/ounaies-sur-la-reelection-de-trump-le-monde-arabe-craint-une-tempete\/217430\/#primaryimage","url":"https:\/\/www.webdo.tn\/fr\/wp-content\/uploads\/2024\/11\/8f09963a7fb536886b09cbe5831f6f07.webp","contentUrl":"https:\/\/www.webdo.tn\/fr\/wp-content\/uploads\/2024\/11\/8f09963a7fb536886b09cbe5831f6f07.webp","width":750,"height":400,"caption":"Ounaies sur la r\u00e9\u00e9lection de Trump : \u00ab Le monde arabe craint une temp\u00eate \u00bb"},{"@type":"BreadcrumbList","@id":"https:\/\/www.webdo.tn\/fr\/actualite\/international\/ounaies-sur-la-reelection-de-trump-le-monde-arabe-craint-une-tempete\/217430\/#breadcrumb","itemListElement":[{"@type":"ListItem","position":1,"name":"Accueil","item":"https:\/\/www.webdo.tn\/fr\/"},{"@type":"ListItem","position":2,"name":"Ounaies sur la r\u00e9\u00e9lection de Trump : \u00ab Le monde arabe craint une temp\u00eate \u00bb"}]},{"@type":"WebSite","@id":"https:\/\/www.webdo.tn\/fr\/#website","url":"https:\/\/www.webdo.tn\/fr\/","name":"webdo","description":"Tunisie - News en Tunisie et \u00e0 l&#039;international sur Webdo.tn","publisher":{"@id":"https:\/\/www.webdo.tn\/fr\/#organization"},"potentialAction":[{"@type":"SearchAction","target":{"@type":"EntryPoint","urlTemplate":"https:\/\/www.webdo.tn\/fr\/?s={search_term_string}"},"query-input":{"@type":"PropertyValueSpecification","valueRequired":true,"valueName":"search_term_string"}}],"inLanguage":"fr-FR"},{"@type":"Organization","@id":"https:\/\/www.webdo.tn\/fr\/#organization","name":"Webdo","alternateName":"Webdo.tn","url":"https:\/\/www.webdo.tn\/fr\/","logo":{"@type":"ImageObject","inLanguage":"fr-FR","@id":"https:\/\/www.webdo.tn\/fr\/#\/schema\/logo\/image\/","url":"https:\/\/www.webdo.tn\/fr\/wp-content\/uploads\/2025\/06\/Webdo-Tunisie_168377.jpg","contentUrl":"https:\/\/www.webdo.tn\/fr\/wp-content\/uploads\/2025\/06\/Webdo-Tunisie_168377.jpg","width":301,"height":301,"caption":"Webdo"},"image":{"@id":"https:\/\/www.webdo.tn\/fr\/#\/schema\/logo\/image\/"},"sameAs":["https:\/\/www.facebook.com\/webdotn","https:\/\/x.com\/webdo_tn"],"description":"Webdo est un m\u00e9dia num\u00e9rique tunisien fond\u00e9 en 2010, sp\u00e9cialis\u00e9 dans l\u2019actualit\u00e9 nationale et internationale, l\u2019\u00e9conomie, la soci\u00e9t\u00e9 et les analyses politiques. Le site s\u2019adresse \u00e0 un large public francophone et couvre l\u2019information tunisienne en temps r\u00e9el.","email":"redac@webdo.tn","legalName":"YNJ SARL","foundingDate":"2010-09-06","numberOfEmployees":{"@type":"QuantitativeValue","minValue":"11","maxValue":"50"}},{"@type":"Person","@id":"https:\/\/www.webdo.tn\/fr\/#\/schema\/person\/82ca085b22037d285e1a3c4b65ba5f71","name":"KJ","image":{"@type":"ImageObject","inLanguage":"fr-FR","@id":"https:\/\/secure.gravatar.com\/avatar\/1a1320de1c1971c893f00068f760b4113d69504aa21273da17ee95650c5944fd?s=96&d=mm&r=g","url":"https:\/\/secure.gravatar.com\/avatar\/1a1320de1c1971c893f00068f760b4113d69504aa21273da17ee95650c5944fd?s=96&d=mm&r=g","contentUrl":"https:\/\/secure.gravatar.com\/avatar\/1a1320de1c1971c893f00068f760b4113d69504aa21273da17ee95650c5944fd?s=96&d=mm&r=g","caption":"KJ"},"url":"https:\/\/www.webdo.tn\/fr\/actualite\/author\/kj\/"}]}},"_links":{"self":[{"href":"https:\/\/www.webdo.tn\/fr\/wp-json\/wp\/v2\/posts\/217430","targetHints":{"allow":["GET"]}}],"collection":[{"href":"https:\/\/www.webdo.tn\/fr\/wp-json\/wp\/v2\/posts"}],"about":[{"href":"https:\/\/www.webdo.tn\/fr\/wp-json\/wp\/v2\/types\/post"}],"author":[{"embeddable":true,"href":"https:\/\/www.webdo.tn\/fr\/wp-json\/wp\/v2\/users\/3163"}],"replies":[{"embeddable":true,"href":"https:\/\/www.webdo.tn\/fr\/wp-json\/wp\/v2\/comments?post=217430"}],"version-history":[{"count":0,"href":"https:\/\/www.webdo.tn\/fr\/wp-json\/wp\/v2\/posts\/217430\/revisions"}],"wp:featuredmedia":[{"embeddable":true,"href":"https:\/\/www.webdo.tn\/fr\/wp-json\/wp\/v2\/media\/291285"}],"wp:attachment":[{"href":"https:\/\/www.webdo.tn\/fr\/wp-json\/wp\/v2\/media?parent=217430"}],"wp:term":[{"taxonomy":"category","embeddable":true,"href":"https:\/\/www.webdo.tn\/fr\/wp-json\/wp\/v2\/categories?post=217430"},{"taxonomy":"post_tag","embeddable":true,"href":"https:\/\/www.webdo.tn\/fr\/wp-json\/wp\/v2\/tags?post=217430"}],"curies":[{"name":"wp","href":"https:\/\/api.w.org\/{rel}","templated":true}]}}