{"id":217413,"date":"2024-11-06T08:51:00","date_gmt":"2024-11-06T08:51:00","guid":{"rendered":"https:\/\/www.webdo.tn\/fr\/blog\/elections-americaines-trump-aux-portes-de-la-maison-blanche\/217413\/"},"modified":"2025-05-20T22:21:41","modified_gmt":"2025-05-20T22:21:41","slug":"elections-americaines-trump-aux-portes-de-la-maison-blanche","status":"publish","type":"post","link":"https:\/\/www.webdo.tn\/fr\/actualite\/international\/elections-americaines-trump-aux-portes-de-la-maison-blanche\/217413\/","title":{"rendered":"Elections am\u00e9ricaines : Trump aux portes de la Maison Blanche"},"content":{"rendered":"<p>Donald Trump vient de revendiquer sa victoire aux \u00e9lections pr\u00e9sidentielles am\u00e9ricaines lors d\u2019une prise de parole \u00e0 l\u2019issue du scrutin \u00e0 West Palm Beach, en Floride, et alors que la cha\u00eene Fox News l\u2019a proclam\u00e9 vainqueur.<\/p>\n<p>\t\t\t\t\t\t\t\t\t\u00abNous avons \u00e9crit l\u2019Histoire\u00bb, a lanc\u00e9 mercredi Donald Trump devant ses partisans. Le candidat r\u00e9publicain a promis d\u2019\u00abaider notre pays \u00e0 gu\u00e9rir\u00bb, dans ses premiers mots apr\u00e8s cette \u00e9lection presque certaine. \u00ab\u00a0C&rsquo;est une victoire politique jamais vue dans notre pays\u00a0\u00bb, a-t-il insist\u00e9.<\/p>\n<p>Il faut savoir que si les r\u00e9sultats n\u2019ont pas \u00e9t\u00e9 annonc\u00e9s officiellement, le candidat r\u00e9publicain a \u00e9t\u00e9 donn\u00e9 vainqueur en G\u00e9orgie, en Caroline du Nord et surtout en Pennsylvanie, le plus crucial des sept Etats d\u00e9cisifs les \u00ab Swing States \u00bb face \u00e0 sa rivale d\u00e9mocrate. Cela lui a permis d&rsquo;obtenir 266 grands \u00e9lecteurs, sur les 270 n\u00e9cessaires pour devenir pr\u00e9sident.<\/p>\n<p>La course semble donc se terminer pour sa concurrente Kamala Harris, tant l&rsquo;\u00e9cart se creuse avec le candidat R\u00e9publicain.<\/p>\n","protected":false},"excerpt":{"rendered":"<p>Donald Trump vient de revendiquer sa victoire aux \u00e9lections pr\u00e9sidentielles am\u00e9ricaines lors d\u2019une prise de parole \u00e0 l\u2019issue du scrutin \u00e0 West Palm Beach, en Fl&#8230;<\/p>\n","protected":false},"author":3163,"featured_media":246157,"comment_status":"open","ping_status":"closed","sticky":false,"template":"","format":"standard","meta":{"footnotes":""},"categories":[2598],"tags":[2916,5173,3035,5172],"class_list":["post-217413","post","type-post","status-publish","format-standard","has-post-thumbnail","hentry","category-international","tag-donald-trump","tag-elections-americaines","tag-etats-unis","tag-kamala-harris"],"yoast_head":"<!-- This site is optimized with the Yoast SEO Premium plugin v27.5 (Yoast SEO v27.5) - https:\/\/yoast.com\/product\/yoast-seo-premium-wordpress\/ -->\n<title>Elections am\u00e9ricaines : Trump aux portes de la Maison Blanche<\/title>\n<meta name=\"description\" content=\"Donald Trump vient de revendiquer sa victoire aux \u00e9lections pr\u00e9sidentielles am\u00e9ricaines lors d\u2019une prise de parole \u00e0 l\u2019issue du scrutin \u00e0 West Palm Beach, en Fl...\" \/>\n<link rel=\"canonical\" href=\"https:\/\/www.webdo.tn\/fr\/actualite\/international\/elections-americaines-trump-aux-portes-de-la-maison-blanche\/217413\/\" \/>\n<meta property=\"og:locale\" content=\"fr_FR\" \/>\n<meta property=\"og:type\" content=\"article\" \/>\n<meta property=\"og:title\" content=\"Elections am\u00e9ricaines : Trump aux portes de la Maison Blanche\" \/>\n<meta property=\"og:description\" content=\"Donald Trump vient de revendiquer sa victoire aux \u00e9lections pr\u00e9sidentielles am\u00e9ricaines lors d\u2019une prise de parole \u00e0 l\u2019issue du scrutin \u00e0 West Palm Beach, en Fl...\" \/>\n<meta property=\"og:url\" content=\"https:\/\/www.webdo.tn\/fr\/actualite\/international\/elections-americaines-trump-aux-portes-de-la-maison-blanche\/217413\/\" \/>\n<meta property=\"og:site_name\" content=\"webdo\" \/>\n<meta property=\"article:publisher\" content=\"https:\/\/www.facebook.com\/webdotn\" \/>\n<meta property=\"article:published_time\" content=\"2024-11-06T08:51:00+00:00\" \/>\n<meta property=\"article:modified_time\" content=\"2025-05-20T22:21:41+00:00\" \/>\n<meta property=\"og:image\" content=\"https:\/\/www.webdo.tn\/fr\/wp-content\/uploads\/2024\/11\/57f59da32d455f6f78a0454a8f0505d8.webp\" \/>\n\t<meta property=\"og:image:width\" content=\"750\" \/>\n\t<meta property=\"og:image:height\" content=\"400\" \/>\n\t<meta property=\"og:image:type\" content=\"image\/webp\" \/>\n<meta name=\"author\" content=\"KJ\" \/>\n<meta name=\"twitter:card\" content=\"summary_large_image\" \/>\n<meta name=\"twitter:creator\" content=\"@webdo_tn\" \/>\n<meta name=\"twitter:site\" content=\"@webdo_tn\" \/>\n<meta name=\"twitter:label1\" content=\"\u00c9crit par\" \/>\n\t<meta name=\"twitter:data1\" content=\"KJ\" \/>\n\t<meta name=\"twitter:label2\" content=\"Dur\u00e9e de lecture estim\u00e9e\" \/>\n\t<meta name=\"twitter:data2\" content=\"1 minute\" \/>\n<script type=\"application\/ld+json\" class=\"yoast-schema-graph\">{\"@context\":\"https:\\\/\\\/schema.org\",\"@graph\":[{\"@type\":\"NewsArticle\",\"@id\":\"https:\\\/\\\/www.webdo.tn\\\/fr\\\/actualite\\\/international\\\/elections-americaines-trump-aux-portes-de-la-maison-blanche\\\/217413\\\/#article\",\"isPartOf\":{\"@id\":\"https:\\\/\\\/www.webdo.tn\\\/fr\\\/actualite\\\/international\\\/elections-americaines-trump-aux-portes-de-la-maison-blanche\\\/217413\\\/\"},\"author\":{\"name\":\"KJ\",\"@id\":\"https:\\\/\\\/www.webdo.tn\\\/fr\\\/#\\\/schema\\\/person\\\/82ca085b22037d285e1a3c4b65ba5f71\"},\"headline\":\"Elections am\u00e9ricaines : Trump aux portes de la Maison Blanche\",\"datePublished\":\"2024-11-06T08:51:00+00:00\",\"dateModified\":\"2025-05-20T22:21:41+00:00\",\"mainEntityOfPage\":{\"@id\":\"https:\\\/\\\/www.webdo.tn\\\/fr\\\/actualite\\\/international\\\/elections-americaines-trump-aux-portes-de-la-maison-blanche\\\/217413\\\/\"},\"wordCount\":184,\"commentCount\":0,\"publisher\":{\"@id\":\"https:\\\/\\\/www.webdo.tn\\\/fr\\\/#organization\"},\"image\":{\"@id\":\"https:\\\/\\\/www.webdo.tn\\\/fr\\\/actualite\\\/international\\\/elections-americaines-trump-aux-portes-de-la-maison-blanche\\\/217413\\\/#primaryimage\"},\"thumbnailUrl\":\"https:\\\/\\\/www.webdo.tn\\\/fr\\\/wp-content\\\/uploads\\\/2024\\\/11\\\/57f59da32d455f6f78a0454a8f0505d8.webp\",\"keywords\":[\"Donald Trump\",\"\u00c9lections am\u00e9ricaines\",\"Etats-Unis\",\"kamala harris\"],\"articleSection\":[\"International\"],\"inLanguage\":\"fr-FR\"},{\"@type\":\"WebPage\",\"@id\":\"https:\\\/\\\/www.webdo.tn\\\/fr\\\/actualite\\\/international\\\/elections-americaines-trump-aux-portes-de-la-maison-blanche\\\/217413\\\/\",\"url\":\"https:\\\/\\\/www.webdo.tn\\\/fr\\\/actualite\\\/international\\\/elections-americaines-trump-aux-portes-de-la-maison-blanche\\\/217413\\\/\",\"name\":\"Elections am\u00e9ricaines : Trump aux portes de la Maison Blanche\",\"isPartOf\":{\"@id\":\"https:\\\/\\\/www.webdo.tn\\\/fr\\\/#website\"},\"primaryImageOfPage\":{\"@id\":\"https:\\\/\\\/www.webdo.tn\\\/fr\\\/actualite\\\/international\\\/elections-americaines-trump-aux-portes-de-la-maison-blanche\\\/217413\\\/#primaryimage\"},\"image\":{\"@id\":\"https:\\\/\\\/www.webdo.tn\\\/fr\\\/actualite\\\/international\\\/elections-americaines-trump-aux-portes-de-la-maison-blanche\\\/217413\\\/#primaryimage\"},\"thumbnailUrl\":\"https:\\\/\\\/www.webdo.tn\\\/fr\\\/wp-content\\\/uploads\\\/2024\\\/11\\\/57f59da32d455f6f78a0454a8f0505d8.webp\",\"datePublished\":\"2024-11-06T08:51:00+00:00\",\"dateModified\":\"2025-05-20T22:21:41+00:00\",\"description\":\"Donald Trump vient de revendiquer sa victoire aux \u00e9lections pr\u00e9sidentielles am\u00e9ricaines lors d\u2019une prise de parole \u00e0 l\u2019issue du scrutin \u00e0 West Palm Beach, en Fl...\",\"breadcrumb\":{\"@id\":\"https:\\\/\\\/www.webdo.tn\\\/fr\\\/actualite\\\/international\\\/elections-americaines-trump-aux-portes-de-la-maison-blanche\\\/217413\\\/#breadcrumb\"},\"inLanguage\":\"fr-FR\",\"potentialAction\":[{\"@type\":\"ReadAction\",\"target\":[\"https:\\\/\\\/www.webdo.tn\\\/fr\\\/actualite\\\/international\\\/elections-americaines-trump-aux-portes-de-la-maison-blanche\\\/217413\\\/\"]}]},{\"@type\":\"ImageObject\",\"inLanguage\":\"fr-FR\",\"@id\":\"https:\\\/\\\/www.webdo.tn\\\/fr\\\/actualite\\\/international\\\/elections-americaines-trump-aux-portes-de-la-maison-blanche\\\/217413\\\/#primaryimage\",\"url\":\"https:\\\/\\\/www.webdo.tn\\\/fr\\\/wp-content\\\/uploads\\\/2024\\\/11\\\/57f59da32d455f6f78a0454a8f0505d8.webp\",\"contentUrl\":\"https:\\\/\\\/www.webdo.tn\\\/fr\\\/wp-content\\\/uploads\\\/2024\\\/11\\\/57f59da32d455f6f78a0454a8f0505d8.webp\",\"width\":750,\"height\":400,\"caption\":\"Elections am\u00e9ricaines : Trump aux portes de la Maison Blanche\"},{\"@type\":\"BreadcrumbList\",\"@id\":\"https:\\\/\\\/www.webdo.tn\\\/fr\\\/actualite\\\/international\\\/elections-americaines-trump-aux-portes-de-la-maison-blanche\\\/217413\\\/#breadcrumb\",\"itemListElement\":[{\"@type\":\"ListItem\",\"position\":1,\"name\":\"Accueil\",\"item\":\"https:\\\/\\\/www.webdo.tn\\\/fr\\\/\"},{\"@type\":\"ListItem\",\"position\":2,\"name\":\"Elections am\u00e9ricaines : Trump aux portes de la Maison Blanche\"}]},{\"@type\":\"WebSite\",\"@id\":\"https:\\\/\\\/www.webdo.tn\\\/fr\\\/#website\",\"url\":\"https:\\\/\\\/www.webdo.tn\\\/fr\\\/\",\"name\":\"webdo\",\"description\":\"Tunisie - News en Tunisie et \u00e0 l&#039;international sur Webdo.tn\",\"publisher\":{\"@id\":\"https:\\\/\\\/www.webdo.tn\\\/fr\\\/#organization\"},\"potentialAction\":[{\"@type\":\"SearchAction\",\"target\":{\"@type\":\"EntryPoint\",\"urlTemplate\":\"https:\\\/\\\/www.webdo.tn\\\/fr\\\/?s={search_term_string}\"},\"query-input\":{\"@type\":\"PropertyValueSpecification\",\"valueRequired\":true,\"valueName\":\"search_term_string\"}}],\"inLanguage\":\"fr-FR\"},{\"@type\":\"Organization\",\"@id\":\"https:\\\/\\\/www.webdo.tn\\\/fr\\\/#organization\",\"name\":\"Webdo\",\"alternateName\":\"Webdo.tn\",\"url\":\"https:\\\/\\\/www.webdo.tn\\\/fr\\\/\",\"logo\":{\"@type\":\"ImageObject\",\"inLanguage\":\"fr-FR\",\"@id\":\"https:\\\/\\\/www.webdo.tn\\\/fr\\\/#\\\/schema\\\/logo\\\/image\\\/\",\"url\":\"https:\\\/\\\/www.webdo.tn\\\/fr\\\/wp-content\\\/uploads\\\/2025\\\/06\\\/Webdo-Tunisie_168377.jpg\",\"contentUrl\":\"https:\\\/\\\/www.webdo.tn\\\/fr\\\/wp-content\\\/uploads\\\/2025\\\/06\\\/Webdo-Tunisie_168377.jpg\",\"width\":301,\"height\":301,\"caption\":\"Webdo\"},\"image\":{\"@id\":\"https:\\\/\\\/www.webdo.tn\\\/fr\\\/#\\\/schema\\\/logo\\\/image\\\/\"},\"sameAs\":[\"https:\\\/\\\/www.facebook.com\\\/webdotn\",\"https:\\\/\\\/x.com\\\/webdo_tn\"],\"description\":\"Webdo est un m\u00e9dia num\u00e9rique tunisien fond\u00e9 en 2010, sp\u00e9cialis\u00e9 dans l\u2019actualit\u00e9 nationale et internationale, l\u2019\u00e9conomie, la soci\u00e9t\u00e9 et les analyses politiques. Le site s\u2019adresse \u00e0 un large public francophone et couvre l\u2019information tunisienne en temps r\u00e9el.\",\"email\":\"redac@webdo.tn\",\"legalName\":\"YNJ SARL\",\"foundingDate\":\"2010-09-06\",\"numberOfEmployees\":{\"@type\":\"QuantitativeValue\",\"minValue\":\"11\",\"maxValue\":\"50\"}},{\"@type\":\"Person\",\"@id\":\"https:\\\/\\\/www.webdo.tn\\\/fr\\\/#\\\/schema\\\/person\\\/82ca085b22037d285e1a3c4b65ba5f71\",\"name\":\"KJ\",\"image\":{\"@type\":\"ImageObject\",\"inLanguage\":\"fr-FR\",\"@id\":\"https:\\\/\\\/secure.gravatar.com\\\/avatar\\\/1a1320de1c1971c893f00068f760b4113d69504aa21273da17ee95650c5944fd?s=96&d=mm&r=g\",\"url\":\"https:\\\/\\\/secure.gravatar.com\\\/avatar\\\/1a1320de1c1971c893f00068f760b4113d69504aa21273da17ee95650c5944fd?s=96&d=mm&r=g\",\"contentUrl\":\"https:\\\/\\\/secure.gravatar.com\\\/avatar\\\/1a1320de1c1971c893f00068f760b4113d69504aa21273da17ee95650c5944fd?s=96&d=mm&r=g\",\"caption\":\"KJ\"},\"url\":\"https:\\\/\\\/www.webdo.tn\\\/fr\\\/actualite\\\/author\\\/kj\\\/\"}]}<\/script>\n<!-- \/ Yoast SEO Premium plugin. -->","yoast_head_json":{"title":"Elections am\u00e9ricaines : Trump aux portes de la Maison Blanche","description":"Donald Trump vient de revendiquer sa victoire aux \u00e9lections pr\u00e9sidentielles am\u00e9ricaines lors d\u2019une prise de parole \u00e0 l\u2019issue du scrutin \u00e0 West Palm Beach, en Fl...","canonical":"https:\/\/www.webdo.tn\/fr\/actualite\/international\/elections-americaines-trump-aux-portes-de-la-maison-blanche\/217413\/","og_locale":"fr_FR","og_type":"article","og_title":"Elections am\u00e9ricaines : Trump aux portes de la Maison Blanche","og_description":"Donald Trump vient de revendiquer sa victoire aux \u00e9lections pr\u00e9sidentielles am\u00e9ricaines lors d\u2019une prise de parole \u00e0 l\u2019issue du scrutin \u00e0 West Palm Beach, en Fl...","og_url":"https:\/\/www.webdo.tn\/fr\/actualite\/international\/elections-americaines-trump-aux-portes-de-la-maison-blanche\/217413\/","og_site_name":"webdo","article_publisher":"https:\/\/www.facebook.com\/webdotn","article_published_time":"2024-11-06T08:51:00+00:00","article_modified_time":"2025-05-20T22:21:41+00:00","og_image":[{"width":750,"height":400,"url":"https:\/\/www.webdo.tn\/fr\/wp-content\/uploads\/2024\/11\/57f59da32d455f6f78a0454a8f0505d8.webp","type":"image\/webp"}],"author":"KJ","twitter_card":"summary_large_image","twitter_creator":"@webdo_tn","twitter_site":"@webdo_tn","twitter_misc":{"\u00c9crit par":"KJ","Dur\u00e9e de lecture estim\u00e9e":"1 minute"},"schema":{"@context":"https:\/\/schema.org","@graph":[{"@type":"NewsArticle","@id":"https:\/\/www.webdo.tn\/fr\/actualite\/international\/elections-americaines-trump-aux-portes-de-la-maison-blanche\/217413\/#article","isPartOf":{"@id":"https:\/\/www.webdo.tn\/fr\/actualite\/international\/elections-americaines-trump-aux-portes-de-la-maison-blanche\/217413\/"},"author":{"name":"KJ","@id":"https:\/\/www.webdo.tn\/fr\/#\/schema\/person\/82ca085b22037d285e1a3c4b65ba5f71"},"headline":"Elections am\u00e9ricaines : Trump aux portes de la Maison Blanche","datePublished":"2024-11-06T08:51:00+00:00","dateModified":"2025-05-20T22:21:41+00:00","mainEntityOfPage":{"@id":"https:\/\/www.webdo.tn\/fr\/actualite\/international\/elections-americaines-trump-aux-portes-de-la-maison-blanche\/217413\/"},"wordCount":184,"commentCount":0,"publisher":{"@id":"https:\/\/www.webdo.tn\/fr\/#organization"},"image":{"@id":"https:\/\/www.webdo.tn\/fr\/actualite\/international\/elections-americaines-trump-aux-portes-de-la-maison-blanche\/217413\/#primaryimage"},"thumbnailUrl":"https:\/\/www.webdo.tn\/fr\/wp-content\/uploads\/2024\/11\/57f59da32d455f6f78a0454a8f0505d8.webp","keywords":["Donald Trump","\u00c9lections am\u00e9ricaines","Etats-Unis","kamala harris"],"articleSection":["International"],"inLanguage":"fr-FR"},{"@type":"WebPage","@id":"https:\/\/www.webdo.tn\/fr\/actualite\/international\/elections-americaines-trump-aux-portes-de-la-maison-blanche\/217413\/","url":"https:\/\/www.webdo.tn\/fr\/actualite\/international\/elections-americaines-trump-aux-portes-de-la-maison-blanche\/217413\/","name":"Elections am\u00e9ricaines : Trump aux portes de la Maison Blanche","isPartOf":{"@id":"https:\/\/www.webdo.tn\/fr\/#website"},"primaryImageOfPage":{"@id":"https:\/\/www.webdo.tn\/fr\/actualite\/international\/elections-americaines-trump-aux-portes-de-la-maison-blanche\/217413\/#primaryimage"},"image":{"@id":"https:\/\/www.webdo.tn\/fr\/actualite\/international\/elections-americaines-trump-aux-portes-de-la-maison-blanche\/217413\/#primaryimage"},"thumbnailUrl":"https:\/\/www.webdo.tn\/fr\/wp-content\/uploads\/2024\/11\/57f59da32d455f6f78a0454a8f0505d8.webp","datePublished":"2024-11-06T08:51:00+00:00","dateModified":"2025-05-20T22:21:41+00:00","description":"Donald Trump vient de revendiquer sa victoire aux \u00e9lections pr\u00e9sidentielles am\u00e9ricaines lors d\u2019une prise de parole \u00e0 l\u2019issue du scrutin \u00e0 West Palm Beach, en Fl...","breadcrumb":{"@id":"https:\/\/www.webdo.tn\/fr\/actualite\/international\/elections-americaines-trump-aux-portes-de-la-maison-blanche\/217413\/#breadcrumb"},"inLanguage":"fr-FR","potentialAction":[{"@type":"ReadAction","target":["https:\/\/www.webdo.tn\/fr\/actualite\/international\/elections-americaines-trump-aux-portes-de-la-maison-blanche\/217413\/"]}]},{"@type":"ImageObject","inLanguage":"fr-FR","@id":"https:\/\/www.webdo.tn\/fr\/actualite\/international\/elections-americaines-trump-aux-portes-de-la-maison-blanche\/217413\/#primaryimage","url":"https:\/\/www.webdo.tn\/fr\/wp-content\/uploads\/2024\/11\/57f59da32d455f6f78a0454a8f0505d8.webp","contentUrl":"https:\/\/www.webdo.tn\/fr\/wp-content\/uploads\/2024\/11\/57f59da32d455f6f78a0454a8f0505d8.webp","width":750,"height":400,"caption":"Elections am\u00e9ricaines : Trump aux portes de la Maison Blanche"},{"@type":"BreadcrumbList","@id":"https:\/\/www.webdo.tn\/fr\/actualite\/international\/elections-americaines-trump-aux-portes-de-la-maison-blanche\/217413\/#breadcrumb","itemListElement":[{"@type":"ListItem","position":1,"name":"Accueil","item":"https:\/\/www.webdo.tn\/fr\/"},{"@type":"ListItem","position":2,"name":"Elections am\u00e9ricaines : Trump aux portes de la Maison Blanche"}]},{"@type":"WebSite","@id":"https:\/\/www.webdo.tn\/fr\/#website","url":"https:\/\/www.webdo.tn\/fr\/","name":"webdo","description":"Tunisie - News en Tunisie et \u00e0 l&#039;international sur Webdo.tn","publisher":{"@id":"https:\/\/www.webdo.tn\/fr\/#organization"},"potentialAction":[{"@type":"SearchAction","target":{"@type":"EntryPoint","urlTemplate":"https:\/\/www.webdo.tn\/fr\/?s={search_term_string}"},"query-input":{"@type":"PropertyValueSpecification","valueRequired":true,"valueName":"search_term_string"}}],"inLanguage":"fr-FR"},{"@type":"Organization","@id":"https:\/\/www.webdo.tn\/fr\/#organization","name":"Webdo","alternateName":"Webdo.tn","url":"https:\/\/www.webdo.tn\/fr\/","logo":{"@type":"ImageObject","inLanguage":"fr-FR","@id":"https:\/\/www.webdo.tn\/fr\/#\/schema\/logo\/image\/","url":"https:\/\/www.webdo.tn\/fr\/wp-content\/uploads\/2025\/06\/Webdo-Tunisie_168377.jpg","contentUrl":"https:\/\/www.webdo.tn\/fr\/wp-content\/uploads\/2025\/06\/Webdo-Tunisie_168377.jpg","width":301,"height":301,"caption":"Webdo"},"image":{"@id":"https:\/\/www.webdo.tn\/fr\/#\/schema\/logo\/image\/"},"sameAs":["https:\/\/www.facebook.com\/webdotn","https:\/\/x.com\/webdo_tn"],"description":"Webdo est un m\u00e9dia num\u00e9rique tunisien fond\u00e9 en 2010, sp\u00e9cialis\u00e9 dans l\u2019actualit\u00e9 nationale et internationale, l\u2019\u00e9conomie, la soci\u00e9t\u00e9 et les analyses politiques. Le site s\u2019adresse \u00e0 un large public francophone et couvre l\u2019information tunisienne en temps r\u00e9el.","email":"redac@webdo.tn","legalName":"YNJ SARL","foundingDate":"2010-09-06","numberOfEmployees":{"@type":"QuantitativeValue","minValue":"11","maxValue":"50"}},{"@type":"Person","@id":"https:\/\/www.webdo.tn\/fr\/#\/schema\/person\/82ca085b22037d285e1a3c4b65ba5f71","name":"KJ","image":{"@type":"ImageObject","inLanguage":"fr-FR","@id":"https:\/\/secure.gravatar.com\/avatar\/1a1320de1c1971c893f00068f760b4113d69504aa21273da17ee95650c5944fd?s=96&d=mm&r=g","url":"https:\/\/secure.gravatar.com\/avatar\/1a1320de1c1971c893f00068f760b4113d69504aa21273da17ee95650c5944fd?s=96&d=mm&r=g","contentUrl":"https:\/\/secure.gravatar.com\/avatar\/1a1320de1c1971c893f00068f760b4113d69504aa21273da17ee95650c5944fd?s=96&d=mm&r=g","caption":"KJ"},"url":"https:\/\/www.webdo.tn\/fr\/actualite\/author\/kj\/"}]}},"_links":{"self":[{"href":"https:\/\/www.webdo.tn\/fr\/wp-json\/wp\/v2\/posts\/217413","targetHints":{"allow":["GET"]}}],"collection":[{"href":"https:\/\/www.webdo.tn\/fr\/wp-json\/wp\/v2\/posts"}],"about":[{"href":"https:\/\/www.webdo.tn\/fr\/wp-json\/wp\/v2\/types\/post"}],"author":[{"embeddable":true,"href":"https:\/\/www.webdo.tn\/fr\/wp-json\/wp\/v2\/users\/3163"}],"replies":[{"embeddable":true,"href":"https:\/\/www.webdo.tn\/fr\/wp-json\/wp\/v2\/comments?post=217413"}],"version-history":[{"count":0,"href":"https:\/\/www.webdo.tn\/fr\/wp-json\/wp\/v2\/posts\/217413\/revisions"}],"wp:featuredmedia":[{"embeddable":true,"href":"https:\/\/www.webdo.tn\/fr\/wp-json\/wp\/v2\/media\/246157"}],"wp:attachment":[{"href":"https:\/\/www.webdo.tn\/fr\/wp-json\/wp\/v2\/media?parent=217413"}],"wp:term":[{"taxonomy":"category","embeddable":true,"href":"https:\/\/www.webdo.tn\/fr\/wp-json\/wp\/v2\/categories?post=217413"},{"taxonomy":"post_tag","embeddable":true,"href":"https:\/\/www.webdo.tn\/fr\/wp-json\/wp\/v2\/tags?post=217413"}],"curies":[{"name":"wp","href":"https:\/\/api.w.org\/{rel}","templated":true}]}}