{"id":217401,"date":"2024-11-05T15:03:00","date_gmt":"2024-11-05T15:03:00","guid":{"rendered":"https:\/\/www.webdo.tn\/fr\/blog\/tunisie-laurentiu-reghecampf-nouvel-entraineur-de-l-esperance\/217401\/"},"modified":"2025-05-20T22:14:53","modified_gmt":"2025-05-20T22:14:53","slug":"tunisie-laurentiu-reghecampf-nouvel-entraineur-de-l-esperance","status":"publish","type":"post","link":"https:\/\/www.webdo.tn\/fr\/actualite\/sport\/tunisie-laurentiu-reghecampf-nouvel-entraineur-de-l-esperance\/217401\/","title":{"rendered":"Tunisie : Lauren\u021biu Reghecampf nouvel entra\u00eeneur de l&rsquo;Esp\u00e9rance"},"content":{"rendered":"<p>Lauren\u021biu Reghecampf est le nouvel entra\u00eeneur de l&rsquo;Esp\u00e9rance Sportive de Tunis. Il remplace le Portugais Miguel Cardozo pour mauvais r\u00e9sultats.<\/p>\n<p>\t\t\t\t\t\t\t\t\tL&rsquo;Esp\u00e9rance ST a annonc\u00e9, sur sa page Facebook, la nomination de l&rsquo;entra\u00eeneur roumain Lauren\u021biu Reghecampf \u00e0 la t\u00eate de l\u2019\u00e9quipe premi\u00e8re de football en remplacement de Miguel Cardozo sachant que c\u2019est Skander Kasri qui assurait l\u2019int\u00e9rim.<\/p>\n<p>Le technicien roumain, \u00e2g\u00e9 de 49 ans, s&rsquo;est engag\u00e9 avec le club Bab Souika jusqu&rsquo;en juin 2026. Entra\u00eeneur depuis 2010, Reghecampf a d\u00e9j\u00e0 entra\u00een\u00e9 le Steaua Bucarest, Al Wahda et Al Wasl aux Emirats, et Al Hilal, Al Ahli et Al-Ta\u00ef en Arabie Saoudite.<\/p>\n","protected":false},"excerpt":{"rendered":"<p>Lauren\u021biu Reghecampf est le nouvel entra\u00eeneur de l&rsquo;Esp\u00e9rance Sportive de Tunis. Il remplace le Portugais Miguel Cardozo pour mauvais r\u00e9sultats.<\/p>\n","protected":false},"author":3162,"featured_media":291277,"comment_status":"open","ping_status":"closed","sticky":false,"template":"","format":"standard","meta":{"footnotes":""},"categories":[2593],"tags":[10606,5122,2622,2608],"class_list":["post-217401","post","type-post","status-publish","format-standard","has-post-thumbnail","hentry","category-sport","tag-laurentiu-reghecampf","tag-esperance-sportive-de-tunis","tag-football","tag-tunisie"],"yoast_head":"<!-- This site is optimized with the Yoast SEO Premium plugin v27.5 (Yoast SEO v27.5) - https:\/\/yoast.com\/product\/yoast-seo-premium-wordpress\/ -->\n<title>Tunisie : Lauren\u021biu Reghecampf nouvel entra\u00eeneur de l&#039;Esp\u00e9rance<\/title>\n<meta name=\"description\" content=\"Lauren\u021biu Reghecampf est le nouvel entra\u00eeneur de l&#039;Esp\u00e9rance Sportive de Tunis. Il remplace le Portugais Miguel Cardozo pour mauvais r\u00e9sultats.\" \/>\n<link rel=\"canonical\" href=\"https:\/\/www.webdo.tn\/fr\/actualite\/sport\/tunisie-laurentiu-reghecampf-nouvel-entraineur-de-l-esperance\/217401\/\" \/>\n<meta property=\"og:locale\" content=\"fr_FR\" \/>\n<meta property=\"og:type\" content=\"article\" \/>\n<meta property=\"og:title\" content=\"Tunisie : Lauren\u021biu Reghecampf nouvel entra\u00eeneur de l&#039;Esp\u00e9rance\" \/>\n<meta property=\"og:description\" content=\"Lauren\u021biu Reghecampf est le nouvel entra\u00eeneur de l&#039;Esp\u00e9rance Sportive de Tunis. Il remplace le Portugais Miguel Cardozo pour mauvais r\u00e9sultats.\" \/>\n<meta property=\"og:url\" content=\"https:\/\/www.webdo.tn\/fr\/actualite\/sport\/tunisie-laurentiu-reghecampf-nouvel-entraineur-de-l-esperance\/217401\/\" \/>\n<meta property=\"og:site_name\" content=\"webdo\" \/>\n<meta property=\"article:publisher\" content=\"https:\/\/www.facebook.com\/webdotn\" \/>\n<meta property=\"article:published_time\" content=\"2024-11-05T15:03:00+00:00\" \/>\n<meta property=\"article:modified_time\" content=\"2025-05-20T22:14:53+00:00\" \/>\n<meta property=\"og:image\" content=\"https:\/\/www.webdo.tn\/fr\/wp-content\/uploads\/2024\/11\/2ded37bb4fefd7e5dd9aef74c2600b37.webp\" \/>\n\t<meta property=\"og:image:width\" content=\"750\" \/>\n\t<meta property=\"og:image:height\" content=\"400\" \/>\n\t<meta property=\"og:image:type\" content=\"image\/webp\" \/>\n<meta name=\"author\" content=\"MC\" \/>\n<meta name=\"twitter:card\" content=\"summary_large_image\" \/>\n<meta name=\"twitter:creator\" content=\"@webdo_tn\" \/>\n<meta name=\"twitter:site\" content=\"@webdo_tn\" \/>\n<meta name=\"twitter:label1\" content=\"\u00c9crit par\" \/>\n\t<meta name=\"twitter:data1\" content=\"MC\" \/>\n\t<meta name=\"twitter:label2\" content=\"Dur\u00e9e de lecture estim\u00e9e\" \/>\n\t<meta name=\"twitter:data2\" content=\"1 minute\" \/>\n<script type=\"application\/ld+json\" class=\"yoast-schema-graph\">{\"@context\":\"https:\\\/\\\/schema.org\",\"@graph\":[{\"@type\":\"NewsArticle\",\"@id\":\"https:\\\/\\\/www.webdo.tn\\\/fr\\\/actualite\\\/sport\\\/tunisie-laurentiu-reghecampf-nouvel-entraineur-de-l-esperance\\\/217401\\\/#article\",\"isPartOf\":{\"@id\":\"https:\\\/\\\/www.webdo.tn\\\/fr\\\/actualite\\\/sport\\\/tunisie-laurentiu-reghecampf-nouvel-entraineur-de-l-esperance\\\/217401\\\/\"},\"author\":{\"name\":\"MC\",\"@id\":\"https:\\\/\\\/www.webdo.tn\\\/fr\\\/#\\\/schema\\\/person\\\/2c4929cbf5a809e3bd38617c6ce150f6\"},\"headline\":\"Tunisie : Lauren\u021biu Reghecampf nouvel entra\u00eeneur de l&rsquo;Esp\u00e9rance\",\"datePublished\":\"2024-11-05T15:03:00+00:00\",\"dateModified\":\"2025-05-20T22:14:53+00:00\",\"mainEntityOfPage\":{\"@id\":\"https:\\\/\\\/www.webdo.tn\\\/fr\\\/actualite\\\/sport\\\/tunisie-laurentiu-reghecampf-nouvel-entraineur-de-l-esperance\\\/217401\\\/\"},\"wordCount\":128,\"commentCount\":0,\"publisher\":{\"@id\":\"https:\\\/\\\/www.webdo.tn\\\/fr\\\/#organization\"},\"image\":{\"@id\":\"https:\\\/\\\/www.webdo.tn\\\/fr\\\/actualite\\\/sport\\\/tunisie-laurentiu-reghecampf-nouvel-entraineur-de-l-esperance\\\/217401\\\/#primaryimage\"},\"thumbnailUrl\":\"https:\\\/\\\/www.webdo.tn\\\/fr\\\/wp-content\\\/uploads\\\/2024\\\/11\\\/2ded37bb4fefd7e5dd9aef74c2600b37.webp\",\"keywords\":[\"'Lauren\u021biu Reghecampf']\",\"Esp\u00e9rance Sportive de Tunis\",\"football\",\"Tunisie\"],\"articleSection\":[\"Sport\"],\"inLanguage\":\"fr-FR\"},{\"@type\":\"WebPage\",\"@id\":\"https:\\\/\\\/www.webdo.tn\\\/fr\\\/actualite\\\/sport\\\/tunisie-laurentiu-reghecampf-nouvel-entraineur-de-l-esperance\\\/217401\\\/\",\"url\":\"https:\\\/\\\/www.webdo.tn\\\/fr\\\/actualite\\\/sport\\\/tunisie-laurentiu-reghecampf-nouvel-entraineur-de-l-esperance\\\/217401\\\/\",\"name\":\"Tunisie : Lauren\u021biu Reghecampf nouvel entra\u00eeneur de l'Esp\u00e9rance\",\"isPartOf\":{\"@id\":\"https:\\\/\\\/www.webdo.tn\\\/fr\\\/#website\"},\"primaryImageOfPage\":{\"@id\":\"https:\\\/\\\/www.webdo.tn\\\/fr\\\/actualite\\\/sport\\\/tunisie-laurentiu-reghecampf-nouvel-entraineur-de-l-esperance\\\/217401\\\/#primaryimage\"},\"image\":{\"@id\":\"https:\\\/\\\/www.webdo.tn\\\/fr\\\/actualite\\\/sport\\\/tunisie-laurentiu-reghecampf-nouvel-entraineur-de-l-esperance\\\/217401\\\/#primaryimage\"},\"thumbnailUrl\":\"https:\\\/\\\/www.webdo.tn\\\/fr\\\/wp-content\\\/uploads\\\/2024\\\/11\\\/2ded37bb4fefd7e5dd9aef74c2600b37.webp\",\"datePublished\":\"2024-11-05T15:03:00+00:00\",\"dateModified\":\"2025-05-20T22:14:53+00:00\",\"description\":\"Lauren\u021biu Reghecampf est le nouvel entra\u00eeneur de l'Esp\u00e9rance Sportive de Tunis. Il remplace le Portugais Miguel Cardozo pour mauvais r\u00e9sultats.\",\"breadcrumb\":{\"@id\":\"https:\\\/\\\/www.webdo.tn\\\/fr\\\/actualite\\\/sport\\\/tunisie-laurentiu-reghecampf-nouvel-entraineur-de-l-esperance\\\/217401\\\/#breadcrumb\"},\"inLanguage\":\"fr-FR\",\"potentialAction\":[{\"@type\":\"ReadAction\",\"target\":[\"https:\\\/\\\/www.webdo.tn\\\/fr\\\/actualite\\\/sport\\\/tunisie-laurentiu-reghecampf-nouvel-entraineur-de-l-esperance\\\/217401\\\/\"]}]},{\"@type\":\"ImageObject\",\"inLanguage\":\"fr-FR\",\"@id\":\"https:\\\/\\\/www.webdo.tn\\\/fr\\\/actualite\\\/sport\\\/tunisie-laurentiu-reghecampf-nouvel-entraineur-de-l-esperance\\\/217401\\\/#primaryimage\",\"url\":\"https:\\\/\\\/www.webdo.tn\\\/fr\\\/wp-content\\\/uploads\\\/2024\\\/11\\\/2ded37bb4fefd7e5dd9aef74c2600b37.webp\",\"contentUrl\":\"https:\\\/\\\/www.webdo.tn\\\/fr\\\/wp-content\\\/uploads\\\/2024\\\/11\\\/2ded37bb4fefd7e5dd9aef74c2600b37.webp\",\"width\":750,\"height\":400,\"caption\":\"Tunisie : Lauren\u021biu Reghecampf nouvel entra\u00eeneur de l'Esp\u00e9rance\"},{\"@type\":\"BreadcrumbList\",\"@id\":\"https:\\\/\\\/www.webdo.tn\\\/fr\\\/actualite\\\/sport\\\/tunisie-laurentiu-reghecampf-nouvel-entraineur-de-l-esperance\\\/217401\\\/#breadcrumb\",\"itemListElement\":[{\"@type\":\"ListItem\",\"position\":1,\"name\":\"Accueil\",\"item\":\"https:\\\/\\\/www.webdo.tn\\\/fr\\\/\"},{\"@type\":\"ListItem\",\"position\":2,\"name\":\"Tunisie : Lauren\u021biu Reghecampf nouvel entra\u00eeneur de l&rsquo;Esp\u00e9rance\"}]},{\"@type\":\"WebSite\",\"@id\":\"https:\\\/\\\/www.webdo.tn\\\/fr\\\/#website\",\"url\":\"https:\\\/\\\/www.webdo.tn\\\/fr\\\/\",\"name\":\"webdo\",\"description\":\"Tunisie - News en Tunisie et \u00e0 l&#039;international sur Webdo.tn\",\"publisher\":{\"@id\":\"https:\\\/\\\/www.webdo.tn\\\/fr\\\/#organization\"},\"potentialAction\":[{\"@type\":\"SearchAction\",\"target\":{\"@type\":\"EntryPoint\",\"urlTemplate\":\"https:\\\/\\\/www.webdo.tn\\\/fr\\\/?s={search_term_string}\"},\"query-input\":{\"@type\":\"PropertyValueSpecification\",\"valueRequired\":true,\"valueName\":\"search_term_string\"}}],\"inLanguage\":\"fr-FR\"},{\"@type\":\"Organization\",\"@id\":\"https:\\\/\\\/www.webdo.tn\\\/fr\\\/#organization\",\"name\":\"Webdo\",\"alternateName\":\"Webdo.tn\",\"url\":\"https:\\\/\\\/www.webdo.tn\\\/fr\\\/\",\"logo\":{\"@type\":\"ImageObject\",\"inLanguage\":\"fr-FR\",\"@id\":\"https:\\\/\\\/www.webdo.tn\\\/fr\\\/#\\\/schema\\\/logo\\\/image\\\/\",\"url\":\"https:\\\/\\\/www.webdo.tn\\\/fr\\\/wp-content\\\/uploads\\\/2025\\\/06\\\/Webdo-Tunisie_168377.jpg\",\"contentUrl\":\"https:\\\/\\\/www.webdo.tn\\\/fr\\\/wp-content\\\/uploads\\\/2025\\\/06\\\/Webdo-Tunisie_168377.jpg\",\"width\":301,\"height\":301,\"caption\":\"Webdo\"},\"image\":{\"@id\":\"https:\\\/\\\/www.webdo.tn\\\/fr\\\/#\\\/schema\\\/logo\\\/image\\\/\"},\"sameAs\":[\"https:\\\/\\\/www.facebook.com\\\/webdotn\",\"https:\\\/\\\/x.com\\\/webdo_tn\"],\"description\":\"Webdo est un m\u00e9dia num\u00e9rique tunisien fond\u00e9 en 2010, sp\u00e9cialis\u00e9 dans l\u2019actualit\u00e9 nationale et internationale, l\u2019\u00e9conomie, la soci\u00e9t\u00e9 et les analyses politiques. Le site s\u2019adresse \u00e0 un large public francophone et couvre l\u2019information tunisienne en temps r\u00e9el.\",\"email\":\"redac@webdo.tn\",\"legalName\":\"YNJ SARL\",\"foundingDate\":\"2010-09-06\",\"numberOfEmployees\":{\"@type\":\"QuantitativeValue\",\"minValue\":\"11\",\"maxValue\":\"50\"}},{\"@type\":\"Person\",\"@id\":\"https:\\\/\\\/www.webdo.tn\\\/fr\\\/#\\\/schema\\\/person\\\/2c4929cbf5a809e3bd38617c6ce150f6\",\"name\":\"MC\",\"image\":{\"@type\":\"ImageObject\",\"inLanguage\":\"fr-FR\",\"@id\":\"https:\\\/\\\/secure.gravatar.com\\\/avatar\\\/a545bbb6f84efdd5553dbbc2895e3ca8f1d12c5215e00a041c9670b54aa9b18a?s=96&d=mm&r=g\",\"url\":\"https:\\\/\\\/secure.gravatar.com\\\/avatar\\\/a545bbb6f84efdd5553dbbc2895e3ca8f1d12c5215e00a041c9670b54aa9b18a?s=96&d=mm&r=g\",\"contentUrl\":\"https:\\\/\\\/secure.gravatar.com\\\/avatar\\\/a545bbb6f84efdd5553dbbc2895e3ca8f1d12c5215e00a041c9670b54aa9b18a?s=96&d=mm&r=g\",\"caption\":\"MC\"},\"url\":\"https:\\\/\\\/www.webdo.tn\\\/fr\\\/actualite\\\/author\\\/mc\\\/\"}]}<\/script>\n<!-- \/ Yoast SEO Premium plugin. -->","yoast_head_json":{"title":"Tunisie : Lauren\u021biu Reghecampf nouvel entra\u00eeneur de l'Esp\u00e9rance","description":"Lauren\u021biu Reghecampf est le nouvel entra\u00eeneur de l'Esp\u00e9rance Sportive de Tunis. Il remplace le Portugais Miguel Cardozo pour mauvais r\u00e9sultats.","canonical":"https:\/\/www.webdo.tn\/fr\/actualite\/sport\/tunisie-laurentiu-reghecampf-nouvel-entraineur-de-l-esperance\/217401\/","og_locale":"fr_FR","og_type":"article","og_title":"Tunisie : Lauren\u021biu Reghecampf nouvel entra\u00eeneur de l'Esp\u00e9rance","og_description":"Lauren\u021biu Reghecampf est le nouvel entra\u00eeneur de l'Esp\u00e9rance Sportive de Tunis. Il remplace le Portugais Miguel Cardozo pour mauvais r\u00e9sultats.","og_url":"https:\/\/www.webdo.tn\/fr\/actualite\/sport\/tunisie-laurentiu-reghecampf-nouvel-entraineur-de-l-esperance\/217401\/","og_site_name":"webdo","article_publisher":"https:\/\/www.facebook.com\/webdotn","article_published_time":"2024-11-05T15:03:00+00:00","article_modified_time":"2025-05-20T22:14:53+00:00","og_image":[{"width":750,"height":400,"url":"https:\/\/www.webdo.tn\/fr\/wp-content\/uploads\/2024\/11\/2ded37bb4fefd7e5dd9aef74c2600b37.webp","type":"image\/webp"}],"author":"MC","twitter_card":"summary_large_image","twitter_creator":"@webdo_tn","twitter_site":"@webdo_tn","twitter_misc":{"\u00c9crit par":"MC","Dur\u00e9e de lecture estim\u00e9e":"1 minute"},"schema":{"@context":"https:\/\/schema.org","@graph":[{"@type":"NewsArticle","@id":"https:\/\/www.webdo.tn\/fr\/actualite\/sport\/tunisie-laurentiu-reghecampf-nouvel-entraineur-de-l-esperance\/217401\/#article","isPartOf":{"@id":"https:\/\/www.webdo.tn\/fr\/actualite\/sport\/tunisie-laurentiu-reghecampf-nouvel-entraineur-de-l-esperance\/217401\/"},"author":{"name":"MC","@id":"https:\/\/www.webdo.tn\/fr\/#\/schema\/person\/2c4929cbf5a809e3bd38617c6ce150f6"},"headline":"Tunisie : Lauren\u021biu Reghecampf nouvel entra\u00eeneur de l&rsquo;Esp\u00e9rance","datePublished":"2024-11-05T15:03:00+00:00","dateModified":"2025-05-20T22:14:53+00:00","mainEntityOfPage":{"@id":"https:\/\/www.webdo.tn\/fr\/actualite\/sport\/tunisie-laurentiu-reghecampf-nouvel-entraineur-de-l-esperance\/217401\/"},"wordCount":128,"commentCount":0,"publisher":{"@id":"https:\/\/www.webdo.tn\/fr\/#organization"},"image":{"@id":"https:\/\/www.webdo.tn\/fr\/actualite\/sport\/tunisie-laurentiu-reghecampf-nouvel-entraineur-de-l-esperance\/217401\/#primaryimage"},"thumbnailUrl":"https:\/\/www.webdo.tn\/fr\/wp-content\/uploads\/2024\/11\/2ded37bb4fefd7e5dd9aef74c2600b37.webp","keywords":["'Lauren\u021biu Reghecampf']","Esp\u00e9rance Sportive de Tunis","football","Tunisie"],"articleSection":["Sport"],"inLanguage":"fr-FR"},{"@type":"WebPage","@id":"https:\/\/www.webdo.tn\/fr\/actualite\/sport\/tunisie-laurentiu-reghecampf-nouvel-entraineur-de-l-esperance\/217401\/","url":"https:\/\/www.webdo.tn\/fr\/actualite\/sport\/tunisie-laurentiu-reghecampf-nouvel-entraineur-de-l-esperance\/217401\/","name":"Tunisie : Lauren\u021biu Reghecampf nouvel entra\u00eeneur de l'Esp\u00e9rance","isPartOf":{"@id":"https:\/\/www.webdo.tn\/fr\/#website"},"primaryImageOfPage":{"@id":"https:\/\/www.webdo.tn\/fr\/actualite\/sport\/tunisie-laurentiu-reghecampf-nouvel-entraineur-de-l-esperance\/217401\/#primaryimage"},"image":{"@id":"https:\/\/www.webdo.tn\/fr\/actualite\/sport\/tunisie-laurentiu-reghecampf-nouvel-entraineur-de-l-esperance\/217401\/#primaryimage"},"thumbnailUrl":"https:\/\/www.webdo.tn\/fr\/wp-content\/uploads\/2024\/11\/2ded37bb4fefd7e5dd9aef74c2600b37.webp","datePublished":"2024-11-05T15:03:00+00:00","dateModified":"2025-05-20T22:14:53+00:00","description":"Lauren\u021biu Reghecampf est le nouvel entra\u00eeneur de l'Esp\u00e9rance Sportive de Tunis. Il remplace le Portugais Miguel Cardozo pour mauvais r\u00e9sultats.","breadcrumb":{"@id":"https:\/\/www.webdo.tn\/fr\/actualite\/sport\/tunisie-laurentiu-reghecampf-nouvel-entraineur-de-l-esperance\/217401\/#breadcrumb"},"inLanguage":"fr-FR","potentialAction":[{"@type":"ReadAction","target":["https:\/\/www.webdo.tn\/fr\/actualite\/sport\/tunisie-laurentiu-reghecampf-nouvel-entraineur-de-l-esperance\/217401\/"]}]},{"@type":"ImageObject","inLanguage":"fr-FR","@id":"https:\/\/www.webdo.tn\/fr\/actualite\/sport\/tunisie-laurentiu-reghecampf-nouvel-entraineur-de-l-esperance\/217401\/#primaryimage","url":"https:\/\/www.webdo.tn\/fr\/wp-content\/uploads\/2024\/11\/2ded37bb4fefd7e5dd9aef74c2600b37.webp","contentUrl":"https:\/\/www.webdo.tn\/fr\/wp-content\/uploads\/2024\/11\/2ded37bb4fefd7e5dd9aef74c2600b37.webp","width":750,"height":400,"caption":"Tunisie : Lauren\u021biu Reghecampf nouvel entra\u00eeneur de l'Esp\u00e9rance"},{"@type":"BreadcrumbList","@id":"https:\/\/www.webdo.tn\/fr\/actualite\/sport\/tunisie-laurentiu-reghecampf-nouvel-entraineur-de-l-esperance\/217401\/#breadcrumb","itemListElement":[{"@type":"ListItem","position":1,"name":"Accueil","item":"https:\/\/www.webdo.tn\/fr\/"},{"@type":"ListItem","position":2,"name":"Tunisie : Lauren\u021biu Reghecampf nouvel entra\u00eeneur de l&rsquo;Esp\u00e9rance"}]},{"@type":"WebSite","@id":"https:\/\/www.webdo.tn\/fr\/#website","url":"https:\/\/www.webdo.tn\/fr\/","name":"webdo","description":"Tunisie - News en Tunisie et \u00e0 l&#039;international sur Webdo.tn","publisher":{"@id":"https:\/\/www.webdo.tn\/fr\/#organization"},"potentialAction":[{"@type":"SearchAction","target":{"@type":"EntryPoint","urlTemplate":"https:\/\/www.webdo.tn\/fr\/?s={search_term_string}"},"query-input":{"@type":"PropertyValueSpecification","valueRequired":true,"valueName":"search_term_string"}}],"inLanguage":"fr-FR"},{"@type":"Organization","@id":"https:\/\/www.webdo.tn\/fr\/#organization","name":"Webdo","alternateName":"Webdo.tn","url":"https:\/\/www.webdo.tn\/fr\/","logo":{"@type":"ImageObject","inLanguage":"fr-FR","@id":"https:\/\/www.webdo.tn\/fr\/#\/schema\/logo\/image\/","url":"https:\/\/www.webdo.tn\/fr\/wp-content\/uploads\/2025\/06\/Webdo-Tunisie_168377.jpg","contentUrl":"https:\/\/www.webdo.tn\/fr\/wp-content\/uploads\/2025\/06\/Webdo-Tunisie_168377.jpg","width":301,"height":301,"caption":"Webdo"},"image":{"@id":"https:\/\/www.webdo.tn\/fr\/#\/schema\/logo\/image\/"},"sameAs":["https:\/\/www.facebook.com\/webdotn","https:\/\/x.com\/webdo_tn"],"description":"Webdo est un m\u00e9dia num\u00e9rique tunisien fond\u00e9 en 2010, sp\u00e9cialis\u00e9 dans l\u2019actualit\u00e9 nationale et internationale, l\u2019\u00e9conomie, la soci\u00e9t\u00e9 et les analyses politiques. Le site s\u2019adresse \u00e0 un large public francophone et couvre l\u2019information tunisienne en temps r\u00e9el.","email":"redac@webdo.tn","legalName":"YNJ SARL","foundingDate":"2010-09-06","numberOfEmployees":{"@type":"QuantitativeValue","minValue":"11","maxValue":"50"}},{"@type":"Person","@id":"https:\/\/www.webdo.tn\/fr\/#\/schema\/person\/2c4929cbf5a809e3bd38617c6ce150f6","name":"MC","image":{"@type":"ImageObject","inLanguage":"fr-FR","@id":"https:\/\/secure.gravatar.com\/avatar\/a545bbb6f84efdd5553dbbc2895e3ca8f1d12c5215e00a041c9670b54aa9b18a?s=96&d=mm&r=g","url":"https:\/\/secure.gravatar.com\/avatar\/a545bbb6f84efdd5553dbbc2895e3ca8f1d12c5215e00a041c9670b54aa9b18a?s=96&d=mm&r=g","contentUrl":"https:\/\/secure.gravatar.com\/avatar\/a545bbb6f84efdd5553dbbc2895e3ca8f1d12c5215e00a041c9670b54aa9b18a?s=96&d=mm&r=g","caption":"MC"},"url":"https:\/\/www.webdo.tn\/fr\/actualite\/author\/mc\/"}]}},"_links":{"self":[{"href":"https:\/\/www.webdo.tn\/fr\/wp-json\/wp\/v2\/posts\/217401","targetHints":{"allow":["GET"]}}],"collection":[{"href":"https:\/\/www.webdo.tn\/fr\/wp-json\/wp\/v2\/posts"}],"about":[{"href":"https:\/\/www.webdo.tn\/fr\/wp-json\/wp\/v2\/types\/post"}],"author":[{"embeddable":true,"href":"https:\/\/www.webdo.tn\/fr\/wp-json\/wp\/v2\/users\/3162"}],"replies":[{"embeddable":true,"href":"https:\/\/www.webdo.tn\/fr\/wp-json\/wp\/v2\/comments?post=217401"}],"version-history":[{"count":0,"href":"https:\/\/www.webdo.tn\/fr\/wp-json\/wp\/v2\/posts\/217401\/revisions"}],"wp:featuredmedia":[{"embeddable":true,"href":"https:\/\/www.webdo.tn\/fr\/wp-json\/wp\/v2\/media\/291277"}],"wp:attachment":[{"href":"https:\/\/www.webdo.tn\/fr\/wp-json\/wp\/v2\/media?parent=217401"}],"wp:term":[{"taxonomy":"category","embeddable":true,"href":"https:\/\/www.webdo.tn\/fr\/wp-json\/wp\/v2\/categories?post=217401"},{"taxonomy":"post_tag","embeddable":true,"href":"https:\/\/www.webdo.tn\/fr\/wp-json\/wp\/v2\/tags?post=217401"}],"curies":[{"name":"wp","href":"https:\/\/api.w.org\/{rel}","templated":true}]}}