{"id":217398,"date":"2024-11-05T12:05:00","date_gmt":"2024-11-05T12:05:00","guid":{"rendered":"https:\/\/www.webdo.tn\/fr\/blog\/tunisie-en-deux-semaines-deux-enseignants-poignardes\/217398\/"},"modified":"2024-11-05T12:05:00","modified_gmt":"2024-11-05T12:05:00","slug":"tunisie-en-deux-semaines-deux-enseignants-poignardes","status":"publish","type":"post","link":"https:\/\/www.webdo.tn\/fr\/actualite\/divers\/tunisie-en-deux-semaines-deux-enseignants-poignardes\/217398\/","title":{"rendered":"Tunisie : En deux semaines, deux enseignants poignard\u00e9s"},"content":{"rendered":"<p>La violence dans les \u00e9tablissements scolaires en Tunisie continue d&rsquo;inqui\u00e9ter le corps enseignant. Ce mardi 5 novembre, Ikbel Azzabi, secr\u00e9taire g\u00e9n\u00e9ral adjoint de l&rsquo;Union G\u00e9n\u00e9rale de l&rsquo;Enseignement de Base, a confirm\u00e9, sur les ondes de Mosaique Fm, l&rsquo;agression violente de l&rsquo;enseignante d&rsquo;une \u00e9cole primaire Aya Charni.<\/p>\n<p>\t\t\t\t\t\t\t\t\tL&rsquo;incident a eu lieu \u00e0 Bardo, o\u00f9 elle a \u00e9t\u00e9 poignard\u00e9e au ventre et \u00e0 la main apr\u00e8s avoir attribu\u00e9 une note de 2\/20 \u00e0 un \u00e9l\u00e8ve. Selon les premiers \u00e9l\u00e9ments, l&rsquo;agresseur qui pourrait forc\u00e9ment n&rsquo;\u00eatre qu&rsquo;une personne \u00e2g\u00e9e \u00e9tait masqu\u00e9 et a interpell\u00e9 l&rsquo;enseignante en ces termes : \u00ab\u00a0Tu es Aya, celle qui met des notes de 2 dans les \u00e9valuations !\u00a0\u00bb L&rsquo;incident s&rsquo;est produit alors que l&rsquo;enseignante quittait l&rsquo;\u00e9cole et ne se trouvait qu&rsquo;\u00e0 quelques m\u00e8tres de l&rsquo;\u00e9tablissement.<\/p>\n<p>Une violence r\u00e9currente<\/p>\n<p>Cette attaque, malheureusement, n&rsquo;est pas un cas isol\u00e9. Ikbel Azabi a rappel\u00e9 qu&rsquo;un incident similaire s&rsquo;\u00e9tait produit il y a deux semaines \u00e0 Omrane sup\u00e9rieur, impliquant un autre membre du personnel \u00e9ducatif. Un enseignant en sciences de l&rsquo;\u00e9ducation, r\u00e9cemment affect\u00e9 dans ce poste, avait en effet \u00e9t\u00e9 attaqu\u00e9 avec un objet tranchant par le p\u00e8re d&rsquo;un \u00e9l\u00e8ve, pour des raisons similaires.<\/p>\n<p>Un climat de peur grandissant<\/p>\n<p>Azabi a exprim\u00e9 sa profonde inqui\u00e9tude quant aux effets psychologiques graves que ces agressions entra\u00eenent pour les enseignants, qui se sentent de plus en plus expos\u00e9s et en ins\u00e9curit\u00e9. \u00ab\u00a0Cette situation devient le pain quotidien des \u00e9ducateurs\u00a0\u00bb, a-t-il ajout\u00e9, appelant une fois de plus \u00e0 la criminalisation stricte de ce type de violence.<\/p>\n<p>Le ph\u00e9nom\u00e8ne, en recrudescence, alimente un climat de peur et de tension dans les \u00e9coles, rendant urgent la mise en place de mesures pour prot\u00e9ger les membres du personnel \u00e9ducatif et r\u00e9tablir un cadre s\u00e9curis\u00e9 pour l&rsquo;apprentissage des \u00e9l\u00e8ves.<\/p>\n","protected":false},"excerpt":{"rendered":"<p>En Tunisie, la violence envers les enseignants atteint un nouveau sommet avec deux agressions en deux semaines. \u00c0 Bardo et Omrane Al Alaa, deux instituteurs poi&#8230;<\/p>\n","protected":false},"author":3203,"featured_media":291274,"comment_status":"open","ping_status":"closed","sticky":false,"template":"","format":"standard","meta":{"footnotes":""},"categories":[2839],"tags":[10603,10605,10604,2608],"class_list":["post-217398","post","type-post","status-publish","format-standard","has-post-thumbnail","hentry","category-divers","tag-enseignants-agresses","tag-violence-dans-les-ecoles","tag-violence-scolaire","tag-tunisie"],"yoast_head":"<!-- This site is optimized with the Yoast SEO Premium plugin v27.4 (Yoast SEO v27.4) - https:\/\/yoast.com\/product\/yoast-seo-premium-wordpress\/ -->\n<title>Tunisie : En deux semaines, deux enseignants poignard\u00e9s<\/title>\n<meta name=\"description\" content=\"En Tunisie, la violence envers les enseignants atteint un nouveau sommet avec deux agressions en deux semaines. \u00c0 Bardo et Omrane Al Alaa, deux instituteurs poi...\" \/>\n<link rel=\"canonical\" href=\"https:\/\/www.webdo.tn\/fr\/actualite\/divers\/tunisie-en-deux-semaines-deux-enseignants-poignardes\/217398\/\" \/>\n<meta property=\"og:locale\" content=\"fr_FR\" \/>\n<meta property=\"og:type\" content=\"article\" \/>\n<meta property=\"og:title\" content=\"Tunisie : En deux semaines, deux enseignants poignard\u00e9s\" \/>\n<meta property=\"og:description\" content=\"En Tunisie, la violence envers les enseignants atteint un nouveau sommet avec deux agressions en deux semaines. \u00c0 Bardo et Omrane Al Alaa, deux instituteurs poi...\" \/>\n<meta property=\"og:url\" content=\"https:\/\/www.webdo.tn\/fr\/actualite\/divers\/tunisie-en-deux-semaines-deux-enseignants-poignardes\/217398\/\" \/>\n<meta property=\"og:site_name\" content=\"webdo\" \/>\n<meta property=\"article:publisher\" content=\"https:\/\/www.facebook.com\/webdotn\" \/>\n<meta property=\"article:published_time\" content=\"2024-11-05T12:05:00+00:00\" \/>\n<meta property=\"og:image\" content=\"https:\/\/www.webdo.tn\/fr\/wp-content\/uploads\/2024\/11\/c4a74168df2745f480a94ed51f1b8303.webp\" \/>\n\t<meta property=\"og:image:width\" content=\"750\" \/>\n\t<meta property=\"og:image:height\" content=\"400\" \/>\n\t<meta property=\"og:image:type\" content=\"image\/webp\" \/>\n<meta name=\"author\" content=\"Ramzi Haddad\" \/>\n<meta name=\"twitter:card\" content=\"summary_large_image\" \/>\n<meta name=\"twitter:creator\" content=\"@webdo_tn\" \/>\n<meta name=\"twitter:site\" content=\"@webdo_tn\" \/>\n<meta name=\"twitter:label1\" content=\"\u00c9crit par\" \/>\n\t<meta name=\"twitter:data1\" content=\"Ramzi Haddad\" \/>\n\t<meta name=\"twitter:label2\" content=\"Dur\u00e9e de lecture estim\u00e9e\" \/>\n\t<meta name=\"twitter:data2\" content=\"2 minutes\" \/>\n<script type=\"application\/ld+json\" class=\"yoast-schema-graph\">{\"@context\":\"https:\\\/\\\/schema.org\",\"@graph\":[{\"@type\":\"NewsArticle\",\"@id\":\"https:\\\/\\\/www.webdo.tn\\\/fr\\\/actualite\\\/divers\\\/tunisie-en-deux-semaines-deux-enseignants-poignardes\\\/217398\\\/#article\",\"isPartOf\":{\"@id\":\"https:\\\/\\\/www.webdo.tn\\\/fr\\\/actualite\\\/divers\\\/tunisie-en-deux-semaines-deux-enseignants-poignardes\\\/217398\\\/\"},\"author\":{\"name\":\"Ramzi Haddad\",\"@id\":\"https:\\\/\\\/www.webdo.tn\\\/fr\\\/#\\\/schema\\\/person\\\/5663044c25eb36d8f88ba5b653f12f8c\"},\"headline\":\"Tunisie : En deux semaines, deux enseignants poignard\u00e9s\",\"datePublished\":\"2024-11-05T12:05:00+00:00\",\"mainEntityOfPage\":{\"@id\":\"https:\\\/\\\/www.webdo.tn\\\/fr\\\/actualite\\\/divers\\\/tunisie-en-deux-semaines-deux-enseignants-poignardes\\\/217398\\\/\"},\"wordCount\":335,\"commentCount\":0,\"publisher\":{\"@id\":\"https:\\\/\\\/www.webdo.tn\\\/fr\\\/#organization\"},\"image\":{\"@id\":\"https:\\\/\\\/www.webdo.tn\\\/fr\\\/actualite\\\/divers\\\/tunisie-en-deux-semaines-deux-enseignants-poignardes\\\/217398\\\/#primaryimage\"},\"thumbnailUrl\":\"https:\\\/\\\/www.webdo.tn\\\/fr\\\/wp-content\\\/uploads\\\/2024\\\/11\\\/c4a74168df2745f480a94ed51f1b8303.webp\",\"keywords\":[\"'enseignants agress\u00e9s'\",\"'violence dans les \u00e9coles']\",\"'violence scolaire'\",\"Tunisie\"],\"articleSection\":[\"Divers\"],\"inLanguage\":\"fr-FR\"},{\"@type\":\"WebPage\",\"@id\":\"https:\\\/\\\/www.webdo.tn\\\/fr\\\/actualite\\\/divers\\\/tunisie-en-deux-semaines-deux-enseignants-poignardes\\\/217398\\\/\",\"url\":\"https:\\\/\\\/www.webdo.tn\\\/fr\\\/actualite\\\/divers\\\/tunisie-en-deux-semaines-deux-enseignants-poignardes\\\/217398\\\/\",\"name\":\"Tunisie : En deux semaines, deux enseignants poignard\u00e9s\",\"isPartOf\":{\"@id\":\"https:\\\/\\\/www.webdo.tn\\\/fr\\\/#website\"},\"primaryImageOfPage\":{\"@id\":\"https:\\\/\\\/www.webdo.tn\\\/fr\\\/actualite\\\/divers\\\/tunisie-en-deux-semaines-deux-enseignants-poignardes\\\/217398\\\/#primaryimage\"},\"image\":{\"@id\":\"https:\\\/\\\/www.webdo.tn\\\/fr\\\/actualite\\\/divers\\\/tunisie-en-deux-semaines-deux-enseignants-poignardes\\\/217398\\\/#primaryimage\"},\"thumbnailUrl\":\"https:\\\/\\\/www.webdo.tn\\\/fr\\\/wp-content\\\/uploads\\\/2024\\\/11\\\/c4a74168df2745f480a94ed51f1b8303.webp\",\"datePublished\":\"2024-11-05T12:05:00+00:00\",\"description\":\"En Tunisie, la violence envers les enseignants atteint un nouveau sommet avec deux agressions en deux semaines. \u00c0 Bardo et Omrane Al Alaa, deux instituteurs poi...\",\"breadcrumb\":{\"@id\":\"https:\\\/\\\/www.webdo.tn\\\/fr\\\/actualite\\\/divers\\\/tunisie-en-deux-semaines-deux-enseignants-poignardes\\\/217398\\\/#breadcrumb\"},\"inLanguage\":\"fr-FR\",\"potentialAction\":[{\"@type\":\"ReadAction\",\"target\":[\"https:\\\/\\\/www.webdo.tn\\\/fr\\\/actualite\\\/divers\\\/tunisie-en-deux-semaines-deux-enseignants-poignardes\\\/217398\\\/\"]}]},{\"@type\":\"ImageObject\",\"inLanguage\":\"fr-FR\",\"@id\":\"https:\\\/\\\/www.webdo.tn\\\/fr\\\/actualite\\\/divers\\\/tunisie-en-deux-semaines-deux-enseignants-poignardes\\\/217398\\\/#primaryimage\",\"url\":\"https:\\\/\\\/www.webdo.tn\\\/fr\\\/wp-content\\\/uploads\\\/2024\\\/11\\\/c4a74168df2745f480a94ed51f1b8303.webp\",\"contentUrl\":\"https:\\\/\\\/www.webdo.tn\\\/fr\\\/wp-content\\\/uploads\\\/2024\\\/11\\\/c4a74168df2745f480a94ed51f1b8303.webp\",\"width\":750,\"height\":400,\"caption\":\"Tunisie : En deux semaines, deux enseignants poignard\u00e9s\"},{\"@type\":\"BreadcrumbList\",\"@id\":\"https:\\\/\\\/www.webdo.tn\\\/fr\\\/actualite\\\/divers\\\/tunisie-en-deux-semaines-deux-enseignants-poignardes\\\/217398\\\/#breadcrumb\",\"itemListElement\":[{\"@type\":\"ListItem\",\"position\":1,\"name\":\"Accueil\",\"item\":\"https:\\\/\\\/www.webdo.tn\\\/fr\\\/\"},{\"@type\":\"ListItem\",\"position\":2,\"name\":\"Tunisie : En deux semaines, deux enseignants poignard\u00e9s\"}]},{\"@type\":\"WebSite\",\"@id\":\"https:\\\/\\\/www.webdo.tn\\\/fr\\\/#website\",\"url\":\"https:\\\/\\\/www.webdo.tn\\\/fr\\\/\",\"name\":\"webdo\",\"description\":\"Tunisie - News en Tunisie et \u00e0 l&#039;international sur Webdo.tn\",\"publisher\":{\"@id\":\"https:\\\/\\\/www.webdo.tn\\\/fr\\\/#organization\"},\"potentialAction\":[{\"@type\":\"SearchAction\",\"target\":{\"@type\":\"EntryPoint\",\"urlTemplate\":\"https:\\\/\\\/www.webdo.tn\\\/fr\\\/?s={search_term_string}\"},\"query-input\":{\"@type\":\"PropertyValueSpecification\",\"valueRequired\":true,\"valueName\":\"search_term_string\"}}],\"inLanguage\":\"fr-FR\"},{\"@type\":\"Organization\",\"@id\":\"https:\\\/\\\/www.webdo.tn\\\/fr\\\/#organization\",\"name\":\"Webdo\",\"alternateName\":\"Webdo.tn\",\"url\":\"https:\\\/\\\/www.webdo.tn\\\/fr\\\/\",\"logo\":{\"@type\":\"ImageObject\",\"inLanguage\":\"fr-FR\",\"@id\":\"https:\\\/\\\/www.webdo.tn\\\/fr\\\/#\\\/schema\\\/logo\\\/image\\\/\",\"url\":\"https:\\\/\\\/www.webdo.tn\\\/fr\\\/wp-content\\\/uploads\\\/2025\\\/06\\\/Webdo-Tunisie_168377.jpg\",\"contentUrl\":\"https:\\\/\\\/www.webdo.tn\\\/fr\\\/wp-content\\\/uploads\\\/2025\\\/06\\\/Webdo-Tunisie_168377.jpg\",\"width\":301,\"height\":301,\"caption\":\"Webdo\"},\"image\":{\"@id\":\"https:\\\/\\\/www.webdo.tn\\\/fr\\\/#\\\/schema\\\/logo\\\/image\\\/\"},\"sameAs\":[\"https:\\\/\\\/www.facebook.com\\\/webdotn\",\"https:\\\/\\\/x.com\\\/webdo_tn\"],\"description\":\"Webdo est un m\u00e9dia num\u00e9rique tunisien fond\u00e9 en 2010, sp\u00e9cialis\u00e9 dans l\u2019actualit\u00e9 nationale et internationale, l\u2019\u00e9conomie, la soci\u00e9t\u00e9 et les analyses politiques. Le site s\u2019adresse \u00e0 un large public francophone et couvre l\u2019information tunisienne en temps r\u00e9el.\",\"email\":\"redac@webdo.tn\",\"legalName\":\"YNJ SARL\",\"foundingDate\":\"2010-09-06\",\"numberOfEmployees\":{\"@type\":\"QuantitativeValue\",\"minValue\":\"11\",\"maxValue\":\"50\"}},{\"@type\":\"Person\",\"@id\":\"https:\\\/\\\/www.webdo.tn\\\/fr\\\/#\\\/schema\\\/person\\\/5663044c25eb36d8f88ba5b653f12f8c\",\"name\":\"Ramzi Haddad\",\"image\":{\"@type\":\"ImageObject\",\"inLanguage\":\"fr-FR\",\"@id\":\"https:\\\/\\\/www.webdo.tn\\\/fr\\\/wp-content\\\/uploads\\\/2026\\\/04\\\/ramzi-haddad_avatar-96x96.jpg\",\"url\":\"https:\\\/\\\/www.webdo.tn\\\/fr\\\/wp-content\\\/uploads\\\/2026\\\/04\\\/ramzi-haddad_avatar-96x96.jpg\",\"contentUrl\":\"https:\\\/\\\/www.webdo.tn\\\/fr\\\/wp-content\\\/uploads\\\/2026\\\/04\\\/ramzi-haddad_avatar-96x96.jpg\",\"caption\":\"Ramzi Haddad\"},\"description\":\"Signature \u00e9ditoriale de Walid Ben Youssef Ramzi Haddad est le pseudonyme \u00e9ditorial de Walid Ben Youssef, fondateur et g\u00e9rant de Webdo.tn. Cette signature est d\u00e9di\u00e9e \u00e0 la couverture de l'actualit\u00e9 nationale et internationale, ainsi qu'aux analyses des dynamiques num\u00e9riques. Ce profil b\u00e9n\u00e9ficie de l'expertise de Walid Ben Youssef, pionnier du web en Tunisie depuis 2000 et dipl\u00f4m\u00e9 en Math\u00e9matiques pures de l'Universit\u00e9 d'Oregon. \u00c0 travers cette signature, la r\u00e9daction de Webdo garantit une information structur\u00e9e et v\u00e9rifi\u00e9e, fid\u00e8le aux standards journalistiques du m\u00e9dia.\",\"url\":\"https:\\\/\\\/www.webdo.tn\\\/fr\\\/actualite\\\/author\\\/ramzi-haddad\\\/\"}]}<\/script>\n<!-- \/ Yoast SEO Premium plugin. -->","yoast_head_json":{"title":"Tunisie : En deux semaines, deux enseignants poignard\u00e9s","description":"En Tunisie, la violence envers les enseignants atteint un nouveau sommet avec deux agressions en deux semaines. \u00c0 Bardo et Omrane Al Alaa, deux instituteurs poi...","canonical":"https:\/\/www.webdo.tn\/fr\/actualite\/divers\/tunisie-en-deux-semaines-deux-enseignants-poignardes\/217398\/","og_locale":"fr_FR","og_type":"article","og_title":"Tunisie : En deux semaines, deux enseignants poignard\u00e9s","og_description":"En Tunisie, la violence envers les enseignants atteint un nouveau sommet avec deux agressions en deux semaines. \u00c0 Bardo et Omrane Al Alaa, deux instituteurs poi...","og_url":"https:\/\/www.webdo.tn\/fr\/actualite\/divers\/tunisie-en-deux-semaines-deux-enseignants-poignardes\/217398\/","og_site_name":"webdo","article_publisher":"https:\/\/www.facebook.com\/webdotn","article_published_time":"2024-11-05T12:05:00+00:00","og_image":[{"width":750,"height":400,"url":"https:\/\/www.webdo.tn\/fr\/wp-content\/uploads\/2024\/11\/c4a74168df2745f480a94ed51f1b8303.webp","type":"image\/webp"}],"author":"Ramzi Haddad","twitter_card":"summary_large_image","twitter_creator":"@webdo_tn","twitter_site":"@webdo_tn","twitter_misc":{"\u00c9crit par":"Ramzi Haddad","Dur\u00e9e de lecture estim\u00e9e":"2 minutes"},"schema":{"@context":"https:\/\/schema.org","@graph":[{"@type":"NewsArticle","@id":"https:\/\/www.webdo.tn\/fr\/actualite\/divers\/tunisie-en-deux-semaines-deux-enseignants-poignardes\/217398\/#article","isPartOf":{"@id":"https:\/\/www.webdo.tn\/fr\/actualite\/divers\/tunisie-en-deux-semaines-deux-enseignants-poignardes\/217398\/"},"author":{"name":"Ramzi Haddad","@id":"https:\/\/www.webdo.tn\/fr\/#\/schema\/person\/5663044c25eb36d8f88ba5b653f12f8c"},"headline":"Tunisie : En deux semaines, deux enseignants poignard\u00e9s","datePublished":"2024-11-05T12:05:00+00:00","mainEntityOfPage":{"@id":"https:\/\/www.webdo.tn\/fr\/actualite\/divers\/tunisie-en-deux-semaines-deux-enseignants-poignardes\/217398\/"},"wordCount":335,"commentCount":0,"publisher":{"@id":"https:\/\/www.webdo.tn\/fr\/#organization"},"image":{"@id":"https:\/\/www.webdo.tn\/fr\/actualite\/divers\/tunisie-en-deux-semaines-deux-enseignants-poignardes\/217398\/#primaryimage"},"thumbnailUrl":"https:\/\/www.webdo.tn\/fr\/wp-content\/uploads\/2024\/11\/c4a74168df2745f480a94ed51f1b8303.webp","keywords":["'enseignants agress\u00e9s'","'violence dans les \u00e9coles']","'violence scolaire'","Tunisie"],"articleSection":["Divers"],"inLanguage":"fr-FR"},{"@type":"WebPage","@id":"https:\/\/www.webdo.tn\/fr\/actualite\/divers\/tunisie-en-deux-semaines-deux-enseignants-poignardes\/217398\/","url":"https:\/\/www.webdo.tn\/fr\/actualite\/divers\/tunisie-en-deux-semaines-deux-enseignants-poignardes\/217398\/","name":"Tunisie : En deux semaines, deux enseignants poignard\u00e9s","isPartOf":{"@id":"https:\/\/www.webdo.tn\/fr\/#website"},"primaryImageOfPage":{"@id":"https:\/\/www.webdo.tn\/fr\/actualite\/divers\/tunisie-en-deux-semaines-deux-enseignants-poignardes\/217398\/#primaryimage"},"image":{"@id":"https:\/\/www.webdo.tn\/fr\/actualite\/divers\/tunisie-en-deux-semaines-deux-enseignants-poignardes\/217398\/#primaryimage"},"thumbnailUrl":"https:\/\/www.webdo.tn\/fr\/wp-content\/uploads\/2024\/11\/c4a74168df2745f480a94ed51f1b8303.webp","datePublished":"2024-11-05T12:05:00+00:00","description":"En Tunisie, la violence envers les enseignants atteint un nouveau sommet avec deux agressions en deux semaines. \u00c0 Bardo et Omrane Al Alaa, deux instituteurs poi...","breadcrumb":{"@id":"https:\/\/www.webdo.tn\/fr\/actualite\/divers\/tunisie-en-deux-semaines-deux-enseignants-poignardes\/217398\/#breadcrumb"},"inLanguage":"fr-FR","potentialAction":[{"@type":"ReadAction","target":["https:\/\/www.webdo.tn\/fr\/actualite\/divers\/tunisie-en-deux-semaines-deux-enseignants-poignardes\/217398\/"]}]},{"@type":"ImageObject","inLanguage":"fr-FR","@id":"https:\/\/www.webdo.tn\/fr\/actualite\/divers\/tunisie-en-deux-semaines-deux-enseignants-poignardes\/217398\/#primaryimage","url":"https:\/\/www.webdo.tn\/fr\/wp-content\/uploads\/2024\/11\/c4a74168df2745f480a94ed51f1b8303.webp","contentUrl":"https:\/\/www.webdo.tn\/fr\/wp-content\/uploads\/2024\/11\/c4a74168df2745f480a94ed51f1b8303.webp","width":750,"height":400,"caption":"Tunisie : En deux semaines, deux enseignants poignard\u00e9s"},{"@type":"BreadcrumbList","@id":"https:\/\/www.webdo.tn\/fr\/actualite\/divers\/tunisie-en-deux-semaines-deux-enseignants-poignardes\/217398\/#breadcrumb","itemListElement":[{"@type":"ListItem","position":1,"name":"Accueil","item":"https:\/\/www.webdo.tn\/fr\/"},{"@type":"ListItem","position":2,"name":"Tunisie : En deux semaines, deux enseignants poignard\u00e9s"}]},{"@type":"WebSite","@id":"https:\/\/www.webdo.tn\/fr\/#website","url":"https:\/\/www.webdo.tn\/fr\/","name":"webdo","description":"Tunisie - News en Tunisie et \u00e0 l&#039;international sur Webdo.tn","publisher":{"@id":"https:\/\/www.webdo.tn\/fr\/#organization"},"potentialAction":[{"@type":"SearchAction","target":{"@type":"EntryPoint","urlTemplate":"https:\/\/www.webdo.tn\/fr\/?s={search_term_string}"},"query-input":{"@type":"PropertyValueSpecification","valueRequired":true,"valueName":"search_term_string"}}],"inLanguage":"fr-FR"},{"@type":"Organization","@id":"https:\/\/www.webdo.tn\/fr\/#organization","name":"Webdo","alternateName":"Webdo.tn","url":"https:\/\/www.webdo.tn\/fr\/","logo":{"@type":"ImageObject","inLanguage":"fr-FR","@id":"https:\/\/www.webdo.tn\/fr\/#\/schema\/logo\/image\/","url":"https:\/\/www.webdo.tn\/fr\/wp-content\/uploads\/2025\/06\/Webdo-Tunisie_168377.jpg","contentUrl":"https:\/\/www.webdo.tn\/fr\/wp-content\/uploads\/2025\/06\/Webdo-Tunisie_168377.jpg","width":301,"height":301,"caption":"Webdo"},"image":{"@id":"https:\/\/www.webdo.tn\/fr\/#\/schema\/logo\/image\/"},"sameAs":["https:\/\/www.facebook.com\/webdotn","https:\/\/x.com\/webdo_tn"],"description":"Webdo est un m\u00e9dia num\u00e9rique tunisien fond\u00e9 en 2010, sp\u00e9cialis\u00e9 dans l\u2019actualit\u00e9 nationale et internationale, l\u2019\u00e9conomie, la soci\u00e9t\u00e9 et les analyses politiques. Le site s\u2019adresse \u00e0 un large public francophone et couvre l\u2019information tunisienne en temps r\u00e9el.","email":"redac@webdo.tn","legalName":"YNJ SARL","foundingDate":"2010-09-06","numberOfEmployees":{"@type":"QuantitativeValue","minValue":"11","maxValue":"50"}},{"@type":"Person","@id":"https:\/\/www.webdo.tn\/fr\/#\/schema\/person\/5663044c25eb36d8f88ba5b653f12f8c","name":"Ramzi Haddad","image":{"@type":"ImageObject","inLanguage":"fr-FR","@id":"https:\/\/www.webdo.tn\/fr\/wp-content\/uploads\/2026\/04\/ramzi-haddad_avatar-96x96.jpg","url":"https:\/\/www.webdo.tn\/fr\/wp-content\/uploads\/2026\/04\/ramzi-haddad_avatar-96x96.jpg","contentUrl":"https:\/\/www.webdo.tn\/fr\/wp-content\/uploads\/2026\/04\/ramzi-haddad_avatar-96x96.jpg","caption":"Ramzi Haddad"},"description":"Signature \u00e9ditoriale de Walid Ben Youssef Ramzi Haddad est le pseudonyme \u00e9ditorial de Walid Ben Youssef, fondateur et g\u00e9rant de Webdo.tn. Cette signature est d\u00e9di\u00e9e \u00e0 la couverture de l'actualit\u00e9 nationale et internationale, ainsi qu'aux analyses des dynamiques num\u00e9riques. Ce profil b\u00e9n\u00e9ficie de l'expertise de Walid Ben Youssef, pionnier du web en Tunisie depuis 2000 et dipl\u00f4m\u00e9 en Math\u00e9matiques pures de l'Universit\u00e9 d'Oregon. \u00c0 travers cette signature, la r\u00e9daction de Webdo garantit une information structur\u00e9e et v\u00e9rifi\u00e9e, fid\u00e8le aux standards journalistiques du m\u00e9dia.","url":"https:\/\/www.webdo.tn\/fr\/actualite\/author\/ramzi-haddad\/"}]}},"_links":{"self":[{"href":"https:\/\/www.webdo.tn\/fr\/wp-json\/wp\/v2\/posts\/217398","targetHints":{"allow":["GET"]}}],"collection":[{"href":"https:\/\/www.webdo.tn\/fr\/wp-json\/wp\/v2\/posts"}],"about":[{"href":"https:\/\/www.webdo.tn\/fr\/wp-json\/wp\/v2\/types\/post"}],"author":[{"embeddable":true,"href":"https:\/\/www.webdo.tn\/fr\/wp-json\/wp\/v2\/users\/3203"}],"replies":[{"embeddable":true,"href":"https:\/\/www.webdo.tn\/fr\/wp-json\/wp\/v2\/comments?post=217398"}],"version-history":[{"count":0,"href":"https:\/\/www.webdo.tn\/fr\/wp-json\/wp\/v2\/posts\/217398\/revisions"}],"wp:featuredmedia":[{"embeddable":true,"href":"https:\/\/www.webdo.tn\/fr\/wp-json\/wp\/v2\/media\/291274"}],"wp:attachment":[{"href":"https:\/\/www.webdo.tn\/fr\/wp-json\/wp\/v2\/media?parent=217398"}],"wp:term":[{"taxonomy":"category","embeddable":true,"href":"https:\/\/www.webdo.tn\/fr\/wp-json\/wp\/v2\/categories?post=217398"},{"taxonomy":"post_tag","embeddable":true,"href":"https:\/\/www.webdo.tn\/fr\/wp-json\/wp\/v2\/tags?post=217398"}],"curies":[{"name":"wp","href":"https:\/\/api.w.org\/{rel}","templated":true}]}}