{"id":217389,"date":"2024-11-05T09:47:00","date_gmt":"2024-11-05T09:47:00","guid":{"rendered":"https:\/\/www.webdo.tn\/fr\/blog\/forum-tuniso-italien-sur-les-competences-professionnelles-et-l-emploi\/217389\/"},"modified":"2025-05-20T22:14:50","modified_gmt":"2025-05-20T22:14:50","slug":"forum-tuniso-italien-sur-les-competences-professionnelles-et-l-emploi","status":"publish","type":"post","link":"https:\/\/www.webdo.tn\/fr\/actualite\/national\/forum-tuniso-italien-sur-les-competences-professionnelles-et-l-emploi\/217389\/","title":{"rendered":"Forum tuniso-italien sur les comp\u00e9tences professionnelles et l\u2019emploi"},"content":{"rendered":"<p>La ministre italienne du Travail et des Politiques sociales, Marina Elvira Calderone, a effectu\u00e9 hier une visite officielle en Tunisie dans le cadre du partenariat entre les deux pays sur la migration r\u00e9guli\u00e8re.<\/p>\n<p>\t\t\t\t\t\t\t\t\tA l&rsquo;occasion du forum tuniso-italien sur les comp\u00e9tences professionnelles et le travail, organis\u00e9 par le minist\u00e8re de l&rsquo;Emploi et de la Formation professionnelle en collaboration avec la partie italienne, Riadh Chaoued, ministre de l&rsquo;Emploi et de la Formation professionnelle, a tenu, lundi 4 novembre 2024, au Centre sectoriel de formation aux m\u00e9tiers du b\u00e2timent et de ses annexes \u00e0 Ibn Sina, Ben Arous, une s\u00e9ance de travail avec Mme Marina Elvira Calderone, ministre italienne du Travail et des Politiques sociales ainsi que la d\u00e9l\u00e9gation qui l&rsquo;accompagnait.<\/p>\n<p>Cette rencontre a \u00e9t\u00e9 l&rsquo;occasion de discuter des relations de coop\u00e9ration et de partenariat entre les deux pays dans les domaines de l&#8217;emploi, de la formation professionnelle, de la migration organis\u00e9e, ainsi que du suivi et de l\u2019\u00e9valuation de la mise en \u0153uvre des diff\u00e9rents accords sign\u00e9s entre les deux parties.<\/p>\n<p>A cette occasion, Riadh Chaoued a notamment appel\u00e9 \u00e0 am\u00e9liorer la gouvernance de l\u2019approche de l\u2019emploi \u00e0 l&rsquo;\u00e9tranger, acc\u00e9l\u00e9rer et simplifier les proc\u00e9dures de mise en \u0153uvre des accords, explorer de nouveaux domaines de coop\u00e9ration dans des sp\u00e9cialit\u00e9s et secteurs visant \u00e0 am\u00e9liorer l\u2019employabilit\u00e9 des chercheurs d\u2019emploi, et \u00e9tudier la question de la reconnaissance mutuelle des dipl\u00f4mes.<\/p>\n<p>De son c\u00f4t\u00e9, la ministre italienne a exprim\u00e9 l&rsquo;engagement de son pays \u00e0 mettre en \u0153uvre les diff\u00e9rents accords bilat\u00e9raux sign\u00e9s dans le domaine de l&#8217;emploi international. Elle a annonc\u00e9 que des quotas suppl\u00e9mentaires seraient accord\u00e9s aux Tunisiens dans divers domaines adapt\u00e9s aux besoins de l&rsquo;\u00e9conomie et de la soci\u00e9t\u00e9 italienne, notamment dans les sp\u00e9cialit\u00e9s de l&rsquo;accompagnement des personnes \u00e2g\u00e9es, des personnes ayant des besoins sp\u00e9cifiques, et d&rsquo;autres secteurs.<\/p>\n<p>Il a ainsi \u00e9t\u00e9 convenu de simplifier et acc\u00e9l\u00e9rer la mise en \u0153uvre des accords sign\u00e9s entre les deux parties, en particulier concernant les contrats de travail dans les entreprises \u00e9conomiques italiennes, de renforcer la coop\u00e9ration num\u00e9rique bilat\u00e9rale entre les deux pays afin de rapprocher les offres et les demandes d\u2019emploi.<\/p>\n<p>Par ailleurs et dans le cadre de la mise en \u0153uvre de l\u2019accord-cadre sur l\u2019int\u00e9gration des jeunes Tunisiens dans le secteur du b\u00e2timent en Italie, conclu entre l\u2019Agence Nationale pour l\u2019Emploi et le Travail Ind\u00e9pendant, l\u2019Agence Tunisienne de la Formation Professionnelle, l\u2019Association Italienne du B\u00e2timent et des Travaux Publics (ANCE) et l\u2019association italienne \u00ab\u00a0ELIS\u00a0\u00bb, et visant \u00e0 employer 2000 jeunes Tunisiens sur une p\u00e9riode de 3 ans (2024-2025-2026) au sein des entreprises italiennes du secteur du b\u00e2timent et ses domaines connexes, Riadh Chaoued, a annonc\u00e9 l\u2019ouverture de la premi\u00e8re session de formation en langue et culture italiennes dans le cadre du programme \u00ab\u00a0Pour une approche globale de la gouvernance de la migration de la main-d\u2019\u0153uvre et de la mobilit\u00e9 des travailleurs en Afrique du Nord (THAMM+)\u00a0\u00bb, pour le d\u00e9veloppement des comp\u00e9tences et des m\u00e9tiers \u2013 int\u00e9gration professionnelle des jeunes Tunisiens dans le secteur du b\u00e2timent et ses annexes en Italie.<\/p>\n","protected":false},"excerpt":{"rendered":"<p>A l&rsquo;occasion du forum tuniso-italien sur les comp\u00e9tences professionnelles et le travail, organis\u00e9 par le minist\u00e8re de l&rsquo;Emploi et de la Formation professionnell&#8230;<\/p>\n","protected":false},"author":3162,"featured_media":291268,"comment_status":"open","ping_status":"closed","sticky":false,"template":"","format":"standard","meta":{"footnotes":""},"categories":[44],"tags":[10595,3049,2660,2608],"class_list":["post-217389","post","type-post","status-publish","format-standard","has-post-thumbnail","hentry","category-national","tag-migration-reguliere","tag-emploi","tag-italie","tag-tunisie"],"yoast_head":"<!-- This site is optimized with the Yoast SEO Premium plugin v27.4 (Yoast SEO v27.4) - https:\/\/yoast.com\/product\/yoast-seo-premium-wordpress\/ -->\n<title>Forum tuniso-italien sur les comp\u00e9tences professionnelles et l\u2019emploi<\/title>\n<meta name=\"description\" content=\"A l&#039;occasion du forum tuniso-italien sur les comp\u00e9tences professionnelles et le travail, organis\u00e9 par le minist\u00e8re de l&#039;Emploi et de la Formation professionnell...\" \/>\n<link rel=\"canonical\" href=\"https:\/\/www.webdo.tn\/fr\/actualite\/national\/forum-tuniso-italien-sur-les-competences-professionnelles-et-l-emploi\/217389\/\" \/>\n<meta property=\"og:locale\" content=\"fr_FR\" \/>\n<meta property=\"og:type\" content=\"article\" \/>\n<meta property=\"og:title\" content=\"Forum tuniso-italien sur les comp\u00e9tences professionnelles et l\u2019emploi\" \/>\n<meta property=\"og:description\" content=\"A l&#039;occasion du forum tuniso-italien sur les comp\u00e9tences professionnelles et le travail, organis\u00e9 par le minist\u00e8re de l&#039;Emploi et de la Formation professionnell...\" \/>\n<meta property=\"og:url\" content=\"https:\/\/www.webdo.tn\/fr\/actualite\/national\/forum-tuniso-italien-sur-les-competences-professionnelles-et-l-emploi\/217389\/\" \/>\n<meta property=\"og:site_name\" content=\"webdo\" \/>\n<meta property=\"article:publisher\" content=\"https:\/\/www.facebook.com\/webdotn\" \/>\n<meta property=\"article:published_time\" content=\"2024-11-05T09:47:00+00:00\" \/>\n<meta property=\"article:modified_time\" content=\"2025-05-20T22:14:50+00:00\" \/>\n<meta property=\"og:image\" content=\"https:\/\/www.webdo.tn\/fr\/wp-content\/uploads\/2024\/11\/f5ed3b8236e9a3028864766945a6d1a1.webp\" \/>\n\t<meta property=\"og:image:width\" content=\"750\" \/>\n\t<meta property=\"og:image:height\" content=\"400\" \/>\n\t<meta property=\"og:image:type\" content=\"image\/webp\" \/>\n<meta name=\"author\" content=\"MC\" \/>\n<meta name=\"twitter:card\" content=\"summary_large_image\" \/>\n<meta name=\"twitter:creator\" content=\"@webdo_tn\" \/>\n<meta name=\"twitter:site\" content=\"@webdo_tn\" \/>\n<meta name=\"twitter:label1\" content=\"\u00c9crit par\" \/>\n\t<meta name=\"twitter:data1\" content=\"MC\" \/>\n\t<meta name=\"twitter:label2\" content=\"Dur\u00e9e de lecture estim\u00e9e\" \/>\n\t<meta name=\"twitter:data2\" content=\"3 minutes\" \/>\n<script type=\"application\/ld+json\" class=\"yoast-schema-graph\">{\"@context\":\"https:\\\/\\\/schema.org\",\"@graph\":[{\"@type\":\"NewsArticle\",\"@id\":\"https:\\\/\\\/www.webdo.tn\\\/fr\\\/actualite\\\/national\\\/forum-tuniso-italien-sur-les-competences-professionnelles-et-l-emploi\\\/217389\\\/#article\",\"isPartOf\":{\"@id\":\"https:\\\/\\\/www.webdo.tn\\\/fr\\\/actualite\\\/national\\\/forum-tuniso-italien-sur-les-competences-professionnelles-et-l-emploi\\\/217389\\\/\"},\"author\":{\"name\":\"MC\",\"@id\":\"https:\\\/\\\/www.webdo.tn\\\/fr\\\/#\\\/schema\\\/person\\\/2c4929cbf5a809e3bd38617c6ce150f6\"},\"headline\":\"Forum tuniso-italien sur les comp\u00e9tences professionnelles et l\u2019emploi\",\"datePublished\":\"2024-11-05T09:47:00+00:00\",\"dateModified\":\"2025-05-20T22:14:50+00:00\",\"mainEntityOfPage\":{\"@id\":\"https:\\\/\\\/www.webdo.tn\\\/fr\\\/actualite\\\/national\\\/forum-tuniso-italien-sur-les-competences-professionnelles-et-l-emploi\\\/217389\\\/\"},\"wordCount\":576,\"commentCount\":0,\"publisher\":{\"@id\":\"https:\\\/\\\/www.webdo.tn\\\/fr\\\/#organization\"},\"image\":{\"@id\":\"https:\\\/\\\/www.webdo.tn\\\/fr\\\/actualite\\\/national\\\/forum-tuniso-italien-sur-les-competences-professionnelles-et-l-emploi\\\/217389\\\/#primaryimage\"},\"thumbnailUrl\":\"https:\\\/\\\/www.webdo.tn\\\/fr\\\/wp-content\\\/uploads\\\/2024\\\/11\\\/f5ed3b8236e9a3028864766945a6d1a1.webp\",\"keywords\":[\"'migration r\u00e9guli\u00e8re']\",\"emploi\",\"Italie\",\"Tunisie\"],\"articleSection\":[\"National\"],\"inLanguage\":\"fr-FR\"},{\"@type\":\"WebPage\",\"@id\":\"https:\\\/\\\/www.webdo.tn\\\/fr\\\/actualite\\\/national\\\/forum-tuniso-italien-sur-les-competences-professionnelles-et-l-emploi\\\/217389\\\/\",\"url\":\"https:\\\/\\\/www.webdo.tn\\\/fr\\\/actualite\\\/national\\\/forum-tuniso-italien-sur-les-competences-professionnelles-et-l-emploi\\\/217389\\\/\",\"name\":\"Forum tuniso-italien sur les comp\u00e9tences professionnelles et l\u2019emploi\",\"isPartOf\":{\"@id\":\"https:\\\/\\\/www.webdo.tn\\\/fr\\\/#website\"},\"primaryImageOfPage\":{\"@id\":\"https:\\\/\\\/www.webdo.tn\\\/fr\\\/actualite\\\/national\\\/forum-tuniso-italien-sur-les-competences-professionnelles-et-l-emploi\\\/217389\\\/#primaryimage\"},\"image\":{\"@id\":\"https:\\\/\\\/www.webdo.tn\\\/fr\\\/actualite\\\/national\\\/forum-tuniso-italien-sur-les-competences-professionnelles-et-l-emploi\\\/217389\\\/#primaryimage\"},\"thumbnailUrl\":\"https:\\\/\\\/www.webdo.tn\\\/fr\\\/wp-content\\\/uploads\\\/2024\\\/11\\\/f5ed3b8236e9a3028864766945a6d1a1.webp\",\"datePublished\":\"2024-11-05T09:47:00+00:00\",\"dateModified\":\"2025-05-20T22:14:50+00:00\",\"description\":\"A l'occasion du forum tuniso-italien sur les comp\u00e9tences professionnelles et le travail, organis\u00e9 par le minist\u00e8re de l'Emploi et de la Formation professionnell...\",\"breadcrumb\":{\"@id\":\"https:\\\/\\\/www.webdo.tn\\\/fr\\\/actualite\\\/national\\\/forum-tuniso-italien-sur-les-competences-professionnelles-et-l-emploi\\\/217389\\\/#breadcrumb\"},\"inLanguage\":\"fr-FR\",\"potentialAction\":[{\"@type\":\"ReadAction\",\"target\":[\"https:\\\/\\\/www.webdo.tn\\\/fr\\\/actualite\\\/national\\\/forum-tuniso-italien-sur-les-competences-professionnelles-et-l-emploi\\\/217389\\\/\"]}]},{\"@type\":\"ImageObject\",\"inLanguage\":\"fr-FR\",\"@id\":\"https:\\\/\\\/www.webdo.tn\\\/fr\\\/actualite\\\/national\\\/forum-tuniso-italien-sur-les-competences-professionnelles-et-l-emploi\\\/217389\\\/#primaryimage\",\"url\":\"https:\\\/\\\/www.webdo.tn\\\/fr\\\/wp-content\\\/uploads\\\/2024\\\/11\\\/f5ed3b8236e9a3028864766945a6d1a1.webp\",\"contentUrl\":\"https:\\\/\\\/www.webdo.tn\\\/fr\\\/wp-content\\\/uploads\\\/2024\\\/11\\\/f5ed3b8236e9a3028864766945a6d1a1.webp\",\"width\":750,\"height\":400,\"caption\":\"Forum tuniso-italien sur les comp\u00e9tences professionnelles et l\u2019emploi\"},{\"@type\":\"BreadcrumbList\",\"@id\":\"https:\\\/\\\/www.webdo.tn\\\/fr\\\/actualite\\\/national\\\/forum-tuniso-italien-sur-les-competences-professionnelles-et-l-emploi\\\/217389\\\/#breadcrumb\",\"itemListElement\":[{\"@type\":\"ListItem\",\"position\":1,\"name\":\"Accueil\",\"item\":\"https:\\\/\\\/www.webdo.tn\\\/fr\\\/\"},{\"@type\":\"ListItem\",\"position\":2,\"name\":\"Forum tuniso-italien sur les comp\u00e9tences professionnelles et l\u2019emploi\"}]},{\"@type\":\"WebSite\",\"@id\":\"https:\\\/\\\/www.webdo.tn\\\/fr\\\/#website\",\"url\":\"https:\\\/\\\/www.webdo.tn\\\/fr\\\/\",\"name\":\"webdo\",\"description\":\"Tunisie - News en Tunisie et \u00e0 l&#039;international sur Webdo.tn\",\"publisher\":{\"@id\":\"https:\\\/\\\/www.webdo.tn\\\/fr\\\/#organization\"},\"potentialAction\":[{\"@type\":\"SearchAction\",\"target\":{\"@type\":\"EntryPoint\",\"urlTemplate\":\"https:\\\/\\\/www.webdo.tn\\\/fr\\\/?s={search_term_string}\"},\"query-input\":{\"@type\":\"PropertyValueSpecification\",\"valueRequired\":true,\"valueName\":\"search_term_string\"}}],\"inLanguage\":\"fr-FR\"},{\"@type\":\"Organization\",\"@id\":\"https:\\\/\\\/www.webdo.tn\\\/fr\\\/#organization\",\"name\":\"Webdo\",\"alternateName\":\"Webdo.tn\",\"url\":\"https:\\\/\\\/www.webdo.tn\\\/fr\\\/\",\"logo\":{\"@type\":\"ImageObject\",\"inLanguage\":\"fr-FR\",\"@id\":\"https:\\\/\\\/www.webdo.tn\\\/fr\\\/#\\\/schema\\\/logo\\\/image\\\/\",\"url\":\"https:\\\/\\\/www.webdo.tn\\\/fr\\\/wp-content\\\/uploads\\\/2025\\\/06\\\/Webdo-Tunisie_168377.jpg\",\"contentUrl\":\"https:\\\/\\\/www.webdo.tn\\\/fr\\\/wp-content\\\/uploads\\\/2025\\\/06\\\/Webdo-Tunisie_168377.jpg\",\"width\":301,\"height\":301,\"caption\":\"Webdo\"},\"image\":{\"@id\":\"https:\\\/\\\/www.webdo.tn\\\/fr\\\/#\\\/schema\\\/logo\\\/image\\\/\"},\"sameAs\":[\"https:\\\/\\\/www.facebook.com\\\/webdotn\",\"https:\\\/\\\/x.com\\\/webdo_tn\"],\"description\":\"Webdo est un m\u00e9dia num\u00e9rique tunisien fond\u00e9 en 2010, sp\u00e9cialis\u00e9 dans l\u2019actualit\u00e9 nationale et internationale, l\u2019\u00e9conomie, la soci\u00e9t\u00e9 et les analyses politiques. Le site s\u2019adresse \u00e0 un large public francophone et couvre l\u2019information tunisienne en temps r\u00e9el.\",\"email\":\"redac@webdo.tn\",\"legalName\":\"YNJ SARL\",\"foundingDate\":\"2010-09-06\",\"numberOfEmployees\":{\"@type\":\"QuantitativeValue\",\"minValue\":\"11\",\"maxValue\":\"50\"}},{\"@type\":\"Person\",\"@id\":\"https:\\\/\\\/www.webdo.tn\\\/fr\\\/#\\\/schema\\\/person\\\/2c4929cbf5a809e3bd38617c6ce150f6\",\"name\":\"MC\",\"image\":{\"@type\":\"ImageObject\",\"inLanguage\":\"fr-FR\",\"@id\":\"https:\\\/\\\/secure.gravatar.com\\\/avatar\\\/a545bbb6f84efdd5553dbbc2895e3ca8f1d12c5215e00a041c9670b54aa9b18a?s=96&d=mm&r=g\",\"url\":\"https:\\\/\\\/secure.gravatar.com\\\/avatar\\\/a545bbb6f84efdd5553dbbc2895e3ca8f1d12c5215e00a041c9670b54aa9b18a?s=96&d=mm&r=g\",\"contentUrl\":\"https:\\\/\\\/secure.gravatar.com\\\/avatar\\\/a545bbb6f84efdd5553dbbc2895e3ca8f1d12c5215e00a041c9670b54aa9b18a?s=96&d=mm&r=g\",\"caption\":\"MC\"},\"url\":\"https:\\\/\\\/www.webdo.tn\\\/fr\\\/actualite\\\/author\\\/mc\\\/\"}]}<\/script>\n<!-- \/ Yoast SEO Premium plugin. -->","yoast_head_json":{"title":"Forum tuniso-italien sur les comp\u00e9tences professionnelles et l\u2019emploi","description":"A l'occasion du forum tuniso-italien sur les comp\u00e9tences professionnelles et le travail, organis\u00e9 par le minist\u00e8re de l'Emploi et de la Formation professionnell...","canonical":"https:\/\/www.webdo.tn\/fr\/actualite\/national\/forum-tuniso-italien-sur-les-competences-professionnelles-et-l-emploi\/217389\/","og_locale":"fr_FR","og_type":"article","og_title":"Forum tuniso-italien sur les comp\u00e9tences professionnelles et l\u2019emploi","og_description":"A l'occasion du forum tuniso-italien sur les comp\u00e9tences professionnelles et le travail, organis\u00e9 par le minist\u00e8re de l'Emploi et de la Formation professionnell...","og_url":"https:\/\/www.webdo.tn\/fr\/actualite\/national\/forum-tuniso-italien-sur-les-competences-professionnelles-et-l-emploi\/217389\/","og_site_name":"webdo","article_publisher":"https:\/\/www.facebook.com\/webdotn","article_published_time":"2024-11-05T09:47:00+00:00","article_modified_time":"2025-05-20T22:14:50+00:00","og_image":[{"width":750,"height":400,"url":"https:\/\/www.webdo.tn\/fr\/wp-content\/uploads\/2024\/11\/f5ed3b8236e9a3028864766945a6d1a1.webp","type":"image\/webp"}],"author":"MC","twitter_card":"summary_large_image","twitter_creator":"@webdo_tn","twitter_site":"@webdo_tn","twitter_misc":{"\u00c9crit par":"MC","Dur\u00e9e de lecture estim\u00e9e":"3 minutes"},"schema":{"@context":"https:\/\/schema.org","@graph":[{"@type":"NewsArticle","@id":"https:\/\/www.webdo.tn\/fr\/actualite\/national\/forum-tuniso-italien-sur-les-competences-professionnelles-et-l-emploi\/217389\/#article","isPartOf":{"@id":"https:\/\/www.webdo.tn\/fr\/actualite\/national\/forum-tuniso-italien-sur-les-competences-professionnelles-et-l-emploi\/217389\/"},"author":{"name":"MC","@id":"https:\/\/www.webdo.tn\/fr\/#\/schema\/person\/2c4929cbf5a809e3bd38617c6ce150f6"},"headline":"Forum tuniso-italien sur les comp\u00e9tences professionnelles et l\u2019emploi","datePublished":"2024-11-05T09:47:00+00:00","dateModified":"2025-05-20T22:14:50+00:00","mainEntityOfPage":{"@id":"https:\/\/www.webdo.tn\/fr\/actualite\/national\/forum-tuniso-italien-sur-les-competences-professionnelles-et-l-emploi\/217389\/"},"wordCount":576,"commentCount":0,"publisher":{"@id":"https:\/\/www.webdo.tn\/fr\/#organization"},"image":{"@id":"https:\/\/www.webdo.tn\/fr\/actualite\/national\/forum-tuniso-italien-sur-les-competences-professionnelles-et-l-emploi\/217389\/#primaryimage"},"thumbnailUrl":"https:\/\/www.webdo.tn\/fr\/wp-content\/uploads\/2024\/11\/f5ed3b8236e9a3028864766945a6d1a1.webp","keywords":["'migration r\u00e9guli\u00e8re']","emploi","Italie","Tunisie"],"articleSection":["National"],"inLanguage":"fr-FR"},{"@type":"WebPage","@id":"https:\/\/www.webdo.tn\/fr\/actualite\/national\/forum-tuniso-italien-sur-les-competences-professionnelles-et-l-emploi\/217389\/","url":"https:\/\/www.webdo.tn\/fr\/actualite\/national\/forum-tuniso-italien-sur-les-competences-professionnelles-et-l-emploi\/217389\/","name":"Forum tuniso-italien sur les comp\u00e9tences professionnelles et l\u2019emploi","isPartOf":{"@id":"https:\/\/www.webdo.tn\/fr\/#website"},"primaryImageOfPage":{"@id":"https:\/\/www.webdo.tn\/fr\/actualite\/national\/forum-tuniso-italien-sur-les-competences-professionnelles-et-l-emploi\/217389\/#primaryimage"},"image":{"@id":"https:\/\/www.webdo.tn\/fr\/actualite\/national\/forum-tuniso-italien-sur-les-competences-professionnelles-et-l-emploi\/217389\/#primaryimage"},"thumbnailUrl":"https:\/\/www.webdo.tn\/fr\/wp-content\/uploads\/2024\/11\/f5ed3b8236e9a3028864766945a6d1a1.webp","datePublished":"2024-11-05T09:47:00+00:00","dateModified":"2025-05-20T22:14:50+00:00","description":"A l'occasion du forum tuniso-italien sur les comp\u00e9tences professionnelles et le travail, organis\u00e9 par le minist\u00e8re de l'Emploi et de la Formation professionnell...","breadcrumb":{"@id":"https:\/\/www.webdo.tn\/fr\/actualite\/national\/forum-tuniso-italien-sur-les-competences-professionnelles-et-l-emploi\/217389\/#breadcrumb"},"inLanguage":"fr-FR","potentialAction":[{"@type":"ReadAction","target":["https:\/\/www.webdo.tn\/fr\/actualite\/national\/forum-tuniso-italien-sur-les-competences-professionnelles-et-l-emploi\/217389\/"]}]},{"@type":"ImageObject","inLanguage":"fr-FR","@id":"https:\/\/www.webdo.tn\/fr\/actualite\/national\/forum-tuniso-italien-sur-les-competences-professionnelles-et-l-emploi\/217389\/#primaryimage","url":"https:\/\/www.webdo.tn\/fr\/wp-content\/uploads\/2024\/11\/f5ed3b8236e9a3028864766945a6d1a1.webp","contentUrl":"https:\/\/www.webdo.tn\/fr\/wp-content\/uploads\/2024\/11\/f5ed3b8236e9a3028864766945a6d1a1.webp","width":750,"height":400,"caption":"Forum tuniso-italien sur les comp\u00e9tences professionnelles et l\u2019emploi"},{"@type":"BreadcrumbList","@id":"https:\/\/www.webdo.tn\/fr\/actualite\/national\/forum-tuniso-italien-sur-les-competences-professionnelles-et-l-emploi\/217389\/#breadcrumb","itemListElement":[{"@type":"ListItem","position":1,"name":"Accueil","item":"https:\/\/www.webdo.tn\/fr\/"},{"@type":"ListItem","position":2,"name":"Forum tuniso-italien sur les comp\u00e9tences professionnelles et l\u2019emploi"}]},{"@type":"WebSite","@id":"https:\/\/www.webdo.tn\/fr\/#website","url":"https:\/\/www.webdo.tn\/fr\/","name":"webdo","description":"Tunisie - News en Tunisie et \u00e0 l&#039;international sur Webdo.tn","publisher":{"@id":"https:\/\/www.webdo.tn\/fr\/#organization"},"potentialAction":[{"@type":"SearchAction","target":{"@type":"EntryPoint","urlTemplate":"https:\/\/www.webdo.tn\/fr\/?s={search_term_string}"},"query-input":{"@type":"PropertyValueSpecification","valueRequired":true,"valueName":"search_term_string"}}],"inLanguage":"fr-FR"},{"@type":"Organization","@id":"https:\/\/www.webdo.tn\/fr\/#organization","name":"Webdo","alternateName":"Webdo.tn","url":"https:\/\/www.webdo.tn\/fr\/","logo":{"@type":"ImageObject","inLanguage":"fr-FR","@id":"https:\/\/www.webdo.tn\/fr\/#\/schema\/logo\/image\/","url":"https:\/\/www.webdo.tn\/fr\/wp-content\/uploads\/2025\/06\/Webdo-Tunisie_168377.jpg","contentUrl":"https:\/\/www.webdo.tn\/fr\/wp-content\/uploads\/2025\/06\/Webdo-Tunisie_168377.jpg","width":301,"height":301,"caption":"Webdo"},"image":{"@id":"https:\/\/www.webdo.tn\/fr\/#\/schema\/logo\/image\/"},"sameAs":["https:\/\/www.facebook.com\/webdotn","https:\/\/x.com\/webdo_tn"],"description":"Webdo est un m\u00e9dia num\u00e9rique tunisien fond\u00e9 en 2010, sp\u00e9cialis\u00e9 dans l\u2019actualit\u00e9 nationale et internationale, l\u2019\u00e9conomie, la soci\u00e9t\u00e9 et les analyses politiques. Le site s\u2019adresse \u00e0 un large public francophone et couvre l\u2019information tunisienne en temps r\u00e9el.","email":"redac@webdo.tn","legalName":"YNJ SARL","foundingDate":"2010-09-06","numberOfEmployees":{"@type":"QuantitativeValue","minValue":"11","maxValue":"50"}},{"@type":"Person","@id":"https:\/\/www.webdo.tn\/fr\/#\/schema\/person\/2c4929cbf5a809e3bd38617c6ce150f6","name":"MC","image":{"@type":"ImageObject","inLanguage":"fr-FR","@id":"https:\/\/secure.gravatar.com\/avatar\/a545bbb6f84efdd5553dbbc2895e3ca8f1d12c5215e00a041c9670b54aa9b18a?s=96&d=mm&r=g","url":"https:\/\/secure.gravatar.com\/avatar\/a545bbb6f84efdd5553dbbc2895e3ca8f1d12c5215e00a041c9670b54aa9b18a?s=96&d=mm&r=g","contentUrl":"https:\/\/secure.gravatar.com\/avatar\/a545bbb6f84efdd5553dbbc2895e3ca8f1d12c5215e00a041c9670b54aa9b18a?s=96&d=mm&r=g","caption":"MC"},"url":"https:\/\/www.webdo.tn\/fr\/actualite\/author\/mc\/"}]}},"_links":{"self":[{"href":"https:\/\/www.webdo.tn\/fr\/wp-json\/wp\/v2\/posts\/217389","targetHints":{"allow":["GET"]}}],"collection":[{"href":"https:\/\/www.webdo.tn\/fr\/wp-json\/wp\/v2\/posts"}],"about":[{"href":"https:\/\/www.webdo.tn\/fr\/wp-json\/wp\/v2\/types\/post"}],"author":[{"embeddable":true,"href":"https:\/\/www.webdo.tn\/fr\/wp-json\/wp\/v2\/users\/3162"}],"replies":[{"embeddable":true,"href":"https:\/\/www.webdo.tn\/fr\/wp-json\/wp\/v2\/comments?post=217389"}],"version-history":[{"count":0,"href":"https:\/\/www.webdo.tn\/fr\/wp-json\/wp\/v2\/posts\/217389\/revisions"}],"wp:featuredmedia":[{"embeddable":true,"href":"https:\/\/www.webdo.tn\/fr\/wp-json\/wp\/v2\/media\/291268"}],"wp:attachment":[{"href":"https:\/\/www.webdo.tn\/fr\/wp-json\/wp\/v2\/media?parent=217389"}],"wp:term":[{"taxonomy":"category","embeddable":true,"href":"https:\/\/www.webdo.tn\/fr\/wp-json\/wp\/v2\/categories?post=217389"},{"taxonomy":"post_tag","embeddable":true,"href":"https:\/\/www.webdo.tn\/fr\/wp-json\/wp\/v2\/tags?post=217389"}],"curies":[{"name":"wp","href":"https:\/\/api.w.org\/{rel}","templated":true}]}}