{"id":217375,"date":"2024-11-04T12:57:00","date_gmt":"2024-11-04T12:57:00","guid":{"rendered":"https:\/\/www.webdo.tn\/fr\/blog\/tunisie-l-ancien-ministre-samir-taieb-en-garde-a-vue\/217375\/"},"modified":"2025-05-20T21:47:05","modified_gmt":"2025-05-20T21:47:05","slug":"tunisie-l-ancien-ministre-samir-taieb-en-garde-a-vue","status":"publish","type":"post","link":"https:\/\/www.webdo.tn\/fr\/actualite\/national\/tunisie-l-ancien-ministre-samir-taieb-en-garde-a-vue\/217375\/","title":{"rendered":"Tunisie : L\u2019ancien ministre Samir Taieb en garde \u00e0 vue"},"content":{"rendered":"<p>Apr\u00e8s l\u2019arrestation d\u2019Abdelaziz Makhloufi, un des plus grands producteurs et exportateurs d\u2019huile d\u2019olive en Tunisie, un ancien ministre de l\u2019Agriculture a \u00e9t\u00e9 plac\u00e9 en d\u00e9tention. Il s\u2019agit de Samir Taieb, plac\u00e9 en garde \u00e0 vue, hier.<\/p>\n<p>\t\t\t\t\t\t\t\t\tL\u2019affaire ax\u00e9e sur le domaine agricole Cha\u00e2l a \u00e9t\u00e9 d\u00e9clench\u00e9e suite \u00e0 la visite inopin\u00e9e du pr\u00e9sident de la R\u00e9publique, Kais Saied, le 30 octobre dernier.<\/p>\n<p>Aussit\u00f4t, Abdelaziz Makhloufi, pr\u00e9sident du Club Sportif Sfaxien et un des plus grands producteurs et exportateurs d\u2019huile d\u2019olive en Tunisie, a \u00e9t\u00e9 auditionn\u00e9 une premi\u00e8re fois, le 31 octobre, par une brigade s\u00e9curitaire \u00e0 Mahres puis a \u00e9t\u00e9 convoqu\u00e9 le 1er novembre par une brigade d&rsquo;El Aouina pour un interrogatoire avant d\u2019\u00eatre plac\u00e9 en d\u00e9tention vendredi soir dans le cadre de l\u2019affaire du domaine agricole Cha\u00e2l.<\/p>\n<p>L&rsquo;enqu\u00eate li\u00e9e au dossier du domaine agricole Cha\u00e2l se d\u00e9roule sous l&rsquo;autorisation du minist\u00e8re public du tribunal de premi\u00e8re instance de Tunis et concerne \u00e9galement des agents et cadres du complexe rattach\u00e9 au domaine agricole en question.<\/p>\n<p>Hier, le parquet du p\u00f4le judiciaire \u00e9conomique et financier a autoris\u00e9, l\u2019arrestation et le placement en garde \u00e0 vue de l\u2019ancien ministre de l\u2019Agriculture, Samir Taieb par les agents de l\u2019unit\u00e9 d\u2019enqu\u00eate sur les d\u00e9lits financiers complexes, relevant de la direction de la police judiciaire d\u2019El Gorjani.<\/p>\n<p>L\u2019ancien ministre a \u00e9t\u00e9 auditionn\u00e9 tout comme son ancien chef de cabinet, un ancien directeur g\u00e9n\u00e9ral de l\u2019Office des terres domaniales et plusieurs cadres et agents du domaine agricole Cha\u00e2l. Et \u00e0 la suite de ces interrogatoires, ils ont tous \u00e9t\u00e9 plac\u00e9s en d\u00e9tention provisoire, en attendant la poursuite de l\u2019enqu\u00eate.<\/p>\n<p>Mercredi dernier le pr\u00e9sident de la R\u00e9publique a effectu\u00e9 une visite inopin\u00e9e au domaine agricole Cha\u00e2l, o\u00f9 il a critiqu\u00e9 la mauvaise gestion de cette exploitation appartenant \u00e0 l\u2019Etat. Il a \u00e9galement \u00e9voqu\u00e9 l\u2019existence de corruption financi\u00e8re et administrative au domaine agricole Cha\u00e2l.<\/p>\n<p>Ce site situ\u00e9 dans le gouvernorat de Sfax est particuli\u00e8rement remarquable, abritant environ 400.000 oliviers, ce qui en fait la deuxi\u00e8me plus grande oliveraie au monde, avec une superficie de 5187,24 hectares.<\/p>\n","protected":false},"excerpt":{"rendered":"<p>Apr\u00e8s l\u2019arrestation d\u2019Abdelaziz Makhloufi, un des plus grands producteurs et exportateurs d\u2019huile d\u2019olive en Tunisie, un ancien ministre de l\u2019Agriculture a \u00e9t\u00e9&#8230;<\/p>\n","protected":false},"author":3162,"featured_media":246162,"comment_status":"open","ping_status":"closed","sticky":false,"template":"","format":"standard","meta":{"footnotes":""},"categories":[44],"tags":[5046,5178,3045,2614,5179,2675],"class_list":["post-217375","post","type-post","status-publish","format-standard","has-post-thumbnail","hentry","category-national","tag-domaine-agricole","tag-domaine-chaal","tag-garde-a-vue","tag-kais-saied","tag-samir-taieb","tag-sfax"],"yoast_head":"<!-- This site is optimized with the Yoast SEO Premium plugin v27.4 (Yoast SEO v27.5) - https:\/\/yoast.com\/product\/yoast-seo-premium-wordpress\/ -->\n<title>Tunisie : L\u2019ancien ministre Samir Taieb en garde \u00e0 vue<\/title>\n<meta name=\"description\" content=\"Apr\u00e8s l\u2019arrestation d\u2019Abdelaziz Makhloufi, un des plus grands producteurs et exportateurs d\u2019huile d\u2019olive en Tunisie, un ancien ministre de l\u2019Agriculture a \u00e9t\u00e9...\" \/>\n<link rel=\"canonical\" href=\"https:\/\/www.webdo.tn\/fr\/actualite\/national\/tunisie-l-ancien-ministre-samir-taieb-en-garde-a-vue\/217375\/\" \/>\n<meta property=\"og:locale\" content=\"fr_FR\" \/>\n<meta property=\"og:type\" content=\"article\" \/>\n<meta property=\"og:title\" content=\"Tunisie : L\u2019ancien ministre Samir Taieb en garde \u00e0 vue\" \/>\n<meta property=\"og:description\" content=\"Apr\u00e8s l\u2019arrestation d\u2019Abdelaziz Makhloufi, un des plus grands producteurs et exportateurs d\u2019huile d\u2019olive en Tunisie, un ancien ministre de l\u2019Agriculture a \u00e9t\u00e9...\" \/>\n<meta property=\"og:url\" content=\"https:\/\/www.webdo.tn\/fr\/actualite\/national\/tunisie-l-ancien-ministre-samir-taieb-en-garde-a-vue\/217375\/\" \/>\n<meta property=\"og:site_name\" content=\"webdo\" \/>\n<meta property=\"article:publisher\" content=\"https:\/\/www.facebook.com\/webdotn\" \/>\n<meta property=\"article:published_time\" content=\"2024-11-04T12:57:00+00:00\" \/>\n<meta property=\"article:modified_time\" content=\"2025-05-20T21:47:05+00:00\" \/>\n<meta property=\"og:image\" content=\"https:\/\/www.webdo.tn\/fr\/wp-content\/uploads\/2024\/11\/e0e059468c658a0007a2ae8f6df61bdf.webp\" \/>\n\t<meta property=\"og:image:width\" content=\"750\" \/>\n\t<meta property=\"og:image:height\" content=\"400\" \/>\n\t<meta property=\"og:image:type\" content=\"image\/webp\" \/>\n<meta name=\"author\" content=\"MC\" \/>\n<meta name=\"twitter:card\" content=\"summary_large_image\" \/>\n<meta name=\"twitter:creator\" content=\"@webdo_tn\" \/>\n<meta name=\"twitter:site\" content=\"@webdo_tn\" \/>\n<meta name=\"twitter:label1\" content=\"\u00c9crit par\" \/>\n\t<meta name=\"twitter:data1\" content=\"MC\" \/>\n\t<meta name=\"twitter:label2\" content=\"Dur\u00e9e de lecture estim\u00e9e\" \/>\n\t<meta name=\"twitter:data2\" content=\"2 minutes\" \/>\n<script type=\"application\/ld+json\" class=\"yoast-schema-graph\">{\"@context\":\"https:\\\/\\\/schema.org\",\"@graph\":[{\"@type\":\"NewsArticle\",\"@id\":\"https:\\\/\\\/www.webdo.tn\\\/fr\\\/actualite\\\/national\\\/tunisie-l-ancien-ministre-samir-taieb-en-garde-a-vue\\\/217375\\\/#article\",\"isPartOf\":{\"@id\":\"https:\\\/\\\/www.webdo.tn\\\/fr\\\/actualite\\\/national\\\/tunisie-l-ancien-ministre-samir-taieb-en-garde-a-vue\\\/217375\\\/\"},\"author\":{\"name\":\"MC\",\"@id\":\"https:\\\/\\\/www.webdo.tn\\\/fr\\\/#\\\/schema\\\/person\\\/2c4929cbf5a809e3bd38617c6ce150f6\"},\"headline\":\"Tunisie : L\u2019ancien ministre Samir Taieb en garde \u00e0 vue\",\"datePublished\":\"2024-11-04T12:57:00+00:00\",\"dateModified\":\"2025-05-20T21:47:05+00:00\",\"mainEntityOfPage\":{\"@id\":\"https:\\\/\\\/www.webdo.tn\\\/fr\\\/actualite\\\/national\\\/tunisie-l-ancien-ministre-samir-taieb-en-garde-a-vue\\\/217375\\\/\"},\"wordCount\":400,\"commentCount\":0,\"publisher\":{\"@id\":\"https:\\\/\\\/www.webdo.tn\\\/fr\\\/#organization\"},\"image\":{\"@id\":\"https:\\\/\\\/www.webdo.tn\\\/fr\\\/actualite\\\/national\\\/tunisie-l-ancien-ministre-samir-taieb-en-garde-a-vue\\\/217375\\\/#primaryimage\"},\"thumbnailUrl\":\"https:\\\/\\\/www.webdo.tn\\\/fr\\\/wp-content\\\/uploads\\\/2024\\\/11\\\/e0e059468c658a0007a2ae8f6df61bdf.webp\",\"keywords\":[\"domaine agricole\",\"domaine cha\u00e2l\",\"garde \u00e0 vue\",\"Kais Saied\",\"samir taieb\",\"Sfax\"],\"articleSection\":[\"National\"],\"inLanguage\":\"fr-FR\"},{\"@type\":\"WebPage\",\"@id\":\"https:\\\/\\\/www.webdo.tn\\\/fr\\\/actualite\\\/national\\\/tunisie-l-ancien-ministre-samir-taieb-en-garde-a-vue\\\/217375\\\/\",\"url\":\"https:\\\/\\\/www.webdo.tn\\\/fr\\\/actualite\\\/national\\\/tunisie-l-ancien-ministre-samir-taieb-en-garde-a-vue\\\/217375\\\/\",\"name\":\"Tunisie : L\u2019ancien ministre Samir Taieb en garde \u00e0 vue\",\"isPartOf\":{\"@id\":\"https:\\\/\\\/www.webdo.tn\\\/fr\\\/#website\"},\"primaryImageOfPage\":{\"@id\":\"https:\\\/\\\/www.webdo.tn\\\/fr\\\/actualite\\\/national\\\/tunisie-l-ancien-ministre-samir-taieb-en-garde-a-vue\\\/217375\\\/#primaryimage\"},\"image\":{\"@id\":\"https:\\\/\\\/www.webdo.tn\\\/fr\\\/actualite\\\/national\\\/tunisie-l-ancien-ministre-samir-taieb-en-garde-a-vue\\\/217375\\\/#primaryimage\"},\"thumbnailUrl\":\"https:\\\/\\\/www.webdo.tn\\\/fr\\\/wp-content\\\/uploads\\\/2024\\\/11\\\/e0e059468c658a0007a2ae8f6df61bdf.webp\",\"datePublished\":\"2024-11-04T12:57:00+00:00\",\"dateModified\":\"2025-05-20T21:47:05+00:00\",\"description\":\"Apr\u00e8s l\u2019arrestation d\u2019Abdelaziz Makhloufi, un des plus grands producteurs et exportateurs d\u2019huile d\u2019olive en Tunisie, un ancien ministre de l\u2019Agriculture a \u00e9t\u00e9...\",\"breadcrumb\":{\"@id\":\"https:\\\/\\\/www.webdo.tn\\\/fr\\\/actualite\\\/national\\\/tunisie-l-ancien-ministre-samir-taieb-en-garde-a-vue\\\/217375\\\/#breadcrumb\"},\"inLanguage\":\"fr-FR\",\"potentialAction\":[{\"@type\":\"ReadAction\",\"target\":[\"https:\\\/\\\/www.webdo.tn\\\/fr\\\/actualite\\\/national\\\/tunisie-l-ancien-ministre-samir-taieb-en-garde-a-vue\\\/217375\\\/\"]}]},{\"@type\":\"ImageObject\",\"inLanguage\":\"fr-FR\",\"@id\":\"https:\\\/\\\/www.webdo.tn\\\/fr\\\/actualite\\\/national\\\/tunisie-l-ancien-ministre-samir-taieb-en-garde-a-vue\\\/217375\\\/#primaryimage\",\"url\":\"https:\\\/\\\/www.webdo.tn\\\/fr\\\/wp-content\\\/uploads\\\/2024\\\/11\\\/e0e059468c658a0007a2ae8f6df61bdf.webp\",\"contentUrl\":\"https:\\\/\\\/www.webdo.tn\\\/fr\\\/wp-content\\\/uploads\\\/2024\\\/11\\\/e0e059468c658a0007a2ae8f6df61bdf.webp\",\"width\":750,\"height\":400,\"caption\":\"Tunisie : L\u2019ancien ministre Samir Taieb en garde \u00e0 vue\"},{\"@type\":\"BreadcrumbList\",\"@id\":\"https:\\\/\\\/www.webdo.tn\\\/fr\\\/actualite\\\/national\\\/tunisie-l-ancien-ministre-samir-taieb-en-garde-a-vue\\\/217375\\\/#breadcrumb\",\"itemListElement\":[{\"@type\":\"ListItem\",\"position\":1,\"name\":\"Accueil\",\"item\":\"https:\\\/\\\/www.webdo.tn\\\/fr\\\/\"},{\"@type\":\"ListItem\",\"position\":2,\"name\":\"Tunisie : L\u2019ancien ministre Samir Taieb en garde \u00e0 vue\"}]},{\"@type\":\"WebSite\",\"@id\":\"https:\\\/\\\/www.webdo.tn\\\/fr\\\/#website\",\"url\":\"https:\\\/\\\/www.webdo.tn\\\/fr\\\/\",\"name\":\"webdo\",\"description\":\"Tunisie - News en Tunisie et \u00e0 l&#039;international sur Webdo.tn\",\"publisher\":{\"@id\":\"https:\\\/\\\/www.webdo.tn\\\/fr\\\/#organization\"},\"potentialAction\":[{\"@type\":\"SearchAction\",\"target\":{\"@type\":\"EntryPoint\",\"urlTemplate\":\"https:\\\/\\\/www.webdo.tn\\\/fr\\\/?s={search_term_string}\"},\"query-input\":{\"@type\":\"PropertyValueSpecification\",\"valueRequired\":true,\"valueName\":\"search_term_string\"}}],\"inLanguage\":\"fr-FR\"},{\"@type\":\"Organization\",\"@id\":\"https:\\\/\\\/www.webdo.tn\\\/fr\\\/#organization\",\"name\":\"Webdo\",\"alternateName\":\"Webdo.tn\",\"url\":\"https:\\\/\\\/www.webdo.tn\\\/fr\\\/\",\"logo\":{\"@type\":\"ImageObject\",\"inLanguage\":\"fr-FR\",\"@id\":\"https:\\\/\\\/www.webdo.tn\\\/fr\\\/#\\\/schema\\\/logo\\\/image\\\/\",\"url\":\"https:\\\/\\\/www.webdo.tn\\\/fr\\\/wp-content\\\/uploads\\\/2025\\\/06\\\/Webdo-Tunisie_168377.jpg\",\"contentUrl\":\"https:\\\/\\\/www.webdo.tn\\\/fr\\\/wp-content\\\/uploads\\\/2025\\\/06\\\/Webdo-Tunisie_168377.jpg\",\"width\":301,\"height\":301,\"caption\":\"Webdo\"},\"image\":{\"@id\":\"https:\\\/\\\/www.webdo.tn\\\/fr\\\/#\\\/schema\\\/logo\\\/image\\\/\"},\"sameAs\":[\"https:\\\/\\\/www.facebook.com\\\/webdotn\",\"https:\\\/\\\/x.com\\\/webdo_tn\"],\"description\":\"Webdo est un m\u00e9dia num\u00e9rique tunisien fond\u00e9 en 2010, sp\u00e9cialis\u00e9 dans l\u2019actualit\u00e9 nationale et internationale, l\u2019\u00e9conomie, la soci\u00e9t\u00e9 et les analyses politiques. Le site s\u2019adresse \u00e0 un large public francophone et couvre l\u2019information tunisienne en temps r\u00e9el.\",\"email\":\"redac@webdo.tn\",\"legalName\":\"YNJ SARL\",\"foundingDate\":\"2010-09-06\",\"numberOfEmployees\":{\"@type\":\"QuantitativeValue\",\"minValue\":\"11\",\"maxValue\":\"50\"}},{\"@type\":\"Person\",\"@id\":\"https:\\\/\\\/www.webdo.tn\\\/fr\\\/#\\\/schema\\\/person\\\/2c4929cbf5a809e3bd38617c6ce150f6\",\"name\":\"MC\",\"image\":{\"@type\":\"ImageObject\",\"inLanguage\":\"fr-FR\",\"@id\":\"https:\\\/\\\/secure.gravatar.com\\\/avatar\\\/a545bbb6f84efdd5553dbbc2895e3ca8f1d12c5215e00a041c9670b54aa9b18a?s=96&d=mm&r=g\",\"url\":\"https:\\\/\\\/secure.gravatar.com\\\/avatar\\\/a545bbb6f84efdd5553dbbc2895e3ca8f1d12c5215e00a041c9670b54aa9b18a?s=96&d=mm&r=g\",\"contentUrl\":\"https:\\\/\\\/secure.gravatar.com\\\/avatar\\\/a545bbb6f84efdd5553dbbc2895e3ca8f1d12c5215e00a041c9670b54aa9b18a?s=96&d=mm&r=g\",\"caption\":\"MC\"},\"url\":\"https:\\\/\\\/www.webdo.tn\\\/fr\\\/actualite\\\/author\\\/mc\\\/\"}]}<\/script>\n<!-- \/ Yoast SEO Premium plugin. -->","yoast_head_json":{"title":"Tunisie : L\u2019ancien ministre Samir Taieb en garde \u00e0 vue","description":"Apr\u00e8s l\u2019arrestation d\u2019Abdelaziz Makhloufi, un des plus grands producteurs et exportateurs d\u2019huile d\u2019olive en Tunisie, un ancien ministre de l\u2019Agriculture a \u00e9t\u00e9...","canonical":"https:\/\/www.webdo.tn\/fr\/actualite\/national\/tunisie-l-ancien-ministre-samir-taieb-en-garde-a-vue\/217375\/","og_locale":"fr_FR","og_type":"article","og_title":"Tunisie : L\u2019ancien ministre Samir Taieb en garde \u00e0 vue","og_description":"Apr\u00e8s l\u2019arrestation d\u2019Abdelaziz Makhloufi, un des plus grands producteurs et exportateurs d\u2019huile d\u2019olive en Tunisie, un ancien ministre de l\u2019Agriculture a \u00e9t\u00e9...","og_url":"https:\/\/www.webdo.tn\/fr\/actualite\/national\/tunisie-l-ancien-ministre-samir-taieb-en-garde-a-vue\/217375\/","og_site_name":"webdo","article_publisher":"https:\/\/www.facebook.com\/webdotn","article_published_time":"2024-11-04T12:57:00+00:00","article_modified_time":"2025-05-20T21:47:05+00:00","og_image":[{"width":750,"height":400,"url":"https:\/\/www.webdo.tn\/fr\/wp-content\/uploads\/2024\/11\/e0e059468c658a0007a2ae8f6df61bdf.webp","type":"image\/webp"}],"author":"MC","twitter_card":"summary_large_image","twitter_creator":"@webdo_tn","twitter_site":"@webdo_tn","twitter_misc":{"\u00c9crit par":"MC","Dur\u00e9e de lecture estim\u00e9e":"2 minutes"},"schema":{"@context":"https:\/\/schema.org","@graph":[{"@type":"NewsArticle","@id":"https:\/\/www.webdo.tn\/fr\/actualite\/national\/tunisie-l-ancien-ministre-samir-taieb-en-garde-a-vue\/217375\/#article","isPartOf":{"@id":"https:\/\/www.webdo.tn\/fr\/actualite\/national\/tunisie-l-ancien-ministre-samir-taieb-en-garde-a-vue\/217375\/"},"author":{"name":"MC","@id":"https:\/\/www.webdo.tn\/fr\/#\/schema\/person\/2c4929cbf5a809e3bd38617c6ce150f6"},"headline":"Tunisie : L\u2019ancien ministre Samir Taieb en garde \u00e0 vue","datePublished":"2024-11-04T12:57:00+00:00","dateModified":"2025-05-20T21:47:05+00:00","mainEntityOfPage":{"@id":"https:\/\/www.webdo.tn\/fr\/actualite\/national\/tunisie-l-ancien-ministre-samir-taieb-en-garde-a-vue\/217375\/"},"wordCount":400,"commentCount":0,"publisher":{"@id":"https:\/\/www.webdo.tn\/fr\/#organization"},"image":{"@id":"https:\/\/www.webdo.tn\/fr\/actualite\/national\/tunisie-l-ancien-ministre-samir-taieb-en-garde-a-vue\/217375\/#primaryimage"},"thumbnailUrl":"https:\/\/www.webdo.tn\/fr\/wp-content\/uploads\/2024\/11\/e0e059468c658a0007a2ae8f6df61bdf.webp","keywords":["domaine agricole","domaine cha\u00e2l","garde \u00e0 vue","Kais Saied","samir taieb","Sfax"],"articleSection":["National"],"inLanguage":"fr-FR"},{"@type":"WebPage","@id":"https:\/\/www.webdo.tn\/fr\/actualite\/national\/tunisie-l-ancien-ministre-samir-taieb-en-garde-a-vue\/217375\/","url":"https:\/\/www.webdo.tn\/fr\/actualite\/national\/tunisie-l-ancien-ministre-samir-taieb-en-garde-a-vue\/217375\/","name":"Tunisie : L\u2019ancien ministre Samir Taieb en garde \u00e0 vue","isPartOf":{"@id":"https:\/\/www.webdo.tn\/fr\/#website"},"primaryImageOfPage":{"@id":"https:\/\/www.webdo.tn\/fr\/actualite\/national\/tunisie-l-ancien-ministre-samir-taieb-en-garde-a-vue\/217375\/#primaryimage"},"image":{"@id":"https:\/\/www.webdo.tn\/fr\/actualite\/national\/tunisie-l-ancien-ministre-samir-taieb-en-garde-a-vue\/217375\/#primaryimage"},"thumbnailUrl":"https:\/\/www.webdo.tn\/fr\/wp-content\/uploads\/2024\/11\/e0e059468c658a0007a2ae8f6df61bdf.webp","datePublished":"2024-11-04T12:57:00+00:00","dateModified":"2025-05-20T21:47:05+00:00","description":"Apr\u00e8s l\u2019arrestation d\u2019Abdelaziz Makhloufi, un des plus grands producteurs et exportateurs d\u2019huile d\u2019olive en Tunisie, un ancien ministre de l\u2019Agriculture a \u00e9t\u00e9...","breadcrumb":{"@id":"https:\/\/www.webdo.tn\/fr\/actualite\/national\/tunisie-l-ancien-ministre-samir-taieb-en-garde-a-vue\/217375\/#breadcrumb"},"inLanguage":"fr-FR","potentialAction":[{"@type":"ReadAction","target":["https:\/\/www.webdo.tn\/fr\/actualite\/national\/tunisie-l-ancien-ministre-samir-taieb-en-garde-a-vue\/217375\/"]}]},{"@type":"ImageObject","inLanguage":"fr-FR","@id":"https:\/\/www.webdo.tn\/fr\/actualite\/national\/tunisie-l-ancien-ministre-samir-taieb-en-garde-a-vue\/217375\/#primaryimage","url":"https:\/\/www.webdo.tn\/fr\/wp-content\/uploads\/2024\/11\/e0e059468c658a0007a2ae8f6df61bdf.webp","contentUrl":"https:\/\/www.webdo.tn\/fr\/wp-content\/uploads\/2024\/11\/e0e059468c658a0007a2ae8f6df61bdf.webp","width":750,"height":400,"caption":"Tunisie : L\u2019ancien ministre Samir Taieb en garde \u00e0 vue"},{"@type":"BreadcrumbList","@id":"https:\/\/www.webdo.tn\/fr\/actualite\/national\/tunisie-l-ancien-ministre-samir-taieb-en-garde-a-vue\/217375\/#breadcrumb","itemListElement":[{"@type":"ListItem","position":1,"name":"Accueil","item":"https:\/\/www.webdo.tn\/fr\/"},{"@type":"ListItem","position":2,"name":"Tunisie : L\u2019ancien ministre Samir Taieb en garde \u00e0 vue"}]},{"@type":"WebSite","@id":"https:\/\/www.webdo.tn\/fr\/#website","url":"https:\/\/www.webdo.tn\/fr\/","name":"webdo","description":"Tunisie - News en Tunisie et \u00e0 l&#039;international sur Webdo.tn","publisher":{"@id":"https:\/\/www.webdo.tn\/fr\/#organization"},"potentialAction":[{"@type":"SearchAction","target":{"@type":"EntryPoint","urlTemplate":"https:\/\/www.webdo.tn\/fr\/?s={search_term_string}"},"query-input":{"@type":"PropertyValueSpecification","valueRequired":true,"valueName":"search_term_string"}}],"inLanguage":"fr-FR"},{"@type":"Organization","@id":"https:\/\/www.webdo.tn\/fr\/#organization","name":"Webdo","alternateName":"Webdo.tn","url":"https:\/\/www.webdo.tn\/fr\/","logo":{"@type":"ImageObject","inLanguage":"fr-FR","@id":"https:\/\/www.webdo.tn\/fr\/#\/schema\/logo\/image\/","url":"https:\/\/www.webdo.tn\/fr\/wp-content\/uploads\/2025\/06\/Webdo-Tunisie_168377.jpg","contentUrl":"https:\/\/www.webdo.tn\/fr\/wp-content\/uploads\/2025\/06\/Webdo-Tunisie_168377.jpg","width":301,"height":301,"caption":"Webdo"},"image":{"@id":"https:\/\/www.webdo.tn\/fr\/#\/schema\/logo\/image\/"},"sameAs":["https:\/\/www.facebook.com\/webdotn","https:\/\/x.com\/webdo_tn"],"description":"Webdo est un m\u00e9dia num\u00e9rique tunisien fond\u00e9 en 2010, sp\u00e9cialis\u00e9 dans l\u2019actualit\u00e9 nationale et internationale, l\u2019\u00e9conomie, la soci\u00e9t\u00e9 et les analyses politiques. Le site s\u2019adresse \u00e0 un large public francophone et couvre l\u2019information tunisienne en temps r\u00e9el.","email":"redac@webdo.tn","legalName":"YNJ SARL","foundingDate":"2010-09-06","numberOfEmployees":{"@type":"QuantitativeValue","minValue":"11","maxValue":"50"}},{"@type":"Person","@id":"https:\/\/www.webdo.tn\/fr\/#\/schema\/person\/2c4929cbf5a809e3bd38617c6ce150f6","name":"MC","image":{"@type":"ImageObject","inLanguage":"fr-FR","@id":"https:\/\/secure.gravatar.com\/avatar\/a545bbb6f84efdd5553dbbc2895e3ca8f1d12c5215e00a041c9670b54aa9b18a?s=96&d=mm&r=g","url":"https:\/\/secure.gravatar.com\/avatar\/a545bbb6f84efdd5553dbbc2895e3ca8f1d12c5215e00a041c9670b54aa9b18a?s=96&d=mm&r=g","contentUrl":"https:\/\/secure.gravatar.com\/avatar\/a545bbb6f84efdd5553dbbc2895e3ca8f1d12c5215e00a041c9670b54aa9b18a?s=96&d=mm&r=g","caption":"MC"},"url":"https:\/\/www.webdo.tn\/fr\/actualite\/author\/mc\/"}]}},"_links":{"self":[{"href":"https:\/\/www.webdo.tn\/fr\/wp-json\/wp\/v2\/posts\/217375","targetHints":{"allow":["GET"]}}],"collection":[{"href":"https:\/\/www.webdo.tn\/fr\/wp-json\/wp\/v2\/posts"}],"about":[{"href":"https:\/\/www.webdo.tn\/fr\/wp-json\/wp\/v2\/types\/post"}],"author":[{"embeddable":true,"href":"https:\/\/www.webdo.tn\/fr\/wp-json\/wp\/v2\/users\/3162"}],"replies":[{"embeddable":true,"href":"https:\/\/www.webdo.tn\/fr\/wp-json\/wp\/v2\/comments?post=217375"}],"version-history":[{"count":0,"href":"https:\/\/www.webdo.tn\/fr\/wp-json\/wp\/v2\/posts\/217375\/revisions"}],"wp:featuredmedia":[{"embeddable":true,"href":"https:\/\/www.webdo.tn\/fr\/wp-json\/wp\/v2\/media\/246162"}],"wp:attachment":[{"href":"https:\/\/www.webdo.tn\/fr\/wp-json\/wp\/v2\/media?parent=217375"}],"wp:term":[{"taxonomy":"category","embeddable":true,"href":"https:\/\/www.webdo.tn\/fr\/wp-json\/wp\/v2\/categories?post=217375"},{"taxonomy":"post_tag","embeddable":true,"href":"https:\/\/www.webdo.tn\/fr\/wp-json\/wp\/v2\/tags?post=217375"}],"curies":[{"name":"wp","href":"https:\/\/api.w.org\/{rel}","templated":true}]}}