{"id":217371,"date":"2024-11-04T11:06:00","date_gmt":"2024-11-04T11:06:00","guid":{"rendered":"https:\/\/www.webdo.tn\/fr\/blog\/la-ministre-italienne-du-travail-en-visite-officielle-en-tunisie\/217371\/"},"modified":"2025-05-20T22:14:49","modified_gmt":"2025-05-20T22:14:49","slug":"la-ministre-italienne-du-travail-en-visite-officielle-en-tunisie","status":"publish","type":"post","link":"https:\/\/www.webdo.tn\/fr\/actualite\/national\/la-ministre-italienne-du-travail-en-visite-officielle-en-tunisie\/217371\/","title":{"rendered":"La ministre italienne du Travail en visite officielle en Tunisie"},"content":{"rendered":"<p>La ministre italienne du Travail et des Politiques sociales, Marina Elvira Calderone, effectue aujourd\u2019hui une visite officielle en Tunisie dans le cadre du partenariat entre les deux pays sur la migration r\u00e9guli\u00e8re.<\/p>\n<p>\t\t\t\t\t\t\t\t\tCette visite tend en effet \u00e0 renforcer la coop\u00e9ration bilat\u00e9rale dans le domaine de la migration r\u00e9guli\u00e8re et du d\u00e9veloppement des comp\u00e9tences.<\/p>\n<p>L\u2019Italie cherche \u00e0 d\u00e9velopper, avec la Tunisie des programmes permettant aux travailleurs tunisiens d\u2019am\u00e9liorer leurs comp\u00e9tences professionnelles afin de r\u00e9pondre aux besoins du march\u00e9 italien, notamment dans les secteurs de la construction et des infrastructures.<\/p>\n<p>Dans ce cadre, l&rsquo;Organisation internationale pour les migrations (OIM) a r\u00e9cemment lanc\u00e9 un appel \u00e0 candidatures pour les dipl\u00f4m\u00e9s des centres de formation professionnelle publics et priv\u00e9s, afin de pourvoir 400 postes dans les secteurs du b\u00e2timent et des infrastructures en Italie.<\/p>\n<p>En f\u00e9vrier dernier, l&rsquo;ambassadeur d&rsquo;Italie en Tunisie, Alexandro Prunas, avait annonc\u00e9 que 2000 dipl\u00f4m\u00e9s tunisiens du syst\u00e8me de formation professionnelle seront recrut\u00e9s dans les secteurs du b\u00e2timent et des travaux publics en Italie au cours de la p\u00e9riode 2024-2026.<\/p>\n<p>Une initiative qui s&rsquo;inscrit dans le cadre de la mise en \u0153uvre d&rsquo;un accord-cadre visant \u00e0 faciliter l&rsquo;int\u00e9gration professionnelle des jeunes Tunisiens dans le secteur de la construction en Italie sachant qu\u2019en octobre 2023 la Tunisie et l\u2019Italie ont sign\u00e9 \u00e0 Tunis un m\u00e9morandum d&rsquo;accord sur la migration r\u00e9guli\u00e8re permettant \u00e0 4000 travailleurs tunisiens qualifi\u00e9s de b\u00e9n\u00e9ficier de la possibilit\u00e9 de travailler en Italie de mani\u00e8re l\u00e9gale.<\/p>\n","protected":false},"excerpt":{"rendered":"<p>La ministre italienne du Travail et des Politiques sociales, Marina Elvira Calderone, effectue aujourd\u2019hui une visite officielle en Tunisie dans le cadre du par&#8230;<\/p>\n","protected":false},"author":3162,"featured_media":291266,"comment_status":"open","ping_status":"closed","sticky":false,"template":"","format":"standard","meta":{"footnotes":""},"categories":[44],"tags":[10595,3049,2660,2608],"class_list":["post-217371","post","type-post","status-publish","format-standard","has-post-thumbnail","hentry","category-national","tag-migration-reguliere","tag-emploi","tag-italie","tag-tunisie"],"yoast_head":"<!-- This site is optimized with the Yoast SEO Premium plugin v27.4 (Yoast SEO v27.4) - https:\/\/yoast.com\/product\/yoast-seo-premium-wordpress\/ -->\n<title>La ministre italienne du Travail en visite officielle en Tunisie<\/title>\n<meta name=\"description\" content=\"La ministre italienne du Travail et des Politiques sociales, Marina Elvira Calderone, effectue aujourd\u2019hui une visite officielle en Tunisie dans le cadre du par...\" \/>\n<link rel=\"canonical\" href=\"https:\/\/www.webdo.tn\/fr\/actualite\/national\/la-ministre-italienne-du-travail-en-visite-officielle-en-tunisie\/217371\/\" \/>\n<meta property=\"og:locale\" content=\"fr_FR\" \/>\n<meta property=\"og:type\" content=\"article\" \/>\n<meta property=\"og:title\" content=\"La ministre italienne du Travail en visite officielle en Tunisie\" \/>\n<meta property=\"og:description\" content=\"La ministre italienne du Travail et des Politiques sociales, Marina Elvira Calderone, effectue aujourd\u2019hui une visite officielle en Tunisie dans le cadre du par...\" \/>\n<meta property=\"og:url\" content=\"https:\/\/www.webdo.tn\/fr\/actualite\/national\/la-ministre-italienne-du-travail-en-visite-officielle-en-tunisie\/217371\/\" \/>\n<meta property=\"og:site_name\" content=\"webdo\" \/>\n<meta property=\"article:publisher\" content=\"https:\/\/www.facebook.com\/webdotn\" \/>\n<meta property=\"article:published_time\" content=\"2024-11-04T11:06:00+00:00\" \/>\n<meta property=\"article:modified_time\" content=\"2025-05-20T22:14:49+00:00\" \/>\n<meta property=\"og:image\" content=\"https:\/\/www.webdo.tn\/fr\/wp-content\/uploads\/2024\/11\/1a6d47a14ab1cd10c8f2b49ea1855794.webp\" \/>\n\t<meta property=\"og:image:width\" content=\"750\" \/>\n\t<meta property=\"og:image:height\" content=\"400\" \/>\n\t<meta property=\"og:image:type\" content=\"image\/webp\" \/>\n<meta name=\"author\" content=\"MC\" \/>\n<meta name=\"twitter:card\" content=\"summary_large_image\" \/>\n<meta name=\"twitter:creator\" content=\"@webdo_tn\" \/>\n<meta name=\"twitter:site\" content=\"@webdo_tn\" \/>\n<meta name=\"twitter:label1\" content=\"\u00c9crit par\" \/>\n\t<meta name=\"twitter:data1\" content=\"MC\" \/>\n\t<meta name=\"twitter:label2\" content=\"Dur\u00e9e de lecture estim\u00e9e\" \/>\n\t<meta name=\"twitter:data2\" content=\"1 minute\" \/>\n<script type=\"application\/ld+json\" class=\"yoast-schema-graph\">{\"@context\":\"https:\\\/\\\/schema.org\",\"@graph\":[{\"@type\":\"NewsArticle\",\"@id\":\"https:\\\/\\\/www.webdo.tn\\\/fr\\\/actualite\\\/national\\\/la-ministre-italienne-du-travail-en-visite-officielle-en-tunisie\\\/217371\\\/#article\",\"isPartOf\":{\"@id\":\"https:\\\/\\\/www.webdo.tn\\\/fr\\\/actualite\\\/national\\\/la-ministre-italienne-du-travail-en-visite-officielle-en-tunisie\\\/217371\\\/\"},\"author\":{\"name\":\"MC\",\"@id\":\"https:\\\/\\\/www.webdo.tn\\\/fr\\\/#\\\/schema\\\/person\\\/2c4929cbf5a809e3bd38617c6ce150f6\"},\"headline\":\"La ministre italienne du Travail en visite officielle en Tunisie\",\"datePublished\":\"2024-11-04T11:06:00+00:00\",\"dateModified\":\"2025-05-20T22:14:49+00:00\",\"mainEntityOfPage\":{\"@id\":\"https:\\\/\\\/www.webdo.tn\\\/fr\\\/actualite\\\/national\\\/la-ministre-italienne-du-travail-en-visite-officielle-en-tunisie\\\/217371\\\/\"},\"wordCount\":282,\"commentCount\":0,\"publisher\":{\"@id\":\"https:\\\/\\\/www.webdo.tn\\\/fr\\\/#organization\"},\"image\":{\"@id\":\"https:\\\/\\\/www.webdo.tn\\\/fr\\\/actualite\\\/national\\\/la-ministre-italienne-du-travail-en-visite-officielle-en-tunisie\\\/217371\\\/#primaryimage\"},\"thumbnailUrl\":\"https:\\\/\\\/www.webdo.tn\\\/fr\\\/wp-content\\\/uploads\\\/2024\\\/11\\\/1a6d47a14ab1cd10c8f2b49ea1855794.webp\",\"keywords\":[\"'migration r\u00e9guli\u00e8re']\",\"emploi\",\"Italie\",\"Tunisie\"],\"articleSection\":[\"National\"],\"inLanguage\":\"fr-FR\"},{\"@type\":\"WebPage\",\"@id\":\"https:\\\/\\\/www.webdo.tn\\\/fr\\\/actualite\\\/national\\\/la-ministre-italienne-du-travail-en-visite-officielle-en-tunisie\\\/217371\\\/\",\"url\":\"https:\\\/\\\/www.webdo.tn\\\/fr\\\/actualite\\\/national\\\/la-ministre-italienne-du-travail-en-visite-officielle-en-tunisie\\\/217371\\\/\",\"name\":\"La ministre italienne du Travail en visite officielle en Tunisie\",\"isPartOf\":{\"@id\":\"https:\\\/\\\/www.webdo.tn\\\/fr\\\/#website\"},\"primaryImageOfPage\":{\"@id\":\"https:\\\/\\\/www.webdo.tn\\\/fr\\\/actualite\\\/national\\\/la-ministre-italienne-du-travail-en-visite-officielle-en-tunisie\\\/217371\\\/#primaryimage\"},\"image\":{\"@id\":\"https:\\\/\\\/www.webdo.tn\\\/fr\\\/actualite\\\/national\\\/la-ministre-italienne-du-travail-en-visite-officielle-en-tunisie\\\/217371\\\/#primaryimage\"},\"thumbnailUrl\":\"https:\\\/\\\/www.webdo.tn\\\/fr\\\/wp-content\\\/uploads\\\/2024\\\/11\\\/1a6d47a14ab1cd10c8f2b49ea1855794.webp\",\"datePublished\":\"2024-11-04T11:06:00+00:00\",\"dateModified\":\"2025-05-20T22:14:49+00:00\",\"description\":\"La ministre italienne du Travail et des Politiques sociales, Marina Elvira Calderone, effectue aujourd\u2019hui une visite officielle en Tunisie dans le cadre du par...\",\"breadcrumb\":{\"@id\":\"https:\\\/\\\/www.webdo.tn\\\/fr\\\/actualite\\\/national\\\/la-ministre-italienne-du-travail-en-visite-officielle-en-tunisie\\\/217371\\\/#breadcrumb\"},\"inLanguage\":\"fr-FR\",\"potentialAction\":[{\"@type\":\"ReadAction\",\"target\":[\"https:\\\/\\\/www.webdo.tn\\\/fr\\\/actualite\\\/national\\\/la-ministre-italienne-du-travail-en-visite-officielle-en-tunisie\\\/217371\\\/\"]}]},{\"@type\":\"ImageObject\",\"inLanguage\":\"fr-FR\",\"@id\":\"https:\\\/\\\/www.webdo.tn\\\/fr\\\/actualite\\\/national\\\/la-ministre-italienne-du-travail-en-visite-officielle-en-tunisie\\\/217371\\\/#primaryimage\",\"url\":\"https:\\\/\\\/www.webdo.tn\\\/fr\\\/wp-content\\\/uploads\\\/2024\\\/11\\\/1a6d47a14ab1cd10c8f2b49ea1855794.webp\",\"contentUrl\":\"https:\\\/\\\/www.webdo.tn\\\/fr\\\/wp-content\\\/uploads\\\/2024\\\/11\\\/1a6d47a14ab1cd10c8f2b49ea1855794.webp\",\"width\":750,\"height\":400,\"caption\":\"La ministre italienne du Travail en visite officielle en Tunisie\"},{\"@type\":\"BreadcrumbList\",\"@id\":\"https:\\\/\\\/www.webdo.tn\\\/fr\\\/actualite\\\/national\\\/la-ministre-italienne-du-travail-en-visite-officielle-en-tunisie\\\/217371\\\/#breadcrumb\",\"itemListElement\":[{\"@type\":\"ListItem\",\"position\":1,\"name\":\"Accueil\",\"item\":\"https:\\\/\\\/www.webdo.tn\\\/fr\\\/\"},{\"@type\":\"ListItem\",\"position\":2,\"name\":\"La ministre italienne du Travail en visite officielle en Tunisie\"}]},{\"@type\":\"WebSite\",\"@id\":\"https:\\\/\\\/www.webdo.tn\\\/fr\\\/#website\",\"url\":\"https:\\\/\\\/www.webdo.tn\\\/fr\\\/\",\"name\":\"webdo\",\"description\":\"Tunisie - News en Tunisie et \u00e0 l&#039;international sur Webdo.tn\",\"publisher\":{\"@id\":\"https:\\\/\\\/www.webdo.tn\\\/fr\\\/#organization\"},\"potentialAction\":[{\"@type\":\"SearchAction\",\"target\":{\"@type\":\"EntryPoint\",\"urlTemplate\":\"https:\\\/\\\/www.webdo.tn\\\/fr\\\/?s={search_term_string}\"},\"query-input\":{\"@type\":\"PropertyValueSpecification\",\"valueRequired\":true,\"valueName\":\"search_term_string\"}}],\"inLanguage\":\"fr-FR\"},{\"@type\":\"Organization\",\"@id\":\"https:\\\/\\\/www.webdo.tn\\\/fr\\\/#organization\",\"name\":\"Webdo\",\"alternateName\":\"Webdo.tn\",\"url\":\"https:\\\/\\\/www.webdo.tn\\\/fr\\\/\",\"logo\":{\"@type\":\"ImageObject\",\"inLanguage\":\"fr-FR\",\"@id\":\"https:\\\/\\\/www.webdo.tn\\\/fr\\\/#\\\/schema\\\/logo\\\/image\\\/\",\"url\":\"https:\\\/\\\/www.webdo.tn\\\/fr\\\/wp-content\\\/uploads\\\/2025\\\/06\\\/Webdo-Tunisie_168377.jpg\",\"contentUrl\":\"https:\\\/\\\/www.webdo.tn\\\/fr\\\/wp-content\\\/uploads\\\/2025\\\/06\\\/Webdo-Tunisie_168377.jpg\",\"width\":301,\"height\":301,\"caption\":\"Webdo\"},\"image\":{\"@id\":\"https:\\\/\\\/www.webdo.tn\\\/fr\\\/#\\\/schema\\\/logo\\\/image\\\/\"},\"sameAs\":[\"https:\\\/\\\/www.facebook.com\\\/webdotn\",\"https:\\\/\\\/x.com\\\/webdo_tn\"],\"description\":\"Webdo est un m\u00e9dia num\u00e9rique tunisien fond\u00e9 en 2010, sp\u00e9cialis\u00e9 dans l\u2019actualit\u00e9 nationale et internationale, l\u2019\u00e9conomie, la soci\u00e9t\u00e9 et les analyses politiques. Le site s\u2019adresse \u00e0 un large public francophone et couvre l\u2019information tunisienne en temps r\u00e9el.\",\"email\":\"redac@webdo.tn\",\"legalName\":\"YNJ SARL\",\"foundingDate\":\"2010-09-06\",\"numberOfEmployees\":{\"@type\":\"QuantitativeValue\",\"minValue\":\"11\",\"maxValue\":\"50\"}},{\"@type\":\"Person\",\"@id\":\"https:\\\/\\\/www.webdo.tn\\\/fr\\\/#\\\/schema\\\/person\\\/2c4929cbf5a809e3bd38617c6ce150f6\",\"name\":\"MC\",\"image\":{\"@type\":\"ImageObject\",\"inLanguage\":\"fr-FR\",\"@id\":\"https:\\\/\\\/secure.gravatar.com\\\/avatar\\\/a545bbb6f84efdd5553dbbc2895e3ca8f1d12c5215e00a041c9670b54aa9b18a?s=96&d=mm&r=g\",\"url\":\"https:\\\/\\\/secure.gravatar.com\\\/avatar\\\/a545bbb6f84efdd5553dbbc2895e3ca8f1d12c5215e00a041c9670b54aa9b18a?s=96&d=mm&r=g\",\"contentUrl\":\"https:\\\/\\\/secure.gravatar.com\\\/avatar\\\/a545bbb6f84efdd5553dbbc2895e3ca8f1d12c5215e00a041c9670b54aa9b18a?s=96&d=mm&r=g\",\"caption\":\"MC\"},\"url\":\"https:\\\/\\\/www.webdo.tn\\\/fr\\\/actualite\\\/author\\\/mc\\\/\"}]}<\/script>\n<!-- \/ Yoast SEO Premium plugin. -->","yoast_head_json":{"title":"La ministre italienne du Travail en visite officielle en Tunisie","description":"La ministre italienne du Travail et des Politiques sociales, Marina Elvira Calderone, effectue aujourd\u2019hui une visite officielle en Tunisie dans le cadre du par...","canonical":"https:\/\/www.webdo.tn\/fr\/actualite\/national\/la-ministre-italienne-du-travail-en-visite-officielle-en-tunisie\/217371\/","og_locale":"fr_FR","og_type":"article","og_title":"La ministre italienne du Travail en visite officielle en Tunisie","og_description":"La ministre italienne du Travail et des Politiques sociales, Marina Elvira Calderone, effectue aujourd\u2019hui une visite officielle en Tunisie dans le cadre du par...","og_url":"https:\/\/www.webdo.tn\/fr\/actualite\/national\/la-ministre-italienne-du-travail-en-visite-officielle-en-tunisie\/217371\/","og_site_name":"webdo","article_publisher":"https:\/\/www.facebook.com\/webdotn","article_published_time":"2024-11-04T11:06:00+00:00","article_modified_time":"2025-05-20T22:14:49+00:00","og_image":[{"width":750,"height":400,"url":"https:\/\/www.webdo.tn\/fr\/wp-content\/uploads\/2024\/11\/1a6d47a14ab1cd10c8f2b49ea1855794.webp","type":"image\/webp"}],"author":"MC","twitter_card":"summary_large_image","twitter_creator":"@webdo_tn","twitter_site":"@webdo_tn","twitter_misc":{"\u00c9crit par":"MC","Dur\u00e9e de lecture estim\u00e9e":"1 minute"},"schema":{"@context":"https:\/\/schema.org","@graph":[{"@type":"NewsArticle","@id":"https:\/\/www.webdo.tn\/fr\/actualite\/national\/la-ministre-italienne-du-travail-en-visite-officielle-en-tunisie\/217371\/#article","isPartOf":{"@id":"https:\/\/www.webdo.tn\/fr\/actualite\/national\/la-ministre-italienne-du-travail-en-visite-officielle-en-tunisie\/217371\/"},"author":{"name":"MC","@id":"https:\/\/www.webdo.tn\/fr\/#\/schema\/person\/2c4929cbf5a809e3bd38617c6ce150f6"},"headline":"La ministre italienne du Travail en visite officielle en Tunisie","datePublished":"2024-11-04T11:06:00+00:00","dateModified":"2025-05-20T22:14:49+00:00","mainEntityOfPage":{"@id":"https:\/\/www.webdo.tn\/fr\/actualite\/national\/la-ministre-italienne-du-travail-en-visite-officielle-en-tunisie\/217371\/"},"wordCount":282,"commentCount":0,"publisher":{"@id":"https:\/\/www.webdo.tn\/fr\/#organization"},"image":{"@id":"https:\/\/www.webdo.tn\/fr\/actualite\/national\/la-ministre-italienne-du-travail-en-visite-officielle-en-tunisie\/217371\/#primaryimage"},"thumbnailUrl":"https:\/\/www.webdo.tn\/fr\/wp-content\/uploads\/2024\/11\/1a6d47a14ab1cd10c8f2b49ea1855794.webp","keywords":["'migration r\u00e9guli\u00e8re']","emploi","Italie","Tunisie"],"articleSection":["National"],"inLanguage":"fr-FR"},{"@type":"WebPage","@id":"https:\/\/www.webdo.tn\/fr\/actualite\/national\/la-ministre-italienne-du-travail-en-visite-officielle-en-tunisie\/217371\/","url":"https:\/\/www.webdo.tn\/fr\/actualite\/national\/la-ministre-italienne-du-travail-en-visite-officielle-en-tunisie\/217371\/","name":"La ministre italienne du Travail en visite officielle en Tunisie","isPartOf":{"@id":"https:\/\/www.webdo.tn\/fr\/#website"},"primaryImageOfPage":{"@id":"https:\/\/www.webdo.tn\/fr\/actualite\/national\/la-ministre-italienne-du-travail-en-visite-officielle-en-tunisie\/217371\/#primaryimage"},"image":{"@id":"https:\/\/www.webdo.tn\/fr\/actualite\/national\/la-ministre-italienne-du-travail-en-visite-officielle-en-tunisie\/217371\/#primaryimage"},"thumbnailUrl":"https:\/\/www.webdo.tn\/fr\/wp-content\/uploads\/2024\/11\/1a6d47a14ab1cd10c8f2b49ea1855794.webp","datePublished":"2024-11-04T11:06:00+00:00","dateModified":"2025-05-20T22:14:49+00:00","description":"La ministre italienne du Travail et des Politiques sociales, Marina Elvira Calderone, effectue aujourd\u2019hui une visite officielle en Tunisie dans le cadre du par...","breadcrumb":{"@id":"https:\/\/www.webdo.tn\/fr\/actualite\/national\/la-ministre-italienne-du-travail-en-visite-officielle-en-tunisie\/217371\/#breadcrumb"},"inLanguage":"fr-FR","potentialAction":[{"@type":"ReadAction","target":["https:\/\/www.webdo.tn\/fr\/actualite\/national\/la-ministre-italienne-du-travail-en-visite-officielle-en-tunisie\/217371\/"]}]},{"@type":"ImageObject","inLanguage":"fr-FR","@id":"https:\/\/www.webdo.tn\/fr\/actualite\/national\/la-ministre-italienne-du-travail-en-visite-officielle-en-tunisie\/217371\/#primaryimage","url":"https:\/\/www.webdo.tn\/fr\/wp-content\/uploads\/2024\/11\/1a6d47a14ab1cd10c8f2b49ea1855794.webp","contentUrl":"https:\/\/www.webdo.tn\/fr\/wp-content\/uploads\/2024\/11\/1a6d47a14ab1cd10c8f2b49ea1855794.webp","width":750,"height":400,"caption":"La ministre italienne du Travail en visite officielle en Tunisie"},{"@type":"BreadcrumbList","@id":"https:\/\/www.webdo.tn\/fr\/actualite\/national\/la-ministre-italienne-du-travail-en-visite-officielle-en-tunisie\/217371\/#breadcrumb","itemListElement":[{"@type":"ListItem","position":1,"name":"Accueil","item":"https:\/\/www.webdo.tn\/fr\/"},{"@type":"ListItem","position":2,"name":"La ministre italienne du Travail en visite officielle en Tunisie"}]},{"@type":"WebSite","@id":"https:\/\/www.webdo.tn\/fr\/#website","url":"https:\/\/www.webdo.tn\/fr\/","name":"webdo","description":"Tunisie - News en Tunisie et \u00e0 l&#039;international sur Webdo.tn","publisher":{"@id":"https:\/\/www.webdo.tn\/fr\/#organization"},"potentialAction":[{"@type":"SearchAction","target":{"@type":"EntryPoint","urlTemplate":"https:\/\/www.webdo.tn\/fr\/?s={search_term_string}"},"query-input":{"@type":"PropertyValueSpecification","valueRequired":true,"valueName":"search_term_string"}}],"inLanguage":"fr-FR"},{"@type":"Organization","@id":"https:\/\/www.webdo.tn\/fr\/#organization","name":"Webdo","alternateName":"Webdo.tn","url":"https:\/\/www.webdo.tn\/fr\/","logo":{"@type":"ImageObject","inLanguage":"fr-FR","@id":"https:\/\/www.webdo.tn\/fr\/#\/schema\/logo\/image\/","url":"https:\/\/www.webdo.tn\/fr\/wp-content\/uploads\/2025\/06\/Webdo-Tunisie_168377.jpg","contentUrl":"https:\/\/www.webdo.tn\/fr\/wp-content\/uploads\/2025\/06\/Webdo-Tunisie_168377.jpg","width":301,"height":301,"caption":"Webdo"},"image":{"@id":"https:\/\/www.webdo.tn\/fr\/#\/schema\/logo\/image\/"},"sameAs":["https:\/\/www.facebook.com\/webdotn","https:\/\/x.com\/webdo_tn"],"description":"Webdo est un m\u00e9dia num\u00e9rique tunisien fond\u00e9 en 2010, sp\u00e9cialis\u00e9 dans l\u2019actualit\u00e9 nationale et internationale, l\u2019\u00e9conomie, la soci\u00e9t\u00e9 et les analyses politiques. Le site s\u2019adresse \u00e0 un large public francophone et couvre l\u2019information tunisienne en temps r\u00e9el.","email":"redac@webdo.tn","legalName":"YNJ SARL","foundingDate":"2010-09-06","numberOfEmployees":{"@type":"QuantitativeValue","minValue":"11","maxValue":"50"}},{"@type":"Person","@id":"https:\/\/www.webdo.tn\/fr\/#\/schema\/person\/2c4929cbf5a809e3bd38617c6ce150f6","name":"MC","image":{"@type":"ImageObject","inLanguage":"fr-FR","@id":"https:\/\/secure.gravatar.com\/avatar\/a545bbb6f84efdd5553dbbc2895e3ca8f1d12c5215e00a041c9670b54aa9b18a?s=96&d=mm&r=g","url":"https:\/\/secure.gravatar.com\/avatar\/a545bbb6f84efdd5553dbbc2895e3ca8f1d12c5215e00a041c9670b54aa9b18a?s=96&d=mm&r=g","contentUrl":"https:\/\/secure.gravatar.com\/avatar\/a545bbb6f84efdd5553dbbc2895e3ca8f1d12c5215e00a041c9670b54aa9b18a?s=96&d=mm&r=g","caption":"MC"},"url":"https:\/\/www.webdo.tn\/fr\/actualite\/author\/mc\/"}]}},"_links":{"self":[{"href":"https:\/\/www.webdo.tn\/fr\/wp-json\/wp\/v2\/posts\/217371","targetHints":{"allow":["GET"]}}],"collection":[{"href":"https:\/\/www.webdo.tn\/fr\/wp-json\/wp\/v2\/posts"}],"about":[{"href":"https:\/\/www.webdo.tn\/fr\/wp-json\/wp\/v2\/types\/post"}],"author":[{"embeddable":true,"href":"https:\/\/www.webdo.tn\/fr\/wp-json\/wp\/v2\/users\/3162"}],"replies":[{"embeddable":true,"href":"https:\/\/www.webdo.tn\/fr\/wp-json\/wp\/v2\/comments?post=217371"}],"version-history":[{"count":0,"href":"https:\/\/www.webdo.tn\/fr\/wp-json\/wp\/v2\/posts\/217371\/revisions"}],"wp:featuredmedia":[{"embeddable":true,"href":"https:\/\/www.webdo.tn\/fr\/wp-json\/wp\/v2\/media\/291266"}],"wp:attachment":[{"href":"https:\/\/www.webdo.tn\/fr\/wp-json\/wp\/v2\/media?parent=217371"}],"wp:term":[{"taxonomy":"category","embeddable":true,"href":"https:\/\/www.webdo.tn\/fr\/wp-json\/wp\/v2\/categories?post=217371"},{"taxonomy":"post_tag","embeddable":true,"href":"https:\/\/www.webdo.tn\/fr\/wp-json\/wp\/v2\/tags?post=217371"}],"curies":[{"name":"wp","href":"https:\/\/api.w.org\/{rel}","templated":true}]}}