{"id":217362,"date":"2024-11-04T09:12:00","date_gmt":"2024-11-04T09:12:00","guid":{"rendered":"https:\/\/www.webdo.tn\/fr\/blog\/tunisie-domaine-chaal-un-ancien-ministre-de-l-agriculture-en-detention\/217362\/"},"modified":"2025-05-20T21:47:07","modified_gmt":"2025-05-20T21:47:07","slug":"tunisie-domaine-chaal-un-ancien-ministre-de-l-agriculture-en-detention","status":"publish","type":"post","link":"https:\/\/www.webdo.tn\/fr\/actualite\/national\/tunisie-domaine-chaal-un-ancien-ministre-de-l-agriculture-en-detention\/217362\/","title":{"rendered":"Tunisie &#8211; Domaine Cha\u00e2l : Un ancien ministre de l\u2019Agriculture en d\u00e9tention"},"content":{"rendered":"<p>Une visite inopin\u00e9e du pr\u00e9sident de la R\u00e9publique, Ka\u00efs Sa\u00efed, le 30 octobre dernier au domaine agricole Cha\u00e2l, dans le gouvernorat de Sfax, a tout d\u00e9clench\u00e9. Apr\u00e8s l\u2019arrestation d\u2019Abdelaziz Makhloufi, un des plus grands producteurs et exportateurs d\u2019huile d\u2019olive en Tunisie, un ancien ministre de l\u2019Agriculture a \u00e9t\u00e9 plac\u00e9 en d\u00e9tention.<\/p>\n<p>\t\t\t\t\t\t\t\t\tLe parquet du p\u00f4le judiciaire \u00e9conomique et financier a autoris\u00e9, hier dimanche 3 novembre, l\u2019arrestation d\u2019un ancien ministre de l\u2019Agriculture (dont le nom n\u2019a pas \u00e9t\u00e9 cit\u00e9) par les agents de l\u2019unit\u00e9 d\u2019enqu\u00eate sur les d\u00e9lits financiers complexes, relevant de la direction de la police judiciaire d\u2019El Gorjani.<\/p>\n<p>L\u2019ancien ministre a \u00e9t\u00e9 auditionn\u00e9 tout comme son ancien chef de cabinet, un ancien directeur g\u00e9n\u00e9ral de l\u2019Office des terres domaniales et plusieurs cadres et agents du domaine agricole Cha\u00e2l. Et \u00e0 la suite de ces interrogatoires, ils ont tous \u00e9t\u00e9 plac\u00e9s en d\u00e9tention provisoire, en attendant la poursuite de l\u2019enqu\u00eate.<\/p>\n<p>Arrestation d\u2019Abdelaziz Makhloufi<\/p>\n<p>Samedi, c\u2019est Abdelaziz Makhloufi, pr\u00e9sident du Club Sportif Sfaxien et un des plus grands producteurs et exportateurs d\u2019huile d\u2019olive en Tunisie, qui a \u00e9t\u00e9 plac\u00e9 en d\u00e9tention. Le pr\u00e9sident et fondateur du groupe CHO (production, conditionnement, distribution d\u2019huile d\u2019olive et produits d\u00e9riv\u00e9s) a \u00e9t\u00e9 convoqu\u00e9 pour audition concernant le domaine agricole Cha\u00e2l et a \u00e9t\u00e9 plac\u00e9 en garde \u00e0 vue.<\/p>\n<p>Abdelaziz Makhloufi a \u00e9t\u00e9 auditionn\u00e9 une premi\u00e8re fois, le 31 octobre, par une brigade s\u00e9curitaire \u00e0 Mahres puis a \u00e9t\u00e9 convoqu\u00e9 le 1er novembre par une brigade d&rsquo;El Aouina pour un interrogatoire avant d\u2019\u00eatre arr\u00eat\u00e9 vendredi soir.<\/p>\n<p>L&rsquo;enqu\u00eate li\u00e9e au dossier du domaine agricole Cha\u00e2l se d\u00e9roule sous l&rsquo;autorisation du minist\u00e8re public du tribunal de premi\u00e8re instance de Tunis et concerne \u00e9galement des agents et cadres du complexe rattach\u00e9 au domaine agricole en question.<\/p>\n<p>Kais Saied critique la mauvaise gestion<\/p>\n<p>A noter que mercredi dernier le pr\u00e9sident de la R\u00e9publique, Kais Saied a effectu\u00e9 une visite inopin\u00e9e au domaine agricole Cha\u00e2l, o\u00f9 il a critiqu\u00e9 la mauvaise gestion de cette exploitation appartenant \u00e0 l\u2019Etat. Il a \u00e9galement soulign\u00e9 \u00ab\u00a0la mauvaise gestion des biens de l\u2019Etat\u00a0\u00bb et \u00e9voqu\u00e9 l\u2019existence de corruption financi\u00e8re et administrative au domaine agricole Cha\u00e2l.<\/p>\n<p>Ce site situ\u00e9 dans le gouvernorat de Sfax est particuli\u00e8rement remarquable, abritant environ 400.000 oliviers, ce qui en fait la deuxi\u00e8me plus grande oliveraie au monde, avec une superficie de 5187,24 hectares.<\/p>\n<p>Henchir Chaal emploie 435 agents et travailleurs permanents, ainsi que 385 travailleurs temporaires. Propri\u00e9t\u00e9 de l&rsquo;\u00c9tat tunisien, cette oliveraie est sous sa gestion, englobant la r\u00e9colte des olives et leur transformation en huile. Cependant, elle souffre depuis plusieurs ann\u00e9es de probl\u00e8mes structurels et de n\u00e9gligence, entra\u00eenant une baisse inqui\u00e9tante de sa production.<\/p>\n","protected":false},"excerpt":{"rendered":"<p>Le parquet du p\u00f4le judiciaire \u00e9conomique et financier a autoris\u00e9, hier dimanche 3 novembre, l\u2019arrestation d\u2019un ancien ministre de l\u2019Agriculture (dont le nom n\u2019a&#8230;<\/p>\n","protected":false},"author":3162,"featured_media":246184,"comment_status":"open","ping_status":"closed","sticky":false,"template":"","format":"standard","meta":{"footnotes":""},"categories":[44],"tags":[3673,5205,5046,2874,2675,2608],"class_list":["post-217362","post","type-post","status-publish","format-standard","has-post-thumbnail","hentry","category-national","tag-arrestations","tag-chaal","tag-domaine-agricole","tag-huile-dolive","tag-sfax","tag-tunisie"],"yoast_head":"<!-- This site is optimized with the Yoast SEO Premium plugin v27.4 (Yoast SEO v27.5) - https:\/\/yoast.com\/product\/yoast-seo-premium-wordpress\/ -->\n<title>Tunisie - Domaine Cha\u00e2l : Un ancien ministre de l\u2019Agriculture en d\u00e9tention<\/title>\n<meta name=\"description\" content=\"Le parquet du p\u00f4le judiciaire \u00e9conomique et financier a autoris\u00e9, hier dimanche 3 novembre, l\u2019arrestation d\u2019un ancien ministre de l\u2019Agriculture (dont le nom n\u2019a...\" \/>\n<link rel=\"canonical\" href=\"https:\/\/www.webdo.tn\/fr\/actualite\/national\/tunisie-domaine-chaal-un-ancien-ministre-de-l-agriculture-en-detention\/217362\/\" \/>\n<meta property=\"og:locale\" content=\"fr_FR\" \/>\n<meta property=\"og:type\" content=\"article\" \/>\n<meta property=\"og:title\" content=\"Tunisie - Domaine Cha\u00e2l : Un ancien ministre de l\u2019Agriculture en d\u00e9tention\" \/>\n<meta property=\"og:description\" content=\"Le parquet du p\u00f4le judiciaire \u00e9conomique et financier a autoris\u00e9, hier dimanche 3 novembre, l\u2019arrestation d\u2019un ancien ministre de l\u2019Agriculture (dont le nom n\u2019a...\" \/>\n<meta property=\"og:url\" content=\"https:\/\/www.webdo.tn\/fr\/actualite\/national\/tunisie-domaine-chaal-un-ancien-ministre-de-l-agriculture-en-detention\/217362\/\" \/>\n<meta property=\"og:site_name\" content=\"webdo\" \/>\n<meta property=\"article:publisher\" content=\"https:\/\/www.facebook.com\/webdotn\" \/>\n<meta property=\"article:published_time\" content=\"2024-11-04T09:12:00+00:00\" \/>\n<meta property=\"article:modified_time\" content=\"2025-05-20T21:47:07+00:00\" \/>\n<meta property=\"og:image\" content=\"https:\/\/www.webdo.tn\/fr\/wp-content\/uploads\/2024\/11\/2f4614af729d4ab3af55db4a40117e54.webp\" \/>\n\t<meta property=\"og:image:width\" content=\"750\" \/>\n\t<meta property=\"og:image:height\" content=\"400\" \/>\n\t<meta property=\"og:image:type\" content=\"image\/webp\" \/>\n<meta name=\"author\" content=\"MC\" \/>\n<meta name=\"twitter:card\" content=\"summary_large_image\" \/>\n<meta name=\"twitter:creator\" content=\"@webdo_tn\" \/>\n<meta name=\"twitter:site\" content=\"@webdo_tn\" \/>\n<meta name=\"twitter:label1\" content=\"\u00c9crit par\" \/>\n\t<meta name=\"twitter:data1\" content=\"MC\" \/>\n\t<meta name=\"twitter:label2\" content=\"Dur\u00e9e de lecture estim\u00e9e\" \/>\n\t<meta name=\"twitter:data2\" content=\"2 minutes\" \/>\n<script type=\"application\/ld+json\" class=\"yoast-schema-graph\">{\"@context\":\"https:\\\/\\\/schema.org\",\"@graph\":[{\"@type\":\"NewsArticle\",\"@id\":\"https:\\\/\\\/www.webdo.tn\\\/fr\\\/actualite\\\/national\\\/tunisie-domaine-chaal-un-ancien-ministre-de-l-agriculture-en-detention\\\/217362\\\/#article\",\"isPartOf\":{\"@id\":\"https:\\\/\\\/www.webdo.tn\\\/fr\\\/actualite\\\/national\\\/tunisie-domaine-chaal-un-ancien-ministre-de-l-agriculture-en-detention\\\/217362\\\/\"},\"author\":{\"name\":\"MC\",\"@id\":\"https:\\\/\\\/www.webdo.tn\\\/fr\\\/#\\\/schema\\\/person\\\/2c4929cbf5a809e3bd38617c6ce150f6\"},\"headline\":\"Tunisie &#8211; Domaine Cha\u00e2l : Un ancien ministre de l\u2019Agriculture en d\u00e9tention\",\"datePublished\":\"2024-11-04T09:12:00+00:00\",\"dateModified\":\"2025-05-20T21:47:07+00:00\",\"mainEntityOfPage\":{\"@id\":\"https:\\\/\\\/www.webdo.tn\\\/fr\\\/actualite\\\/national\\\/tunisie-domaine-chaal-un-ancien-ministre-de-l-agriculture-en-detention\\\/217362\\\/\"},\"wordCount\":514,\"commentCount\":0,\"publisher\":{\"@id\":\"https:\\\/\\\/www.webdo.tn\\\/fr\\\/#organization\"},\"image\":{\"@id\":\"https:\\\/\\\/www.webdo.tn\\\/fr\\\/actualite\\\/national\\\/tunisie-domaine-chaal-un-ancien-ministre-de-l-agriculture-en-detention\\\/217362\\\/#primaryimage\"},\"thumbnailUrl\":\"https:\\\/\\\/www.webdo.tn\\\/fr\\\/wp-content\\\/uploads\\\/2024\\\/11\\\/2f4614af729d4ab3af55db4a40117e54.webp\",\"keywords\":[\"arrestations\",\"cha\u00e2l\",\"domaine agricole\",\"Huile d'olive\",\"Sfax\",\"Tunisie\"],\"articleSection\":[\"National\"],\"inLanguage\":\"fr-FR\"},{\"@type\":\"WebPage\",\"@id\":\"https:\\\/\\\/www.webdo.tn\\\/fr\\\/actualite\\\/national\\\/tunisie-domaine-chaal-un-ancien-ministre-de-l-agriculture-en-detention\\\/217362\\\/\",\"url\":\"https:\\\/\\\/www.webdo.tn\\\/fr\\\/actualite\\\/national\\\/tunisie-domaine-chaal-un-ancien-ministre-de-l-agriculture-en-detention\\\/217362\\\/\",\"name\":\"Tunisie - Domaine Cha\u00e2l : Un ancien ministre de l\u2019Agriculture en d\u00e9tention\",\"isPartOf\":{\"@id\":\"https:\\\/\\\/www.webdo.tn\\\/fr\\\/#website\"},\"primaryImageOfPage\":{\"@id\":\"https:\\\/\\\/www.webdo.tn\\\/fr\\\/actualite\\\/national\\\/tunisie-domaine-chaal-un-ancien-ministre-de-l-agriculture-en-detention\\\/217362\\\/#primaryimage\"},\"image\":{\"@id\":\"https:\\\/\\\/www.webdo.tn\\\/fr\\\/actualite\\\/national\\\/tunisie-domaine-chaal-un-ancien-ministre-de-l-agriculture-en-detention\\\/217362\\\/#primaryimage\"},\"thumbnailUrl\":\"https:\\\/\\\/www.webdo.tn\\\/fr\\\/wp-content\\\/uploads\\\/2024\\\/11\\\/2f4614af729d4ab3af55db4a40117e54.webp\",\"datePublished\":\"2024-11-04T09:12:00+00:00\",\"dateModified\":\"2025-05-20T21:47:07+00:00\",\"description\":\"Le parquet du p\u00f4le judiciaire \u00e9conomique et financier a autoris\u00e9, hier dimanche 3 novembre, l\u2019arrestation d\u2019un ancien ministre de l\u2019Agriculture (dont le nom n\u2019a...\",\"breadcrumb\":{\"@id\":\"https:\\\/\\\/www.webdo.tn\\\/fr\\\/actualite\\\/national\\\/tunisie-domaine-chaal-un-ancien-ministre-de-l-agriculture-en-detention\\\/217362\\\/#breadcrumb\"},\"inLanguage\":\"fr-FR\",\"potentialAction\":[{\"@type\":\"ReadAction\",\"target\":[\"https:\\\/\\\/www.webdo.tn\\\/fr\\\/actualite\\\/national\\\/tunisie-domaine-chaal-un-ancien-ministre-de-l-agriculture-en-detention\\\/217362\\\/\"]}]},{\"@type\":\"ImageObject\",\"inLanguage\":\"fr-FR\",\"@id\":\"https:\\\/\\\/www.webdo.tn\\\/fr\\\/actualite\\\/national\\\/tunisie-domaine-chaal-un-ancien-ministre-de-l-agriculture-en-detention\\\/217362\\\/#primaryimage\",\"url\":\"https:\\\/\\\/www.webdo.tn\\\/fr\\\/wp-content\\\/uploads\\\/2024\\\/11\\\/2f4614af729d4ab3af55db4a40117e54.webp\",\"contentUrl\":\"https:\\\/\\\/www.webdo.tn\\\/fr\\\/wp-content\\\/uploads\\\/2024\\\/11\\\/2f4614af729d4ab3af55db4a40117e54.webp\",\"width\":750,\"height\":400,\"caption\":\"Tunisie - Domaine Cha\u00e2l : Un ancien ministre de l\u2019Agriculture en d\u00e9tention\"},{\"@type\":\"BreadcrumbList\",\"@id\":\"https:\\\/\\\/www.webdo.tn\\\/fr\\\/actualite\\\/national\\\/tunisie-domaine-chaal-un-ancien-ministre-de-l-agriculture-en-detention\\\/217362\\\/#breadcrumb\",\"itemListElement\":[{\"@type\":\"ListItem\",\"position\":1,\"name\":\"Accueil\",\"item\":\"https:\\\/\\\/www.webdo.tn\\\/fr\\\/\"},{\"@type\":\"ListItem\",\"position\":2,\"name\":\"Tunisie &#8211; Domaine Cha\u00e2l : Un ancien ministre de l\u2019Agriculture en d\u00e9tention\"}]},{\"@type\":\"WebSite\",\"@id\":\"https:\\\/\\\/www.webdo.tn\\\/fr\\\/#website\",\"url\":\"https:\\\/\\\/www.webdo.tn\\\/fr\\\/\",\"name\":\"webdo\",\"description\":\"Tunisie - News en Tunisie et \u00e0 l&#039;international sur Webdo.tn\",\"publisher\":{\"@id\":\"https:\\\/\\\/www.webdo.tn\\\/fr\\\/#organization\"},\"potentialAction\":[{\"@type\":\"SearchAction\",\"target\":{\"@type\":\"EntryPoint\",\"urlTemplate\":\"https:\\\/\\\/www.webdo.tn\\\/fr\\\/?s={search_term_string}\"},\"query-input\":{\"@type\":\"PropertyValueSpecification\",\"valueRequired\":true,\"valueName\":\"search_term_string\"}}],\"inLanguage\":\"fr-FR\"},{\"@type\":\"Organization\",\"@id\":\"https:\\\/\\\/www.webdo.tn\\\/fr\\\/#organization\",\"name\":\"Webdo\",\"alternateName\":\"Webdo.tn\",\"url\":\"https:\\\/\\\/www.webdo.tn\\\/fr\\\/\",\"logo\":{\"@type\":\"ImageObject\",\"inLanguage\":\"fr-FR\",\"@id\":\"https:\\\/\\\/www.webdo.tn\\\/fr\\\/#\\\/schema\\\/logo\\\/image\\\/\",\"url\":\"https:\\\/\\\/www.webdo.tn\\\/fr\\\/wp-content\\\/uploads\\\/2025\\\/06\\\/Webdo-Tunisie_168377.jpg\",\"contentUrl\":\"https:\\\/\\\/www.webdo.tn\\\/fr\\\/wp-content\\\/uploads\\\/2025\\\/06\\\/Webdo-Tunisie_168377.jpg\",\"width\":301,\"height\":301,\"caption\":\"Webdo\"},\"image\":{\"@id\":\"https:\\\/\\\/www.webdo.tn\\\/fr\\\/#\\\/schema\\\/logo\\\/image\\\/\"},\"sameAs\":[\"https:\\\/\\\/www.facebook.com\\\/webdotn\",\"https:\\\/\\\/x.com\\\/webdo_tn\"],\"description\":\"Webdo est un m\u00e9dia num\u00e9rique tunisien fond\u00e9 en 2010, sp\u00e9cialis\u00e9 dans l\u2019actualit\u00e9 nationale et internationale, l\u2019\u00e9conomie, la soci\u00e9t\u00e9 et les analyses politiques. Le site s\u2019adresse \u00e0 un large public francophone et couvre l\u2019information tunisienne en temps r\u00e9el.\",\"email\":\"redac@webdo.tn\",\"legalName\":\"YNJ SARL\",\"foundingDate\":\"2010-09-06\",\"numberOfEmployees\":{\"@type\":\"QuantitativeValue\",\"minValue\":\"11\",\"maxValue\":\"50\"}},{\"@type\":\"Person\",\"@id\":\"https:\\\/\\\/www.webdo.tn\\\/fr\\\/#\\\/schema\\\/person\\\/2c4929cbf5a809e3bd38617c6ce150f6\",\"name\":\"MC\",\"image\":{\"@type\":\"ImageObject\",\"inLanguage\":\"fr-FR\",\"@id\":\"https:\\\/\\\/secure.gravatar.com\\\/avatar\\\/a545bbb6f84efdd5553dbbc2895e3ca8f1d12c5215e00a041c9670b54aa9b18a?s=96&d=mm&r=g\",\"url\":\"https:\\\/\\\/secure.gravatar.com\\\/avatar\\\/a545bbb6f84efdd5553dbbc2895e3ca8f1d12c5215e00a041c9670b54aa9b18a?s=96&d=mm&r=g\",\"contentUrl\":\"https:\\\/\\\/secure.gravatar.com\\\/avatar\\\/a545bbb6f84efdd5553dbbc2895e3ca8f1d12c5215e00a041c9670b54aa9b18a?s=96&d=mm&r=g\",\"caption\":\"MC\"},\"url\":\"https:\\\/\\\/www.webdo.tn\\\/fr\\\/actualite\\\/author\\\/mc\\\/\"}]}<\/script>\n<!-- \/ Yoast SEO Premium plugin. -->","yoast_head_json":{"title":"Tunisie - Domaine Cha\u00e2l : Un ancien ministre de l\u2019Agriculture en d\u00e9tention","description":"Le parquet du p\u00f4le judiciaire \u00e9conomique et financier a autoris\u00e9, hier dimanche 3 novembre, l\u2019arrestation d\u2019un ancien ministre de l\u2019Agriculture (dont le nom n\u2019a...","canonical":"https:\/\/www.webdo.tn\/fr\/actualite\/national\/tunisie-domaine-chaal-un-ancien-ministre-de-l-agriculture-en-detention\/217362\/","og_locale":"fr_FR","og_type":"article","og_title":"Tunisie - Domaine Cha\u00e2l : Un ancien ministre de l\u2019Agriculture en d\u00e9tention","og_description":"Le parquet du p\u00f4le judiciaire \u00e9conomique et financier a autoris\u00e9, hier dimanche 3 novembre, l\u2019arrestation d\u2019un ancien ministre de l\u2019Agriculture (dont le nom n\u2019a...","og_url":"https:\/\/www.webdo.tn\/fr\/actualite\/national\/tunisie-domaine-chaal-un-ancien-ministre-de-l-agriculture-en-detention\/217362\/","og_site_name":"webdo","article_publisher":"https:\/\/www.facebook.com\/webdotn","article_published_time":"2024-11-04T09:12:00+00:00","article_modified_time":"2025-05-20T21:47:07+00:00","og_image":[{"width":750,"height":400,"url":"https:\/\/www.webdo.tn\/fr\/wp-content\/uploads\/2024\/11\/2f4614af729d4ab3af55db4a40117e54.webp","type":"image\/webp"}],"author":"MC","twitter_card":"summary_large_image","twitter_creator":"@webdo_tn","twitter_site":"@webdo_tn","twitter_misc":{"\u00c9crit par":"MC","Dur\u00e9e de lecture estim\u00e9e":"2 minutes"},"schema":{"@context":"https:\/\/schema.org","@graph":[{"@type":"NewsArticle","@id":"https:\/\/www.webdo.tn\/fr\/actualite\/national\/tunisie-domaine-chaal-un-ancien-ministre-de-l-agriculture-en-detention\/217362\/#article","isPartOf":{"@id":"https:\/\/www.webdo.tn\/fr\/actualite\/national\/tunisie-domaine-chaal-un-ancien-ministre-de-l-agriculture-en-detention\/217362\/"},"author":{"name":"MC","@id":"https:\/\/www.webdo.tn\/fr\/#\/schema\/person\/2c4929cbf5a809e3bd38617c6ce150f6"},"headline":"Tunisie &#8211; Domaine Cha\u00e2l : Un ancien ministre de l\u2019Agriculture en d\u00e9tention","datePublished":"2024-11-04T09:12:00+00:00","dateModified":"2025-05-20T21:47:07+00:00","mainEntityOfPage":{"@id":"https:\/\/www.webdo.tn\/fr\/actualite\/national\/tunisie-domaine-chaal-un-ancien-ministre-de-l-agriculture-en-detention\/217362\/"},"wordCount":514,"commentCount":0,"publisher":{"@id":"https:\/\/www.webdo.tn\/fr\/#organization"},"image":{"@id":"https:\/\/www.webdo.tn\/fr\/actualite\/national\/tunisie-domaine-chaal-un-ancien-ministre-de-l-agriculture-en-detention\/217362\/#primaryimage"},"thumbnailUrl":"https:\/\/www.webdo.tn\/fr\/wp-content\/uploads\/2024\/11\/2f4614af729d4ab3af55db4a40117e54.webp","keywords":["arrestations","cha\u00e2l","domaine agricole","Huile d'olive","Sfax","Tunisie"],"articleSection":["National"],"inLanguage":"fr-FR"},{"@type":"WebPage","@id":"https:\/\/www.webdo.tn\/fr\/actualite\/national\/tunisie-domaine-chaal-un-ancien-ministre-de-l-agriculture-en-detention\/217362\/","url":"https:\/\/www.webdo.tn\/fr\/actualite\/national\/tunisie-domaine-chaal-un-ancien-ministre-de-l-agriculture-en-detention\/217362\/","name":"Tunisie - Domaine Cha\u00e2l : Un ancien ministre de l\u2019Agriculture en d\u00e9tention","isPartOf":{"@id":"https:\/\/www.webdo.tn\/fr\/#website"},"primaryImageOfPage":{"@id":"https:\/\/www.webdo.tn\/fr\/actualite\/national\/tunisie-domaine-chaal-un-ancien-ministre-de-l-agriculture-en-detention\/217362\/#primaryimage"},"image":{"@id":"https:\/\/www.webdo.tn\/fr\/actualite\/national\/tunisie-domaine-chaal-un-ancien-ministre-de-l-agriculture-en-detention\/217362\/#primaryimage"},"thumbnailUrl":"https:\/\/www.webdo.tn\/fr\/wp-content\/uploads\/2024\/11\/2f4614af729d4ab3af55db4a40117e54.webp","datePublished":"2024-11-04T09:12:00+00:00","dateModified":"2025-05-20T21:47:07+00:00","description":"Le parquet du p\u00f4le judiciaire \u00e9conomique et financier a autoris\u00e9, hier dimanche 3 novembre, l\u2019arrestation d\u2019un ancien ministre de l\u2019Agriculture (dont le nom n\u2019a...","breadcrumb":{"@id":"https:\/\/www.webdo.tn\/fr\/actualite\/national\/tunisie-domaine-chaal-un-ancien-ministre-de-l-agriculture-en-detention\/217362\/#breadcrumb"},"inLanguage":"fr-FR","potentialAction":[{"@type":"ReadAction","target":["https:\/\/www.webdo.tn\/fr\/actualite\/national\/tunisie-domaine-chaal-un-ancien-ministre-de-l-agriculture-en-detention\/217362\/"]}]},{"@type":"ImageObject","inLanguage":"fr-FR","@id":"https:\/\/www.webdo.tn\/fr\/actualite\/national\/tunisie-domaine-chaal-un-ancien-ministre-de-l-agriculture-en-detention\/217362\/#primaryimage","url":"https:\/\/www.webdo.tn\/fr\/wp-content\/uploads\/2024\/11\/2f4614af729d4ab3af55db4a40117e54.webp","contentUrl":"https:\/\/www.webdo.tn\/fr\/wp-content\/uploads\/2024\/11\/2f4614af729d4ab3af55db4a40117e54.webp","width":750,"height":400,"caption":"Tunisie - Domaine Cha\u00e2l : Un ancien ministre de l\u2019Agriculture en d\u00e9tention"},{"@type":"BreadcrumbList","@id":"https:\/\/www.webdo.tn\/fr\/actualite\/national\/tunisie-domaine-chaal-un-ancien-ministre-de-l-agriculture-en-detention\/217362\/#breadcrumb","itemListElement":[{"@type":"ListItem","position":1,"name":"Accueil","item":"https:\/\/www.webdo.tn\/fr\/"},{"@type":"ListItem","position":2,"name":"Tunisie &#8211; Domaine Cha\u00e2l : Un ancien ministre de l\u2019Agriculture en d\u00e9tention"}]},{"@type":"WebSite","@id":"https:\/\/www.webdo.tn\/fr\/#website","url":"https:\/\/www.webdo.tn\/fr\/","name":"webdo","description":"Tunisie - News en Tunisie et \u00e0 l&#039;international sur Webdo.tn","publisher":{"@id":"https:\/\/www.webdo.tn\/fr\/#organization"},"potentialAction":[{"@type":"SearchAction","target":{"@type":"EntryPoint","urlTemplate":"https:\/\/www.webdo.tn\/fr\/?s={search_term_string}"},"query-input":{"@type":"PropertyValueSpecification","valueRequired":true,"valueName":"search_term_string"}}],"inLanguage":"fr-FR"},{"@type":"Organization","@id":"https:\/\/www.webdo.tn\/fr\/#organization","name":"Webdo","alternateName":"Webdo.tn","url":"https:\/\/www.webdo.tn\/fr\/","logo":{"@type":"ImageObject","inLanguage":"fr-FR","@id":"https:\/\/www.webdo.tn\/fr\/#\/schema\/logo\/image\/","url":"https:\/\/www.webdo.tn\/fr\/wp-content\/uploads\/2025\/06\/Webdo-Tunisie_168377.jpg","contentUrl":"https:\/\/www.webdo.tn\/fr\/wp-content\/uploads\/2025\/06\/Webdo-Tunisie_168377.jpg","width":301,"height":301,"caption":"Webdo"},"image":{"@id":"https:\/\/www.webdo.tn\/fr\/#\/schema\/logo\/image\/"},"sameAs":["https:\/\/www.facebook.com\/webdotn","https:\/\/x.com\/webdo_tn"],"description":"Webdo est un m\u00e9dia num\u00e9rique tunisien fond\u00e9 en 2010, sp\u00e9cialis\u00e9 dans l\u2019actualit\u00e9 nationale et internationale, l\u2019\u00e9conomie, la soci\u00e9t\u00e9 et les analyses politiques. Le site s\u2019adresse \u00e0 un large public francophone et couvre l\u2019information tunisienne en temps r\u00e9el.","email":"redac@webdo.tn","legalName":"YNJ SARL","foundingDate":"2010-09-06","numberOfEmployees":{"@type":"QuantitativeValue","minValue":"11","maxValue":"50"}},{"@type":"Person","@id":"https:\/\/www.webdo.tn\/fr\/#\/schema\/person\/2c4929cbf5a809e3bd38617c6ce150f6","name":"MC","image":{"@type":"ImageObject","inLanguage":"fr-FR","@id":"https:\/\/secure.gravatar.com\/avatar\/a545bbb6f84efdd5553dbbc2895e3ca8f1d12c5215e00a041c9670b54aa9b18a?s=96&d=mm&r=g","url":"https:\/\/secure.gravatar.com\/avatar\/a545bbb6f84efdd5553dbbc2895e3ca8f1d12c5215e00a041c9670b54aa9b18a?s=96&d=mm&r=g","contentUrl":"https:\/\/secure.gravatar.com\/avatar\/a545bbb6f84efdd5553dbbc2895e3ca8f1d12c5215e00a041c9670b54aa9b18a?s=96&d=mm&r=g","caption":"MC"},"url":"https:\/\/www.webdo.tn\/fr\/actualite\/author\/mc\/"}]}},"_links":{"self":[{"href":"https:\/\/www.webdo.tn\/fr\/wp-json\/wp\/v2\/posts\/217362","targetHints":{"allow":["GET"]}}],"collection":[{"href":"https:\/\/www.webdo.tn\/fr\/wp-json\/wp\/v2\/posts"}],"about":[{"href":"https:\/\/www.webdo.tn\/fr\/wp-json\/wp\/v2\/types\/post"}],"author":[{"embeddable":true,"href":"https:\/\/www.webdo.tn\/fr\/wp-json\/wp\/v2\/users\/3162"}],"replies":[{"embeddable":true,"href":"https:\/\/www.webdo.tn\/fr\/wp-json\/wp\/v2\/comments?post=217362"}],"version-history":[{"count":0,"href":"https:\/\/www.webdo.tn\/fr\/wp-json\/wp\/v2\/posts\/217362\/revisions"}],"wp:featuredmedia":[{"embeddable":true,"href":"https:\/\/www.webdo.tn\/fr\/wp-json\/wp\/v2\/media\/246184"}],"wp:attachment":[{"href":"https:\/\/www.webdo.tn\/fr\/wp-json\/wp\/v2\/media?parent=217362"}],"wp:term":[{"taxonomy":"category","embeddable":true,"href":"https:\/\/www.webdo.tn\/fr\/wp-json\/wp\/v2\/categories?post=217362"},{"taxonomy":"post_tag","embeddable":true,"href":"https:\/\/www.webdo.tn\/fr\/wp-json\/wp\/v2\/tags?post=217362"}],"curies":[{"name":"wp","href":"https:\/\/api.w.org\/{rel}","templated":true}]}}