{"id":217357,"date":"2024-11-03T14:51:00","date_gmt":"2024-11-03T14:51:00","guid":{"rendered":"https:\/\/www.webdo.tn\/fr\/blog\/liban-israel-bombarde-un-point-de-passage-vers-la-syrie\/217357\/"},"modified":"2025-05-21T09:02:15","modified_gmt":"2025-05-21T09:02:15","slug":"liban-israel-bombarde-un-point-de-passage-vers-la-syrie","status":"publish","type":"post","link":"https:\/\/www.webdo.tn\/fr\/actualite\/international\/liban-israel-bombarde-un-point-de-passage-vers-la-syrie\/217357\/","title":{"rendered":"Liban : Isra\u00ebl  bombarde un point de passage vers la Syrie"},"content":{"rendered":"<p>Le Haut-Commissaire des Nations Unies pour les r\u00e9fugi\u00e9s, Filippo Grandi, a annonc\u00e9 samedi 2 novembre, qu&rsquo;une nouvelle attaque a\u00e9rienne isra\u00e9lienne a vis\u00e9 le point de passage de Joussieh, une voie cruciale pour le transit entre le Liban et la Syrie.<\/p>\n<p>\t\t\t\t\t\t\t\t\tCette frappe a \u00e9galement impact\u00e9 des installations humanitaires, compliquant davantage la fuite et la protection des personnes en qu\u00eate de s\u00e9curit\u00e9 face \u00e0 l&rsquo;escalade du conflit. Le HCR a rapport\u00e9 que cette intensification des combats a contraint des milliers de personnes \u00e0 chercher refuge en Syrie.<\/p>\n<p>L&rsquo;Observatoire syrien des droits de l&rsquo;Homme a confirm\u00e9 que deux frappes isra\u00e9liennes ont eu lieu du c\u00f4t\u00e9 syrien de Joussieh, la premi\u00e8re ayant d\u00e9j\u00e0 consid\u00e9rablement diminu\u00e9 le trafic \u00e0 ce point de passage. Les affrontements entre le Hezbollah et Isra\u00ebl a provoqu\u00e9 l&rsquo;exode de plus de 500 000 personnes, principalement des Syriens, fuyant le Liban. Le pays est dot\u00e9 de six points de passage officiels vers la Syrie, en plus de nombreux itin\u00e9raires informels.<\/p>\n<p>Isra\u00ebl a justifi\u00e9 ses bombardements en all\u00e9guant que le Hezbollah cherchait \u00e0 transf\u00e9rer des armes \u00e0 travers cette fronti\u00e8re. Depuis le 23 septembre, ces attaques ont caus\u00e9 plus de 1 900 d\u00e9c\u00e8s au Liban, selon les donn\u00e9es gouvernementales.<\/p>\n","protected":false},"excerpt":{"rendered":"<p>La situation alarmante aux fronti\u00e8res libano-syriennes se caract\u00e9rise par des frappes isra\u00e9liennes sur le poste de Joussieh, entra\u00eenant l&rsquo;exode de milliers de p&#8230;<\/p>\n","protected":false},"author":3166,"featured_media":246181,"comment_status":"open","ping_status":"closed","sticky":false,"template":"","format":"standard","meta":{"footnotes":""},"categories":[2598],"tags":[5202,5201,3920,3504],"class_list":["post-217357","post","type-post","status-publish","format-standard","has-post-thumbnail","hentry","category-international","tag-bombardement","tag-hcr","tag-liban","tag-syrie"],"yoast_head":"<!-- This site is optimized with the Yoast SEO Premium plugin v27.5 (Yoast SEO v27.5) - https:\/\/yoast.com\/product\/yoast-seo-premium-wordpress\/ -->\n<title>Liban : Isra\u00ebl bombarde un point de passage vers la Syrie<\/title>\n<meta name=\"description\" content=\"La situation alarmante aux fronti\u00e8res libano-syriennes se caract\u00e9rise par des frappes isra\u00e9liennes sur le poste de Joussieh, entra\u00eenant l&#039;exode de milliers de p...\" \/>\n<link rel=\"canonical\" href=\"https:\/\/www.webdo.tn\/fr\/actualite\/international\/liban-israel-bombarde-un-point-de-passage-vers-la-syrie\/217357\/\" \/>\n<meta property=\"og:locale\" content=\"fr_FR\" \/>\n<meta property=\"og:type\" content=\"article\" \/>\n<meta property=\"og:title\" content=\"Liban : Isra\u00ebl bombarde un point de passage vers la Syrie\" \/>\n<meta property=\"og:description\" content=\"La situation alarmante aux fronti\u00e8res libano-syriennes se caract\u00e9rise par des frappes isra\u00e9liennes sur le poste de Joussieh, entra\u00eenant l&#039;exode de milliers de p...\" \/>\n<meta property=\"og:url\" content=\"https:\/\/www.webdo.tn\/fr\/actualite\/international\/liban-israel-bombarde-un-point-de-passage-vers-la-syrie\/217357\/\" \/>\n<meta property=\"og:site_name\" content=\"webdo\" \/>\n<meta property=\"article:publisher\" content=\"https:\/\/www.facebook.com\/webdotn\" \/>\n<meta property=\"article:published_time\" content=\"2024-11-03T14:51:00+00:00\" \/>\n<meta property=\"article:modified_time\" content=\"2025-05-21T09:02:15+00:00\" \/>\n<meta property=\"og:image\" content=\"https:\/\/www.webdo.tn\/fr\/wp-content\/uploads\/2024\/11\/d70a21471d9dd4727b776463040b22b2.webp\" \/>\n\t<meta property=\"og:image:width\" content=\"750\" \/>\n\t<meta property=\"og:image:height\" content=\"400\" \/>\n\t<meta property=\"og:image:type\" content=\"image\/webp\" \/>\n<meta name=\"author\" content=\"AZ\" \/>\n<meta name=\"twitter:card\" content=\"summary_large_image\" \/>\n<meta name=\"twitter:creator\" content=\"@webdo_tn\" \/>\n<meta name=\"twitter:site\" content=\"@webdo_tn\" \/>\n<meta name=\"twitter:label1\" content=\"\u00c9crit par\" \/>\n\t<meta name=\"twitter:data1\" content=\"AZ\" \/>\n\t<meta name=\"twitter:label2\" content=\"Dur\u00e9e de lecture estim\u00e9e\" \/>\n\t<meta name=\"twitter:data2\" content=\"1 minute\" \/>\n<script type=\"application\/ld+json\" class=\"yoast-schema-graph\">{\"@context\":\"https:\\\/\\\/schema.org\",\"@graph\":[{\"@type\":\"NewsArticle\",\"@id\":\"https:\\\/\\\/www.webdo.tn\\\/fr\\\/actualite\\\/international\\\/liban-israel-bombarde-un-point-de-passage-vers-la-syrie\\\/217357\\\/#article\",\"isPartOf\":{\"@id\":\"https:\\\/\\\/www.webdo.tn\\\/fr\\\/actualite\\\/international\\\/liban-israel-bombarde-un-point-de-passage-vers-la-syrie\\\/217357\\\/\"},\"author\":{\"name\":\"AZ\",\"@id\":\"https:\\\/\\\/www.webdo.tn\\\/fr\\\/#\\\/schema\\\/person\\\/b8a41c04d93287d375510db360906b34\"},\"headline\":\"Liban : Isra\u00ebl bombarde un point de passage vers la Syrie\",\"datePublished\":\"2024-11-03T14:51:00+00:00\",\"dateModified\":\"2025-05-21T09:02:15+00:00\",\"mainEntityOfPage\":{\"@id\":\"https:\\\/\\\/www.webdo.tn\\\/fr\\\/actualite\\\/international\\\/liban-israel-bombarde-un-point-de-passage-vers-la-syrie\\\/217357\\\/\"},\"wordCount\":223,\"commentCount\":0,\"publisher\":{\"@id\":\"https:\\\/\\\/www.webdo.tn\\\/fr\\\/#organization\"},\"image\":{\"@id\":\"https:\\\/\\\/www.webdo.tn\\\/fr\\\/actualite\\\/international\\\/liban-israel-bombarde-un-point-de-passage-vers-la-syrie\\\/217357\\\/#primaryimage\"},\"thumbnailUrl\":\"https:\\\/\\\/www.webdo.tn\\\/fr\\\/wp-content\\\/uploads\\\/2024\\\/11\\\/d70a21471d9dd4727b776463040b22b2.webp\",\"keywords\":[\"bombardement\",\"hcr\",\"liban\",\"syrie\"],\"articleSection\":[\"International\"],\"inLanguage\":\"fr-FR\"},{\"@type\":\"WebPage\",\"@id\":\"https:\\\/\\\/www.webdo.tn\\\/fr\\\/actualite\\\/international\\\/liban-israel-bombarde-un-point-de-passage-vers-la-syrie\\\/217357\\\/\",\"url\":\"https:\\\/\\\/www.webdo.tn\\\/fr\\\/actualite\\\/international\\\/liban-israel-bombarde-un-point-de-passage-vers-la-syrie\\\/217357\\\/\",\"name\":\"Liban : Isra\u00ebl bombarde un point de passage vers la Syrie\",\"isPartOf\":{\"@id\":\"https:\\\/\\\/www.webdo.tn\\\/fr\\\/#website\"},\"primaryImageOfPage\":{\"@id\":\"https:\\\/\\\/www.webdo.tn\\\/fr\\\/actualite\\\/international\\\/liban-israel-bombarde-un-point-de-passage-vers-la-syrie\\\/217357\\\/#primaryimage\"},\"image\":{\"@id\":\"https:\\\/\\\/www.webdo.tn\\\/fr\\\/actualite\\\/international\\\/liban-israel-bombarde-un-point-de-passage-vers-la-syrie\\\/217357\\\/#primaryimage\"},\"thumbnailUrl\":\"https:\\\/\\\/www.webdo.tn\\\/fr\\\/wp-content\\\/uploads\\\/2024\\\/11\\\/d70a21471d9dd4727b776463040b22b2.webp\",\"datePublished\":\"2024-11-03T14:51:00+00:00\",\"dateModified\":\"2025-05-21T09:02:15+00:00\",\"description\":\"La situation alarmante aux fronti\u00e8res libano-syriennes se caract\u00e9rise par des frappes isra\u00e9liennes sur le poste de Joussieh, entra\u00eenant l'exode de milliers de p...\",\"breadcrumb\":{\"@id\":\"https:\\\/\\\/www.webdo.tn\\\/fr\\\/actualite\\\/international\\\/liban-israel-bombarde-un-point-de-passage-vers-la-syrie\\\/217357\\\/#breadcrumb\"},\"inLanguage\":\"fr-FR\",\"potentialAction\":[{\"@type\":\"ReadAction\",\"target\":[\"https:\\\/\\\/www.webdo.tn\\\/fr\\\/actualite\\\/international\\\/liban-israel-bombarde-un-point-de-passage-vers-la-syrie\\\/217357\\\/\"]}]},{\"@type\":\"ImageObject\",\"inLanguage\":\"fr-FR\",\"@id\":\"https:\\\/\\\/www.webdo.tn\\\/fr\\\/actualite\\\/international\\\/liban-israel-bombarde-un-point-de-passage-vers-la-syrie\\\/217357\\\/#primaryimage\",\"url\":\"https:\\\/\\\/www.webdo.tn\\\/fr\\\/wp-content\\\/uploads\\\/2024\\\/11\\\/d70a21471d9dd4727b776463040b22b2.webp\",\"contentUrl\":\"https:\\\/\\\/www.webdo.tn\\\/fr\\\/wp-content\\\/uploads\\\/2024\\\/11\\\/d70a21471d9dd4727b776463040b22b2.webp\",\"width\":750,\"height\":400,\"caption\":\"Liban : Isra\u00ebl bombarde un point de passage vers la Syrie\"},{\"@type\":\"BreadcrumbList\",\"@id\":\"https:\\\/\\\/www.webdo.tn\\\/fr\\\/actualite\\\/international\\\/liban-israel-bombarde-un-point-de-passage-vers-la-syrie\\\/217357\\\/#breadcrumb\",\"itemListElement\":[{\"@type\":\"ListItem\",\"position\":1,\"name\":\"Accueil\",\"item\":\"https:\\\/\\\/www.webdo.tn\\\/fr\\\/\"},{\"@type\":\"ListItem\",\"position\":2,\"name\":\"Liban : Isra\u00ebl bombarde un point de passage vers la Syrie\"}]},{\"@type\":\"WebSite\",\"@id\":\"https:\\\/\\\/www.webdo.tn\\\/fr\\\/#website\",\"url\":\"https:\\\/\\\/www.webdo.tn\\\/fr\\\/\",\"name\":\"webdo\",\"description\":\"Tunisie - News en Tunisie et \u00e0 l&#039;international sur Webdo.tn\",\"publisher\":{\"@id\":\"https:\\\/\\\/www.webdo.tn\\\/fr\\\/#organization\"},\"potentialAction\":[{\"@type\":\"SearchAction\",\"target\":{\"@type\":\"EntryPoint\",\"urlTemplate\":\"https:\\\/\\\/www.webdo.tn\\\/fr\\\/?s={search_term_string}\"},\"query-input\":{\"@type\":\"PropertyValueSpecification\",\"valueRequired\":true,\"valueName\":\"search_term_string\"}}],\"inLanguage\":\"fr-FR\"},{\"@type\":\"Organization\",\"@id\":\"https:\\\/\\\/www.webdo.tn\\\/fr\\\/#organization\",\"name\":\"Webdo\",\"alternateName\":\"Webdo.tn\",\"url\":\"https:\\\/\\\/www.webdo.tn\\\/fr\\\/\",\"logo\":{\"@type\":\"ImageObject\",\"inLanguage\":\"fr-FR\",\"@id\":\"https:\\\/\\\/www.webdo.tn\\\/fr\\\/#\\\/schema\\\/logo\\\/image\\\/\",\"url\":\"https:\\\/\\\/www.webdo.tn\\\/fr\\\/wp-content\\\/uploads\\\/2025\\\/06\\\/Webdo-Tunisie_168377.jpg\",\"contentUrl\":\"https:\\\/\\\/www.webdo.tn\\\/fr\\\/wp-content\\\/uploads\\\/2025\\\/06\\\/Webdo-Tunisie_168377.jpg\",\"width\":301,\"height\":301,\"caption\":\"Webdo\"},\"image\":{\"@id\":\"https:\\\/\\\/www.webdo.tn\\\/fr\\\/#\\\/schema\\\/logo\\\/image\\\/\"},\"sameAs\":[\"https:\\\/\\\/www.facebook.com\\\/webdotn\",\"https:\\\/\\\/x.com\\\/webdo_tn\"],\"description\":\"Webdo est un m\u00e9dia num\u00e9rique tunisien fond\u00e9 en 2010, sp\u00e9cialis\u00e9 dans l\u2019actualit\u00e9 nationale et internationale, l\u2019\u00e9conomie, la soci\u00e9t\u00e9 et les analyses politiques. Le site s\u2019adresse \u00e0 un large public francophone et couvre l\u2019information tunisienne en temps r\u00e9el.\",\"email\":\"redac@webdo.tn\",\"legalName\":\"YNJ SARL\",\"foundingDate\":\"2010-09-06\",\"numberOfEmployees\":{\"@type\":\"QuantitativeValue\",\"minValue\":\"11\",\"maxValue\":\"50\"}},{\"@type\":\"Person\",\"@id\":\"https:\\\/\\\/www.webdo.tn\\\/fr\\\/#\\\/schema\\\/person\\\/b8a41c04d93287d375510db360906b34\",\"name\":\"AZ\",\"image\":{\"@type\":\"ImageObject\",\"inLanguage\":\"fr-FR\",\"@id\":\"https:\\\/\\\/secure.gravatar.com\\\/avatar\\\/492b80bada79439de4201dce15cd41eece6c277cfdf1b53382073c79105c1f89?s=96&d=mm&r=g\",\"url\":\"https:\\\/\\\/secure.gravatar.com\\\/avatar\\\/492b80bada79439de4201dce15cd41eece6c277cfdf1b53382073c79105c1f89?s=96&d=mm&r=g\",\"contentUrl\":\"https:\\\/\\\/secure.gravatar.com\\\/avatar\\\/492b80bada79439de4201dce15cd41eece6c277cfdf1b53382073c79105c1f89?s=96&d=mm&r=g\",\"caption\":\"AZ\"},\"url\":\"https:\\\/\\\/www.webdo.tn\\\/fr\\\/actualite\\\/author\\\/az\\\/\"}]}<\/script>\n<!-- \/ Yoast SEO Premium plugin. -->","yoast_head_json":{"title":"Liban : Isra\u00ebl bombarde un point de passage vers la Syrie","description":"La situation alarmante aux fronti\u00e8res libano-syriennes se caract\u00e9rise par des frappes isra\u00e9liennes sur le poste de Joussieh, entra\u00eenant l'exode de milliers de p...","canonical":"https:\/\/www.webdo.tn\/fr\/actualite\/international\/liban-israel-bombarde-un-point-de-passage-vers-la-syrie\/217357\/","og_locale":"fr_FR","og_type":"article","og_title":"Liban : Isra\u00ebl bombarde un point de passage vers la Syrie","og_description":"La situation alarmante aux fronti\u00e8res libano-syriennes se caract\u00e9rise par des frappes isra\u00e9liennes sur le poste de Joussieh, entra\u00eenant l'exode de milliers de p...","og_url":"https:\/\/www.webdo.tn\/fr\/actualite\/international\/liban-israel-bombarde-un-point-de-passage-vers-la-syrie\/217357\/","og_site_name":"webdo","article_publisher":"https:\/\/www.facebook.com\/webdotn","article_published_time":"2024-11-03T14:51:00+00:00","article_modified_time":"2025-05-21T09:02:15+00:00","og_image":[{"width":750,"height":400,"url":"https:\/\/www.webdo.tn\/fr\/wp-content\/uploads\/2024\/11\/d70a21471d9dd4727b776463040b22b2.webp","type":"image\/webp"}],"author":"AZ","twitter_card":"summary_large_image","twitter_creator":"@webdo_tn","twitter_site":"@webdo_tn","twitter_misc":{"\u00c9crit par":"AZ","Dur\u00e9e de lecture estim\u00e9e":"1 minute"},"schema":{"@context":"https:\/\/schema.org","@graph":[{"@type":"NewsArticle","@id":"https:\/\/www.webdo.tn\/fr\/actualite\/international\/liban-israel-bombarde-un-point-de-passage-vers-la-syrie\/217357\/#article","isPartOf":{"@id":"https:\/\/www.webdo.tn\/fr\/actualite\/international\/liban-israel-bombarde-un-point-de-passage-vers-la-syrie\/217357\/"},"author":{"name":"AZ","@id":"https:\/\/www.webdo.tn\/fr\/#\/schema\/person\/b8a41c04d93287d375510db360906b34"},"headline":"Liban : Isra\u00ebl bombarde un point de passage vers la Syrie","datePublished":"2024-11-03T14:51:00+00:00","dateModified":"2025-05-21T09:02:15+00:00","mainEntityOfPage":{"@id":"https:\/\/www.webdo.tn\/fr\/actualite\/international\/liban-israel-bombarde-un-point-de-passage-vers-la-syrie\/217357\/"},"wordCount":223,"commentCount":0,"publisher":{"@id":"https:\/\/www.webdo.tn\/fr\/#organization"},"image":{"@id":"https:\/\/www.webdo.tn\/fr\/actualite\/international\/liban-israel-bombarde-un-point-de-passage-vers-la-syrie\/217357\/#primaryimage"},"thumbnailUrl":"https:\/\/www.webdo.tn\/fr\/wp-content\/uploads\/2024\/11\/d70a21471d9dd4727b776463040b22b2.webp","keywords":["bombardement","hcr","liban","syrie"],"articleSection":["International"],"inLanguage":"fr-FR"},{"@type":"WebPage","@id":"https:\/\/www.webdo.tn\/fr\/actualite\/international\/liban-israel-bombarde-un-point-de-passage-vers-la-syrie\/217357\/","url":"https:\/\/www.webdo.tn\/fr\/actualite\/international\/liban-israel-bombarde-un-point-de-passage-vers-la-syrie\/217357\/","name":"Liban : Isra\u00ebl bombarde un point de passage vers la Syrie","isPartOf":{"@id":"https:\/\/www.webdo.tn\/fr\/#website"},"primaryImageOfPage":{"@id":"https:\/\/www.webdo.tn\/fr\/actualite\/international\/liban-israel-bombarde-un-point-de-passage-vers-la-syrie\/217357\/#primaryimage"},"image":{"@id":"https:\/\/www.webdo.tn\/fr\/actualite\/international\/liban-israel-bombarde-un-point-de-passage-vers-la-syrie\/217357\/#primaryimage"},"thumbnailUrl":"https:\/\/www.webdo.tn\/fr\/wp-content\/uploads\/2024\/11\/d70a21471d9dd4727b776463040b22b2.webp","datePublished":"2024-11-03T14:51:00+00:00","dateModified":"2025-05-21T09:02:15+00:00","description":"La situation alarmante aux fronti\u00e8res libano-syriennes se caract\u00e9rise par des frappes isra\u00e9liennes sur le poste de Joussieh, entra\u00eenant l'exode de milliers de p...","breadcrumb":{"@id":"https:\/\/www.webdo.tn\/fr\/actualite\/international\/liban-israel-bombarde-un-point-de-passage-vers-la-syrie\/217357\/#breadcrumb"},"inLanguage":"fr-FR","potentialAction":[{"@type":"ReadAction","target":["https:\/\/www.webdo.tn\/fr\/actualite\/international\/liban-israel-bombarde-un-point-de-passage-vers-la-syrie\/217357\/"]}]},{"@type":"ImageObject","inLanguage":"fr-FR","@id":"https:\/\/www.webdo.tn\/fr\/actualite\/international\/liban-israel-bombarde-un-point-de-passage-vers-la-syrie\/217357\/#primaryimage","url":"https:\/\/www.webdo.tn\/fr\/wp-content\/uploads\/2024\/11\/d70a21471d9dd4727b776463040b22b2.webp","contentUrl":"https:\/\/www.webdo.tn\/fr\/wp-content\/uploads\/2024\/11\/d70a21471d9dd4727b776463040b22b2.webp","width":750,"height":400,"caption":"Liban : Isra\u00ebl bombarde un point de passage vers la Syrie"},{"@type":"BreadcrumbList","@id":"https:\/\/www.webdo.tn\/fr\/actualite\/international\/liban-israel-bombarde-un-point-de-passage-vers-la-syrie\/217357\/#breadcrumb","itemListElement":[{"@type":"ListItem","position":1,"name":"Accueil","item":"https:\/\/www.webdo.tn\/fr\/"},{"@type":"ListItem","position":2,"name":"Liban : Isra\u00ebl bombarde un point de passage vers la Syrie"}]},{"@type":"WebSite","@id":"https:\/\/www.webdo.tn\/fr\/#website","url":"https:\/\/www.webdo.tn\/fr\/","name":"webdo","description":"Tunisie - News en Tunisie et \u00e0 l&#039;international sur Webdo.tn","publisher":{"@id":"https:\/\/www.webdo.tn\/fr\/#organization"},"potentialAction":[{"@type":"SearchAction","target":{"@type":"EntryPoint","urlTemplate":"https:\/\/www.webdo.tn\/fr\/?s={search_term_string}"},"query-input":{"@type":"PropertyValueSpecification","valueRequired":true,"valueName":"search_term_string"}}],"inLanguage":"fr-FR"},{"@type":"Organization","@id":"https:\/\/www.webdo.tn\/fr\/#organization","name":"Webdo","alternateName":"Webdo.tn","url":"https:\/\/www.webdo.tn\/fr\/","logo":{"@type":"ImageObject","inLanguage":"fr-FR","@id":"https:\/\/www.webdo.tn\/fr\/#\/schema\/logo\/image\/","url":"https:\/\/www.webdo.tn\/fr\/wp-content\/uploads\/2025\/06\/Webdo-Tunisie_168377.jpg","contentUrl":"https:\/\/www.webdo.tn\/fr\/wp-content\/uploads\/2025\/06\/Webdo-Tunisie_168377.jpg","width":301,"height":301,"caption":"Webdo"},"image":{"@id":"https:\/\/www.webdo.tn\/fr\/#\/schema\/logo\/image\/"},"sameAs":["https:\/\/www.facebook.com\/webdotn","https:\/\/x.com\/webdo_tn"],"description":"Webdo est un m\u00e9dia num\u00e9rique tunisien fond\u00e9 en 2010, sp\u00e9cialis\u00e9 dans l\u2019actualit\u00e9 nationale et internationale, l\u2019\u00e9conomie, la soci\u00e9t\u00e9 et les analyses politiques. Le site s\u2019adresse \u00e0 un large public francophone et couvre l\u2019information tunisienne en temps r\u00e9el.","email":"redac@webdo.tn","legalName":"YNJ SARL","foundingDate":"2010-09-06","numberOfEmployees":{"@type":"QuantitativeValue","minValue":"11","maxValue":"50"}},{"@type":"Person","@id":"https:\/\/www.webdo.tn\/fr\/#\/schema\/person\/b8a41c04d93287d375510db360906b34","name":"AZ","image":{"@type":"ImageObject","inLanguage":"fr-FR","@id":"https:\/\/secure.gravatar.com\/avatar\/492b80bada79439de4201dce15cd41eece6c277cfdf1b53382073c79105c1f89?s=96&d=mm&r=g","url":"https:\/\/secure.gravatar.com\/avatar\/492b80bada79439de4201dce15cd41eece6c277cfdf1b53382073c79105c1f89?s=96&d=mm&r=g","contentUrl":"https:\/\/secure.gravatar.com\/avatar\/492b80bada79439de4201dce15cd41eece6c277cfdf1b53382073c79105c1f89?s=96&d=mm&r=g","caption":"AZ"},"url":"https:\/\/www.webdo.tn\/fr\/actualite\/author\/az\/"}]}},"_links":{"self":[{"href":"https:\/\/www.webdo.tn\/fr\/wp-json\/wp\/v2\/posts\/217357","targetHints":{"allow":["GET"]}}],"collection":[{"href":"https:\/\/www.webdo.tn\/fr\/wp-json\/wp\/v2\/posts"}],"about":[{"href":"https:\/\/www.webdo.tn\/fr\/wp-json\/wp\/v2\/types\/post"}],"author":[{"embeddable":true,"href":"https:\/\/www.webdo.tn\/fr\/wp-json\/wp\/v2\/users\/3166"}],"replies":[{"embeddable":true,"href":"https:\/\/www.webdo.tn\/fr\/wp-json\/wp\/v2\/comments?post=217357"}],"version-history":[{"count":0,"href":"https:\/\/www.webdo.tn\/fr\/wp-json\/wp\/v2\/posts\/217357\/revisions"}],"wp:featuredmedia":[{"embeddable":true,"href":"https:\/\/www.webdo.tn\/fr\/wp-json\/wp\/v2\/media\/246181"}],"wp:attachment":[{"href":"https:\/\/www.webdo.tn\/fr\/wp-json\/wp\/v2\/media?parent=217357"}],"wp:term":[{"taxonomy":"category","embeddable":true,"href":"https:\/\/www.webdo.tn\/fr\/wp-json\/wp\/v2\/categories?post=217357"},{"taxonomy":"post_tag","embeddable":true,"href":"https:\/\/www.webdo.tn\/fr\/wp-json\/wp\/v2\/tags?post=217357"}],"curies":[{"name":"wp","href":"https:\/\/api.w.org\/{rel}","templated":true}]}}