{"id":217331,"date":"2024-11-01T19:36:00","date_gmt":"2024-11-01T19:36:00","guid":{"rendered":"https:\/\/www.webdo.tn\/fr\/blog\/tunisie-le-president-du-css-convoque-pour-interrogatoire\/217331\/"},"modified":"2025-05-21T09:02:17","modified_gmt":"2025-05-21T09:02:17","slug":"tunisie-le-president-du-css-convoque-pour-interrogatoire","status":"publish","type":"post","link":"https:\/\/www.webdo.tn\/fr\/actualite\/national\/tunisie-le-president-du-css-convoque-pour-interrogatoire\/217331\/","title":{"rendered":"Tunisie : Le pr\u00e9sident du CSS convoqu\u00e9 pour interrogatoire"},"content":{"rendered":"<p>Abdelaziz Makhloufi, pr\u00e9sident du Club Sportif Sfaxien (CSS), a \u00e9t\u00e9 convoqu\u00e9 ce vendredi 1er novembre 2024 par une brigade de s\u00e9curit\u00e9 pour un interrogatoire. Cette information a \u00e9t\u00e9 confirm\u00e9e par le porte-parole du club, Jawhar Ladhar, dans une d\u00e9claration \u00e0 l\u2019agence TAP.<\/p>\n<p>\t\t\t\t\t\t\t\t\tMakhloufi est une figure influente au sein du CSS, ayant occup\u00e9 des postes de direction dans les trois principales structures du club. Apr\u00e8s avoir pr\u00e9sid\u00e9 le groupe des \u00a0\u00bb Socios \u00a0\u00bb puis la \u00ab\u00a0Commission sup\u00e9rieure de soutien\u00a0\u00bb lors de la derni\u00e8re saison, il a \u00e9t\u00e9 \u00e9lu \u00e0 la t\u00eate du club en janvier 2024 pour un mandat courant jusqu&rsquo;en 2026.<\/p>\n<p>En dehors du domaine sportif, Abdelaziz Makhloufi est \u00e9galement reconnu en tant que producteur et exportateur majeur d\u2019huile d\u2019olive en Tunisie, secteur dans lequel il a \u00e9t\u00e9 prim\u00e9 \u00e0 plusieurs reprises.<\/p>\n<p>Selon Khaled Sarbeji, avocat et membre du bureau ex\u00e9cutif du CSS, l&rsquo;audition d&rsquo;Abdelaziz Makhloufi par une brigade s\u00e9curitaire est en lien avec l&rsquo;exploitation du domaine agricole Ch\u00e2al.<\/p>\n","protected":false},"excerpt":{"rendered":"<p>Abdelaziz Makhloufi, pr\u00e9sident du Club Sportif Sfaxien et producteur prim\u00e9 d\u2019huile d\u2019olive, convoqu\u00e9 pour un interrogatoire par la police ce 1er novembre 2024.<\/p>\n","protected":false},"author":3166,"featured_media":246196,"comment_status":"open","ping_status":"closed","sticky":false,"template":"","format":"standard","meta":{"footnotes":""},"categories":[44],"tags":[4540,4914,5224,2608],"class_list":["post-217331","post","type-post","status-publish","format-standard","has-post-thumbnail","hentry","category-national","tag-abdelaziz-makhloufi","tag-css","tag-interrogatoire","tag-tunisie"],"yoast_head":"<!-- This site is optimized with the Yoast SEO Premium plugin v27.4 (Yoast SEO v27.5) - https:\/\/yoast.com\/product\/yoast-seo-premium-wordpress\/ -->\n<title>Tunisie : Le pr\u00e9sident du CSS convoqu\u00e9 pour interrogatoire<\/title>\n<meta name=\"description\" content=\"Abdelaziz Makhloufi, pr\u00e9sident du Club Sportif Sfaxien et producteur prim\u00e9 d\u2019huile d\u2019olive, convoqu\u00e9 pour un interrogatoire par la police ce 1er novembre 2024.\" \/>\n<link rel=\"canonical\" href=\"https:\/\/www.webdo.tn\/fr\/actualite\/national\/tunisie-le-president-du-css-convoque-pour-interrogatoire\/217331\/\" \/>\n<meta property=\"og:locale\" content=\"fr_FR\" \/>\n<meta property=\"og:type\" content=\"article\" \/>\n<meta property=\"og:title\" content=\"Tunisie : Le pr\u00e9sident du CSS convoqu\u00e9 pour interrogatoire\" \/>\n<meta property=\"og:description\" content=\"Abdelaziz Makhloufi, pr\u00e9sident du Club Sportif Sfaxien et producteur prim\u00e9 d\u2019huile d\u2019olive, convoqu\u00e9 pour un interrogatoire par la police ce 1er novembre 2024.\" \/>\n<meta property=\"og:url\" content=\"https:\/\/www.webdo.tn\/fr\/actualite\/national\/tunisie-le-president-du-css-convoque-pour-interrogatoire\/217331\/\" \/>\n<meta property=\"og:site_name\" content=\"webdo\" \/>\n<meta property=\"article:publisher\" content=\"https:\/\/www.facebook.com\/webdotn\" \/>\n<meta property=\"article:published_time\" content=\"2024-11-01T19:36:00+00:00\" \/>\n<meta property=\"article:modified_time\" content=\"2025-05-21T09:02:17+00:00\" \/>\n<meta property=\"og:image\" content=\"https:\/\/www.webdo.tn\/fr\/wp-content\/uploads\/2024\/11\/41878e1feae771eb2f1f0ef5f0e521b1.webp\" \/>\n\t<meta property=\"og:image:width\" content=\"630\" \/>\n\t<meta property=\"og:image:height\" content=\"336\" \/>\n\t<meta property=\"og:image:type\" content=\"image\/webp\" \/>\n<meta name=\"author\" content=\"AZ\" \/>\n<meta name=\"twitter:card\" content=\"summary_large_image\" \/>\n<meta name=\"twitter:creator\" content=\"@webdo_tn\" \/>\n<meta name=\"twitter:site\" content=\"@webdo_tn\" \/>\n<meta name=\"twitter:label1\" content=\"\u00c9crit par\" \/>\n\t<meta name=\"twitter:data1\" content=\"AZ\" \/>\n\t<meta name=\"twitter:label2\" content=\"Dur\u00e9e de lecture estim\u00e9e\" \/>\n\t<meta name=\"twitter:data2\" content=\"1 minute\" \/>\n<script type=\"application\/ld+json\" class=\"yoast-schema-graph\">{\"@context\":\"https:\\\/\\\/schema.org\",\"@graph\":[{\"@type\":\"NewsArticle\",\"@id\":\"https:\\\/\\\/www.webdo.tn\\\/fr\\\/actualite\\\/national\\\/tunisie-le-president-du-css-convoque-pour-interrogatoire\\\/217331\\\/#article\",\"isPartOf\":{\"@id\":\"https:\\\/\\\/www.webdo.tn\\\/fr\\\/actualite\\\/national\\\/tunisie-le-president-du-css-convoque-pour-interrogatoire\\\/217331\\\/\"},\"author\":{\"name\":\"AZ\",\"@id\":\"https:\\\/\\\/www.webdo.tn\\\/fr\\\/#\\\/schema\\\/person\\\/b8a41c04d93287d375510db360906b34\"},\"headline\":\"Tunisie : Le pr\u00e9sident du CSS convoqu\u00e9 pour interrogatoire\",\"datePublished\":\"2024-11-01T19:36:00+00:00\",\"dateModified\":\"2025-05-21T09:02:17+00:00\",\"mainEntityOfPage\":{\"@id\":\"https:\\\/\\\/www.webdo.tn\\\/fr\\\/actualite\\\/national\\\/tunisie-le-president-du-css-convoque-pour-interrogatoire\\\/217331\\\/\"},\"wordCount\":180,\"commentCount\":0,\"publisher\":{\"@id\":\"https:\\\/\\\/www.webdo.tn\\\/fr\\\/#organization\"},\"image\":{\"@id\":\"https:\\\/\\\/www.webdo.tn\\\/fr\\\/actualite\\\/national\\\/tunisie-le-president-du-css-convoque-pour-interrogatoire\\\/217331\\\/#primaryimage\"},\"thumbnailUrl\":\"https:\\\/\\\/www.webdo.tn\\\/fr\\\/wp-content\\\/uploads\\\/2024\\\/11\\\/41878e1feae771eb2f1f0ef5f0e521b1.webp\",\"keywords\":[\"Abdelaziz Makhloufi\",\"CSS\",\"Interrogatoire\",\"Tunisie\"],\"articleSection\":[\"National\"],\"inLanguage\":\"fr-FR\"},{\"@type\":\"WebPage\",\"@id\":\"https:\\\/\\\/www.webdo.tn\\\/fr\\\/actualite\\\/national\\\/tunisie-le-president-du-css-convoque-pour-interrogatoire\\\/217331\\\/\",\"url\":\"https:\\\/\\\/www.webdo.tn\\\/fr\\\/actualite\\\/national\\\/tunisie-le-president-du-css-convoque-pour-interrogatoire\\\/217331\\\/\",\"name\":\"Tunisie : Le pr\u00e9sident du CSS convoqu\u00e9 pour interrogatoire\",\"isPartOf\":{\"@id\":\"https:\\\/\\\/www.webdo.tn\\\/fr\\\/#website\"},\"primaryImageOfPage\":{\"@id\":\"https:\\\/\\\/www.webdo.tn\\\/fr\\\/actualite\\\/national\\\/tunisie-le-president-du-css-convoque-pour-interrogatoire\\\/217331\\\/#primaryimage\"},\"image\":{\"@id\":\"https:\\\/\\\/www.webdo.tn\\\/fr\\\/actualite\\\/national\\\/tunisie-le-president-du-css-convoque-pour-interrogatoire\\\/217331\\\/#primaryimage\"},\"thumbnailUrl\":\"https:\\\/\\\/www.webdo.tn\\\/fr\\\/wp-content\\\/uploads\\\/2024\\\/11\\\/41878e1feae771eb2f1f0ef5f0e521b1.webp\",\"datePublished\":\"2024-11-01T19:36:00+00:00\",\"dateModified\":\"2025-05-21T09:02:17+00:00\",\"description\":\"Abdelaziz Makhloufi, pr\u00e9sident du Club Sportif Sfaxien et producteur prim\u00e9 d\u2019huile d\u2019olive, convoqu\u00e9 pour un interrogatoire par la police ce 1er novembre 2024.\",\"breadcrumb\":{\"@id\":\"https:\\\/\\\/www.webdo.tn\\\/fr\\\/actualite\\\/national\\\/tunisie-le-president-du-css-convoque-pour-interrogatoire\\\/217331\\\/#breadcrumb\"},\"inLanguage\":\"fr-FR\",\"potentialAction\":[{\"@type\":\"ReadAction\",\"target\":[\"https:\\\/\\\/www.webdo.tn\\\/fr\\\/actualite\\\/national\\\/tunisie-le-president-du-css-convoque-pour-interrogatoire\\\/217331\\\/\"]}]},{\"@type\":\"ImageObject\",\"inLanguage\":\"fr-FR\",\"@id\":\"https:\\\/\\\/www.webdo.tn\\\/fr\\\/actualite\\\/national\\\/tunisie-le-president-du-css-convoque-pour-interrogatoire\\\/217331\\\/#primaryimage\",\"url\":\"https:\\\/\\\/www.webdo.tn\\\/fr\\\/wp-content\\\/uploads\\\/2024\\\/11\\\/41878e1feae771eb2f1f0ef5f0e521b1.webp\",\"contentUrl\":\"https:\\\/\\\/www.webdo.tn\\\/fr\\\/wp-content\\\/uploads\\\/2024\\\/11\\\/41878e1feae771eb2f1f0ef5f0e521b1.webp\",\"width\":630,\"height\":336,\"caption\":\"Tunisie : Le pr\u00e9sident du CSS convoqu\u00e9 pour interrogatoire\"},{\"@type\":\"BreadcrumbList\",\"@id\":\"https:\\\/\\\/www.webdo.tn\\\/fr\\\/actualite\\\/national\\\/tunisie-le-president-du-css-convoque-pour-interrogatoire\\\/217331\\\/#breadcrumb\",\"itemListElement\":[{\"@type\":\"ListItem\",\"position\":1,\"name\":\"Accueil\",\"item\":\"https:\\\/\\\/www.webdo.tn\\\/fr\\\/\"},{\"@type\":\"ListItem\",\"position\":2,\"name\":\"Tunisie : Le pr\u00e9sident du CSS convoqu\u00e9 pour interrogatoire\"}]},{\"@type\":\"WebSite\",\"@id\":\"https:\\\/\\\/www.webdo.tn\\\/fr\\\/#website\",\"url\":\"https:\\\/\\\/www.webdo.tn\\\/fr\\\/\",\"name\":\"webdo\",\"description\":\"Tunisie - News en Tunisie et \u00e0 l&#039;international sur Webdo.tn\",\"publisher\":{\"@id\":\"https:\\\/\\\/www.webdo.tn\\\/fr\\\/#organization\"},\"potentialAction\":[{\"@type\":\"SearchAction\",\"target\":{\"@type\":\"EntryPoint\",\"urlTemplate\":\"https:\\\/\\\/www.webdo.tn\\\/fr\\\/?s={search_term_string}\"},\"query-input\":{\"@type\":\"PropertyValueSpecification\",\"valueRequired\":true,\"valueName\":\"search_term_string\"}}],\"inLanguage\":\"fr-FR\"},{\"@type\":\"Organization\",\"@id\":\"https:\\\/\\\/www.webdo.tn\\\/fr\\\/#organization\",\"name\":\"Webdo\",\"alternateName\":\"Webdo.tn\",\"url\":\"https:\\\/\\\/www.webdo.tn\\\/fr\\\/\",\"logo\":{\"@type\":\"ImageObject\",\"inLanguage\":\"fr-FR\",\"@id\":\"https:\\\/\\\/www.webdo.tn\\\/fr\\\/#\\\/schema\\\/logo\\\/image\\\/\",\"url\":\"https:\\\/\\\/www.webdo.tn\\\/fr\\\/wp-content\\\/uploads\\\/2025\\\/06\\\/Webdo-Tunisie_168377.jpg\",\"contentUrl\":\"https:\\\/\\\/www.webdo.tn\\\/fr\\\/wp-content\\\/uploads\\\/2025\\\/06\\\/Webdo-Tunisie_168377.jpg\",\"width\":301,\"height\":301,\"caption\":\"Webdo\"},\"image\":{\"@id\":\"https:\\\/\\\/www.webdo.tn\\\/fr\\\/#\\\/schema\\\/logo\\\/image\\\/\"},\"sameAs\":[\"https:\\\/\\\/www.facebook.com\\\/webdotn\",\"https:\\\/\\\/x.com\\\/webdo_tn\"],\"description\":\"Webdo est un m\u00e9dia num\u00e9rique tunisien fond\u00e9 en 2010, sp\u00e9cialis\u00e9 dans l\u2019actualit\u00e9 nationale et internationale, l\u2019\u00e9conomie, la soci\u00e9t\u00e9 et les analyses politiques. Le site s\u2019adresse \u00e0 un large public francophone et couvre l\u2019information tunisienne en temps r\u00e9el.\",\"email\":\"redac@webdo.tn\",\"legalName\":\"YNJ SARL\",\"foundingDate\":\"2010-09-06\",\"numberOfEmployees\":{\"@type\":\"QuantitativeValue\",\"minValue\":\"11\",\"maxValue\":\"50\"}},{\"@type\":\"Person\",\"@id\":\"https:\\\/\\\/www.webdo.tn\\\/fr\\\/#\\\/schema\\\/person\\\/b8a41c04d93287d375510db360906b34\",\"name\":\"AZ\",\"image\":{\"@type\":\"ImageObject\",\"inLanguage\":\"fr-FR\",\"@id\":\"https:\\\/\\\/secure.gravatar.com\\\/avatar\\\/492b80bada79439de4201dce15cd41eece6c277cfdf1b53382073c79105c1f89?s=96&d=mm&r=g\",\"url\":\"https:\\\/\\\/secure.gravatar.com\\\/avatar\\\/492b80bada79439de4201dce15cd41eece6c277cfdf1b53382073c79105c1f89?s=96&d=mm&r=g\",\"contentUrl\":\"https:\\\/\\\/secure.gravatar.com\\\/avatar\\\/492b80bada79439de4201dce15cd41eece6c277cfdf1b53382073c79105c1f89?s=96&d=mm&r=g\",\"caption\":\"AZ\"},\"url\":\"https:\\\/\\\/www.webdo.tn\\\/fr\\\/actualite\\\/author\\\/az\\\/\"}]}<\/script>\n<!-- \/ Yoast SEO Premium plugin. -->","yoast_head_json":{"title":"Tunisie : Le pr\u00e9sident du CSS convoqu\u00e9 pour interrogatoire","description":"Abdelaziz Makhloufi, pr\u00e9sident du Club Sportif Sfaxien et producteur prim\u00e9 d\u2019huile d\u2019olive, convoqu\u00e9 pour un interrogatoire par la police ce 1er novembre 2024.","canonical":"https:\/\/www.webdo.tn\/fr\/actualite\/national\/tunisie-le-president-du-css-convoque-pour-interrogatoire\/217331\/","og_locale":"fr_FR","og_type":"article","og_title":"Tunisie : Le pr\u00e9sident du CSS convoqu\u00e9 pour interrogatoire","og_description":"Abdelaziz Makhloufi, pr\u00e9sident du Club Sportif Sfaxien et producteur prim\u00e9 d\u2019huile d\u2019olive, convoqu\u00e9 pour un interrogatoire par la police ce 1er novembre 2024.","og_url":"https:\/\/www.webdo.tn\/fr\/actualite\/national\/tunisie-le-president-du-css-convoque-pour-interrogatoire\/217331\/","og_site_name":"webdo","article_publisher":"https:\/\/www.facebook.com\/webdotn","article_published_time":"2024-11-01T19:36:00+00:00","article_modified_time":"2025-05-21T09:02:17+00:00","og_image":[{"width":630,"height":336,"url":"https:\/\/www.webdo.tn\/fr\/wp-content\/uploads\/2024\/11\/41878e1feae771eb2f1f0ef5f0e521b1.webp","type":"image\/webp"}],"author":"AZ","twitter_card":"summary_large_image","twitter_creator":"@webdo_tn","twitter_site":"@webdo_tn","twitter_misc":{"\u00c9crit par":"AZ","Dur\u00e9e de lecture estim\u00e9e":"1 minute"},"schema":{"@context":"https:\/\/schema.org","@graph":[{"@type":"NewsArticle","@id":"https:\/\/www.webdo.tn\/fr\/actualite\/national\/tunisie-le-president-du-css-convoque-pour-interrogatoire\/217331\/#article","isPartOf":{"@id":"https:\/\/www.webdo.tn\/fr\/actualite\/national\/tunisie-le-president-du-css-convoque-pour-interrogatoire\/217331\/"},"author":{"name":"AZ","@id":"https:\/\/www.webdo.tn\/fr\/#\/schema\/person\/b8a41c04d93287d375510db360906b34"},"headline":"Tunisie : Le pr\u00e9sident du CSS convoqu\u00e9 pour interrogatoire","datePublished":"2024-11-01T19:36:00+00:00","dateModified":"2025-05-21T09:02:17+00:00","mainEntityOfPage":{"@id":"https:\/\/www.webdo.tn\/fr\/actualite\/national\/tunisie-le-president-du-css-convoque-pour-interrogatoire\/217331\/"},"wordCount":180,"commentCount":0,"publisher":{"@id":"https:\/\/www.webdo.tn\/fr\/#organization"},"image":{"@id":"https:\/\/www.webdo.tn\/fr\/actualite\/national\/tunisie-le-president-du-css-convoque-pour-interrogatoire\/217331\/#primaryimage"},"thumbnailUrl":"https:\/\/www.webdo.tn\/fr\/wp-content\/uploads\/2024\/11\/41878e1feae771eb2f1f0ef5f0e521b1.webp","keywords":["Abdelaziz Makhloufi","CSS","Interrogatoire","Tunisie"],"articleSection":["National"],"inLanguage":"fr-FR"},{"@type":"WebPage","@id":"https:\/\/www.webdo.tn\/fr\/actualite\/national\/tunisie-le-president-du-css-convoque-pour-interrogatoire\/217331\/","url":"https:\/\/www.webdo.tn\/fr\/actualite\/national\/tunisie-le-president-du-css-convoque-pour-interrogatoire\/217331\/","name":"Tunisie : Le pr\u00e9sident du CSS convoqu\u00e9 pour interrogatoire","isPartOf":{"@id":"https:\/\/www.webdo.tn\/fr\/#website"},"primaryImageOfPage":{"@id":"https:\/\/www.webdo.tn\/fr\/actualite\/national\/tunisie-le-president-du-css-convoque-pour-interrogatoire\/217331\/#primaryimage"},"image":{"@id":"https:\/\/www.webdo.tn\/fr\/actualite\/national\/tunisie-le-president-du-css-convoque-pour-interrogatoire\/217331\/#primaryimage"},"thumbnailUrl":"https:\/\/www.webdo.tn\/fr\/wp-content\/uploads\/2024\/11\/41878e1feae771eb2f1f0ef5f0e521b1.webp","datePublished":"2024-11-01T19:36:00+00:00","dateModified":"2025-05-21T09:02:17+00:00","description":"Abdelaziz Makhloufi, pr\u00e9sident du Club Sportif Sfaxien et producteur prim\u00e9 d\u2019huile d\u2019olive, convoqu\u00e9 pour un interrogatoire par la police ce 1er novembre 2024.","breadcrumb":{"@id":"https:\/\/www.webdo.tn\/fr\/actualite\/national\/tunisie-le-president-du-css-convoque-pour-interrogatoire\/217331\/#breadcrumb"},"inLanguage":"fr-FR","potentialAction":[{"@type":"ReadAction","target":["https:\/\/www.webdo.tn\/fr\/actualite\/national\/tunisie-le-president-du-css-convoque-pour-interrogatoire\/217331\/"]}]},{"@type":"ImageObject","inLanguage":"fr-FR","@id":"https:\/\/www.webdo.tn\/fr\/actualite\/national\/tunisie-le-president-du-css-convoque-pour-interrogatoire\/217331\/#primaryimage","url":"https:\/\/www.webdo.tn\/fr\/wp-content\/uploads\/2024\/11\/41878e1feae771eb2f1f0ef5f0e521b1.webp","contentUrl":"https:\/\/www.webdo.tn\/fr\/wp-content\/uploads\/2024\/11\/41878e1feae771eb2f1f0ef5f0e521b1.webp","width":630,"height":336,"caption":"Tunisie : Le pr\u00e9sident du CSS convoqu\u00e9 pour interrogatoire"},{"@type":"BreadcrumbList","@id":"https:\/\/www.webdo.tn\/fr\/actualite\/national\/tunisie-le-president-du-css-convoque-pour-interrogatoire\/217331\/#breadcrumb","itemListElement":[{"@type":"ListItem","position":1,"name":"Accueil","item":"https:\/\/www.webdo.tn\/fr\/"},{"@type":"ListItem","position":2,"name":"Tunisie : Le pr\u00e9sident du CSS convoqu\u00e9 pour interrogatoire"}]},{"@type":"WebSite","@id":"https:\/\/www.webdo.tn\/fr\/#website","url":"https:\/\/www.webdo.tn\/fr\/","name":"webdo","description":"Tunisie - News en Tunisie et \u00e0 l&#039;international sur Webdo.tn","publisher":{"@id":"https:\/\/www.webdo.tn\/fr\/#organization"},"potentialAction":[{"@type":"SearchAction","target":{"@type":"EntryPoint","urlTemplate":"https:\/\/www.webdo.tn\/fr\/?s={search_term_string}"},"query-input":{"@type":"PropertyValueSpecification","valueRequired":true,"valueName":"search_term_string"}}],"inLanguage":"fr-FR"},{"@type":"Organization","@id":"https:\/\/www.webdo.tn\/fr\/#organization","name":"Webdo","alternateName":"Webdo.tn","url":"https:\/\/www.webdo.tn\/fr\/","logo":{"@type":"ImageObject","inLanguage":"fr-FR","@id":"https:\/\/www.webdo.tn\/fr\/#\/schema\/logo\/image\/","url":"https:\/\/www.webdo.tn\/fr\/wp-content\/uploads\/2025\/06\/Webdo-Tunisie_168377.jpg","contentUrl":"https:\/\/www.webdo.tn\/fr\/wp-content\/uploads\/2025\/06\/Webdo-Tunisie_168377.jpg","width":301,"height":301,"caption":"Webdo"},"image":{"@id":"https:\/\/www.webdo.tn\/fr\/#\/schema\/logo\/image\/"},"sameAs":["https:\/\/www.facebook.com\/webdotn","https:\/\/x.com\/webdo_tn"],"description":"Webdo est un m\u00e9dia num\u00e9rique tunisien fond\u00e9 en 2010, sp\u00e9cialis\u00e9 dans l\u2019actualit\u00e9 nationale et internationale, l\u2019\u00e9conomie, la soci\u00e9t\u00e9 et les analyses politiques. Le site s\u2019adresse \u00e0 un large public francophone et couvre l\u2019information tunisienne en temps r\u00e9el.","email":"redac@webdo.tn","legalName":"YNJ SARL","foundingDate":"2010-09-06","numberOfEmployees":{"@type":"QuantitativeValue","minValue":"11","maxValue":"50"}},{"@type":"Person","@id":"https:\/\/www.webdo.tn\/fr\/#\/schema\/person\/b8a41c04d93287d375510db360906b34","name":"AZ","image":{"@type":"ImageObject","inLanguage":"fr-FR","@id":"https:\/\/secure.gravatar.com\/avatar\/492b80bada79439de4201dce15cd41eece6c277cfdf1b53382073c79105c1f89?s=96&d=mm&r=g","url":"https:\/\/secure.gravatar.com\/avatar\/492b80bada79439de4201dce15cd41eece6c277cfdf1b53382073c79105c1f89?s=96&d=mm&r=g","contentUrl":"https:\/\/secure.gravatar.com\/avatar\/492b80bada79439de4201dce15cd41eece6c277cfdf1b53382073c79105c1f89?s=96&d=mm&r=g","caption":"AZ"},"url":"https:\/\/www.webdo.tn\/fr\/actualite\/author\/az\/"}]}},"_links":{"self":[{"href":"https:\/\/www.webdo.tn\/fr\/wp-json\/wp\/v2\/posts\/217331","targetHints":{"allow":["GET"]}}],"collection":[{"href":"https:\/\/www.webdo.tn\/fr\/wp-json\/wp\/v2\/posts"}],"about":[{"href":"https:\/\/www.webdo.tn\/fr\/wp-json\/wp\/v2\/types\/post"}],"author":[{"embeddable":true,"href":"https:\/\/www.webdo.tn\/fr\/wp-json\/wp\/v2\/users\/3166"}],"replies":[{"embeddable":true,"href":"https:\/\/www.webdo.tn\/fr\/wp-json\/wp\/v2\/comments?post=217331"}],"version-history":[{"count":0,"href":"https:\/\/www.webdo.tn\/fr\/wp-json\/wp\/v2\/posts\/217331\/revisions"}],"wp:featuredmedia":[{"embeddable":true,"href":"https:\/\/www.webdo.tn\/fr\/wp-json\/wp\/v2\/media\/246196"}],"wp:attachment":[{"href":"https:\/\/www.webdo.tn\/fr\/wp-json\/wp\/v2\/media?parent=217331"}],"wp:term":[{"taxonomy":"category","embeddable":true,"href":"https:\/\/www.webdo.tn\/fr\/wp-json\/wp\/v2\/categories?post=217331"},{"taxonomy":"post_tag","embeddable":true,"href":"https:\/\/www.webdo.tn\/fr\/wp-json\/wp\/v2\/tags?post=217331"}],"curies":[{"name":"wp","href":"https:\/\/api.w.org\/{rel}","templated":true}]}}