{"id":217323,"date":"2024-11-01T11:00:00","date_gmt":"2024-11-01T11:00:00","guid":{"rendered":"https:\/\/www.webdo.tn\/fr\/blog\/the-apprentice-le-film-qui-defie-trump-sort-malgre-les-menaces\/217323\/"},"modified":"2025-05-17T20:21:05","modified_gmt":"2025-05-17T20:21:05","slug":"the-apprentice-le-film-qui-defie-trump-sort-malgre-les-menaces","status":"publish","type":"post","link":"https:\/\/www.webdo.tn\/fr\/actualite\/international\/the-apprentice-le-film-qui-defie-trump-sort-malgre-les-menaces\/217323\/","title":{"rendered":"\u00ab\u00a0The Apprentice\u00a0\u00bb : Le film qui d\u00e9fie Trump, sort malgr\u00e9 les menaces"},"content":{"rendered":"<p>\u00ab\u00a0The Apprentice\u00a0\u00bb, biopic controvers\u00e9 sur la jeunesse de Donald Trump, est sorti en vid\u00e9o \u00e0 la demande ce week-end malgr\u00e9 les menaces de poursuites de l&rsquo;ancien pr\u00e9sident am\u00e9ricain. Le film, qui retrace l&rsquo;ascension du jeune promoteur immobilier new-yorkais dans les ann\u00e9es 70-80, avait d\u00e9j\u00e0 fait sensation lors de sa pr\u00e9sentation au Festival de Cannes en mai dernier.<\/p>\n<p>\t\t\t\t\t\t\t\t\tFace aux pressions juridiques, les grands studios avaient initialement refus\u00e9 de distribuer le film, avant que Briarcliff Entertainment ne d\u00e9cide de le sortir en salles en octobre. Malgr\u00e9 des critiques \u00e9logieuses, notamment pour l&rsquo;interpr\u00e9tation remarquable de Sebastian Stan dans le r\u00f4le de Trump, le film n&rsquo;a r\u00e9colt\u00e9 que 3,5 millions de dollars au box-office.<\/p>\n<p>Le porte-parole de Trump a d\u00e9nonc\u00e9 l&rsquo;\u0153uvre comme \u00ab\u00a0pure fiction\u00a0\u00bb et \u00ab\u00a0tissu de mensonges\u00a0\u00bb. Le film met en lumi\u00e8re la relation complexe entre Trump et son mentor Roy Cohn, ainsi que ses d\u00e9m\u00eal\u00e9s judiciaires li\u00e9s \u00e0 des discriminations raciales dans l&rsquo;immobilier. Daniel Snyder, ami de Trump et investisseur initial du projet via sa soci\u00e9t\u00e9 Kinematics, a tent\u00e9 de bloquer la sortie avant de se retirer du projet.<\/p>\n<p>A mesure que le film gagne en visibilit\u00e9, les critiques affluent, saluant majoritairement l&rsquo;audace du r\u00e9alisateur et la performance de Sebastian Stan. Malgr\u00e9 l&rsquo;opposition persistante de Trump, qui refuse cette repr\u00e9sentation de sa jeunesse, \u00ab\u00a0The Apprentice\u00a0\u00bb s&rsquo;impose comme plus qu&rsquo;un simple biopic : il illustre les divisions profondes que continue de susciter la figure de Donald Trump.<\/p>\n","protected":false},"excerpt":{"rendered":"<p>D\u00e9couvrez  The Apprentice , le biopic controvers\u00e9 sur Donald Trump qui suscite l&rsquo;indignation de l&rsquo;ex-pr\u00e9sident et divise l&rsquo;opinion publique. Entre menaces de pr&#8230;<\/p>\n","protected":false},"author":4779,"featured_media":246191,"comment_status":"open","ping_status":"closed","sticky":false,"template":"","format":"standard","meta":{"footnotes":""},"categories":[2598],"tags":[5217,2916,5216],"class_list":["post-217323","post","type-post","status-publish","format-standard","has-post-thumbnail","hentry","category-international","tag-biopic-trump","tag-donald-trump","tag-the-apprentice-film"],"yoast_head":"<!-- This site is optimized with the Yoast SEO Premium plugin v27.5 (Yoast SEO v27.5) - https:\/\/yoast.com\/product\/yoast-seo-premium-wordpress\/ -->\n<title>The Apprentice : Le film qui d\u00e9fie Trump, sort malgr\u00e9 les menaces<\/title>\n<meta name=\"description\" content=\"D\u00e9couvrez The Apprentice , le biopic controvers\u00e9 sur Donald Trump qui suscite l&#039;indignation de l&#039;ex-pr\u00e9sident et divise l&#039;opinion publique. Entre menaces de pr...\" \/>\n<link rel=\"canonical\" href=\"https:\/\/www.webdo.tn\/fr\/actualite\/international\/the-apprentice-le-film-qui-defie-trump-sort-malgre-les-menaces\/217323\/\" \/>\n<meta property=\"og:locale\" content=\"fr_FR\" \/>\n<meta property=\"og:type\" content=\"article\" \/>\n<meta property=\"og:title\" content=\"&quot;The Apprentice&quot; : Le film qui d\u00e9fie Trump, sort malgr\u00e9 les menaces\" \/>\n<meta property=\"og:description\" content=\"D\u00e9couvrez The Apprentice , le biopic controvers\u00e9 sur Donald Trump qui suscite l&#039;indignation de l&#039;ex-pr\u00e9sident et divise l&#039;opinion publique. Entre menaces de pr...\" \/>\n<meta property=\"og:url\" content=\"https:\/\/www.webdo.tn\/fr\/actualite\/international\/the-apprentice-le-film-qui-defie-trump-sort-malgre-les-menaces\/217323\/\" \/>\n<meta property=\"og:site_name\" content=\"webdo\" \/>\n<meta property=\"article:publisher\" content=\"https:\/\/www.facebook.com\/webdotn\" \/>\n<meta property=\"article:published_time\" content=\"2024-11-01T11:00:00+00:00\" \/>\n<meta property=\"article:modified_time\" content=\"2025-05-17T20:21:05+00:00\" \/>\n<meta property=\"og:image\" content=\"https:\/\/www.webdo.tn\/fr\/wp-content\/uploads\/2024\/11\/c4400b22e6ed53cb7db0e6d55ace6bc3.webp\" \/>\n\t<meta property=\"og:image:width\" content=\"750\" \/>\n\t<meta property=\"og:image:height\" content=\"400\" \/>\n\t<meta property=\"og:image:type\" content=\"image\/webp\" \/>\n<meta name=\"author\" content=\"Firas Ben Abdeltif\" \/>\n<meta name=\"twitter:card\" content=\"summary_large_image\" \/>\n<meta name=\"twitter:creator\" content=\"@webdo_tn\" \/>\n<meta name=\"twitter:site\" content=\"@webdo_tn\" \/>\n<meta name=\"twitter:label1\" content=\"\u00c9crit par\" \/>\n\t<meta name=\"twitter:data1\" content=\"Firas Ben Abdeltif\" \/>\n\t<meta name=\"twitter:label2\" content=\"Dur\u00e9e de lecture estim\u00e9e\" \/>\n\t<meta name=\"twitter:data2\" content=\"1 minute\" \/>\n<script type=\"application\/ld+json\" class=\"yoast-schema-graph\">{\"@context\":\"https:\\\/\\\/schema.org\",\"@graph\":[{\"@type\":\"NewsArticle\",\"@id\":\"https:\\\/\\\/www.webdo.tn\\\/fr\\\/actualite\\\/international\\\/the-apprentice-le-film-qui-defie-trump-sort-malgre-les-menaces\\\/217323\\\/#article\",\"isPartOf\":{\"@id\":\"https:\\\/\\\/www.webdo.tn\\\/fr\\\/actualite\\\/international\\\/the-apprentice-le-film-qui-defie-trump-sort-malgre-les-menaces\\\/217323\\\/\"},\"author\":{\"name\":\"Firas Ben Abdeltif\",\"@id\":\"https:\\\/\\\/www.webdo.tn\\\/fr\\\/#\\\/schema\\\/person\\\/19664196c9bfdcda126f3c27709f7d11\"},\"headline\":\"\u00ab\u00a0The Apprentice\u00a0\u00bb : Le film qui d\u00e9fie Trump, sort malgr\u00e9 les menaces\",\"datePublished\":\"2024-11-01T11:00:00+00:00\",\"dateModified\":\"2025-05-17T20:21:05+00:00\",\"mainEntityOfPage\":{\"@id\":\"https:\\\/\\\/www.webdo.tn\\\/fr\\\/actualite\\\/international\\\/the-apprentice-le-film-qui-defie-trump-sort-malgre-les-menaces\\\/217323\\\/\"},\"wordCount\":272,\"commentCount\":0,\"publisher\":{\"@id\":\"https:\\\/\\\/www.webdo.tn\\\/fr\\\/#organization\"},\"image\":{\"@id\":\"https:\\\/\\\/www.webdo.tn\\\/fr\\\/actualite\\\/international\\\/the-apprentice-le-film-qui-defie-trump-sort-malgre-les-menaces\\\/217323\\\/#primaryimage\"},\"thumbnailUrl\":\"https:\\\/\\\/www.webdo.tn\\\/fr\\\/wp-content\\\/uploads\\\/2024\\\/11\\\/c4400b22e6ed53cb7db0e6d55ace6bc3.webp\",\"keywords\":[\"biopic Trump\",\"Donald Trump\",\"The Apprentice film\"],\"articleSection\":[\"International\"],\"inLanguage\":\"fr-FR\"},{\"@type\":\"WebPage\",\"@id\":\"https:\\\/\\\/www.webdo.tn\\\/fr\\\/actualite\\\/international\\\/the-apprentice-le-film-qui-defie-trump-sort-malgre-les-menaces\\\/217323\\\/\",\"url\":\"https:\\\/\\\/www.webdo.tn\\\/fr\\\/actualite\\\/international\\\/the-apprentice-le-film-qui-defie-trump-sort-malgre-les-menaces\\\/217323\\\/\",\"name\":\"The Apprentice : Le film qui d\u00e9fie Trump, sort malgr\u00e9 les menaces\",\"isPartOf\":{\"@id\":\"https:\\\/\\\/www.webdo.tn\\\/fr\\\/#website\"},\"primaryImageOfPage\":{\"@id\":\"https:\\\/\\\/www.webdo.tn\\\/fr\\\/actualite\\\/international\\\/the-apprentice-le-film-qui-defie-trump-sort-malgre-les-menaces\\\/217323\\\/#primaryimage\"},\"image\":{\"@id\":\"https:\\\/\\\/www.webdo.tn\\\/fr\\\/actualite\\\/international\\\/the-apprentice-le-film-qui-defie-trump-sort-malgre-les-menaces\\\/217323\\\/#primaryimage\"},\"thumbnailUrl\":\"https:\\\/\\\/www.webdo.tn\\\/fr\\\/wp-content\\\/uploads\\\/2024\\\/11\\\/c4400b22e6ed53cb7db0e6d55ace6bc3.webp\",\"datePublished\":\"2024-11-01T11:00:00+00:00\",\"dateModified\":\"2025-05-17T20:21:05+00:00\",\"description\":\"D\u00e9couvrez The Apprentice , le biopic controvers\u00e9 sur Donald Trump qui suscite l'indignation de l'ex-pr\u00e9sident et divise l'opinion publique. Entre menaces de pr...\",\"breadcrumb\":{\"@id\":\"https:\\\/\\\/www.webdo.tn\\\/fr\\\/actualite\\\/international\\\/the-apprentice-le-film-qui-defie-trump-sort-malgre-les-menaces\\\/217323\\\/#breadcrumb\"},\"inLanguage\":\"fr-FR\",\"potentialAction\":[{\"@type\":\"ReadAction\",\"target\":[\"https:\\\/\\\/www.webdo.tn\\\/fr\\\/actualite\\\/international\\\/the-apprentice-le-film-qui-defie-trump-sort-malgre-les-menaces\\\/217323\\\/\"]}]},{\"@type\":\"ImageObject\",\"inLanguage\":\"fr-FR\",\"@id\":\"https:\\\/\\\/www.webdo.tn\\\/fr\\\/actualite\\\/international\\\/the-apprentice-le-film-qui-defie-trump-sort-malgre-les-menaces\\\/217323\\\/#primaryimage\",\"url\":\"https:\\\/\\\/www.webdo.tn\\\/fr\\\/wp-content\\\/uploads\\\/2024\\\/11\\\/c4400b22e6ed53cb7db0e6d55ace6bc3.webp\",\"contentUrl\":\"https:\\\/\\\/www.webdo.tn\\\/fr\\\/wp-content\\\/uploads\\\/2024\\\/11\\\/c4400b22e6ed53cb7db0e6d55ace6bc3.webp\",\"width\":750,\"height\":400,\"caption\":\"\\\"The Apprentice\\\" : Le film qui d\u00e9fie Trump, sort malgr\u00e9 les menaces\"},{\"@type\":\"BreadcrumbList\",\"@id\":\"https:\\\/\\\/www.webdo.tn\\\/fr\\\/actualite\\\/international\\\/the-apprentice-le-film-qui-defie-trump-sort-malgre-les-menaces\\\/217323\\\/#breadcrumb\",\"itemListElement\":[{\"@type\":\"ListItem\",\"position\":1,\"name\":\"Accueil\",\"item\":\"https:\\\/\\\/www.webdo.tn\\\/fr\\\/\"},{\"@type\":\"ListItem\",\"position\":2,\"name\":\"\u00ab\u00a0The Apprentice\u00a0\u00bb : Le film qui d\u00e9fie Trump, sort malgr\u00e9 les menaces\"}]},{\"@type\":\"WebSite\",\"@id\":\"https:\\\/\\\/www.webdo.tn\\\/fr\\\/#website\",\"url\":\"https:\\\/\\\/www.webdo.tn\\\/fr\\\/\",\"name\":\"webdo\",\"description\":\"Tunisie - News en Tunisie et \u00e0 l&#039;international sur Webdo.tn\",\"publisher\":{\"@id\":\"https:\\\/\\\/www.webdo.tn\\\/fr\\\/#organization\"},\"potentialAction\":[{\"@type\":\"SearchAction\",\"target\":{\"@type\":\"EntryPoint\",\"urlTemplate\":\"https:\\\/\\\/www.webdo.tn\\\/fr\\\/?s={search_term_string}\"},\"query-input\":{\"@type\":\"PropertyValueSpecification\",\"valueRequired\":true,\"valueName\":\"search_term_string\"}}],\"inLanguage\":\"fr-FR\"},{\"@type\":\"Organization\",\"@id\":\"https:\\\/\\\/www.webdo.tn\\\/fr\\\/#organization\",\"name\":\"Webdo\",\"alternateName\":\"Webdo.tn\",\"url\":\"https:\\\/\\\/www.webdo.tn\\\/fr\\\/\",\"logo\":{\"@type\":\"ImageObject\",\"inLanguage\":\"fr-FR\",\"@id\":\"https:\\\/\\\/www.webdo.tn\\\/fr\\\/#\\\/schema\\\/logo\\\/image\\\/\",\"url\":\"https:\\\/\\\/www.webdo.tn\\\/fr\\\/wp-content\\\/uploads\\\/2025\\\/06\\\/Webdo-Tunisie_168377.jpg\",\"contentUrl\":\"https:\\\/\\\/www.webdo.tn\\\/fr\\\/wp-content\\\/uploads\\\/2025\\\/06\\\/Webdo-Tunisie_168377.jpg\",\"width\":301,\"height\":301,\"caption\":\"Webdo\"},\"image\":{\"@id\":\"https:\\\/\\\/www.webdo.tn\\\/fr\\\/#\\\/schema\\\/logo\\\/image\\\/\"},\"sameAs\":[\"https:\\\/\\\/www.facebook.com\\\/webdotn\",\"https:\\\/\\\/x.com\\\/webdo_tn\"],\"description\":\"Webdo est un m\u00e9dia num\u00e9rique tunisien fond\u00e9 en 2010, sp\u00e9cialis\u00e9 dans l\u2019actualit\u00e9 nationale et internationale, l\u2019\u00e9conomie, la soci\u00e9t\u00e9 et les analyses politiques. Le site s\u2019adresse \u00e0 un large public francophone et couvre l\u2019information tunisienne en temps r\u00e9el.\",\"email\":\"redac@webdo.tn\",\"legalName\":\"YNJ SARL\",\"foundingDate\":\"2010-09-06\",\"numberOfEmployees\":{\"@type\":\"QuantitativeValue\",\"minValue\":\"11\",\"maxValue\":\"50\"}},{\"@type\":\"Person\",\"@id\":\"https:\\\/\\\/www.webdo.tn\\\/fr\\\/#\\\/schema\\\/person\\\/19664196c9bfdcda126f3c27709f7d11\",\"name\":\"Firas Ben Abdeltif\",\"image\":{\"@type\":\"ImageObject\",\"inLanguage\":\"fr-FR\",\"@id\":\"https:\\\/\\\/secure.gravatar.com\\\/avatar\\\/161a347d40df098a084778c52ed133dbd85f14df003867067c5948081241ec55?s=96&d=mm&r=g\",\"url\":\"https:\\\/\\\/secure.gravatar.com\\\/avatar\\\/161a347d40df098a084778c52ed133dbd85f14df003867067c5948081241ec55?s=96&d=mm&r=g\",\"contentUrl\":\"https:\\\/\\\/secure.gravatar.com\\\/avatar\\\/161a347d40df098a084778c52ed133dbd85f14df003867067c5948081241ec55?s=96&d=mm&r=g\",\"caption\":\"Firas Ben Abdeltif\"},\"url\":\"https:\\\/\\\/www.webdo.tn\\\/fr\\\/actualite\\\/author\\\/firas-ben-abdeltif\\\/\"}]}<\/script>\n<!-- \/ Yoast SEO Premium plugin. -->","yoast_head_json":{"title":"The Apprentice : Le film qui d\u00e9fie Trump, sort malgr\u00e9 les menaces","description":"D\u00e9couvrez The Apprentice , le biopic controvers\u00e9 sur Donald Trump qui suscite l'indignation de l'ex-pr\u00e9sident et divise l'opinion publique. Entre menaces de pr...","canonical":"https:\/\/www.webdo.tn\/fr\/actualite\/international\/the-apprentice-le-film-qui-defie-trump-sort-malgre-les-menaces\/217323\/","og_locale":"fr_FR","og_type":"article","og_title":"\"The Apprentice\" : Le film qui d\u00e9fie Trump, sort malgr\u00e9 les menaces","og_description":"D\u00e9couvrez The Apprentice , le biopic controvers\u00e9 sur Donald Trump qui suscite l'indignation de l'ex-pr\u00e9sident et divise l'opinion publique. Entre menaces de pr...","og_url":"https:\/\/www.webdo.tn\/fr\/actualite\/international\/the-apprentice-le-film-qui-defie-trump-sort-malgre-les-menaces\/217323\/","og_site_name":"webdo","article_publisher":"https:\/\/www.facebook.com\/webdotn","article_published_time":"2024-11-01T11:00:00+00:00","article_modified_time":"2025-05-17T20:21:05+00:00","og_image":[{"width":750,"height":400,"url":"https:\/\/www.webdo.tn\/fr\/wp-content\/uploads\/2024\/11\/c4400b22e6ed53cb7db0e6d55ace6bc3.webp","type":"image\/webp"}],"author":"Firas Ben Abdeltif","twitter_card":"summary_large_image","twitter_creator":"@webdo_tn","twitter_site":"@webdo_tn","twitter_misc":{"\u00c9crit par":"Firas Ben Abdeltif","Dur\u00e9e de lecture estim\u00e9e":"1 minute"},"schema":{"@context":"https:\/\/schema.org","@graph":[{"@type":"NewsArticle","@id":"https:\/\/www.webdo.tn\/fr\/actualite\/international\/the-apprentice-le-film-qui-defie-trump-sort-malgre-les-menaces\/217323\/#article","isPartOf":{"@id":"https:\/\/www.webdo.tn\/fr\/actualite\/international\/the-apprentice-le-film-qui-defie-trump-sort-malgre-les-menaces\/217323\/"},"author":{"name":"Firas Ben Abdeltif","@id":"https:\/\/www.webdo.tn\/fr\/#\/schema\/person\/19664196c9bfdcda126f3c27709f7d11"},"headline":"\u00ab\u00a0The Apprentice\u00a0\u00bb : Le film qui d\u00e9fie Trump, sort malgr\u00e9 les menaces","datePublished":"2024-11-01T11:00:00+00:00","dateModified":"2025-05-17T20:21:05+00:00","mainEntityOfPage":{"@id":"https:\/\/www.webdo.tn\/fr\/actualite\/international\/the-apprentice-le-film-qui-defie-trump-sort-malgre-les-menaces\/217323\/"},"wordCount":272,"commentCount":0,"publisher":{"@id":"https:\/\/www.webdo.tn\/fr\/#organization"},"image":{"@id":"https:\/\/www.webdo.tn\/fr\/actualite\/international\/the-apprentice-le-film-qui-defie-trump-sort-malgre-les-menaces\/217323\/#primaryimage"},"thumbnailUrl":"https:\/\/www.webdo.tn\/fr\/wp-content\/uploads\/2024\/11\/c4400b22e6ed53cb7db0e6d55ace6bc3.webp","keywords":["biopic Trump","Donald Trump","The Apprentice film"],"articleSection":["International"],"inLanguage":"fr-FR"},{"@type":"WebPage","@id":"https:\/\/www.webdo.tn\/fr\/actualite\/international\/the-apprentice-le-film-qui-defie-trump-sort-malgre-les-menaces\/217323\/","url":"https:\/\/www.webdo.tn\/fr\/actualite\/international\/the-apprentice-le-film-qui-defie-trump-sort-malgre-les-menaces\/217323\/","name":"The Apprentice : Le film qui d\u00e9fie Trump, sort malgr\u00e9 les menaces","isPartOf":{"@id":"https:\/\/www.webdo.tn\/fr\/#website"},"primaryImageOfPage":{"@id":"https:\/\/www.webdo.tn\/fr\/actualite\/international\/the-apprentice-le-film-qui-defie-trump-sort-malgre-les-menaces\/217323\/#primaryimage"},"image":{"@id":"https:\/\/www.webdo.tn\/fr\/actualite\/international\/the-apprentice-le-film-qui-defie-trump-sort-malgre-les-menaces\/217323\/#primaryimage"},"thumbnailUrl":"https:\/\/www.webdo.tn\/fr\/wp-content\/uploads\/2024\/11\/c4400b22e6ed53cb7db0e6d55ace6bc3.webp","datePublished":"2024-11-01T11:00:00+00:00","dateModified":"2025-05-17T20:21:05+00:00","description":"D\u00e9couvrez The Apprentice , le biopic controvers\u00e9 sur Donald Trump qui suscite l'indignation de l'ex-pr\u00e9sident et divise l'opinion publique. Entre menaces de pr...","breadcrumb":{"@id":"https:\/\/www.webdo.tn\/fr\/actualite\/international\/the-apprentice-le-film-qui-defie-trump-sort-malgre-les-menaces\/217323\/#breadcrumb"},"inLanguage":"fr-FR","potentialAction":[{"@type":"ReadAction","target":["https:\/\/www.webdo.tn\/fr\/actualite\/international\/the-apprentice-le-film-qui-defie-trump-sort-malgre-les-menaces\/217323\/"]}]},{"@type":"ImageObject","inLanguage":"fr-FR","@id":"https:\/\/www.webdo.tn\/fr\/actualite\/international\/the-apprentice-le-film-qui-defie-trump-sort-malgre-les-menaces\/217323\/#primaryimage","url":"https:\/\/www.webdo.tn\/fr\/wp-content\/uploads\/2024\/11\/c4400b22e6ed53cb7db0e6d55ace6bc3.webp","contentUrl":"https:\/\/www.webdo.tn\/fr\/wp-content\/uploads\/2024\/11\/c4400b22e6ed53cb7db0e6d55ace6bc3.webp","width":750,"height":400,"caption":"\"The Apprentice\" : Le film qui d\u00e9fie Trump, sort malgr\u00e9 les menaces"},{"@type":"BreadcrumbList","@id":"https:\/\/www.webdo.tn\/fr\/actualite\/international\/the-apprentice-le-film-qui-defie-trump-sort-malgre-les-menaces\/217323\/#breadcrumb","itemListElement":[{"@type":"ListItem","position":1,"name":"Accueil","item":"https:\/\/www.webdo.tn\/fr\/"},{"@type":"ListItem","position":2,"name":"\u00ab\u00a0The Apprentice\u00a0\u00bb : Le film qui d\u00e9fie Trump, sort malgr\u00e9 les menaces"}]},{"@type":"WebSite","@id":"https:\/\/www.webdo.tn\/fr\/#website","url":"https:\/\/www.webdo.tn\/fr\/","name":"webdo","description":"Tunisie - News en Tunisie et \u00e0 l&#039;international sur Webdo.tn","publisher":{"@id":"https:\/\/www.webdo.tn\/fr\/#organization"},"potentialAction":[{"@type":"SearchAction","target":{"@type":"EntryPoint","urlTemplate":"https:\/\/www.webdo.tn\/fr\/?s={search_term_string}"},"query-input":{"@type":"PropertyValueSpecification","valueRequired":true,"valueName":"search_term_string"}}],"inLanguage":"fr-FR"},{"@type":"Organization","@id":"https:\/\/www.webdo.tn\/fr\/#organization","name":"Webdo","alternateName":"Webdo.tn","url":"https:\/\/www.webdo.tn\/fr\/","logo":{"@type":"ImageObject","inLanguage":"fr-FR","@id":"https:\/\/www.webdo.tn\/fr\/#\/schema\/logo\/image\/","url":"https:\/\/www.webdo.tn\/fr\/wp-content\/uploads\/2025\/06\/Webdo-Tunisie_168377.jpg","contentUrl":"https:\/\/www.webdo.tn\/fr\/wp-content\/uploads\/2025\/06\/Webdo-Tunisie_168377.jpg","width":301,"height":301,"caption":"Webdo"},"image":{"@id":"https:\/\/www.webdo.tn\/fr\/#\/schema\/logo\/image\/"},"sameAs":["https:\/\/www.facebook.com\/webdotn","https:\/\/x.com\/webdo_tn"],"description":"Webdo est un m\u00e9dia num\u00e9rique tunisien fond\u00e9 en 2010, sp\u00e9cialis\u00e9 dans l\u2019actualit\u00e9 nationale et internationale, l\u2019\u00e9conomie, la soci\u00e9t\u00e9 et les analyses politiques. Le site s\u2019adresse \u00e0 un large public francophone et couvre l\u2019information tunisienne en temps r\u00e9el.","email":"redac@webdo.tn","legalName":"YNJ SARL","foundingDate":"2010-09-06","numberOfEmployees":{"@type":"QuantitativeValue","minValue":"11","maxValue":"50"}},{"@type":"Person","@id":"https:\/\/www.webdo.tn\/fr\/#\/schema\/person\/19664196c9bfdcda126f3c27709f7d11","name":"Firas Ben Abdeltif","image":{"@type":"ImageObject","inLanguage":"fr-FR","@id":"https:\/\/secure.gravatar.com\/avatar\/161a347d40df098a084778c52ed133dbd85f14df003867067c5948081241ec55?s=96&d=mm&r=g","url":"https:\/\/secure.gravatar.com\/avatar\/161a347d40df098a084778c52ed133dbd85f14df003867067c5948081241ec55?s=96&d=mm&r=g","contentUrl":"https:\/\/secure.gravatar.com\/avatar\/161a347d40df098a084778c52ed133dbd85f14df003867067c5948081241ec55?s=96&d=mm&r=g","caption":"Firas Ben Abdeltif"},"url":"https:\/\/www.webdo.tn\/fr\/actualite\/author\/firas-ben-abdeltif\/"}]}},"_links":{"self":[{"href":"https:\/\/www.webdo.tn\/fr\/wp-json\/wp\/v2\/posts\/217323","targetHints":{"allow":["GET"]}}],"collection":[{"href":"https:\/\/www.webdo.tn\/fr\/wp-json\/wp\/v2\/posts"}],"about":[{"href":"https:\/\/www.webdo.tn\/fr\/wp-json\/wp\/v2\/types\/post"}],"author":[{"embeddable":true,"href":"https:\/\/www.webdo.tn\/fr\/wp-json\/wp\/v2\/users\/4779"}],"replies":[{"embeddable":true,"href":"https:\/\/www.webdo.tn\/fr\/wp-json\/wp\/v2\/comments?post=217323"}],"version-history":[{"count":0,"href":"https:\/\/www.webdo.tn\/fr\/wp-json\/wp\/v2\/posts\/217323\/revisions"}],"wp:featuredmedia":[{"embeddable":true,"href":"https:\/\/www.webdo.tn\/fr\/wp-json\/wp\/v2\/media\/246191"}],"wp:attachment":[{"href":"https:\/\/www.webdo.tn\/fr\/wp-json\/wp\/v2\/media?parent=217323"}],"wp:term":[{"taxonomy":"category","embeddable":true,"href":"https:\/\/www.webdo.tn\/fr\/wp-json\/wp\/v2\/categories?post=217323"},{"taxonomy":"post_tag","embeddable":true,"href":"https:\/\/www.webdo.tn\/fr\/wp-json\/wp\/v2\/tags?post=217323"}],"curies":[{"name":"wp","href":"https:\/\/api.w.org\/{rel}","templated":true}]}}