{"id":217316,"date":"2024-11-01T07:33:00","date_gmt":"2024-11-01T07:33:00","guid":{"rendered":"https:\/\/www.webdo.tn\/fr\/blog\/le-ministre-des-transports-en-visite-aux-ports-de-rades-et-de-la-goulette\/217316\/"},"modified":"2025-05-20T22:54:59","modified_gmt":"2025-05-20T22:54:59","slug":"le-ministre-des-transports-en-visite-aux-ports-de-rades-et-de-la-goulette","status":"publish","type":"post","link":"https:\/\/www.webdo.tn\/fr\/actualite\/national\/le-ministre-des-transports-en-visite-aux-ports-de-rades-et-de-la-goulette\/217316\/","title":{"rendered":"Le ministre du Transport en visite aux ports de Rad\u00e8s et de la Goulette"},"content":{"rendered":"<p>Le ministre du Transport, Rachid Amri, a effectu\u00e9 hier, jeudi 31 octobre 2024, une visite de terrain au port commercial de Rad\u00e8s, au port de La Goulette, ainsi qu\u2019au navire \u00ab\u00a0Tanit\u00a0\u00bb amarr\u00e9 dans ce port, en plus de plusieurs installations relevant du secteur des transports maritimes et des ports.\u00a0<\/p>\n<p>Selon un communiqu\u00e9 du d\u00e9partement du Transport, cette visite avait pour but de constater le d\u00e9roulement du travail et de suivre la mise en \u0153uvre des recommandations issues des r\u00e9centes s\u00e9ances de travail qu\u2019il a tenues avec l\u2019Office de la marine marchande et des ports, la Soci\u00e9t\u00e9 tunisienne d\u2019acconage et de manutention, et la Compagnie tunisienne de navigation.<\/p>\n<p>Le ministre des Transports \u00e9tait accompagn\u00e9 par les PDG des \u00e9tablissements et entreprises du secteur des transports maritimes et portuaires, plac\u00e9s sous sa tutelle, ainsi que par plusieurs responsables du minist\u00e8re et des institutions concern\u00e9es.<\/p>\n<p>Sa tourn\u00e9e a commenc\u00e9 par une visite de la salle de surveillance de la station des conteneurs et remorques du port de Rad\u00e8s, o\u00f9 il s\u2019est inform\u00e9 des m\u00e9thodes de travail. Il s\u2019est ensuite rendu au port commercial de Rad\u00e8s, o\u00f9 il a pu observer le d\u00e9roulement des activit\u00e9s sur les quais, les op\u00e9rations de manutention des marchandises et les mesures de s\u00e9curit\u00e9 mises en place.\u00a0<br \/>\nToujours selon la m\u00eame source, il a \u00e9galement visit\u00e9 la salle de contr\u00f4le d\u00e9di\u00e9e au syst\u00e8me de gestion automatis\u00e9e des conteneurs et remorques, avant de se rendre dans le service en charge de l&rsquo;inspection des marchandises destin\u00e9es \u00e0 l&rsquo;export, pour v\u00e9rifier le syst\u00e8me de gestion \u00e0 l\u2019entr\u00e9e principale du port et l\u2019efficacit\u00e9 de ses mesures de s\u00e9curit\u00e9.<\/p>\n<p>Apr\u00e8s avoir inspect\u00e9 les quais de la rive sud du port de Rad\u00e8s, destin\u00e9s aux op\u00e9rations de manutention des marchandises diverses, des c\u00e9r\u00e9ales et des hydrocarbures, le ministre s&rsquo;est rendu, au port de La Goulette.<\/p>\n","protected":false},"excerpt":{"rendered":"<p>Selon un communiqu\u00e9 du d\u00e9partement du Transport, cette visite avait pour but de constater le d\u00e9roulement du travail et de suivre la mise en \u0153uvre des recommanda&#8230;<\/p>\n","protected":false},"author":3175,"featured_media":291258,"comment_status":"open","ping_status":"closed","sticky":false,"template":"","format":"standard","meta":{"footnotes":""},"categories":[44],"tags":[3958,2929,2754,2818,2608],"class_list":["post-217316","post","type-post","status-publish","format-standard","has-post-thumbnail","hentry","category-national","tag-la-goulette","tag-port","tag-rades","tag-transport","tag-tunisie"],"yoast_head":"<!-- This site is optimized with the Yoast SEO Premium plugin v27.5 (Yoast SEO v27.5) - https:\/\/yoast.com\/product\/yoast-seo-premium-wordpress\/ -->\n<title>Le ministre du Transport en visite aux ports de Rad\u00e8s et de la Goulette<\/title>\n<meta name=\"description\" content=\"Selon un communiqu\u00e9 du d\u00e9partement du Transport, cette visite avait pour but de constater le d\u00e9roulement du travail et de suivre la mise en \u0153uvre des recommanda...\" \/>\n<link rel=\"canonical\" href=\"https:\/\/www.webdo.tn\/fr\/actualite\/national\/le-ministre-des-transports-en-visite-aux-ports-de-rades-et-de-la-goulette\/217316\/\" \/>\n<meta property=\"og:locale\" content=\"fr_FR\" \/>\n<meta property=\"og:type\" content=\"article\" \/>\n<meta property=\"og:title\" content=\"Le ministre du Transport en visite aux ports de Rad\u00e8s et de la Goulette\" \/>\n<meta property=\"og:description\" content=\"Selon un communiqu\u00e9 du d\u00e9partement du Transport, cette visite avait pour but de constater le d\u00e9roulement du travail et de suivre la mise en \u0153uvre des recommanda...\" \/>\n<meta property=\"og:url\" content=\"https:\/\/www.webdo.tn\/fr\/actualite\/national\/le-ministre-des-transports-en-visite-aux-ports-de-rades-et-de-la-goulette\/217316\/\" \/>\n<meta property=\"og:site_name\" content=\"webdo\" \/>\n<meta property=\"article:publisher\" content=\"https:\/\/www.facebook.com\/webdotn\" \/>\n<meta property=\"article:published_time\" content=\"2024-11-01T07:33:00+00:00\" \/>\n<meta property=\"article:modified_time\" content=\"2025-05-20T22:54:59+00:00\" \/>\n<meta property=\"og:image\" content=\"https:\/\/www.webdo.tn\/fr\/wp-content\/uploads\/2024\/11\/c28af59ce77e8a0ef6bf53b150f3495b.webp\" \/>\n\t<meta property=\"og:image:width\" content=\"750\" \/>\n\t<meta property=\"og:image:height\" content=\"400\" \/>\n\t<meta property=\"og:image:type\" content=\"image\/webp\" \/>\n<meta name=\"author\" content=\"CL\" \/>\n<meta name=\"twitter:card\" content=\"summary_large_image\" \/>\n<meta name=\"twitter:creator\" content=\"@webdo_tn\" \/>\n<meta name=\"twitter:site\" content=\"@webdo_tn\" \/>\n<meta name=\"twitter:label1\" content=\"\u00c9crit par\" \/>\n\t<meta name=\"twitter:data1\" content=\"CL\" \/>\n\t<meta name=\"twitter:label2\" content=\"Dur\u00e9e de lecture estim\u00e9e\" \/>\n\t<meta name=\"twitter:data2\" content=\"2 minutes\" \/>\n<script type=\"application\/ld+json\" class=\"yoast-schema-graph\">{\"@context\":\"https:\\\/\\\/schema.org\",\"@graph\":[{\"@type\":\"NewsArticle\",\"@id\":\"https:\\\/\\\/www.webdo.tn\\\/fr\\\/actualite\\\/national\\\/le-ministre-des-transports-en-visite-aux-ports-de-rades-et-de-la-goulette\\\/217316\\\/#article\",\"isPartOf\":{\"@id\":\"https:\\\/\\\/www.webdo.tn\\\/fr\\\/actualite\\\/national\\\/le-ministre-des-transports-en-visite-aux-ports-de-rades-et-de-la-goulette\\\/217316\\\/\"},\"author\":{\"name\":\"CL\",\"@id\":\"https:\\\/\\\/www.webdo.tn\\\/fr\\\/#\\\/schema\\\/person\\\/f35b42a42c5e2511bbd282959d6385cc\"},\"headline\":\"Le ministre du Transport en visite aux ports de Rad\u00e8s et de la Goulette\",\"datePublished\":\"2024-11-01T07:33:00+00:00\",\"dateModified\":\"2025-05-20T22:54:59+00:00\",\"mainEntityOfPage\":{\"@id\":\"https:\\\/\\\/www.webdo.tn\\\/fr\\\/actualite\\\/national\\\/le-ministre-des-transports-en-visite-aux-ports-de-rades-et-de-la-goulette\\\/217316\\\/\"},\"wordCount\":356,\"commentCount\":0,\"publisher\":{\"@id\":\"https:\\\/\\\/www.webdo.tn\\\/fr\\\/#organization\"},\"image\":{\"@id\":\"https:\\\/\\\/www.webdo.tn\\\/fr\\\/actualite\\\/national\\\/le-ministre-des-transports-en-visite-aux-ports-de-rades-et-de-la-goulette\\\/217316\\\/#primaryimage\"},\"thumbnailUrl\":\"https:\\\/\\\/www.webdo.tn\\\/fr\\\/wp-content\\\/uploads\\\/2024\\\/11\\\/c28af59ce77e8a0ef6bf53b150f3495b.webp\",\"keywords\":[\"la goulette\",\"Port\",\"Rad\u00e8s\",\"Transport\",\"Tunisie\"],\"articleSection\":[\"National\"],\"inLanguage\":\"fr-FR\"},{\"@type\":\"WebPage\",\"@id\":\"https:\\\/\\\/www.webdo.tn\\\/fr\\\/actualite\\\/national\\\/le-ministre-des-transports-en-visite-aux-ports-de-rades-et-de-la-goulette\\\/217316\\\/\",\"url\":\"https:\\\/\\\/www.webdo.tn\\\/fr\\\/actualite\\\/national\\\/le-ministre-des-transports-en-visite-aux-ports-de-rades-et-de-la-goulette\\\/217316\\\/\",\"name\":\"Le ministre du Transport en visite aux ports de Rad\u00e8s et de la Goulette\",\"isPartOf\":{\"@id\":\"https:\\\/\\\/www.webdo.tn\\\/fr\\\/#website\"},\"primaryImageOfPage\":{\"@id\":\"https:\\\/\\\/www.webdo.tn\\\/fr\\\/actualite\\\/national\\\/le-ministre-des-transports-en-visite-aux-ports-de-rades-et-de-la-goulette\\\/217316\\\/#primaryimage\"},\"image\":{\"@id\":\"https:\\\/\\\/www.webdo.tn\\\/fr\\\/actualite\\\/national\\\/le-ministre-des-transports-en-visite-aux-ports-de-rades-et-de-la-goulette\\\/217316\\\/#primaryimage\"},\"thumbnailUrl\":\"https:\\\/\\\/www.webdo.tn\\\/fr\\\/wp-content\\\/uploads\\\/2024\\\/11\\\/c28af59ce77e8a0ef6bf53b150f3495b.webp\",\"datePublished\":\"2024-11-01T07:33:00+00:00\",\"dateModified\":\"2025-05-20T22:54:59+00:00\",\"description\":\"Selon un communiqu\u00e9 du d\u00e9partement du Transport, cette visite avait pour but de constater le d\u00e9roulement du travail et de suivre la mise en \u0153uvre des recommanda...\",\"breadcrumb\":{\"@id\":\"https:\\\/\\\/www.webdo.tn\\\/fr\\\/actualite\\\/national\\\/le-ministre-des-transports-en-visite-aux-ports-de-rades-et-de-la-goulette\\\/217316\\\/#breadcrumb\"},\"inLanguage\":\"fr-FR\",\"potentialAction\":[{\"@type\":\"ReadAction\",\"target\":[\"https:\\\/\\\/www.webdo.tn\\\/fr\\\/actualite\\\/national\\\/le-ministre-des-transports-en-visite-aux-ports-de-rades-et-de-la-goulette\\\/217316\\\/\"]}]},{\"@type\":\"ImageObject\",\"inLanguage\":\"fr-FR\",\"@id\":\"https:\\\/\\\/www.webdo.tn\\\/fr\\\/actualite\\\/national\\\/le-ministre-des-transports-en-visite-aux-ports-de-rades-et-de-la-goulette\\\/217316\\\/#primaryimage\",\"url\":\"https:\\\/\\\/www.webdo.tn\\\/fr\\\/wp-content\\\/uploads\\\/2024\\\/11\\\/c28af59ce77e8a0ef6bf53b150f3495b.webp\",\"contentUrl\":\"https:\\\/\\\/www.webdo.tn\\\/fr\\\/wp-content\\\/uploads\\\/2024\\\/11\\\/c28af59ce77e8a0ef6bf53b150f3495b.webp\",\"width\":750,\"height\":400,\"caption\":\"CP : Minist\u00e8re du Transport\"},{\"@type\":\"BreadcrumbList\",\"@id\":\"https:\\\/\\\/www.webdo.tn\\\/fr\\\/actualite\\\/national\\\/le-ministre-des-transports-en-visite-aux-ports-de-rades-et-de-la-goulette\\\/217316\\\/#breadcrumb\",\"itemListElement\":[{\"@type\":\"ListItem\",\"position\":1,\"name\":\"Accueil\",\"item\":\"https:\\\/\\\/www.webdo.tn\\\/fr\\\/\"},{\"@type\":\"ListItem\",\"position\":2,\"name\":\"Le ministre du Transport en visite aux ports de Rad\u00e8s et de la Goulette\"}]},{\"@type\":\"WebSite\",\"@id\":\"https:\\\/\\\/www.webdo.tn\\\/fr\\\/#website\",\"url\":\"https:\\\/\\\/www.webdo.tn\\\/fr\\\/\",\"name\":\"webdo\",\"description\":\"Tunisie - News en Tunisie et \u00e0 l&#039;international sur Webdo.tn\",\"publisher\":{\"@id\":\"https:\\\/\\\/www.webdo.tn\\\/fr\\\/#organization\"},\"potentialAction\":[{\"@type\":\"SearchAction\",\"target\":{\"@type\":\"EntryPoint\",\"urlTemplate\":\"https:\\\/\\\/www.webdo.tn\\\/fr\\\/?s={search_term_string}\"},\"query-input\":{\"@type\":\"PropertyValueSpecification\",\"valueRequired\":true,\"valueName\":\"search_term_string\"}}],\"inLanguage\":\"fr-FR\"},{\"@type\":\"Organization\",\"@id\":\"https:\\\/\\\/www.webdo.tn\\\/fr\\\/#organization\",\"name\":\"Webdo\",\"alternateName\":\"Webdo.tn\",\"url\":\"https:\\\/\\\/www.webdo.tn\\\/fr\\\/\",\"logo\":{\"@type\":\"ImageObject\",\"inLanguage\":\"fr-FR\",\"@id\":\"https:\\\/\\\/www.webdo.tn\\\/fr\\\/#\\\/schema\\\/logo\\\/image\\\/\",\"url\":\"https:\\\/\\\/www.webdo.tn\\\/fr\\\/wp-content\\\/uploads\\\/2025\\\/06\\\/Webdo-Tunisie_168377.jpg\",\"contentUrl\":\"https:\\\/\\\/www.webdo.tn\\\/fr\\\/wp-content\\\/uploads\\\/2025\\\/06\\\/Webdo-Tunisie_168377.jpg\",\"width\":301,\"height\":301,\"caption\":\"Webdo\"},\"image\":{\"@id\":\"https:\\\/\\\/www.webdo.tn\\\/fr\\\/#\\\/schema\\\/logo\\\/image\\\/\"},\"sameAs\":[\"https:\\\/\\\/www.facebook.com\\\/webdotn\",\"https:\\\/\\\/x.com\\\/webdo_tn\"],\"description\":\"Webdo est un m\u00e9dia num\u00e9rique tunisien fond\u00e9 en 2010, sp\u00e9cialis\u00e9 dans l\u2019actualit\u00e9 nationale et internationale, l\u2019\u00e9conomie, la soci\u00e9t\u00e9 et les analyses politiques. Le site s\u2019adresse \u00e0 un large public francophone et couvre l\u2019information tunisienne en temps r\u00e9el.\",\"email\":\"redac@webdo.tn\",\"legalName\":\"YNJ SARL\",\"foundingDate\":\"2010-09-06\",\"numberOfEmployees\":{\"@type\":\"QuantitativeValue\",\"minValue\":\"11\",\"maxValue\":\"50\"}},{\"@type\":\"Person\",\"@id\":\"https:\\\/\\\/www.webdo.tn\\\/fr\\\/#\\\/schema\\\/person\\\/f35b42a42c5e2511bbd282959d6385cc\",\"name\":\"CL\",\"image\":{\"@type\":\"ImageObject\",\"inLanguage\":\"fr-FR\",\"@id\":\"https:\\\/\\\/secure.gravatar.com\\\/avatar\\\/1447a49909b67aa657c488aec6512e1dd6143a480c1ecfee9b5b5cd74eb3b59e?s=96&d=mm&r=g\",\"url\":\"https:\\\/\\\/secure.gravatar.com\\\/avatar\\\/1447a49909b67aa657c488aec6512e1dd6143a480c1ecfee9b5b5cd74eb3b59e?s=96&d=mm&r=g\",\"contentUrl\":\"https:\\\/\\\/secure.gravatar.com\\\/avatar\\\/1447a49909b67aa657c488aec6512e1dd6143a480c1ecfee9b5b5cd74eb3b59e?s=96&d=mm&r=g\",\"caption\":\"CL\"},\"url\":\"https:\\\/\\\/www.webdo.tn\\\/fr\\\/actualite\\\/author\\\/cl\\\/\"}]}<\/script>\n<!-- \/ Yoast SEO Premium plugin. -->","yoast_head_json":{"title":"Le ministre du Transport en visite aux ports de Rad\u00e8s et de la Goulette","description":"Selon un communiqu\u00e9 du d\u00e9partement du Transport, cette visite avait pour but de constater le d\u00e9roulement du travail et de suivre la mise en \u0153uvre des recommanda...","canonical":"https:\/\/www.webdo.tn\/fr\/actualite\/national\/le-ministre-des-transports-en-visite-aux-ports-de-rades-et-de-la-goulette\/217316\/","og_locale":"fr_FR","og_type":"article","og_title":"Le ministre du Transport en visite aux ports de Rad\u00e8s et de la Goulette","og_description":"Selon un communiqu\u00e9 du d\u00e9partement du Transport, cette visite avait pour but de constater le d\u00e9roulement du travail et de suivre la mise en \u0153uvre des recommanda...","og_url":"https:\/\/www.webdo.tn\/fr\/actualite\/national\/le-ministre-des-transports-en-visite-aux-ports-de-rades-et-de-la-goulette\/217316\/","og_site_name":"webdo","article_publisher":"https:\/\/www.facebook.com\/webdotn","article_published_time":"2024-11-01T07:33:00+00:00","article_modified_time":"2025-05-20T22:54:59+00:00","og_image":[{"width":750,"height":400,"url":"https:\/\/www.webdo.tn\/fr\/wp-content\/uploads\/2024\/11\/c28af59ce77e8a0ef6bf53b150f3495b.webp","type":"image\/webp"}],"author":"CL","twitter_card":"summary_large_image","twitter_creator":"@webdo_tn","twitter_site":"@webdo_tn","twitter_misc":{"\u00c9crit par":"CL","Dur\u00e9e de lecture estim\u00e9e":"2 minutes"},"schema":{"@context":"https:\/\/schema.org","@graph":[{"@type":"NewsArticle","@id":"https:\/\/www.webdo.tn\/fr\/actualite\/national\/le-ministre-des-transports-en-visite-aux-ports-de-rades-et-de-la-goulette\/217316\/#article","isPartOf":{"@id":"https:\/\/www.webdo.tn\/fr\/actualite\/national\/le-ministre-des-transports-en-visite-aux-ports-de-rades-et-de-la-goulette\/217316\/"},"author":{"name":"CL","@id":"https:\/\/www.webdo.tn\/fr\/#\/schema\/person\/f35b42a42c5e2511bbd282959d6385cc"},"headline":"Le ministre du Transport en visite aux ports de Rad\u00e8s et de la Goulette","datePublished":"2024-11-01T07:33:00+00:00","dateModified":"2025-05-20T22:54:59+00:00","mainEntityOfPage":{"@id":"https:\/\/www.webdo.tn\/fr\/actualite\/national\/le-ministre-des-transports-en-visite-aux-ports-de-rades-et-de-la-goulette\/217316\/"},"wordCount":356,"commentCount":0,"publisher":{"@id":"https:\/\/www.webdo.tn\/fr\/#organization"},"image":{"@id":"https:\/\/www.webdo.tn\/fr\/actualite\/national\/le-ministre-des-transports-en-visite-aux-ports-de-rades-et-de-la-goulette\/217316\/#primaryimage"},"thumbnailUrl":"https:\/\/www.webdo.tn\/fr\/wp-content\/uploads\/2024\/11\/c28af59ce77e8a0ef6bf53b150f3495b.webp","keywords":["la goulette","Port","Rad\u00e8s","Transport","Tunisie"],"articleSection":["National"],"inLanguage":"fr-FR"},{"@type":"WebPage","@id":"https:\/\/www.webdo.tn\/fr\/actualite\/national\/le-ministre-des-transports-en-visite-aux-ports-de-rades-et-de-la-goulette\/217316\/","url":"https:\/\/www.webdo.tn\/fr\/actualite\/national\/le-ministre-des-transports-en-visite-aux-ports-de-rades-et-de-la-goulette\/217316\/","name":"Le ministre du Transport en visite aux ports de Rad\u00e8s et de la Goulette","isPartOf":{"@id":"https:\/\/www.webdo.tn\/fr\/#website"},"primaryImageOfPage":{"@id":"https:\/\/www.webdo.tn\/fr\/actualite\/national\/le-ministre-des-transports-en-visite-aux-ports-de-rades-et-de-la-goulette\/217316\/#primaryimage"},"image":{"@id":"https:\/\/www.webdo.tn\/fr\/actualite\/national\/le-ministre-des-transports-en-visite-aux-ports-de-rades-et-de-la-goulette\/217316\/#primaryimage"},"thumbnailUrl":"https:\/\/www.webdo.tn\/fr\/wp-content\/uploads\/2024\/11\/c28af59ce77e8a0ef6bf53b150f3495b.webp","datePublished":"2024-11-01T07:33:00+00:00","dateModified":"2025-05-20T22:54:59+00:00","description":"Selon un communiqu\u00e9 du d\u00e9partement du Transport, cette visite avait pour but de constater le d\u00e9roulement du travail et de suivre la mise en \u0153uvre des recommanda...","breadcrumb":{"@id":"https:\/\/www.webdo.tn\/fr\/actualite\/national\/le-ministre-des-transports-en-visite-aux-ports-de-rades-et-de-la-goulette\/217316\/#breadcrumb"},"inLanguage":"fr-FR","potentialAction":[{"@type":"ReadAction","target":["https:\/\/www.webdo.tn\/fr\/actualite\/national\/le-ministre-des-transports-en-visite-aux-ports-de-rades-et-de-la-goulette\/217316\/"]}]},{"@type":"ImageObject","inLanguage":"fr-FR","@id":"https:\/\/www.webdo.tn\/fr\/actualite\/national\/le-ministre-des-transports-en-visite-aux-ports-de-rades-et-de-la-goulette\/217316\/#primaryimage","url":"https:\/\/www.webdo.tn\/fr\/wp-content\/uploads\/2024\/11\/c28af59ce77e8a0ef6bf53b150f3495b.webp","contentUrl":"https:\/\/www.webdo.tn\/fr\/wp-content\/uploads\/2024\/11\/c28af59ce77e8a0ef6bf53b150f3495b.webp","width":750,"height":400,"caption":"CP : Minist\u00e8re du Transport"},{"@type":"BreadcrumbList","@id":"https:\/\/www.webdo.tn\/fr\/actualite\/national\/le-ministre-des-transports-en-visite-aux-ports-de-rades-et-de-la-goulette\/217316\/#breadcrumb","itemListElement":[{"@type":"ListItem","position":1,"name":"Accueil","item":"https:\/\/www.webdo.tn\/fr\/"},{"@type":"ListItem","position":2,"name":"Le ministre du Transport en visite aux ports de Rad\u00e8s et de la Goulette"}]},{"@type":"WebSite","@id":"https:\/\/www.webdo.tn\/fr\/#website","url":"https:\/\/www.webdo.tn\/fr\/","name":"webdo","description":"Tunisie - News en Tunisie et \u00e0 l&#039;international sur Webdo.tn","publisher":{"@id":"https:\/\/www.webdo.tn\/fr\/#organization"},"potentialAction":[{"@type":"SearchAction","target":{"@type":"EntryPoint","urlTemplate":"https:\/\/www.webdo.tn\/fr\/?s={search_term_string}"},"query-input":{"@type":"PropertyValueSpecification","valueRequired":true,"valueName":"search_term_string"}}],"inLanguage":"fr-FR"},{"@type":"Organization","@id":"https:\/\/www.webdo.tn\/fr\/#organization","name":"Webdo","alternateName":"Webdo.tn","url":"https:\/\/www.webdo.tn\/fr\/","logo":{"@type":"ImageObject","inLanguage":"fr-FR","@id":"https:\/\/www.webdo.tn\/fr\/#\/schema\/logo\/image\/","url":"https:\/\/www.webdo.tn\/fr\/wp-content\/uploads\/2025\/06\/Webdo-Tunisie_168377.jpg","contentUrl":"https:\/\/www.webdo.tn\/fr\/wp-content\/uploads\/2025\/06\/Webdo-Tunisie_168377.jpg","width":301,"height":301,"caption":"Webdo"},"image":{"@id":"https:\/\/www.webdo.tn\/fr\/#\/schema\/logo\/image\/"},"sameAs":["https:\/\/www.facebook.com\/webdotn","https:\/\/x.com\/webdo_tn"],"description":"Webdo est un m\u00e9dia num\u00e9rique tunisien fond\u00e9 en 2010, sp\u00e9cialis\u00e9 dans l\u2019actualit\u00e9 nationale et internationale, l\u2019\u00e9conomie, la soci\u00e9t\u00e9 et les analyses politiques. Le site s\u2019adresse \u00e0 un large public francophone et couvre l\u2019information tunisienne en temps r\u00e9el.","email":"redac@webdo.tn","legalName":"YNJ SARL","foundingDate":"2010-09-06","numberOfEmployees":{"@type":"QuantitativeValue","minValue":"11","maxValue":"50"}},{"@type":"Person","@id":"https:\/\/www.webdo.tn\/fr\/#\/schema\/person\/f35b42a42c5e2511bbd282959d6385cc","name":"CL","image":{"@type":"ImageObject","inLanguage":"fr-FR","@id":"https:\/\/secure.gravatar.com\/avatar\/1447a49909b67aa657c488aec6512e1dd6143a480c1ecfee9b5b5cd74eb3b59e?s=96&d=mm&r=g","url":"https:\/\/secure.gravatar.com\/avatar\/1447a49909b67aa657c488aec6512e1dd6143a480c1ecfee9b5b5cd74eb3b59e?s=96&d=mm&r=g","contentUrl":"https:\/\/secure.gravatar.com\/avatar\/1447a49909b67aa657c488aec6512e1dd6143a480c1ecfee9b5b5cd74eb3b59e?s=96&d=mm&r=g","caption":"CL"},"url":"https:\/\/www.webdo.tn\/fr\/actualite\/author\/cl\/"}]}},"_links":{"self":[{"href":"https:\/\/www.webdo.tn\/fr\/wp-json\/wp\/v2\/posts\/217316","targetHints":{"allow":["GET"]}}],"collection":[{"href":"https:\/\/www.webdo.tn\/fr\/wp-json\/wp\/v2\/posts"}],"about":[{"href":"https:\/\/www.webdo.tn\/fr\/wp-json\/wp\/v2\/types\/post"}],"author":[{"embeddable":true,"href":"https:\/\/www.webdo.tn\/fr\/wp-json\/wp\/v2\/users\/3175"}],"replies":[{"embeddable":true,"href":"https:\/\/www.webdo.tn\/fr\/wp-json\/wp\/v2\/comments?post=217316"}],"version-history":[{"count":0,"href":"https:\/\/www.webdo.tn\/fr\/wp-json\/wp\/v2\/posts\/217316\/revisions"}],"wp:featuredmedia":[{"embeddable":true,"href":"https:\/\/www.webdo.tn\/fr\/wp-json\/wp\/v2\/media\/291258"}],"wp:attachment":[{"href":"https:\/\/www.webdo.tn\/fr\/wp-json\/wp\/v2\/media?parent=217316"}],"wp:term":[{"taxonomy":"category","embeddable":true,"href":"https:\/\/www.webdo.tn\/fr\/wp-json\/wp\/v2\/categories?post=217316"},{"taxonomy":"post_tag","embeddable":true,"href":"https:\/\/www.webdo.tn\/fr\/wp-json\/wp\/v2\/tags?post=217316"}],"curies":[{"name":"wp","href":"https:\/\/api.w.org\/{rel}","templated":true}]}}