{"id":217303,"date":"2024-10-31T15:15:00","date_gmt":"2024-10-31T15:15:00","guid":{"rendered":"https:\/\/www.webdo.tn\/fr\/blog\/tunisie-les-mesures-pour-lutter-contre-l-economie-rentiere-a-l-etude\/217303\/"},"modified":"2025-05-20T21:47:14","modified_gmt":"2025-05-20T21:47:14","slug":"tunisie-les-mesures-pour-lutter-contre-l-economie-rentiere-a-l-etude","status":"publish","type":"post","link":"https:\/\/www.webdo.tn\/fr\/actualite\/national\/tunisie-les-mesures-pour-lutter-contre-l-economie-rentiere-a-l-etude\/217303\/","title":{"rendered":"Tunisie : Les mesures pour lutter contre l\u2019\u00e9conomie renti\u00e8re \u00e0 l\u2019\u00e9tude"},"content":{"rendered":"<p>Le ministre de l&rsquo;\u00c9conomie et de la Planification, Samir Abdelhafidh, est intervenu, aujourd\u2019hui lors la 2e session parlementaire du Conseil national des R\u00e9gions et des Districts pour pr\u00e9senter les grandes lignes du programme de son d\u00e9partement.<\/p>\n<p>\t\t\t\t\t\t\t\t\tIl a d\u2019abord annonc\u00e9 que la croissance \u00e9conomique devrait atteindre 1,3% pour l&rsquo;ann\u00e9e 2024, contre 0,3% en 2023, estimant que ce taux, bien que respectable restait insuffisant pour relever les d\u00e9fis \u00e9conomiques de la Tunisie.<\/p>\n<p>Il a expliqu\u00e9 que ce taux de croissance estim\u00e9 \u00e9tait d\u00fb aux cons\u00e9quences de la pand\u00e9mie de Covid-19 et aux tensions r\u00e9gionales et internationales, qui ont entra\u00een\u00e9 une hausse \u00ab consid\u00e9rable \u00bb des prix de l\u2019\u00e9nergie, des mati\u00e8res premi\u00e8res et des produits de base.<\/p>\n<p>Le ministre a, par ailleurs, mis l\u2019accent sur les efforts d\u00e9ploy\u00e9s en vue de ma\u00eetriser l\u2019inflation dont le taux a atteint 6,7% en septembre 2024 contre 9% durant la m\u00eame p\u00e9riode l\u2019ann\u00e9e \u00e9coul\u00e9e. En 2025, la croissance du PIB de la Tunisie devrait se situer \u00e0 2,2%, selon un rapport de la Banque mondiale.<\/p>\n<p>Le ministre a par ailleurs r\u00e9v\u00e9l\u00e9 que la strat\u00e9gie nationale pour le d\u00e9veloppement des PME sera d\u00e9voil\u00e9e vers la fin du premier trimestre de l\u2019ann\u00e9e 2025 et qu\u2019auparavant un workshop sera organis\u00e9, \u00e0 la fin du mois de novembre, pour d\u00e9battre des six principaux axes de cette strat\u00e9gie.<\/p>\n<p>Il a \u00e9galement d\u00e9voil\u00e9 que son d\u00e9partement se penche sur l\u2019\u00e9tude de la possibilit\u00e9 de suppression d\u2019un nombre d\u2019autorisations administratives et de simplifier les cahiers des charges, afin d\u2019am\u00e9liorer le climat d\u2019affaires d\u2019une part et de lutter contre l\u2019\u00e9conomie renti\u00e8re, d\u2019autre part.<\/p>\n","protected":false},"excerpt":{"rendered":"<p>Le ministre de l&rsquo;\u00c9conomie et de la Planification, Samir Abdelhafidh, est intervenu, aujourd\u2019hui lors la 2e session parlementaire du Conseil national des R\u00e9gions&#8230;<\/p>\n","protected":false},"author":3162,"featured_media":246214,"comment_status":"open","ping_status":"closed","sticky":false,"template":"","format":"standard","meta":{"footnotes":""},"categories":[44],"tags":[3854,3154,5246,3442,2608],"class_list":["post-217303","post","type-post","status-publish","format-standard","has-post-thumbnail","hentry","category-national","tag-croissance","tag-economie","tag-economie-rentiere","tag-strategie","tag-tunisie"],"yoast_head":"<!-- This site is optimized with the Yoast SEO Premium plugin v27.4 (Yoast SEO v27.5) - https:\/\/yoast.com\/product\/yoast-seo-premium-wordpress\/ -->\n<title>Tunisie : Les mesures pour lutter contre l\u2019\u00e9conomie renti\u00e8re \u00e0 l\u2019\u00e9tude<\/title>\n<meta name=\"description\" content=\"Le ministre de l&#039;\u00c9conomie et de la Planification, Samir Abdelhafidh, est intervenu, aujourd\u2019hui lors la 2e session parlementaire du Conseil national des R\u00e9gions...\" \/>\n<link rel=\"canonical\" href=\"https:\/\/www.webdo.tn\/fr\/actualite\/national\/tunisie-les-mesures-pour-lutter-contre-l-economie-rentiere-a-l-etude\/217303\/\" \/>\n<meta property=\"og:locale\" content=\"fr_FR\" \/>\n<meta property=\"og:type\" content=\"article\" \/>\n<meta property=\"og:title\" content=\"Tunisie : Les mesures pour lutter contre l\u2019\u00e9conomie renti\u00e8re \u00e0 l\u2019\u00e9tude\" \/>\n<meta property=\"og:description\" content=\"Le ministre de l&#039;\u00c9conomie et de la Planification, Samir Abdelhafidh, est intervenu, aujourd\u2019hui lors la 2e session parlementaire du Conseil national des R\u00e9gions...\" \/>\n<meta property=\"og:url\" content=\"https:\/\/www.webdo.tn\/fr\/actualite\/national\/tunisie-les-mesures-pour-lutter-contre-l-economie-rentiere-a-l-etude\/217303\/\" \/>\n<meta property=\"og:site_name\" content=\"webdo\" \/>\n<meta property=\"article:publisher\" content=\"https:\/\/www.facebook.com\/webdotn\" \/>\n<meta property=\"article:published_time\" content=\"2024-10-31T15:15:00+00:00\" \/>\n<meta property=\"article:modified_time\" content=\"2025-05-20T21:47:14+00:00\" \/>\n<meta property=\"og:image\" content=\"https:\/\/www.webdo.tn\/fr\/wp-content\/uploads\/2024\/10\/2a2fedd54430672f2c6fe02a54452491.webp\" \/>\n\t<meta property=\"og:image:width\" content=\"750\" \/>\n\t<meta property=\"og:image:height\" content=\"400\" \/>\n\t<meta property=\"og:image:type\" content=\"image\/webp\" \/>\n<meta name=\"author\" content=\"MC\" \/>\n<meta name=\"twitter:card\" content=\"summary_large_image\" \/>\n<meta name=\"twitter:creator\" content=\"@webdo_tn\" \/>\n<meta name=\"twitter:site\" content=\"@webdo_tn\" \/>\n<meta name=\"twitter:label1\" content=\"\u00c9crit par\" \/>\n\t<meta name=\"twitter:data1\" content=\"MC\" \/>\n\t<meta name=\"twitter:label2\" content=\"Dur\u00e9e de lecture estim\u00e9e\" \/>\n\t<meta name=\"twitter:data2\" content=\"1 minute\" \/>\n<script type=\"application\/ld+json\" class=\"yoast-schema-graph\">{\"@context\":\"https:\\\/\\\/schema.org\",\"@graph\":[{\"@type\":\"NewsArticle\",\"@id\":\"https:\\\/\\\/www.webdo.tn\\\/fr\\\/actualite\\\/national\\\/tunisie-les-mesures-pour-lutter-contre-l-economie-rentiere-a-l-etude\\\/217303\\\/#article\",\"isPartOf\":{\"@id\":\"https:\\\/\\\/www.webdo.tn\\\/fr\\\/actualite\\\/national\\\/tunisie-les-mesures-pour-lutter-contre-l-economie-rentiere-a-l-etude\\\/217303\\\/\"},\"author\":{\"name\":\"MC\",\"@id\":\"https:\\\/\\\/www.webdo.tn\\\/fr\\\/#\\\/schema\\\/person\\\/2c4929cbf5a809e3bd38617c6ce150f6\"},\"headline\":\"Tunisie : Les mesures pour lutter contre l\u2019\u00e9conomie renti\u00e8re \u00e0 l\u2019\u00e9tude\",\"datePublished\":\"2024-10-31T15:15:00+00:00\",\"dateModified\":\"2025-05-20T21:47:14+00:00\",\"mainEntityOfPage\":{\"@id\":\"https:\\\/\\\/www.webdo.tn\\\/fr\\\/actualite\\\/national\\\/tunisie-les-mesures-pour-lutter-contre-l-economie-rentiere-a-l-etude\\\/217303\\\/\"},\"wordCount\":307,\"commentCount\":0,\"publisher\":{\"@id\":\"https:\\\/\\\/www.webdo.tn\\\/fr\\\/#organization\"},\"image\":{\"@id\":\"https:\\\/\\\/www.webdo.tn\\\/fr\\\/actualite\\\/national\\\/tunisie-les-mesures-pour-lutter-contre-l-economie-rentiere-a-l-etude\\\/217303\\\/#primaryimage\"},\"thumbnailUrl\":\"https:\\\/\\\/www.webdo.tn\\\/fr\\\/wp-content\\\/uploads\\\/2024\\\/10\\\/2a2fedd54430672f2c6fe02a54452491.webp\",\"keywords\":[\"Croissance\",\"\u00e9conomie\",\"\u00e9conomie renti\u00e8re\",\"strat\u00e9gie\",\"Tunisie\"],\"articleSection\":[\"National\"],\"inLanguage\":\"fr-FR\"},{\"@type\":\"WebPage\",\"@id\":\"https:\\\/\\\/www.webdo.tn\\\/fr\\\/actualite\\\/national\\\/tunisie-les-mesures-pour-lutter-contre-l-economie-rentiere-a-l-etude\\\/217303\\\/\",\"url\":\"https:\\\/\\\/www.webdo.tn\\\/fr\\\/actualite\\\/national\\\/tunisie-les-mesures-pour-lutter-contre-l-economie-rentiere-a-l-etude\\\/217303\\\/\",\"name\":\"Tunisie : Les mesures pour lutter contre l\u2019\u00e9conomie renti\u00e8re \u00e0 l\u2019\u00e9tude\",\"isPartOf\":{\"@id\":\"https:\\\/\\\/www.webdo.tn\\\/fr\\\/#website\"},\"primaryImageOfPage\":{\"@id\":\"https:\\\/\\\/www.webdo.tn\\\/fr\\\/actualite\\\/national\\\/tunisie-les-mesures-pour-lutter-contre-l-economie-rentiere-a-l-etude\\\/217303\\\/#primaryimage\"},\"image\":{\"@id\":\"https:\\\/\\\/www.webdo.tn\\\/fr\\\/actualite\\\/national\\\/tunisie-les-mesures-pour-lutter-contre-l-economie-rentiere-a-l-etude\\\/217303\\\/#primaryimage\"},\"thumbnailUrl\":\"https:\\\/\\\/www.webdo.tn\\\/fr\\\/wp-content\\\/uploads\\\/2024\\\/10\\\/2a2fedd54430672f2c6fe02a54452491.webp\",\"datePublished\":\"2024-10-31T15:15:00+00:00\",\"dateModified\":\"2025-05-20T21:47:14+00:00\",\"description\":\"Le ministre de l'\u00c9conomie et de la Planification, Samir Abdelhafidh, est intervenu, aujourd\u2019hui lors la 2e session parlementaire du Conseil national des R\u00e9gions...\",\"breadcrumb\":{\"@id\":\"https:\\\/\\\/www.webdo.tn\\\/fr\\\/actualite\\\/national\\\/tunisie-les-mesures-pour-lutter-contre-l-economie-rentiere-a-l-etude\\\/217303\\\/#breadcrumb\"},\"inLanguage\":\"fr-FR\",\"potentialAction\":[{\"@type\":\"ReadAction\",\"target\":[\"https:\\\/\\\/www.webdo.tn\\\/fr\\\/actualite\\\/national\\\/tunisie-les-mesures-pour-lutter-contre-l-economie-rentiere-a-l-etude\\\/217303\\\/\"]}]},{\"@type\":\"ImageObject\",\"inLanguage\":\"fr-FR\",\"@id\":\"https:\\\/\\\/www.webdo.tn\\\/fr\\\/actualite\\\/national\\\/tunisie-les-mesures-pour-lutter-contre-l-economie-rentiere-a-l-etude\\\/217303\\\/#primaryimage\",\"url\":\"https:\\\/\\\/www.webdo.tn\\\/fr\\\/wp-content\\\/uploads\\\/2024\\\/10\\\/2a2fedd54430672f2c6fe02a54452491.webp\",\"contentUrl\":\"https:\\\/\\\/www.webdo.tn\\\/fr\\\/wp-content\\\/uploads\\\/2024\\\/10\\\/2a2fedd54430672f2c6fe02a54452491.webp\",\"width\":750,\"height\":400,\"caption\":\"Tunisie : Les mesures pour lutter contre l\u2019\u00e9conomie renti\u00e8re \u00e0 l\u2019\u00e9tude\"},{\"@type\":\"BreadcrumbList\",\"@id\":\"https:\\\/\\\/www.webdo.tn\\\/fr\\\/actualite\\\/national\\\/tunisie-les-mesures-pour-lutter-contre-l-economie-rentiere-a-l-etude\\\/217303\\\/#breadcrumb\",\"itemListElement\":[{\"@type\":\"ListItem\",\"position\":1,\"name\":\"Accueil\",\"item\":\"https:\\\/\\\/www.webdo.tn\\\/fr\\\/\"},{\"@type\":\"ListItem\",\"position\":2,\"name\":\"Tunisie : Les mesures pour lutter contre l\u2019\u00e9conomie renti\u00e8re \u00e0 l\u2019\u00e9tude\"}]},{\"@type\":\"WebSite\",\"@id\":\"https:\\\/\\\/www.webdo.tn\\\/fr\\\/#website\",\"url\":\"https:\\\/\\\/www.webdo.tn\\\/fr\\\/\",\"name\":\"webdo\",\"description\":\"Tunisie - News en Tunisie et \u00e0 l&#039;international sur Webdo.tn\",\"publisher\":{\"@id\":\"https:\\\/\\\/www.webdo.tn\\\/fr\\\/#organization\"},\"potentialAction\":[{\"@type\":\"SearchAction\",\"target\":{\"@type\":\"EntryPoint\",\"urlTemplate\":\"https:\\\/\\\/www.webdo.tn\\\/fr\\\/?s={search_term_string}\"},\"query-input\":{\"@type\":\"PropertyValueSpecification\",\"valueRequired\":true,\"valueName\":\"search_term_string\"}}],\"inLanguage\":\"fr-FR\"},{\"@type\":\"Organization\",\"@id\":\"https:\\\/\\\/www.webdo.tn\\\/fr\\\/#organization\",\"name\":\"Webdo\",\"alternateName\":\"Webdo.tn\",\"url\":\"https:\\\/\\\/www.webdo.tn\\\/fr\\\/\",\"logo\":{\"@type\":\"ImageObject\",\"inLanguage\":\"fr-FR\",\"@id\":\"https:\\\/\\\/www.webdo.tn\\\/fr\\\/#\\\/schema\\\/logo\\\/image\\\/\",\"url\":\"https:\\\/\\\/www.webdo.tn\\\/fr\\\/wp-content\\\/uploads\\\/2025\\\/06\\\/Webdo-Tunisie_168377.jpg\",\"contentUrl\":\"https:\\\/\\\/www.webdo.tn\\\/fr\\\/wp-content\\\/uploads\\\/2025\\\/06\\\/Webdo-Tunisie_168377.jpg\",\"width\":301,\"height\":301,\"caption\":\"Webdo\"},\"image\":{\"@id\":\"https:\\\/\\\/www.webdo.tn\\\/fr\\\/#\\\/schema\\\/logo\\\/image\\\/\"},\"sameAs\":[\"https:\\\/\\\/www.facebook.com\\\/webdotn\",\"https:\\\/\\\/x.com\\\/webdo_tn\"],\"description\":\"Webdo est un m\u00e9dia num\u00e9rique tunisien fond\u00e9 en 2010, sp\u00e9cialis\u00e9 dans l\u2019actualit\u00e9 nationale et internationale, l\u2019\u00e9conomie, la soci\u00e9t\u00e9 et les analyses politiques. Le site s\u2019adresse \u00e0 un large public francophone et couvre l\u2019information tunisienne en temps r\u00e9el.\",\"email\":\"redac@webdo.tn\",\"legalName\":\"YNJ SARL\",\"foundingDate\":\"2010-09-06\",\"numberOfEmployees\":{\"@type\":\"QuantitativeValue\",\"minValue\":\"11\",\"maxValue\":\"50\"}},{\"@type\":\"Person\",\"@id\":\"https:\\\/\\\/www.webdo.tn\\\/fr\\\/#\\\/schema\\\/person\\\/2c4929cbf5a809e3bd38617c6ce150f6\",\"name\":\"MC\",\"image\":{\"@type\":\"ImageObject\",\"inLanguage\":\"fr-FR\",\"@id\":\"https:\\\/\\\/secure.gravatar.com\\\/avatar\\\/a545bbb6f84efdd5553dbbc2895e3ca8f1d12c5215e00a041c9670b54aa9b18a?s=96&d=mm&r=g\",\"url\":\"https:\\\/\\\/secure.gravatar.com\\\/avatar\\\/a545bbb6f84efdd5553dbbc2895e3ca8f1d12c5215e00a041c9670b54aa9b18a?s=96&d=mm&r=g\",\"contentUrl\":\"https:\\\/\\\/secure.gravatar.com\\\/avatar\\\/a545bbb6f84efdd5553dbbc2895e3ca8f1d12c5215e00a041c9670b54aa9b18a?s=96&d=mm&r=g\",\"caption\":\"MC\"},\"url\":\"https:\\\/\\\/www.webdo.tn\\\/fr\\\/actualite\\\/author\\\/mc\\\/\"}]}<\/script>\n<!-- \/ Yoast SEO Premium plugin. -->","yoast_head_json":{"title":"Tunisie : Les mesures pour lutter contre l\u2019\u00e9conomie renti\u00e8re \u00e0 l\u2019\u00e9tude","description":"Le ministre de l'\u00c9conomie et de la Planification, Samir Abdelhafidh, est intervenu, aujourd\u2019hui lors la 2e session parlementaire du Conseil national des R\u00e9gions...","canonical":"https:\/\/www.webdo.tn\/fr\/actualite\/national\/tunisie-les-mesures-pour-lutter-contre-l-economie-rentiere-a-l-etude\/217303\/","og_locale":"fr_FR","og_type":"article","og_title":"Tunisie : Les mesures pour lutter contre l\u2019\u00e9conomie renti\u00e8re \u00e0 l\u2019\u00e9tude","og_description":"Le ministre de l'\u00c9conomie et de la Planification, Samir Abdelhafidh, est intervenu, aujourd\u2019hui lors la 2e session parlementaire du Conseil national des R\u00e9gions...","og_url":"https:\/\/www.webdo.tn\/fr\/actualite\/national\/tunisie-les-mesures-pour-lutter-contre-l-economie-rentiere-a-l-etude\/217303\/","og_site_name":"webdo","article_publisher":"https:\/\/www.facebook.com\/webdotn","article_published_time":"2024-10-31T15:15:00+00:00","article_modified_time":"2025-05-20T21:47:14+00:00","og_image":[{"width":750,"height":400,"url":"https:\/\/www.webdo.tn\/fr\/wp-content\/uploads\/2024\/10\/2a2fedd54430672f2c6fe02a54452491.webp","type":"image\/webp"}],"author":"MC","twitter_card":"summary_large_image","twitter_creator":"@webdo_tn","twitter_site":"@webdo_tn","twitter_misc":{"\u00c9crit par":"MC","Dur\u00e9e de lecture estim\u00e9e":"1 minute"},"schema":{"@context":"https:\/\/schema.org","@graph":[{"@type":"NewsArticle","@id":"https:\/\/www.webdo.tn\/fr\/actualite\/national\/tunisie-les-mesures-pour-lutter-contre-l-economie-rentiere-a-l-etude\/217303\/#article","isPartOf":{"@id":"https:\/\/www.webdo.tn\/fr\/actualite\/national\/tunisie-les-mesures-pour-lutter-contre-l-economie-rentiere-a-l-etude\/217303\/"},"author":{"name":"MC","@id":"https:\/\/www.webdo.tn\/fr\/#\/schema\/person\/2c4929cbf5a809e3bd38617c6ce150f6"},"headline":"Tunisie : Les mesures pour lutter contre l\u2019\u00e9conomie renti\u00e8re \u00e0 l\u2019\u00e9tude","datePublished":"2024-10-31T15:15:00+00:00","dateModified":"2025-05-20T21:47:14+00:00","mainEntityOfPage":{"@id":"https:\/\/www.webdo.tn\/fr\/actualite\/national\/tunisie-les-mesures-pour-lutter-contre-l-economie-rentiere-a-l-etude\/217303\/"},"wordCount":307,"commentCount":0,"publisher":{"@id":"https:\/\/www.webdo.tn\/fr\/#organization"},"image":{"@id":"https:\/\/www.webdo.tn\/fr\/actualite\/national\/tunisie-les-mesures-pour-lutter-contre-l-economie-rentiere-a-l-etude\/217303\/#primaryimage"},"thumbnailUrl":"https:\/\/www.webdo.tn\/fr\/wp-content\/uploads\/2024\/10\/2a2fedd54430672f2c6fe02a54452491.webp","keywords":["Croissance","\u00e9conomie","\u00e9conomie renti\u00e8re","strat\u00e9gie","Tunisie"],"articleSection":["National"],"inLanguage":"fr-FR"},{"@type":"WebPage","@id":"https:\/\/www.webdo.tn\/fr\/actualite\/national\/tunisie-les-mesures-pour-lutter-contre-l-economie-rentiere-a-l-etude\/217303\/","url":"https:\/\/www.webdo.tn\/fr\/actualite\/national\/tunisie-les-mesures-pour-lutter-contre-l-economie-rentiere-a-l-etude\/217303\/","name":"Tunisie : Les mesures pour lutter contre l\u2019\u00e9conomie renti\u00e8re \u00e0 l\u2019\u00e9tude","isPartOf":{"@id":"https:\/\/www.webdo.tn\/fr\/#website"},"primaryImageOfPage":{"@id":"https:\/\/www.webdo.tn\/fr\/actualite\/national\/tunisie-les-mesures-pour-lutter-contre-l-economie-rentiere-a-l-etude\/217303\/#primaryimage"},"image":{"@id":"https:\/\/www.webdo.tn\/fr\/actualite\/national\/tunisie-les-mesures-pour-lutter-contre-l-economie-rentiere-a-l-etude\/217303\/#primaryimage"},"thumbnailUrl":"https:\/\/www.webdo.tn\/fr\/wp-content\/uploads\/2024\/10\/2a2fedd54430672f2c6fe02a54452491.webp","datePublished":"2024-10-31T15:15:00+00:00","dateModified":"2025-05-20T21:47:14+00:00","description":"Le ministre de l'\u00c9conomie et de la Planification, Samir Abdelhafidh, est intervenu, aujourd\u2019hui lors la 2e session parlementaire du Conseil national des R\u00e9gions...","breadcrumb":{"@id":"https:\/\/www.webdo.tn\/fr\/actualite\/national\/tunisie-les-mesures-pour-lutter-contre-l-economie-rentiere-a-l-etude\/217303\/#breadcrumb"},"inLanguage":"fr-FR","potentialAction":[{"@type":"ReadAction","target":["https:\/\/www.webdo.tn\/fr\/actualite\/national\/tunisie-les-mesures-pour-lutter-contre-l-economie-rentiere-a-l-etude\/217303\/"]}]},{"@type":"ImageObject","inLanguage":"fr-FR","@id":"https:\/\/www.webdo.tn\/fr\/actualite\/national\/tunisie-les-mesures-pour-lutter-contre-l-economie-rentiere-a-l-etude\/217303\/#primaryimage","url":"https:\/\/www.webdo.tn\/fr\/wp-content\/uploads\/2024\/10\/2a2fedd54430672f2c6fe02a54452491.webp","contentUrl":"https:\/\/www.webdo.tn\/fr\/wp-content\/uploads\/2024\/10\/2a2fedd54430672f2c6fe02a54452491.webp","width":750,"height":400,"caption":"Tunisie : Les mesures pour lutter contre l\u2019\u00e9conomie renti\u00e8re \u00e0 l\u2019\u00e9tude"},{"@type":"BreadcrumbList","@id":"https:\/\/www.webdo.tn\/fr\/actualite\/national\/tunisie-les-mesures-pour-lutter-contre-l-economie-rentiere-a-l-etude\/217303\/#breadcrumb","itemListElement":[{"@type":"ListItem","position":1,"name":"Accueil","item":"https:\/\/www.webdo.tn\/fr\/"},{"@type":"ListItem","position":2,"name":"Tunisie : Les mesures pour lutter contre l\u2019\u00e9conomie renti\u00e8re \u00e0 l\u2019\u00e9tude"}]},{"@type":"WebSite","@id":"https:\/\/www.webdo.tn\/fr\/#website","url":"https:\/\/www.webdo.tn\/fr\/","name":"webdo","description":"Tunisie - News en Tunisie et \u00e0 l&#039;international sur Webdo.tn","publisher":{"@id":"https:\/\/www.webdo.tn\/fr\/#organization"},"potentialAction":[{"@type":"SearchAction","target":{"@type":"EntryPoint","urlTemplate":"https:\/\/www.webdo.tn\/fr\/?s={search_term_string}"},"query-input":{"@type":"PropertyValueSpecification","valueRequired":true,"valueName":"search_term_string"}}],"inLanguage":"fr-FR"},{"@type":"Organization","@id":"https:\/\/www.webdo.tn\/fr\/#organization","name":"Webdo","alternateName":"Webdo.tn","url":"https:\/\/www.webdo.tn\/fr\/","logo":{"@type":"ImageObject","inLanguage":"fr-FR","@id":"https:\/\/www.webdo.tn\/fr\/#\/schema\/logo\/image\/","url":"https:\/\/www.webdo.tn\/fr\/wp-content\/uploads\/2025\/06\/Webdo-Tunisie_168377.jpg","contentUrl":"https:\/\/www.webdo.tn\/fr\/wp-content\/uploads\/2025\/06\/Webdo-Tunisie_168377.jpg","width":301,"height":301,"caption":"Webdo"},"image":{"@id":"https:\/\/www.webdo.tn\/fr\/#\/schema\/logo\/image\/"},"sameAs":["https:\/\/www.facebook.com\/webdotn","https:\/\/x.com\/webdo_tn"],"description":"Webdo est un m\u00e9dia num\u00e9rique tunisien fond\u00e9 en 2010, sp\u00e9cialis\u00e9 dans l\u2019actualit\u00e9 nationale et internationale, l\u2019\u00e9conomie, la soci\u00e9t\u00e9 et les analyses politiques. Le site s\u2019adresse \u00e0 un large public francophone et couvre l\u2019information tunisienne en temps r\u00e9el.","email":"redac@webdo.tn","legalName":"YNJ SARL","foundingDate":"2010-09-06","numberOfEmployees":{"@type":"QuantitativeValue","minValue":"11","maxValue":"50"}},{"@type":"Person","@id":"https:\/\/www.webdo.tn\/fr\/#\/schema\/person\/2c4929cbf5a809e3bd38617c6ce150f6","name":"MC","image":{"@type":"ImageObject","inLanguage":"fr-FR","@id":"https:\/\/secure.gravatar.com\/avatar\/a545bbb6f84efdd5553dbbc2895e3ca8f1d12c5215e00a041c9670b54aa9b18a?s=96&d=mm&r=g","url":"https:\/\/secure.gravatar.com\/avatar\/a545bbb6f84efdd5553dbbc2895e3ca8f1d12c5215e00a041c9670b54aa9b18a?s=96&d=mm&r=g","contentUrl":"https:\/\/secure.gravatar.com\/avatar\/a545bbb6f84efdd5553dbbc2895e3ca8f1d12c5215e00a041c9670b54aa9b18a?s=96&d=mm&r=g","caption":"MC"},"url":"https:\/\/www.webdo.tn\/fr\/actualite\/author\/mc\/"}]}},"_links":{"self":[{"href":"https:\/\/www.webdo.tn\/fr\/wp-json\/wp\/v2\/posts\/217303","targetHints":{"allow":["GET"]}}],"collection":[{"href":"https:\/\/www.webdo.tn\/fr\/wp-json\/wp\/v2\/posts"}],"about":[{"href":"https:\/\/www.webdo.tn\/fr\/wp-json\/wp\/v2\/types\/post"}],"author":[{"embeddable":true,"href":"https:\/\/www.webdo.tn\/fr\/wp-json\/wp\/v2\/users\/3162"}],"replies":[{"embeddable":true,"href":"https:\/\/www.webdo.tn\/fr\/wp-json\/wp\/v2\/comments?post=217303"}],"version-history":[{"count":0,"href":"https:\/\/www.webdo.tn\/fr\/wp-json\/wp\/v2\/posts\/217303\/revisions"}],"wp:featuredmedia":[{"embeddable":true,"href":"https:\/\/www.webdo.tn\/fr\/wp-json\/wp\/v2\/media\/246214"}],"wp:attachment":[{"href":"https:\/\/www.webdo.tn\/fr\/wp-json\/wp\/v2\/media?parent=217303"}],"wp:term":[{"taxonomy":"category","embeddable":true,"href":"https:\/\/www.webdo.tn\/fr\/wp-json\/wp\/v2\/categories?post=217303"},{"taxonomy":"post_tag","embeddable":true,"href":"https:\/\/www.webdo.tn\/fr\/wp-json\/wp\/v2\/tags?post=217303"}],"curies":[{"name":"wp","href":"https:\/\/api.w.org\/{rel}","templated":true}]}}