{"id":217296,"date":"2024-10-31T09:26:00","date_gmt":"2024-10-31T09:26:00","guid":{"rendered":"https:\/\/www.webdo.tn\/fr\/blog\/memoire-stanislaw-skalski-et-les-pilotes-polonais\/217296\/"},"modified":"2025-05-17T20:21:14","modified_gmt":"2025-05-17T20:21:14","slug":"memoire-stanislaw-skalski-et-les-pilotes-polonais","status":"publish","type":"post","link":"https:\/\/www.webdo.tn\/fr\/actualite\/chroniques\/memoire-stanislaw-skalski-et-les-pilotes-polonais\/217296\/","title":{"rendered":"M\u00e9moire : Stanislaw Skalski et les pilotes polonais"},"content":{"rendered":"<p>\u00c9pisode peu connu de la Deuxi\u00e8me guerre mondiale, l&rsquo;engagement d&rsquo;aviateurs polonais dans le ciel tunisien vient d&rsquo;\u00eatre raviv\u00e9 par la visite en Tunisie d&rsquo;une d\u00e9l\u00e9gation de l&rsquo;Institut polonais de la m\u00e9moire.<\/p>\n<p>\t\t\t\t\t\t\t\t\tUne exposition de l&rsquo;Institut polonais de la m\u00e9moire a \u00e9t\u00e9 pr\u00e9sent\u00e9e officiellement le 29 octobre \u00e0 Tunis en pr\u00e9sence d&rsquo;une d\u00e9l\u00e9gation men\u00e9e par Karol Polejowski,vice-pr\u00e9sident de cette institution. Intitul\u00e9e \u00ab\u00a0Les chemins de l&rsquo;espoir : une odyss\u00e9e pour la libert\u00e9 \u00ab\u00a0, cette exposition devrait prochainement \u00eatre visible \u00e0 Tunis et Sfax.<\/p>\n<p>Notons que la d\u00e9l\u00e9gation polonaise s&rsquo;est rendue au mus\u00e9e militaire de Mareth et \u00e9galement \u00e0 Boughrara, sur les pas des aviateurs polonais qui ont particip\u00e9 \u00e0 la Campagne de Tunisie lors de la Deuxi\u00e8me guerre mondiale.<\/p>\n<p>Nous saisissons cette opportunit\u00e9 pour revenir sur le Cirque de Skalski, nom de cette universit\u00e9 combattante, et sa mission en Tunisie.<\/p>\n<p>Parmi les curiosit\u00e9s de la Campagne de Tunisie qui s&rsquo;est d\u00e9roul\u00e9e durant la Deuxi\u00e8me guerre mondiale, de novembre 1942 \u00e0 mai 1943, la pr\u00e9sence dans le ciel tunisien d&rsquo;une escadrille de chasseurs polonais est un fait remarquable.<\/p>\n<p>Connue sous le nom \u00ab\u00a0Le Cirque de Skalski\u00a0\u00bb, cette formation polonaise a particip\u00e9 aux combats au sein de la Royal Air Force britannique (RAF).<\/p>\n<p>Le Cirque de Skalski comptait quinze pilotes dirig\u00e9s par l&rsquo;un des meilleurs aviateurs de la Deuxi\u00e8me guerre mondiale: le capitaine Stanislaw Skalski. Ce corps de chasseurs polonais a \u00e9t\u00e9 form\u00e9 en Grande-Bretagne et les pilotes s\u00e9lectionn\u00e9s ont d&rsquo;abord d\u00e9barqu\u00e9 \u00e0 Oran, en Alg\u00e9rie, avant d&rsquo;\u00eatre achemin\u00e9s vers le sud tunisien.<\/p>\n<p>Le premier lieu de stationnement des chasseurs polonais fut le petit a\u00e9roport de Boughrara, non loin de M\u00e9denine.<br \/>\nLa formation polonaise entra en action le 18 mars 1943 et mena de nombreuses missions.<\/p>\n<p>Les premiers avions ennemis furent rapidement abattus et l&rsquo;escadrille polonaise remportera 25 victoires dans le ciel tunisien. Un seul pilote sera port\u00e9 disparu durant tous ces combats.<\/p>\n<p>Dans l&rsquo;a\u00e9roport de Boughrara, l&rsquo;escadrille \u00e9cumait le ciel jusqu&rsquo;\u00e0 Gab\u00e8s et Sfax puis, lorsque le front se d\u00e9placera vers le nord, les aviateurs polonais continueront \u00e0 combattre au Cap Bon ainsi qu&rsquo;\u00e0 Tunis et Bizerte. A la fin de leur mission, les aviateurs de Skalski ont \u00e9t\u00e9 stationn\u00e9s \u00e0 Hergla, avant de quitter la Tunisie.<\/p>\n<p>L&#8217;embl\u00e8me de cette escadrille \u00e9tait le sphinx ail\u00e9. Toutefois, les soldats de la RAF la d\u00e9signaient sous le nom de \u00ab\u00a0Tigres polonais\u00a0\u00bb.<br \/>\nLe jour de gloire de cette escadrille survint le 22 avril 1943 lorsque trois chasseurs polonais remport\u00e8rent chacun une double victoire face aux avions allemands et italiens. Trois doubles victoires au sein d&rsquo;une m\u00eame escadrille et en un seul jour est en effet un exploit bien rare.<\/p>\n<p>Gr\u00e2ce \u00e0 l&rsquo;ambassade de Pologne en Tunisie, la m\u00e9moire de cette unit\u00e9 de chasseurs polonais continue \u00e0 \u00eatre r\u00e9guli\u00e8rement honor\u00e9e et vient d&rsquo;\u00eatre salu\u00e9e par la visite en Tunisie d&rsquo;une d\u00e9l\u00e9gation de l&rsquo;Institut polonais de la m\u00e9moire.<\/p>\n","protected":false},"excerpt":{"rendered":"<p>\u00c9pisode peu connu de la Deuxi\u00e8me guerre mondiale, l&rsquo;engagement d&rsquo;aviateurs polonais dans le ciel tunisien vient d&rsquo;\u00eatre raviv\u00e9 par la visite en Tunisie d&rsquo;une d\u00e9l&#8230;<\/p>\n","protected":false},"author":3229,"featured_media":246211,"comment_status":"open","ping_status":"closed","sticky":false,"template":"","format":"standard","meta":{"footnotes":""},"categories":[2596],"tags":[5243,4399,5242,2608],"class_list":["post-217296","post","type-post","status-publish","format-standard","has-post-thumbnail","hentry","category-chroniques","tag-2e-guerre-mondiale","tag-pologne","tag-stanislaw-skalski","tag-tunisie"],"yoast_head":"<!-- This site is optimized with the Yoast SEO Premium plugin v27.5 (Yoast SEO v27.5) - https:\/\/yoast.com\/product\/yoast-seo-premium-wordpress\/ -->\n<title>M\u00e9moire : Stanislaw Skalski et les pilotes polonais<\/title>\n<meta name=\"description\" content=\"\u00c9pisode peu connu de la Deuxi\u00e8me guerre mondiale, l&#039;engagement d&#039;aviateurs polonais dans le ciel tunisien vient d&#039;\u00eatre raviv\u00e9 par la visite en Tunisie d&#039;une d\u00e9l...\" \/>\n<link rel=\"canonical\" href=\"https:\/\/www.webdo.tn\/fr\/actualite\/chroniques\/memoire-stanislaw-skalski-et-les-pilotes-polonais\/217296\/\" \/>\n<meta property=\"og:locale\" content=\"fr_FR\" \/>\n<meta property=\"og:type\" content=\"article\" \/>\n<meta property=\"og:title\" content=\"M\u00e9moire : Stanislaw Skalski et les pilotes polonais\" \/>\n<meta property=\"og:description\" content=\"\u00c9pisode peu connu de la Deuxi\u00e8me guerre mondiale, l&#039;engagement d&#039;aviateurs polonais dans le ciel tunisien vient d&#039;\u00eatre raviv\u00e9 par la visite en Tunisie d&#039;une d\u00e9l...\" \/>\n<meta property=\"og:url\" content=\"https:\/\/www.webdo.tn\/fr\/actualite\/chroniques\/memoire-stanislaw-skalski-et-les-pilotes-polonais\/217296\/\" \/>\n<meta property=\"og:site_name\" content=\"webdo\" \/>\n<meta property=\"article:publisher\" content=\"https:\/\/www.facebook.com\/webdotn\" \/>\n<meta property=\"article:author\" content=\"https:\/\/www.facebook.com\/hatem.bourial.2025\" \/>\n<meta property=\"article:published_time\" content=\"2024-10-31T09:26:00+00:00\" \/>\n<meta property=\"article:modified_time\" content=\"2025-05-17T20:21:14+00:00\" \/>\n<meta property=\"og:image\" content=\"https:\/\/www.webdo.tn\/fr\/wp-content\/uploads\/2024\/10\/b5dc45cd9302d916dcd1df45588b30e4.webp\" \/>\n\t<meta property=\"og:image:width\" content=\"750\" \/>\n\t<meta property=\"og:image:height\" content=\"400\" \/>\n\t<meta property=\"og:image:type\" content=\"image\/webp\" \/>\n<meta name=\"author\" content=\"Hatem Bourial\" \/>\n<meta name=\"twitter:card\" content=\"summary_large_image\" \/>\n<meta name=\"twitter:creator\" content=\"@webdo_tn\" \/>\n<meta name=\"twitter:site\" content=\"@webdo_tn\" \/>\n<meta name=\"twitter:label1\" content=\"\u00c9crit par\" \/>\n\t<meta name=\"twitter:data1\" content=\"Hatem Bourial\" \/>\n\t<meta name=\"twitter:label2\" content=\"Dur\u00e9e de lecture estim\u00e9e\" \/>\n\t<meta name=\"twitter:data2\" content=\"3 minutes\" \/>\n<script type=\"application\/ld+json\" class=\"yoast-schema-graph\">{\"@context\":\"https:\\\/\\\/schema.org\",\"@graph\":[{\"@type\":\"NewsArticle\",\"@id\":\"https:\\\/\\\/www.webdo.tn\\\/fr\\\/actualite\\\/chroniques\\\/memoire-stanislaw-skalski-et-les-pilotes-polonais\\\/217296\\\/#article\",\"isPartOf\":{\"@id\":\"https:\\\/\\\/www.webdo.tn\\\/fr\\\/actualite\\\/chroniques\\\/memoire-stanislaw-skalski-et-les-pilotes-polonais\\\/217296\\\/\"},\"author\":{\"name\":\"Hatem Bourial\",\"@id\":\"https:\\\/\\\/www.webdo.tn\\\/fr\\\/#\\\/schema\\\/person\\\/6bc0beba2cd23aec27cb5df85ca2554f\"},\"headline\":\"M\u00e9moire : Stanislaw Skalski et les pilotes polonais\",\"datePublished\":\"2024-10-31T09:26:00+00:00\",\"dateModified\":\"2025-05-17T20:21:14+00:00\",\"mainEntityOfPage\":{\"@id\":\"https:\\\/\\\/www.webdo.tn\\\/fr\\\/actualite\\\/chroniques\\\/memoire-stanislaw-skalski-et-les-pilotes-polonais\\\/217296\\\/\"},\"wordCount\":531,\"commentCount\":0,\"publisher\":{\"@id\":\"https:\\\/\\\/www.webdo.tn\\\/fr\\\/#organization\"},\"image\":{\"@id\":\"https:\\\/\\\/www.webdo.tn\\\/fr\\\/actualite\\\/chroniques\\\/memoire-stanislaw-skalski-et-les-pilotes-polonais\\\/217296\\\/#primaryimage\"},\"thumbnailUrl\":\"https:\\\/\\\/www.webdo.tn\\\/fr\\\/wp-content\\\/uploads\\\/2024\\\/10\\\/b5dc45cd9302d916dcd1df45588b30e4.webp\",\"keywords\":[\"2e guerre mondiale\",\"pologne\",\"Stanislaw Skalski\",\"Tunisie\"],\"articleSection\":[\"Chroniques\"],\"inLanguage\":\"fr-FR\"},{\"@type\":\"WebPage\",\"@id\":\"https:\\\/\\\/www.webdo.tn\\\/fr\\\/actualite\\\/chroniques\\\/memoire-stanislaw-skalski-et-les-pilotes-polonais\\\/217296\\\/\",\"url\":\"https:\\\/\\\/www.webdo.tn\\\/fr\\\/actualite\\\/chroniques\\\/memoire-stanislaw-skalski-et-les-pilotes-polonais\\\/217296\\\/\",\"name\":\"M\u00e9moire : Stanislaw Skalski et les pilotes polonais\",\"isPartOf\":{\"@id\":\"https:\\\/\\\/www.webdo.tn\\\/fr\\\/#website\"},\"primaryImageOfPage\":{\"@id\":\"https:\\\/\\\/www.webdo.tn\\\/fr\\\/actualite\\\/chroniques\\\/memoire-stanislaw-skalski-et-les-pilotes-polonais\\\/217296\\\/#primaryimage\"},\"image\":{\"@id\":\"https:\\\/\\\/www.webdo.tn\\\/fr\\\/actualite\\\/chroniques\\\/memoire-stanislaw-skalski-et-les-pilotes-polonais\\\/217296\\\/#primaryimage\"},\"thumbnailUrl\":\"https:\\\/\\\/www.webdo.tn\\\/fr\\\/wp-content\\\/uploads\\\/2024\\\/10\\\/b5dc45cd9302d916dcd1df45588b30e4.webp\",\"datePublished\":\"2024-10-31T09:26:00+00:00\",\"dateModified\":\"2025-05-17T20:21:14+00:00\",\"description\":\"\u00c9pisode peu connu de la Deuxi\u00e8me guerre mondiale, l'engagement d'aviateurs polonais dans le ciel tunisien vient d'\u00eatre raviv\u00e9 par la visite en Tunisie d'une d\u00e9l...\",\"breadcrumb\":{\"@id\":\"https:\\\/\\\/www.webdo.tn\\\/fr\\\/actualite\\\/chroniques\\\/memoire-stanislaw-skalski-et-les-pilotes-polonais\\\/217296\\\/#breadcrumb\"},\"inLanguage\":\"fr-FR\",\"potentialAction\":[{\"@type\":\"ReadAction\",\"target\":[\"https:\\\/\\\/www.webdo.tn\\\/fr\\\/actualite\\\/chroniques\\\/memoire-stanislaw-skalski-et-les-pilotes-polonais\\\/217296\\\/\"]}]},{\"@type\":\"ImageObject\",\"inLanguage\":\"fr-FR\",\"@id\":\"https:\\\/\\\/www.webdo.tn\\\/fr\\\/actualite\\\/chroniques\\\/memoire-stanislaw-skalski-et-les-pilotes-polonais\\\/217296\\\/#primaryimage\",\"url\":\"https:\\\/\\\/www.webdo.tn\\\/fr\\\/wp-content\\\/uploads\\\/2024\\\/10\\\/b5dc45cd9302d916dcd1df45588b30e4.webp\",\"contentUrl\":\"https:\\\/\\\/www.webdo.tn\\\/fr\\\/wp-content\\\/uploads\\\/2024\\\/10\\\/b5dc45cd9302d916dcd1df45588b30e4.webp\",\"width\":750,\"height\":400,\"caption\":\"M\u00e9moire : Stanislaw Skalski et les pilotes polonais\"},{\"@type\":\"BreadcrumbList\",\"@id\":\"https:\\\/\\\/www.webdo.tn\\\/fr\\\/actualite\\\/chroniques\\\/memoire-stanislaw-skalski-et-les-pilotes-polonais\\\/217296\\\/#breadcrumb\",\"itemListElement\":[{\"@type\":\"ListItem\",\"position\":1,\"name\":\"Accueil\",\"item\":\"https:\\\/\\\/www.webdo.tn\\\/fr\\\/\"},{\"@type\":\"ListItem\",\"position\":2,\"name\":\"M\u00e9moire : Stanislaw Skalski et les pilotes polonais\"}]},{\"@type\":\"WebSite\",\"@id\":\"https:\\\/\\\/www.webdo.tn\\\/fr\\\/#website\",\"url\":\"https:\\\/\\\/www.webdo.tn\\\/fr\\\/\",\"name\":\"webdo\",\"description\":\"Tunisie - News en Tunisie et \u00e0 l&#039;international sur Webdo.tn\",\"publisher\":{\"@id\":\"https:\\\/\\\/www.webdo.tn\\\/fr\\\/#organization\"},\"potentialAction\":[{\"@type\":\"SearchAction\",\"target\":{\"@type\":\"EntryPoint\",\"urlTemplate\":\"https:\\\/\\\/www.webdo.tn\\\/fr\\\/?s={search_term_string}\"},\"query-input\":{\"@type\":\"PropertyValueSpecification\",\"valueRequired\":true,\"valueName\":\"search_term_string\"}}],\"inLanguage\":\"fr-FR\"},{\"@type\":\"Organization\",\"@id\":\"https:\\\/\\\/www.webdo.tn\\\/fr\\\/#organization\",\"name\":\"Webdo\",\"alternateName\":\"Webdo.tn\",\"url\":\"https:\\\/\\\/www.webdo.tn\\\/fr\\\/\",\"logo\":{\"@type\":\"ImageObject\",\"inLanguage\":\"fr-FR\",\"@id\":\"https:\\\/\\\/www.webdo.tn\\\/fr\\\/#\\\/schema\\\/logo\\\/image\\\/\",\"url\":\"https:\\\/\\\/www.webdo.tn\\\/fr\\\/wp-content\\\/uploads\\\/2025\\\/06\\\/Webdo-Tunisie_168377.jpg\",\"contentUrl\":\"https:\\\/\\\/www.webdo.tn\\\/fr\\\/wp-content\\\/uploads\\\/2025\\\/06\\\/Webdo-Tunisie_168377.jpg\",\"width\":301,\"height\":301,\"caption\":\"Webdo\"},\"image\":{\"@id\":\"https:\\\/\\\/www.webdo.tn\\\/fr\\\/#\\\/schema\\\/logo\\\/image\\\/\"},\"sameAs\":[\"https:\\\/\\\/www.facebook.com\\\/webdotn\",\"https:\\\/\\\/x.com\\\/webdo_tn\"],\"description\":\"Webdo est un m\u00e9dia num\u00e9rique tunisien fond\u00e9 en 2010, sp\u00e9cialis\u00e9 dans l\u2019actualit\u00e9 nationale et internationale, l\u2019\u00e9conomie, la soci\u00e9t\u00e9 et les analyses politiques. Le site s\u2019adresse \u00e0 un large public francophone et couvre l\u2019information tunisienne en temps r\u00e9el.\",\"email\":\"redac@webdo.tn\",\"legalName\":\"YNJ SARL\",\"foundingDate\":\"2010-09-06\",\"numberOfEmployees\":{\"@type\":\"QuantitativeValue\",\"minValue\":\"11\",\"maxValue\":\"50\"}},{\"@type\":\"Person\",\"@id\":\"https:\\\/\\\/www.webdo.tn\\\/fr\\\/#\\\/schema\\\/person\\\/6bc0beba2cd23aec27cb5df85ca2554f\",\"name\":\"Hatem Bourial\",\"image\":{\"@type\":\"ImageObject\",\"inLanguage\":\"fr-FR\",\"@id\":\"https:\\\/\\\/www.webdo.tn\\\/fr\\\/wp-content\\\/uploads\\\/2026\\\/04\\\/hatem-bourial_avatar-96x96.jpg\",\"url\":\"https:\\\/\\\/www.webdo.tn\\\/fr\\\/wp-content\\\/uploads\\\/2026\\\/04\\\/hatem-bourial_avatar-96x96.jpg\",\"contentUrl\":\"https:\\\/\\\/www.webdo.tn\\\/fr\\\/wp-content\\\/uploads\\\/2026\\\/04\\\/hatem-bourial_avatar-96x96.jpg\",\"caption\":\"Hatem Bourial\"},\"description\":\"Hatem Bourial est journaliste, \u00e9crivain et chroniqueur tunisien. Actif depuis plusieurs d\u00e9cennies, il s\u2019est impos\u00e9 comme un observateur attentif de la soci\u00e9t\u00e9 tunisienne, m\u00ealant dans ses \u00e9crits m\u00e9moire, culture et analyse du quotidien. Auteur de nombreux ouvrages, il d\u00e9veloppe une \u0153uvre \u00e0 la crois\u00e9e du r\u00e9cit, de la po\u00e9sie et de l\u2019observation sociologique. Parall\u00e8lement \u00e0 ses contributions dans la presse, il intervient r\u00e9guli\u00e8rement \u00e0 la radio et dans des espaces culturels, o\u00f9 il explore les enjeux li\u00e9s au patrimoine, \u00e0 l\u2019identit\u00e9 et aux transformations du monde contemporain. \u00c0 travers ses chroniques, Hatem Bourial propose une lecture sensible et approfondie de l\u2019actualit\u00e9, nourrie par une exp\u00e9rience journalistique et litt\u00e9raire reconnue. \ud83d\udd17 Facebook : https:\\\/\\\/www.facebook.com\\\/hatem.bourial.2025\",\"sameAs\":[\"https:\\\/\\\/www.facebook.com\\\/hatem.bourial.2025\",\"https:\\\/\\\/fr.wikipedia.org\\\/wiki\\\/Fichier:Hatem_Bourial.jpg\"],\"knowsAbout\":[\"Culture & patrimoine tunisien\",\"Chronique soci\u00e9tale\",\"Litt\u00e9rature & m\u00e9moire\",\"Cin\u00e9ma & critique culturelle\",\"Identit\u00e9 & mutations sociales\"],\"knowsLanguage\":[\"Arabe\",\"Fran\u00e7ais\",\"Anglais\",\"Italien\",\"Polonais\"],\"jobTitle\":\"Journaliste, \u00e9crivain et chroniqueur culturel\",\"worksFor\":\"Webdo\",\"url\":\"https:\\\/\\\/www.webdo.tn\\\/fr\\\/actualite\\\/author\\\/hatem-bourial-2\\\/\"}]}<\/script>\n<!-- \/ Yoast SEO Premium plugin. -->","yoast_head_json":{"title":"M\u00e9moire : Stanislaw Skalski et les pilotes polonais","description":"\u00c9pisode peu connu de la Deuxi\u00e8me guerre mondiale, l'engagement d'aviateurs polonais dans le ciel tunisien vient d'\u00eatre raviv\u00e9 par la visite en Tunisie d'une d\u00e9l...","canonical":"https:\/\/www.webdo.tn\/fr\/actualite\/chroniques\/memoire-stanislaw-skalski-et-les-pilotes-polonais\/217296\/","og_locale":"fr_FR","og_type":"article","og_title":"M\u00e9moire : Stanislaw Skalski et les pilotes polonais","og_description":"\u00c9pisode peu connu de la Deuxi\u00e8me guerre mondiale, l'engagement d'aviateurs polonais dans le ciel tunisien vient d'\u00eatre raviv\u00e9 par la visite en Tunisie d'une d\u00e9l...","og_url":"https:\/\/www.webdo.tn\/fr\/actualite\/chroniques\/memoire-stanislaw-skalski-et-les-pilotes-polonais\/217296\/","og_site_name":"webdo","article_publisher":"https:\/\/www.facebook.com\/webdotn","article_author":"https:\/\/www.facebook.com\/hatem.bourial.2025","article_published_time":"2024-10-31T09:26:00+00:00","article_modified_time":"2025-05-17T20:21:14+00:00","og_image":[{"width":750,"height":400,"url":"https:\/\/www.webdo.tn\/fr\/wp-content\/uploads\/2024\/10\/b5dc45cd9302d916dcd1df45588b30e4.webp","type":"image\/webp"}],"author":"Hatem Bourial","twitter_card":"summary_large_image","twitter_creator":"@webdo_tn","twitter_site":"@webdo_tn","twitter_misc":{"\u00c9crit par":"Hatem Bourial","Dur\u00e9e de lecture estim\u00e9e":"3 minutes"},"schema":{"@context":"https:\/\/schema.org","@graph":[{"@type":"NewsArticle","@id":"https:\/\/www.webdo.tn\/fr\/actualite\/chroniques\/memoire-stanislaw-skalski-et-les-pilotes-polonais\/217296\/#article","isPartOf":{"@id":"https:\/\/www.webdo.tn\/fr\/actualite\/chroniques\/memoire-stanislaw-skalski-et-les-pilotes-polonais\/217296\/"},"author":{"name":"Hatem Bourial","@id":"https:\/\/www.webdo.tn\/fr\/#\/schema\/person\/6bc0beba2cd23aec27cb5df85ca2554f"},"headline":"M\u00e9moire : Stanislaw Skalski et les pilotes polonais","datePublished":"2024-10-31T09:26:00+00:00","dateModified":"2025-05-17T20:21:14+00:00","mainEntityOfPage":{"@id":"https:\/\/www.webdo.tn\/fr\/actualite\/chroniques\/memoire-stanislaw-skalski-et-les-pilotes-polonais\/217296\/"},"wordCount":531,"commentCount":0,"publisher":{"@id":"https:\/\/www.webdo.tn\/fr\/#organization"},"image":{"@id":"https:\/\/www.webdo.tn\/fr\/actualite\/chroniques\/memoire-stanislaw-skalski-et-les-pilotes-polonais\/217296\/#primaryimage"},"thumbnailUrl":"https:\/\/www.webdo.tn\/fr\/wp-content\/uploads\/2024\/10\/b5dc45cd9302d916dcd1df45588b30e4.webp","keywords":["2e guerre mondiale","pologne","Stanislaw Skalski","Tunisie"],"articleSection":["Chroniques"],"inLanguage":"fr-FR"},{"@type":"WebPage","@id":"https:\/\/www.webdo.tn\/fr\/actualite\/chroniques\/memoire-stanislaw-skalski-et-les-pilotes-polonais\/217296\/","url":"https:\/\/www.webdo.tn\/fr\/actualite\/chroniques\/memoire-stanislaw-skalski-et-les-pilotes-polonais\/217296\/","name":"M\u00e9moire : Stanislaw Skalski et les pilotes polonais","isPartOf":{"@id":"https:\/\/www.webdo.tn\/fr\/#website"},"primaryImageOfPage":{"@id":"https:\/\/www.webdo.tn\/fr\/actualite\/chroniques\/memoire-stanislaw-skalski-et-les-pilotes-polonais\/217296\/#primaryimage"},"image":{"@id":"https:\/\/www.webdo.tn\/fr\/actualite\/chroniques\/memoire-stanislaw-skalski-et-les-pilotes-polonais\/217296\/#primaryimage"},"thumbnailUrl":"https:\/\/www.webdo.tn\/fr\/wp-content\/uploads\/2024\/10\/b5dc45cd9302d916dcd1df45588b30e4.webp","datePublished":"2024-10-31T09:26:00+00:00","dateModified":"2025-05-17T20:21:14+00:00","description":"\u00c9pisode peu connu de la Deuxi\u00e8me guerre mondiale, l'engagement d'aviateurs polonais dans le ciel tunisien vient d'\u00eatre raviv\u00e9 par la visite en Tunisie d'une d\u00e9l...","breadcrumb":{"@id":"https:\/\/www.webdo.tn\/fr\/actualite\/chroniques\/memoire-stanislaw-skalski-et-les-pilotes-polonais\/217296\/#breadcrumb"},"inLanguage":"fr-FR","potentialAction":[{"@type":"ReadAction","target":["https:\/\/www.webdo.tn\/fr\/actualite\/chroniques\/memoire-stanislaw-skalski-et-les-pilotes-polonais\/217296\/"]}]},{"@type":"ImageObject","inLanguage":"fr-FR","@id":"https:\/\/www.webdo.tn\/fr\/actualite\/chroniques\/memoire-stanislaw-skalski-et-les-pilotes-polonais\/217296\/#primaryimage","url":"https:\/\/www.webdo.tn\/fr\/wp-content\/uploads\/2024\/10\/b5dc45cd9302d916dcd1df45588b30e4.webp","contentUrl":"https:\/\/www.webdo.tn\/fr\/wp-content\/uploads\/2024\/10\/b5dc45cd9302d916dcd1df45588b30e4.webp","width":750,"height":400,"caption":"M\u00e9moire : Stanislaw Skalski et les pilotes polonais"},{"@type":"BreadcrumbList","@id":"https:\/\/www.webdo.tn\/fr\/actualite\/chroniques\/memoire-stanislaw-skalski-et-les-pilotes-polonais\/217296\/#breadcrumb","itemListElement":[{"@type":"ListItem","position":1,"name":"Accueil","item":"https:\/\/www.webdo.tn\/fr\/"},{"@type":"ListItem","position":2,"name":"M\u00e9moire : Stanislaw Skalski et les pilotes polonais"}]},{"@type":"WebSite","@id":"https:\/\/www.webdo.tn\/fr\/#website","url":"https:\/\/www.webdo.tn\/fr\/","name":"webdo","description":"Tunisie - News en Tunisie et \u00e0 l&#039;international sur Webdo.tn","publisher":{"@id":"https:\/\/www.webdo.tn\/fr\/#organization"},"potentialAction":[{"@type":"SearchAction","target":{"@type":"EntryPoint","urlTemplate":"https:\/\/www.webdo.tn\/fr\/?s={search_term_string}"},"query-input":{"@type":"PropertyValueSpecification","valueRequired":true,"valueName":"search_term_string"}}],"inLanguage":"fr-FR"},{"@type":"Organization","@id":"https:\/\/www.webdo.tn\/fr\/#organization","name":"Webdo","alternateName":"Webdo.tn","url":"https:\/\/www.webdo.tn\/fr\/","logo":{"@type":"ImageObject","inLanguage":"fr-FR","@id":"https:\/\/www.webdo.tn\/fr\/#\/schema\/logo\/image\/","url":"https:\/\/www.webdo.tn\/fr\/wp-content\/uploads\/2025\/06\/Webdo-Tunisie_168377.jpg","contentUrl":"https:\/\/www.webdo.tn\/fr\/wp-content\/uploads\/2025\/06\/Webdo-Tunisie_168377.jpg","width":301,"height":301,"caption":"Webdo"},"image":{"@id":"https:\/\/www.webdo.tn\/fr\/#\/schema\/logo\/image\/"},"sameAs":["https:\/\/www.facebook.com\/webdotn","https:\/\/x.com\/webdo_tn"],"description":"Webdo est un m\u00e9dia num\u00e9rique tunisien fond\u00e9 en 2010, sp\u00e9cialis\u00e9 dans l\u2019actualit\u00e9 nationale et internationale, l\u2019\u00e9conomie, la soci\u00e9t\u00e9 et les analyses politiques. Le site s\u2019adresse \u00e0 un large public francophone et couvre l\u2019information tunisienne en temps r\u00e9el.","email":"redac@webdo.tn","legalName":"YNJ SARL","foundingDate":"2010-09-06","numberOfEmployees":{"@type":"QuantitativeValue","minValue":"11","maxValue":"50"}},{"@type":"Person","@id":"https:\/\/www.webdo.tn\/fr\/#\/schema\/person\/6bc0beba2cd23aec27cb5df85ca2554f","name":"Hatem Bourial","image":{"@type":"ImageObject","inLanguage":"fr-FR","@id":"https:\/\/www.webdo.tn\/fr\/wp-content\/uploads\/2026\/04\/hatem-bourial_avatar-96x96.jpg","url":"https:\/\/www.webdo.tn\/fr\/wp-content\/uploads\/2026\/04\/hatem-bourial_avatar-96x96.jpg","contentUrl":"https:\/\/www.webdo.tn\/fr\/wp-content\/uploads\/2026\/04\/hatem-bourial_avatar-96x96.jpg","caption":"Hatem Bourial"},"description":"Hatem Bourial est journaliste, \u00e9crivain et chroniqueur tunisien. Actif depuis plusieurs d\u00e9cennies, il s\u2019est impos\u00e9 comme un observateur attentif de la soci\u00e9t\u00e9 tunisienne, m\u00ealant dans ses \u00e9crits m\u00e9moire, culture et analyse du quotidien. Auteur de nombreux ouvrages, il d\u00e9veloppe une \u0153uvre \u00e0 la crois\u00e9e du r\u00e9cit, de la po\u00e9sie et de l\u2019observation sociologique. Parall\u00e8lement \u00e0 ses contributions dans la presse, il intervient r\u00e9guli\u00e8rement \u00e0 la radio et dans des espaces culturels, o\u00f9 il explore les enjeux li\u00e9s au patrimoine, \u00e0 l\u2019identit\u00e9 et aux transformations du monde contemporain. \u00c0 travers ses chroniques, Hatem Bourial propose une lecture sensible et approfondie de l\u2019actualit\u00e9, nourrie par une exp\u00e9rience journalistique et litt\u00e9raire reconnue. \ud83d\udd17 Facebook : https:\/\/www.facebook.com\/hatem.bourial.2025","sameAs":["https:\/\/www.facebook.com\/hatem.bourial.2025","https:\/\/fr.wikipedia.org\/wiki\/Fichier:Hatem_Bourial.jpg"],"knowsAbout":["Culture & patrimoine tunisien","Chronique soci\u00e9tale","Litt\u00e9rature & m\u00e9moire","Cin\u00e9ma & critique culturelle","Identit\u00e9 & mutations sociales"],"knowsLanguage":["Arabe","Fran\u00e7ais","Anglais","Italien","Polonais"],"jobTitle":"Journaliste, \u00e9crivain et chroniqueur culturel","worksFor":"Webdo","url":"https:\/\/www.webdo.tn\/fr\/actualite\/author\/hatem-bourial-2\/"}]}},"_links":{"self":[{"href":"https:\/\/www.webdo.tn\/fr\/wp-json\/wp\/v2\/posts\/217296","targetHints":{"allow":["GET"]}}],"collection":[{"href":"https:\/\/www.webdo.tn\/fr\/wp-json\/wp\/v2\/posts"}],"about":[{"href":"https:\/\/www.webdo.tn\/fr\/wp-json\/wp\/v2\/types\/post"}],"author":[{"embeddable":true,"href":"https:\/\/www.webdo.tn\/fr\/wp-json\/wp\/v2\/users\/3229"}],"replies":[{"embeddable":true,"href":"https:\/\/www.webdo.tn\/fr\/wp-json\/wp\/v2\/comments?post=217296"}],"version-history":[{"count":0,"href":"https:\/\/www.webdo.tn\/fr\/wp-json\/wp\/v2\/posts\/217296\/revisions"}],"wp:featuredmedia":[{"embeddable":true,"href":"https:\/\/www.webdo.tn\/fr\/wp-json\/wp\/v2\/media\/246211"}],"wp:attachment":[{"href":"https:\/\/www.webdo.tn\/fr\/wp-json\/wp\/v2\/media?parent=217296"}],"wp:term":[{"taxonomy":"category","embeddable":true,"href":"https:\/\/www.webdo.tn\/fr\/wp-json\/wp\/v2\/categories?post=217296"},{"taxonomy":"post_tag","embeddable":true,"href":"https:\/\/www.webdo.tn\/fr\/wp-json\/wp\/v2\/tags?post=217296"}],"curies":[{"name":"wp","href":"https:\/\/api.w.org\/{rel}","templated":true}]}}