{"id":217264,"date":"2024-10-29T18:37:00","date_gmt":"2024-10-29T18:37:00","guid":{"rendered":"https:\/\/www.webdo.tn\/fr\/blog\/tunisie-mandat-de-depot-a-l-encontre-d-un-celebre-createur-de-contenu\/217264\/"},"modified":"2025-05-21T09:02:23","modified_gmt":"2025-05-21T09:02:23","slug":"tunisie-mandat-de-depot-a-l-encontre-d-un-celebre-createur-de-contenu","status":"publish","type":"post","link":"https:\/\/www.webdo.tn\/fr\/actualite\/national\/tunisie-mandat-de-depot-a-l-encontre-d-un-celebre-createur-de-contenu\/217264\/","title":{"rendered":"Tunisie : Mandat de d\u00e9p\u00f4t \u00e0 l&rsquo;encontre d&rsquo;un c\u00e9l\u00e8bre cr\u00e9ateur de contenu"},"content":{"rendered":"<p>Le tribunal de premi\u00e8re instance de Tunis a ordonn\u00e9, ce mardi 29 octobre 2024, l&rsquo;incarc\u00e9ration d&rsquo;un cr\u00e9ateur de contenu bien connu, suspect\u00e9 d&rsquo;avoir enfreint les r\u00e8gles de d\u00e9cence publique.<\/p>\n<p>\t\t\t\t\t\t\t\t\tCe mandat de d\u00e9p\u00f4t a \u00e9t\u00e9 prononc\u00e9 par le parquet en r\u00e9ponse \u00e0 des accusations \u00ab\u00a0d\u2019ind\u00e9cence, de harc\u00e8lement d&rsquo;autrui via les r\u00e9seaux sociaux et d\u2019atteinte aux bonnes m\u0153urs\u00a0\u00bb, selon des informations diffus\u00e9es par la radio Mosa\u00efque.<\/p>\n<p>L\u2019individu sera prochainement jug\u00e9 par la chambre correctionnelle pour ces charges pr\u00e9sum\u00e9es. Cette affaire s\u2019inscrit dans une s\u00e9rie de proc\u00e9dures similaires : lundi dernier, cinq autres cr\u00e9ateurs de contenu ont \u00e9galement \u00e9t\u00e9 plac\u00e9s en d\u00e9tention provisoire pour des accusations analogues.<\/p>\n<p>Par ailleurs, le parquet du tribunal de premi\u00e8re instance de Tunis a d\u00e9cid\u00e9 ce mardi de maintenir en libert\u00e9 deux cr\u00e9atrices de contenu, tout en les renvoyant devant le tribunal correctionnel. Les trois autres influenceuses ont \u00e9t\u00e9 mises en examen par contumace.<\/p>\n<p>Ces actions judiciaires r\u00e9sultent d\u2019instructions \u00e9manant du minist\u00e8re de la Justice, qui a demand\u00e9 au parquet de poursuivre les individus publiant des contenus jug\u00e9s immoraux sur les r\u00e9seaux sociaux TikTok et Instagram.<\/p>\n","protected":false},"excerpt":{"rendered":"<p>Mandat de d\u00e9p\u00f4t contre un cr\u00e9ateur de contenu populaire pour atteinte aux bonnes m\u0153urs, suite aux directives du minist\u00e8re de la Justice visant \u00e0 lutter contre l&#8230;<\/p>\n","protected":false},"author":3166,"featured_media":246227,"comment_status":"open","ping_status":"closed","sticky":false,"template":"","format":"standard","meta":{"footnotes":""},"categories":[44],"tags":[4039,4205,2619,3273,2608],"class_list":["post-217264","post","type-post","status-publish","format-standard","has-post-thumbnail","hentry","category-national","tag-createur-de-contenu","tag-instagram","tag-justice","tag-tiktok","tag-tunisie"],"yoast_head":"<!-- This site is optimized with the Yoast SEO Premium plugin v27.5 (Yoast SEO v27.5) - https:\/\/yoast.com\/product\/yoast-seo-premium-wordpress\/ -->\n<title>Tunisie : Mandat de d\u00e9p\u00f4t \u00e0 l&#039;encontre d&#039;un c\u00e9l\u00e8bre cr\u00e9ateur de contenu<\/title>\n<meta name=\"description\" content=\"Mandat de d\u00e9p\u00f4t contre un cr\u00e9ateur de contenu populaire pour atteinte aux bonnes m\u0153urs, suite aux directives du minist\u00e8re de la Justice visant \u00e0 lutter contre l...\" \/>\n<link rel=\"canonical\" href=\"https:\/\/www.webdo.tn\/fr\/actualite\/national\/tunisie-mandat-de-depot-a-l-encontre-d-un-celebre-createur-de-contenu\/217264\/\" \/>\n<meta property=\"og:locale\" content=\"fr_FR\" \/>\n<meta property=\"og:type\" content=\"article\" \/>\n<meta property=\"og:title\" content=\"Tunisie : Mandat de d\u00e9p\u00f4t \u00e0 l&#039;encontre d&#039;un c\u00e9l\u00e8bre cr\u00e9ateur de contenu\" \/>\n<meta property=\"og:description\" content=\"Mandat de d\u00e9p\u00f4t contre un cr\u00e9ateur de contenu populaire pour atteinte aux bonnes m\u0153urs, suite aux directives du minist\u00e8re de la Justice visant \u00e0 lutter contre l...\" \/>\n<meta property=\"og:url\" content=\"https:\/\/www.webdo.tn\/fr\/actualite\/national\/tunisie-mandat-de-depot-a-l-encontre-d-un-celebre-createur-de-contenu\/217264\/\" \/>\n<meta property=\"og:site_name\" content=\"webdo\" \/>\n<meta property=\"article:publisher\" content=\"https:\/\/www.facebook.com\/webdotn\" \/>\n<meta property=\"article:published_time\" content=\"2024-10-29T18:37:00+00:00\" \/>\n<meta property=\"article:modified_time\" content=\"2025-05-21T09:02:23+00:00\" \/>\n<meta property=\"og:image\" content=\"https:\/\/www.webdo.tn\/fr\/wp-content\/uploads\/2024\/10\/8ffd61555e6ce3bd591f4e16bca9cfa8.webp\" \/>\n\t<meta property=\"og:image:width\" content=\"750\" \/>\n\t<meta property=\"og:image:height\" content=\"400\" \/>\n\t<meta property=\"og:image:type\" content=\"image\/webp\" \/>\n<meta name=\"author\" content=\"AZ\" \/>\n<meta name=\"twitter:card\" content=\"summary_large_image\" \/>\n<meta name=\"twitter:creator\" content=\"@webdo_tn\" \/>\n<meta name=\"twitter:site\" content=\"@webdo_tn\" \/>\n<meta name=\"twitter:label1\" content=\"\u00c9crit par\" \/>\n\t<meta name=\"twitter:data1\" content=\"AZ\" \/>\n\t<meta name=\"twitter:label2\" content=\"Dur\u00e9e de lecture estim\u00e9e\" \/>\n\t<meta name=\"twitter:data2\" content=\"1 minute\" \/>\n<script type=\"application\/ld+json\" class=\"yoast-schema-graph\">{\"@context\":\"https:\\\/\\\/schema.org\",\"@graph\":[{\"@type\":\"NewsArticle\",\"@id\":\"https:\\\/\\\/www.webdo.tn\\\/fr\\\/actualite\\\/national\\\/tunisie-mandat-de-depot-a-l-encontre-d-un-celebre-createur-de-contenu\\\/217264\\\/#article\",\"isPartOf\":{\"@id\":\"https:\\\/\\\/www.webdo.tn\\\/fr\\\/actualite\\\/national\\\/tunisie-mandat-de-depot-a-l-encontre-d-un-celebre-createur-de-contenu\\\/217264\\\/\"},\"author\":{\"name\":\"AZ\",\"@id\":\"https:\\\/\\\/www.webdo.tn\\\/fr\\\/#\\\/schema\\\/person\\\/b8a41c04d93287d375510db360906b34\"},\"headline\":\"Tunisie : Mandat de d\u00e9p\u00f4t \u00e0 l&rsquo;encontre d&rsquo;un c\u00e9l\u00e8bre cr\u00e9ateur de contenu\",\"datePublished\":\"2024-10-29T18:37:00+00:00\",\"dateModified\":\"2025-05-21T09:02:23+00:00\",\"mainEntityOfPage\":{\"@id\":\"https:\\\/\\\/www.webdo.tn\\\/fr\\\/actualite\\\/national\\\/tunisie-mandat-de-depot-a-l-encontre-d-un-celebre-createur-de-contenu\\\/217264\\\/\"},\"wordCount\":229,\"commentCount\":0,\"publisher\":{\"@id\":\"https:\\\/\\\/www.webdo.tn\\\/fr\\\/#organization\"},\"image\":{\"@id\":\"https:\\\/\\\/www.webdo.tn\\\/fr\\\/actualite\\\/national\\\/tunisie-mandat-de-depot-a-l-encontre-d-un-celebre-createur-de-contenu\\\/217264\\\/#primaryimage\"},\"thumbnailUrl\":\"https:\\\/\\\/www.webdo.tn\\\/fr\\\/wp-content\\\/uploads\\\/2024\\\/10\\\/8ffd61555e6ce3bd591f4e16bca9cfa8.webp\",\"keywords\":[\"Cr\u00e9ateur de contenu\",\"Instagram\",\"justice\",\"tiktok\",\"Tunisie\"],\"articleSection\":[\"National\"],\"inLanguage\":\"fr-FR\"},{\"@type\":\"WebPage\",\"@id\":\"https:\\\/\\\/www.webdo.tn\\\/fr\\\/actualite\\\/national\\\/tunisie-mandat-de-depot-a-l-encontre-d-un-celebre-createur-de-contenu\\\/217264\\\/\",\"url\":\"https:\\\/\\\/www.webdo.tn\\\/fr\\\/actualite\\\/national\\\/tunisie-mandat-de-depot-a-l-encontre-d-un-celebre-createur-de-contenu\\\/217264\\\/\",\"name\":\"Tunisie : Mandat de d\u00e9p\u00f4t \u00e0 l'encontre d'un c\u00e9l\u00e8bre cr\u00e9ateur de contenu\",\"isPartOf\":{\"@id\":\"https:\\\/\\\/www.webdo.tn\\\/fr\\\/#website\"},\"primaryImageOfPage\":{\"@id\":\"https:\\\/\\\/www.webdo.tn\\\/fr\\\/actualite\\\/national\\\/tunisie-mandat-de-depot-a-l-encontre-d-un-celebre-createur-de-contenu\\\/217264\\\/#primaryimage\"},\"image\":{\"@id\":\"https:\\\/\\\/www.webdo.tn\\\/fr\\\/actualite\\\/national\\\/tunisie-mandat-de-depot-a-l-encontre-d-un-celebre-createur-de-contenu\\\/217264\\\/#primaryimage\"},\"thumbnailUrl\":\"https:\\\/\\\/www.webdo.tn\\\/fr\\\/wp-content\\\/uploads\\\/2024\\\/10\\\/8ffd61555e6ce3bd591f4e16bca9cfa8.webp\",\"datePublished\":\"2024-10-29T18:37:00+00:00\",\"dateModified\":\"2025-05-21T09:02:23+00:00\",\"description\":\"Mandat de d\u00e9p\u00f4t contre un cr\u00e9ateur de contenu populaire pour atteinte aux bonnes m\u0153urs, suite aux directives du minist\u00e8re de la Justice visant \u00e0 lutter contre l...\",\"breadcrumb\":{\"@id\":\"https:\\\/\\\/www.webdo.tn\\\/fr\\\/actualite\\\/national\\\/tunisie-mandat-de-depot-a-l-encontre-d-un-celebre-createur-de-contenu\\\/217264\\\/#breadcrumb\"},\"inLanguage\":\"fr-FR\",\"potentialAction\":[{\"@type\":\"ReadAction\",\"target\":[\"https:\\\/\\\/www.webdo.tn\\\/fr\\\/actualite\\\/national\\\/tunisie-mandat-de-depot-a-l-encontre-d-un-celebre-createur-de-contenu\\\/217264\\\/\"]}]},{\"@type\":\"ImageObject\",\"inLanguage\":\"fr-FR\",\"@id\":\"https:\\\/\\\/www.webdo.tn\\\/fr\\\/actualite\\\/national\\\/tunisie-mandat-de-depot-a-l-encontre-d-un-celebre-createur-de-contenu\\\/217264\\\/#primaryimage\",\"url\":\"https:\\\/\\\/www.webdo.tn\\\/fr\\\/wp-content\\\/uploads\\\/2024\\\/10\\\/8ffd61555e6ce3bd591f4e16bca9cfa8.webp\",\"contentUrl\":\"https:\\\/\\\/www.webdo.tn\\\/fr\\\/wp-content\\\/uploads\\\/2024\\\/10\\\/8ffd61555e6ce3bd591f4e16bca9cfa8.webp\",\"width\":750,\"height\":400,\"caption\":\"Tunisie : Mandat de d\u00e9p\u00f4t \u00e0 l'encontre d'un c\u00e9l\u00e8bre cr\u00e9ateur de contenu\"},{\"@type\":\"BreadcrumbList\",\"@id\":\"https:\\\/\\\/www.webdo.tn\\\/fr\\\/actualite\\\/national\\\/tunisie-mandat-de-depot-a-l-encontre-d-un-celebre-createur-de-contenu\\\/217264\\\/#breadcrumb\",\"itemListElement\":[{\"@type\":\"ListItem\",\"position\":1,\"name\":\"Accueil\",\"item\":\"https:\\\/\\\/www.webdo.tn\\\/fr\\\/\"},{\"@type\":\"ListItem\",\"position\":2,\"name\":\"Tunisie : Mandat de d\u00e9p\u00f4t \u00e0 l&#8217;encontre d&#8217;un c\u00e9l\u00e8bre cr\u00e9ateur de contenu\"}]},{\"@type\":\"WebSite\",\"@id\":\"https:\\\/\\\/www.webdo.tn\\\/fr\\\/#website\",\"url\":\"https:\\\/\\\/www.webdo.tn\\\/fr\\\/\",\"name\":\"webdo\",\"description\":\"Tunisie - News en Tunisie et \u00e0 l&#039;international sur Webdo.tn\",\"publisher\":{\"@id\":\"https:\\\/\\\/www.webdo.tn\\\/fr\\\/#organization\"},\"potentialAction\":[{\"@type\":\"SearchAction\",\"target\":{\"@type\":\"EntryPoint\",\"urlTemplate\":\"https:\\\/\\\/www.webdo.tn\\\/fr\\\/?s={search_term_string}\"},\"query-input\":{\"@type\":\"PropertyValueSpecification\",\"valueRequired\":true,\"valueName\":\"search_term_string\"}}],\"inLanguage\":\"fr-FR\"},{\"@type\":\"Organization\",\"@id\":\"https:\\\/\\\/www.webdo.tn\\\/fr\\\/#organization\",\"name\":\"Webdo\",\"alternateName\":\"Webdo.tn\",\"url\":\"https:\\\/\\\/www.webdo.tn\\\/fr\\\/\",\"logo\":{\"@type\":\"ImageObject\",\"inLanguage\":\"fr-FR\",\"@id\":\"https:\\\/\\\/www.webdo.tn\\\/fr\\\/#\\\/schema\\\/logo\\\/image\\\/\",\"url\":\"https:\\\/\\\/www.webdo.tn\\\/fr\\\/wp-content\\\/uploads\\\/2025\\\/06\\\/Webdo-Tunisie_168377.jpg\",\"contentUrl\":\"https:\\\/\\\/www.webdo.tn\\\/fr\\\/wp-content\\\/uploads\\\/2025\\\/06\\\/Webdo-Tunisie_168377.jpg\",\"width\":301,\"height\":301,\"caption\":\"Webdo\"},\"image\":{\"@id\":\"https:\\\/\\\/www.webdo.tn\\\/fr\\\/#\\\/schema\\\/logo\\\/image\\\/\"},\"sameAs\":[\"https:\\\/\\\/www.facebook.com\\\/webdotn\",\"https:\\\/\\\/x.com\\\/webdo_tn\"],\"description\":\"Webdo est un m\u00e9dia num\u00e9rique tunisien fond\u00e9 en 2010, sp\u00e9cialis\u00e9 dans l\u2019actualit\u00e9 nationale et internationale, l\u2019\u00e9conomie, la soci\u00e9t\u00e9 et les analyses politiques. Le site s\u2019adresse \u00e0 un large public francophone et couvre l\u2019information tunisienne en temps r\u00e9el.\",\"email\":\"redac@webdo.tn\",\"legalName\":\"YNJ SARL\",\"foundingDate\":\"2010-09-06\",\"numberOfEmployees\":{\"@type\":\"QuantitativeValue\",\"minValue\":\"11\",\"maxValue\":\"50\"}},{\"@type\":\"Person\",\"@id\":\"https:\\\/\\\/www.webdo.tn\\\/fr\\\/#\\\/schema\\\/person\\\/b8a41c04d93287d375510db360906b34\",\"name\":\"AZ\",\"image\":{\"@type\":\"ImageObject\",\"inLanguage\":\"fr-FR\",\"@id\":\"https:\\\/\\\/secure.gravatar.com\\\/avatar\\\/492b80bada79439de4201dce15cd41eece6c277cfdf1b53382073c79105c1f89?s=96&d=mm&r=g\",\"url\":\"https:\\\/\\\/secure.gravatar.com\\\/avatar\\\/492b80bada79439de4201dce15cd41eece6c277cfdf1b53382073c79105c1f89?s=96&d=mm&r=g\",\"contentUrl\":\"https:\\\/\\\/secure.gravatar.com\\\/avatar\\\/492b80bada79439de4201dce15cd41eece6c277cfdf1b53382073c79105c1f89?s=96&d=mm&r=g\",\"caption\":\"AZ\"},\"url\":\"https:\\\/\\\/www.webdo.tn\\\/fr\\\/actualite\\\/author\\\/az\\\/\"}]}<\/script>\n<!-- \/ Yoast SEO Premium plugin. -->","yoast_head_json":{"title":"Tunisie : Mandat de d\u00e9p\u00f4t \u00e0 l'encontre d'un c\u00e9l\u00e8bre cr\u00e9ateur de contenu","description":"Mandat de d\u00e9p\u00f4t contre un cr\u00e9ateur de contenu populaire pour atteinte aux bonnes m\u0153urs, suite aux directives du minist\u00e8re de la Justice visant \u00e0 lutter contre l...","canonical":"https:\/\/www.webdo.tn\/fr\/actualite\/national\/tunisie-mandat-de-depot-a-l-encontre-d-un-celebre-createur-de-contenu\/217264\/","og_locale":"fr_FR","og_type":"article","og_title":"Tunisie : Mandat de d\u00e9p\u00f4t \u00e0 l'encontre d'un c\u00e9l\u00e8bre cr\u00e9ateur de contenu","og_description":"Mandat de d\u00e9p\u00f4t contre un cr\u00e9ateur de contenu populaire pour atteinte aux bonnes m\u0153urs, suite aux directives du minist\u00e8re de la Justice visant \u00e0 lutter contre l...","og_url":"https:\/\/www.webdo.tn\/fr\/actualite\/national\/tunisie-mandat-de-depot-a-l-encontre-d-un-celebre-createur-de-contenu\/217264\/","og_site_name":"webdo","article_publisher":"https:\/\/www.facebook.com\/webdotn","article_published_time":"2024-10-29T18:37:00+00:00","article_modified_time":"2025-05-21T09:02:23+00:00","og_image":[{"width":750,"height":400,"url":"https:\/\/www.webdo.tn\/fr\/wp-content\/uploads\/2024\/10\/8ffd61555e6ce3bd591f4e16bca9cfa8.webp","type":"image\/webp"}],"author":"AZ","twitter_card":"summary_large_image","twitter_creator":"@webdo_tn","twitter_site":"@webdo_tn","twitter_misc":{"\u00c9crit par":"AZ","Dur\u00e9e de lecture estim\u00e9e":"1 minute"},"schema":{"@context":"https:\/\/schema.org","@graph":[{"@type":"NewsArticle","@id":"https:\/\/www.webdo.tn\/fr\/actualite\/national\/tunisie-mandat-de-depot-a-l-encontre-d-un-celebre-createur-de-contenu\/217264\/#article","isPartOf":{"@id":"https:\/\/www.webdo.tn\/fr\/actualite\/national\/tunisie-mandat-de-depot-a-l-encontre-d-un-celebre-createur-de-contenu\/217264\/"},"author":{"name":"AZ","@id":"https:\/\/www.webdo.tn\/fr\/#\/schema\/person\/b8a41c04d93287d375510db360906b34"},"headline":"Tunisie : Mandat de d\u00e9p\u00f4t \u00e0 l&rsquo;encontre d&rsquo;un c\u00e9l\u00e8bre cr\u00e9ateur de contenu","datePublished":"2024-10-29T18:37:00+00:00","dateModified":"2025-05-21T09:02:23+00:00","mainEntityOfPage":{"@id":"https:\/\/www.webdo.tn\/fr\/actualite\/national\/tunisie-mandat-de-depot-a-l-encontre-d-un-celebre-createur-de-contenu\/217264\/"},"wordCount":229,"commentCount":0,"publisher":{"@id":"https:\/\/www.webdo.tn\/fr\/#organization"},"image":{"@id":"https:\/\/www.webdo.tn\/fr\/actualite\/national\/tunisie-mandat-de-depot-a-l-encontre-d-un-celebre-createur-de-contenu\/217264\/#primaryimage"},"thumbnailUrl":"https:\/\/www.webdo.tn\/fr\/wp-content\/uploads\/2024\/10\/8ffd61555e6ce3bd591f4e16bca9cfa8.webp","keywords":["Cr\u00e9ateur de contenu","Instagram","justice","tiktok","Tunisie"],"articleSection":["National"],"inLanguage":"fr-FR"},{"@type":"WebPage","@id":"https:\/\/www.webdo.tn\/fr\/actualite\/national\/tunisie-mandat-de-depot-a-l-encontre-d-un-celebre-createur-de-contenu\/217264\/","url":"https:\/\/www.webdo.tn\/fr\/actualite\/national\/tunisie-mandat-de-depot-a-l-encontre-d-un-celebre-createur-de-contenu\/217264\/","name":"Tunisie : Mandat de d\u00e9p\u00f4t \u00e0 l'encontre d'un c\u00e9l\u00e8bre cr\u00e9ateur de contenu","isPartOf":{"@id":"https:\/\/www.webdo.tn\/fr\/#website"},"primaryImageOfPage":{"@id":"https:\/\/www.webdo.tn\/fr\/actualite\/national\/tunisie-mandat-de-depot-a-l-encontre-d-un-celebre-createur-de-contenu\/217264\/#primaryimage"},"image":{"@id":"https:\/\/www.webdo.tn\/fr\/actualite\/national\/tunisie-mandat-de-depot-a-l-encontre-d-un-celebre-createur-de-contenu\/217264\/#primaryimage"},"thumbnailUrl":"https:\/\/www.webdo.tn\/fr\/wp-content\/uploads\/2024\/10\/8ffd61555e6ce3bd591f4e16bca9cfa8.webp","datePublished":"2024-10-29T18:37:00+00:00","dateModified":"2025-05-21T09:02:23+00:00","description":"Mandat de d\u00e9p\u00f4t contre un cr\u00e9ateur de contenu populaire pour atteinte aux bonnes m\u0153urs, suite aux directives du minist\u00e8re de la Justice visant \u00e0 lutter contre l...","breadcrumb":{"@id":"https:\/\/www.webdo.tn\/fr\/actualite\/national\/tunisie-mandat-de-depot-a-l-encontre-d-un-celebre-createur-de-contenu\/217264\/#breadcrumb"},"inLanguage":"fr-FR","potentialAction":[{"@type":"ReadAction","target":["https:\/\/www.webdo.tn\/fr\/actualite\/national\/tunisie-mandat-de-depot-a-l-encontre-d-un-celebre-createur-de-contenu\/217264\/"]}]},{"@type":"ImageObject","inLanguage":"fr-FR","@id":"https:\/\/www.webdo.tn\/fr\/actualite\/national\/tunisie-mandat-de-depot-a-l-encontre-d-un-celebre-createur-de-contenu\/217264\/#primaryimage","url":"https:\/\/www.webdo.tn\/fr\/wp-content\/uploads\/2024\/10\/8ffd61555e6ce3bd591f4e16bca9cfa8.webp","contentUrl":"https:\/\/www.webdo.tn\/fr\/wp-content\/uploads\/2024\/10\/8ffd61555e6ce3bd591f4e16bca9cfa8.webp","width":750,"height":400,"caption":"Tunisie : Mandat de d\u00e9p\u00f4t \u00e0 l'encontre d'un c\u00e9l\u00e8bre cr\u00e9ateur de contenu"},{"@type":"BreadcrumbList","@id":"https:\/\/www.webdo.tn\/fr\/actualite\/national\/tunisie-mandat-de-depot-a-l-encontre-d-un-celebre-createur-de-contenu\/217264\/#breadcrumb","itemListElement":[{"@type":"ListItem","position":1,"name":"Accueil","item":"https:\/\/www.webdo.tn\/fr\/"},{"@type":"ListItem","position":2,"name":"Tunisie : Mandat de d\u00e9p\u00f4t \u00e0 l&#8217;encontre d&#8217;un c\u00e9l\u00e8bre cr\u00e9ateur de contenu"}]},{"@type":"WebSite","@id":"https:\/\/www.webdo.tn\/fr\/#website","url":"https:\/\/www.webdo.tn\/fr\/","name":"webdo","description":"Tunisie - News en Tunisie et \u00e0 l&#039;international sur Webdo.tn","publisher":{"@id":"https:\/\/www.webdo.tn\/fr\/#organization"},"potentialAction":[{"@type":"SearchAction","target":{"@type":"EntryPoint","urlTemplate":"https:\/\/www.webdo.tn\/fr\/?s={search_term_string}"},"query-input":{"@type":"PropertyValueSpecification","valueRequired":true,"valueName":"search_term_string"}}],"inLanguage":"fr-FR"},{"@type":"Organization","@id":"https:\/\/www.webdo.tn\/fr\/#organization","name":"Webdo","alternateName":"Webdo.tn","url":"https:\/\/www.webdo.tn\/fr\/","logo":{"@type":"ImageObject","inLanguage":"fr-FR","@id":"https:\/\/www.webdo.tn\/fr\/#\/schema\/logo\/image\/","url":"https:\/\/www.webdo.tn\/fr\/wp-content\/uploads\/2025\/06\/Webdo-Tunisie_168377.jpg","contentUrl":"https:\/\/www.webdo.tn\/fr\/wp-content\/uploads\/2025\/06\/Webdo-Tunisie_168377.jpg","width":301,"height":301,"caption":"Webdo"},"image":{"@id":"https:\/\/www.webdo.tn\/fr\/#\/schema\/logo\/image\/"},"sameAs":["https:\/\/www.facebook.com\/webdotn","https:\/\/x.com\/webdo_tn"],"description":"Webdo est un m\u00e9dia num\u00e9rique tunisien fond\u00e9 en 2010, sp\u00e9cialis\u00e9 dans l\u2019actualit\u00e9 nationale et internationale, l\u2019\u00e9conomie, la soci\u00e9t\u00e9 et les analyses politiques. Le site s\u2019adresse \u00e0 un large public francophone et couvre l\u2019information tunisienne en temps r\u00e9el.","email":"redac@webdo.tn","legalName":"YNJ SARL","foundingDate":"2010-09-06","numberOfEmployees":{"@type":"QuantitativeValue","minValue":"11","maxValue":"50"}},{"@type":"Person","@id":"https:\/\/www.webdo.tn\/fr\/#\/schema\/person\/b8a41c04d93287d375510db360906b34","name":"AZ","image":{"@type":"ImageObject","inLanguage":"fr-FR","@id":"https:\/\/secure.gravatar.com\/avatar\/492b80bada79439de4201dce15cd41eece6c277cfdf1b53382073c79105c1f89?s=96&d=mm&r=g","url":"https:\/\/secure.gravatar.com\/avatar\/492b80bada79439de4201dce15cd41eece6c277cfdf1b53382073c79105c1f89?s=96&d=mm&r=g","contentUrl":"https:\/\/secure.gravatar.com\/avatar\/492b80bada79439de4201dce15cd41eece6c277cfdf1b53382073c79105c1f89?s=96&d=mm&r=g","caption":"AZ"},"url":"https:\/\/www.webdo.tn\/fr\/actualite\/author\/az\/"}]}},"_links":{"self":[{"href":"https:\/\/www.webdo.tn\/fr\/wp-json\/wp\/v2\/posts\/217264","targetHints":{"allow":["GET"]}}],"collection":[{"href":"https:\/\/www.webdo.tn\/fr\/wp-json\/wp\/v2\/posts"}],"about":[{"href":"https:\/\/www.webdo.tn\/fr\/wp-json\/wp\/v2\/types\/post"}],"author":[{"embeddable":true,"href":"https:\/\/www.webdo.tn\/fr\/wp-json\/wp\/v2\/users\/3166"}],"replies":[{"embeddable":true,"href":"https:\/\/www.webdo.tn\/fr\/wp-json\/wp\/v2\/comments?post=217264"}],"version-history":[{"count":0,"href":"https:\/\/www.webdo.tn\/fr\/wp-json\/wp\/v2\/posts\/217264\/revisions"}],"wp:featuredmedia":[{"embeddable":true,"href":"https:\/\/www.webdo.tn\/fr\/wp-json\/wp\/v2\/media\/246227"}],"wp:attachment":[{"href":"https:\/\/www.webdo.tn\/fr\/wp-json\/wp\/v2\/media?parent=217264"}],"wp:term":[{"taxonomy":"category","embeddable":true,"href":"https:\/\/www.webdo.tn\/fr\/wp-json\/wp\/v2\/categories?post=217264"},{"taxonomy":"post_tag","embeddable":true,"href":"https:\/\/www.webdo.tn\/fr\/wp-json\/wp\/v2\/tags?post=217264"}],"curies":[{"name":"wp","href":"https:\/\/api.w.org\/{rel}","templated":true}]}}