{"id":217247,"date":"2024-10-29T09:58:00","date_gmt":"2024-10-29T09:58:00","guid":{"rendered":"https:\/\/www.webdo.tn\/fr\/blog\/mon-cine-el-dorado-champs-elysees-ces-cinoches-oublies-de-tous\/217247\/"},"modified":"2025-05-17T20:21:17","modified_gmt":"2025-05-17T20:21:17","slug":"mon-cine-el-dorado-champs-elysees-ces-cinoches-oublies-de-tous","status":"publish","type":"post","link":"https:\/\/www.webdo.tn\/fr\/actualite\/chroniques\/mon-cine-el-dorado-champs-elysees-ces-cinoches-oublies-de-tous\/217247\/","title":{"rendered":"Mon Cin\u00e9, El Dorado, Champs \u00c9lys\u00e9es : Ces cinoches oubli\u00e9s de tous"},"content":{"rendered":"<p>De certains cin\u00e9mas de Tunis, il ne reste plus que les noms ou des traces infimes. Une m\u00e9moire urbaine \u00e0 retrouver !<\/p>\n<p>\t\t\t\t\t\t\t\t\tSi l&rsquo;\u00e9difice qui a longtemps abrit\u00e9 le Champs \u00c9lys\u00e9es existe toujours sur l&rsquo;avenue Bourguiba, d&rsquo;autres salles de cin\u00e9ma se sont litt\u00e9ralement \u00e9vapor\u00e9es et il n&rsquo;en reste plus que le nom.<\/p>\n<p>Citons par exemple le cin\u00e9ma El Dorado qui est totalement perdu de vue. Il se trouvait au quartier du Passage, sur la place, et apr\u00e8s une carri\u00e8re sous ce nom, il a pris celui de L&rsquo;\u00c9cran avant de dispara\u00eetre.<\/p>\n<p>Rares aussi sont ceux qui ont connu Mon Cin\u00e9. Cette salle qui se trouvait sur l&rsquo;actuelle avenue de la Libert\u00e9 avait en effet dur\u00e9 un temps avant d&rsquo;adopter le nom Le Marivaux. De nos jours, elle a ferm\u00e9 apr\u00e8s avoir accueilli le centre des arts de la marionnette et la salle Aladin.<\/p>\n<p>Cin\u00e9mas d&rsquo;hier qui viennent nous rappeler des salles oubli\u00e9es \u00e0 l&rsquo;instar du Paris, du Kl\u00e9ber, du Lido, de l&rsquo;Od\u00e9on ou du Cin\u00e9monde.<\/p>\n","protected":false},"excerpt":{"rendered":"<p>De certains cin\u00e9mas de Tunis, il ne reste plus que les noms ou des traces infimes. Une m\u00e9moire urbaine \u00e0 retrouver !<\/p>\n","protected":false},"author":3229,"featured_media":246220,"comment_status":"open","ping_status":"closed","sticky":false,"template":"","format":"standard","meta":{"footnotes":""},"categories":[2596],"tags":[2626,2653,2640,2608],"class_list":["post-217247","post","type-post","status-publish","format-standard","has-post-thumbnail","hentry","category-chroniques","tag-cinema","tag-nostalgie","tag-tunis","tag-tunisie"],"yoast_head":"<!-- This site is optimized with the Yoast SEO Premium plugin v27.4 (Yoast SEO v27.4) - https:\/\/yoast.com\/product\/yoast-seo-premium-wordpress\/ -->\n<title>Mon Cin\u00e9, El Dorado, Champs \u00c9lys\u00e9es : Ces cinoches oubli\u00e9s de tous<\/title>\n<meta name=\"description\" content=\"De certains cin\u00e9mas de Tunis, il ne reste plus que les noms ou des traces infimes. Une m\u00e9moire urbaine \u00e0 retrouver !\" \/>\n<link rel=\"canonical\" href=\"https:\/\/www.webdo.tn\/fr\/actualite\/chroniques\/mon-cine-el-dorado-champs-elysees-ces-cinoches-oublies-de-tous\/217247\/\" \/>\n<meta property=\"og:locale\" content=\"fr_FR\" \/>\n<meta property=\"og:type\" content=\"article\" \/>\n<meta property=\"og:title\" content=\"Mon Cin\u00e9, El Dorado, Champs \u00c9lys\u00e9es : Ces cinoches oubli\u00e9s de tous\" \/>\n<meta property=\"og:description\" content=\"De certains cin\u00e9mas de Tunis, il ne reste plus que les noms ou des traces infimes. Une m\u00e9moire urbaine \u00e0 retrouver !\" \/>\n<meta property=\"og:url\" content=\"https:\/\/www.webdo.tn\/fr\/actualite\/chroniques\/mon-cine-el-dorado-champs-elysees-ces-cinoches-oublies-de-tous\/217247\/\" \/>\n<meta property=\"og:site_name\" content=\"webdo\" \/>\n<meta property=\"article:publisher\" content=\"https:\/\/www.facebook.com\/webdotn\" \/>\n<meta property=\"article:author\" content=\"https:\/\/www.facebook.com\/hatem.bourial.2025\" \/>\n<meta property=\"article:published_time\" content=\"2024-10-29T09:58:00+00:00\" \/>\n<meta property=\"article:modified_time\" content=\"2025-05-17T20:21:17+00:00\" \/>\n<meta property=\"og:image\" content=\"https:\/\/www.webdo.tn\/fr\/wp-content\/uploads\/2024\/10\/03b39ef40416fe21f94d7518b0f08abf.webp\" \/>\n\t<meta property=\"og:image:width\" content=\"750\" \/>\n\t<meta property=\"og:image:height\" content=\"400\" \/>\n\t<meta property=\"og:image:type\" content=\"image\/webp\" \/>\n<meta name=\"author\" content=\"Hatem Bourial\" \/>\n<meta name=\"twitter:card\" content=\"summary_large_image\" \/>\n<meta name=\"twitter:creator\" content=\"@webdo_tn\" \/>\n<meta name=\"twitter:site\" content=\"@webdo_tn\" \/>\n<meta name=\"twitter:label1\" content=\"\u00c9crit par\" \/>\n\t<meta name=\"twitter:data1\" content=\"Hatem Bourial\" \/>\n\t<meta name=\"twitter:label2\" content=\"Dur\u00e9e de lecture estim\u00e9e\" \/>\n\t<meta name=\"twitter:data2\" content=\"1 minute\" \/>\n<script type=\"application\/ld+json\" class=\"yoast-schema-graph\">{\"@context\":\"https:\\\/\\\/schema.org\",\"@graph\":[{\"@type\":\"NewsArticle\",\"@id\":\"https:\\\/\\\/www.webdo.tn\\\/fr\\\/actualite\\\/chroniques\\\/mon-cine-el-dorado-champs-elysees-ces-cinoches-oublies-de-tous\\\/217247\\\/#article\",\"isPartOf\":{\"@id\":\"https:\\\/\\\/www.webdo.tn\\\/fr\\\/actualite\\\/chroniques\\\/mon-cine-el-dorado-champs-elysees-ces-cinoches-oublies-de-tous\\\/217247\\\/\"},\"author\":{\"name\":\"Hatem Bourial\",\"@id\":\"https:\\\/\\\/www.webdo.tn\\\/fr\\\/#\\\/schema\\\/person\\\/6bc0beba2cd23aec27cb5df85ca2554f\"},\"headline\":\"Mon Cin\u00e9, El Dorado, Champs \u00c9lys\u00e9es : Ces cinoches oubli\u00e9s de tous\",\"datePublished\":\"2024-10-29T09:58:00+00:00\",\"dateModified\":\"2025-05-17T20:21:17+00:00\",\"mainEntityOfPage\":{\"@id\":\"https:\\\/\\\/www.webdo.tn\\\/fr\\\/actualite\\\/chroniques\\\/mon-cine-el-dorado-champs-elysees-ces-cinoches-oublies-de-tous\\\/217247\\\/\"},\"wordCount\":201,\"commentCount\":0,\"publisher\":{\"@id\":\"https:\\\/\\\/www.webdo.tn\\\/fr\\\/#organization\"},\"image\":{\"@id\":\"https:\\\/\\\/www.webdo.tn\\\/fr\\\/actualite\\\/chroniques\\\/mon-cine-el-dorado-champs-elysees-ces-cinoches-oublies-de-tous\\\/217247\\\/#primaryimage\"},\"thumbnailUrl\":\"https:\\\/\\\/www.webdo.tn\\\/fr\\\/wp-content\\\/uploads\\\/2024\\\/10\\\/03b39ef40416fe21f94d7518b0f08abf.webp\",\"keywords\":[\"Cin\u00e9ma\",\"nostalgie\",\"Tunis\",\"Tunisie\"],\"articleSection\":[\"Chroniques\"],\"inLanguage\":\"fr-FR\"},{\"@type\":\"WebPage\",\"@id\":\"https:\\\/\\\/www.webdo.tn\\\/fr\\\/actualite\\\/chroniques\\\/mon-cine-el-dorado-champs-elysees-ces-cinoches-oublies-de-tous\\\/217247\\\/\",\"url\":\"https:\\\/\\\/www.webdo.tn\\\/fr\\\/actualite\\\/chroniques\\\/mon-cine-el-dorado-champs-elysees-ces-cinoches-oublies-de-tous\\\/217247\\\/\",\"name\":\"Mon Cin\u00e9, El Dorado, Champs \u00c9lys\u00e9es : Ces cinoches oubli\u00e9s de tous\",\"isPartOf\":{\"@id\":\"https:\\\/\\\/www.webdo.tn\\\/fr\\\/#website\"},\"primaryImageOfPage\":{\"@id\":\"https:\\\/\\\/www.webdo.tn\\\/fr\\\/actualite\\\/chroniques\\\/mon-cine-el-dorado-champs-elysees-ces-cinoches-oublies-de-tous\\\/217247\\\/#primaryimage\"},\"image\":{\"@id\":\"https:\\\/\\\/www.webdo.tn\\\/fr\\\/actualite\\\/chroniques\\\/mon-cine-el-dorado-champs-elysees-ces-cinoches-oublies-de-tous\\\/217247\\\/#primaryimage\"},\"thumbnailUrl\":\"https:\\\/\\\/www.webdo.tn\\\/fr\\\/wp-content\\\/uploads\\\/2024\\\/10\\\/03b39ef40416fe21f94d7518b0f08abf.webp\",\"datePublished\":\"2024-10-29T09:58:00+00:00\",\"dateModified\":\"2025-05-17T20:21:17+00:00\",\"description\":\"De certains cin\u00e9mas de Tunis, il ne reste plus que les noms ou des traces infimes. Une m\u00e9moire urbaine \u00e0 retrouver !\",\"breadcrumb\":{\"@id\":\"https:\\\/\\\/www.webdo.tn\\\/fr\\\/actualite\\\/chroniques\\\/mon-cine-el-dorado-champs-elysees-ces-cinoches-oublies-de-tous\\\/217247\\\/#breadcrumb\"},\"inLanguage\":\"fr-FR\",\"potentialAction\":[{\"@type\":\"ReadAction\",\"target\":[\"https:\\\/\\\/www.webdo.tn\\\/fr\\\/actualite\\\/chroniques\\\/mon-cine-el-dorado-champs-elysees-ces-cinoches-oublies-de-tous\\\/217247\\\/\"]}]},{\"@type\":\"ImageObject\",\"inLanguage\":\"fr-FR\",\"@id\":\"https:\\\/\\\/www.webdo.tn\\\/fr\\\/actualite\\\/chroniques\\\/mon-cine-el-dorado-champs-elysees-ces-cinoches-oublies-de-tous\\\/217247\\\/#primaryimage\",\"url\":\"https:\\\/\\\/www.webdo.tn\\\/fr\\\/wp-content\\\/uploads\\\/2024\\\/10\\\/03b39ef40416fe21f94d7518b0f08abf.webp\",\"contentUrl\":\"https:\\\/\\\/www.webdo.tn\\\/fr\\\/wp-content\\\/uploads\\\/2024\\\/10\\\/03b39ef40416fe21f94d7518b0f08abf.webp\",\"width\":750,\"height\":400,\"caption\":\"Mon Cin\u00e9, El Dorado, Champs \u00c9lys\u00e9es : Ces cinoches oubli\u00e9s de tous\"},{\"@type\":\"BreadcrumbList\",\"@id\":\"https:\\\/\\\/www.webdo.tn\\\/fr\\\/actualite\\\/chroniques\\\/mon-cine-el-dorado-champs-elysees-ces-cinoches-oublies-de-tous\\\/217247\\\/#breadcrumb\",\"itemListElement\":[{\"@type\":\"ListItem\",\"position\":1,\"name\":\"Accueil\",\"item\":\"https:\\\/\\\/www.webdo.tn\\\/fr\\\/\"},{\"@type\":\"ListItem\",\"position\":2,\"name\":\"Mon Cin\u00e9, El Dorado, Champs \u00c9lys\u00e9es : Ces cinoches oubli\u00e9s de tous\"}]},{\"@type\":\"WebSite\",\"@id\":\"https:\\\/\\\/www.webdo.tn\\\/fr\\\/#website\",\"url\":\"https:\\\/\\\/www.webdo.tn\\\/fr\\\/\",\"name\":\"webdo\",\"description\":\"Tunisie - News en Tunisie et \u00e0 l&#039;international sur Webdo.tn\",\"publisher\":{\"@id\":\"https:\\\/\\\/www.webdo.tn\\\/fr\\\/#organization\"},\"potentialAction\":[{\"@type\":\"SearchAction\",\"target\":{\"@type\":\"EntryPoint\",\"urlTemplate\":\"https:\\\/\\\/www.webdo.tn\\\/fr\\\/?s={search_term_string}\"},\"query-input\":{\"@type\":\"PropertyValueSpecification\",\"valueRequired\":true,\"valueName\":\"search_term_string\"}}],\"inLanguage\":\"fr-FR\"},{\"@type\":\"Organization\",\"@id\":\"https:\\\/\\\/www.webdo.tn\\\/fr\\\/#organization\",\"name\":\"Webdo\",\"alternateName\":\"Webdo.tn\",\"url\":\"https:\\\/\\\/www.webdo.tn\\\/fr\\\/\",\"logo\":{\"@type\":\"ImageObject\",\"inLanguage\":\"fr-FR\",\"@id\":\"https:\\\/\\\/www.webdo.tn\\\/fr\\\/#\\\/schema\\\/logo\\\/image\\\/\",\"url\":\"https:\\\/\\\/www.webdo.tn\\\/fr\\\/wp-content\\\/uploads\\\/2025\\\/06\\\/Webdo-Tunisie_168377.jpg\",\"contentUrl\":\"https:\\\/\\\/www.webdo.tn\\\/fr\\\/wp-content\\\/uploads\\\/2025\\\/06\\\/Webdo-Tunisie_168377.jpg\",\"width\":301,\"height\":301,\"caption\":\"Webdo\"},\"image\":{\"@id\":\"https:\\\/\\\/www.webdo.tn\\\/fr\\\/#\\\/schema\\\/logo\\\/image\\\/\"},\"sameAs\":[\"https:\\\/\\\/www.facebook.com\\\/webdotn\",\"https:\\\/\\\/x.com\\\/webdo_tn\"],\"description\":\"Webdo est un m\u00e9dia num\u00e9rique tunisien fond\u00e9 en 2010, sp\u00e9cialis\u00e9 dans l\u2019actualit\u00e9 nationale et internationale, l\u2019\u00e9conomie, la soci\u00e9t\u00e9 et les analyses politiques. Le site s\u2019adresse \u00e0 un large public francophone et couvre l\u2019information tunisienne en temps r\u00e9el.\",\"email\":\"redac@webdo.tn\",\"legalName\":\"YNJ SARL\",\"foundingDate\":\"2010-09-06\",\"numberOfEmployees\":{\"@type\":\"QuantitativeValue\",\"minValue\":\"11\",\"maxValue\":\"50\"}},{\"@type\":\"Person\",\"@id\":\"https:\\\/\\\/www.webdo.tn\\\/fr\\\/#\\\/schema\\\/person\\\/6bc0beba2cd23aec27cb5df85ca2554f\",\"name\":\"Hatem Bourial\",\"image\":{\"@type\":\"ImageObject\",\"inLanguage\":\"fr-FR\",\"@id\":\"https:\\\/\\\/www.webdo.tn\\\/fr\\\/wp-content\\\/uploads\\\/2026\\\/04\\\/hatem-bourial_avatar-96x96.jpg\",\"url\":\"https:\\\/\\\/www.webdo.tn\\\/fr\\\/wp-content\\\/uploads\\\/2026\\\/04\\\/hatem-bourial_avatar-96x96.jpg\",\"contentUrl\":\"https:\\\/\\\/www.webdo.tn\\\/fr\\\/wp-content\\\/uploads\\\/2026\\\/04\\\/hatem-bourial_avatar-96x96.jpg\",\"caption\":\"Hatem Bourial\"},\"description\":\"Hatem Bourial est journaliste, \u00e9crivain et chroniqueur tunisien. Actif depuis plusieurs d\u00e9cennies, il s\u2019est impos\u00e9 comme un observateur attentif de la soci\u00e9t\u00e9 tunisienne, m\u00ealant dans ses \u00e9crits m\u00e9moire, culture et analyse du quotidien. Auteur de nombreux ouvrages, il d\u00e9veloppe une \u0153uvre \u00e0 la crois\u00e9e du r\u00e9cit, de la po\u00e9sie et de l\u2019observation sociologique. Parall\u00e8lement \u00e0 ses contributions dans la presse, il intervient r\u00e9guli\u00e8rement \u00e0 la radio et dans des espaces culturels, o\u00f9 il explore les enjeux li\u00e9s au patrimoine, \u00e0 l\u2019identit\u00e9 et aux transformations du monde contemporain. \u00c0 travers ses chroniques, Hatem Bourial propose une lecture sensible et approfondie de l\u2019actualit\u00e9, nourrie par une exp\u00e9rience journalistique et litt\u00e9raire reconnue. \ud83d\udd17 Facebook : https:\\\/\\\/www.facebook.com\\\/hatem.bourial.2025\",\"sameAs\":[\"https:\\\/\\\/www.facebook.com\\\/hatem.bourial.2025\",\"https:\\\/\\\/fr.wikipedia.org\\\/wiki\\\/Fichier:Hatem_Bourial.jpg\"],\"knowsAbout\":[\"Culture & patrimoine tunisien\",\"Chronique soci\u00e9tale\",\"Litt\u00e9rature & m\u00e9moire\",\"Cin\u00e9ma & critique culturelle\",\"Identit\u00e9 & mutations sociales\"],\"knowsLanguage\":[\"Arabe\",\"Fran\u00e7ais\",\"Anglais\",\"Italien\",\"Polonais\"],\"jobTitle\":\"Journaliste, \u00e9crivain et chroniqueur culturel\",\"worksFor\":\"Webdo\",\"url\":\"https:\\\/\\\/www.webdo.tn\\\/fr\\\/actualite\\\/author\\\/hatem-bourial-2\\\/\"}]}<\/script>\n<!-- \/ Yoast SEO Premium plugin. -->","yoast_head_json":{"title":"Mon Cin\u00e9, El Dorado, Champs \u00c9lys\u00e9es : Ces cinoches oubli\u00e9s de tous","description":"De certains cin\u00e9mas de Tunis, il ne reste plus que les noms ou des traces infimes. Une m\u00e9moire urbaine \u00e0 retrouver !","canonical":"https:\/\/www.webdo.tn\/fr\/actualite\/chroniques\/mon-cine-el-dorado-champs-elysees-ces-cinoches-oublies-de-tous\/217247\/","og_locale":"fr_FR","og_type":"article","og_title":"Mon Cin\u00e9, El Dorado, Champs \u00c9lys\u00e9es : Ces cinoches oubli\u00e9s de tous","og_description":"De certains cin\u00e9mas de Tunis, il ne reste plus que les noms ou des traces infimes. Une m\u00e9moire urbaine \u00e0 retrouver !","og_url":"https:\/\/www.webdo.tn\/fr\/actualite\/chroniques\/mon-cine-el-dorado-champs-elysees-ces-cinoches-oublies-de-tous\/217247\/","og_site_name":"webdo","article_publisher":"https:\/\/www.facebook.com\/webdotn","article_author":"https:\/\/www.facebook.com\/hatem.bourial.2025","article_published_time":"2024-10-29T09:58:00+00:00","article_modified_time":"2025-05-17T20:21:17+00:00","og_image":[{"width":750,"height":400,"url":"https:\/\/www.webdo.tn\/fr\/wp-content\/uploads\/2024\/10\/03b39ef40416fe21f94d7518b0f08abf.webp","type":"image\/webp"}],"author":"Hatem Bourial","twitter_card":"summary_large_image","twitter_creator":"@webdo_tn","twitter_site":"@webdo_tn","twitter_misc":{"\u00c9crit par":"Hatem Bourial","Dur\u00e9e de lecture estim\u00e9e":"1 minute"},"schema":{"@context":"https:\/\/schema.org","@graph":[{"@type":"NewsArticle","@id":"https:\/\/www.webdo.tn\/fr\/actualite\/chroniques\/mon-cine-el-dorado-champs-elysees-ces-cinoches-oublies-de-tous\/217247\/#article","isPartOf":{"@id":"https:\/\/www.webdo.tn\/fr\/actualite\/chroniques\/mon-cine-el-dorado-champs-elysees-ces-cinoches-oublies-de-tous\/217247\/"},"author":{"name":"Hatem Bourial","@id":"https:\/\/www.webdo.tn\/fr\/#\/schema\/person\/6bc0beba2cd23aec27cb5df85ca2554f"},"headline":"Mon Cin\u00e9, El Dorado, Champs \u00c9lys\u00e9es : Ces cinoches oubli\u00e9s de tous","datePublished":"2024-10-29T09:58:00+00:00","dateModified":"2025-05-17T20:21:17+00:00","mainEntityOfPage":{"@id":"https:\/\/www.webdo.tn\/fr\/actualite\/chroniques\/mon-cine-el-dorado-champs-elysees-ces-cinoches-oublies-de-tous\/217247\/"},"wordCount":201,"commentCount":0,"publisher":{"@id":"https:\/\/www.webdo.tn\/fr\/#organization"},"image":{"@id":"https:\/\/www.webdo.tn\/fr\/actualite\/chroniques\/mon-cine-el-dorado-champs-elysees-ces-cinoches-oublies-de-tous\/217247\/#primaryimage"},"thumbnailUrl":"https:\/\/www.webdo.tn\/fr\/wp-content\/uploads\/2024\/10\/03b39ef40416fe21f94d7518b0f08abf.webp","keywords":["Cin\u00e9ma","nostalgie","Tunis","Tunisie"],"articleSection":["Chroniques"],"inLanguage":"fr-FR"},{"@type":"WebPage","@id":"https:\/\/www.webdo.tn\/fr\/actualite\/chroniques\/mon-cine-el-dorado-champs-elysees-ces-cinoches-oublies-de-tous\/217247\/","url":"https:\/\/www.webdo.tn\/fr\/actualite\/chroniques\/mon-cine-el-dorado-champs-elysees-ces-cinoches-oublies-de-tous\/217247\/","name":"Mon Cin\u00e9, El Dorado, Champs \u00c9lys\u00e9es : Ces cinoches oubli\u00e9s de tous","isPartOf":{"@id":"https:\/\/www.webdo.tn\/fr\/#website"},"primaryImageOfPage":{"@id":"https:\/\/www.webdo.tn\/fr\/actualite\/chroniques\/mon-cine-el-dorado-champs-elysees-ces-cinoches-oublies-de-tous\/217247\/#primaryimage"},"image":{"@id":"https:\/\/www.webdo.tn\/fr\/actualite\/chroniques\/mon-cine-el-dorado-champs-elysees-ces-cinoches-oublies-de-tous\/217247\/#primaryimage"},"thumbnailUrl":"https:\/\/www.webdo.tn\/fr\/wp-content\/uploads\/2024\/10\/03b39ef40416fe21f94d7518b0f08abf.webp","datePublished":"2024-10-29T09:58:00+00:00","dateModified":"2025-05-17T20:21:17+00:00","description":"De certains cin\u00e9mas de Tunis, il ne reste plus que les noms ou des traces infimes. Une m\u00e9moire urbaine \u00e0 retrouver !","breadcrumb":{"@id":"https:\/\/www.webdo.tn\/fr\/actualite\/chroniques\/mon-cine-el-dorado-champs-elysees-ces-cinoches-oublies-de-tous\/217247\/#breadcrumb"},"inLanguage":"fr-FR","potentialAction":[{"@type":"ReadAction","target":["https:\/\/www.webdo.tn\/fr\/actualite\/chroniques\/mon-cine-el-dorado-champs-elysees-ces-cinoches-oublies-de-tous\/217247\/"]}]},{"@type":"ImageObject","inLanguage":"fr-FR","@id":"https:\/\/www.webdo.tn\/fr\/actualite\/chroniques\/mon-cine-el-dorado-champs-elysees-ces-cinoches-oublies-de-tous\/217247\/#primaryimage","url":"https:\/\/www.webdo.tn\/fr\/wp-content\/uploads\/2024\/10\/03b39ef40416fe21f94d7518b0f08abf.webp","contentUrl":"https:\/\/www.webdo.tn\/fr\/wp-content\/uploads\/2024\/10\/03b39ef40416fe21f94d7518b0f08abf.webp","width":750,"height":400,"caption":"Mon Cin\u00e9, El Dorado, Champs \u00c9lys\u00e9es : Ces cinoches oubli\u00e9s de tous"},{"@type":"BreadcrumbList","@id":"https:\/\/www.webdo.tn\/fr\/actualite\/chroniques\/mon-cine-el-dorado-champs-elysees-ces-cinoches-oublies-de-tous\/217247\/#breadcrumb","itemListElement":[{"@type":"ListItem","position":1,"name":"Accueil","item":"https:\/\/www.webdo.tn\/fr\/"},{"@type":"ListItem","position":2,"name":"Mon Cin\u00e9, El Dorado, Champs \u00c9lys\u00e9es : Ces cinoches oubli\u00e9s de tous"}]},{"@type":"WebSite","@id":"https:\/\/www.webdo.tn\/fr\/#website","url":"https:\/\/www.webdo.tn\/fr\/","name":"webdo","description":"Tunisie - News en Tunisie et \u00e0 l&#039;international sur Webdo.tn","publisher":{"@id":"https:\/\/www.webdo.tn\/fr\/#organization"},"potentialAction":[{"@type":"SearchAction","target":{"@type":"EntryPoint","urlTemplate":"https:\/\/www.webdo.tn\/fr\/?s={search_term_string}"},"query-input":{"@type":"PropertyValueSpecification","valueRequired":true,"valueName":"search_term_string"}}],"inLanguage":"fr-FR"},{"@type":"Organization","@id":"https:\/\/www.webdo.tn\/fr\/#organization","name":"Webdo","alternateName":"Webdo.tn","url":"https:\/\/www.webdo.tn\/fr\/","logo":{"@type":"ImageObject","inLanguage":"fr-FR","@id":"https:\/\/www.webdo.tn\/fr\/#\/schema\/logo\/image\/","url":"https:\/\/www.webdo.tn\/fr\/wp-content\/uploads\/2025\/06\/Webdo-Tunisie_168377.jpg","contentUrl":"https:\/\/www.webdo.tn\/fr\/wp-content\/uploads\/2025\/06\/Webdo-Tunisie_168377.jpg","width":301,"height":301,"caption":"Webdo"},"image":{"@id":"https:\/\/www.webdo.tn\/fr\/#\/schema\/logo\/image\/"},"sameAs":["https:\/\/www.facebook.com\/webdotn","https:\/\/x.com\/webdo_tn"],"description":"Webdo est un m\u00e9dia num\u00e9rique tunisien fond\u00e9 en 2010, sp\u00e9cialis\u00e9 dans l\u2019actualit\u00e9 nationale et internationale, l\u2019\u00e9conomie, la soci\u00e9t\u00e9 et les analyses politiques. Le site s\u2019adresse \u00e0 un large public francophone et couvre l\u2019information tunisienne en temps r\u00e9el.","email":"redac@webdo.tn","legalName":"YNJ SARL","foundingDate":"2010-09-06","numberOfEmployees":{"@type":"QuantitativeValue","minValue":"11","maxValue":"50"}},{"@type":"Person","@id":"https:\/\/www.webdo.tn\/fr\/#\/schema\/person\/6bc0beba2cd23aec27cb5df85ca2554f","name":"Hatem Bourial","image":{"@type":"ImageObject","inLanguage":"fr-FR","@id":"https:\/\/www.webdo.tn\/fr\/wp-content\/uploads\/2026\/04\/hatem-bourial_avatar-96x96.jpg","url":"https:\/\/www.webdo.tn\/fr\/wp-content\/uploads\/2026\/04\/hatem-bourial_avatar-96x96.jpg","contentUrl":"https:\/\/www.webdo.tn\/fr\/wp-content\/uploads\/2026\/04\/hatem-bourial_avatar-96x96.jpg","caption":"Hatem Bourial"},"description":"Hatem Bourial est journaliste, \u00e9crivain et chroniqueur tunisien. Actif depuis plusieurs d\u00e9cennies, il s\u2019est impos\u00e9 comme un observateur attentif de la soci\u00e9t\u00e9 tunisienne, m\u00ealant dans ses \u00e9crits m\u00e9moire, culture et analyse du quotidien. Auteur de nombreux ouvrages, il d\u00e9veloppe une \u0153uvre \u00e0 la crois\u00e9e du r\u00e9cit, de la po\u00e9sie et de l\u2019observation sociologique. Parall\u00e8lement \u00e0 ses contributions dans la presse, il intervient r\u00e9guli\u00e8rement \u00e0 la radio et dans des espaces culturels, o\u00f9 il explore les enjeux li\u00e9s au patrimoine, \u00e0 l\u2019identit\u00e9 et aux transformations du monde contemporain. \u00c0 travers ses chroniques, Hatem Bourial propose une lecture sensible et approfondie de l\u2019actualit\u00e9, nourrie par une exp\u00e9rience journalistique et litt\u00e9raire reconnue. \ud83d\udd17 Facebook : https:\/\/www.facebook.com\/hatem.bourial.2025","sameAs":["https:\/\/www.facebook.com\/hatem.bourial.2025","https:\/\/fr.wikipedia.org\/wiki\/Fichier:Hatem_Bourial.jpg"],"knowsAbout":["Culture & patrimoine tunisien","Chronique soci\u00e9tale","Litt\u00e9rature & m\u00e9moire","Cin\u00e9ma & critique culturelle","Identit\u00e9 & mutations sociales"],"knowsLanguage":["Arabe","Fran\u00e7ais","Anglais","Italien","Polonais"],"jobTitle":"Journaliste, \u00e9crivain et chroniqueur culturel","worksFor":"Webdo","url":"https:\/\/www.webdo.tn\/fr\/actualite\/author\/hatem-bourial-2\/"}]}},"_links":{"self":[{"href":"https:\/\/www.webdo.tn\/fr\/wp-json\/wp\/v2\/posts\/217247","targetHints":{"allow":["GET"]}}],"collection":[{"href":"https:\/\/www.webdo.tn\/fr\/wp-json\/wp\/v2\/posts"}],"about":[{"href":"https:\/\/www.webdo.tn\/fr\/wp-json\/wp\/v2\/types\/post"}],"author":[{"embeddable":true,"href":"https:\/\/www.webdo.tn\/fr\/wp-json\/wp\/v2\/users\/3229"}],"replies":[{"embeddable":true,"href":"https:\/\/www.webdo.tn\/fr\/wp-json\/wp\/v2\/comments?post=217247"}],"version-history":[{"count":0,"href":"https:\/\/www.webdo.tn\/fr\/wp-json\/wp\/v2\/posts\/217247\/revisions"}],"wp:featuredmedia":[{"embeddable":true,"href":"https:\/\/www.webdo.tn\/fr\/wp-json\/wp\/v2\/media\/246220"}],"wp:attachment":[{"href":"https:\/\/www.webdo.tn\/fr\/wp-json\/wp\/v2\/media?parent=217247"}],"wp:term":[{"taxonomy":"category","embeddable":true,"href":"https:\/\/www.webdo.tn\/fr\/wp-json\/wp\/v2\/categories?post=217247"},{"taxonomy":"post_tag","embeddable":true,"href":"https:\/\/www.webdo.tn\/fr\/wp-json\/wp\/v2\/tags?post=217247"}],"curies":[{"name":"wp","href":"https:\/\/api.w.org\/{rel}","templated":true}]}}