{"id":217234,"date":"2024-10-28T14:40:00","date_gmt":"2024-10-28T14:40:00","guid":{"rendered":"https:\/\/www.webdo.tn\/fr\/blog\/tunisie-coupure-d-eau-dans-plusieurs-localites-de-ben-arous\/217234\/"},"modified":"2025-05-20T21:47:22","modified_gmt":"2025-05-20T21:47:22","slug":"tunisie-coupure-d-eau-dans-plusieurs-localites-de-ben-arous","status":"publish","type":"post","link":"https:\/\/www.webdo.tn\/fr\/actualite\/regions\/tunisie-coupure-d-eau-dans-plusieurs-localites-de-ben-arous\/217234\/","title":{"rendered":"Tunisie : Coupure d&rsquo;eau dans plusieurs localit\u00e9s de Ben Arous"},"content":{"rendered":"<p>Une perturbation et une coupure de la distribution de l\u2019eau courante seront enregistr\u00e9es, ce lundi, \u00e0 partir de 14h00, dans plusieurs localit\u00e9s du gouvernorat de Ben Arous.<\/p>\n<p>Cette coupure d\u2019eau est due\u00a0 \u00e0 des travaux de raccordement au r\u00e9seau national de la localit\u00e9 de Omar Bellil \u00e0 la Cit\u00e9 El Mourouj, a annonc\u00e9 la Soci\u00e9t\u00e9 nationale d\u2019exploitation et de distribution des eaux (SONEDE) dans un communiqu\u00e9.<\/p>\n<p>La coupure d&rsquo;eau concerne les localit\u00e9s de Chbedda, Naassene, la Zone industrielle Borj Ghorbel, la Cit\u00e9 Mzoughi, la Cit\u00e9 Louati, la Cit\u00e9 Al Amal, les Cit\u00e9s Wifek et Bochra \u00e0 El Mourouj 5, la Cit\u00e9 Ariana \u00e0 El Mourouj 4 et la Cit\u00e9 Riadh \u00e0 El Mourouj 3.<\/p>\n<p>La SONEDE pr\u00e9cise que l\u2019approvisionnement en eau sera r\u00e9tabli, progressivement, \u00e0 partir ce soir \u00e0 partir de 22h00.<\/p>\n","protected":false},"excerpt":{"rendered":"<p>Une perturbation et une coupure de la distribution de l\u2019eau courante seront enregistr\u00e9es, ce lundi, \u00e0 partir de 14h00, dans plusieurs localit\u00e9s du gouvernorat de Ben Arous. Cette coupure d\u2019eau est due\u00a0 \u00e0 des travaux de raccordement au r\u00e9seau national de la localit\u00e9 de Omar Bellil \u00e0 la Cit\u00e9 El Mourouj, a annonc\u00e9 la Soci\u00e9t\u00e9 [&hellip;]<\/p>\n","protected":false},"author":3162,"featured_media":246248,"comment_status":"open","ping_status":"closed","sticky":false,"template":"","format":"standard","meta":{"footnotes":""},"categories":[2595],"tags":[2755,2753,5280,2752],"class_list":["post-217234","post","type-post","status-publish","format-standard","has-post-thumbnail","hentry","category-regions","tag-ben-arous","tag-coupure-deau","tag-el-mourouj","tag-sonede"],"yoast_head":"<!-- This site is optimized with the Yoast SEO Premium plugin v27.4 (Yoast SEO v27.5) - https:\/\/yoast.com\/product\/yoast-seo-premium-wordpress\/ -->\n<title>Tunisie : Coupure d&#039;eau dans plusieurs localit\u00e9s de Ben Arous<\/title>\n<link rel=\"canonical\" href=\"https:\/\/www.webdo.tn\/fr\/actualite\/regions\/tunisie-coupure-d-eau-dans-plusieurs-localites-de-ben-arous\/217234\/\" \/>\n<meta property=\"og:locale\" content=\"fr_FR\" \/>\n<meta property=\"og:type\" content=\"article\" \/>\n<meta property=\"og:title\" content=\"Tunisie : Coupure d&#039;eau dans plusieurs localit\u00e9s de Ben Arous\" \/>\n<meta property=\"og:description\" content=\"Une perturbation et une coupure de la distribution de l\u2019eau courante seront enregistr\u00e9es, ce lundi, \u00e0 partir de 14h00, dans plusieurs localit\u00e9s du gouvernorat de Ben Arous. Cette coupure d\u2019eau est due\u00a0 \u00e0 des travaux de raccordement au r\u00e9seau national de la localit\u00e9 de Omar Bellil \u00e0 la Cit\u00e9 El Mourouj, a annonc\u00e9 la Soci\u00e9t\u00e9 [&hellip;]\" \/>\n<meta property=\"og:url\" content=\"https:\/\/www.webdo.tn\/fr\/actualite\/regions\/tunisie-coupure-d-eau-dans-plusieurs-localites-de-ben-arous\/217234\/\" \/>\n<meta property=\"og:site_name\" content=\"webdo\" \/>\n<meta property=\"article:publisher\" content=\"https:\/\/www.facebook.com\/webdotn\" \/>\n<meta property=\"article:published_time\" content=\"2024-10-28T14:40:00+00:00\" \/>\n<meta property=\"article:modified_time\" content=\"2025-05-20T21:47:22+00:00\" \/>\n<meta property=\"og:image\" content=\"https:\/\/www.webdo.tn\/fr\/wp-content\/uploads\/2024\/10\/e7c450b3004efc594cf209ae77f39aee.webp\" \/>\n\t<meta property=\"og:image:width\" content=\"750\" \/>\n\t<meta property=\"og:image:height\" content=\"400\" \/>\n\t<meta property=\"og:image:type\" content=\"image\/webp\" \/>\n<meta name=\"author\" content=\"MC\" \/>\n<meta name=\"twitter:card\" content=\"summary_large_image\" \/>\n<meta name=\"twitter:creator\" content=\"@webdo_tn\" \/>\n<meta name=\"twitter:site\" content=\"@webdo_tn\" \/>\n<meta name=\"twitter:label1\" content=\"\u00c9crit par\" \/>\n\t<meta name=\"twitter:data1\" content=\"MC\" \/>\n\t<meta name=\"twitter:label2\" content=\"Dur\u00e9e de lecture estim\u00e9e\" \/>\n\t<meta name=\"twitter:data2\" content=\"1 minute\" \/>\n<script type=\"application\/ld+json\" class=\"yoast-schema-graph\">{\"@context\":\"https:\\\/\\\/schema.org\",\"@graph\":[{\"@type\":\"NewsArticle\",\"@id\":\"https:\\\/\\\/www.webdo.tn\\\/fr\\\/actualite\\\/regions\\\/tunisie-coupure-d-eau-dans-plusieurs-localites-de-ben-arous\\\/217234\\\/#article\",\"isPartOf\":{\"@id\":\"https:\\\/\\\/www.webdo.tn\\\/fr\\\/actualite\\\/regions\\\/tunisie-coupure-d-eau-dans-plusieurs-localites-de-ben-arous\\\/217234\\\/\"},\"author\":{\"name\":\"MC\",\"@id\":\"https:\\\/\\\/www.webdo.tn\\\/fr\\\/#\\\/schema\\\/person\\\/2c4929cbf5a809e3bd38617c6ce150f6\"},\"headline\":\"Tunisie : Coupure d&rsquo;eau dans plusieurs localit\u00e9s de Ben Arous\",\"datePublished\":\"2024-10-28T14:40:00+00:00\",\"dateModified\":\"2025-05-20T21:47:22+00:00\",\"mainEntityOfPage\":{\"@id\":\"https:\\\/\\\/www.webdo.tn\\\/fr\\\/actualite\\\/regions\\\/tunisie-coupure-d-eau-dans-plusieurs-localites-de-ben-arous\\\/217234\\\/\"},\"wordCount\":145,\"commentCount\":0,\"publisher\":{\"@id\":\"https:\\\/\\\/www.webdo.tn\\\/fr\\\/#organization\"},\"image\":{\"@id\":\"https:\\\/\\\/www.webdo.tn\\\/fr\\\/actualite\\\/regions\\\/tunisie-coupure-d-eau-dans-plusieurs-localites-de-ben-arous\\\/217234\\\/#primaryimage\"},\"thumbnailUrl\":\"https:\\\/\\\/www.webdo.tn\\\/fr\\\/wp-content\\\/uploads\\\/2024\\\/10\\\/e7c450b3004efc594cf209ae77f39aee.webp\",\"keywords\":[\"ben arous\",\"Coupure d'eau\",\"el mourouj\",\"Sonede\"],\"articleSection\":[\"regions\"],\"inLanguage\":\"fr-FR\"},{\"@type\":\"WebPage\",\"@id\":\"https:\\\/\\\/www.webdo.tn\\\/fr\\\/actualite\\\/regions\\\/tunisie-coupure-d-eau-dans-plusieurs-localites-de-ben-arous\\\/217234\\\/\",\"url\":\"https:\\\/\\\/www.webdo.tn\\\/fr\\\/actualite\\\/regions\\\/tunisie-coupure-d-eau-dans-plusieurs-localites-de-ben-arous\\\/217234\\\/\",\"name\":\"Tunisie : Coupure d'eau dans plusieurs localit\u00e9s de Ben Arous\",\"isPartOf\":{\"@id\":\"https:\\\/\\\/www.webdo.tn\\\/fr\\\/#website\"},\"primaryImageOfPage\":{\"@id\":\"https:\\\/\\\/www.webdo.tn\\\/fr\\\/actualite\\\/regions\\\/tunisie-coupure-d-eau-dans-plusieurs-localites-de-ben-arous\\\/217234\\\/#primaryimage\"},\"image\":{\"@id\":\"https:\\\/\\\/www.webdo.tn\\\/fr\\\/actualite\\\/regions\\\/tunisie-coupure-d-eau-dans-plusieurs-localites-de-ben-arous\\\/217234\\\/#primaryimage\"},\"thumbnailUrl\":\"https:\\\/\\\/www.webdo.tn\\\/fr\\\/wp-content\\\/uploads\\\/2024\\\/10\\\/e7c450b3004efc594cf209ae77f39aee.webp\",\"datePublished\":\"2024-10-28T14:40:00+00:00\",\"dateModified\":\"2025-05-20T21:47:22+00:00\",\"breadcrumb\":{\"@id\":\"https:\\\/\\\/www.webdo.tn\\\/fr\\\/actualite\\\/regions\\\/tunisie-coupure-d-eau-dans-plusieurs-localites-de-ben-arous\\\/217234\\\/#breadcrumb\"},\"inLanguage\":\"fr-FR\",\"potentialAction\":[{\"@type\":\"ReadAction\",\"target\":[\"https:\\\/\\\/www.webdo.tn\\\/fr\\\/actualite\\\/regions\\\/tunisie-coupure-d-eau-dans-plusieurs-localites-de-ben-arous\\\/217234\\\/\"]}]},{\"@type\":\"ImageObject\",\"inLanguage\":\"fr-FR\",\"@id\":\"https:\\\/\\\/www.webdo.tn\\\/fr\\\/actualite\\\/regions\\\/tunisie-coupure-d-eau-dans-plusieurs-localites-de-ben-arous\\\/217234\\\/#primaryimage\",\"url\":\"https:\\\/\\\/www.webdo.tn\\\/fr\\\/wp-content\\\/uploads\\\/2024\\\/10\\\/e7c450b3004efc594cf209ae77f39aee.webp\",\"contentUrl\":\"https:\\\/\\\/www.webdo.tn\\\/fr\\\/wp-content\\\/uploads\\\/2024\\\/10\\\/e7c450b3004efc594cf209ae77f39aee.webp\",\"width\":750,\"height\":400,\"caption\":\"Tunisie : Coupure d'eau dans plusieurs localit\u00e9s de Ben Arous\"},{\"@type\":\"BreadcrumbList\",\"@id\":\"https:\\\/\\\/www.webdo.tn\\\/fr\\\/actualite\\\/regions\\\/tunisie-coupure-d-eau-dans-plusieurs-localites-de-ben-arous\\\/217234\\\/#breadcrumb\",\"itemListElement\":[{\"@type\":\"ListItem\",\"position\":1,\"name\":\"Accueil\",\"item\":\"https:\\\/\\\/www.webdo.tn\\\/fr\\\/\"},{\"@type\":\"ListItem\",\"position\":2,\"name\":\"Tunisie : Coupure d&rsquo;eau dans plusieurs localit\u00e9s de Ben Arous\"}]},{\"@type\":\"WebSite\",\"@id\":\"https:\\\/\\\/www.webdo.tn\\\/fr\\\/#website\",\"url\":\"https:\\\/\\\/www.webdo.tn\\\/fr\\\/\",\"name\":\"webdo\",\"description\":\"Tunisie - News en Tunisie et \u00e0 l&#039;international sur Webdo.tn\",\"publisher\":{\"@id\":\"https:\\\/\\\/www.webdo.tn\\\/fr\\\/#organization\"},\"potentialAction\":[{\"@type\":\"SearchAction\",\"target\":{\"@type\":\"EntryPoint\",\"urlTemplate\":\"https:\\\/\\\/www.webdo.tn\\\/fr\\\/?s={search_term_string}\"},\"query-input\":{\"@type\":\"PropertyValueSpecification\",\"valueRequired\":true,\"valueName\":\"search_term_string\"}}],\"inLanguage\":\"fr-FR\"},{\"@type\":\"Organization\",\"@id\":\"https:\\\/\\\/www.webdo.tn\\\/fr\\\/#organization\",\"name\":\"Webdo\",\"alternateName\":\"Webdo.tn\",\"url\":\"https:\\\/\\\/www.webdo.tn\\\/fr\\\/\",\"logo\":{\"@type\":\"ImageObject\",\"inLanguage\":\"fr-FR\",\"@id\":\"https:\\\/\\\/www.webdo.tn\\\/fr\\\/#\\\/schema\\\/logo\\\/image\\\/\",\"url\":\"https:\\\/\\\/www.webdo.tn\\\/fr\\\/wp-content\\\/uploads\\\/2025\\\/06\\\/Webdo-Tunisie_168377.jpg\",\"contentUrl\":\"https:\\\/\\\/www.webdo.tn\\\/fr\\\/wp-content\\\/uploads\\\/2025\\\/06\\\/Webdo-Tunisie_168377.jpg\",\"width\":301,\"height\":301,\"caption\":\"Webdo\"},\"image\":{\"@id\":\"https:\\\/\\\/www.webdo.tn\\\/fr\\\/#\\\/schema\\\/logo\\\/image\\\/\"},\"sameAs\":[\"https:\\\/\\\/www.facebook.com\\\/webdotn\",\"https:\\\/\\\/x.com\\\/webdo_tn\"],\"description\":\"Webdo est un m\u00e9dia num\u00e9rique tunisien fond\u00e9 en 2010, sp\u00e9cialis\u00e9 dans l\u2019actualit\u00e9 nationale et internationale, l\u2019\u00e9conomie, la soci\u00e9t\u00e9 et les analyses politiques. Le site s\u2019adresse \u00e0 un large public francophone et couvre l\u2019information tunisienne en temps r\u00e9el.\",\"email\":\"redac@webdo.tn\",\"legalName\":\"YNJ SARL\",\"foundingDate\":\"2010-09-06\",\"numberOfEmployees\":{\"@type\":\"QuantitativeValue\",\"minValue\":\"11\",\"maxValue\":\"50\"}},{\"@type\":\"Person\",\"@id\":\"https:\\\/\\\/www.webdo.tn\\\/fr\\\/#\\\/schema\\\/person\\\/2c4929cbf5a809e3bd38617c6ce150f6\",\"name\":\"MC\",\"image\":{\"@type\":\"ImageObject\",\"inLanguage\":\"fr-FR\",\"@id\":\"https:\\\/\\\/secure.gravatar.com\\\/avatar\\\/a545bbb6f84efdd5553dbbc2895e3ca8f1d12c5215e00a041c9670b54aa9b18a?s=96&d=mm&r=g\",\"url\":\"https:\\\/\\\/secure.gravatar.com\\\/avatar\\\/a545bbb6f84efdd5553dbbc2895e3ca8f1d12c5215e00a041c9670b54aa9b18a?s=96&d=mm&r=g\",\"contentUrl\":\"https:\\\/\\\/secure.gravatar.com\\\/avatar\\\/a545bbb6f84efdd5553dbbc2895e3ca8f1d12c5215e00a041c9670b54aa9b18a?s=96&d=mm&r=g\",\"caption\":\"MC\"},\"url\":\"https:\\\/\\\/www.webdo.tn\\\/fr\\\/actualite\\\/author\\\/mc\\\/\"}]}<\/script>\n<!-- \/ Yoast SEO Premium plugin. -->","yoast_head_json":{"title":"Tunisie : Coupure d'eau dans plusieurs localit\u00e9s de Ben Arous","canonical":"https:\/\/www.webdo.tn\/fr\/actualite\/regions\/tunisie-coupure-d-eau-dans-plusieurs-localites-de-ben-arous\/217234\/","og_locale":"fr_FR","og_type":"article","og_title":"Tunisie : Coupure d'eau dans plusieurs localit\u00e9s de Ben Arous","og_description":"Une perturbation et une coupure de la distribution de l\u2019eau courante seront enregistr\u00e9es, ce lundi, \u00e0 partir de 14h00, dans plusieurs localit\u00e9s du gouvernorat de Ben Arous. Cette coupure d\u2019eau est due\u00a0 \u00e0 des travaux de raccordement au r\u00e9seau national de la localit\u00e9 de Omar Bellil \u00e0 la Cit\u00e9 El Mourouj, a annonc\u00e9 la Soci\u00e9t\u00e9 [&hellip;]","og_url":"https:\/\/www.webdo.tn\/fr\/actualite\/regions\/tunisie-coupure-d-eau-dans-plusieurs-localites-de-ben-arous\/217234\/","og_site_name":"webdo","article_publisher":"https:\/\/www.facebook.com\/webdotn","article_published_time":"2024-10-28T14:40:00+00:00","article_modified_time":"2025-05-20T21:47:22+00:00","og_image":[{"width":750,"height":400,"url":"https:\/\/www.webdo.tn\/fr\/wp-content\/uploads\/2024\/10\/e7c450b3004efc594cf209ae77f39aee.webp","type":"image\/webp"}],"author":"MC","twitter_card":"summary_large_image","twitter_creator":"@webdo_tn","twitter_site":"@webdo_tn","twitter_misc":{"\u00c9crit par":"MC","Dur\u00e9e de lecture estim\u00e9e":"1 minute"},"schema":{"@context":"https:\/\/schema.org","@graph":[{"@type":"NewsArticle","@id":"https:\/\/www.webdo.tn\/fr\/actualite\/regions\/tunisie-coupure-d-eau-dans-plusieurs-localites-de-ben-arous\/217234\/#article","isPartOf":{"@id":"https:\/\/www.webdo.tn\/fr\/actualite\/regions\/tunisie-coupure-d-eau-dans-plusieurs-localites-de-ben-arous\/217234\/"},"author":{"name":"MC","@id":"https:\/\/www.webdo.tn\/fr\/#\/schema\/person\/2c4929cbf5a809e3bd38617c6ce150f6"},"headline":"Tunisie : Coupure d&rsquo;eau dans plusieurs localit\u00e9s de Ben Arous","datePublished":"2024-10-28T14:40:00+00:00","dateModified":"2025-05-20T21:47:22+00:00","mainEntityOfPage":{"@id":"https:\/\/www.webdo.tn\/fr\/actualite\/regions\/tunisie-coupure-d-eau-dans-plusieurs-localites-de-ben-arous\/217234\/"},"wordCount":145,"commentCount":0,"publisher":{"@id":"https:\/\/www.webdo.tn\/fr\/#organization"},"image":{"@id":"https:\/\/www.webdo.tn\/fr\/actualite\/regions\/tunisie-coupure-d-eau-dans-plusieurs-localites-de-ben-arous\/217234\/#primaryimage"},"thumbnailUrl":"https:\/\/www.webdo.tn\/fr\/wp-content\/uploads\/2024\/10\/e7c450b3004efc594cf209ae77f39aee.webp","keywords":["ben arous","Coupure d'eau","el mourouj","Sonede"],"articleSection":["regions"],"inLanguage":"fr-FR"},{"@type":"WebPage","@id":"https:\/\/www.webdo.tn\/fr\/actualite\/regions\/tunisie-coupure-d-eau-dans-plusieurs-localites-de-ben-arous\/217234\/","url":"https:\/\/www.webdo.tn\/fr\/actualite\/regions\/tunisie-coupure-d-eau-dans-plusieurs-localites-de-ben-arous\/217234\/","name":"Tunisie : Coupure d'eau dans plusieurs localit\u00e9s de Ben Arous","isPartOf":{"@id":"https:\/\/www.webdo.tn\/fr\/#website"},"primaryImageOfPage":{"@id":"https:\/\/www.webdo.tn\/fr\/actualite\/regions\/tunisie-coupure-d-eau-dans-plusieurs-localites-de-ben-arous\/217234\/#primaryimage"},"image":{"@id":"https:\/\/www.webdo.tn\/fr\/actualite\/regions\/tunisie-coupure-d-eau-dans-plusieurs-localites-de-ben-arous\/217234\/#primaryimage"},"thumbnailUrl":"https:\/\/www.webdo.tn\/fr\/wp-content\/uploads\/2024\/10\/e7c450b3004efc594cf209ae77f39aee.webp","datePublished":"2024-10-28T14:40:00+00:00","dateModified":"2025-05-20T21:47:22+00:00","breadcrumb":{"@id":"https:\/\/www.webdo.tn\/fr\/actualite\/regions\/tunisie-coupure-d-eau-dans-plusieurs-localites-de-ben-arous\/217234\/#breadcrumb"},"inLanguage":"fr-FR","potentialAction":[{"@type":"ReadAction","target":["https:\/\/www.webdo.tn\/fr\/actualite\/regions\/tunisie-coupure-d-eau-dans-plusieurs-localites-de-ben-arous\/217234\/"]}]},{"@type":"ImageObject","inLanguage":"fr-FR","@id":"https:\/\/www.webdo.tn\/fr\/actualite\/regions\/tunisie-coupure-d-eau-dans-plusieurs-localites-de-ben-arous\/217234\/#primaryimage","url":"https:\/\/www.webdo.tn\/fr\/wp-content\/uploads\/2024\/10\/e7c450b3004efc594cf209ae77f39aee.webp","contentUrl":"https:\/\/www.webdo.tn\/fr\/wp-content\/uploads\/2024\/10\/e7c450b3004efc594cf209ae77f39aee.webp","width":750,"height":400,"caption":"Tunisie : Coupure d'eau dans plusieurs localit\u00e9s de Ben Arous"},{"@type":"BreadcrumbList","@id":"https:\/\/www.webdo.tn\/fr\/actualite\/regions\/tunisie-coupure-d-eau-dans-plusieurs-localites-de-ben-arous\/217234\/#breadcrumb","itemListElement":[{"@type":"ListItem","position":1,"name":"Accueil","item":"https:\/\/www.webdo.tn\/fr\/"},{"@type":"ListItem","position":2,"name":"Tunisie : Coupure d&rsquo;eau dans plusieurs localit\u00e9s de Ben Arous"}]},{"@type":"WebSite","@id":"https:\/\/www.webdo.tn\/fr\/#website","url":"https:\/\/www.webdo.tn\/fr\/","name":"webdo","description":"Tunisie - News en Tunisie et \u00e0 l&#039;international sur Webdo.tn","publisher":{"@id":"https:\/\/www.webdo.tn\/fr\/#organization"},"potentialAction":[{"@type":"SearchAction","target":{"@type":"EntryPoint","urlTemplate":"https:\/\/www.webdo.tn\/fr\/?s={search_term_string}"},"query-input":{"@type":"PropertyValueSpecification","valueRequired":true,"valueName":"search_term_string"}}],"inLanguage":"fr-FR"},{"@type":"Organization","@id":"https:\/\/www.webdo.tn\/fr\/#organization","name":"Webdo","alternateName":"Webdo.tn","url":"https:\/\/www.webdo.tn\/fr\/","logo":{"@type":"ImageObject","inLanguage":"fr-FR","@id":"https:\/\/www.webdo.tn\/fr\/#\/schema\/logo\/image\/","url":"https:\/\/www.webdo.tn\/fr\/wp-content\/uploads\/2025\/06\/Webdo-Tunisie_168377.jpg","contentUrl":"https:\/\/www.webdo.tn\/fr\/wp-content\/uploads\/2025\/06\/Webdo-Tunisie_168377.jpg","width":301,"height":301,"caption":"Webdo"},"image":{"@id":"https:\/\/www.webdo.tn\/fr\/#\/schema\/logo\/image\/"},"sameAs":["https:\/\/www.facebook.com\/webdotn","https:\/\/x.com\/webdo_tn"],"description":"Webdo est un m\u00e9dia num\u00e9rique tunisien fond\u00e9 en 2010, sp\u00e9cialis\u00e9 dans l\u2019actualit\u00e9 nationale et internationale, l\u2019\u00e9conomie, la soci\u00e9t\u00e9 et les analyses politiques. Le site s\u2019adresse \u00e0 un large public francophone et couvre l\u2019information tunisienne en temps r\u00e9el.","email":"redac@webdo.tn","legalName":"YNJ SARL","foundingDate":"2010-09-06","numberOfEmployees":{"@type":"QuantitativeValue","minValue":"11","maxValue":"50"}},{"@type":"Person","@id":"https:\/\/www.webdo.tn\/fr\/#\/schema\/person\/2c4929cbf5a809e3bd38617c6ce150f6","name":"MC","image":{"@type":"ImageObject","inLanguage":"fr-FR","@id":"https:\/\/secure.gravatar.com\/avatar\/a545bbb6f84efdd5553dbbc2895e3ca8f1d12c5215e00a041c9670b54aa9b18a?s=96&d=mm&r=g","url":"https:\/\/secure.gravatar.com\/avatar\/a545bbb6f84efdd5553dbbc2895e3ca8f1d12c5215e00a041c9670b54aa9b18a?s=96&d=mm&r=g","contentUrl":"https:\/\/secure.gravatar.com\/avatar\/a545bbb6f84efdd5553dbbc2895e3ca8f1d12c5215e00a041c9670b54aa9b18a?s=96&d=mm&r=g","caption":"MC"},"url":"https:\/\/www.webdo.tn\/fr\/actualite\/author\/mc\/"}]}},"_links":{"self":[{"href":"https:\/\/www.webdo.tn\/fr\/wp-json\/wp\/v2\/posts\/217234","targetHints":{"allow":["GET"]}}],"collection":[{"href":"https:\/\/www.webdo.tn\/fr\/wp-json\/wp\/v2\/posts"}],"about":[{"href":"https:\/\/www.webdo.tn\/fr\/wp-json\/wp\/v2\/types\/post"}],"author":[{"embeddable":true,"href":"https:\/\/www.webdo.tn\/fr\/wp-json\/wp\/v2\/users\/3162"}],"replies":[{"embeddable":true,"href":"https:\/\/www.webdo.tn\/fr\/wp-json\/wp\/v2\/comments?post=217234"}],"version-history":[{"count":0,"href":"https:\/\/www.webdo.tn\/fr\/wp-json\/wp\/v2\/posts\/217234\/revisions"}],"wp:featuredmedia":[{"embeddable":true,"href":"https:\/\/www.webdo.tn\/fr\/wp-json\/wp\/v2\/media\/246248"}],"wp:attachment":[{"href":"https:\/\/www.webdo.tn\/fr\/wp-json\/wp\/v2\/media?parent=217234"}],"wp:term":[{"taxonomy":"category","embeddable":true,"href":"https:\/\/www.webdo.tn\/fr\/wp-json\/wp\/v2\/categories?post=217234"},{"taxonomy":"post_tag","embeddable":true,"href":"https:\/\/www.webdo.tn\/fr\/wp-json\/wp\/v2\/tags?post=217234"}],"curies":[{"name":"wp","href":"https:\/\/api.w.org\/{rel}","templated":true}]}}