{"id":217228,"date":"2024-10-28T10:07:00","date_gmt":"2024-10-28T10:07:00","guid":{"rendered":"https:\/\/www.webdo.tn\/fr\/blog\/musique-florence-kraft-au-nom-de-l-amitie-tuniso-suisse\/217228\/"},"modified":"2025-05-17T20:21:33","modified_gmt":"2025-05-17T20:21:33","slug":"musique-florence-kraft-au-nom-de-l-amitie-tuniso-suisse","status":"publish","type":"post","link":"https:\/\/www.webdo.tn\/fr\/actualite\/culture\/musique-florence-kraft-au-nom-de-l-amitie-tuniso-suisse\/217228\/","title":{"rendered":"Musique &#8211; Florence Kraft : Au nom de l&rsquo;amiti\u00e9 tuniso-suisse"},"content":{"rendered":"<p>\u00c0 la t\u00eate du ch\u0153ur de la cath\u00e9drale Saint-Pierre de Gen\u00e8ve, Florence Kraft vient de  tisser de nouveaux liens symboliques entre la Suisse et la Tunisie.<\/p>\n<p>\t\t\t\t\t\t\t\t\tFlorence Kraft et le ch\u0153ur de la cath\u00e9drale de Gen\u00e8ve ont enchant\u00e9 le public avec une interpr\u00e9tation magistrale du Requiem de Faur\u00e9, samedi dernier, en la cath\u00e9drale de Tunis.<\/p>\n<p>Grande amie de la Tunisie, la directrice du ch\u0153ur genevois a donn\u00e9 toute la mesure du talent de ses instrumentistes et choristes \u00e0 l&rsquo;occasion de l&rsquo;Octobre musical de Carthage.<\/p>\n<p>Avec le soutien de l&rsquo;ambassade de Suisse en Tunisie, de la ville de Gen\u00e8ve et de l&rsquo;Archev\u00each\u00e9 de Tunis, Florence Kraft apporte une nouvelle pierre \u00e0 l&rsquo;\u00e9difice de l&rsquo;amiti\u00e9 tuniso-suisse et des \u00e9changes culturels entre les deux pays.<\/p>\n<p>Devant six cents m\u00e9lomanes r\u00e9unis en la cath\u00e9drale de Tunis, le ch\u0153ur de la cath\u00e9drale de Gen\u00e8ve a brill\u00e9 gr\u00e2ce \u00e0 ses solistes : Alexandre Diakoff (baryton), Carolina Acuna (soprano) et Norberto Broggini (harmonium). Particuli\u00e8rement en verve, le ch\u0153ur et les instrumentistes ont apport\u00e9 un appui magistral aux solistes.<\/p>\n<p>Une soir\u00e9e particuli\u00e8rement r\u00e9ussie qui souligne l&rsquo;engagement de Florence Kraft dans les \u00e9changes culturels entre la Suisse et la Tunisie.<br \/>\nUne grande dame qui vient gr\u00e2ce \u00e0 cette initiative, rallumer la passion de la musique et consolider les ponts qui unissent nos deux pays ainsi que les villes de Gen\u00e8ve et Tunis.<\/p>\n","protected":false},"excerpt":{"rendered":"<p>Florence Kraft et le ch\u0153ur de la cath\u00e9drale de Gen\u00e8ve ont enchant\u00e9 le public avec une interpr\u00e9tation magistrale du Requiem de Faur\u00e9, samedi dernier, en la cath\u00e9&#8230;<\/p>\n","protected":false},"author":3229,"featured_media":246246,"comment_status":"open","ping_status":"closed","sticky":false,"template":"","format":"standard","meta":{"footnotes":""},"categories":[2594],"tags":[2963,5278,5133,3155,2608],"class_list":["post-217228","post","type-post","status-publish","format-standard","has-post-thumbnail","hentry","category-culture","tag-cathedrale-de-tunis","tag-florence-kraft","tag-octobre-musical-de-carthage","tag-suisse","tag-tunisie"],"yoast_head":"<!-- This site is optimized with the Yoast SEO Premium plugin v27.5 (Yoast SEO v27.5) - https:\/\/yoast.com\/product\/yoast-seo-premium-wordpress\/ -->\n<title>Musique - Florence Kraft : Au nom de l&#039;amiti\u00e9 tuniso-suisse<\/title>\n<meta name=\"description\" content=\"Florence Kraft et le ch\u0153ur de la cath\u00e9drale de Gen\u00e8ve ont enchant\u00e9 le public avec une interpr\u00e9tation magistrale du Requiem de Faur\u00e9, samedi dernier, en la cath\u00e9...\" \/>\n<link rel=\"canonical\" href=\"https:\/\/www.webdo.tn\/fr\/actualite\/culture\/musique-florence-kraft-au-nom-de-l-amitie-tuniso-suisse\/217228\/\" \/>\n<meta property=\"og:locale\" content=\"fr_FR\" \/>\n<meta property=\"og:type\" content=\"article\" \/>\n<meta property=\"og:title\" content=\"Musique - Florence Kraft : Au nom de l&#039;amiti\u00e9 tuniso-suisse\" \/>\n<meta property=\"og:description\" content=\"Florence Kraft et le ch\u0153ur de la cath\u00e9drale de Gen\u00e8ve ont enchant\u00e9 le public avec une interpr\u00e9tation magistrale du Requiem de Faur\u00e9, samedi dernier, en la cath\u00e9...\" \/>\n<meta property=\"og:url\" content=\"https:\/\/www.webdo.tn\/fr\/actualite\/culture\/musique-florence-kraft-au-nom-de-l-amitie-tuniso-suisse\/217228\/\" \/>\n<meta property=\"og:site_name\" content=\"webdo\" \/>\n<meta property=\"article:publisher\" content=\"https:\/\/www.facebook.com\/webdotn\" \/>\n<meta property=\"article:author\" content=\"https:\/\/www.facebook.com\/hatem.bourial.2025\" \/>\n<meta property=\"article:published_time\" content=\"2024-10-28T10:07:00+00:00\" \/>\n<meta property=\"article:modified_time\" content=\"2025-05-17T20:21:33+00:00\" \/>\n<meta property=\"og:image\" content=\"https:\/\/www.webdo.tn\/fr\/wp-content\/uploads\/2024\/10\/2c8103c4960020ce76b92b0f1c310cba.webp\" \/>\n\t<meta property=\"og:image:width\" content=\"750\" \/>\n\t<meta property=\"og:image:height\" content=\"400\" \/>\n\t<meta property=\"og:image:type\" content=\"image\/webp\" \/>\n<meta name=\"author\" content=\"Hatem Bourial\" \/>\n<meta name=\"twitter:card\" content=\"summary_large_image\" \/>\n<meta name=\"twitter:creator\" content=\"@webdo_tn\" \/>\n<meta name=\"twitter:site\" content=\"@webdo_tn\" \/>\n<meta name=\"twitter:label1\" content=\"\u00c9crit par\" \/>\n\t<meta name=\"twitter:data1\" content=\"Hatem Bourial\" \/>\n\t<meta name=\"twitter:label2\" content=\"Dur\u00e9e de lecture estim\u00e9e\" \/>\n\t<meta name=\"twitter:data2\" content=\"1 minute\" \/>\n<script type=\"application\/ld+json\" class=\"yoast-schema-graph\">{\"@context\":\"https:\\\/\\\/schema.org\",\"@graph\":[{\"@type\":\"NewsArticle\",\"@id\":\"https:\\\/\\\/www.webdo.tn\\\/fr\\\/actualite\\\/culture\\\/musique-florence-kraft-au-nom-de-l-amitie-tuniso-suisse\\\/217228\\\/#article\",\"isPartOf\":{\"@id\":\"https:\\\/\\\/www.webdo.tn\\\/fr\\\/actualite\\\/culture\\\/musique-florence-kraft-au-nom-de-l-amitie-tuniso-suisse\\\/217228\\\/\"},\"author\":{\"name\":\"Hatem Bourial\",\"@id\":\"https:\\\/\\\/www.webdo.tn\\\/fr\\\/#\\\/schema\\\/person\\\/6bc0beba2cd23aec27cb5df85ca2554f\"},\"headline\":\"Musique &#8211; Florence Kraft : Au nom de l&rsquo;amiti\u00e9 tuniso-suisse\",\"datePublished\":\"2024-10-28T10:07:00+00:00\",\"dateModified\":\"2025-05-17T20:21:33+00:00\",\"mainEntityOfPage\":{\"@id\":\"https:\\\/\\\/www.webdo.tn\\\/fr\\\/actualite\\\/culture\\\/musique-florence-kraft-au-nom-de-l-amitie-tuniso-suisse\\\/217228\\\/\"},\"wordCount\":260,\"commentCount\":0,\"publisher\":{\"@id\":\"https:\\\/\\\/www.webdo.tn\\\/fr\\\/#organization\"},\"image\":{\"@id\":\"https:\\\/\\\/www.webdo.tn\\\/fr\\\/actualite\\\/culture\\\/musique-florence-kraft-au-nom-de-l-amitie-tuniso-suisse\\\/217228\\\/#primaryimage\"},\"thumbnailUrl\":\"https:\\\/\\\/www.webdo.tn\\\/fr\\\/wp-content\\\/uploads\\\/2024\\\/10\\\/2c8103c4960020ce76b92b0f1c310cba.webp\",\"keywords\":[\"Cath\u00e9drale de Tunis\",\"Florence Kraft\",\"Octobre musical de Carthage\",\"suisse\",\"Tunisie\"],\"articleSection\":[\"Culture\"],\"inLanguage\":\"fr-FR\"},{\"@type\":\"WebPage\",\"@id\":\"https:\\\/\\\/www.webdo.tn\\\/fr\\\/actualite\\\/culture\\\/musique-florence-kraft-au-nom-de-l-amitie-tuniso-suisse\\\/217228\\\/\",\"url\":\"https:\\\/\\\/www.webdo.tn\\\/fr\\\/actualite\\\/culture\\\/musique-florence-kraft-au-nom-de-l-amitie-tuniso-suisse\\\/217228\\\/\",\"name\":\"Musique - Florence Kraft : Au nom de l'amiti\u00e9 tuniso-suisse\",\"isPartOf\":{\"@id\":\"https:\\\/\\\/www.webdo.tn\\\/fr\\\/#website\"},\"primaryImageOfPage\":{\"@id\":\"https:\\\/\\\/www.webdo.tn\\\/fr\\\/actualite\\\/culture\\\/musique-florence-kraft-au-nom-de-l-amitie-tuniso-suisse\\\/217228\\\/#primaryimage\"},\"image\":{\"@id\":\"https:\\\/\\\/www.webdo.tn\\\/fr\\\/actualite\\\/culture\\\/musique-florence-kraft-au-nom-de-l-amitie-tuniso-suisse\\\/217228\\\/#primaryimage\"},\"thumbnailUrl\":\"https:\\\/\\\/www.webdo.tn\\\/fr\\\/wp-content\\\/uploads\\\/2024\\\/10\\\/2c8103c4960020ce76b92b0f1c310cba.webp\",\"datePublished\":\"2024-10-28T10:07:00+00:00\",\"dateModified\":\"2025-05-17T20:21:33+00:00\",\"description\":\"Florence Kraft et le ch\u0153ur de la cath\u00e9drale de Gen\u00e8ve ont enchant\u00e9 le public avec une interpr\u00e9tation magistrale du Requiem de Faur\u00e9, samedi dernier, en la cath\u00e9...\",\"breadcrumb\":{\"@id\":\"https:\\\/\\\/www.webdo.tn\\\/fr\\\/actualite\\\/culture\\\/musique-florence-kraft-au-nom-de-l-amitie-tuniso-suisse\\\/217228\\\/#breadcrumb\"},\"inLanguage\":\"fr-FR\",\"potentialAction\":[{\"@type\":\"ReadAction\",\"target\":[\"https:\\\/\\\/www.webdo.tn\\\/fr\\\/actualite\\\/culture\\\/musique-florence-kraft-au-nom-de-l-amitie-tuniso-suisse\\\/217228\\\/\"]}]},{\"@type\":\"ImageObject\",\"inLanguage\":\"fr-FR\",\"@id\":\"https:\\\/\\\/www.webdo.tn\\\/fr\\\/actualite\\\/culture\\\/musique-florence-kraft-au-nom-de-l-amitie-tuniso-suisse\\\/217228\\\/#primaryimage\",\"url\":\"https:\\\/\\\/www.webdo.tn\\\/fr\\\/wp-content\\\/uploads\\\/2024\\\/10\\\/2c8103c4960020ce76b92b0f1c310cba.webp\",\"contentUrl\":\"https:\\\/\\\/www.webdo.tn\\\/fr\\\/wp-content\\\/uploads\\\/2024\\\/10\\\/2c8103c4960020ce76b92b0f1c310cba.webp\",\"width\":750,\"height\":400,\"caption\":\"Musique - Florence Kraft : Au nom de l'amiti\u00e9 tuniso-suisse\"},{\"@type\":\"BreadcrumbList\",\"@id\":\"https:\\\/\\\/www.webdo.tn\\\/fr\\\/actualite\\\/culture\\\/musique-florence-kraft-au-nom-de-l-amitie-tuniso-suisse\\\/217228\\\/#breadcrumb\",\"itemListElement\":[{\"@type\":\"ListItem\",\"position\":1,\"name\":\"Accueil\",\"item\":\"https:\\\/\\\/www.webdo.tn\\\/fr\\\/\"},{\"@type\":\"ListItem\",\"position\":2,\"name\":\"Musique &#8211; Florence Kraft : Au nom de l&rsquo;amiti\u00e9 tuniso-suisse\"}]},{\"@type\":\"WebSite\",\"@id\":\"https:\\\/\\\/www.webdo.tn\\\/fr\\\/#website\",\"url\":\"https:\\\/\\\/www.webdo.tn\\\/fr\\\/\",\"name\":\"webdo\",\"description\":\"Tunisie - News en Tunisie et \u00e0 l&#039;international sur Webdo.tn\",\"publisher\":{\"@id\":\"https:\\\/\\\/www.webdo.tn\\\/fr\\\/#organization\"},\"potentialAction\":[{\"@type\":\"SearchAction\",\"target\":{\"@type\":\"EntryPoint\",\"urlTemplate\":\"https:\\\/\\\/www.webdo.tn\\\/fr\\\/?s={search_term_string}\"},\"query-input\":{\"@type\":\"PropertyValueSpecification\",\"valueRequired\":true,\"valueName\":\"search_term_string\"}}],\"inLanguage\":\"fr-FR\"},{\"@type\":\"Organization\",\"@id\":\"https:\\\/\\\/www.webdo.tn\\\/fr\\\/#organization\",\"name\":\"Webdo\",\"alternateName\":\"Webdo.tn\",\"url\":\"https:\\\/\\\/www.webdo.tn\\\/fr\\\/\",\"logo\":{\"@type\":\"ImageObject\",\"inLanguage\":\"fr-FR\",\"@id\":\"https:\\\/\\\/www.webdo.tn\\\/fr\\\/#\\\/schema\\\/logo\\\/image\\\/\",\"url\":\"https:\\\/\\\/www.webdo.tn\\\/fr\\\/wp-content\\\/uploads\\\/2025\\\/06\\\/Webdo-Tunisie_168377.jpg\",\"contentUrl\":\"https:\\\/\\\/www.webdo.tn\\\/fr\\\/wp-content\\\/uploads\\\/2025\\\/06\\\/Webdo-Tunisie_168377.jpg\",\"width\":301,\"height\":301,\"caption\":\"Webdo\"},\"image\":{\"@id\":\"https:\\\/\\\/www.webdo.tn\\\/fr\\\/#\\\/schema\\\/logo\\\/image\\\/\"},\"sameAs\":[\"https:\\\/\\\/www.facebook.com\\\/webdotn\",\"https:\\\/\\\/x.com\\\/webdo_tn\"],\"description\":\"Webdo est un m\u00e9dia num\u00e9rique tunisien fond\u00e9 en 2010, sp\u00e9cialis\u00e9 dans l\u2019actualit\u00e9 nationale et internationale, l\u2019\u00e9conomie, la soci\u00e9t\u00e9 et les analyses politiques. Le site s\u2019adresse \u00e0 un large public francophone et couvre l\u2019information tunisienne en temps r\u00e9el.\",\"email\":\"redac@webdo.tn\",\"legalName\":\"YNJ SARL\",\"foundingDate\":\"2010-09-06\",\"numberOfEmployees\":{\"@type\":\"QuantitativeValue\",\"minValue\":\"11\",\"maxValue\":\"50\"}},{\"@type\":\"Person\",\"@id\":\"https:\\\/\\\/www.webdo.tn\\\/fr\\\/#\\\/schema\\\/person\\\/6bc0beba2cd23aec27cb5df85ca2554f\",\"name\":\"Hatem Bourial\",\"image\":{\"@type\":\"ImageObject\",\"inLanguage\":\"fr-FR\",\"@id\":\"https:\\\/\\\/www.webdo.tn\\\/fr\\\/wp-content\\\/uploads\\\/2026\\\/04\\\/hatem-bourial_avatar-96x96.jpg\",\"url\":\"https:\\\/\\\/www.webdo.tn\\\/fr\\\/wp-content\\\/uploads\\\/2026\\\/04\\\/hatem-bourial_avatar-96x96.jpg\",\"contentUrl\":\"https:\\\/\\\/www.webdo.tn\\\/fr\\\/wp-content\\\/uploads\\\/2026\\\/04\\\/hatem-bourial_avatar-96x96.jpg\",\"caption\":\"Hatem Bourial\"},\"description\":\"Hatem Bourial est journaliste, \u00e9crivain et chroniqueur tunisien. Actif depuis plusieurs d\u00e9cennies, il s\u2019est impos\u00e9 comme un observateur attentif de la soci\u00e9t\u00e9 tunisienne, m\u00ealant dans ses \u00e9crits m\u00e9moire, culture et analyse du quotidien. Auteur de nombreux ouvrages, il d\u00e9veloppe une \u0153uvre \u00e0 la crois\u00e9e du r\u00e9cit, de la po\u00e9sie et de l\u2019observation sociologique. Parall\u00e8lement \u00e0 ses contributions dans la presse, il intervient r\u00e9guli\u00e8rement \u00e0 la radio et dans des espaces culturels, o\u00f9 il explore les enjeux li\u00e9s au patrimoine, \u00e0 l\u2019identit\u00e9 et aux transformations du monde contemporain. \u00c0 travers ses chroniques, Hatem Bourial propose une lecture sensible et approfondie de l\u2019actualit\u00e9, nourrie par une exp\u00e9rience journalistique et litt\u00e9raire reconnue. \ud83d\udd17 Facebook : https:\\\/\\\/www.facebook.com\\\/hatem.bourial.2025\",\"sameAs\":[\"https:\\\/\\\/www.facebook.com\\\/hatem.bourial.2025\",\"https:\\\/\\\/fr.wikipedia.org\\\/wiki\\\/Fichier:Hatem_Bourial.jpg\"],\"knowsAbout\":[\"Culture & patrimoine tunisien\",\"Chronique soci\u00e9tale\",\"Litt\u00e9rature & m\u00e9moire\",\"Cin\u00e9ma & critique culturelle\",\"Identit\u00e9 & mutations sociales\"],\"knowsLanguage\":[\"Arabe\",\"Fran\u00e7ais\",\"Anglais\",\"Italien\",\"Polonais\"],\"jobTitle\":\"Journaliste, \u00e9crivain et chroniqueur culturel\",\"worksFor\":\"Webdo\",\"url\":\"https:\\\/\\\/www.webdo.tn\\\/fr\\\/actualite\\\/author\\\/hatem-bourial-2\\\/\"}]}<\/script>\n<!-- \/ Yoast SEO Premium plugin. -->","yoast_head_json":{"title":"Musique - Florence Kraft : Au nom de l'amiti\u00e9 tuniso-suisse","description":"Florence Kraft et le ch\u0153ur de la cath\u00e9drale de Gen\u00e8ve ont enchant\u00e9 le public avec une interpr\u00e9tation magistrale du Requiem de Faur\u00e9, samedi dernier, en la cath\u00e9...","canonical":"https:\/\/www.webdo.tn\/fr\/actualite\/culture\/musique-florence-kraft-au-nom-de-l-amitie-tuniso-suisse\/217228\/","og_locale":"fr_FR","og_type":"article","og_title":"Musique - Florence Kraft : Au nom de l'amiti\u00e9 tuniso-suisse","og_description":"Florence Kraft et le ch\u0153ur de la cath\u00e9drale de Gen\u00e8ve ont enchant\u00e9 le public avec une interpr\u00e9tation magistrale du Requiem de Faur\u00e9, samedi dernier, en la cath\u00e9...","og_url":"https:\/\/www.webdo.tn\/fr\/actualite\/culture\/musique-florence-kraft-au-nom-de-l-amitie-tuniso-suisse\/217228\/","og_site_name":"webdo","article_publisher":"https:\/\/www.facebook.com\/webdotn","article_author":"https:\/\/www.facebook.com\/hatem.bourial.2025","article_published_time":"2024-10-28T10:07:00+00:00","article_modified_time":"2025-05-17T20:21:33+00:00","og_image":[{"width":750,"height":400,"url":"https:\/\/www.webdo.tn\/fr\/wp-content\/uploads\/2024\/10\/2c8103c4960020ce76b92b0f1c310cba.webp","type":"image\/webp"}],"author":"Hatem Bourial","twitter_card":"summary_large_image","twitter_creator":"@webdo_tn","twitter_site":"@webdo_tn","twitter_misc":{"\u00c9crit par":"Hatem Bourial","Dur\u00e9e de lecture estim\u00e9e":"1 minute"},"schema":{"@context":"https:\/\/schema.org","@graph":[{"@type":"NewsArticle","@id":"https:\/\/www.webdo.tn\/fr\/actualite\/culture\/musique-florence-kraft-au-nom-de-l-amitie-tuniso-suisse\/217228\/#article","isPartOf":{"@id":"https:\/\/www.webdo.tn\/fr\/actualite\/culture\/musique-florence-kraft-au-nom-de-l-amitie-tuniso-suisse\/217228\/"},"author":{"name":"Hatem Bourial","@id":"https:\/\/www.webdo.tn\/fr\/#\/schema\/person\/6bc0beba2cd23aec27cb5df85ca2554f"},"headline":"Musique &#8211; Florence Kraft : Au nom de l&rsquo;amiti\u00e9 tuniso-suisse","datePublished":"2024-10-28T10:07:00+00:00","dateModified":"2025-05-17T20:21:33+00:00","mainEntityOfPage":{"@id":"https:\/\/www.webdo.tn\/fr\/actualite\/culture\/musique-florence-kraft-au-nom-de-l-amitie-tuniso-suisse\/217228\/"},"wordCount":260,"commentCount":0,"publisher":{"@id":"https:\/\/www.webdo.tn\/fr\/#organization"},"image":{"@id":"https:\/\/www.webdo.tn\/fr\/actualite\/culture\/musique-florence-kraft-au-nom-de-l-amitie-tuniso-suisse\/217228\/#primaryimage"},"thumbnailUrl":"https:\/\/www.webdo.tn\/fr\/wp-content\/uploads\/2024\/10\/2c8103c4960020ce76b92b0f1c310cba.webp","keywords":["Cath\u00e9drale de Tunis","Florence Kraft","Octobre musical de Carthage","suisse","Tunisie"],"articleSection":["Culture"],"inLanguage":"fr-FR"},{"@type":"WebPage","@id":"https:\/\/www.webdo.tn\/fr\/actualite\/culture\/musique-florence-kraft-au-nom-de-l-amitie-tuniso-suisse\/217228\/","url":"https:\/\/www.webdo.tn\/fr\/actualite\/culture\/musique-florence-kraft-au-nom-de-l-amitie-tuniso-suisse\/217228\/","name":"Musique - Florence Kraft : Au nom de l'amiti\u00e9 tuniso-suisse","isPartOf":{"@id":"https:\/\/www.webdo.tn\/fr\/#website"},"primaryImageOfPage":{"@id":"https:\/\/www.webdo.tn\/fr\/actualite\/culture\/musique-florence-kraft-au-nom-de-l-amitie-tuniso-suisse\/217228\/#primaryimage"},"image":{"@id":"https:\/\/www.webdo.tn\/fr\/actualite\/culture\/musique-florence-kraft-au-nom-de-l-amitie-tuniso-suisse\/217228\/#primaryimage"},"thumbnailUrl":"https:\/\/www.webdo.tn\/fr\/wp-content\/uploads\/2024\/10\/2c8103c4960020ce76b92b0f1c310cba.webp","datePublished":"2024-10-28T10:07:00+00:00","dateModified":"2025-05-17T20:21:33+00:00","description":"Florence Kraft et le ch\u0153ur de la cath\u00e9drale de Gen\u00e8ve ont enchant\u00e9 le public avec une interpr\u00e9tation magistrale du Requiem de Faur\u00e9, samedi dernier, en la cath\u00e9...","breadcrumb":{"@id":"https:\/\/www.webdo.tn\/fr\/actualite\/culture\/musique-florence-kraft-au-nom-de-l-amitie-tuniso-suisse\/217228\/#breadcrumb"},"inLanguage":"fr-FR","potentialAction":[{"@type":"ReadAction","target":["https:\/\/www.webdo.tn\/fr\/actualite\/culture\/musique-florence-kraft-au-nom-de-l-amitie-tuniso-suisse\/217228\/"]}]},{"@type":"ImageObject","inLanguage":"fr-FR","@id":"https:\/\/www.webdo.tn\/fr\/actualite\/culture\/musique-florence-kraft-au-nom-de-l-amitie-tuniso-suisse\/217228\/#primaryimage","url":"https:\/\/www.webdo.tn\/fr\/wp-content\/uploads\/2024\/10\/2c8103c4960020ce76b92b0f1c310cba.webp","contentUrl":"https:\/\/www.webdo.tn\/fr\/wp-content\/uploads\/2024\/10\/2c8103c4960020ce76b92b0f1c310cba.webp","width":750,"height":400,"caption":"Musique - Florence Kraft : Au nom de l'amiti\u00e9 tuniso-suisse"},{"@type":"BreadcrumbList","@id":"https:\/\/www.webdo.tn\/fr\/actualite\/culture\/musique-florence-kraft-au-nom-de-l-amitie-tuniso-suisse\/217228\/#breadcrumb","itemListElement":[{"@type":"ListItem","position":1,"name":"Accueil","item":"https:\/\/www.webdo.tn\/fr\/"},{"@type":"ListItem","position":2,"name":"Musique &#8211; Florence Kraft : Au nom de l&rsquo;amiti\u00e9 tuniso-suisse"}]},{"@type":"WebSite","@id":"https:\/\/www.webdo.tn\/fr\/#website","url":"https:\/\/www.webdo.tn\/fr\/","name":"webdo","description":"Tunisie - News en Tunisie et \u00e0 l&#039;international sur Webdo.tn","publisher":{"@id":"https:\/\/www.webdo.tn\/fr\/#organization"},"potentialAction":[{"@type":"SearchAction","target":{"@type":"EntryPoint","urlTemplate":"https:\/\/www.webdo.tn\/fr\/?s={search_term_string}"},"query-input":{"@type":"PropertyValueSpecification","valueRequired":true,"valueName":"search_term_string"}}],"inLanguage":"fr-FR"},{"@type":"Organization","@id":"https:\/\/www.webdo.tn\/fr\/#organization","name":"Webdo","alternateName":"Webdo.tn","url":"https:\/\/www.webdo.tn\/fr\/","logo":{"@type":"ImageObject","inLanguage":"fr-FR","@id":"https:\/\/www.webdo.tn\/fr\/#\/schema\/logo\/image\/","url":"https:\/\/www.webdo.tn\/fr\/wp-content\/uploads\/2025\/06\/Webdo-Tunisie_168377.jpg","contentUrl":"https:\/\/www.webdo.tn\/fr\/wp-content\/uploads\/2025\/06\/Webdo-Tunisie_168377.jpg","width":301,"height":301,"caption":"Webdo"},"image":{"@id":"https:\/\/www.webdo.tn\/fr\/#\/schema\/logo\/image\/"},"sameAs":["https:\/\/www.facebook.com\/webdotn","https:\/\/x.com\/webdo_tn"],"description":"Webdo est un m\u00e9dia num\u00e9rique tunisien fond\u00e9 en 2010, sp\u00e9cialis\u00e9 dans l\u2019actualit\u00e9 nationale et internationale, l\u2019\u00e9conomie, la soci\u00e9t\u00e9 et les analyses politiques. Le site s\u2019adresse \u00e0 un large public francophone et couvre l\u2019information tunisienne en temps r\u00e9el.","email":"redac@webdo.tn","legalName":"YNJ SARL","foundingDate":"2010-09-06","numberOfEmployees":{"@type":"QuantitativeValue","minValue":"11","maxValue":"50"}},{"@type":"Person","@id":"https:\/\/www.webdo.tn\/fr\/#\/schema\/person\/6bc0beba2cd23aec27cb5df85ca2554f","name":"Hatem Bourial","image":{"@type":"ImageObject","inLanguage":"fr-FR","@id":"https:\/\/www.webdo.tn\/fr\/wp-content\/uploads\/2026\/04\/hatem-bourial_avatar-96x96.jpg","url":"https:\/\/www.webdo.tn\/fr\/wp-content\/uploads\/2026\/04\/hatem-bourial_avatar-96x96.jpg","contentUrl":"https:\/\/www.webdo.tn\/fr\/wp-content\/uploads\/2026\/04\/hatem-bourial_avatar-96x96.jpg","caption":"Hatem Bourial"},"description":"Hatem Bourial est journaliste, \u00e9crivain et chroniqueur tunisien. Actif depuis plusieurs d\u00e9cennies, il s\u2019est impos\u00e9 comme un observateur attentif de la soci\u00e9t\u00e9 tunisienne, m\u00ealant dans ses \u00e9crits m\u00e9moire, culture et analyse du quotidien. Auteur de nombreux ouvrages, il d\u00e9veloppe une \u0153uvre \u00e0 la crois\u00e9e du r\u00e9cit, de la po\u00e9sie et de l\u2019observation sociologique. Parall\u00e8lement \u00e0 ses contributions dans la presse, il intervient r\u00e9guli\u00e8rement \u00e0 la radio et dans des espaces culturels, o\u00f9 il explore les enjeux li\u00e9s au patrimoine, \u00e0 l\u2019identit\u00e9 et aux transformations du monde contemporain. \u00c0 travers ses chroniques, Hatem Bourial propose une lecture sensible et approfondie de l\u2019actualit\u00e9, nourrie par une exp\u00e9rience journalistique et litt\u00e9raire reconnue. \ud83d\udd17 Facebook : https:\/\/www.facebook.com\/hatem.bourial.2025","sameAs":["https:\/\/www.facebook.com\/hatem.bourial.2025","https:\/\/fr.wikipedia.org\/wiki\/Fichier:Hatem_Bourial.jpg"],"knowsAbout":["Culture & patrimoine tunisien","Chronique soci\u00e9tale","Litt\u00e9rature & m\u00e9moire","Cin\u00e9ma & critique culturelle","Identit\u00e9 & mutations sociales"],"knowsLanguage":["Arabe","Fran\u00e7ais","Anglais","Italien","Polonais"],"jobTitle":"Journaliste, \u00e9crivain et chroniqueur culturel","worksFor":"Webdo","url":"https:\/\/www.webdo.tn\/fr\/actualite\/author\/hatem-bourial-2\/"}]}},"_links":{"self":[{"href":"https:\/\/www.webdo.tn\/fr\/wp-json\/wp\/v2\/posts\/217228","targetHints":{"allow":["GET"]}}],"collection":[{"href":"https:\/\/www.webdo.tn\/fr\/wp-json\/wp\/v2\/posts"}],"about":[{"href":"https:\/\/www.webdo.tn\/fr\/wp-json\/wp\/v2\/types\/post"}],"author":[{"embeddable":true,"href":"https:\/\/www.webdo.tn\/fr\/wp-json\/wp\/v2\/users\/3229"}],"replies":[{"embeddable":true,"href":"https:\/\/www.webdo.tn\/fr\/wp-json\/wp\/v2\/comments?post=217228"}],"version-history":[{"count":0,"href":"https:\/\/www.webdo.tn\/fr\/wp-json\/wp\/v2\/posts\/217228\/revisions"}],"wp:featuredmedia":[{"embeddable":true,"href":"https:\/\/www.webdo.tn\/fr\/wp-json\/wp\/v2\/media\/246246"}],"wp:attachment":[{"href":"https:\/\/www.webdo.tn\/fr\/wp-json\/wp\/v2\/media?parent=217228"}],"wp:term":[{"taxonomy":"category","embeddable":true,"href":"https:\/\/www.webdo.tn\/fr\/wp-json\/wp\/v2\/categories?post=217228"},{"taxonomy":"post_tag","embeddable":true,"href":"https:\/\/www.webdo.tn\/fr\/wp-json\/wp\/v2\/tags?post=217228"}],"curies":[{"name":"wp","href":"https:\/\/api.w.org\/{rel}","templated":true}]}}