{"id":217221,"date":"2024-10-28T08:47:00","date_gmt":"2024-10-28T08:47:00","guid":{"rendered":"https:\/\/www.webdo.tn\/fr\/blog\/tunisie-patrimoine-la-cathedrale-de-carthage-est-de-nouveau-fermee\/217221\/"},"modified":"2025-05-17T20:21:30","modified_gmt":"2025-05-17T20:21:30","slug":"tunisie-patrimoine-la-cathedrale-de-carthage-est-de-nouveau-fermee","status":"publish","type":"post","link":"https:\/\/www.webdo.tn\/fr\/actualite\/chroniques\/tunisie-patrimoine-la-cathedrale-de-carthage-est-de-nouveau-fermee\/217221\/","title":{"rendered":"Tunisie &#8211; Patrimoine : La cath\u00e9drale de Carthage est de nouveau ferm\u00e9e"},"content":{"rendered":"<p>Apr\u00e8s une r\u00e9ouverture \u00ab\u00a0partielle et provisoire\u00a0\u00bb qui aura dur\u00e9 sept mois, l&rsquo;ancienne cath\u00e9drale Saint-Louis de Carthage vient de refermer ses portes.<\/p>\n<p>\t\t\t\t\t\t\t\t\t\u00c9difi\u00e9e \u00e0 la fin du dix-neuvi\u00e8me si\u00e8cle, ferm\u00e9e en 1964, la cath\u00e9drale Saint-Louis se trouve en haut de la colline de Byrsa \u00e0 Carthage.<\/p>\n<p>Apr\u00e8s une fermeture d&rsquo;une trentaine d&rsquo;ann\u00e9es, cet ancien \u00e9difice religieux sera repris par Mustapha El Okby, un entrepreneur culturel qui y avait cr\u00e9\u00e9 et install\u00e9 l&rsquo;Acropolium de Carthage jusqu&rsquo;\u00e0 la fin de la concession qui le liait au minist\u00e8re des Affaires culturelles.<\/p>\n<p>De nouveau ferm\u00e9e pour plusieurs ann\u00e9es, l&rsquo;ancienne cath\u00e9drale a rouvert ses portes le 8 mars 2024. A cette occasion, les visiteurs du site de Carthage ont eu la possibilit\u00e9 de d\u00e9couvrir les espaces de cet ancien \u00e9difice.<\/p>\n<p>Toutefois, depuis une semaine, la cath\u00e9drale a de nouveau portes closes et la raison invoqu\u00e9e consiste en des travaux qui viennent de commencer.<\/p>\n<p>Finalement, l&rsquo;ouverture aura \u00e9t\u00e9 bien \u00e9ph\u00e9m\u00e8re et n&rsquo;aura dur\u00e9 que sept mois. Reste \u00e0 savoir si le public pourra revisiter prochainement cet \u00e9difice ou bien devra attendre l&rsquo;horizon 2027, date pr\u00e9vue pour la r\u00e9ouverture compl\u00e8te du mus\u00e9e national de Carthage auquel ce b\u00e2timent historique a \u00e9t\u00e9 int\u00e9gr\u00e9.<\/p>\n","protected":false},"excerpt":{"rendered":"<p>Apr\u00e8s une r\u00e9ouverture  partielle et provisoire  qui aura dur\u00e9 sept mois, l&rsquo;ancienne cath\u00e9drale Saint-Louis de Carthage vient de refermer ses portes. La cath\u00e9dra&#8230;<\/p>\n","protected":false},"author":3229,"featured_media":246239,"comment_status":"open","ping_status":"closed","sticky":false,"template":"","format":"standard","meta":{"footnotes":""},"categories":[2596],"tags":[5271,3328,3392,2640,2608],"class_list":["post-217221","post","type-post","status-publish","format-standard","has-post-thumbnail","hentry","category-chroniques","tag-cathedrale-de-carthage","tag-musee","tag-patrimoine","tag-tunis","tag-tunisie"],"yoast_head":"<!-- This site is optimized with the Yoast SEO Premium plugin v27.5 (Yoast SEO v27.5) - https:\/\/yoast.com\/product\/yoast-seo-premium-wordpress\/ -->\n<title>Tunisie - Patrimoine : La cath\u00e9drale de Carthage est de nouveau ferm\u00e9e<\/title>\n<meta name=\"description\" content=\"Apr\u00e8s une r\u00e9ouverture partielle et provisoire qui aura dur\u00e9 sept mois, l&#039;ancienne cath\u00e9drale Saint-Louis de Carthage vient de refermer ses portes. La cath\u00e9dra...\" \/>\n<link rel=\"canonical\" href=\"https:\/\/www.webdo.tn\/fr\/actualite\/chroniques\/tunisie-patrimoine-la-cathedrale-de-carthage-est-de-nouveau-fermee\/217221\/\" \/>\n<meta property=\"og:locale\" content=\"fr_FR\" \/>\n<meta property=\"og:type\" content=\"article\" \/>\n<meta property=\"og:title\" content=\"Tunisie - Patrimoine : La cath\u00e9drale de Carthage est de nouveau ferm\u00e9e\" \/>\n<meta property=\"og:description\" content=\"Apr\u00e8s une r\u00e9ouverture partielle et provisoire qui aura dur\u00e9 sept mois, l&#039;ancienne cath\u00e9drale Saint-Louis de Carthage vient de refermer ses portes. La cath\u00e9dra...\" \/>\n<meta property=\"og:url\" content=\"https:\/\/www.webdo.tn\/fr\/actualite\/chroniques\/tunisie-patrimoine-la-cathedrale-de-carthage-est-de-nouveau-fermee\/217221\/\" \/>\n<meta property=\"og:site_name\" content=\"webdo\" \/>\n<meta property=\"article:publisher\" content=\"https:\/\/www.facebook.com\/webdotn\" \/>\n<meta property=\"article:author\" content=\"https:\/\/www.facebook.com\/hatem.bourial.2025\" \/>\n<meta property=\"article:published_time\" content=\"2024-10-28T08:47:00+00:00\" \/>\n<meta property=\"article:modified_time\" content=\"2025-05-17T20:21:30+00:00\" \/>\n<meta property=\"og:image\" content=\"https:\/\/www.webdo.tn\/fr\/wp-content\/uploads\/2024\/10\/c04fb6857d5233ff45ebe05a7df9ca8a.webp\" \/>\n\t<meta property=\"og:image:width\" content=\"750\" \/>\n\t<meta property=\"og:image:height\" content=\"400\" \/>\n\t<meta property=\"og:image:type\" content=\"image\/webp\" \/>\n<meta name=\"author\" content=\"Hatem Bourial\" \/>\n<meta name=\"twitter:card\" content=\"summary_large_image\" \/>\n<meta name=\"twitter:creator\" content=\"@webdo_tn\" \/>\n<meta name=\"twitter:site\" content=\"@webdo_tn\" \/>\n<meta name=\"twitter:label1\" content=\"\u00c9crit par\" \/>\n\t<meta name=\"twitter:data1\" content=\"Hatem Bourial\" \/>\n\t<meta name=\"twitter:label2\" content=\"Dur\u00e9e de lecture estim\u00e9e\" \/>\n\t<meta name=\"twitter:data2\" content=\"1 minute\" \/>\n<script type=\"application\/ld+json\" class=\"yoast-schema-graph\">{\"@context\":\"https:\\\/\\\/schema.org\",\"@graph\":[{\"@type\":\"NewsArticle\",\"@id\":\"https:\\\/\\\/www.webdo.tn\\\/fr\\\/actualite\\\/chroniques\\\/tunisie-patrimoine-la-cathedrale-de-carthage-est-de-nouveau-fermee\\\/217221\\\/#article\",\"isPartOf\":{\"@id\":\"https:\\\/\\\/www.webdo.tn\\\/fr\\\/actualite\\\/chroniques\\\/tunisie-patrimoine-la-cathedrale-de-carthage-est-de-nouveau-fermee\\\/217221\\\/\"},\"author\":{\"name\":\"Hatem Bourial\",\"@id\":\"https:\\\/\\\/www.webdo.tn\\\/fr\\\/#\\\/schema\\\/person\\\/6bc0beba2cd23aec27cb5df85ca2554f\"},\"headline\":\"Tunisie &#8211; Patrimoine : La cath\u00e9drale de Carthage est de nouveau ferm\u00e9e\",\"datePublished\":\"2024-10-28T08:47:00+00:00\",\"dateModified\":\"2025-05-17T20:21:30+00:00\",\"mainEntityOfPage\":{\"@id\":\"https:\\\/\\\/www.webdo.tn\\\/fr\\\/actualite\\\/chroniques\\\/tunisie-patrimoine-la-cathedrale-de-carthage-est-de-nouveau-fermee\\\/217221\\\/\"},\"wordCount\":233,\"commentCount\":0,\"publisher\":{\"@id\":\"https:\\\/\\\/www.webdo.tn\\\/fr\\\/#organization\"},\"image\":{\"@id\":\"https:\\\/\\\/www.webdo.tn\\\/fr\\\/actualite\\\/chroniques\\\/tunisie-patrimoine-la-cathedrale-de-carthage-est-de-nouveau-fermee\\\/217221\\\/#primaryimage\"},\"thumbnailUrl\":\"https:\\\/\\\/www.webdo.tn\\\/fr\\\/wp-content\\\/uploads\\\/2024\\\/10\\\/c04fb6857d5233ff45ebe05a7df9ca8a.webp\",\"keywords\":[\"cath\u00e9drale de carthage\",\"mus\u00e9e\",\"patrimoine\",\"Tunis\",\"Tunisie\"],\"articleSection\":[\"Chroniques\"],\"inLanguage\":\"fr-FR\"},{\"@type\":\"WebPage\",\"@id\":\"https:\\\/\\\/www.webdo.tn\\\/fr\\\/actualite\\\/chroniques\\\/tunisie-patrimoine-la-cathedrale-de-carthage-est-de-nouveau-fermee\\\/217221\\\/\",\"url\":\"https:\\\/\\\/www.webdo.tn\\\/fr\\\/actualite\\\/chroniques\\\/tunisie-patrimoine-la-cathedrale-de-carthage-est-de-nouveau-fermee\\\/217221\\\/\",\"name\":\"Tunisie - Patrimoine : La cath\u00e9drale de Carthage est de nouveau ferm\u00e9e\",\"isPartOf\":{\"@id\":\"https:\\\/\\\/www.webdo.tn\\\/fr\\\/#website\"},\"primaryImageOfPage\":{\"@id\":\"https:\\\/\\\/www.webdo.tn\\\/fr\\\/actualite\\\/chroniques\\\/tunisie-patrimoine-la-cathedrale-de-carthage-est-de-nouveau-fermee\\\/217221\\\/#primaryimage\"},\"image\":{\"@id\":\"https:\\\/\\\/www.webdo.tn\\\/fr\\\/actualite\\\/chroniques\\\/tunisie-patrimoine-la-cathedrale-de-carthage-est-de-nouveau-fermee\\\/217221\\\/#primaryimage\"},\"thumbnailUrl\":\"https:\\\/\\\/www.webdo.tn\\\/fr\\\/wp-content\\\/uploads\\\/2024\\\/10\\\/c04fb6857d5233ff45ebe05a7df9ca8a.webp\",\"datePublished\":\"2024-10-28T08:47:00+00:00\",\"dateModified\":\"2025-05-17T20:21:30+00:00\",\"description\":\"Apr\u00e8s une r\u00e9ouverture partielle et provisoire qui aura dur\u00e9 sept mois, l'ancienne cath\u00e9drale Saint-Louis de Carthage vient de refermer ses portes. La cath\u00e9dra...\",\"breadcrumb\":{\"@id\":\"https:\\\/\\\/www.webdo.tn\\\/fr\\\/actualite\\\/chroniques\\\/tunisie-patrimoine-la-cathedrale-de-carthage-est-de-nouveau-fermee\\\/217221\\\/#breadcrumb\"},\"inLanguage\":\"fr-FR\",\"potentialAction\":[{\"@type\":\"ReadAction\",\"target\":[\"https:\\\/\\\/www.webdo.tn\\\/fr\\\/actualite\\\/chroniques\\\/tunisie-patrimoine-la-cathedrale-de-carthage-est-de-nouveau-fermee\\\/217221\\\/\"]}]},{\"@type\":\"ImageObject\",\"inLanguage\":\"fr-FR\",\"@id\":\"https:\\\/\\\/www.webdo.tn\\\/fr\\\/actualite\\\/chroniques\\\/tunisie-patrimoine-la-cathedrale-de-carthage-est-de-nouveau-fermee\\\/217221\\\/#primaryimage\",\"url\":\"https:\\\/\\\/www.webdo.tn\\\/fr\\\/wp-content\\\/uploads\\\/2024\\\/10\\\/c04fb6857d5233ff45ebe05a7df9ca8a.webp\",\"contentUrl\":\"https:\\\/\\\/www.webdo.tn\\\/fr\\\/wp-content\\\/uploads\\\/2024\\\/10\\\/c04fb6857d5233ff45ebe05a7df9ca8a.webp\",\"width\":750,\"height\":400,\"caption\":\"Tunisie - Patrimoine : La cath\u00e9drale de Carthage est de nouveau ferm\u00e9e\"},{\"@type\":\"BreadcrumbList\",\"@id\":\"https:\\\/\\\/www.webdo.tn\\\/fr\\\/actualite\\\/chroniques\\\/tunisie-patrimoine-la-cathedrale-de-carthage-est-de-nouveau-fermee\\\/217221\\\/#breadcrumb\",\"itemListElement\":[{\"@type\":\"ListItem\",\"position\":1,\"name\":\"Accueil\",\"item\":\"https:\\\/\\\/www.webdo.tn\\\/fr\\\/\"},{\"@type\":\"ListItem\",\"position\":2,\"name\":\"Tunisie &#8211; Patrimoine : La cath\u00e9drale de Carthage est de nouveau ferm\u00e9e\"}]},{\"@type\":\"WebSite\",\"@id\":\"https:\\\/\\\/www.webdo.tn\\\/fr\\\/#website\",\"url\":\"https:\\\/\\\/www.webdo.tn\\\/fr\\\/\",\"name\":\"webdo\",\"description\":\"Tunisie - News en Tunisie et \u00e0 l&#039;international sur Webdo.tn\",\"publisher\":{\"@id\":\"https:\\\/\\\/www.webdo.tn\\\/fr\\\/#organization\"},\"potentialAction\":[{\"@type\":\"SearchAction\",\"target\":{\"@type\":\"EntryPoint\",\"urlTemplate\":\"https:\\\/\\\/www.webdo.tn\\\/fr\\\/?s={search_term_string}\"},\"query-input\":{\"@type\":\"PropertyValueSpecification\",\"valueRequired\":true,\"valueName\":\"search_term_string\"}}],\"inLanguage\":\"fr-FR\"},{\"@type\":\"Organization\",\"@id\":\"https:\\\/\\\/www.webdo.tn\\\/fr\\\/#organization\",\"name\":\"Webdo\",\"alternateName\":\"Webdo.tn\",\"url\":\"https:\\\/\\\/www.webdo.tn\\\/fr\\\/\",\"logo\":{\"@type\":\"ImageObject\",\"inLanguage\":\"fr-FR\",\"@id\":\"https:\\\/\\\/www.webdo.tn\\\/fr\\\/#\\\/schema\\\/logo\\\/image\\\/\",\"url\":\"https:\\\/\\\/www.webdo.tn\\\/fr\\\/wp-content\\\/uploads\\\/2025\\\/06\\\/Webdo-Tunisie_168377.jpg\",\"contentUrl\":\"https:\\\/\\\/www.webdo.tn\\\/fr\\\/wp-content\\\/uploads\\\/2025\\\/06\\\/Webdo-Tunisie_168377.jpg\",\"width\":301,\"height\":301,\"caption\":\"Webdo\"},\"image\":{\"@id\":\"https:\\\/\\\/www.webdo.tn\\\/fr\\\/#\\\/schema\\\/logo\\\/image\\\/\"},\"sameAs\":[\"https:\\\/\\\/www.facebook.com\\\/webdotn\",\"https:\\\/\\\/x.com\\\/webdo_tn\"],\"description\":\"Webdo est un m\u00e9dia num\u00e9rique tunisien fond\u00e9 en 2010, sp\u00e9cialis\u00e9 dans l\u2019actualit\u00e9 nationale et internationale, l\u2019\u00e9conomie, la soci\u00e9t\u00e9 et les analyses politiques. Le site s\u2019adresse \u00e0 un large public francophone et couvre l\u2019information tunisienne en temps r\u00e9el.\",\"email\":\"redac@webdo.tn\",\"legalName\":\"YNJ SARL\",\"foundingDate\":\"2010-09-06\",\"numberOfEmployees\":{\"@type\":\"QuantitativeValue\",\"minValue\":\"11\",\"maxValue\":\"50\"}},{\"@type\":\"Person\",\"@id\":\"https:\\\/\\\/www.webdo.tn\\\/fr\\\/#\\\/schema\\\/person\\\/6bc0beba2cd23aec27cb5df85ca2554f\",\"name\":\"Hatem Bourial\",\"image\":{\"@type\":\"ImageObject\",\"inLanguage\":\"fr-FR\",\"@id\":\"https:\\\/\\\/www.webdo.tn\\\/fr\\\/wp-content\\\/uploads\\\/2026\\\/04\\\/hatem-bourial_avatar-96x96.jpg\",\"url\":\"https:\\\/\\\/www.webdo.tn\\\/fr\\\/wp-content\\\/uploads\\\/2026\\\/04\\\/hatem-bourial_avatar-96x96.jpg\",\"contentUrl\":\"https:\\\/\\\/www.webdo.tn\\\/fr\\\/wp-content\\\/uploads\\\/2026\\\/04\\\/hatem-bourial_avatar-96x96.jpg\",\"caption\":\"Hatem Bourial\"},\"description\":\"Hatem Bourial est journaliste, \u00e9crivain et chroniqueur tunisien. Actif depuis plusieurs d\u00e9cennies, il s\u2019est impos\u00e9 comme un observateur attentif de la soci\u00e9t\u00e9 tunisienne, m\u00ealant dans ses \u00e9crits m\u00e9moire, culture et analyse du quotidien. Auteur de nombreux ouvrages, il d\u00e9veloppe une \u0153uvre \u00e0 la crois\u00e9e du r\u00e9cit, de la po\u00e9sie et de l\u2019observation sociologique. Parall\u00e8lement \u00e0 ses contributions dans la presse, il intervient r\u00e9guli\u00e8rement \u00e0 la radio et dans des espaces culturels, o\u00f9 il explore les enjeux li\u00e9s au patrimoine, \u00e0 l\u2019identit\u00e9 et aux transformations du monde contemporain. \u00c0 travers ses chroniques, Hatem Bourial propose une lecture sensible et approfondie de l\u2019actualit\u00e9, nourrie par une exp\u00e9rience journalistique et litt\u00e9raire reconnue. \ud83d\udd17 Facebook : https:\\\/\\\/www.facebook.com\\\/hatem.bourial.2025\",\"sameAs\":[\"https:\\\/\\\/www.facebook.com\\\/hatem.bourial.2025\",\"https:\\\/\\\/fr.wikipedia.org\\\/wiki\\\/Fichier:Hatem_Bourial.jpg\"],\"knowsAbout\":[\"Culture & patrimoine tunisien\",\"Chronique soci\u00e9tale\",\"Litt\u00e9rature & m\u00e9moire\",\"Cin\u00e9ma & critique culturelle\",\"Identit\u00e9 & mutations sociales\"],\"knowsLanguage\":[\"Arabe\",\"Fran\u00e7ais\",\"Anglais\",\"Italien\",\"Polonais\"],\"jobTitle\":\"Journaliste, \u00e9crivain et chroniqueur culturel\",\"worksFor\":\"Webdo\",\"url\":\"https:\\\/\\\/www.webdo.tn\\\/fr\\\/actualite\\\/author\\\/hatem-bourial-2\\\/\"}]}<\/script>\n<!-- \/ Yoast SEO Premium plugin. -->","yoast_head_json":{"title":"Tunisie - Patrimoine : La cath\u00e9drale de Carthage est de nouveau ferm\u00e9e","description":"Apr\u00e8s une r\u00e9ouverture partielle et provisoire qui aura dur\u00e9 sept mois, l'ancienne cath\u00e9drale Saint-Louis de Carthage vient de refermer ses portes. La cath\u00e9dra...","canonical":"https:\/\/www.webdo.tn\/fr\/actualite\/chroniques\/tunisie-patrimoine-la-cathedrale-de-carthage-est-de-nouveau-fermee\/217221\/","og_locale":"fr_FR","og_type":"article","og_title":"Tunisie - Patrimoine : La cath\u00e9drale de Carthage est de nouveau ferm\u00e9e","og_description":"Apr\u00e8s une r\u00e9ouverture partielle et provisoire qui aura dur\u00e9 sept mois, l'ancienne cath\u00e9drale Saint-Louis de Carthage vient de refermer ses portes. La cath\u00e9dra...","og_url":"https:\/\/www.webdo.tn\/fr\/actualite\/chroniques\/tunisie-patrimoine-la-cathedrale-de-carthage-est-de-nouveau-fermee\/217221\/","og_site_name":"webdo","article_publisher":"https:\/\/www.facebook.com\/webdotn","article_author":"https:\/\/www.facebook.com\/hatem.bourial.2025","article_published_time":"2024-10-28T08:47:00+00:00","article_modified_time":"2025-05-17T20:21:30+00:00","og_image":[{"width":750,"height":400,"url":"https:\/\/www.webdo.tn\/fr\/wp-content\/uploads\/2024\/10\/c04fb6857d5233ff45ebe05a7df9ca8a.webp","type":"image\/webp"}],"author":"Hatem Bourial","twitter_card":"summary_large_image","twitter_creator":"@webdo_tn","twitter_site":"@webdo_tn","twitter_misc":{"\u00c9crit par":"Hatem Bourial","Dur\u00e9e de lecture estim\u00e9e":"1 minute"},"schema":{"@context":"https:\/\/schema.org","@graph":[{"@type":"NewsArticle","@id":"https:\/\/www.webdo.tn\/fr\/actualite\/chroniques\/tunisie-patrimoine-la-cathedrale-de-carthage-est-de-nouveau-fermee\/217221\/#article","isPartOf":{"@id":"https:\/\/www.webdo.tn\/fr\/actualite\/chroniques\/tunisie-patrimoine-la-cathedrale-de-carthage-est-de-nouveau-fermee\/217221\/"},"author":{"name":"Hatem Bourial","@id":"https:\/\/www.webdo.tn\/fr\/#\/schema\/person\/6bc0beba2cd23aec27cb5df85ca2554f"},"headline":"Tunisie &#8211; Patrimoine : La cath\u00e9drale de Carthage est de nouveau ferm\u00e9e","datePublished":"2024-10-28T08:47:00+00:00","dateModified":"2025-05-17T20:21:30+00:00","mainEntityOfPage":{"@id":"https:\/\/www.webdo.tn\/fr\/actualite\/chroniques\/tunisie-patrimoine-la-cathedrale-de-carthage-est-de-nouveau-fermee\/217221\/"},"wordCount":233,"commentCount":0,"publisher":{"@id":"https:\/\/www.webdo.tn\/fr\/#organization"},"image":{"@id":"https:\/\/www.webdo.tn\/fr\/actualite\/chroniques\/tunisie-patrimoine-la-cathedrale-de-carthage-est-de-nouveau-fermee\/217221\/#primaryimage"},"thumbnailUrl":"https:\/\/www.webdo.tn\/fr\/wp-content\/uploads\/2024\/10\/c04fb6857d5233ff45ebe05a7df9ca8a.webp","keywords":["cath\u00e9drale de carthage","mus\u00e9e","patrimoine","Tunis","Tunisie"],"articleSection":["Chroniques"],"inLanguage":"fr-FR"},{"@type":"WebPage","@id":"https:\/\/www.webdo.tn\/fr\/actualite\/chroniques\/tunisie-patrimoine-la-cathedrale-de-carthage-est-de-nouveau-fermee\/217221\/","url":"https:\/\/www.webdo.tn\/fr\/actualite\/chroniques\/tunisie-patrimoine-la-cathedrale-de-carthage-est-de-nouveau-fermee\/217221\/","name":"Tunisie - Patrimoine : La cath\u00e9drale de Carthage est de nouveau ferm\u00e9e","isPartOf":{"@id":"https:\/\/www.webdo.tn\/fr\/#website"},"primaryImageOfPage":{"@id":"https:\/\/www.webdo.tn\/fr\/actualite\/chroniques\/tunisie-patrimoine-la-cathedrale-de-carthage-est-de-nouveau-fermee\/217221\/#primaryimage"},"image":{"@id":"https:\/\/www.webdo.tn\/fr\/actualite\/chroniques\/tunisie-patrimoine-la-cathedrale-de-carthage-est-de-nouveau-fermee\/217221\/#primaryimage"},"thumbnailUrl":"https:\/\/www.webdo.tn\/fr\/wp-content\/uploads\/2024\/10\/c04fb6857d5233ff45ebe05a7df9ca8a.webp","datePublished":"2024-10-28T08:47:00+00:00","dateModified":"2025-05-17T20:21:30+00:00","description":"Apr\u00e8s une r\u00e9ouverture partielle et provisoire qui aura dur\u00e9 sept mois, l'ancienne cath\u00e9drale Saint-Louis de Carthage vient de refermer ses portes. La cath\u00e9dra...","breadcrumb":{"@id":"https:\/\/www.webdo.tn\/fr\/actualite\/chroniques\/tunisie-patrimoine-la-cathedrale-de-carthage-est-de-nouveau-fermee\/217221\/#breadcrumb"},"inLanguage":"fr-FR","potentialAction":[{"@type":"ReadAction","target":["https:\/\/www.webdo.tn\/fr\/actualite\/chroniques\/tunisie-patrimoine-la-cathedrale-de-carthage-est-de-nouveau-fermee\/217221\/"]}]},{"@type":"ImageObject","inLanguage":"fr-FR","@id":"https:\/\/www.webdo.tn\/fr\/actualite\/chroniques\/tunisie-patrimoine-la-cathedrale-de-carthage-est-de-nouveau-fermee\/217221\/#primaryimage","url":"https:\/\/www.webdo.tn\/fr\/wp-content\/uploads\/2024\/10\/c04fb6857d5233ff45ebe05a7df9ca8a.webp","contentUrl":"https:\/\/www.webdo.tn\/fr\/wp-content\/uploads\/2024\/10\/c04fb6857d5233ff45ebe05a7df9ca8a.webp","width":750,"height":400,"caption":"Tunisie - Patrimoine : La cath\u00e9drale de Carthage est de nouveau ferm\u00e9e"},{"@type":"BreadcrumbList","@id":"https:\/\/www.webdo.tn\/fr\/actualite\/chroniques\/tunisie-patrimoine-la-cathedrale-de-carthage-est-de-nouveau-fermee\/217221\/#breadcrumb","itemListElement":[{"@type":"ListItem","position":1,"name":"Accueil","item":"https:\/\/www.webdo.tn\/fr\/"},{"@type":"ListItem","position":2,"name":"Tunisie &#8211; Patrimoine : La cath\u00e9drale de Carthage est de nouveau ferm\u00e9e"}]},{"@type":"WebSite","@id":"https:\/\/www.webdo.tn\/fr\/#website","url":"https:\/\/www.webdo.tn\/fr\/","name":"webdo","description":"Tunisie - News en Tunisie et \u00e0 l&#039;international sur Webdo.tn","publisher":{"@id":"https:\/\/www.webdo.tn\/fr\/#organization"},"potentialAction":[{"@type":"SearchAction","target":{"@type":"EntryPoint","urlTemplate":"https:\/\/www.webdo.tn\/fr\/?s={search_term_string}"},"query-input":{"@type":"PropertyValueSpecification","valueRequired":true,"valueName":"search_term_string"}}],"inLanguage":"fr-FR"},{"@type":"Organization","@id":"https:\/\/www.webdo.tn\/fr\/#organization","name":"Webdo","alternateName":"Webdo.tn","url":"https:\/\/www.webdo.tn\/fr\/","logo":{"@type":"ImageObject","inLanguage":"fr-FR","@id":"https:\/\/www.webdo.tn\/fr\/#\/schema\/logo\/image\/","url":"https:\/\/www.webdo.tn\/fr\/wp-content\/uploads\/2025\/06\/Webdo-Tunisie_168377.jpg","contentUrl":"https:\/\/www.webdo.tn\/fr\/wp-content\/uploads\/2025\/06\/Webdo-Tunisie_168377.jpg","width":301,"height":301,"caption":"Webdo"},"image":{"@id":"https:\/\/www.webdo.tn\/fr\/#\/schema\/logo\/image\/"},"sameAs":["https:\/\/www.facebook.com\/webdotn","https:\/\/x.com\/webdo_tn"],"description":"Webdo est un m\u00e9dia num\u00e9rique tunisien fond\u00e9 en 2010, sp\u00e9cialis\u00e9 dans l\u2019actualit\u00e9 nationale et internationale, l\u2019\u00e9conomie, la soci\u00e9t\u00e9 et les analyses politiques. Le site s\u2019adresse \u00e0 un large public francophone et couvre l\u2019information tunisienne en temps r\u00e9el.","email":"redac@webdo.tn","legalName":"YNJ SARL","foundingDate":"2010-09-06","numberOfEmployees":{"@type":"QuantitativeValue","minValue":"11","maxValue":"50"}},{"@type":"Person","@id":"https:\/\/www.webdo.tn\/fr\/#\/schema\/person\/6bc0beba2cd23aec27cb5df85ca2554f","name":"Hatem Bourial","image":{"@type":"ImageObject","inLanguage":"fr-FR","@id":"https:\/\/www.webdo.tn\/fr\/wp-content\/uploads\/2026\/04\/hatem-bourial_avatar-96x96.jpg","url":"https:\/\/www.webdo.tn\/fr\/wp-content\/uploads\/2026\/04\/hatem-bourial_avatar-96x96.jpg","contentUrl":"https:\/\/www.webdo.tn\/fr\/wp-content\/uploads\/2026\/04\/hatem-bourial_avatar-96x96.jpg","caption":"Hatem Bourial"},"description":"Hatem Bourial est journaliste, \u00e9crivain et chroniqueur tunisien. Actif depuis plusieurs d\u00e9cennies, il s\u2019est impos\u00e9 comme un observateur attentif de la soci\u00e9t\u00e9 tunisienne, m\u00ealant dans ses \u00e9crits m\u00e9moire, culture et analyse du quotidien. Auteur de nombreux ouvrages, il d\u00e9veloppe une \u0153uvre \u00e0 la crois\u00e9e du r\u00e9cit, de la po\u00e9sie et de l\u2019observation sociologique. Parall\u00e8lement \u00e0 ses contributions dans la presse, il intervient r\u00e9guli\u00e8rement \u00e0 la radio et dans des espaces culturels, o\u00f9 il explore les enjeux li\u00e9s au patrimoine, \u00e0 l\u2019identit\u00e9 et aux transformations du monde contemporain. \u00c0 travers ses chroniques, Hatem Bourial propose une lecture sensible et approfondie de l\u2019actualit\u00e9, nourrie par une exp\u00e9rience journalistique et litt\u00e9raire reconnue. \ud83d\udd17 Facebook : https:\/\/www.facebook.com\/hatem.bourial.2025","sameAs":["https:\/\/www.facebook.com\/hatem.bourial.2025","https:\/\/fr.wikipedia.org\/wiki\/Fichier:Hatem_Bourial.jpg"],"knowsAbout":["Culture & patrimoine tunisien","Chronique soci\u00e9tale","Litt\u00e9rature & m\u00e9moire","Cin\u00e9ma & critique culturelle","Identit\u00e9 & mutations sociales"],"knowsLanguage":["Arabe","Fran\u00e7ais","Anglais","Italien","Polonais"],"jobTitle":"Journaliste, \u00e9crivain et chroniqueur culturel","worksFor":"Webdo","url":"https:\/\/www.webdo.tn\/fr\/actualite\/author\/hatem-bourial-2\/"}]}},"_links":{"self":[{"href":"https:\/\/www.webdo.tn\/fr\/wp-json\/wp\/v2\/posts\/217221","targetHints":{"allow":["GET"]}}],"collection":[{"href":"https:\/\/www.webdo.tn\/fr\/wp-json\/wp\/v2\/posts"}],"about":[{"href":"https:\/\/www.webdo.tn\/fr\/wp-json\/wp\/v2\/types\/post"}],"author":[{"embeddable":true,"href":"https:\/\/www.webdo.tn\/fr\/wp-json\/wp\/v2\/users\/3229"}],"replies":[{"embeddable":true,"href":"https:\/\/www.webdo.tn\/fr\/wp-json\/wp\/v2\/comments?post=217221"}],"version-history":[{"count":0,"href":"https:\/\/www.webdo.tn\/fr\/wp-json\/wp\/v2\/posts\/217221\/revisions"}],"wp:featuredmedia":[{"embeddable":true,"href":"https:\/\/www.webdo.tn\/fr\/wp-json\/wp\/v2\/media\/246239"}],"wp:attachment":[{"href":"https:\/\/www.webdo.tn\/fr\/wp-json\/wp\/v2\/media?parent=217221"}],"wp:term":[{"taxonomy":"category","embeddable":true,"href":"https:\/\/www.webdo.tn\/fr\/wp-json\/wp\/v2\/categories?post=217221"},{"taxonomy":"post_tag","embeddable":true,"href":"https:\/\/www.webdo.tn\/fr\/wp-json\/wp\/v2\/tags?post=217221"}],"curies":[{"name":"wp","href":"https:\/\/api.w.org\/{rel}","templated":true}]}}