{"id":217216,"date":"2024-10-27T10:18:00","date_gmt":"2024-10-27T10:18:00","guid":{"rendered":"https:\/\/www.webdo.tn\/fr\/blog\/tunisie-ariana-remise-des-cles-de-993-logements-collectifs\/217216\/"},"modified":"2025-05-20T22:34:38","modified_gmt":"2025-05-20T22:34:38","slug":"tunisie-ariana-remise-des-cles-de-993-logements-collectifs","status":"publish","type":"post","link":"https:\/\/www.webdo.tn\/fr\/actualite\/national\/tunisie-ariana-remise-des-cles-de-993-logements-collectifs\/217216\/","title":{"rendered":"Tunisie &#8211; Ariana : Remise des cl\u00e9s de 993 logements collectifs"},"content":{"rendered":"<p>Les contrats de 993 logements sociaux collectifs sur un total de 1568 logements b\u00e2tis dans le cadre du projet \u00abRiyadh R\u00e9sidence\u00bb, au quartier \u00abEl Bokri\u00bb de la d\u00e9l\u00e9gation de Sidi Thabet dans le gouvernorat de l\u2019Ariana ont \u00e9t\u00e9 remis, hier samedi 26 octobre, \u00e0 leurs b\u00e9n\u00e9ficiaires par la ministre de l\u2019Equipement et de l\u2019Habitat, Sarra Zaafrani Zenzri, et en pr\u00e9sence de l\u2019ambassadeur du Royaume d\u2019Arabie saoudite en Tunisie, Abdelaziz Saker.<\/p>\n<p>Cit\u00e9e par l\u2019agence TAP, la ministre a indiqu\u00e9 que cinq r\u00e9sidences sur un total de six de ce projet ont \u00e9t\u00e9 distribu\u00e9es hier.<\/p>\n<p>Et de poursuivre que 575 logements seront livr\u00e9s ult\u00e9rieurement apr\u00e8s l\u2019ouverture des candidatures en octobre, et pr\u00e8s de 5.000 logements suppl\u00e9mentaires seront construits par une contribution financi\u00e8re du FSD (co\u00fbt global de 450 MD) .<\/p>\n<p>Notons \u00e9galement que 575 logements seront livr\u00e9s ult\u00e9rieurement apr\u00e8s l\u2019ouverture des candidatures en octobre et pr\u00e8s de 5.000 logements suppl\u00e9mentaires seront construits par une contribution financi\u00e8re du Fonds saoudien de d\u00e9veloppement (FSD) pour un co\u00fbt global de 450 MD.<\/p>\n","protected":false},"excerpt":{"rendered":"<p>Cit\u00e9e par l\u2019agence TAP, la ministre a indiqu\u00e9 que cinq r\u00e9sidences sur un total de six de ce projet ont \u00e9t\u00e9 distribu\u00e9es hier.<\/p>\n","protected":false},"author":3175,"featured_media":246236,"comment_status":"open","ping_status":"closed","sticky":false,"template":"","format":"standard","meta":{"footnotes":""},"categories":[44],"tags":[3944,2608],"class_list":["post-217216","post","type-post","status-publish","format-standard","has-post-thumbnail","hentry","category-national","tag-logements-sociaux","tag-tunisie"],"yoast_head":"<!-- This site is optimized with the Yoast SEO Premium plugin v27.5 (Yoast SEO v27.5) - https:\/\/yoast.com\/product\/yoast-seo-premium-wordpress\/ -->\n<title>Tunisie - Ariana : Remise des cl\u00e9s de 993 logements collectifs<\/title>\n<meta name=\"description\" content=\"Cit\u00e9e par l\u2019agence TAP, la ministre a indiqu\u00e9 que cinq r\u00e9sidences sur un total de six de ce projet ont \u00e9t\u00e9 distribu\u00e9es hier.\" \/>\n<link rel=\"canonical\" href=\"https:\/\/www.webdo.tn\/fr\/actualite\/national\/tunisie-ariana-remise-des-cles-de-993-logements-collectifs\/217216\/\" \/>\n<meta property=\"og:locale\" content=\"fr_FR\" \/>\n<meta property=\"og:type\" content=\"article\" \/>\n<meta property=\"og:title\" content=\"Tunisie - Ariana : Remise des cl\u00e9s de 993 logements collectifs\" \/>\n<meta property=\"og:description\" content=\"Cit\u00e9e par l\u2019agence TAP, la ministre a indiqu\u00e9 que cinq r\u00e9sidences sur un total de six de ce projet ont \u00e9t\u00e9 distribu\u00e9es hier.\" \/>\n<meta property=\"og:url\" content=\"https:\/\/www.webdo.tn\/fr\/actualite\/national\/tunisie-ariana-remise-des-cles-de-993-logements-collectifs\/217216\/\" \/>\n<meta property=\"og:site_name\" content=\"webdo\" \/>\n<meta property=\"article:publisher\" content=\"https:\/\/www.facebook.com\/webdotn\" \/>\n<meta property=\"article:published_time\" content=\"2024-10-27T10:18:00+00:00\" \/>\n<meta property=\"article:modified_time\" content=\"2025-05-20T22:34:38+00:00\" \/>\n<meta property=\"og:image\" content=\"https:\/\/www.webdo.tn\/fr\/wp-content\/uploads\/2024\/10\/20d76f75e6d513f853b42bae506bf640.webp\" \/>\n\t<meta property=\"og:image:width\" content=\"750\" \/>\n\t<meta property=\"og:image:height\" content=\"400\" \/>\n\t<meta property=\"og:image:type\" content=\"image\/webp\" \/>\n<meta name=\"author\" content=\"CL\" \/>\n<meta name=\"twitter:card\" content=\"summary_large_image\" \/>\n<meta name=\"twitter:creator\" content=\"@webdo_tn\" \/>\n<meta name=\"twitter:site\" content=\"@webdo_tn\" \/>\n<meta name=\"twitter:label1\" content=\"\u00c9crit par\" \/>\n\t<meta name=\"twitter:data1\" content=\"CL\" \/>\n\t<meta name=\"twitter:label2\" content=\"Dur\u00e9e de lecture estim\u00e9e\" \/>\n\t<meta name=\"twitter:data2\" content=\"1 minute\" \/>\n<script type=\"application\/ld+json\" class=\"yoast-schema-graph\">{\"@context\":\"https:\\\/\\\/schema.org\",\"@graph\":[{\"@type\":\"NewsArticle\",\"@id\":\"https:\\\/\\\/www.webdo.tn\\\/fr\\\/actualite\\\/national\\\/tunisie-ariana-remise-des-cles-de-993-logements-collectifs\\\/217216\\\/#article\",\"isPartOf\":{\"@id\":\"https:\\\/\\\/www.webdo.tn\\\/fr\\\/actualite\\\/national\\\/tunisie-ariana-remise-des-cles-de-993-logements-collectifs\\\/217216\\\/\"},\"author\":{\"name\":\"CL\",\"@id\":\"https:\\\/\\\/www.webdo.tn\\\/fr\\\/#\\\/schema\\\/person\\\/f35b42a42c5e2511bbd282959d6385cc\"},\"headline\":\"Tunisie &#8211; Ariana : Remise des cl\u00e9s de 993 logements collectifs\",\"datePublished\":\"2024-10-27T10:18:00+00:00\",\"dateModified\":\"2025-05-20T22:34:38+00:00\",\"mainEntityOfPage\":{\"@id\":\"https:\\\/\\\/www.webdo.tn\\\/fr\\\/actualite\\\/national\\\/tunisie-ariana-remise-des-cles-de-993-logements-collectifs\\\/217216\\\/\"},\"wordCount\":199,\"commentCount\":0,\"publisher\":{\"@id\":\"https:\\\/\\\/www.webdo.tn\\\/fr\\\/#organization\"},\"image\":{\"@id\":\"https:\\\/\\\/www.webdo.tn\\\/fr\\\/actualite\\\/national\\\/tunisie-ariana-remise-des-cles-de-993-logements-collectifs\\\/217216\\\/#primaryimage\"},\"thumbnailUrl\":\"https:\\\/\\\/www.webdo.tn\\\/fr\\\/wp-content\\\/uploads\\\/2024\\\/10\\\/20d76f75e6d513f853b42bae506bf640.webp\",\"keywords\":[\"Logements sociaux\",\"Tunisie\"],\"articleSection\":[\"National\"],\"inLanguage\":\"fr-FR\"},{\"@type\":\"WebPage\",\"@id\":\"https:\\\/\\\/www.webdo.tn\\\/fr\\\/actualite\\\/national\\\/tunisie-ariana-remise-des-cles-de-993-logements-collectifs\\\/217216\\\/\",\"url\":\"https:\\\/\\\/www.webdo.tn\\\/fr\\\/actualite\\\/national\\\/tunisie-ariana-remise-des-cles-de-993-logements-collectifs\\\/217216\\\/\",\"name\":\"Tunisie - Ariana : Remise des cl\u00e9s de 993 logements collectifs\",\"isPartOf\":{\"@id\":\"https:\\\/\\\/www.webdo.tn\\\/fr\\\/#website\"},\"primaryImageOfPage\":{\"@id\":\"https:\\\/\\\/www.webdo.tn\\\/fr\\\/actualite\\\/national\\\/tunisie-ariana-remise-des-cles-de-993-logements-collectifs\\\/217216\\\/#primaryimage\"},\"image\":{\"@id\":\"https:\\\/\\\/www.webdo.tn\\\/fr\\\/actualite\\\/national\\\/tunisie-ariana-remise-des-cles-de-993-logements-collectifs\\\/217216\\\/#primaryimage\"},\"thumbnailUrl\":\"https:\\\/\\\/www.webdo.tn\\\/fr\\\/wp-content\\\/uploads\\\/2024\\\/10\\\/20d76f75e6d513f853b42bae506bf640.webp\",\"datePublished\":\"2024-10-27T10:18:00+00:00\",\"dateModified\":\"2025-05-20T22:34:38+00:00\",\"description\":\"Cit\u00e9e par l\u2019agence TAP, la ministre a indiqu\u00e9 que cinq r\u00e9sidences sur un total de six de ce projet ont \u00e9t\u00e9 distribu\u00e9es hier.\",\"breadcrumb\":{\"@id\":\"https:\\\/\\\/www.webdo.tn\\\/fr\\\/actualite\\\/national\\\/tunisie-ariana-remise-des-cles-de-993-logements-collectifs\\\/217216\\\/#breadcrumb\"},\"inLanguage\":\"fr-FR\",\"potentialAction\":[{\"@type\":\"ReadAction\",\"target\":[\"https:\\\/\\\/www.webdo.tn\\\/fr\\\/actualite\\\/national\\\/tunisie-ariana-remise-des-cles-de-993-logements-collectifs\\\/217216\\\/\"]}]},{\"@type\":\"ImageObject\",\"inLanguage\":\"fr-FR\",\"@id\":\"https:\\\/\\\/www.webdo.tn\\\/fr\\\/actualite\\\/national\\\/tunisie-ariana-remise-des-cles-de-993-logements-collectifs\\\/217216\\\/#primaryimage\",\"url\":\"https:\\\/\\\/www.webdo.tn\\\/fr\\\/wp-content\\\/uploads\\\/2024\\\/10\\\/20d76f75e6d513f853b42bae506bf640.webp\",\"contentUrl\":\"https:\\\/\\\/www.webdo.tn\\\/fr\\\/wp-content\\\/uploads\\\/2024\\\/10\\\/20d76f75e6d513f853b42bae506bf640.webp\",\"width\":750,\"height\":400,\"caption\":\"Tunisie - Ariana : Remise des cl\u00e9s de 993 logements collectifs\"},{\"@type\":\"BreadcrumbList\",\"@id\":\"https:\\\/\\\/www.webdo.tn\\\/fr\\\/actualite\\\/national\\\/tunisie-ariana-remise-des-cles-de-993-logements-collectifs\\\/217216\\\/#breadcrumb\",\"itemListElement\":[{\"@type\":\"ListItem\",\"position\":1,\"name\":\"Accueil\",\"item\":\"https:\\\/\\\/www.webdo.tn\\\/fr\\\/\"},{\"@type\":\"ListItem\",\"position\":2,\"name\":\"Tunisie &#8211; Ariana : Remise des cl\u00e9s de 993 logements collectifs\"}]},{\"@type\":\"WebSite\",\"@id\":\"https:\\\/\\\/www.webdo.tn\\\/fr\\\/#website\",\"url\":\"https:\\\/\\\/www.webdo.tn\\\/fr\\\/\",\"name\":\"webdo\",\"description\":\"Tunisie - News en Tunisie et \u00e0 l&#039;international sur Webdo.tn\",\"publisher\":{\"@id\":\"https:\\\/\\\/www.webdo.tn\\\/fr\\\/#organization\"},\"potentialAction\":[{\"@type\":\"SearchAction\",\"target\":{\"@type\":\"EntryPoint\",\"urlTemplate\":\"https:\\\/\\\/www.webdo.tn\\\/fr\\\/?s={search_term_string}\"},\"query-input\":{\"@type\":\"PropertyValueSpecification\",\"valueRequired\":true,\"valueName\":\"search_term_string\"}}],\"inLanguage\":\"fr-FR\"},{\"@type\":\"Organization\",\"@id\":\"https:\\\/\\\/www.webdo.tn\\\/fr\\\/#organization\",\"name\":\"Webdo\",\"alternateName\":\"Webdo.tn\",\"url\":\"https:\\\/\\\/www.webdo.tn\\\/fr\\\/\",\"logo\":{\"@type\":\"ImageObject\",\"inLanguage\":\"fr-FR\",\"@id\":\"https:\\\/\\\/www.webdo.tn\\\/fr\\\/#\\\/schema\\\/logo\\\/image\\\/\",\"url\":\"https:\\\/\\\/www.webdo.tn\\\/fr\\\/wp-content\\\/uploads\\\/2025\\\/06\\\/Webdo-Tunisie_168377.jpg\",\"contentUrl\":\"https:\\\/\\\/www.webdo.tn\\\/fr\\\/wp-content\\\/uploads\\\/2025\\\/06\\\/Webdo-Tunisie_168377.jpg\",\"width\":301,\"height\":301,\"caption\":\"Webdo\"},\"image\":{\"@id\":\"https:\\\/\\\/www.webdo.tn\\\/fr\\\/#\\\/schema\\\/logo\\\/image\\\/\"},\"sameAs\":[\"https:\\\/\\\/www.facebook.com\\\/webdotn\",\"https:\\\/\\\/x.com\\\/webdo_tn\"],\"description\":\"Webdo est un m\u00e9dia num\u00e9rique tunisien fond\u00e9 en 2010, sp\u00e9cialis\u00e9 dans l\u2019actualit\u00e9 nationale et internationale, l\u2019\u00e9conomie, la soci\u00e9t\u00e9 et les analyses politiques. Le site s\u2019adresse \u00e0 un large public francophone et couvre l\u2019information tunisienne en temps r\u00e9el.\",\"email\":\"redac@webdo.tn\",\"legalName\":\"YNJ SARL\",\"foundingDate\":\"2010-09-06\",\"numberOfEmployees\":{\"@type\":\"QuantitativeValue\",\"minValue\":\"11\",\"maxValue\":\"50\"}},{\"@type\":\"Person\",\"@id\":\"https:\\\/\\\/www.webdo.tn\\\/fr\\\/#\\\/schema\\\/person\\\/f35b42a42c5e2511bbd282959d6385cc\",\"name\":\"CL\",\"image\":{\"@type\":\"ImageObject\",\"inLanguage\":\"fr-FR\",\"@id\":\"https:\\\/\\\/secure.gravatar.com\\\/avatar\\\/1447a49909b67aa657c488aec6512e1dd6143a480c1ecfee9b5b5cd74eb3b59e?s=96&d=mm&r=g\",\"url\":\"https:\\\/\\\/secure.gravatar.com\\\/avatar\\\/1447a49909b67aa657c488aec6512e1dd6143a480c1ecfee9b5b5cd74eb3b59e?s=96&d=mm&r=g\",\"contentUrl\":\"https:\\\/\\\/secure.gravatar.com\\\/avatar\\\/1447a49909b67aa657c488aec6512e1dd6143a480c1ecfee9b5b5cd74eb3b59e?s=96&d=mm&r=g\",\"caption\":\"CL\"},\"url\":\"https:\\\/\\\/www.webdo.tn\\\/fr\\\/actualite\\\/author\\\/cl\\\/\"}]}<\/script>\n<!-- \/ Yoast SEO Premium plugin. -->","yoast_head_json":{"title":"Tunisie - Ariana : Remise des cl\u00e9s de 993 logements collectifs","description":"Cit\u00e9e par l\u2019agence TAP, la ministre a indiqu\u00e9 que cinq r\u00e9sidences sur un total de six de ce projet ont \u00e9t\u00e9 distribu\u00e9es hier.","canonical":"https:\/\/www.webdo.tn\/fr\/actualite\/national\/tunisie-ariana-remise-des-cles-de-993-logements-collectifs\/217216\/","og_locale":"fr_FR","og_type":"article","og_title":"Tunisie - Ariana : Remise des cl\u00e9s de 993 logements collectifs","og_description":"Cit\u00e9e par l\u2019agence TAP, la ministre a indiqu\u00e9 que cinq r\u00e9sidences sur un total de six de ce projet ont \u00e9t\u00e9 distribu\u00e9es hier.","og_url":"https:\/\/www.webdo.tn\/fr\/actualite\/national\/tunisie-ariana-remise-des-cles-de-993-logements-collectifs\/217216\/","og_site_name":"webdo","article_publisher":"https:\/\/www.facebook.com\/webdotn","article_published_time":"2024-10-27T10:18:00+00:00","article_modified_time":"2025-05-20T22:34:38+00:00","og_image":[{"width":750,"height":400,"url":"https:\/\/www.webdo.tn\/fr\/wp-content\/uploads\/2024\/10\/20d76f75e6d513f853b42bae506bf640.webp","type":"image\/webp"}],"author":"CL","twitter_card":"summary_large_image","twitter_creator":"@webdo_tn","twitter_site":"@webdo_tn","twitter_misc":{"\u00c9crit par":"CL","Dur\u00e9e de lecture estim\u00e9e":"1 minute"},"schema":{"@context":"https:\/\/schema.org","@graph":[{"@type":"NewsArticle","@id":"https:\/\/www.webdo.tn\/fr\/actualite\/national\/tunisie-ariana-remise-des-cles-de-993-logements-collectifs\/217216\/#article","isPartOf":{"@id":"https:\/\/www.webdo.tn\/fr\/actualite\/national\/tunisie-ariana-remise-des-cles-de-993-logements-collectifs\/217216\/"},"author":{"name":"CL","@id":"https:\/\/www.webdo.tn\/fr\/#\/schema\/person\/f35b42a42c5e2511bbd282959d6385cc"},"headline":"Tunisie &#8211; Ariana : Remise des cl\u00e9s de 993 logements collectifs","datePublished":"2024-10-27T10:18:00+00:00","dateModified":"2025-05-20T22:34:38+00:00","mainEntityOfPage":{"@id":"https:\/\/www.webdo.tn\/fr\/actualite\/national\/tunisie-ariana-remise-des-cles-de-993-logements-collectifs\/217216\/"},"wordCount":199,"commentCount":0,"publisher":{"@id":"https:\/\/www.webdo.tn\/fr\/#organization"},"image":{"@id":"https:\/\/www.webdo.tn\/fr\/actualite\/national\/tunisie-ariana-remise-des-cles-de-993-logements-collectifs\/217216\/#primaryimage"},"thumbnailUrl":"https:\/\/www.webdo.tn\/fr\/wp-content\/uploads\/2024\/10\/20d76f75e6d513f853b42bae506bf640.webp","keywords":["Logements sociaux","Tunisie"],"articleSection":["National"],"inLanguage":"fr-FR"},{"@type":"WebPage","@id":"https:\/\/www.webdo.tn\/fr\/actualite\/national\/tunisie-ariana-remise-des-cles-de-993-logements-collectifs\/217216\/","url":"https:\/\/www.webdo.tn\/fr\/actualite\/national\/tunisie-ariana-remise-des-cles-de-993-logements-collectifs\/217216\/","name":"Tunisie - Ariana : Remise des cl\u00e9s de 993 logements collectifs","isPartOf":{"@id":"https:\/\/www.webdo.tn\/fr\/#website"},"primaryImageOfPage":{"@id":"https:\/\/www.webdo.tn\/fr\/actualite\/national\/tunisie-ariana-remise-des-cles-de-993-logements-collectifs\/217216\/#primaryimage"},"image":{"@id":"https:\/\/www.webdo.tn\/fr\/actualite\/national\/tunisie-ariana-remise-des-cles-de-993-logements-collectifs\/217216\/#primaryimage"},"thumbnailUrl":"https:\/\/www.webdo.tn\/fr\/wp-content\/uploads\/2024\/10\/20d76f75e6d513f853b42bae506bf640.webp","datePublished":"2024-10-27T10:18:00+00:00","dateModified":"2025-05-20T22:34:38+00:00","description":"Cit\u00e9e par l\u2019agence TAP, la ministre a indiqu\u00e9 que cinq r\u00e9sidences sur un total de six de ce projet ont \u00e9t\u00e9 distribu\u00e9es hier.","breadcrumb":{"@id":"https:\/\/www.webdo.tn\/fr\/actualite\/national\/tunisie-ariana-remise-des-cles-de-993-logements-collectifs\/217216\/#breadcrumb"},"inLanguage":"fr-FR","potentialAction":[{"@type":"ReadAction","target":["https:\/\/www.webdo.tn\/fr\/actualite\/national\/tunisie-ariana-remise-des-cles-de-993-logements-collectifs\/217216\/"]}]},{"@type":"ImageObject","inLanguage":"fr-FR","@id":"https:\/\/www.webdo.tn\/fr\/actualite\/national\/tunisie-ariana-remise-des-cles-de-993-logements-collectifs\/217216\/#primaryimage","url":"https:\/\/www.webdo.tn\/fr\/wp-content\/uploads\/2024\/10\/20d76f75e6d513f853b42bae506bf640.webp","contentUrl":"https:\/\/www.webdo.tn\/fr\/wp-content\/uploads\/2024\/10\/20d76f75e6d513f853b42bae506bf640.webp","width":750,"height":400,"caption":"Tunisie - Ariana : Remise des cl\u00e9s de 993 logements collectifs"},{"@type":"BreadcrumbList","@id":"https:\/\/www.webdo.tn\/fr\/actualite\/national\/tunisie-ariana-remise-des-cles-de-993-logements-collectifs\/217216\/#breadcrumb","itemListElement":[{"@type":"ListItem","position":1,"name":"Accueil","item":"https:\/\/www.webdo.tn\/fr\/"},{"@type":"ListItem","position":2,"name":"Tunisie &#8211; Ariana : Remise des cl\u00e9s de 993 logements collectifs"}]},{"@type":"WebSite","@id":"https:\/\/www.webdo.tn\/fr\/#website","url":"https:\/\/www.webdo.tn\/fr\/","name":"webdo","description":"Tunisie - News en Tunisie et \u00e0 l&#039;international sur Webdo.tn","publisher":{"@id":"https:\/\/www.webdo.tn\/fr\/#organization"},"potentialAction":[{"@type":"SearchAction","target":{"@type":"EntryPoint","urlTemplate":"https:\/\/www.webdo.tn\/fr\/?s={search_term_string}"},"query-input":{"@type":"PropertyValueSpecification","valueRequired":true,"valueName":"search_term_string"}}],"inLanguage":"fr-FR"},{"@type":"Organization","@id":"https:\/\/www.webdo.tn\/fr\/#organization","name":"Webdo","alternateName":"Webdo.tn","url":"https:\/\/www.webdo.tn\/fr\/","logo":{"@type":"ImageObject","inLanguage":"fr-FR","@id":"https:\/\/www.webdo.tn\/fr\/#\/schema\/logo\/image\/","url":"https:\/\/www.webdo.tn\/fr\/wp-content\/uploads\/2025\/06\/Webdo-Tunisie_168377.jpg","contentUrl":"https:\/\/www.webdo.tn\/fr\/wp-content\/uploads\/2025\/06\/Webdo-Tunisie_168377.jpg","width":301,"height":301,"caption":"Webdo"},"image":{"@id":"https:\/\/www.webdo.tn\/fr\/#\/schema\/logo\/image\/"},"sameAs":["https:\/\/www.facebook.com\/webdotn","https:\/\/x.com\/webdo_tn"],"description":"Webdo est un m\u00e9dia num\u00e9rique tunisien fond\u00e9 en 2010, sp\u00e9cialis\u00e9 dans l\u2019actualit\u00e9 nationale et internationale, l\u2019\u00e9conomie, la soci\u00e9t\u00e9 et les analyses politiques. Le site s\u2019adresse \u00e0 un large public francophone et couvre l\u2019information tunisienne en temps r\u00e9el.","email":"redac@webdo.tn","legalName":"YNJ SARL","foundingDate":"2010-09-06","numberOfEmployees":{"@type":"QuantitativeValue","minValue":"11","maxValue":"50"}},{"@type":"Person","@id":"https:\/\/www.webdo.tn\/fr\/#\/schema\/person\/f35b42a42c5e2511bbd282959d6385cc","name":"CL","image":{"@type":"ImageObject","inLanguage":"fr-FR","@id":"https:\/\/secure.gravatar.com\/avatar\/1447a49909b67aa657c488aec6512e1dd6143a480c1ecfee9b5b5cd74eb3b59e?s=96&d=mm&r=g","url":"https:\/\/secure.gravatar.com\/avatar\/1447a49909b67aa657c488aec6512e1dd6143a480c1ecfee9b5b5cd74eb3b59e?s=96&d=mm&r=g","contentUrl":"https:\/\/secure.gravatar.com\/avatar\/1447a49909b67aa657c488aec6512e1dd6143a480c1ecfee9b5b5cd74eb3b59e?s=96&d=mm&r=g","caption":"CL"},"url":"https:\/\/www.webdo.tn\/fr\/actualite\/author\/cl\/"}]}},"_links":{"self":[{"href":"https:\/\/www.webdo.tn\/fr\/wp-json\/wp\/v2\/posts\/217216","targetHints":{"allow":["GET"]}}],"collection":[{"href":"https:\/\/www.webdo.tn\/fr\/wp-json\/wp\/v2\/posts"}],"about":[{"href":"https:\/\/www.webdo.tn\/fr\/wp-json\/wp\/v2\/types\/post"}],"author":[{"embeddable":true,"href":"https:\/\/www.webdo.tn\/fr\/wp-json\/wp\/v2\/users\/3175"}],"replies":[{"embeddable":true,"href":"https:\/\/www.webdo.tn\/fr\/wp-json\/wp\/v2\/comments?post=217216"}],"version-history":[{"count":0,"href":"https:\/\/www.webdo.tn\/fr\/wp-json\/wp\/v2\/posts\/217216\/revisions"}],"wp:featuredmedia":[{"embeddable":true,"href":"https:\/\/www.webdo.tn\/fr\/wp-json\/wp\/v2\/media\/246236"}],"wp:attachment":[{"href":"https:\/\/www.webdo.tn\/fr\/wp-json\/wp\/v2\/media?parent=217216"}],"wp:term":[{"taxonomy":"category","embeddable":true,"href":"https:\/\/www.webdo.tn\/fr\/wp-json\/wp\/v2\/categories?post=217216"},{"taxonomy":"post_tag","embeddable":true,"href":"https:\/\/www.webdo.tn\/fr\/wp-json\/wp\/v2\/tags?post=217216"}],"curies":[{"name":"wp","href":"https:\/\/api.w.org\/{rel}","templated":true}]}}