{"id":217215,"date":"2024-10-27T10:07:00","date_gmt":"2024-10-27T10:07:00","guid":{"rendered":"https:\/\/www.webdo.tn\/fr\/blog\/au-moins-50-blesses-dans-une-attaque-au-camion-belier-a-tel-aviv\/217215\/"},"modified":"2025-05-20T22:34:37","modified_gmt":"2025-05-20T22:34:37","slug":"au-moins-50-blesses-dans-une-attaque-au-camion-belier-a-tel-aviv","status":"publish","type":"post","link":"https:\/\/www.webdo.tn\/fr\/actualite\/international\/au-moins-50-blesses-dans-une-attaque-au-camion-belier-a-tel-aviv\/217215\/","title":{"rendered":"Au moins 50 bless\u00e9s dans une attaque au camion b\u00e9lier \u00e0 Tel Aviv"},"content":{"rendered":"<p>Des dizaines de personnes ont \u00e9t\u00e9 bless\u00e9es au matin de ce dimanche 27 octobre 2024 suite \u00e0 une attaque au camion-b\u00e9lier survenu \u00e0 Tel Aviv.\u00a0<\/p>\n<p>En effet, un camion a fonc\u00e9 sur des personnes qui attendaient \u00e0 un arr\u00eat de bus. L&rsquo;incident est toujours en cours d&rsquo;enqu\u00eate, mais selon des m\u00e9dias locaux, l\u2019auteur serait Palestinien.\u00a0<\/p>\n<p>La plupart des personnes bless\u00e9es seraient des soldats isra\u00e9liens, toujours selon les m\u00eames sources. L\u2019attaque impliquerait un camion, un bus et des dizaines de bless\u00e9s dont certains sont encore coinc\u00e9s sous le camion.<\/p>\n","protected":false},"excerpt":{"rendered":"<p>En effet, un camion a fonc\u00e9 sur des personnes qui attendaient \u00e0 un arr\u00eat de bus. L&rsquo;incident est toujours en cours d&rsquo;enqu\u00eate, mais selon des m\u00e9dias locaux, l\u2019aut&#8230;<\/p>\n","protected":false},"author":3175,"featured_media":246235,"comment_status":"open","ping_status":"closed","sticky":false,"template":"","format":"standard","meta":{"footnotes":""},"categories":[2598],"tags":[3918,2636,5269],"class_list":["post-217215","post","type-post","status-publish","format-standard","has-post-thumbnail","hentry","category-international","tag-attaque","tag-israel","tag-tel-aviv"],"yoast_head":"<!-- This site is optimized with the Yoast SEO Premium plugin v27.4 (Yoast SEO v27.5) - https:\/\/yoast.com\/product\/yoast-seo-premium-wordpress\/ -->\n<title>Au moins 50 bless\u00e9s dans une attaque au camion b\u00e9lier \u00e0 Tel Aviv<\/title>\n<meta name=\"description\" content=\"En effet, un camion a fonc\u00e9 sur des personnes qui attendaient \u00e0 un arr\u00eat de bus. L&#039;incident est toujours en cours d&#039;enqu\u00eate, mais selon des m\u00e9dias locaux, l\u2019aut...\" \/>\n<link rel=\"canonical\" href=\"https:\/\/www.webdo.tn\/fr\/actualite\/international\/au-moins-50-blesses-dans-une-attaque-au-camion-belier-a-tel-aviv\/217215\/\" \/>\n<meta property=\"og:locale\" content=\"fr_FR\" \/>\n<meta property=\"og:type\" content=\"article\" \/>\n<meta property=\"og:title\" content=\"Au moins 50 bless\u00e9s dans une attaque au camion b\u00e9lier \u00e0 Tel Aviv\" \/>\n<meta property=\"og:description\" content=\"En effet, un camion a fonc\u00e9 sur des personnes qui attendaient \u00e0 un arr\u00eat de bus. L&#039;incident est toujours en cours d&#039;enqu\u00eate, mais selon des m\u00e9dias locaux, l\u2019aut...\" \/>\n<meta property=\"og:url\" content=\"https:\/\/www.webdo.tn\/fr\/actualite\/international\/au-moins-50-blesses-dans-une-attaque-au-camion-belier-a-tel-aviv\/217215\/\" \/>\n<meta property=\"og:site_name\" content=\"webdo\" \/>\n<meta property=\"article:publisher\" content=\"https:\/\/www.facebook.com\/webdotn\" \/>\n<meta property=\"article:published_time\" content=\"2024-10-27T10:07:00+00:00\" \/>\n<meta property=\"article:modified_time\" content=\"2025-05-20T22:34:37+00:00\" \/>\n<meta property=\"og:image\" content=\"https:\/\/www.webdo.tn\/fr\/wp-content\/uploads\/2024\/10\/b18267010c1db7afc206db00a5aa3144.webp\" \/>\n\t<meta property=\"og:image:width\" content=\"750\" \/>\n\t<meta property=\"og:image:height\" content=\"400\" \/>\n\t<meta property=\"og:image:type\" content=\"image\/webp\" \/>\n<meta name=\"author\" content=\"CL\" \/>\n<meta name=\"twitter:card\" content=\"summary_large_image\" \/>\n<meta name=\"twitter:creator\" content=\"@webdo_tn\" \/>\n<meta name=\"twitter:site\" content=\"@webdo_tn\" \/>\n<meta name=\"twitter:label1\" content=\"\u00c9crit par\" \/>\n\t<meta name=\"twitter:data1\" content=\"CL\" \/>\n<script type=\"application\/ld+json\" class=\"yoast-schema-graph\">{\"@context\":\"https:\\\/\\\/schema.org\",\"@graph\":[{\"@type\":\"NewsArticle\",\"@id\":\"https:\\\/\\\/www.webdo.tn\\\/fr\\\/actualite\\\/international\\\/au-moins-50-blesses-dans-une-attaque-au-camion-belier-a-tel-aviv\\\/217215\\\/#article\",\"isPartOf\":{\"@id\":\"https:\\\/\\\/www.webdo.tn\\\/fr\\\/actualite\\\/international\\\/au-moins-50-blesses-dans-une-attaque-au-camion-belier-a-tel-aviv\\\/217215\\\/\"},\"author\":{\"name\":\"CL\",\"@id\":\"https:\\\/\\\/www.webdo.tn\\\/fr\\\/#\\\/schema\\\/person\\\/f35b42a42c5e2511bbd282959d6385cc\"},\"headline\":\"Au moins 50 bless\u00e9s dans une attaque au camion b\u00e9lier \u00e0 Tel Aviv\",\"datePublished\":\"2024-10-27T10:07:00+00:00\",\"dateModified\":\"2025-05-20T22:34:37+00:00\",\"mainEntityOfPage\":{\"@id\":\"https:\\\/\\\/www.webdo.tn\\\/fr\\\/actualite\\\/international\\\/au-moins-50-blesses-dans-une-attaque-au-camion-belier-a-tel-aviv\\\/217215\\\/\"},\"wordCount\":110,\"commentCount\":0,\"publisher\":{\"@id\":\"https:\\\/\\\/www.webdo.tn\\\/fr\\\/#organization\"},\"image\":{\"@id\":\"https:\\\/\\\/www.webdo.tn\\\/fr\\\/actualite\\\/international\\\/au-moins-50-blesses-dans-une-attaque-au-camion-belier-a-tel-aviv\\\/217215\\\/#primaryimage\"},\"thumbnailUrl\":\"https:\\\/\\\/www.webdo.tn\\\/fr\\\/wp-content\\\/uploads\\\/2024\\\/10\\\/b18267010c1db7afc206db00a5aa3144.webp\",\"keywords\":[\"attaque\",\"isra\u00ebl\",\"tel aviv\"],\"articleSection\":[\"International\"],\"inLanguage\":\"fr-FR\"},{\"@type\":\"WebPage\",\"@id\":\"https:\\\/\\\/www.webdo.tn\\\/fr\\\/actualite\\\/international\\\/au-moins-50-blesses-dans-une-attaque-au-camion-belier-a-tel-aviv\\\/217215\\\/\",\"url\":\"https:\\\/\\\/www.webdo.tn\\\/fr\\\/actualite\\\/international\\\/au-moins-50-blesses-dans-une-attaque-au-camion-belier-a-tel-aviv\\\/217215\\\/\",\"name\":\"Au moins 50 bless\u00e9s dans une attaque au camion b\u00e9lier \u00e0 Tel Aviv\",\"isPartOf\":{\"@id\":\"https:\\\/\\\/www.webdo.tn\\\/fr\\\/#website\"},\"primaryImageOfPage\":{\"@id\":\"https:\\\/\\\/www.webdo.tn\\\/fr\\\/actualite\\\/international\\\/au-moins-50-blesses-dans-une-attaque-au-camion-belier-a-tel-aviv\\\/217215\\\/#primaryimage\"},\"image\":{\"@id\":\"https:\\\/\\\/www.webdo.tn\\\/fr\\\/actualite\\\/international\\\/au-moins-50-blesses-dans-une-attaque-au-camion-belier-a-tel-aviv\\\/217215\\\/#primaryimage\"},\"thumbnailUrl\":\"https:\\\/\\\/www.webdo.tn\\\/fr\\\/wp-content\\\/uploads\\\/2024\\\/10\\\/b18267010c1db7afc206db00a5aa3144.webp\",\"datePublished\":\"2024-10-27T10:07:00+00:00\",\"dateModified\":\"2025-05-20T22:34:37+00:00\",\"description\":\"En effet, un camion a fonc\u00e9 sur des personnes qui attendaient \u00e0 un arr\u00eat de bus. L'incident est toujours en cours d'enqu\u00eate, mais selon des m\u00e9dias locaux, l\u2019aut...\",\"breadcrumb\":{\"@id\":\"https:\\\/\\\/www.webdo.tn\\\/fr\\\/actualite\\\/international\\\/au-moins-50-blesses-dans-une-attaque-au-camion-belier-a-tel-aviv\\\/217215\\\/#breadcrumb\"},\"inLanguage\":\"fr-FR\",\"potentialAction\":[{\"@type\":\"ReadAction\",\"target\":[\"https:\\\/\\\/www.webdo.tn\\\/fr\\\/actualite\\\/international\\\/au-moins-50-blesses-dans-une-attaque-au-camion-belier-a-tel-aviv\\\/217215\\\/\"]}]},{\"@type\":\"ImageObject\",\"inLanguage\":\"fr-FR\",\"@id\":\"https:\\\/\\\/www.webdo.tn\\\/fr\\\/actualite\\\/international\\\/au-moins-50-blesses-dans-une-attaque-au-camion-belier-a-tel-aviv\\\/217215\\\/#primaryimage\",\"url\":\"https:\\\/\\\/www.webdo.tn\\\/fr\\\/wp-content\\\/uploads\\\/2024\\\/10\\\/b18267010c1db7afc206db00a5aa3144.webp\",\"contentUrl\":\"https:\\\/\\\/www.webdo.tn\\\/fr\\\/wp-content\\\/uploads\\\/2024\\\/10\\\/b18267010c1db7afc206db00a5aa3144.webp\",\"width\":750,\"height\":400,\"caption\":\"Au moins 50 bless\u00e9s dans une attaque au camion b\u00e9lier \u00e0 Tel Aviv\"},{\"@type\":\"BreadcrumbList\",\"@id\":\"https:\\\/\\\/www.webdo.tn\\\/fr\\\/actualite\\\/international\\\/au-moins-50-blesses-dans-une-attaque-au-camion-belier-a-tel-aviv\\\/217215\\\/#breadcrumb\",\"itemListElement\":[{\"@type\":\"ListItem\",\"position\":1,\"name\":\"Accueil\",\"item\":\"https:\\\/\\\/www.webdo.tn\\\/fr\\\/\"},{\"@type\":\"ListItem\",\"position\":2,\"name\":\"Au moins 50 bless\u00e9s dans une attaque au camion b\u00e9lier \u00e0 Tel Aviv\"}]},{\"@type\":\"WebSite\",\"@id\":\"https:\\\/\\\/www.webdo.tn\\\/fr\\\/#website\",\"url\":\"https:\\\/\\\/www.webdo.tn\\\/fr\\\/\",\"name\":\"webdo\",\"description\":\"Tunisie - News en Tunisie et \u00e0 l&#039;international sur Webdo.tn\",\"publisher\":{\"@id\":\"https:\\\/\\\/www.webdo.tn\\\/fr\\\/#organization\"},\"potentialAction\":[{\"@type\":\"SearchAction\",\"target\":{\"@type\":\"EntryPoint\",\"urlTemplate\":\"https:\\\/\\\/www.webdo.tn\\\/fr\\\/?s={search_term_string}\"},\"query-input\":{\"@type\":\"PropertyValueSpecification\",\"valueRequired\":true,\"valueName\":\"search_term_string\"}}],\"inLanguage\":\"fr-FR\"},{\"@type\":\"Organization\",\"@id\":\"https:\\\/\\\/www.webdo.tn\\\/fr\\\/#organization\",\"name\":\"Webdo\",\"alternateName\":\"Webdo.tn\",\"url\":\"https:\\\/\\\/www.webdo.tn\\\/fr\\\/\",\"logo\":{\"@type\":\"ImageObject\",\"inLanguage\":\"fr-FR\",\"@id\":\"https:\\\/\\\/www.webdo.tn\\\/fr\\\/#\\\/schema\\\/logo\\\/image\\\/\",\"url\":\"https:\\\/\\\/www.webdo.tn\\\/fr\\\/wp-content\\\/uploads\\\/2025\\\/06\\\/Webdo-Tunisie_168377.jpg\",\"contentUrl\":\"https:\\\/\\\/www.webdo.tn\\\/fr\\\/wp-content\\\/uploads\\\/2025\\\/06\\\/Webdo-Tunisie_168377.jpg\",\"width\":301,\"height\":301,\"caption\":\"Webdo\"},\"image\":{\"@id\":\"https:\\\/\\\/www.webdo.tn\\\/fr\\\/#\\\/schema\\\/logo\\\/image\\\/\"},\"sameAs\":[\"https:\\\/\\\/www.facebook.com\\\/webdotn\",\"https:\\\/\\\/x.com\\\/webdo_tn\"],\"description\":\"Webdo est un m\u00e9dia num\u00e9rique tunisien fond\u00e9 en 2010, sp\u00e9cialis\u00e9 dans l\u2019actualit\u00e9 nationale et internationale, l\u2019\u00e9conomie, la soci\u00e9t\u00e9 et les analyses politiques. Le site s\u2019adresse \u00e0 un large public francophone et couvre l\u2019information tunisienne en temps r\u00e9el.\",\"email\":\"redac@webdo.tn\",\"legalName\":\"YNJ SARL\",\"foundingDate\":\"2010-09-06\",\"numberOfEmployees\":{\"@type\":\"QuantitativeValue\",\"minValue\":\"11\",\"maxValue\":\"50\"}},{\"@type\":\"Person\",\"@id\":\"https:\\\/\\\/www.webdo.tn\\\/fr\\\/#\\\/schema\\\/person\\\/f35b42a42c5e2511bbd282959d6385cc\",\"name\":\"CL\",\"image\":{\"@type\":\"ImageObject\",\"inLanguage\":\"fr-FR\",\"@id\":\"https:\\\/\\\/secure.gravatar.com\\\/avatar\\\/1447a49909b67aa657c488aec6512e1dd6143a480c1ecfee9b5b5cd74eb3b59e?s=96&d=mm&r=g\",\"url\":\"https:\\\/\\\/secure.gravatar.com\\\/avatar\\\/1447a49909b67aa657c488aec6512e1dd6143a480c1ecfee9b5b5cd74eb3b59e?s=96&d=mm&r=g\",\"contentUrl\":\"https:\\\/\\\/secure.gravatar.com\\\/avatar\\\/1447a49909b67aa657c488aec6512e1dd6143a480c1ecfee9b5b5cd74eb3b59e?s=96&d=mm&r=g\",\"caption\":\"CL\"},\"url\":\"https:\\\/\\\/www.webdo.tn\\\/fr\\\/actualite\\\/author\\\/cl\\\/\"}]}<\/script>\n<!-- \/ Yoast SEO Premium plugin. -->","yoast_head_json":{"title":"Au moins 50 bless\u00e9s dans une attaque au camion b\u00e9lier \u00e0 Tel Aviv","description":"En effet, un camion a fonc\u00e9 sur des personnes qui attendaient \u00e0 un arr\u00eat de bus. L'incident est toujours en cours d'enqu\u00eate, mais selon des m\u00e9dias locaux, l\u2019aut...","canonical":"https:\/\/www.webdo.tn\/fr\/actualite\/international\/au-moins-50-blesses-dans-une-attaque-au-camion-belier-a-tel-aviv\/217215\/","og_locale":"fr_FR","og_type":"article","og_title":"Au moins 50 bless\u00e9s dans une attaque au camion b\u00e9lier \u00e0 Tel Aviv","og_description":"En effet, un camion a fonc\u00e9 sur des personnes qui attendaient \u00e0 un arr\u00eat de bus. L'incident est toujours en cours d'enqu\u00eate, mais selon des m\u00e9dias locaux, l\u2019aut...","og_url":"https:\/\/www.webdo.tn\/fr\/actualite\/international\/au-moins-50-blesses-dans-une-attaque-au-camion-belier-a-tel-aviv\/217215\/","og_site_name":"webdo","article_publisher":"https:\/\/www.facebook.com\/webdotn","article_published_time":"2024-10-27T10:07:00+00:00","article_modified_time":"2025-05-20T22:34:37+00:00","og_image":[{"width":750,"height":400,"url":"https:\/\/www.webdo.tn\/fr\/wp-content\/uploads\/2024\/10\/b18267010c1db7afc206db00a5aa3144.webp","type":"image\/webp"}],"author":"CL","twitter_card":"summary_large_image","twitter_creator":"@webdo_tn","twitter_site":"@webdo_tn","twitter_misc":{"\u00c9crit par":"CL"},"schema":{"@context":"https:\/\/schema.org","@graph":[{"@type":"NewsArticle","@id":"https:\/\/www.webdo.tn\/fr\/actualite\/international\/au-moins-50-blesses-dans-une-attaque-au-camion-belier-a-tel-aviv\/217215\/#article","isPartOf":{"@id":"https:\/\/www.webdo.tn\/fr\/actualite\/international\/au-moins-50-blesses-dans-une-attaque-au-camion-belier-a-tel-aviv\/217215\/"},"author":{"name":"CL","@id":"https:\/\/www.webdo.tn\/fr\/#\/schema\/person\/f35b42a42c5e2511bbd282959d6385cc"},"headline":"Au moins 50 bless\u00e9s dans une attaque au camion b\u00e9lier \u00e0 Tel Aviv","datePublished":"2024-10-27T10:07:00+00:00","dateModified":"2025-05-20T22:34:37+00:00","mainEntityOfPage":{"@id":"https:\/\/www.webdo.tn\/fr\/actualite\/international\/au-moins-50-blesses-dans-une-attaque-au-camion-belier-a-tel-aviv\/217215\/"},"wordCount":110,"commentCount":0,"publisher":{"@id":"https:\/\/www.webdo.tn\/fr\/#organization"},"image":{"@id":"https:\/\/www.webdo.tn\/fr\/actualite\/international\/au-moins-50-blesses-dans-une-attaque-au-camion-belier-a-tel-aviv\/217215\/#primaryimage"},"thumbnailUrl":"https:\/\/www.webdo.tn\/fr\/wp-content\/uploads\/2024\/10\/b18267010c1db7afc206db00a5aa3144.webp","keywords":["attaque","isra\u00ebl","tel aviv"],"articleSection":["International"],"inLanguage":"fr-FR"},{"@type":"WebPage","@id":"https:\/\/www.webdo.tn\/fr\/actualite\/international\/au-moins-50-blesses-dans-une-attaque-au-camion-belier-a-tel-aviv\/217215\/","url":"https:\/\/www.webdo.tn\/fr\/actualite\/international\/au-moins-50-blesses-dans-une-attaque-au-camion-belier-a-tel-aviv\/217215\/","name":"Au moins 50 bless\u00e9s dans une attaque au camion b\u00e9lier \u00e0 Tel Aviv","isPartOf":{"@id":"https:\/\/www.webdo.tn\/fr\/#website"},"primaryImageOfPage":{"@id":"https:\/\/www.webdo.tn\/fr\/actualite\/international\/au-moins-50-blesses-dans-une-attaque-au-camion-belier-a-tel-aviv\/217215\/#primaryimage"},"image":{"@id":"https:\/\/www.webdo.tn\/fr\/actualite\/international\/au-moins-50-blesses-dans-une-attaque-au-camion-belier-a-tel-aviv\/217215\/#primaryimage"},"thumbnailUrl":"https:\/\/www.webdo.tn\/fr\/wp-content\/uploads\/2024\/10\/b18267010c1db7afc206db00a5aa3144.webp","datePublished":"2024-10-27T10:07:00+00:00","dateModified":"2025-05-20T22:34:37+00:00","description":"En effet, un camion a fonc\u00e9 sur des personnes qui attendaient \u00e0 un arr\u00eat de bus. L'incident est toujours en cours d'enqu\u00eate, mais selon des m\u00e9dias locaux, l\u2019aut...","breadcrumb":{"@id":"https:\/\/www.webdo.tn\/fr\/actualite\/international\/au-moins-50-blesses-dans-une-attaque-au-camion-belier-a-tel-aviv\/217215\/#breadcrumb"},"inLanguage":"fr-FR","potentialAction":[{"@type":"ReadAction","target":["https:\/\/www.webdo.tn\/fr\/actualite\/international\/au-moins-50-blesses-dans-une-attaque-au-camion-belier-a-tel-aviv\/217215\/"]}]},{"@type":"ImageObject","inLanguage":"fr-FR","@id":"https:\/\/www.webdo.tn\/fr\/actualite\/international\/au-moins-50-blesses-dans-une-attaque-au-camion-belier-a-tel-aviv\/217215\/#primaryimage","url":"https:\/\/www.webdo.tn\/fr\/wp-content\/uploads\/2024\/10\/b18267010c1db7afc206db00a5aa3144.webp","contentUrl":"https:\/\/www.webdo.tn\/fr\/wp-content\/uploads\/2024\/10\/b18267010c1db7afc206db00a5aa3144.webp","width":750,"height":400,"caption":"Au moins 50 bless\u00e9s dans une attaque au camion b\u00e9lier \u00e0 Tel Aviv"},{"@type":"BreadcrumbList","@id":"https:\/\/www.webdo.tn\/fr\/actualite\/international\/au-moins-50-blesses-dans-une-attaque-au-camion-belier-a-tel-aviv\/217215\/#breadcrumb","itemListElement":[{"@type":"ListItem","position":1,"name":"Accueil","item":"https:\/\/www.webdo.tn\/fr\/"},{"@type":"ListItem","position":2,"name":"Au moins 50 bless\u00e9s dans une attaque au camion b\u00e9lier \u00e0 Tel Aviv"}]},{"@type":"WebSite","@id":"https:\/\/www.webdo.tn\/fr\/#website","url":"https:\/\/www.webdo.tn\/fr\/","name":"webdo","description":"Tunisie - News en Tunisie et \u00e0 l&#039;international sur Webdo.tn","publisher":{"@id":"https:\/\/www.webdo.tn\/fr\/#organization"},"potentialAction":[{"@type":"SearchAction","target":{"@type":"EntryPoint","urlTemplate":"https:\/\/www.webdo.tn\/fr\/?s={search_term_string}"},"query-input":{"@type":"PropertyValueSpecification","valueRequired":true,"valueName":"search_term_string"}}],"inLanguage":"fr-FR"},{"@type":"Organization","@id":"https:\/\/www.webdo.tn\/fr\/#organization","name":"Webdo","alternateName":"Webdo.tn","url":"https:\/\/www.webdo.tn\/fr\/","logo":{"@type":"ImageObject","inLanguage":"fr-FR","@id":"https:\/\/www.webdo.tn\/fr\/#\/schema\/logo\/image\/","url":"https:\/\/www.webdo.tn\/fr\/wp-content\/uploads\/2025\/06\/Webdo-Tunisie_168377.jpg","contentUrl":"https:\/\/www.webdo.tn\/fr\/wp-content\/uploads\/2025\/06\/Webdo-Tunisie_168377.jpg","width":301,"height":301,"caption":"Webdo"},"image":{"@id":"https:\/\/www.webdo.tn\/fr\/#\/schema\/logo\/image\/"},"sameAs":["https:\/\/www.facebook.com\/webdotn","https:\/\/x.com\/webdo_tn"],"description":"Webdo est un m\u00e9dia num\u00e9rique tunisien fond\u00e9 en 2010, sp\u00e9cialis\u00e9 dans l\u2019actualit\u00e9 nationale et internationale, l\u2019\u00e9conomie, la soci\u00e9t\u00e9 et les analyses politiques. Le site s\u2019adresse \u00e0 un large public francophone et couvre l\u2019information tunisienne en temps r\u00e9el.","email":"redac@webdo.tn","legalName":"YNJ SARL","foundingDate":"2010-09-06","numberOfEmployees":{"@type":"QuantitativeValue","minValue":"11","maxValue":"50"}},{"@type":"Person","@id":"https:\/\/www.webdo.tn\/fr\/#\/schema\/person\/f35b42a42c5e2511bbd282959d6385cc","name":"CL","image":{"@type":"ImageObject","inLanguage":"fr-FR","@id":"https:\/\/secure.gravatar.com\/avatar\/1447a49909b67aa657c488aec6512e1dd6143a480c1ecfee9b5b5cd74eb3b59e?s=96&d=mm&r=g","url":"https:\/\/secure.gravatar.com\/avatar\/1447a49909b67aa657c488aec6512e1dd6143a480c1ecfee9b5b5cd74eb3b59e?s=96&d=mm&r=g","contentUrl":"https:\/\/secure.gravatar.com\/avatar\/1447a49909b67aa657c488aec6512e1dd6143a480c1ecfee9b5b5cd74eb3b59e?s=96&d=mm&r=g","caption":"CL"},"url":"https:\/\/www.webdo.tn\/fr\/actualite\/author\/cl\/"}]}},"_links":{"self":[{"href":"https:\/\/www.webdo.tn\/fr\/wp-json\/wp\/v2\/posts\/217215","targetHints":{"allow":["GET"]}}],"collection":[{"href":"https:\/\/www.webdo.tn\/fr\/wp-json\/wp\/v2\/posts"}],"about":[{"href":"https:\/\/www.webdo.tn\/fr\/wp-json\/wp\/v2\/types\/post"}],"author":[{"embeddable":true,"href":"https:\/\/www.webdo.tn\/fr\/wp-json\/wp\/v2\/users\/3175"}],"replies":[{"embeddable":true,"href":"https:\/\/www.webdo.tn\/fr\/wp-json\/wp\/v2\/comments?post=217215"}],"version-history":[{"count":0,"href":"https:\/\/www.webdo.tn\/fr\/wp-json\/wp\/v2\/posts\/217215\/revisions"}],"wp:featuredmedia":[{"embeddable":true,"href":"https:\/\/www.webdo.tn\/fr\/wp-json\/wp\/v2\/media\/246235"}],"wp:attachment":[{"href":"https:\/\/www.webdo.tn\/fr\/wp-json\/wp\/v2\/media?parent=217215"}],"wp:term":[{"taxonomy":"category","embeddable":true,"href":"https:\/\/www.webdo.tn\/fr\/wp-json\/wp\/v2\/categories?post=217215"},{"taxonomy":"post_tag","embeddable":true,"href":"https:\/\/www.webdo.tn\/fr\/wp-json\/wp\/v2\/tags?post=217215"}],"curies":[{"name":"wp","href":"https:\/\/api.w.org\/{rel}","templated":true}]}}