{"id":217214,"date":"2024-10-26T13:20:00","date_gmt":"2024-10-26T13:20:00","guid":{"rendered":"https:\/\/www.webdo.tn\/fr\/blog\/iran-dix-morts-dans-une-attaque-contre-la-police\/217214\/"},"modified":"2025-05-20T22:14:46","modified_gmt":"2025-05-20T22:14:46","slug":"iran-dix-morts-dans-une-attaque-contre-la-police","status":"publish","type":"post","link":"https:\/\/www.webdo.tn\/fr\/actualite\/international\/iran-dix-morts-dans-une-attaque-contre-la-police\/217214\/","title":{"rendered":"Iran : Dix morts dans une attaque contre la police"},"content":{"rendered":"<p>Au moins dix personnes ont \u00e9t\u00e9 tu\u00e9es, ce samedi, dans le sud-est de l&rsquo;Iran lors d&rsquo;une \u00ab\u00a0attaque terroriste\u00a0\u00bb survenue dans une zone de tensions au Sistan-Baloutchistan, r\u00e9gion frontali\u00e8re du Pakistan et de l&rsquo;Afghanistan, ont rapport\u00e9 des m\u00e9dias locaux.<\/p>\n<p>\u00ab\u00a0Dix individus ont \u00e9t\u00e9 tu\u00e9s lors d&rsquo;un acte terroriste commis dans le comt\u00e9 de Taftan contre des voitures de police\u00a0\u00bb, ont annonc\u00e9 les agences locales Mehr et Tasnim, sans pr\u00e9ciser le mode op\u00e9ratoire des assaillants.<\/p>\n<p>Aucun groupe n&rsquo;a revendiqu\u00e9 dans l&rsquo;imm\u00e9diat cette attaque survenue \u00e0 quelque 1.200 kilom\u00e8tres au sud-est de la capitale T\u00e9h\u00e9ran.<\/p>\n","protected":false},"excerpt":{"rendered":"<p>Au moins dix personnes ont \u00e9t\u00e9 tu\u00e9es, ce samedi, dans le sud-est de l&rsquo;Iran lors d&rsquo;une  attaque terroriste  survenue dans une zone de tensions au Sistan-Baloutch&#8230;<\/p>\n","protected":false},"author":3162,"featured_media":291245,"comment_status":"open","ping_status":"closed","sticky":false,"template":"","format":"standard","meta":{"footnotes":""},"categories":[2598],"tags":[3918,2912,3208,2643],"class_list":["post-217214","post","type-post","status-publish","format-standard","has-post-thumbnail","hentry","category-international","tag-attaque","tag-iran","tag-morts","tag-police"],"yoast_head":"<!-- This site is optimized with the Yoast SEO Premium plugin v27.4 (Yoast SEO v27.5) - https:\/\/yoast.com\/product\/yoast-seo-premium-wordpress\/ -->\n<title>Iran : Dix morts dans une attaque contre la police<\/title>\n<meta name=\"description\" content=\"Au moins dix personnes ont \u00e9t\u00e9 tu\u00e9es, ce samedi, dans le sud-est de l&#039;Iran lors d&#039;une attaque terroriste survenue dans une zone de tensions au Sistan-Baloutch...\" \/>\n<link rel=\"canonical\" href=\"https:\/\/www.webdo.tn\/fr\/actualite\/international\/iran-dix-morts-dans-une-attaque-contre-la-police\/217214\/\" \/>\n<meta property=\"og:locale\" content=\"fr_FR\" \/>\n<meta property=\"og:type\" content=\"article\" \/>\n<meta property=\"og:title\" content=\"Iran : Dix morts dans une attaque contre la police\" \/>\n<meta property=\"og:description\" content=\"Au moins dix personnes ont \u00e9t\u00e9 tu\u00e9es, ce samedi, dans le sud-est de l&#039;Iran lors d&#039;une attaque terroriste survenue dans une zone de tensions au Sistan-Baloutch...\" \/>\n<meta property=\"og:url\" content=\"https:\/\/www.webdo.tn\/fr\/actualite\/international\/iran-dix-morts-dans-une-attaque-contre-la-police\/217214\/\" \/>\n<meta property=\"og:site_name\" content=\"webdo\" \/>\n<meta property=\"article:publisher\" content=\"https:\/\/www.facebook.com\/webdotn\" \/>\n<meta property=\"article:published_time\" content=\"2024-10-26T13:20:00+00:00\" \/>\n<meta property=\"article:modified_time\" content=\"2025-05-20T22:14:46+00:00\" \/>\n<meta property=\"og:image\" content=\"https:\/\/www.webdo.tn\/fr\/wp-content\/uploads\/2024\/10\/ae5f1f0ae3e951bb184d72e888b71961.webp\" \/>\n\t<meta property=\"og:image:width\" content=\"750\" \/>\n\t<meta property=\"og:image:height\" content=\"400\" \/>\n\t<meta property=\"og:image:type\" content=\"image\/webp\" \/>\n<meta name=\"author\" content=\"MC\" \/>\n<meta name=\"twitter:card\" content=\"summary_large_image\" \/>\n<meta name=\"twitter:creator\" content=\"@webdo_tn\" \/>\n<meta name=\"twitter:site\" content=\"@webdo_tn\" \/>\n<meta name=\"twitter:label1\" content=\"\u00c9crit par\" \/>\n\t<meta name=\"twitter:data1\" content=\"MC\" \/>\n\t<meta name=\"twitter:label2\" content=\"Dur\u00e9e de lecture estim\u00e9e\" \/>\n\t<meta name=\"twitter:data2\" content=\"1 minute\" \/>\n<script type=\"application\/ld+json\" class=\"yoast-schema-graph\">{\"@context\":\"https:\\\/\\\/schema.org\",\"@graph\":[{\"@type\":\"NewsArticle\",\"@id\":\"https:\\\/\\\/www.webdo.tn\\\/fr\\\/actualite\\\/international\\\/iran-dix-morts-dans-une-attaque-contre-la-police\\\/217214\\\/#article\",\"isPartOf\":{\"@id\":\"https:\\\/\\\/www.webdo.tn\\\/fr\\\/actualite\\\/international\\\/iran-dix-morts-dans-une-attaque-contre-la-police\\\/217214\\\/\"},\"author\":{\"name\":\"MC\",\"@id\":\"https:\\\/\\\/www.webdo.tn\\\/fr\\\/#\\\/schema\\\/person\\\/2c4929cbf5a809e3bd38617c6ce150f6\"},\"headline\":\"Iran : Dix morts dans une attaque contre la police\",\"datePublished\":\"2024-10-26T13:20:00+00:00\",\"dateModified\":\"2025-05-20T22:14:46+00:00\",\"mainEntityOfPage\":{\"@id\":\"https:\\\/\\\/www.webdo.tn\\\/fr\\\/actualite\\\/international\\\/iran-dix-morts-dans-une-attaque-contre-la-police\\\/217214\\\/\"},\"wordCount\":116,\"commentCount\":0,\"publisher\":{\"@id\":\"https:\\\/\\\/www.webdo.tn\\\/fr\\\/#organization\"},\"image\":{\"@id\":\"https:\\\/\\\/www.webdo.tn\\\/fr\\\/actualite\\\/international\\\/iran-dix-morts-dans-une-attaque-contre-la-police\\\/217214\\\/#primaryimage\"},\"thumbnailUrl\":\"https:\\\/\\\/www.webdo.tn\\\/fr\\\/wp-content\\\/uploads\\\/2024\\\/10\\\/ae5f1f0ae3e951bb184d72e888b71961.webp\",\"keywords\":[\"attaque\",\"Iran\",\"morts\",\"police\"],\"articleSection\":[\"International\"],\"inLanguage\":\"fr-FR\"},{\"@type\":\"WebPage\",\"@id\":\"https:\\\/\\\/www.webdo.tn\\\/fr\\\/actualite\\\/international\\\/iran-dix-morts-dans-une-attaque-contre-la-police\\\/217214\\\/\",\"url\":\"https:\\\/\\\/www.webdo.tn\\\/fr\\\/actualite\\\/international\\\/iran-dix-morts-dans-une-attaque-contre-la-police\\\/217214\\\/\",\"name\":\"Iran : Dix morts dans une attaque contre la police\",\"isPartOf\":{\"@id\":\"https:\\\/\\\/www.webdo.tn\\\/fr\\\/#website\"},\"primaryImageOfPage\":{\"@id\":\"https:\\\/\\\/www.webdo.tn\\\/fr\\\/actualite\\\/international\\\/iran-dix-morts-dans-une-attaque-contre-la-police\\\/217214\\\/#primaryimage\"},\"image\":{\"@id\":\"https:\\\/\\\/www.webdo.tn\\\/fr\\\/actualite\\\/international\\\/iran-dix-morts-dans-une-attaque-contre-la-police\\\/217214\\\/#primaryimage\"},\"thumbnailUrl\":\"https:\\\/\\\/www.webdo.tn\\\/fr\\\/wp-content\\\/uploads\\\/2024\\\/10\\\/ae5f1f0ae3e951bb184d72e888b71961.webp\",\"datePublished\":\"2024-10-26T13:20:00+00:00\",\"dateModified\":\"2025-05-20T22:14:46+00:00\",\"description\":\"Au moins dix personnes ont \u00e9t\u00e9 tu\u00e9es, ce samedi, dans le sud-est de l'Iran lors d'une attaque terroriste survenue dans une zone de tensions au Sistan-Baloutch...\",\"breadcrumb\":{\"@id\":\"https:\\\/\\\/www.webdo.tn\\\/fr\\\/actualite\\\/international\\\/iran-dix-morts-dans-une-attaque-contre-la-police\\\/217214\\\/#breadcrumb\"},\"inLanguage\":\"fr-FR\",\"potentialAction\":[{\"@type\":\"ReadAction\",\"target\":[\"https:\\\/\\\/www.webdo.tn\\\/fr\\\/actualite\\\/international\\\/iran-dix-morts-dans-une-attaque-contre-la-police\\\/217214\\\/\"]}]},{\"@type\":\"ImageObject\",\"inLanguage\":\"fr-FR\",\"@id\":\"https:\\\/\\\/www.webdo.tn\\\/fr\\\/actualite\\\/international\\\/iran-dix-morts-dans-une-attaque-contre-la-police\\\/217214\\\/#primaryimage\",\"url\":\"https:\\\/\\\/www.webdo.tn\\\/fr\\\/wp-content\\\/uploads\\\/2024\\\/10\\\/ae5f1f0ae3e951bb184d72e888b71961.webp\",\"contentUrl\":\"https:\\\/\\\/www.webdo.tn\\\/fr\\\/wp-content\\\/uploads\\\/2024\\\/10\\\/ae5f1f0ae3e951bb184d72e888b71961.webp\",\"width\":750,\"height\":400,\"caption\":\"Iran : Dix morts dans une attaque contre la police\"},{\"@type\":\"BreadcrumbList\",\"@id\":\"https:\\\/\\\/www.webdo.tn\\\/fr\\\/actualite\\\/international\\\/iran-dix-morts-dans-une-attaque-contre-la-police\\\/217214\\\/#breadcrumb\",\"itemListElement\":[{\"@type\":\"ListItem\",\"position\":1,\"name\":\"Accueil\",\"item\":\"https:\\\/\\\/www.webdo.tn\\\/fr\\\/\"},{\"@type\":\"ListItem\",\"position\":2,\"name\":\"Iran : Dix morts dans une attaque contre la police\"}]},{\"@type\":\"WebSite\",\"@id\":\"https:\\\/\\\/www.webdo.tn\\\/fr\\\/#website\",\"url\":\"https:\\\/\\\/www.webdo.tn\\\/fr\\\/\",\"name\":\"webdo\",\"description\":\"Tunisie - News en Tunisie et \u00e0 l&#039;international sur Webdo.tn\",\"publisher\":{\"@id\":\"https:\\\/\\\/www.webdo.tn\\\/fr\\\/#organization\"},\"potentialAction\":[{\"@type\":\"SearchAction\",\"target\":{\"@type\":\"EntryPoint\",\"urlTemplate\":\"https:\\\/\\\/www.webdo.tn\\\/fr\\\/?s={search_term_string}\"},\"query-input\":{\"@type\":\"PropertyValueSpecification\",\"valueRequired\":true,\"valueName\":\"search_term_string\"}}],\"inLanguage\":\"fr-FR\"},{\"@type\":\"Organization\",\"@id\":\"https:\\\/\\\/www.webdo.tn\\\/fr\\\/#organization\",\"name\":\"Webdo\",\"alternateName\":\"Webdo.tn\",\"url\":\"https:\\\/\\\/www.webdo.tn\\\/fr\\\/\",\"logo\":{\"@type\":\"ImageObject\",\"inLanguage\":\"fr-FR\",\"@id\":\"https:\\\/\\\/www.webdo.tn\\\/fr\\\/#\\\/schema\\\/logo\\\/image\\\/\",\"url\":\"https:\\\/\\\/www.webdo.tn\\\/fr\\\/wp-content\\\/uploads\\\/2025\\\/06\\\/Webdo-Tunisie_168377.jpg\",\"contentUrl\":\"https:\\\/\\\/www.webdo.tn\\\/fr\\\/wp-content\\\/uploads\\\/2025\\\/06\\\/Webdo-Tunisie_168377.jpg\",\"width\":301,\"height\":301,\"caption\":\"Webdo\"},\"image\":{\"@id\":\"https:\\\/\\\/www.webdo.tn\\\/fr\\\/#\\\/schema\\\/logo\\\/image\\\/\"},\"sameAs\":[\"https:\\\/\\\/www.facebook.com\\\/webdotn\",\"https:\\\/\\\/x.com\\\/webdo_tn\"],\"description\":\"Webdo est un m\u00e9dia num\u00e9rique tunisien fond\u00e9 en 2010, sp\u00e9cialis\u00e9 dans l\u2019actualit\u00e9 nationale et internationale, l\u2019\u00e9conomie, la soci\u00e9t\u00e9 et les analyses politiques. Le site s\u2019adresse \u00e0 un large public francophone et couvre l\u2019information tunisienne en temps r\u00e9el.\",\"email\":\"redac@webdo.tn\",\"legalName\":\"YNJ SARL\",\"foundingDate\":\"2010-09-06\",\"numberOfEmployees\":{\"@type\":\"QuantitativeValue\",\"minValue\":\"11\",\"maxValue\":\"50\"}},{\"@type\":\"Person\",\"@id\":\"https:\\\/\\\/www.webdo.tn\\\/fr\\\/#\\\/schema\\\/person\\\/2c4929cbf5a809e3bd38617c6ce150f6\",\"name\":\"MC\",\"image\":{\"@type\":\"ImageObject\",\"inLanguage\":\"fr-FR\",\"@id\":\"https:\\\/\\\/secure.gravatar.com\\\/avatar\\\/a545bbb6f84efdd5553dbbc2895e3ca8f1d12c5215e00a041c9670b54aa9b18a?s=96&d=mm&r=g\",\"url\":\"https:\\\/\\\/secure.gravatar.com\\\/avatar\\\/a545bbb6f84efdd5553dbbc2895e3ca8f1d12c5215e00a041c9670b54aa9b18a?s=96&d=mm&r=g\",\"contentUrl\":\"https:\\\/\\\/secure.gravatar.com\\\/avatar\\\/a545bbb6f84efdd5553dbbc2895e3ca8f1d12c5215e00a041c9670b54aa9b18a?s=96&d=mm&r=g\",\"caption\":\"MC\"},\"url\":\"https:\\\/\\\/www.webdo.tn\\\/fr\\\/actualite\\\/author\\\/mc\\\/\"}]}<\/script>\n<!-- \/ Yoast SEO Premium plugin. -->","yoast_head_json":{"title":"Iran : Dix morts dans une attaque contre la police","description":"Au moins dix personnes ont \u00e9t\u00e9 tu\u00e9es, ce samedi, dans le sud-est de l'Iran lors d'une attaque terroriste survenue dans une zone de tensions au Sistan-Baloutch...","canonical":"https:\/\/www.webdo.tn\/fr\/actualite\/international\/iran-dix-morts-dans-une-attaque-contre-la-police\/217214\/","og_locale":"fr_FR","og_type":"article","og_title":"Iran : Dix morts dans une attaque contre la police","og_description":"Au moins dix personnes ont \u00e9t\u00e9 tu\u00e9es, ce samedi, dans le sud-est de l'Iran lors d'une attaque terroriste survenue dans une zone de tensions au Sistan-Baloutch...","og_url":"https:\/\/www.webdo.tn\/fr\/actualite\/international\/iran-dix-morts-dans-une-attaque-contre-la-police\/217214\/","og_site_name":"webdo","article_publisher":"https:\/\/www.facebook.com\/webdotn","article_published_time":"2024-10-26T13:20:00+00:00","article_modified_time":"2025-05-20T22:14:46+00:00","og_image":[{"width":750,"height":400,"url":"https:\/\/www.webdo.tn\/fr\/wp-content\/uploads\/2024\/10\/ae5f1f0ae3e951bb184d72e888b71961.webp","type":"image\/webp"}],"author":"MC","twitter_card":"summary_large_image","twitter_creator":"@webdo_tn","twitter_site":"@webdo_tn","twitter_misc":{"\u00c9crit par":"MC","Dur\u00e9e de lecture estim\u00e9e":"1 minute"},"schema":{"@context":"https:\/\/schema.org","@graph":[{"@type":"NewsArticle","@id":"https:\/\/www.webdo.tn\/fr\/actualite\/international\/iran-dix-morts-dans-une-attaque-contre-la-police\/217214\/#article","isPartOf":{"@id":"https:\/\/www.webdo.tn\/fr\/actualite\/international\/iran-dix-morts-dans-une-attaque-contre-la-police\/217214\/"},"author":{"name":"MC","@id":"https:\/\/www.webdo.tn\/fr\/#\/schema\/person\/2c4929cbf5a809e3bd38617c6ce150f6"},"headline":"Iran : Dix morts dans une attaque contre la police","datePublished":"2024-10-26T13:20:00+00:00","dateModified":"2025-05-20T22:14:46+00:00","mainEntityOfPage":{"@id":"https:\/\/www.webdo.tn\/fr\/actualite\/international\/iran-dix-morts-dans-une-attaque-contre-la-police\/217214\/"},"wordCount":116,"commentCount":0,"publisher":{"@id":"https:\/\/www.webdo.tn\/fr\/#organization"},"image":{"@id":"https:\/\/www.webdo.tn\/fr\/actualite\/international\/iran-dix-morts-dans-une-attaque-contre-la-police\/217214\/#primaryimage"},"thumbnailUrl":"https:\/\/www.webdo.tn\/fr\/wp-content\/uploads\/2024\/10\/ae5f1f0ae3e951bb184d72e888b71961.webp","keywords":["attaque","Iran","morts","police"],"articleSection":["International"],"inLanguage":"fr-FR"},{"@type":"WebPage","@id":"https:\/\/www.webdo.tn\/fr\/actualite\/international\/iran-dix-morts-dans-une-attaque-contre-la-police\/217214\/","url":"https:\/\/www.webdo.tn\/fr\/actualite\/international\/iran-dix-morts-dans-une-attaque-contre-la-police\/217214\/","name":"Iran : Dix morts dans une attaque contre la police","isPartOf":{"@id":"https:\/\/www.webdo.tn\/fr\/#website"},"primaryImageOfPage":{"@id":"https:\/\/www.webdo.tn\/fr\/actualite\/international\/iran-dix-morts-dans-une-attaque-contre-la-police\/217214\/#primaryimage"},"image":{"@id":"https:\/\/www.webdo.tn\/fr\/actualite\/international\/iran-dix-morts-dans-une-attaque-contre-la-police\/217214\/#primaryimage"},"thumbnailUrl":"https:\/\/www.webdo.tn\/fr\/wp-content\/uploads\/2024\/10\/ae5f1f0ae3e951bb184d72e888b71961.webp","datePublished":"2024-10-26T13:20:00+00:00","dateModified":"2025-05-20T22:14:46+00:00","description":"Au moins dix personnes ont \u00e9t\u00e9 tu\u00e9es, ce samedi, dans le sud-est de l'Iran lors d'une attaque terroriste survenue dans une zone de tensions au Sistan-Baloutch...","breadcrumb":{"@id":"https:\/\/www.webdo.tn\/fr\/actualite\/international\/iran-dix-morts-dans-une-attaque-contre-la-police\/217214\/#breadcrumb"},"inLanguage":"fr-FR","potentialAction":[{"@type":"ReadAction","target":["https:\/\/www.webdo.tn\/fr\/actualite\/international\/iran-dix-morts-dans-une-attaque-contre-la-police\/217214\/"]}]},{"@type":"ImageObject","inLanguage":"fr-FR","@id":"https:\/\/www.webdo.tn\/fr\/actualite\/international\/iran-dix-morts-dans-une-attaque-contre-la-police\/217214\/#primaryimage","url":"https:\/\/www.webdo.tn\/fr\/wp-content\/uploads\/2024\/10\/ae5f1f0ae3e951bb184d72e888b71961.webp","contentUrl":"https:\/\/www.webdo.tn\/fr\/wp-content\/uploads\/2024\/10\/ae5f1f0ae3e951bb184d72e888b71961.webp","width":750,"height":400,"caption":"Iran : Dix morts dans une attaque contre la police"},{"@type":"BreadcrumbList","@id":"https:\/\/www.webdo.tn\/fr\/actualite\/international\/iran-dix-morts-dans-une-attaque-contre-la-police\/217214\/#breadcrumb","itemListElement":[{"@type":"ListItem","position":1,"name":"Accueil","item":"https:\/\/www.webdo.tn\/fr\/"},{"@type":"ListItem","position":2,"name":"Iran : Dix morts dans une attaque contre la police"}]},{"@type":"WebSite","@id":"https:\/\/www.webdo.tn\/fr\/#website","url":"https:\/\/www.webdo.tn\/fr\/","name":"webdo","description":"Tunisie - News en Tunisie et \u00e0 l&#039;international sur Webdo.tn","publisher":{"@id":"https:\/\/www.webdo.tn\/fr\/#organization"},"potentialAction":[{"@type":"SearchAction","target":{"@type":"EntryPoint","urlTemplate":"https:\/\/www.webdo.tn\/fr\/?s={search_term_string}"},"query-input":{"@type":"PropertyValueSpecification","valueRequired":true,"valueName":"search_term_string"}}],"inLanguage":"fr-FR"},{"@type":"Organization","@id":"https:\/\/www.webdo.tn\/fr\/#organization","name":"Webdo","alternateName":"Webdo.tn","url":"https:\/\/www.webdo.tn\/fr\/","logo":{"@type":"ImageObject","inLanguage":"fr-FR","@id":"https:\/\/www.webdo.tn\/fr\/#\/schema\/logo\/image\/","url":"https:\/\/www.webdo.tn\/fr\/wp-content\/uploads\/2025\/06\/Webdo-Tunisie_168377.jpg","contentUrl":"https:\/\/www.webdo.tn\/fr\/wp-content\/uploads\/2025\/06\/Webdo-Tunisie_168377.jpg","width":301,"height":301,"caption":"Webdo"},"image":{"@id":"https:\/\/www.webdo.tn\/fr\/#\/schema\/logo\/image\/"},"sameAs":["https:\/\/www.facebook.com\/webdotn","https:\/\/x.com\/webdo_tn"],"description":"Webdo est un m\u00e9dia num\u00e9rique tunisien fond\u00e9 en 2010, sp\u00e9cialis\u00e9 dans l\u2019actualit\u00e9 nationale et internationale, l\u2019\u00e9conomie, la soci\u00e9t\u00e9 et les analyses politiques. Le site s\u2019adresse \u00e0 un large public francophone et couvre l\u2019information tunisienne en temps r\u00e9el.","email":"redac@webdo.tn","legalName":"YNJ SARL","foundingDate":"2010-09-06","numberOfEmployees":{"@type":"QuantitativeValue","minValue":"11","maxValue":"50"}},{"@type":"Person","@id":"https:\/\/www.webdo.tn\/fr\/#\/schema\/person\/2c4929cbf5a809e3bd38617c6ce150f6","name":"MC","image":{"@type":"ImageObject","inLanguage":"fr-FR","@id":"https:\/\/secure.gravatar.com\/avatar\/a545bbb6f84efdd5553dbbc2895e3ca8f1d12c5215e00a041c9670b54aa9b18a?s=96&d=mm&r=g","url":"https:\/\/secure.gravatar.com\/avatar\/a545bbb6f84efdd5553dbbc2895e3ca8f1d12c5215e00a041c9670b54aa9b18a?s=96&d=mm&r=g","contentUrl":"https:\/\/secure.gravatar.com\/avatar\/a545bbb6f84efdd5553dbbc2895e3ca8f1d12c5215e00a041c9670b54aa9b18a?s=96&d=mm&r=g","caption":"MC"},"url":"https:\/\/www.webdo.tn\/fr\/actualite\/author\/mc\/"}]}},"_links":{"self":[{"href":"https:\/\/www.webdo.tn\/fr\/wp-json\/wp\/v2\/posts\/217214","targetHints":{"allow":["GET"]}}],"collection":[{"href":"https:\/\/www.webdo.tn\/fr\/wp-json\/wp\/v2\/posts"}],"about":[{"href":"https:\/\/www.webdo.tn\/fr\/wp-json\/wp\/v2\/types\/post"}],"author":[{"embeddable":true,"href":"https:\/\/www.webdo.tn\/fr\/wp-json\/wp\/v2\/users\/3162"}],"replies":[{"embeddable":true,"href":"https:\/\/www.webdo.tn\/fr\/wp-json\/wp\/v2\/comments?post=217214"}],"version-history":[{"count":0,"href":"https:\/\/www.webdo.tn\/fr\/wp-json\/wp\/v2\/posts\/217214\/revisions"}],"wp:featuredmedia":[{"embeddable":true,"href":"https:\/\/www.webdo.tn\/fr\/wp-json\/wp\/v2\/media\/291245"}],"wp:attachment":[{"href":"https:\/\/www.webdo.tn\/fr\/wp-json\/wp\/v2\/media?parent=217214"}],"wp:term":[{"taxonomy":"category","embeddable":true,"href":"https:\/\/www.webdo.tn\/fr\/wp-json\/wp\/v2\/categories?post=217214"},{"taxonomy":"post_tag","embeddable":true,"href":"https:\/\/www.webdo.tn\/fr\/wp-json\/wp\/v2\/tags?post=217214"}],"curies":[{"name":"wp","href":"https:\/\/api.w.org\/{rel}","templated":true}]}}