{"id":217209,"date":"2024-10-26T09:57:00","date_gmt":"2024-10-26T09:57:00","guid":{"rendered":"https:\/\/www.webdo.tn\/fr\/blog\/israel-attaque-l-iran-cibles-militaires-visees-et-fortes-explosions-a-teheran\/217209\/"},"modified":"2025-05-20T22:14:45","modified_gmt":"2025-05-20T22:14:45","slug":"israel-attaque-l-iran-cibles-militaires-visees-et-fortes-explosions-a-teheran","status":"publish","type":"post","link":"https:\/\/www.webdo.tn\/fr\/actualite\/international\/israel-attaque-l-iran-cibles-militaires-visees-et-fortes-explosions-a-teheran\/217209\/","title":{"rendered":"Isra\u00ebl attaque l\u2019Iran : Cibles militaires vis\u00e9es"},"content":{"rendered":"<p>Isra\u00ebl a lanc\u00e9 des frappes sur T\u00e9h\u00e9ran dans la nuit de vendredi \u00e0 samedi. Selon des m\u00e9dias iraniens, de \u00ab fortes explosions \u00bb ont \u00e9t\u00e9 entendues dans la capitale, mais leur origine reste incertaine. Un journaliste de l&rsquo;AFP a \u00e9galement confirm\u00e9 ces d\u00e9tonations.<\/p>\n<p>\t\t\t\t\t\t\t\t\tL&rsquo;arm\u00e9e isra\u00e9lienne a d\u00e9clar\u00e9 avoir men\u00e9 des \u00ab frappes de pr\u00e9cision \u00bb sur des cibles militaires en Iran, justifiant ces actions par des mois d&rsquo;attaques iraniennes contre Isra\u00ebl. La Maison Blanche a consid\u00e9r\u00e9 ces frappes comme de l\u2019autod\u00e9fense, pr\u00e9cisant que les \u00c9tats-Unis avaient \u00e9t\u00e9 inform\u00e9s \u00e0 l\u2019avance, sans y participer.<\/p>\n<p>Les frappes isra\u00e9liennes suivent une attaque iranienne le 1er octobre, o\u00f9 environ 200 missiles, dont des hypersoniques, ont \u00e9t\u00e9 tir\u00e9s vers Isra\u00ebl. T\u00e9h\u00e9ran a qualifi\u00e9 ces tirs de \u00ab repr\u00e9sailles \u00bb suite \u00e0 des frappes isra\u00e9liennes au Liban.<\/p>\n<p>Parall\u00e8lement, la d\u00e9fense antia\u00e9rienne syrienne a intercept\u00e9 des \u00ab cibles ennemies \u00bb pr\u00e8s de Damas, selon l\u2019agence officielle syrienne Sana, alors qu&rsquo;Isra\u00ebl menait ses op\u00e9rations en Iran.<\/p>\n<p>L&rsquo;Iran a rapport\u00e9 samedi des \u00ab\u00a0d\u00e9g\u00e2ts limit\u00e9s\u00a0\u00bb apr\u00e8s les frappes a\u00e9riennes contre des sites de fabrication de missiles. L&rsquo;attaque isra\u00e9lienne contre \u00ab\u00a0des sites militaires dans les provinces de T\u00e9h\u00e9ran et celles du Khouzestan (sud-ouest) et d&rsquo;Ilam (ouest)\u00a0\u00bb, limitrophes de l&rsquo;Irak, a caus\u00e9 des \u00ab\u00a0d\u00e9g\u00e2ts limit\u00e9s\u00a0\u00bb, ont assur\u00e9 les forces iraniennes de d\u00e9fense a\u00e9rienne.<\/p>\n","protected":false},"excerpt":{"rendered":"<p>Isra\u00ebl a lanc\u00e9 des frappes sur T\u00e9h\u00e9ran dans la nuit de vendredi \u00e0 samedi. Selon des m\u00e9dias iraniens, de \u00ab fortes explosions \u00bb ont \u00e9t\u00e9 entendues dans la capitale&#8230;<\/p>\n","protected":false},"author":3162,"featured_media":291241,"comment_status":"open","ping_status":"closed","sticky":false,"template":"","format":"standard","meta":{"footnotes":""},"categories":[2598],"tags":[3918,2689,5302,2912,2636,2688],"class_list":["post-217209","post","type-post","status-publish","format-standard","has-post-thumbnail","hentry","category-international","tag-attaque","tag-gaza","tag-hezbollah","tag-iran","tag-israel","tag-palestine"],"yoast_head":"<!-- This site is optimized with the Yoast SEO Premium plugin v27.4 (Yoast SEO v27.5) - https:\/\/yoast.com\/product\/yoast-seo-premium-wordpress\/ -->\n<title>Isra\u00ebl attaque l\u2019Iran : Cibles militaires vis\u00e9es<\/title>\n<meta name=\"description\" content=\"Isra\u00ebl a lanc\u00e9 des frappes sur T\u00e9h\u00e9ran dans la nuit de vendredi \u00e0 samedi. Selon des m\u00e9dias iraniens, de \u00ab fortes explosions \u00bb ont \u00e9t\u00e9 entendues dans la capitale...\" \/>\n<link rel=\"canonical\" href=\"https:\/\/www.webdo.tn\/fr\/actualite\/international\/israel-attaque-l-iran-cibles-militaires-visees-et-fortes-explosions-a-teheran\/217209\/\" \/>\n<meta property=\"og:locale\" content=\"fr_FR\" \/>\n<meta property=\"og:type\" content=\"article\" \/>\n<meta property=\"og:title\" content=\"Isra\u00ebl attaque l\u2019Iran : Cibles militaires vis\u00e9es\" \/>\n<meta property=\"og:description\" content=\"Isra\u00ebl a lanc\u00e9 des frappes sur T\u00e9h\u00e9ran dans la nuit de vendredi \u00e0 samedi. Selon des m\u00e9dias iraniens, de \u00ab fortes explosions \u00bb ont \u00e9t\u00e9 entendues dans la capitale...\" \/>\n<meta property=\"og:url\" content=\"https:\/\/www.webdo.tn\/fr\/actualite\/international\/israel-attaque-l-iran-cibles-militaires-visees-et-fortes-explosions-a-teheran\/217209\/\" \/>\n<meta property=\"og:site_name\" content=\"webdo\" \/>\n<meta property=\"article:publisher\" content=\"https:\/\/www.facebook.com\/webdotn\" \/>\n<meta property=\"article:published_time\" content=\"2024-10-26T09:57:00+00:00\" \/>\n<meta property=\"article:modified_time\" content=\"2025-05-20T22:14:45+00:00\" \/>\n<meta property=\"og:image\" content=\"https:\/\/www.webdo.tn\/fr\/wp-content\/uploads\/2024\/10\/6f3227e20fe24aa9f4401acaab981c59.webp\" \/>\n\t<meta property=\"og:image:width\" content=\"750\" \/>\n\t<meta property=\"og:image:height\" content=\"400\" \/>\n\t<meta property=\"og:image:type\" content=\"image\/webp\" \/>\n<meta name=\"author\" content=\"MC\" \/>\n<meta name=\"twitter:card\" content=\"summary_large_image\" \/>\n<meta name=\"twitter:creator\" content=\"@webdo_tn\" \/>\n<meta name=\"twitter:site\" content=\"@webdo_tn\" \/>\n<meta name=\"twitter:label1\" content=\"\u00c9crit par\" \/>\n\t<meta name=\"twitter:data1\" content=\"MC\" \/>\n\t<meta name=\"twitter:label2\" content=\"Dur\u00e9e de lecture estim\u00e9e\" \/>\n\t<meta name=\"twitter:data2\" content=\"1 minute\" \/>\n<script type=\"application\/ld+json\" class=\"yoast-schema-graph\">{\"@context\":\"https:\\\/\\\/schema.org\",\"@graph\":[{\"@type\":\"NewsArticle\",\"@id\":\"https:\\\/\\\/www.webdo.tn\\\/fr\\\/actualite\\\/international\\\/israel-attaque-l-iran-cibles-militaires-visees-et-fortes-explosions-a-teheran\\\/217209\\\/#article\",\"isPartOf\":{\"@id\":\"https:\\\/\\\/www.webdo.tn\\\/fr\\\/actualite\\\/international\\\/israel-attaque-l-iran-cibles-militaires-visees-et-fortes-explosions-a-teheran\\\/217209\\\/\"},\"author\":{\"name\":\"MC\",\"@id\":\"https:\\\/\\\/www.webdo.tn\\\/fr\\\/#\\\/schema\\\/person\\\/2c4929cbf5a809e3bd38617c6ce150f6\"},\"headline\":\"Isra\u00ebl attaque l\u2019Iran : Cibles militaires vis\u00e9es\",\"datePublished\":\"2024-10-26T09:57:00+00:00\",\"dateModified\":\"2025-05-20T22:14:45+00:00\",\"mainEntityOfPage\":{\"@id\":\"https:\\\/\\\/www.webdo.tn\\\/fr\\\/actualite\\\/international\\\/israel-attaque-l-iran-cibles-militaires-visees-et-fortes-explosions-a-teheran\\\/217209\\\/\"},\"wordCount\":259,\"commentCount\":0,\"publisher\":{\"@id\":\"https:\\\/\\\/www.webdo.tn\\\/fr\\\/#organization\"},\"image\":{\"@id\":\"https:\\\/\\\/www.webdo.tn\\\/fr\\\/actualite\\\/international\\\/israel-attaque-l-iran-cibles-militaires-visees-et-fortes-explosions-a-teheran\\\/217209\\\/#primaryimage\"},\"thumbnailUrl\":\"https:\\\/\\\/www.webdo.tn\\\/fr\\\/wp-content\\\/uploads\\\/2024\\\/10\\\/6f3227e20fe24aa9f4401acaab981c59.webp\",\"keywords\":[\"attaque\",\"Gaza\",\"Hezbollah\",\"Iran\",\"isra\u00ebl\",\"Palestine\"],\"articleSection\":[\"International\"],\"inLanguage\":\"fr-FR\"},{\"@type\":\"WebPage\",\"@id\":\"https:\\\/\\\/www.webdo.tn\\\/fr\\\/actualite\\\/international\\\/israel-attaque-l-iran-cibles-militaires-visees-et-fortes-explosions-a-teheran\\\/217209\\\/\",\"url\":\"https:\\\/\\\/www.webdo.tn\\\/fr\\\/actualite\\\/international\\\/israel-attaque-l-iran-cibles-militaires-visees-et-fortes-explosions-a-teheran\\\/217209\\\/\",\"name\":\"Isra\u00ebl attaque l\u2019Iran : Cibles militaires vis\u00e9es\",\"isPartOf\":{\"@id\":\"https:\\\/\\\/www.webdo.tn\\\/fr\\\/#website\"},\"primaryImageOfPage\":{\"@id\":\"https:\\\/\\\/www.webdo.tn\\\/fr\\\/actualite\\\/international\\\/israel-attaque-l-iran-cibles-militaires-visees-et-fortes-explosions-a-teheran\\\/217209\\\/#primaryimage\"},\"image\":{\"@id\":\"https:\\\/\\\/www.webdo.tn\\\/fr\\\/actualite\\\/international\\\/israel-attaque-l-iran-cibles-militaires-visees-et-fortes-explosions-a-teheran\\\/217209\\\/#primaryimage\"},\"thumbnailUrl\":\"https:\\\/\\\/www.webdo.tn\\\/fr\\\/wp-content\\\/uploads\\\/2024\\\/10\\\/6f3227e20fe24aa9f4401acaab981c59.webp\",\"datePublished\":\"2024-10-26T09:57:00+00:00\",\"dateModified\":\"2025-05-20T22:14:45+00:00\",\"description\":\"Isra\u00ebl a lanc\u00e9 des frappes sur T\u00e9h\u00e9ran dans la nuit de vendredi \u00e0 samedi. Selon des m\u00e9dias iraniens, de \u00ab fortes explosions \u00bb ont \u00e9t\u00e9 entendues dans la capitale...\",\"breadcrumb\":{\"@id\":\"https:\\\/\\\/www.webdo.tn\\\/fr\\\/actualite\\\/international\\\/israel-attaque-l-iran-cibles-militaires-visees-et-fortes-explosions-a-teheran\\\/217209\\\/#breadcrumb\"},\"inLanguage\":\"fr-FR\",\"potentialAction\":[{\"@type\":\"ReadAction\",\"target\":[\"https:\\\/\\\/www.webdo.tn\\\/fr\\\/actualite\\\/international\\\/israel-attaque-l-iran-cibles-militaires-visees-et-fortes-explosions-a-teheran\\\/217209\\\/\"]}]},{\"@type\":\"ImageObject\",\"inLanguage\":\"fr-FR\",\"@id\":\"https:\\\/\\\/www.webdo.tn\\\/fr\\\/actualite\\\/international\\\/israel-attaque-l-iran-cibles-militaires-visees-et-fortes-explosions-a-teheran\\\/217209\\\/#primaryimage\",\"url\":\"https:\\\/\\\/www.webdo.tn\\\/fr\\\/wp-content\\\/uploads\\\/2024\\\/10\\\/6f3227e20fe24aa9f4401acaab981c59.webp\",\"contentUrl\":\"https:\\\/\\\/www.webdo.tn\\\/fr\\\/wp-content\\\/uploads\\\/2024\\\/10\\\/6f3227e20fe24aa9f4401acaab981c59.webp\",\"width\":750,\"height\":400,\"caption\":\"Isra\u00ebl attaque l\u2019Iran : Cibles militaires vis\u00e9es\"},{\"@type\":\"BreadcrumbList\",\"@id\":\"https:\\\/\\\/www.webdo.tn\\\/fr\\\/actualite\\\/international\\\/israel-attaque-l-iran-cibles-militaires-visees-et-fortes-explosions-a-teheran\\\/217209\\\/#breadcrumb\",\"itemListElement\":[{\"@type\":\"ListItem\",\"position\":1,\"name\":\"Accueil\",\"item\":\"https:\\\/\\\/www.webdo.tn\\\/fr\\\/\"},{\"@type\":\"ListItem\",\"position\":2,\"name\":\"Isra\u00ebl attaque l\u2019Iran : Cibles militaires vis\u00e9es\"}]},{\"@type\":\"WebSite\",\"@id\":\"https:\\\/\\\/www.webdo.tn\\\/fr\\\/#website\",\"url\":\"https:\\\/\\\/www.webdo.tn\\\/fr\\\/\",\"name\":\"webdo\",\"description\":\"Tunisie - News en Tunisie et \u00e0 l&#039;international sur Webdo.tn\",\"publisher\":{\"@id\":\"https:\\\/\\\/www.webdo.tn\\\/fr\\\/#organization\"},\"potentialAction\":[{\"@type\":\"SearchAction\",\"target\":{\"@type\":\"EntryPoint\",\"urlTemplate\":\"https:\\\/\\\/www.webdo.tn\\\/fr\\\/?s={search_term_string}\"},\"query-input\":{\"@type\":\"PropertyValueSpecification\",\"valueRequired\":true,\"valueName\":\"search_term_string\"}}],\"inLanguage\":\"fr-FR\"},{\"@type\":\"Organization\",\"@id\":\"https:\\\/\\\/www.webdo.tn\\\/fr\\\/#organization\",\"name\":\"Webdo\",\"alternateName\":\"Webdo.tn\",\"url\":\"https:\\\/\\\/www.webdo.tn\\\/fr\\\/\",\"logo\":{\"@type\":\"ImageObject\",\"inLanguage\":\"fr-FR\",\"@id\":\"https:\\\/\\\/www.webdo.tn\\\/fr\\\/#\\\/schema\\\/logo\\\/image\\\/\",\"url\":\"https:\\\/\\\/www.webdo.tn\\\/fr\\\/wp-content\\\/uploads\\\/2025\\\/06\\\/Webdo-Tunisie_168377.jpg\",\"contentUrl\":\"https:\\\/\\\/www.webdo.tn\\\/fr\\\/wp-content\\\/uploads\\\/2025\\\/06\\\/Webdo-Tunisie_168377.jpg\",\"width\":301,\"height\":301,\"caption\":\"Webdo\"},\"image\":{\"@id\":\"https:\\\/\\\/www.webdo.tn\\\/fr\\\/#\\\/schema\\\/logo\\\/image\\\/\"},\"sameAs\":[\"https:\\\/\\\/www.facebook.com\\\/webdotn\",\"https:\\\/\\\/x.com\\\/webdo_tn\"],\"description\":\"Webdo est un m\u00e9dia num\u00e9rique tunisien fond\u00e9 en 2010, sp\u00e9cialis\u00e9 dans l\u2019actualit\u00e9 nationale et internationale, l\u2019\u00e9conomie, la soci\u00e9t\u00e9 et les analyses politiques. Le site s\u2019adresse \u00e0 un large public francophone et couvre l\u2019information tunisienne en temps r\u00e9el.\",\"email\":\"redac@webdo.tn\",\"legalName\":\"YNJ SARL\",\"foundingDate\":\"2010-09-06\",\"numberOfEmployees\":{\"@type\":\"QuantitativeValue\",\"minValue\":\"11\",\"maxValue\":\"50\"}},{\"@type\":\"Person\",\"@id\":\"https:\\\/\\\/www.webdo.tn\\\/fr\\\/#\\\/schema\\\/person\\\/2c4929cbf5a809e3bd38617c6ce150f6\",\"name\":\"MC\",\"image\":{\"@type\":\"ImageObject\",\"inLanguage\":\"fr-FR\",\"@id\":\"https:\\\/\\\/secure.gravatar.com\\\/avatar\\\/a545bbb6f84efdd5553dbbc2895e3ca8f1d12c5215e00a041c9670b54aa9b18a?s=96&d=mm&r=g\",\"url\":\"https:\\\/\\\/secure.gravatar.com\\\/avatar\\\/a545bbb6f84efdd5553dbbc2895e3ca8f1d12c5215e00a041c9670b54aa9b18a?s=96&d=mm&r=g\",\"contentUrl\":\"https:\\\/\\\/secure.gravatar.com\\\/avatar\\\/a545bbb6f84efdd5553dbbc2895e3ca8f1d12c5215e00a041c9670b54aa9b18a?s=96&d=mm&r=g\",\"caption\":\"MC\"},\"url\":\"https:\\\/\\\/www.webdo.tn\\\/fr\\\/actualite\\\/author\\\/mc\\\/\"}]}<\/script>\n<!-- \/ Yoast SEO Premium plugin. -->","yoast_head_json":{"title":"Isra\u00ebl attaque l\u2019Iran : Cibles militaires vis\u00e9es","description":"Isra\u00ebl a lanc\u00e9 des frappes sur T\u00e9h\u00e9ran dans la nuit de vendredi \u00e0 samedi. Selon des m\u00e9dias iraniens, de \u00ab fortes explosions \u00bb ont \u00e9t\u00e9 entendues dans la capitale...","canonical":"https:\/\/www.webdo.tn\/fr\/actualite\/international\/israel-attaque-l-iran-cibles-militaires-visees-et-fortes-explosions-a-teheran\/217209\/","og_locale":"fr_FR","og_type":"article","og_title":"Isra\u00ebl attaque l\u2019Iran : Cibles militaires vis\u00e9es","og_description":"Isra\u00ebl a lanc\u00e9 des frappes sur T\u00e9h\u00e9ran dans la nuit de vendredi \u00e0 samedi. Selon des m\u00e9dias iraniens, de \u00ab fortes explosions \u00bb ont \u00e9t\u00e9 entendues dans la capitale...","og_url":"https:\/\/www.webdo.tn\/fr\/actualite\/international\/israel-attaque-l-iran-cibles-militaires-visees-et-fortes-explosions-a-teheran\/217209\/","og_site_name":"webdo","article_publisher":"https:\/\/www.facebook.com\/webdotn","article_published_time":"2024-10-26T09:57:00+00:00","article_modified_time":"2025-05-20T22:14:45+00:00","og_image":[{"width":750,"height":400,"url":"https:\/\/www.webdo.tn\/fr\/wp-content\/uploads\/2024\/10\/6f3227e20fe24aa9f4401acaab981c59.webp","type":"image\/webp"}],"author":"MC","twitter_card":"summary_large_image","twitter_creator":"@webdo_tn","twitter_site":"@webdo_tn","twitter_misc":{"\u00c9crit par":"MC","Dur\u00e9e de lecture estim\u00e9e":"1 minute"},"schema":{"@context":"https:\/\/schema.org","@graph":[{"@type":"NewsArticle","@id":"https:\/\/www.webdo.tn\/fr\/actualite\/international\/israel-attaque-l-iran-cibles-militaires-visees-et-fortes-explosions-a-teheran\/217209\/#article","isPartOf":{"@id":"https:\/\/www.webdo.tn\/fr\/actualite\/international\/israel-attaque-l-iran-cibles-militaires-visees-et-fortes-explosions-a-teheran\/217209\/"},"author":{"name":"MC","@id":"https:\/\/www.webdo.tn\/fr\/#\/schema\/person\/2c4929cbf5a809e3bd38617c6ce150f6"},"headline":"Isra\u00ebl attaque l\u2019Iran : Cibles militaires vis\u00e9es","datePublished":"2024-10-26T09:57:00+00:00","dateModified":"2025-05-20T22:14:45+00:00","mainEntityOfPage":{"@id":"https:\/\/www.webdo.tn\/fr\/actualite\/international\/israel-attaque-l-iran-cibles-militaires-visees-et-fortes-explosions-a-teheran\/217209\/"},"wordCount":259,"commentCount":0,"publisher":{"@id":"https:\/\/www.webdo.tn\/fr\/#organization"},"image":{"@id":"https:\/\/www.webdo.tn\/fr\/actualite\/international\/israel-attaque-l-iran-cibles-militaires-visees-et-fortes-explosions-a-teheran\/217209\/#primaryimage"},"thumbnailUrl":"https:\/\/www.webdo.tn\/fr\/wp-content\/uploads\/2024\/10\/6f3227e20fe24aa9f4401acaab981c59.webp","keywords":["attaque","Gaza","Hezbollah","Iran","isra\u00ebl","Palestine"],"articleSection":["International"],"inLanguage":"fr-FR"},{"@type":"WebPage","@id":"https:\/\/www.webdo.tn\/fr\/actualite\/international\/israel-attaque-l-iran-cibles-militaires-visees-et-fortes-explosions-a-teheran\/217209\/","url":"https:\/\/www.webdo.tn\/fr\/actualite\/international\/israel-attaque-l-iran-cibles-militaires-visees-et-fortes-explosions-a-teheran\/217209\/","name":"Isra\u00ebl attaque l\u2019Iran : Cibles militaires vis\u00e9es","isPartOf":{"@id":"https:\/\/www.webdo.tn\/fr\/#website"},"primaryImageOfPage":{"@id":"https:\/\/www.webdo.tn\/fr\/actualite\/international\/israel-attaque-l-iran-cibles-militaires-visees-et-fortes-explosions-a-teheran\/217209\/#primaryimage"},"image":{"@id":"https:\/\/www.webdo.tn\/fr\/actualite\/international\/israel-attaque-l-iran-cibles-militaires-visees-et-fortes-explosions-a-teheran\/217209\/#primaryimage"},"thumbnailUrl":"https:\/\/www.webdo.tn\/fr\/wp-content\/uploads\/2024\/10\/6f3227e20fe24aa9f4401acaab981c59.webp","datePublished":"2024-10-26T09:57:00+00:00","dateModified":"2025-05-20T22:14:45+00:00","description":"Isra\u00ebl a lanc\u00e9 des frappes sur T\u00e9h\u00e9ran dans la nuit de vendredi \u00e0 samedi. Selon des m\u00e9dias iraniens, de \u00ab fortes explosions \u00bb ont \u00e9t\u00e9 entendues dans la capitale...","breadcrumb":{"@id":"https:\/\/www.webdo.tn\/fr\/actualite\/international\/israel-attaque-l-iran-cibles-militaires-visees-et-fortes-explosions-a-teheran\/217209\/#breadcrumb"},"inLanguage":"fr-FR","potentialAction":[{"@type":"ReadAction","target":["https:\/\/www.webdo.tn\/fr\/actualite\/international\/israel-attaque-l-iran-cibles-militaires-visees-et-fortes-explosions-a-teheran\/217209\/"]}]},{"@type":"ImageObject","inLanguage":"fr-FR","@id":"https:\/\/www.webdo.tn\/fr\/actualite\/international\/israel-attaque-l-iran-cibles-militaires-visees-et-fortes-explosions-a-teheran\/217209\/#primaryimage","url":"https:\/\/www.webdo.tn\/fr\/wp-content\/uploads\/2024\/10\/6f3227e20fe24aa9f4401acaab981c59.webp","contentUrl":"https:\/\/www.webdo.tn\/fr\/wp-content\/uploads\/2024\/10\/6f3227e20fe24aa9f4401acaab981c59.webp","width":750,"height":400,"caption":"Isra\u00ebl attaque l\u2019Iran : Cibles militaires vis\u00e9es"},{"@type":"BreadcrumbList","@id":"https:\/\/www.webdo.tn\/fr\/actualite\/international\/israel-attaque-l-iran-cibles-militaires-visees-et-fortes-explosions-a-teheran\/217209\/#breadcrumb","itemListElement":[{"@type":"ListItem","position":1,"name":"Accueil","item":"https:\/\/www.webdo.tn\/fr\/"},{"@type":"ListItem","position":2,"name":"Isra\u00ebl attaque l\u2019Iran : Cibles militaires vis\u00e9es"}]},{"@type":"WebSite","@id":"https:\/\/www.webdo.tn\/fr\/#website","url":"https:\/\/www.webdo.tn\/fr\/","name":"webdo","description":"Tunisie - News en Tunisie et \u00e0 l&#039;international sur Webdo.tn","publisher":{"@id":"https:\/\/www.webdo.tn\/fr\/#organization"},"potentialAction":[{"@type":"SearchAction","target":{"@type":"EntryPoint","urlTemplate":"https:\/\/www.webdo.tn\/fr\/?s={search_term_string}"},"query-input":{"@type":"PropertyValueSpecification","valueRequired":true,"valueName":"search_term_string"}}],"inLanguage":"fr-FR"},{"@type":"Organization","@id":"https:\/\/www.webdo.tn\/fr\/#organization","name":"Webdo","alternateName":"Webdo.tn","url":"https:\/\/www.webdo.tn\/fr\/","logo":{"@type":"ImageObject","inLanguage":"fr-FR","@id":"https:\/\/www.webdo.tn\/fr\/#\/schema\/logo\/image\/","url":"https:\/\/www.webdo.tn\/fr\/wp-content\/uploads\/2025\/06\/Webdo-Tunisie_168377.jpg","contentUrl":"https:\/\/www.webdo.tn\/fr\/wp-content\/uploads\/2025\/06\/Webdo-Tunisie_168377.jpg","width":301,"height":301,"caption":"Webdo"},"image":{"@id":"https:\/\/www.webdo.tn\/fr\/#\/schema\/logo\/image\/"},"sameAs":["https:\/\/www.facebook.com\/webdotn","https:\/\/x.com\/webdo_tn"],"description":"Webdo est un m\u00e9dia num\u00e9rique tunisien fond\u00e9 en 2010, sp\u00e9cialis\u00e9 dans l\u2019actualit\u00e9 nationale et internationale, l\u2019\u00e9conomie, la soci\u00e9t\u00e9 et les analyses politiques. Le site s\u2019adresse \u00e0 un large public francophone et couvre l\u2019information tunisienne en temps r\u00e9el.","email":"redac@webdo.tn","legalName":"YNJ SARL","foundingDate":"2010-09-06","numberOfEmployees":{"@type":"QuantitativeValue","minValue":"11","maxValue":"50"}},{"@type":"Person","@id":"https:\/\/www.webdo.tn\/fr\/#\/schema\/person\/2c4929cbf5a809e3bd38617c6ce150f6","name":"MC","image":{"@type":"ImageObject","inLanguage":"fr-FR","@id":"https:\/\/secure.gravatar.com\/avatar\/a545bbb6f84efdd5553dbbc2895e3ca8f1d12c5215e00a041c9670b54aa9b18a?s=96&d=mm&r=g","url":"https:\/\/secure.gravatar.com\/avatar\/a545bbb6f84efdd5553dbbc2895e3ca8f1d12c5215e00a041c9670b54aa9b18a?s=96&d=mm&r=g","contentUrl":"https:\/\/secure.gravatar.com\/avatar\/a545bbb6f84efdd5553dbbc2895e3ca8f1d12c5215e00a041c9670b54aa9b18a?s=96&d=mm&r=g","caption":"MC"},"url":"https:\/\/www.webdo.tn\/fr\/actualite\/author\/mc\/"}]}},"_links":{"self":[{"href":"https:\/\/www.webdo.tn\/fr\/wp-json\/wp\/v2\/posts\/217209","targetHints":{"allow":["GET"]}}],"collection":[{"href":"https:\/\/www.webdo.tn\/fr\/wp-json\/wp\/v2\/posts"}],"about":[{"href":"https:\/\/www.webdo.tn\/fr\/wp-json\/wp\/v2\/types\/post"}],"author":[{"embeddable":true,"href":"https:\/\/www.webdo.tn\/fr\/wp-json\/wp\/v2\/users\/3162"}],"replies":[{"embeddable":true,"href":"https:\/\/www.webdo.tn\/fr\/wp-json\/wp\/v2\/comments?post=217209"}],"version-history":[{"count":0,"href":"https:\/\/www.webdo.tn\/fr\/wp-json\/wp\/v2\/posts\/217209\/revisions"}],"wp:featuredmedia":[{"embeddable":true,"href":"https:\/\/www.webdo.tn\/fr\/wp-json\/wp\/v2\/media\/291241"}],"wp:attachment":[{"href":"https:\/\/www.webdo.tn\/fr\/wp-json\/wp\/v2\/media?parent=217209"}],"wp:term":[{"taxonomy":"category","embeddable":true,"href":"https:\/\/www.webdo.tn\/fr\/wp-json\/wp\/v2\/categories?post=217209"},{"taxonomy":"post_tag","embeddable":true,"href":"https:\/\/www.webdo.tn\/fr\/wp-json\/wp\/v2\/tags?post=217209"}],"curies":[{"name":"wp","href":"https:\/\/api.w.org\/{rel}","templated":true}]}}