{"id":217184,"date":"2024-10-24T18:26:00","date_gmt":"2024-10-24T18:26:00","guid":{"rendered":"https:\/\/www.webdo.tn\/fr\/blog\/au-sommet-de-paris-la-tunisie-renouvelle-son-soutien-au-liban\/217184\/"},"modified":"2025-05-17T20:21:35","modified_gmt":"2025-05-17T20:21:35","slug":"au-sommet-de-paris-la-tunisie-renouvelle-son-soutien-au-liban","status":"publish","type":"post","link":"https:\/\/www.webdo.tn\/fr\/actualite\/national\/au-sommet-de-paris-la-tunisie-renouvelle-son-soutien-au-liban\/217184\/","title":{"rendered":"Au sommet de Paris, la Tunisie renouvelle son soutien au Liban"},"content":{"rendered":"<p>Lors du sommet international \u00e0 Paris, le 24 octobre 2024, M. Mohamed Ali Nafti, ministre des Affaires \u00e9trang\u00e8res, de la Migration et des Tunisiens \u00e0 l&rsquo;\u00e9tranger, a affirm\u00e9 l&rsquo;engagement fort de la Tunisie envers le Liban. Ce sommet, initi\u00e9 par la France, avait pour objectif de promouvoir la cessation des agressions contre le Liban et d&rsquo;assurer la stabilit\u00e9 et la s\u00e9curit\u00e9 dans la r\u00e9gion.<\/p>\n<p>\t\t\t\t\t\t\t\t\tDans son allocution, M. Nafti a r\u00e9it\u00e9r\u00e9 le soutien complet de la Tunisie \u00e0 la souverainet\u00e9 libanaise, condamnant fermement les violences continues. Il a \u00e9galement d\u00e9nonc\u00e9 les attaques contre les forces de maintien de la paix et les organisations humanitaires, telles que l&rsquo;UNRWA. Le ministre a mis l&rsquo;accent sur la disponibilit\u00e9 de la Tunisie \u00e0 fournir une aide humanitaire au peuple libanais d\u00e8s que les conditions de s\u00e9curit\u00e9 seront r\u00e9unies.<\/p>\n<p>Le ministre a insist\u00e9 sur l\u2019urgence pour la communaut\u00e9 internationale d\u2019assumer ses responsabilit\u00e9s afin de mettre fin aux agressions contre les peuples libanais et palestinien, avertissant que les crimes de l\u2019entit\u00e9 occupante pouvaient provoquer une explosion des tensions. Il a r\u00e9it\u00e9r\u00e9 le soutien total de la Tunisie \u00e0 la cause palestinienne pour l&rsquo;\u00e9tablissement d&rsquo;un \u00c9tat ind\u00e9pendant avec J\u00e9rusalem comme capitale.<\/p>\n<p>En parall\u00e8le, des rencontres bilat\u00e9rales avec plusieurs responsables internationaux ont permis de renforcer la coop\u00e9ration entre la Tunisie et ses partenaires. Ces discussions ont notamment port\u00e9 sur les moyens d&rsquo;intensifier les efforts pour un cessez-le-feu rapide au Liban et d&rsquo;\u0153uvrer \u00e0 une solution durable pour la cause palestinienne, un sujet crucial pour la stabilit\u00e9 de la r\u00e9gion.<\/p>\n","protected":false},"excerpt":{"rendered":"<p>La Tunisie r\u00e9affirme son soutien au Liban lors du sommet international \u00e0 Paris le 24 octobre 2024. Le ministre des Affaires \u00e9trang\u00e8res, M. Mohamed Ali Nafti, in&#8230;<\/p>\n","protected":false},"author":3203,"featured_media":246250,"comment_status":"open","ping_status":"closed","sticky":false,"template":"","format":"standard","meta":{"footnotes":""},"categories":[44],"tags":[5281,3920,5270,2608],"class_list":["post-217184","post","type-post","status-publish","format-standard","has-post-thumbnail","hentry","category-national","tag-aide-humanitaire","tag-liban","tag-paris","tag-tunisie"],"yoast_head":"<!-- This site is optimized with the Yoast SEO Premium plugin v27.4 (Yoast SEO v27.5) - https:\/\/yoast.com\/product\/yoast-seo-premium-wordpress\/ -->\n<title>Au sommet de Paris, la Tunisie renouvelle son soutien au Liban<\/title>\n<meta name=\"description\" content=\"La Tunisie r\u00e9affirme son soutien au Liban lors du sommet international \u00e0 Paris le 24 octobre 2024. Le ministre des Affaires \u00e9trang\u00e8res, M. Mohamed Ali Nafti, in...\" \/>\n<link rel=\"canonical\" href=\"https:\/\/www.webdo.tn\/fr\/actualite\/national\/au-sommet-de-paris-la-tunisie-renouvelle-son-soutien-au-liban\/217184\/\" \/>\n<meta property=\"og:locale\" content=\"fr_FR\" \/>\n<meta property=\"og:type\" content=\"article\" \/>\n<meta property=\"og:title\" content=\"Au sommet de Paris, la Tunisie renouvelle son soutien au Liban\" \/>\n<meta property=\"og:description\" content=\"La Tunisie r\u00e9affirme son soutien au Liban lors du sommet international \u00e0 Paris le 24 octobre 2024. Le ministre des Affaires \u00e9trang\u00e8res, M. Mohamed Ali Nafti, in...\" \/>\n<meta property=\"og:url\" content=\"https:\/\/www.webdo.tn\/fr\/actualite\/national\/au-sommet-de-paris-la-tunisie-renouvelle-son-soutien-au-liban\/217184\/\" \/>\n<meta property=\"og:site_name\" content=\"webdo\" \/>\n<meta property=\"article:publisher\" content=\"https:\/\/www.facebook.com\/webdotn\" \/>\n<meta property=\"article:published_time\" content=\"2024-10-24T18:26:00+00:00\" \/>\n<meta property=\"article:modified_time\" content=\"2025-05-17T20:21:35+00:00\" \/>\n<meta property=\"og:image\" content=\"https:\/\/www.webdo.tn\/fr\/wp-content\/uploads\/2024\/10\/1365ce86be97393a63bbf438680433d9.webp\" \/>\n\t<meta property=\"og:image:width\" content=\"750\" \/>\n\t<meta property=\"og:image:height\" content=\"400\" \/>\n\t<meta property=\"og:image:type\" content=\"image\/webp\" \/>\n<meta name=\"author\" content=\"Ramzi Haddad\" \/>\n<meta name=\"twitter:card\" content=\"summary_large_image\" \/>\n<meta name=\"twitter:creator\" content=\"@webdo_tn\" \/>\n<meta name=\"twitter:site\" content=\"@webdo_tn\" \/>\n<meta name=\"twitter:label1\" content=\"\u00c9crit par\" \/>\n\t<meta name=\"twitter:data1\" content=\"Ramzi Haddad\" \/>\n\t<meta name=\"twitter:label2\" content=\"Dur\u00e9e de lecture estim\u00e9e\" \/>\n\t<meta name=\"twitter:data2\" content=\"1 minute\" \/>\n<script type=\"application\/ld+json\" class=\"yoast-schema-graph\">{\"@context\":\"https:\\\/\\\/schema.org\",\"@graph\":[{\"@type\":\"NewsArticle\",\"@id\":\"https:\\\/\\\/www.webdo.tn\\\/fr\\\/actualite\\\/national\\\/au-sommet-de-paris-la-tunisie-renouvelle-son-soutien-au-liban\\\/217184\\\/#article\",\"isPartOf\":{\"@id\":\"https:\\\/\\\/www.webdo.tn\\\/fr\\\/actualite\\\/national\\\/au-sommet-de-paris-la-tunisie-renouvelle-son-soutien-au-liban\\\/217184\\\/\"},\"author\":{\"name\":\"Ramzi Haddad\",\"@id\":\"https:\\\/\\\/www.webdo.tn\\\/fr\\\/#\\\/schema\\\/person\\\/5663044c25eb36d8f88ba5b653f12f8c\"},\"headline\":\"Au sommet de Paris, la Tunisie renouvelle son soutien au Liban\",\"datePublished\":\"2024-10-24T18:26:00+00:00\",\"dateModified\":\"2025-05-17T20:21:35+00:00\",\"mainEntityOfPage\":{\"@id\":\"https:\\\/\\\/www.webdo.tn\\\/fr\\\/actualite\\\/national\\\/au-sommet-de-paris-la-tunisie-renouvelle-son-soutien-au-liban\\\/217184\\\/\"},\"wordCount\":284,\"commentCount\":0,\"publisher\":{\"@id\":\"https:\\\/\\\/www.webdo.tn\\\/fr\\\/#organization\"},\"image\":{\"@id\":\"https:\\\/\\\/www.webdo.tn\\\/fr\\\/actualite\\\/national\\\/au-sommet-de-paris-la-tunisie-renouvelle-son-soutien-au-liban\\\/217184\\\/#primaryimage\"},\"thumbnailUrl\":\"https:\\\/\\\/www.webdo.tn\\\/fr\\\/wp-content\\\/uploads\\\/2024\\\/10\\\/1365ce86be97393a63bbf438680433d9.webp\",\"keywords\":[\"aide humanitaire\",\"liban\",\"Paris\",\"Tunisie\"],\"articleSection\":[\"National\"],\"inLanguage\":\"fr-FR\"},{\"@type\":\"WebPage\",\"@id\":\"https:\\\/\\\/www.webdo.tn\\\/fr\\\/actualite\\\/national\\\/au-sommet-de-paris-la-tunisie-renouvelle-son-soutien-au-liban\\\/217184\\\/\",\"url\":\"https:\\\/\\\/www.webdo.tn\\\/fr\\\/actualite\\\/national\\\/au-sommet-de-paris-la-tunisie-renouvelle-son-soutien-au-liban\\\/217184\\\/\",\"name\":\"Au sommet de Paris, la Tunisie renouvelle son soutien au Liban\",\"isPartOf\":{\"@id\":\"https:\\\/\\\/www.webdo.tn\\\/fr\\\/#website\"},\"primaryImageOfPage\":{\"@id\":\"https:\\\/\\\/www.webdo.tn\\\/fr\\\/actualite\\\/national\\\/au-sommet-de-paris-la-tunisie-renouvelle-son-soutien-au-liban\\\/217184\\\/#primaryimage\"},\"image\":{\"@id\":\"https:\\\/\\\/www.webdo.tn\\\/fr\\\/actualite\\\/national\\\/au-sommet-de-paris-la-tunisie-renouvelle-son-soutien-au-liban\\\/217184\\\/#primaryimage\"},\"thumbnailUrl\":\"https:\\\/\\\/www.webdo.tn\\\/fr\\\/wp-content\\\/uploads\\\/2024\\\/10\\\/1365ce86be97393a63bbf438680433d9.webp\",\"datePublished\":\"2024-10-24T18:26:00+00:00\",\"dateModified\":\"2025-05-17T20:21:35+00:00\",\"description\":\"La Tunisie r\u00e9affirme son soutien au Liban lors du sommet international \u00e0 Paris le 24 octobre 2024. Le ministre des Affaires \u00e9trang\u00e8res, M. Mohamed Ali Nafti, in...\",\"breadcrumb\":{\"@id\":\"https:\\\/\\\/www.webdo.tn\\\/fr\\\/actualite\\\/national\\\/au-sommet-de-paris-la-tunisie-renouvelle-son-soutien-au-liban\\\/217184\\\/#breadcrumb\"},\"inLanguage\":\"fr-FR\",\"potentialAction\":[{\"@type\":\"ReadAction\",\"target\":[\"https:\\\/\\\/www.webdo.tn\\\/fr\\\/actualite\\\/national\\\/au-sommet-de-paris-la-tunisie-renouvelle-son-soutien-au-liban\\\/217184\\\/\"]}]},{\"@type\":\"ImageObject\",\"inLanguage\":\"fr-FR\",\"@id\":\"https:\\\/\\\/www.webdo.tn\\\/fr\\\/actualite\\\/national\\\/au-sommet-de-paris-la-tunisie-renouvelle-son-soutien-au-liban\\\/217184\\\/#primaryimage\",\"url\":\"https:\\\/\\\/www.webdo.tn\\\/fr\\\/wp-content\\\/uploads\\\/2024\\\/10\\\/1365ce86be97393a63bbf438680433d9.webp\",\"contentUrl\":\"https:\\\/\\\/www.webdo.tn\\\/fr\\\/wp-content\\\/uploads\\\/2024\\\/10\\\/1365ce86be97393a63bbf438680433d9.webp\",\"width\":750,\"height\":400,\"caption\":\"Au sommet de Paris, la Tunisie renouvelle son soutien au Liban\"},{\"@type\":\"BreadcrumbList\",\"@id\":\"https:\\\/\\\/www.webdo.tn\\\/fr\\\/actualite\\\/national\\\/au-sommet-de-paris-la-tunisie-renouvelle-son-soutien-au-liban\\\/217184\\\/#breadcrumb\",\"itemListElement\":[{\"@type\":\"ListItem\",\"position\":1,\"name\":\"Accueil\",\"item\":\"https:\\\/\\\/www.webdo.tn\\\/fr\\\/\"},{\"@type\":\"ListItem\",\"position\":2,\"name\":\"Au sommet de Paris, la Tunisie renouvelle son soutien au Liban\"}]},{\"@type\":\"WebSite\",\"@id\":\"https:\\\/\\\/www.webdo.tn\\\/fr\\\/#website\",\"url\":\"https:\\\/\\\/www.webdo.tn\\\/fr\\\/\",\"name\":\"webdo\",\"description\":\"Tunisie - News en Tunisie et \u00e0 l&#039;international sur Webdo.tn\",\"publisher\":{\"@id\":\"https:\\\/\\\/www.webdo.tn\\\/fr\\\/#organization\"},\"potentialAction\":[{\"@type\":\"SearchAction\",\"target\":{\"@type\":\"EntryPoint\",\"urlTemplate\":\"https:\\\/\\\/www.webdo.tn\\\/fr\\\/?s={search_term_string}\"},\"query-input\":{\"@type\":\"PropertyValueSpecification\",\"valueRequired\":true,\"valueName\":\"search_term_string\"}}],\"inLanguage\":\"fr-FR\"},{\"@type\":\"Organization\",\"@id\":\"https:\\\/\\\/www.webdo.tn\\\/fr\\\/#organization\",\"name\":\"Webdo\",\"alternateName\":\"Webdo.tn\",\"url\":\"https:\\\/\\\/www.webdo.tn\\\/fr\\\/\",\"logo\":{\"@type\":\"ImageObject\",\"inLanguage\":\"fr-FR\",\"@id\":\"https:\\\/\\\/www.webdo.tn\\\/fr\\\/#\\\/schema\\\/logo\\\/image\\\/\",\"url\":\"https:\\\/\\\/www.webdo.tn\\\/fr\\\/wp-content\\\/uploads\\\/2025\\\/06\\\/Webdo-Tunisie_168377.jpg\",\"contentUrl\":\"https:\\\/\\\/www.webdo.tn\\\/fr\\\/wp-content\\\/uploads\\\/2025\\\/06\\\/Webdo-Tunisie_168377.jpg\",\"width\":301,\"height\":301,\"caption\":\"Webdo\"},\"image\":{\"@id\":\"https:\\\/\\\/www.webdo.tn\\\/fr\\\/#\\\/schema\\\/logo\\\/image\\\/\"},\"sameAs\":[\"https:\\\/\\\/www.facebook.com\\\/webdotn\",\"https:\\\/\\\/x.com\\\/webdo_tn\"],\"description\":\"Webdo est un m\u00e9dia num\u00e9rique tunisien fond\u00e9 en 2010, sp\u00e9cialis\u00e9 dans l\u2019actualit\u00e9 nationale et internationale, l\u2019\u00e9conomie, la soci\u00e9t\u00e9 et les analyses politiques. Le site s\u2019adresse \u00e0 un large public francophone et couvre l\u2019information tunisienne en temps r\u00e9el.\",\"email\":\"redac@webdo.tn\",\"legalName\":\"YNJ SARL\",\"foundingDate\":\"2010-09-06\",\"numberOfEmployees\":{\"@type\":\"QuantitativeValue\",\"minValue\":\"11\",\"maxValue\":\"50\"}},{\"@type\":\"Person\",\"@id\":\"https:\\\/\\\/www.webdo.tn\\\/fr\\\/#\\\/schema\\\/person\\\/5663044c25eb36d8f88ba5b653f12f8c\",\"name\":\"Ramzi Haddad\",\"image\":{\"@type\":\"ImageObject\",\"inLanguage\":\"fr-FR\",\"@id\":\"https:\\\/\\\/www.webdo.tn\\\/fr\\\/wp-content\\\/uploads\\\/2026\\\/04\\\/ramzi-haddad_avatar-96x96.jpg\",\"url\":\"https:\\\/\\\/www.webdo.tn\\\/fr\\\/wp-content\\\/uploads\\\/2026\\\/04\\\/ramzi-haddad_avatar-96x96.jpg\",\"contentUrl\":\"https:\\\/\\\/www.webdo.tn\\\/fr\\\/wp-content\\\/uploads\\\/2026\\\/04\\\/ramzi-haddad_avatar-96x96.jpg\",\"caption\":\"Ramzi Haddad\"},\"description\":\"Signature \u00e9ditoriale de Walid Ben Youssef Ramzi Haddad est le pseudonyme \u00e9ditorial de Walid Ben Youssef, fondateur et g\u00e9rant de Webdo.tn. Cette signature est d\u00e9di\u00e9e \u00e0 la couverture de l'actualit\u00e9 nationale et internationale, ainsi qu'aux analyses des dynamiques num\u00e9riques. Ce profil b\u00e9n\u00e9ficie de l'expertise de Walid Ben Youssef, pionnier du web en Tunisie depuis 2000 et dipl\u00f4m\u00e9 en Math\u00e9matiques pures de l'Universit\u00e9 d'Oregon. \u00c0 travers cette signature, la r\u00e9daction de Webdo garantit une information structur\u00e9e et v\u00e9rifi\u00e9e, fid\u00e8le aux standards journalistiques du m\u00e9dia.\",\"url\":\"https:\\\/\\\/www.webdo.tn\\\/fr\\\/actualite\\\/author\\\/ramzi-haddad\\\/\"}]}<\/script>\n<!-- \/ Yoast SEO Premium plugin. -->","yoast_head_json":{"title":"Au sommet de Paris, la Tunisie renouvelle son soutien au Liban","description":"La Tunisie r\u00e9affirme son soutien au Liban lors du sommet international \u00e0 Paris le 24 octobre 2024. Le ministre des Affaires \u00e9trang\u00e8res, M. Mohamed Ali Nafti, in...","canonical":"https:\/\/www.webdo.tn\/fr\/actualite\/national\/au-sommet-de-paris-la-tunisie-renouvelle-son-soutien-au-liban\/217184\/","og_locale":"fr_FR","og_type":"article","og_title":"Au sommet de Paris, la Tunisie renouvelle son soutien au Liban","og_description":"La Tunisie r\u00e9affirme son soutien au Liban lors du sommet international \u00e0 Paris le 24 octobre 2024. Le ministre des Affaires \u00e9trang\u00e8res, M. Mohamed Ali Nafti, in...","og_url":"https:\/\/www.webdo.tn\/fr\/actualite\/national\/au-sommet-de-paris-la-tunisie-renouvelle-son-soutien-au-liban\/217184\/","og_site_name":"webdo","article_publisher":"https:\/\/www.facebook.com\/webdotn","article_published_time":"2024-10-24T18:26:00+00:00","article_modified_time":"2025-05-17T20:21:35+00:00","og_image":[{"width":750,"height":400,"url":"https:\/\/www.webdo.tn\/fr\/wp-content\/uploads\/2024\/10\/1365ce86be97393a63bbf438680433d9.webp","type":"image\/webp"}],"author":"Ramzi Haddad","twitter_card":"summary_large_image","twitter_creator":"@webdo_tn","twitter_site":"@webdo_tn","twitter_misc":{"\u00c9crit par":"Ramzi Haddad","Dur\u00e9e de lecture estim\u00e9e":"1 minute"},"schema":{"@context":"https:\/\/schema.org","@graph":[{"@type":"NewsArticle","@id":"https:\/\/www.webdo.tn\/fr\/actualite\/national\/au-sommet-de-paris-la-tunisie-renouvelle-son-soutien-au-liban\/217184\/#article","isPartOf":{"@id":"https:\/\/www.webdo.tn\/fr\/actualite\/national\/au-sommet-de-paris-la-tunisie-renouvelle-son-soutien-au-liban\/217184\/"},"author":{"name":"Ramzi Haddad","@id":"https:\/\/www.webdo.tn\/fr\/#\/schema\/person\/5663044c25eb36d8f88ba5b653f12f8c"},"headline":"Au sommet de Paris, la Tunisie renouvelle son soutien au Liban","datePublished":"2024-10-24T18:26:00+00:00","dateModified":"2025-05-17T20:21:35+00:00","mainEntityOfPage":{"@id":"https:\/\/www.webdo.tn\/fr\/actualite\/national\/au-sommet-de-paris-la-tunisie-renouvelle-son-soutien-au-liban\/217184\/"},"wordCount":284,"commentCount":0,"publisher":{"@id":"https:\/\/www.webdo.tn\/fr\/#organization"},"image":{"@id":"https:\/\/www.webdo.tn\/fr\/actualite\/national\/au-sommet-de-paris-la-tunisie-renouvelle-son-soutien-au-liban\/217184\/#primaryimage"},"thumbnailUrl":"https:\/\/www.webdo.tn\/fr\/wp-content\/uploads\/2024\/10\/1365ce86be97393a63bbf438680433d9.webp","keywords":["aide humanitaire","liban","Paris","Tunisie"],"articleSection":["National"],"inLanguage":"fr-FR"},{"@type":"WebPage","@id":"https:\/\/www.webdo.tn\/fr\/actualite\/national\/au-sommet-de-paris-la-tunisie-renouvelle-son-soutien-au-liban\/217184\/","url":"https:\/\/www.webdo.tn\/fr\/actualite\/national\/au-sommet-de-paris-la-tunisie-renouvelle-son-soutien-au-liban\/217184\/","name":"Au sommet de Paris, la Tunisie renouvelle son soutien au Liban","isPartOf":{"@id":"https:\/\/www.webdo.tn\/fr\/#website"},"primaryImageOfPage":{"@id":"https:\/\/www.webdo.tn\/fr\/actualite\/national\/au-sommet-de-paris-la-tunisie-renouvelle-son-soutien-au-liban\/217184\/#primaryimage"},"image":{"@id":"https:\/\/www.webdo.tn\/fr\/actualite\/national\/au-sommet-de-paris-la-tunisie-renouvelle-son-soutien-au-liban\/217184\/#primaryimage"},"thumbnailUrl":"https:\/\/www.webdo.tn\/fr\/wp-content\/uploads\/2024\/10\/1365ce86be97393a63bbf438680433d9.webp","datePublished":"2024-10-24T18:26:00+00:00","dateModified":"2025-05-17T20:21:35+00:00","description":"La Tunisie r\u00e9affirme son soutien au Liban lors du sommet international \u00e0 Paris le 24 octobre 2024. Le ministre des Affaires \u00e9trang\u00e8res, M. Mohamed Ali Nafti, in...","breadcrumb":{"@id":"https:\/\/www.webdo.tn\/fr\/actualite\/national\/au-sommet-de-paris-la-tunisie-renouvelle-son-soutien-au-liban\/217184\/#breadcrumb"},"inLanguage":"fr-FR","potentialAction":[{"@type":"ReadAction","target":["https:\/\/www.webdo.tn\/fr\/actualite\/national\/au-sommet-de-paris-la-tunisie-renouvelle-son-soutien-au-liban\/217184\/"]}]},{"@type":"ImageObject","inLanguage":"fr-FR","@id":"https:\/\/www.webdo.tn\/fr\/actualite\/national\/au-sommet-de-paris-la-tunisie-renouvelle-son-soutien-au-liban\/217184\/#primaryimage","url":"https:\/\/www.webdo.tn\/fr\/wp-content\/uploads\/2024\/10\/1365ce86be97393a63bbf438680433d9.webp","contentUrl":"https:\/\/www.webdo.tn\/fr\/wp-content\/uploads\/2024\/10\/1365ce86be97393a63bbf438680433d9.webp","width":750,"height":400,"caption":"Au sommet de Paris, la Tunisie renouvelle son soutien au Liban"},{"@type":"BreadcrumbList","@id":"https:\/\/www.webdo.tn\/fr\/actualite\/national\/au-sommet-de-paris-la-tunisie-renouvelle-son-soutien-au-liban\/217184\/#breadcrumb","itemListElement":[{"@type":"ListItem","position":1,"name":"Accueil","item":"https:\/\/www.webdo.tn\/fr\/"},{"@type":"ListItem","position":2,"name":"Au sommet de Paris, la Tunisie renouvelle son soutien au Liban"}]},{"@type":"WebSite","@id":"https:\/\/www.webdo.tn\/fr\/#website","url":"https:\/\/www.webdo.tn\/fr\/","name":"webdo","description":"Tunisie - News en Tunisie et \u00e0 l&#039;international sur Webdo.tn","publisher":{"@id":"https:\/\/www.webdo.tn\/fr\/#organization"},"potentialAction":[{"@type":"SearchAction","target":{"@type":"EntryPoint","urlTemplate":"https:\/\/www.webdo.tn\/fr\/?s={search_term_string}"},"query-input":{"@type":"PropertyValueSpecification","valueRequired":true,"valueName":"search_term_string"}}],"inLanguage":"fr-FR"},{"@type":"Organization","@id":"https:\/\/www.webdo.tn\/fr\/#organization","name":"Webdo","alternateName":"Webdo.tn","url":"https:\/\/www.webdo.tn\/fr\/","logo":{"@type":"ImageObject","inLanguage":"fr-FR","@id":"https:\/\/www.webdo.tn\/fr\/#\/schema\/logo\/image\/","url":"https:\/\/www.webdo.tn\/fr\/wp-content\/uploads\/2025\/06\/Webdo-Tunisie_168377.jpg","contentUrl":"https:\/\/www.webdo.tn\/fr\/wp-content\/uploads\/2025\/06\/Webdo-Tunisie_168377.jpg","width":301,"height":301,"caption":"Webdo"},"image":{"@id":"https:\/\/www.webdo.tn\/fr\/#\/schema\/logo\/image\/"},"sameAs":["https:\/\/www.facebook.com\/webdotn","https:\/\/x.com\/webdo_tn"],"description":"Webdo est un m\u00e9dia num\u00e9rique tunisien fond\u00e9 en 2010, sp\u00e9cialis\u00e9 dans l\u2019actualit\u00e9 nationale et internationale, l\u2019\u00e9conomie, la soci\u00e9t\u00e9 et les analyses politiques. Le site s\u2019adresse \u00e0 un large public francophone et couvre l\u2019information tunisienne en temps r\u00e9el.","email":"redac@webdo.tn","legalName":"YNJ SARL","foundingDate":"2010-09-06","numberOfEmployees":{"@type":"QuantitativeValue","minValue":"11","maxValue":"50"}},{"@type":"Person","@id":"https:\/\/www.webdo.tn\/fr\/#\/schema\/person\/5663044c25eb36d8f88ba5b653f12f8c","name":"Ramzi Haddad","image":{"@type":"ImageObject","inLanguage":"fr-FR","@id":"https:\/\/www.webdo.tn\/fr\/wp-content\/uploads\/2026\/04\/ramzi-haddad_avatar-96x96.jpg","url":"https:\/\/www.webdo.tn\/fr\/wp-content\/uploads\/2026\/04\/ramzi-haddad_avatar-96x96.jpg","contentUrl":"https:\/\/www.webdo.tn\/fr\/wp-content\/uploads\/2026\/04\/ramzi-haddad_avatar-96x96.jpg","caption":"Ramzi Haddad"},"description":"Signature \u00e9ditoriale de Walid Ben Youssef Ramzi Haddad est le pseudonyme \u00e9ditorial de Walid Ben Youssef, fondateur et g\u00e9rant de Webdo.tn. Cette signature est d\u00e9di\u00e9e \u00e0 la couverture de l'actualit\u00e9 nationale et internationale, ainsi qu'aux analyses des dynamiques num\u00e9riques. Ce profil b\u00e9n\u00e9ficie de l'expertise de Walid Ben Youssef, pionnier du web en Tunisie depuis 2000 et dipl\u00f4m\u00e9 en Math\u00e9matiques pures de l'Universit\u00e9 d'Oregon. \u00c0 travers cette signature, la r\u00e9daction de Webdo garantit une information structur\u00e9e et v\u00e9rifi\u00e9e, fid\u00e8le aux standards journalistiques du m\u00e9dia.","url":"https:\/\/www.webdo.tn\/fr\/actualite\/author\/ramzi-haddad\/"}]}},"_links":{"self":[{"href":"https:\/\/www.webdo.tn\/fr\/wp-json\/wp\/v2\/posts\/217184","targetHints":{"allow":["GET"]}}],"collection":[{"href":"https:\/\/www.webdo.tn\/fr\/wp-json\/wp\/v2\/posts"}],"about":[{"href":"https:\/\/www.webdo.tn\/fr\/wp-json\/wp\/v2\/types\/post"}],"author":[{"embeddable":true,"href":"https:\/\/www.webdo.tn\/fr\/wp-json\/wp\/v2\/users\/3203"}],"replies":[{"embeddable":true,"href":"https:\/\/www.webdo.tn\/fr\/wp-json\/wp\/v2\/comments?post=217184"}],"version-history":[{"count":0,"href":"https:\/\/www.webdo.tn\/fr\/wp-json\/wp\/v2\/posts\/217184\/revisions"}],"wp:featuredmedia":[{"embeddable":true,"href":"https:\/\/www.webdo.tn\/fr\/wp-json\/wp\/v2\/media\/246250"}],"wp:attachment":[{"href":"https:\/\/www.webdo.tn\/fr\/wp-json\/wp\/v2\/media?parent=217184"}],"wp:term":[{"taxonomy":"category","embeddable":true,"href":"https:\/\/www.webdo.tn\/fr\/wp-json\/wp\/v2\/categories?post=217184"},{"taxonomy":"post_tag","embeddable":true,"href":"https:\/\/www.webdo.tn\/fr\/wp-json\/wp\/v2\/tags?post=217184"}],"curies":[{"name":"wp","href":"https:\/\/api.w.org\/{rel}","templated":true}]}}