{"id":217180,"date":"2024-10-24T16:39:00","date_gmt":"2024-10-24T16:39:00","guid":{"rendered":"https:\/\/www.webdo.tn\/fr\/blog\/el-gouna-film-festival-2024-une-celebration-du-cinema-et-des-talents-emergents\/217180\/"},"modified":"2025-05-21T08:57:34","modified_gmt":"2025-05-21T08:57:34","slug":"el-gouna-film-festival-2024-une-celebration-du-cinema-et-des-talents-emergents","status":"publish","type":"post","link":"https:\/\/www.webdo.tn\/fr\/actualite\/culture\/el-gouna-film-festival-2024-une-celebration-du-cinema-et-des-talents-emergents\/217180\/","title":{"rendered":"El Gouna Film Festival 2024 : Une c\u00e9l\u00e9bration du cin\u00e9ma et des talents \u00e9mergents"},"content":{"rendered":"<div class=\"single-body entry-content typography-copy\" itemprop=\"articleBody\">\n<p style=\"font-weight: bold; text-align: justify\">\n\t\t\t\t\t\t\t\t\tEl Gouna Film Festival 2024 : Une c\u00e9l\u00e9bration du cin\u00e9ma et des talents \u00e9mergents\n\t\t\t\t\t\t\t\t<\/p>\n<div class=\"coprs\" style=\"text-align: center\"><\/div>\n<div class=\"coprs\" style=\"text-align: justify\">\n<p><span><span>Le coup d&rsquo;envoi de la tr\u00e8s attendue 7\u00e8me \u00e9dition du Festival du Film d\u2019El Gouna (GFF) sera a donn\u00e9 ce soir, marquant le d\u00e9but d&rsquo;une semaine riche en d\u00e9couvertes cin\u00e9matographiques, rencontres professionnelles et initiatives en faveur des jeunes talents. Se d\u00e9roulant du 24 octobre au 1er novembre 2024, cette \u00e9dition s\u2019impose une fois de plus comme un \u00e9v\u00e9nement incontournable pour les cin\u00e9philes du monde entier. Le GFF continue de renforcer son r\u00f4le de plateforme pionni\u00e8re dans la r\u00e9gion MENA, favorisant \u00e0 la fois l&rsquo;\u00e9change culturel et la promotion de la diversit\u00e9 cin\u00e9matographique.<\/span><\/span><\/p>\n<p>\u00a0<\/p>\n<p><span><span><strong>Une expansion significative des programmes et des initiatives<\/strong><\/span><\/span><\/p>\n<p><span><span>Le festival a, au fil des ans, \u00e9tendu son influence non seulement par la qualit\u00e9 des films s\u00e9lectionn\u00e9s, mais aussi par ses initiatives destin\u00e9es \u00e0 soutenir la nouvelle g\u00e9n\u00e9ration de cin\u00e9astes. Cette ann\u00e9e, le CineGouna Platform et le CineGouna Bridge sont plus robustes que jamais, avec un accent particulier sur les jeunes cr\u00e9ateurs. Le CineGouna Funding, l&rsquo;un des programmes phares, propose des aides substantielles aux projets cin\u00e9matographiques les plus prometteurs, offrant des subventions totalisant 360 000 dollars. Vingt et un films, issus de 13 pays arabes, se disputent les prestigieux prix du festival aux c\u00f4t\u00e9s de productions internationales provenant de 9 pays occidentaux.<\/span><\/span><\/p>\n<p><span><span>Le CineGouna for Emerging Talents reste un programme cl\u00e9 de soutien aux cin\u00e9astes en herbe. Cette plateforme unique rassemble plus de 150 participants chaque ann\u00e9e, offrant des ateliers interactifs, des s\u00e9ances de mentorat et des opportunit\u00e9s de r\u00e9seautage. Gr\u00e2ce \u00e0 cette initiative, de jeunes cr\u00e9ateurs issus de diff\u00e9rentes cultures peuvent acqu\u00e9rir les comp\u00e9tences et les connaissances n\u00e9cessaires pour se faire un nom dans l&rsquo;industrie cin\u00e9matographique.<\/span><\/span><\/p>\n<p>\u00a0<\/p>\n<p><span><span><strong>Un film d&rsquo;ouverture captivant : <em>The Man Who Could Not Remain Silent<\/em><\/strong><\/span><\/span><\/p>\n<p><span><span>En raison de modifications de derni\u00e8re minute, le film d\u2019ouverture initialement pr\u00e9vu,<em> The Last Miracle <\/em>d\u2019Abdelwahab Shawky, a \u00e9t\u00e9 remplac\u00e9 par le court-m\u00e9trage de Nebojs\u030ca Slijepc\u030cevic\u0301, <em>The Man Who Could Not Remain Silent<\/em>. Inspir\u00e9 d\u2019une histoire vraie sur le courage et la r\u00e9sistance durant la guerre de Bosnie, ce film a remport\u00e9 la Palme d&rsquo;Or du court-m\u00e9trage au Festival de Cannes 2024. <\/span><\/span><\/p>\n<p>\u00a0<\/p>\n<p><span><span><strong>Un jury prestigieux pour r\u00e9compenser les meilleurs talents<\/strong><\/span><\/span><\/p>\n<p><span><span>Le jury de la comp\u00e9tition officielle du GFF 2024 est compos\u00e9 de personnalit\u00e9s \u00e9minentes du cin\u00e9ma international, t\u00e9moignant du prestige croissant de l&rsquo;\u00e9v\u00e9nement. La comp\u00e9tition des longs-m\u00e9trages de fiction est pr\u00e9sid\u00e9e par la talentueuse Nandita Das, r\u00e9alisatrice et actrice indienne, accompagn\u00e9e de l&rsquo;actrice \u00e9gyptienne Menna Shalaby. Le jury des films documentaires est dirig\u00e9 par la r\u00e9alisatrice libanaise Eliane Raheb, avec la participation du r\u00e9alisateur tunisien Nejib Belkadhi. La comp\u00e9tition des courts-m\u00e9trages r\u00e9unit, quant \u00e0 elle, des figures montantes du cin\u00e9ma arabe, telles que Amina Khalil et Amir El-Masry. Enfin, la comp\u00e9tition El Gouna Green Star, r\u00e9compensant les films ayant une approche \u00e9coresponsable, sera pr\u00e9sid\u00e9e par Tara Emad et Ahmed Magdy.<\/span><\/span><\/p>\n<p>\u00a0<\/p>\n<p><img decoding=\"async\" alt=\"\" height=\"1200\" src=\"\/assets\/uploads\/images\/\/Neila\/Jury%20doc.jpg\" width=\"960\"><\/p>\n<p>\u00a0<\/p>\n<p><span><span><strong>Un festival au service de l&rsquo;\u00e9change culturel<\/strong><\/span><\/span><\/p>\n<p><span><span>Le GFF a su, au fil des \u00e9ditions, s&rsquo;imposer comme un pont entre le monde arabe et l&rsquo;international, facilitant la rencontre et la collaboration entre cin\u00e9astes de diff\u00e9rents horizons. En plus de sa comp\u00e9tition officielle, le festival propose une section Hors Comp\u00e9tition, avec des projections d&rsquo;\u0153uvres de cin\u00e9astes mondialement reconnus. Pedro Almod\u00f3var, par exemple, pr\u00e9sentera son film tr\u00e8s attendu, <em>The Room Next Door<\/em>, qui fera sa premi\u00e8re au Moyen-Orient et en Afrique du Nord le 28 octobre 2024, apr\u00e8s avoir remport\u00e9 le Lion d&rsquo;Or \u00e0 la Mostra de Venise.<\/span><\/span><\/p>\n<p>\u00a0<\/p>\n<p><span><span>D<strong>es chefs-d&rsquo;\u0153uvre contemporains au programme<\/strong><\/span><\/span><\/p>\n<p><span><span>Cette \u00e9dition ne manque pas de mettre en avant des \u0153uvres internationales exceptionnelles, parmi lesquelles des films ayant d\u00e9j\u00e0 marqu\u00e9 les grands festivals. Par exemple, <em>April<\/em> de Dea Kulumbegashvili (G\u00e9orgie, France, Italie), un film puissant sur le traumatisme et la survie, ou encore <em>Architecton<\/em> de Victor Kossakovsky (Allemagne, France), un documentaire visuellement \u00e9poustouflant. Plusieurs films se disputeront le prix El Gouna Green Star, comme le documentaire environnemental <em>The Battle for Laikipia<\/em> de Daphne Matziaraki &amp; Peter Murimi (Kenya, Gr\u00e8ce, USA).<\/span><\/span><\/p>\n<p><span><span>D&rsquo;autres r\u00e9alisateurs c\u00e9l\u00e8bres seront \u00e9galement pr\u00e9sents, tels que Andrea Arnold avec <em>Bird <\/em>(Royaume-Uni) ou Jia Zhang-Ke avec <em>Caught by the Tides<\/em> (Chine). Mohammad Rasoulof pr\u00e9sentera quant \u00e0 lui <a href=\"https:\/\/www.webdo.tn\/fr\/actualite\/culture\/cannes-2024-les-graines-du-figuier-sauvage-la-rebellion-de-mohammad-rasoulof\/214446\"><em>The Seed of the Sacred Fig<\/em><\/a> (Iran, Allemagne, France), un film incisif abordant des questions politiques et sociales. Ces trois derniers films \u00e9taient d\u2019ailleurs en comp\u00e9tition au dernier festival de Cannes. <\/span><\/span><\/p>\n<p>\u00a0<\/p>\n<p><img decoding=\"async\" alt=\"\" height=\"1200\" src=\"\/assets\/uploads\/images\/\/Neila\/The%20seed%20of%20sacred%20fig.jpg\" width=\"1200\"><\/p>\n<p>\u00a0<\/p>\n<p><span><span><strong>Un engagement envers la cause palestinienne<\/strong><\/span><\/span><\/p>\n<p><span><span>Parmi les initiatives phares de cette \u00e9dition, le programme \u00ab\u00a0Une Fen\u00eatre sur la Palestine\u00a0\u00bb continue de figurer en bonne place. Apr\u00e8s le succ\u00e8s de l\u2019an dernier, cette section d\u00e9di\u00e9e pr\u00e9sente six films qui mettent en lumi\u00e8re les r\u00e9alit\u00e9s v\u00e9cues par le peuple palestinien. Ces \u0153uvres t\u00e9moignent de la r\u00e9silience et de la cr\u00e9ativit\u00e9 des cin\u00e9astes palestiniens dans un contexte de conflit. Des films tels que <em>Khaled et Na\u2019ma<\/em> de Suhail Dhadhal, ou encore <em>La Cl\u00e9<\/em> de Rakan Miassy, figurent parmi les projections les plus attendues de ce programme.<\/span><\/span><\/p>\n<p>\u00a0<\/p>\n<p><img decoding=\"async\" alt=\"\" height=\"1200\" src=\"\/assets\/uploads\/images\/\/Neila\/Windows%20of%20palestine.jpg\" width=\"960\"><\/p>\n<p>\u00a0<\/p>\n<p><span><span><strong>Un festival en pleine croissance<\/strong><\/span><\/span><\/p>\n<p><span><span>\u00c0 travers cette programmation ambitieuse et diversifi\u00e9e, le Festival du Film d\u2019El Gouna 2024 se confirme comme l\u2019un des \u00e9v\u00e9nements les plus importants pour le cin\u00e9ma dans le monde arabe et au-del\u00e0. Plus qu\u2019une simple vitrine du talent, il incarne un lieu d\u2019\u00e9changes, de cr\u00e9ation et de soutien aux initiatives \u00e9coresponsables et aux causes sociales. Gr\u00e2ce \u00e0 son ouverture internationale et \u00e0 son engagement pour le dialogue interculturel, le GFF contribue \u00e0 l&rsquo;\u00e9panouissement d\u2019une industrie cin\u00e9matographique plus inclusive et durable.<\/span><\/span><\/p>\n<p>\u00a0<\/p>\n<\/p><\/div>\n<div class=\"coprs\" style=\"text-align: center\"><\/div><\/div>\n","protected":false},"excerpt":{"rendered":"<p>El Gouna Film Festival 2024 : Une c\u00e9l\u00e9bration du cin\u00e9ma et des talents \u00e9mergents<\/p>\n","protected":false},"author":3164,"featured_media":291235,"comment_status":"open","ping_status":"closed","sticky":false,"template":"","format":"standard","meta":{"footnotes":""},"categories":[2594],"tags":[2626,5197,2628,3259,6792],"class_list":["post-217180","post","type-post","status-publish","format-standard","has-post-thumbnail","hentry","category-culture","tag-cinema","tag-el-gouna-2024","tag-festival","tag-gff","tag-gff-2024"],"yoast_head":"<!-- This site is optimized with the Yoast SEO Premium plugin v27.5 (Yoast SEO v27.5) - https:\/\/yoast.com\/product\/yoast-seo-premium-wordpress\/ -->\n<title>El Gouna Film Festival 2024 : Une c\u00e9l\u00e9bration du cin\u00e9ma et des talents \u00e9mergents<\/title>\n<meta name=\"description\" content=\"El Gouna Film Festival 2024 : Une c\u00e9l\u00e9bration du cin\u00e9ma et des talents \u00e9mergents\" \/>\n<link rel=\"canonical\" href=\"https:\/\/www.webdo.tn\/fr\/actualite\/culture\/el-gouna-film-festival-2024-une-celebration-du-cinema-et-des-talents-emergents\/217180\/\" \/>\n<meta property=\"og:locale\" content=\"fr_FR\" \/>\n<meta property=\"og:type\" content=\"article\" \/>\n<meta property=\"og:title\" content=\"El Gouna Film Festival 2024 : Une c\u00e9l\u00e9bration du cin\u00e9ma et des talents \u00e9mergents\" \/>\n<meta property=\"og:description\" content=\"El Gouna Film Festival 2024 : Une c\u00e9l\u00e9bration du cin\u00e9ma et des talents \u00e9mergents\" \/>\n<meta property=\"og:url\" content=\"https:\/\/www.webdo.tn\/fr\/actualite\/culture\/el-gouna-film-festival-2024-une-celebration-du-cinema-et-des-talents-emergents\/217180\/\" \/>\n<meta property=\"og:site_name\" content=\"webdo\" \/>\n<meta property=\"article:publisher\" content=\"https:\/\/www.facebook.com\/webdotn\" \/>\n<meta property=\"article:author\" content=\"https:\/\/www.facebook.com\/massir.destiniii\/\" \/>\n<meta property=\"article:published_time\" content=\"2024-10-24T16:39:00+00:00\" \/>\n<meta property=\"article:modified_time\" content=\"2025-05-21T08:57:34+00:00\" \/>\n<meta property=\"og:image\" content=\"https:\/\/www.webdo.tn\/fr\/wp-content\/uploads\/2024\/10\/f6690d40300d201a21f75721e81ac324.webp\" \/>\n\t<meta property=\"og:image:width\" content=\"750\" \/>\n\t<meta property=\"og:image:height\" content=\"400\" \/>\n\t<meta property=\"og:image:type\" content=\"image\/webp\" \/>\n<meta name=\"author\" content=\"Ne\u00efla DRISS\" \/>\n<meta name=\"twitter:card\" content=\"summary_large_image\" \/>\n<meta name=\"twitter:creator\" content=\"@https:\/\/x.com\/MassirDestin\" \/>\n<meta name=\"twitter:site\" content=\"@webdo_tn\" \/>\n<meta name=\"twitter:label1\" content=\"\u00c9crit par\" \/>\n\t<meta name=\"twitter:data1\" content=\"Ne\u00efla DRISS\" \/>\n\t<meta name=\"twitter:label2\" content=\"Dur\u00e9e de lecture estim\u00e9e\" \/>\n\t<meta name=\"twitter:data2\" content=\"5 minutes\" \/>\n<script type=\"application\/ld+json\" class=\"yoast-schema-graph\">{\"@context\":\"https:\\\/\\\/schema.org\",\"@graph\":[{\"@type\":\"NewsArticle\",\"@id\":\"https:\\\/\\\/www.webdo.tn\\\/fr\\\/actualite\\\/culture\\\/el-gouna-film-festival-2024-une-celebration-du-cinema-et-des-talents-emergents\\\/217180\\\/#article\",\"isPartOf\":{\"@id\":\"https:\\\/\\\/www.webdo.tn\\\/fr\\\/actualite\\\/culture\\\/el-gouna-film-festival-2024-une-celebration-du-cinema-et-des-talents-emergents\\\/217180\\\/\"},\"author\":{\"name\":\"Ne\u00efla DRISS\",\"@id\":\"https:\\\/\\\/www.webdo.tn\\\/fr\\\/#\\\/schema\\\/person\\\/60d5ba619ed3f58783b0dc82b7dada80\"},\"headline\":\"El Gouna Film Festival 2024 : Une c\u00e9l\u00e9bration du cin\u00e9ma et des talents \u00e9mergents\",\"datePublished\":\"2024-10-24T16:39:00+00:00\",\"dateModified\":\"2025-05-21T08:57:34+00:00\",\"mainEntityOfPage\":{\"@id\":\"https:\\\/\\\/www.webdo.tn\\\/fr\\\/actualite\\\/culture\\\/el-gouna-film-festival-2024-une-celebration-du-cinema-et-des-talents-emergents\\\/217180\\\/\"},\"wordCount\":1018,\"commentCount\":0,\"publisher\":{\"@id\":\"https:\\\/\\\/www.webdo.tn\\\/fr\\\/#organization\"},\"image\":{\"@id\":\"https:\\\/\\\/www.webdo.tn\\\/fr\\\/actualite\\\/culture\\\/el-gouna-film-festival-2024-une-celebration-du-cinema-et-des-talents-emergents\\\/217180\\\/#primaryimage\"},\"thumbnailUrl\":\"https:\\\/\\\/www.webdo.tn\\\/fr\\\/wp-content\\\/uploads\\\/2024\\\/10\\\/f6690d40300d201a21f75721e81ac324.webp\",\"keywords\":[\"Cin\u00e9ma\",\"El Gouna 2024\",\"Festival\",\"GFF\",\"GFF 2024\"],\"articleSection\":[\"Culture\"],\"inLanguage\":\"fr-FR\"},{\"@type\":\"WebPage\",\"@id\":\"https:\\\/\\\/www.webdo.tn\\\/fr\\\/actualite\\\/culture\\\/el-gouna-film-festival-2024-une-celebration-du-cinema-et-des-talents-emergents\\\/217180\\\/\",\"url\":\"https:\\\/\\\/www.webdo.tn\\\/fr\\\/actualite\\\/culture\\\/el-gouna-film-festival-2024-une-celebration-du-cinema-et-des-talents-emergents\\\/217180\\\/\",\"name\":\"El Gouna Film Festival 2024 : Une c\u00e9l\u00e9bration du cin\u00e9ma et des talents \u00e9mergents\",\"isPartOf\":{\"@id\":\"https:\\\/\\\/www.webdo.tn\\\/fr\\\/#website\"},\"primaryImageOfPage\":{\"@id\":\"https:\\\/\\\/www.webdo.tn\\\/fr\\\/actualite\\\/culture\\\/el-gouna-film-festival-2024-une-celebration-du-cinema-et-des-talents-emergents\\\/217180\\\/#primaryimage\"},\"image\":{\"@id\":\"https:\\\/\\\/www.webdo.tn\\\/fr\\\/actualite\\\/culture\\\/el-gouna-film-festival-2024-une-celebration-du-cinema-et-des-talents-emergents\\\/217180\\\/#primaryimage\"},\"thumbnailUrl\":\"https:\\\/\\\/www.webdo.tn\\\/fr\\\/wp-content\\\/uploads\\\/2024\\\/10\\\/f6690d40300d201a21f75721e81ac324.webp\",\"datePublished\":\"2024-10-24T16:39:00+00:00\",\"dateModified\":\"2025-05-21T08:57:34+00:00\",\"description\":\"El Gouna Film Festival 2024 : Une c\u00e9l\u00e9bration du cin\u00e9ma et des talents \u00e9mergents\",\"breadcrumb\":{\"@id\":\"https:\\\/\\\/www.webdo.tn\\\/fr\\\/actualite\\\/culture\\\/el-gouna-film-festival-2024-une-celebration-du-cinema-et-des-talents-emergents\\\/217180\\\/#breadcrumb\"},\"inLanguage\":\"fr-FR\",\"potentialAction\":[{\"@type\":\"ReadAction\",\"target\":[\"https:\\\/\\\/www.webdo.tn\\\/fr\\\/actualite\\\/culture\\\/el-gouna-film-festival-2024-une-celebration-du-cinema-et-des-talents-emergents\\\/217180\\\/\"]}]},{\"@type\":\"ImageObject\",\"inLanguage\":\"fr-FR\",\"@id\":\"https:\\\/\\\/www.webdo.tn\\\/fr\\\/actualite\\\/culture\\\/el-gouna-film-festival-2024-une-celebration-du-cinema-et-des-talents-emergents\\\/217180\\\/#primaryimage\",\"url\":\"https:\\\/\\\/www.webdo.tn\\\/fr\\\/wp-content\\\/uploads\\\/2024\\\/10\\\/f6690d40300d201a21f75721e81ac324.webp\",\"contentUrl\":\"https:\\\/\\\/www.webdo.tn\\\/fr\\\/wp-content\\\/uploads\\\/2024\\\/10\\\/f6690d40300d201a21f75721e81ac324.webp\",\"width\":750,\"height\":400,\"caption\":\"El Gouna Film Festival 2024 : Une c\u00e9l\u00e9bration du cin\u00e9ma et des talents \u00e9mergents\"},{\"@type\":\"BreadcrumbList\",\"@id\":\"https:\\\/\\\/www.webdo.tn\\\/fr\\\/actualite\\\/culture\\\/el-gouna-film-festival-2024-une-celebration-du-cinema-et-des-talents-emergents\\\/217180\\\/#breadcrumb\",\"itemListElement\":[{\"@type\":\"ListItem\",\"position\":1,\"name\":\"Accueil\",\"item\":\"https:\\\/\\\/www.webdo.tn\\\/fr\\\/\"},{\"@type\":\"ListItem\",\"position\":2,\"name\":\"El Gouna Film Festival 2024 : Une c\u00e9l\u00e9bration du cin\u00e9ma et des talents \u00e9mergents\"}]},{\"@type\":\"WebSite\",\"@id\":\"https:\\\/\\\/www.webdo.tn\\\/fr\\\/#website\",\"url\":\"https:\\\/\\\/www.webdo.tn\\\/fr\\\/\",\"name\":\"webdo\",\"description\":\"Tunisie - News en Tunisie et \u00e0 l&#039;international sur Webdo.tn\",\"publisher\":{\"@id\":\"https:\\\/\\\/www.webdo.tn\\\/fr\\\/#organization\"},\"potentialAction\":[{\"@type\":\"SearchAction\",\"target\":{\"@type\":\"EntryPoint\",\"urlTemplate\":\"https:\\\/\\\/www.webdo.tn\\\/fr\\\/?s={search_term_string}\"},\"query-input\":{\"@type\":\"PropertyValueSpecification\",\"valueRequired\":true,\"valueName\":\"search_term_string\"}}],\"inLanguage\":\"fr-FR\"},{\"@type\":\"Organization\",\"@id\":\"https:\\\/\\\/www.webdo.tn\\\/fr\\\/#organization\",\"name\":\"Webdo\",\"alternateName\":\"Webdo.tn\",\"url\":\"https:\\\/\\\/www.webdo.tn\\\/fr\\\/\",\"logo\":{\"@type\":\"ImageObject\",\"inLanguage\":\"fr-FR\",\"@id\":\"https:\\\/\\\/www.webdo.tn\\\/fr\\\/#\\\/schema\\\/logo\\\/image\\\/\",\"url\":\"https:\\\/\\\/www.webdo.tn\\\/fr\\\/wp-content\\\/uploads\\\/2025\\\/06\\\/Webdo-Tunisie_168377.jpg\",\"contentUrl\":\"https:\\\/\\\/www.webdo.tn\\\/fr\\\/wp-content\\\/uploads\\\/2025\\\/06\\\/Webdo-Tunisie_168377.jpg\",\"width\":301,\"height\":301,\"caption\":\"Webdo\"},\"image\":{\"@id\":\"https:\\\/\\\/www.webdo.tn\\\/fr\\\/#\\\/schema\\\/logo\\\/image\\\/\"},\"sameAs\":[\"https:\\\/\\\/www.facebook.com\\\/webdotn\",\"https:\\\/\\\/x.com\\\/webdo_tn\"],\"description\":\"Webdo est un m\u00e9dia num\u00e9rique tunisien fond\u00e9 en 2010, sp\u00e9cialis\u00e9 dans l\u2019actualit\u00e9 nationale et internationale, l\u2019\u00e9conomie, la soci\u00e9t\u00e9 et les analyses politiques. Le site s\u2019adresse \u00e0 un large public francophone et couvre l\u2019information tunisienne en temps r\u00e9el.\",\"email\":\"redac@webdo.tn\",\"legalName\":\"YNJ SARL\",\"foundingDate\":\"2010-09-06\",\"numberOfEmployees\":{\"@type\":\"QuantitativeValue\",\"minValue\":\"11\",\"maxValue\":\"50\"}},{\"@type\":\"Person\",\"@id\":\"https:\\\/\\\/www.webdo.tn\\\/fr\\\/#\\\/schema\\\/person\\\/60d5ba619ed3f58783b0dc82b7dada80\",\"name\":\"Ne\u00efla DRISS\",\"image\":{\"@type\":\"ImageObject\",\"inLanguage\":\"fr-FR\",\"@id\":\"https:\\\/\\\/www.webdo.tn\\\/fr\\\/wp-content\\\/uploads\\\/2026\\\/04\\\/neila-driss_avatar-96x96.jpg\",\"url\":\"https:\\\/\\\/www.webdo.tn\\\/fr\\\/wp-content\\\/uploads\\\/2026\\\/04\\\/neila-driss_avatar-96x96.jpg\",\"contentUrl\":\"https:\\\/\\\/www.webdo.tn\\\/fr\\\/wp-content\\\/uploads\\\/2026\\\/04\\\/neila-driss_avatar-96x96.jpg\",\"caption\":\"Ne\u00efla DRISS\"},\"description\":\"Ne\u00efla Driss est juriste, journaliste culturelle et critique de cin\u00e9ma tunisienne. Titulaire d\u2019un DEA en droit priv\u00e9 de l\u2019Universit\u00e9 Paris II et d\u2019un DESS de l\u2019IHEC Carthage, elle d\u00e9bute sa carri\u00e8re comme juriste sp\u00e9cialis\u00e9e en gestion de patrimoine immobilier. Elle s\u2019oriente ensuite vers l\u2019\u00e9criture en ligne, o\u00f9 elle se distingue d\u00e8s 2006 aux Tunisia Blog Awards, avant de se consacrer au journalisme culturel, avec une sp\u00e9cialisation dans la critique cin\u00e9matographique. Elle couvre r\u00e9guli\u00e8rement les grands festivals internationaux, notamment le Festival de Cannes, les Journ\u00e9es Cin\u00e9matographiques de Carthage et le Festival du film du Caire. Membre de l\u2019ATPCC et de la FIPRESCI, elle participe \u00e0 des jurys et initiatives internationales de critique. Depuis 2024, elle est \u00e9lectrice internationale aux Golden Globes. Facebook : https:\\\/\\\/www.facebook.com\\\/massir.destiniii\\\/ X : https:\\\/\\\/x.com\\\/MassirDestin\",\"sameAs\":[\"https:\\\/\\\/www.facebook.com\\\/massir.destiniii\\\/\",\"https:\\\/\\\/www.instagram.com\\\/neila.driss\\\/?hl=fr\",\"https:\\\/\\\/www.linkedin.com\\\/in\\\/neila-driss-22606a80\\\/\",\"https:\\\/\\\/x.com\\\/https:\\\/\\\/x.com\\\/MassirDestin\"],\"knowsAbout\":[\"Cin\u00e9ma international\",\"critique cin\u00e9matographique\",\"festivals de cin\u00e9ma\",\"journalisme culturel\"],\"knowsLanguage\":[\"Fran\u00e7ais\",\"Arabe\",\"Anglais\"],\"jobTitle\":\"Journaliste culturelle et critique de cin\u00e9ma\",\"worksFor\":\"Webdo\",\"url\":\"https:\\\/\\\/www.webdo.tn\\\/fr\\\/actualite\\\/author\\\/neila-driss\\\/\"}]}<\/script>\n<!-- \/ Yoast SEO Premium plugin. -->","yoast_head_json":{"title":"El Gouna Film Festival 2024 : Une c\u00e9l\u00e9bration du cin\u00e9ma et des talents \u00e9mergents","description":"El Gouna Film Festival 2024 : Une c\u00e9l\u00e9bration du cin\u00e9ma et des talents \u00e9mergents","canonical":"https:\/\/www.webdo.tn\/fr\/actualite\/culture\/el-gouna-film-festival-2024-une-celebration-du-cinema-et-des-talents-emergents\/217180\/","og_locale":"fr_FR","og_type":"article","og_title":"El Gouna Film Festival 2024 : Une c\u00e9l\u00e9bration du cin\u00e9ma et des talents \u00e9mergents","og_description":"El Gouna Film Festival 2024 : Une c\u00e9l\u00e9bration du cin\u00e9ma et des talents \u00e9mergents","og_url":"https:\/\/www.webdo.tn\/fr\/actualite\/culture\/el-gouna-film-festival-2024-une-celebration-du-cinema-et-des-talents-emergents\/217180\/","og_site_name":"webdo","article_publisher":"https:\/\/www.facebook.com\/webdotn","article_author":"https:\/\/www.facebook.com\/massir.destiniii\/","article_published_time":"2024-10-24T16:39:00+00:00","article_modified_time":"2025-05-21T08:57:34+00:00","og_image":[{"width":750,"height":400,"url":"https:\/\/www.webdo.tn\/fr\/wp-content\/uploads\/2024\/10\/f6690d40300d201a21f75721e81ac324.webp","type":"image\/webp"}],"author":"Ne\u00efla DRISS","twitter_card":"summary_large_image","twitter_creator":"@https:\/\/x.com\/MassirDestin","twitter_site":"@webdo_tn","twitter_misc":{"\u00c9crit par":"Ne\u00efla DRISS","Dur\u00e9e de lecture estim\u00e9e":"5 minutes"},"schema":{"@context":"https:\/\/schema.org","@graph":[{"@type":"NewsArticle","@id":"https:\/\/www.webdo.tn\/fr\/actualite\/culture\/el-gouna-film-festival-2024-une-celebration-du-cinema-et-des-talents-emergents\/217180\/#article","isPartOf":{"@id":"https:\/\/www.webdo.tn\/fr\/actualite\/culture\/el-gouna-film-festival-2024-une-celebration-du-cinema-et-des-talents-emergents\/217180\/"},"author":{"name":"Ne\u00efla DRISS","@id":"https:\/\/www.webdo.tn\/fr\/#\/schema\/person\/60d5ba619ed3f58783b0dc82b7dada80"},"headline":"El Gouna Film Festival 2024 : Une c\u00e9l\u00e9bration du cin\u00e9ma et des talents \u00e9mergents","datePublished":"2024-10-24T16:39:00+00:00","dateModified":"2025-05-21T08:57:34+00:00","mainEntityOfPage":{"@id":"https:\/\/www.webdo.tn\/fr\/actualite\/culture\/el-gouna-film-festival-2024-une-celebration-du-cinema-et-des-talents-emergents\/217180\/"},"wordCount":1018,"commentCount":0,"publisher":{"@id":"https:\/\/www.webdo.tn\/fr\/#organization"},"image":{"@id":"https:\/\/www.webdo.tn\/fr\/actualite\/culture\/el-gouna-film-festival-2024-une-celebration-du-cinema-et-des-talents-emergents\/217180\/#primaryimage"},"thumbnailUrl":"https:\/\/www.webdo.tn\/fr\/wp-content\/uploads\/2024\/10\/f6690d40300d201a21f75721e81ac324.webp","keywords":["Cin\u00e9ma","El Gouna 2024","Festival","GFF","GFF 2024"],"articleSection":["Culture"],"inLanguage":"fr-FR"},{"@type":"WebPage","@id":"https:\/\/www.webdo.tn\/fr\/actualite\/culture\/el-gouna-film-festival-2024-une-celebration-du-cinema-et-des-talents-emergents\/217180\/","url":"https:\/\/www.webdo.tn\/fr\/actualite\/culture\/el-gouna-film-festival-2024-une-celebration-du-cinema-et-des-talents-emergents\/217180\/","name":"El Gouna Film Festival 2024 : Une c\u00e9l\u00e9bration du cin\u00e9ma et des talents \u00e9mergents","isPartOf":{"@id":"https:\/\/www.webdo.tn\/fr\/#website"},"primaryImageOfPage":{"@id":"https:\/\/www.webdo.tn\/fr\/actualite\/culture\/el-gouna-film-festival-2024-une-celebration-du-cinema-et-des-talents-emergents\/217180\/#primaryimage"},"image":{"@id":"https:\/\/www.webdo.tn\/fr\/actualite\/culture\/el-gouna-film-festival-2024-une-celebration-du-cinema-et-des-talents-emergents\/217180\/#primaryimage"},"thumbnailUrl":"https:\/\/www.webdo.tn\/fr\/wp-content\/uploads\/2024\/10\/f6690d40300d201a21f75721e81ac324.webp","datePublished":"2024-10-24T16:39:00+00:00","dateModified":"2025-05-21T08:57:34+00:00","description":"El Gouna Film Festival 2024 : Une c\u00e9l\u00e9bration du cin\u00e9ma et des talents \u00e9mergents","breadcrumb":{"@id":"https:\/\/www.webdo.tn\/fr\/actualite\/culture\/el-gouna-film-festival-2024-une-celebration-du-cinema-et-des-talents-emergents\/217180\/#breadcrumb"},"inLanguage":"fr-FR","potentialAction":[{"@type":"ReadAction","target":["https:\/\/www.webdo.tn\/fr\/actualite\/culture\/el-gouna-film-festival-2024-une-celebration-du-cinema-et-des-talents-emergents\/217180\/"]}]},{"@type":"ImageObject","inLanguage":"fr-FR","@id":"https:\/\/www.webdo.tn\/fr\/actualite\/culture\/el-gouna-film-festival-2024-une-celebration-du-cinema-et-des-talents-emergents\/217180\/#primaryimage","url":"https:\/\/www.webdo.tn\/fr\/wp-content\/uploads\/2024\/10\/f6690d40300d201a21f75721e81ac324.webp","contentUrl":"https:\/\/www.webdo.tn\/fr\/wp-content\/uploads\/2024\/10\/f6690d40300d201a21f75721e81ac324.webp","width":750,"height":400,"caption":"El Gouna Film Festival 2024 : Une c\u00e9l\u00e9bration du cin\u00e9ma et des talents \u00e9mergents"},{"@type":"BreadcrumbList","@id":"https:\/\/www.webdo.tn\/fr\/actualite\/culture\/el-gouna-film-festival-2024-une-celebration-du-cinema-et-des-talents-emergents\/217180\/#breadcrumb","itemListElement":[{"@type":"ListItem","position":1,"name":"Accueil","item":"https:\/\/www.webdo.tn\/fr\/"},{"@type":"ListItem","position":2,"name":"El Gouna Film Festival 2024 : Une c\u00e9l\u00e9bration du cin\u00e9ma et des talents \u00e9mergents"}]},{"@type":"WebSite","@id":"https:\/\/www.webdo.tn\/fr\/#website","url":"https:\/\/www.webdo.tn\/fr\/","name":"webdo","description":"Tunisie - News en Tunisie et \u00e0 l&#039;international sur Webdo.tn","publisher":{"@id":"https:\/\/www.webdo.tn\/fr\/#organization"},"potentialAction":[{"@type":"SearchAction","target":{"@type":"EntryPoint","urlTemplate":"https:\/\/www.webdo.tn\/fr\/?s={search_term_string}"},"query-input":{"@type":"PropertyValueSpecification","valueRequired":true,"valueName":"search_term_string"}}],"inLanguage":"fr-FR"},{"@type":"Organization","@id":"https:\/\/www.webdo.tn\/fr\/#organization","name":"Webdo","alternateName":"Webdo.tn","url":"https:\/\/www.webdo.tn\/fr\/","logo":{"@type":"ImageObject","inLanguage":"fr-FR","@id":"https:\/\/www.webdo.tn\/fr\/#\/schema\/logo\/image\/","url":"https:\/\/www.webdo.tn\/fr\/wp-content\/uploads\/2025\/06\/Webdo-Tunisie_168377.jpg","contentUrl":"https:\/\/www.webdo.tn\/fr\/wp-content\/uploads\/2025\/06\/Webdo-Tunisie_168377.jpg","width":301,"height":301,"caption":"Webdo"},"image":{"@id":"https:\/\/www.webdo.tn\/fr\/#\/schema\/logo\/image\/"},"sameAs":["https:\/\/www.facebook.com\/webdotn","https:\/\/x.com\/webdo_tn"],"description":"Webdo est un m\u00e9dia num\u00e9rique tunisien fond\u00e9 en 2010, sp\u00e9cialis\u00e9 dans l\u2019actualit\u00e9 nationale et internationale, l\u2019\u00e9conomie, la soci\u00e9t\u00e9 et les analyses politiques. Le site s\u2019adresse \u00e0 un large public francophone et couvre l\u2019information tunisienne en temps r\u00e9el.","email":"redac@webdo.tn","legalName":"YNJ SARL","foundingDate":"2010-09-06","numberOfEmployees":{"@type":"QuantitativeValue","minValue":"11","maxValue":"50"}},{"@type":"Person","@id":"https:\/\/www.webdo.tn\/fr\/#\/schema\/person\/60d5ba619ed3f58783b0dc82b7dada80","name":"Ne\u00efla DRISS","image":{"@type":"ImageObject","inLanguage":"fr-FR","@id":"https:\/\/www.webdo.tn\/fr\/wp-content\/uploads\/2026\/04\/neila-driss_avatar-96x96.jpg","url":"https:\/\/www.webdo.tn\/fr\/wp-content\/uploads\/2026\/04\/neila-driss_avatar-96x96.jpg","contentUrl":"https:\/\/www.webdo.tn\/fr\/wp-content\/uploads\/2026\/04\/neila-driss_avatar-96x96.jpg","caption":"Ne\u00efla DRISS"},"description":"Ne\u00efla Driss est juriste, journaliste culturelle et critique de cin\u00e9ma tunisienne. Titulaire d\u2019un DEA en droit priv\u00e9 de l\u2019Universit\u00e9 Paris II et d\u2019un DESS de l\u2019IHEC Carthage, elle d\u00e9bute sa carri\u00e8re comme juriste sp\u00e9cialis\u00e9e en gestion de patrimoine immobilier. Elle s\u2019oriente ensuite vers l\u2019\u00e9criture en ligne, o\u00f9 elle se distingue d\u00e8s 2006 aux Tunisia Blog Awards, avant de se consacrer au journalisme culturel, avec une sp\u00e9cialisation dans la critique cin\u00e9matographique. Elle couvre r\u00e9guli\u00e8rement les grands festivals internationaux, notamment le Festival de Cannes, les Journ\u00e9es Cin\u00e9matographiques de Carthage et le Festival du film du Caire. Membre de l\u2019ATPCC et de la FIPRESCI, elle participe \u00e0 des jurys et initiatives internationales de critique. Depuis 2024, elle est \u00e9lectrice internationale aux Golden Globes. Facebook : https:\/\/www.facebook.com\/massir.destiniii\/ X : https:\/\/x.com\/MassirDestin","sameAs":["https:\/\/www.facebook.com\/massir.destiniii\/","https:\/\/www.instagram.com\/neila.driss\/?hl=fr","https:\/\/www.linkedin.com\/in\/neila-driss-22606a80\/","https:\/\/x.com\/https:\/\/x.com\/MassirDestin"],"knowsAbout":["Cin\u00e9ma international","critique cin\u00e9matographique","festivals de cin\u00e9ma","journalisme culturel"],"knowsLanguage":["Fran\u00e7ais","Arabe","Anglais"],"jobTitle":"Journaliste culturelle et critique de cin\u00e9ma","worksFor":"Webdo","url":"https:\/\/www.webdo.tn\/fr\/actualite\/author\/neila-driss\/"}]}},"_links":{"self":[{"href":"https:\/\/www.webdo.tn\/fr\/wp-json\/wp\/v2\/posts\/217180","targetHints":{"allow":["GET"]}}],"collection":[{"href":"https:\/\/www.webdo.tn\/fr\/wp-json\/wp\/v2\/posts"}],"about":[{"href":"https:\/\/www.webdo.tn\/fr\/wp-json\/wp\/v2\/types\/post"}],"author":[{"embeddable":true,"href":"https:\/\/www.webdo.tn\/fr\/wp-json\/wp\/v2\/users\/3164"}],"replies":[{"embeddable":true,"href":"https:\/\/www.webdo.tn\/fr\/wp-json\/wp\/v2\/comments?post=217180"}],"version-history":[{"count":0,"href":"https:\/\/www.webdo.tn\/fr\/wp-json\/wp\/v2\/posts\/217180\/revisions"}],"wp:featuredmedia":[{"embeddable":true,"href":"https:\/\/www.webdo.tn\/fr\/wp-json\/wp\/v2\/media\/291235"}],"wp:attachment":[{"href":"https:\/\/www.webdo.tn\/fr\/wp-json\/wp\/v2\/media?parent=217180"}],"wp:term":[{"taxonomy":"category","embeddable":true,"href":"https:\/\/www.webdo.tn\/fr\/wp-json\/wp\/v2\/categories?post=217180"},{"taxonomy":"post_tag","embeddable":true,"href":"https:\/\/www.webdo.tn\/fr\/wp-json\/wp\/v2\/tags?post=217180"}],"curies":[{"name":"wp","href":"https:\/\/api.w.org\/{rel}","templated":true}]}}