{"id":217175,"date":"2024-10-24T13:48:00","date_gmt":"2024-10-24T13:48:00","guid":{"rendered":"https:\/\/www.webdo.tn\/fr\/blog\/maroc-une-soldate-israelienne-provoque-les-marocains-sur-leur-tv-nationale\/217175\/"},"modified":"2025-05-20T22:14:43","modified_gmt":"2025-05-20T22:14:43","slug":"maroc-une-soldate-israelienne-provoque-les-marocains-sur-leur-tv-nationale","status":"publish","type":"post","link":"https:\/\/www.webdo.tn\/fr\/actualite\/international\/maroc-une-soldate-israelienne-provoque-les-marocains-sur-leur-tv-nationale\/217175\/","title":{"rendered":"Maroc : Une soldate isra\u00e9lienne provoque les Marocains sur leur TV nationale"},"content":{"rendered":"<p>La capitale marocaine, Rabat, a \u00e9t\u00e9 le th\u00e9\u00e2tre de manifestations avant-hier, mardi 22 octobre 2024, devant le si\u00e8ge de la deuxi\u00e8me cha\u00eene nationale marocaine, 2M. Les manifestants r\u00e9clamaient l&rsquo;arr\u00eat de la diffusion de la s\u00e9rie \u00ab\u00a0Nas Al-Mallah\u00a0\u00bb.<\/p>\n<p>\t\t\t\t\t\t\t\t\tUne soldate isra\u00e9lienne sur une cha\u00eene officielle<\/p>\n<p>Les manifestants ont exig\u00e9 l&rsquo;arr\u00eat de la diffusion de la s\u00e9rie \u00ab\u00a0Nas Al-Mallah\u00a0\u00bb, diffus\u00e9e depuis fin septembre sur la cha\u00eene 2M, dans laquelle appara\u00eet l&rsquo;actrice isra\u00e9lo-marocaine Eva Kadosh.<\/p>\n<p>Kadosh a servi dans l&rsquo;arm\u00e9e isra\u00e9lienne et est connue pour ses positions sionistes soutenant les actions de l&rsquo;arm\u00e9e d&rsquo;occupation isra\u00e9lienne dans sa guerre d&rsquo;extermination contre Gaza, qui dure depuis plus d&rsquo;un an.<\/p>\n<p>La controverse entourant cette figure est aliment\u00e9e par ses publications incitant \u00e0 la violence contre les Palestiniens, ainsi que par ses images de bombes et de missiles destin\u00e9s \u00e0 d\u00e9truire des maisons, des h\u00f4pitaux et des centres d&rsquo;h\u00e9bergement. Cela a provoqu\u00e9 l&rsquo;indignation des Marocains.<\/p>\n<p>Poursuite des liens de normalisation avec Isra\u00ebl<\/p>\n<p>Le gouvernement marocain n&rsquo;a \u00e9mis aucune d\u00e9claration officielle en r\u00e9ponse aux revendications des manifestants, qui durent depuis plus d&rsquo;une semaine et ont conduit \u00e0 des marches et des sit-in devant les si\u00e8ges des cha\u00eenes marocaines, ainsi que dans plusieurs villes du pays.<\/p>\n<p>Depuis le d\u00e9but de l&rsquo;op\u00e9ration \u00ab\u00a0D\u00e9luge d&rsquo;Al-Aqsa\u00a0\u00bb, la position officielle du Maroc a \u00e9t\u00e9 jug\u00e9e timide concernant la crise \u00e0 Gaza. Le gouvernement marocain s&rsquo;est content\u00e9 d&rsquo;appeler \u00e0 un cessez-le-feu et \u00e0 l&rsquo;apaisement, alors que certains pays d&rsquo;Am\u00e9rique latine ont pris des mesures plus radicales, allant jusqu&rsquo;\u00e0 rompre leurs relations diplomatiques avec Isra\u00ebl.<\/p>\n<p>Le Maroc a sign\u00e9 une s\u00e9rie d&rsquo;accords de normalisation avec Isra\u00ebl, \u00e0 l&rsquo;instar des \u00c9mirats arabes unis, du Bahre\u00efn et du Soudan, \u00e0 partir de la seconde moiti\u00e9 de 2020. Le pays a rapidement renforc\u00e9 ses liens avec Tel Aviv en \u00e9change de la reconnaissance de sa souverainet\u00e9 sur le Sahara occidental.<\/p>\n<p>Le Maroc a poursuivi ses relations avec Isra\u00ebl malgr\u00e9 les attaques contre Gaza et le Liban, en \u00e9tablissant des partenariats s\u00e9curitaires avec Tel Aviv et en accueillant des usines de fabrication de drones.<\/p>\n<p>Amour \u00e0 sens unique<\/p>\n<p>Les observateurs consid\u00e8rent que les relations entre le Maroc et Isra\u00ebl ressemblent \u00e0 un \u00ab\u00a0amour \u00e0 sens unique\u00a0\u00bb. D\u00e8s la signature des accords dits d&rsquo;Abraham, le Maroc s&rsquo;est empress\u00e9 d&rsquo;envoyer des d\u00e9l\u00e9gations en Isra\u00ebl, la plus r\u00e9cente \u00e9tant une d\u00e9l\u00e9gation parlementaire.<\/p>\n<p>Cependant, la guerre du 7 octobre a \u00e9clat\u00e9, entra\u00eenant l&rsquo;annulation de la visite \u00e0 la derni\u00e8re minute. Selon plusieurs sources, cette annulation n&rsquo;\u00e9tait pas par solidarit\u00e9 avec Gaza, mais parce que les Isra\u00e9liens \u00e9taient occup\u00e9s par l&rsquo;op\u00e9ration \u00ab\u00a0D\u00e9luge d&rsquo;Al-Aqsa\u00a0\u00bb, qui leur a inflig\u00e9 de lourdes pertes.<\/p>\n<p>Par ailleurs, la pr\u00e9sence r\u00e9p\u00e9t\u00e9e du Premier ministre isra\u00e9lien, Benyamin Netanyahou, affichant une carte du Maroc divis\u00e9e entre Rabat et La\u00e2youne, n\u2019a pas pouss\u00e9 le gouvernement marocain \u00e0 reconsid\u00e9rer les accords d&rsquo;Abraham, bien que la reconnaissance de la souverainet\u00e9 marocaine sur le Sahara ait \u00e9t\u00e9 l\u2019un des principaux enjeux de ces accords.<\/p>\n","protected":false},"excerpt":{"rendered":"<p>La capitale marocaine, Rabat, a \u00e9t\u00e9 le th\u00e9\u00e2tre de manifestations avant-hier, mardi 22 octobre 2024, devant le si\u00e8ge de la deuxi\u00e8me cha\u00eene nationale marocaine, 2&#8230;<\/p>\n","protected":false},"author":3162,"featured_media":291227,"comment_status":"open","ping_status":"closed","sticky":false,"template":"","format":"standard","meta":{"footnotes":""},"categories":[2598],"tags":[10568,10569,2689,2636,3464,3832,6921],"class_list":["post-217175","post","type-post","status-publish","format-standard","has-post-thumbnail","hentry","category-international","tag-2m","tag-chaine-nationale","tag-gaza","tag-israel","tag-maroc","tag-serie","tag-sionisme"],"yoast_head":"<!-- This site is optimized with the Yoast SEO Premium plugin v27.5 (Yoast SEO v27.5) - https:\/\/yoast.com\/product\/yoast-seo-premium-wordpress\/ -->\n<title>Maroc : Une soldate isra\u00e9lienne provoque les Marocains sur leur TV nationale<\/title>\n<meta name=\"description\" content=\"La capitale marocaine, Rabat, a \u00e9t\u00e9 le th\u00e9\u00e2tre de manifestations avant-hier, mardi 22 octobre 2024, devant le si\u00e8ge de la deuxi\u00e8me cha\u00eene nationale marocaine, 2...\" \/>\n<link rel=\"canonical\" href=\"https:\/\/www.webdo.tn\/fr\/actualite\/international\/maroc-une-soldate-israelienne-provoque-les-marocains-sur-leur-tv-nationale\/217175\/\" \/>\n<meta property=\"og:locale\" content=\"fr_FR\" \/>\n<meta property=\"og:type\" content=\"article\" \/>\n<meta property=\"og:title\" content=\"Maroc : Une soldate isra\u00e9lienne provoque les Marocains sur leur TV nationale\" \/>\n<meta property=\"og:description\" content=\"La capitale marocaine, Rabat, a \u00e9t\u00e9 le th\u00e9\u00e2tre de manifestations avant-hier, mardi 22 octobre 2024, devant le si\u00e8ge de la deuxi\u00e8me cha\u00eene nationale marocaine, 2...\" \/>\n<meta property=\"og:url\" content=\"https:\/\/www.webdo.tn\/fr\/actualite\/international\/maroc-une-soldate-israelienne-provoque-les-marocains-sur-leur-tv-nationale\/217175\/\" \/>\n<meta property=\"og:site_name\" content=\"webdo\" \/>\n<meta property=\"article:publisher\" content=\"https:\/\/www.facebook.com\/webdotn\" \/>\n<meta property=\"article:published_time\" content=\"2024-10-24T13:48:00+00:00\" \/>\n<meta property=\"article:modified_time\" content=\"2025-05-20T22:14:43+00:00\" \/>\n<meta property=\"og:image\" content=\"https:\/\/www.webdo.tn\/fr\/wp-content\/uploads\/2024\/10\/ce7577000d93d2a8663839873b726da0.webp\" \/>\n\t<meta property=\"og:image:width\" content=\"750\" \/>\n\t<meta property=\"og:image:height\" content=\"400\" \/>\n\t<meta property=\"og:image:type\" content=\"image\/webp\" \/>\n<meta name=\"author\" content=\"MC\" \/>\n<meta name=\"twitter:card\" content=\"summary_large_image\" \/>\n<meta name=\"twitter:creator\" content=\"@webdo_tn\" \/>\n<meta name=\"twitter:site\" content=\"@webdo_tn\" \/>\n<meta name=\"twitter:label1\" content=\"\u00c9crit par\" \/>\n\t<meta name=\"twitter:data1\" content=\"MC\" \/>\n\t<meta name=\"twitter:label2\" content=\"Dur\u00e9e de lecture estim\u00e9e\" \/>\n\t<meta name=\"twitter:data2\" content=\"3 minutes\" \/>\n<script type=\"application\/ld+json\" class=\"yoast-schema-graph\">{\"@context\":\"https:\\\/\\\/schema.org\",\"@graph\":[{\"@type\":\"NewsArticle\",\"@id\":\"https:\\\/\\\/www.webdo.tn\\\/fr\\\/actualite\\\/international\\\/maroc-une-soldate-israelienne-provoque-les-marocains-sur-leur-tv-nationale\\\/217175\\\/#article\",\"isPartOf\":{\"@id\":\"https:\\\/\\\/www.webdo.tn\\\/fr\\\/actualite\\\/international\\\/maroc-une-soldate-israelienne-provoque-les-marocains-sur-leur-tv-nationale\\\/217175\\\/\"},\"author\":{\"name\":\"MC\",\"@id\":\"https:\\\/\\\/www.webdo.tn\\\/fr\\\/#\\\/schema\\\/person\\\/2c4929cbf5a809e3bd38617c6ce150f6\"},\"headline\":\"Maroc : Une soldate isra\u00e9lienne provoque les Marocains sur leur TV nationale\",\"datePublished\":\"2024-10-24T13:48:00+00:00\",\"dateModified\":\"2025-05-20T22:14:43+00:00\",\"mainEntityOfPage\":{\"@id\":\"https:\\\/\\\/www.webdo.tn\\\/fr\\\/actualite\\\/international\\\/maroc-une-soldate-israelienne-provoque-les-marocains-sur-leur-tv-nationale\\\/217175\\\/\"},\"wordCount\":566,\"commentCount\":0,\"publisher\":{\"@id\":\"https:\\\/\\\/www.webdo.tn\\\/fr\\\/#organization\"},\"image\":{\"@id\":\"https:\\\/\\\/www.webdo.tn\\\/fr\\\/actualite\\\/international\\\/maroc-une-soldate-israelienne-provoque-les-marocains-sur-leur-tv-nationale\\\/217175\\\/#primaryimage\"},\"thumbnailUrl\":\"https:\\\/\\\/www.webdo.tn\\\/fr\\\/wp-content\\\/uploads\\\/2024\\\/10\\\/ce7577000d93d2a8663839873b726da0.webp\",\"keywords\":[\"'2M'\",\"'chaine nationale']\",\"Gaza\",\"isra\u00ebl\",\"maroc\",\"S\u00e9rie\",\"sionisme\"],\"articleSection\":[\"International\"],\"inLanguage\":\"fr-FR\"},{\"@type\":\"WebPage\",\"@id\":\"https:\\\/\\\/www.webdo.tn\\\/fr\\\/actualite\\\/international\\\/maroc-une-soldate-israelienne-provoque-les-marocains-sur-leur-tv-nationale\\\/217175\\\/\",\"url\":\"https:\\\/\\\/www.webdo.tn\\\/fr\\\/actualite\\\/international\\\/maroc-une-soldate-israelienne-provoque-les-marocains-sur-leur-tv-nationale\\\/217175\\\/\",\"name\":\"Maroc : Une soldate isra\u00e9lienne provoque les Marocains sur leur TV nationale\",\"isPartOf\":{\"@id\":\"https:\\\/\\\/www.webdo.tn\\\/fr\\\/#website\"},\"primaryImageOfPage\":{\"@id\":\"https:\\\/\\\/www.webdo.tn\\\/fr\\\/actualite\\\/international\\\/maroc-une-soldate-israelienne-provoque-les-marocains-sur-leur-tv-nationale\\\/217175\\\/#primaryimage\"},\"image\":{\"@id\":\"https:\\\/\\\/www.webdo.tn\\\/fr\\\/actualite\\\/international\\\/maroc-une-soldate-israelienne-provoque-les-marocains-sur-leur-tv-nationale\\\/217175\\\/#primaryimage\"},\"thumbnailUrl\":\"https:\\\/\\\/www.webdo.tn\\\/fr\\\/wp-content\\\/uploads\\\/2024\\\/10\\\/ce7577000d93d2a8663839873b726da0.webp\",\"datePublished\":\"2024-10-24T13:48:00+00:00\",\"dateModified\":\"2025-05-20T22:14:43+00:00\",\"description\":\"La capitale marocaine, Rabat, a \u00e9t\u00e9 le th\u00e9\u00e2tre de manifestations avant-hier, mardi 22 octobre 2024, devant le si\u00e8ge de la deuxi\u00e8me cha\u00eene nationale marocaine, 2...\",\"breadcrumb\":{\"@id\":\"https:\\\/\\\/www.webdo.tn\\\/fr\\\/actualite\\\/international\\\/maroc-une-soldate-israelienne-provoque-les-marocains-sur-leur-tv-nationale\\\/217175\\\/#breadcrumb\"},\"inLanguage\":\"fr-FR\",\"potentialAction\":[{\"@type\":\"ReadAction\",\"target\":[\"https:\\\/\\\/www.webdo.tn\\\/fr\\\/actualite\\\/international\\\/maroc-une-soldate-israelienne-provoque-les-marocains-sur-leur-tv-nationale\\\/217175\\\/\"]}]},{\"@type\":\"ImageObject\",\"inLanguage\":\"fr-FR\",\"@id\":\"https:\\\/\\\/www.webdo.tn\\\/fr\\\/actualite\\\/international\\\/maroc-une-soldate-israelienne-provoque-les-marocains-sur-leur-tv-nationale\\\/217175\\\/#primaryimage\",\"url\":\"https:\\\/\\\/www.webdo.tn\\\/fr\\\/wp-content\\\/uploads\\\/2024\\\/10\\\/ce7577000d93d2a8663839873b726da0.webp\",\"contentUrl\":\"https:\\\/\\\/www.webdo.tn\\\/fr\\\/wp-content\\\/uploads\\\/2024\\\/10\\\/ce7577000d93d2a8663839873b726da0.webp\",\"width\":750,\"height\":400,\"caption\":\"Maroc : Une soldate isra\u00e9lienne provoque les Marocains sur leur TV nationale\"},{\"@type\":\"BreadcrumbList\",\"@id\":\"https:\\\/\\\/www.webdo.tn\\\/fr\\\/actualite\\\/international\\\/maroc-une-soldate-israelienne-provoque-les-marocains-sur-leur-tv-nationale\\\/217175\\\/#breadcrumb\",\"itemListElement\":[{\"@type\":\"ListItem\",\"position\":1,\"name\":\"Accueil\",\"item\":\"https:\\\/\\\/www.webdo.tn\\\/fr\\\/\"},{\"@type\":\"ListItem\",\"position\":2,\"name\":\"Maroc : Une soldate isra\u00e9lienne provoque les Marocains sur leur TV nationale\"}]},{\"@type\":\"WebSite\",\"@id\":\"https:\\\/\\\/www.webdo.tn\\\/fr\\\/#website\",\"url\":\"https:\\\/\\\/www.webdo.tn\\\/fr\\\/\",\"name\":\"webdo\",\"description\":\"Tunisie - News en Tunisie et \u00e0 l&#039;international sur Webdo.tn\",\"publisher\":{\"@id\":\"https:\\\/\\\/www.webdo.tn\\\/fr\\\/#organization\"},\"potentialAction\":[{\"@type\":\"SearchAction\",\"target\":{\"@type\":\"EntryPoint\",\"urlTemplate\":\"https:\\\/\\\/www.webdo.tn\\\/fr\\\/?s={search_term_string}\"},\"query-input\":{\"@type\":\"PropertyValueSpecification\",\"valueRequired\":true,\"valueName\":\"search_term_string\"}}],\"inLanguage\":\"fr-FR\"},{\"@type\":\"Organization\",\"@id\":\"https:\\\/\\\/www.webdo.tn\\\/fr\\\/#organization\",\"name\":\"Webdo\",\"alternateName\":\"Webdo.tn\",\"url\":\"https:\\\/\\\/www.webdo.tn\\\/fr\\\/\",\"logo\":{\"@type\":\"ImageObject\",\"inLanguage\":\"fr-FR\",\"@id\":\"https:\\\/\\\/www.webdo.tn\\\/fr\\\/#\\\/schema\\\/logo\\\/image\\\/\",\"url\":\"https:\\\/\\\/www.webdo.tn\\\/fr\\\/wp-content\\\/uploads\\\/2025\\\/06\\\/Webdo-Tunisie_168377.jpg\",\"contentUrl\":\"https:\\\/\\\/www.webdo.tn\\\/fr\\\/wp-content\\\/uploads\\\/2025\\\/06\\\/Webdo-Tunisie_168377.jpg\",\"width\":301,\"height\":301,\"caption\":\"Webdo\"},\"image\":{\"@id\":\"https:\\\/\\\/www.webdo.tn\\\/fr\\\/#\\\/schema\\\/logo\\\/image\\\/\"},\"sameAs\":[\"https:\\\/\\\/www.facebook.com\\\/webdotn\",\"https:\\\/\\\/x.com\\\/webdo_tn\"],\"description\":\"Webdo est un m\u00e9dia num\u00e9rique tunisien fond\u00e9 en 2010, sp\u00e9cialis\u00e9 dans l\u2019actualit\u00e9 nationale et internationale, l\u2019\u00e9conomie, la soci\u00e9t\u00e9 et les analyses politiques. Le site s\u2019adresse \u00e0 un large public francophone et couvre l\u2019information tunisienne en temps r\u00e9el.\",\"email\":\"redac@webdo.tn\",\"legalName\":\"YNJ SARL\",\"foundingDate\":\"2010-09-06\",\"numberOfEmployees\":{\"@type\":\"QuantitativeValue\",\"minValue\":\"11\",\"maxValue\":\"50\"}},{\"@type\":\"Person\",\"@id\":\"https:\\\/\\\/www.webdo.tn\\\/fr\\\/#\\\/schema\\\/person\\\/2c4929cbf5a809e3bd38617c6ce150f6\",\"name\":\"MC\",\"image\":{\"@type\":\"ImageObject\",\"inLanguage\":\"fr-FR\",\"@id\":\"https:\\\/\\\/secure.gravatar.com\\\/avatar\\\/a545bbb6f84efdd5553dbbc2895e3ca8f1d12c5215e00a041c9670b54aa9b18a?s=96&d=mm&r=g\",\"url\":\"https:\\\/\\\/secure.gravatar.com\\\/avatar\\\/a545bbb6f84efdd5553dbbc2895e3ca8f1d12c5215e00a041c9670b54aa9b18a?s=96&d=mm&r=g\",\"contentUrl\":\"https:\\\/\\\/secure.gravatar.com\\\/avatar\\\/a545bbb6f84efdd5553dbbc2895e3ca8f1d12c5215e00a041c9670b54aa9b18a?s=96&d=mm&r=g\",\"caption\":\"MC\"},\"url\":\"https:\\\/\\\/www.webdo.tn\\\/fr\\\/actualite\\\/author\\\/mc\\\/\"}]}<\/script>\n<!-- \/ Yoast SEO Premium plugin. -->","yoast_head_json":{"title":"Maroc : Une soldate isra\u00e9lienne provoque les Marocains sur leur TV nationale","description":"La capitale marocaine, Rabat, a \u00e9t\u00e9 le th\u00e9\u00e2tre de manifestations avant-hier, mardi 22 octobre 2024, devant le si\u00e8ge de la deuxi\u00e8me cha\u00eene nationale marocaine, 2...","canonical":"https:\/\/www.webdo.tn\/fr\/actualite\/international\/maroc-une-soldate-israelienne-provoque-les-marocains-sur-leur-tv-nationale\/217175\/","og_locale":"fr_FR","og_type":"article","og_title":"Maroc : Une soldate isra\u00e9lienne provoque les Marocains sur leur TV nationale","og_description":"La capitale marocaine, Rabat, a \u00e9t\u00e9 le th\u00e9\u00e2tre de manifestations avant-hier, mardi 22 octobre 2024, devant le si\u00e8ge de la deuxi\u00e8me cha\u00eene nationale marocaine, 2...","og_url":"https:\/\/www.webdo.tn\/fr\/actualite\/international\/maroc-une-soldate-israelienne-provoque-les-marocains-sur-leur-tv-nationale\/217175\/","og_site_name":"webdo","article_publisher":"https:\/\/www.facebook.com\/webdotn","article_published_time":"2024-10-24T13:48:00+00:00","article_modified_time":"2025-05-20T22:14:43+00:00","og_image":[{"width":750,"height":400,"url":"https:\/\/www.webdo.tn\/fr\/wp-content\/uploads\/2024\/10\/ce7577000d93d2a8663839873b726da0.webp","type":"image\/webp"}],"author":"MC","twitter_card":"summary_large_image","twitter_creator":"@webdo_tn","twitter_site":"@webdo_tn","twitter_misc":{"\u00c9crit par":"MC","Dur\u00e9e de lecture estim\u00e9e":"3 minutes"},"schema":{"@context":"https:\/\/schema.org","@graph":[{"@type":"NewsArticle","@id":"https:\/\/www.webdo.tn\/fr\/actualite\/international\/maroc-une-soldate-israelienne-provoque-les-marocains-sur-leur-tv-nationale\/217175\/#article","isPartOf":{"@id":"https:\/\/www.webdo.tn\/fr\/actualite\/international\/maroc-une-soldate-israelienne-provoque-les-marocains-sur-leur-tv-nationale\/217175\/"},"author":{"name":"MC","@id":"https:\/\/www.webdo.tn\/fr\/#\/schema\/person\/2c4929cbf5a809e3bd38617c6ce150f6"},"headline":"Maroc : Une soldate isra\u00e9lienne provoque les Marocains sur leur TV nationale","datePublished":"2024-10-24T13:48:00+00:00","dateModified":"2025-05-20T22:14:43+00:00","mainEntityOfPage":{"@id":"https:\/\/www.webdo.tn\/fr\/actualite\/international\/maroc-une-soldate-israelienne-provoque-les-marocains-sur-leur-tv-nationale\/217175\/"},"wordCount":566,"commentCount":0,"publisher":{"@id":"https:\/\/www.webdo.tn\/fr\/#organization"},"image":{"@id":"https:\/\/www.webdo.tn\/fr\/actualite\/international\/maroc-une-soldate-israelienne-provoque-les-marocains-sur-leur-tv-nationale\/217175\/#primaryimage"},"thumbnailUrl":"https:\/\/www.webdo.tn\/fr\/wp-content\/uploads\/2024\/10\/ce7577000d93d2a8663839873b726da0.webp","keywords":["'2M'","'chaine nationale']","Gaza","isra\u00ebl","maroc","S\u00e9rie","sionisme"],"articleSection":["International"],"inLanguage":"fr-FR"},{"@type":"WebPage","@id":"https:\/\/www.webdo.tn\/fr\/actualite\/international\/maroc-une-soldate-israelienne-provoque-les-marocains-sur-leur-tv-nationale\/217175\/","url":"https:\/\/www.webdo.tn\/fr\/actualite\/international\/maroc-une-soldate-israelienne-provoque-les-marocains-sur-leur-tv-nationale\/217175\/","name":"Maroc : Une soldate isra\u00e9lienne provoque les Marocains sur leur TV nationale","isPartOf":{"@id":"https:\/\/www.webdo.tn\/fr\/#website"},"primaryImageOfPage":{"@id":"https:\/\/www.webdo.tn\/fr\/actualite\/international\/maroc-une-soldate-israelienne-provoque-les-marocains-sur-leur-tv-nationale\/217175\/#primaryimage"},"image":{"@id":"https:\/\/www.webdo.tn\/fr\/actualite\/international\/maroc-une-soldate-israelienne-provoque-les-marocains-sur-leur-tv-nationale\/217175\/#primaryimage"},"thumbnailUrl":"https:\/\/www.webdo.tn\/fr\/wp-content\/uploads\/2024\/10\/ce7577000d93d2a8663839873b726da0.webp","datePublished":"2024-10-24T13:48:00+00:00","dateModified":"2025-05-20T22:14:43+00:00","description":"La capitale marocaine, Rabat, a \u00e9t\u00e9 le th\u00e9\u00e2tre de manifestations avant-hier, mardi 22 octobre 2024, devant le si\u00e8ge de la deuxi\u00e8me cha\u00eene nationale marocaine, 2...","breadcrumb":{"@id":"https:\/\/www.webdo.tn\/fr\/actualite\/international\/maroc-une-soldate-israelienne-provoque-les-marocains-sur-leur-tv-nationale\/217175\/#breadcrumb"},"inLanguage":"fr-FR","potentialAction":[{"@type":"ReadAction","target":["https:\/\/www.webdo.tn\/fr\/actualite\/international\/maroc-une-soldate-israelienne-provoque-les-marocains-sur-leur-tv-nationale\/217175\/"]}]},{"@type":"ImageObject","inLanguage":"fr-FR","@id":"https:\/\/www.webdo.tn\/fr\/actualite\/international\/maroc-une-soldate-israelienne-provoque-les-marocains-sur-leur-tv-nationale\/217175\/#primaryimage","url":"https:\/\/www.webdo.tn\/fr\/wp-content\/uploads\/2024\/10\/ce7577000d93d2a8663839873b726da0.webp","contentUrl":"https:\/\/www.webdo.tn\/fr\/wp-content\/uploads\/2024\/10\/ce7577000d93d2a8663839873b726da0.webp","width":750,"height":400,"caption":"Maroc : Une soldate isra\u00e9lienne provoque les Marocains sur leur TV nationale"},{"@type":"BreadcrumbList","@id":"https:\/\/www.webdo.tn\/fr\/actualite\/international\/maroc-une-soldate-israelienne-provoque-les-marocains-sur-leur-tv-nationale\/217175\/#breadcrumb","itemListElement":[{"@type":"ListItem","position":1,"name":"Accueil","item":"https:\/\/www.webdo.tn\/fr\/"},{"@type":"ListItem","position":2,"name":"Maroc : Une soldate isra\u00e9lienne provoque les Marocains sur leur TV nationale"}]},{"@type":"WebSite","@id":"https:\/\/www.webdo.tn\/fr\/#website","url":"https:\/\/www.webdo.tn\/fr\/","name":"webdo","description":"Tunisie - News en Tunisie et \u00e0 l&#039;international sur Webdo.tn","publisher":{"@id":"https:\/\/www.webdo.tn\/fr\/#organization"},"potentialAction":[{"@type":"SearchAction","target":{"@type":"EntryPoint","urlTemplate":"https:\/\/www.webdo.tn\/fr\/?s={search_term_string}"},"query-input":{"@type":"PropertyValueSpecification","valueRequired":true,"valueName":"search_term_string"}}],"inLanguage":"fr-FR"},{"@type":"Organization","@id":"https:\/\/www.webdo.tn\/fr\/#organization","name":"Webdo","alternateName":"Webdo.tn","url":"https:\/\/www.webdo.tn\/fr\/","logo":{"@type":"ImageObject","inLanguage":"fr-FR","@id":"https:\/\/www.webdo.tn\/fr\/#\/schema\/logo\/image\/","url":"https:\/\/www.webdo.tn\/fr\/wp-content\/uploads\/2025\/06\/Webdo-Tunisie_168377.jpg","contentUrl":"https:\/\/www.webdo.tn\/fr\/wp-content\/uploads\/2025\/06\/Webdo-Tunisie_168377.jpg","width":301,"height":301,"caption":"Webdo"},"image":{"@id":"https:\/\/www.webdo.tn\/fr\/#\/schema\/logo\/image\/"},"sameAs":["https:\/\/www.facebook.com\/webdotn","https:\/\/x.com\/webdo_tn"],"description":"Webdo est un m\u00e9dia num\u00e9rique tunisien fond\u00e9 en 2010, sp\u00e9cialis\u00e9 dans l\u2019actualit\u00e9 nationale et internationale, l\u2019\u00e9conomie, la soci\u00e9t\u00e9 et les analyses politiques. Le site s\u2019adresse \u00e0 un large public francophone et couvre l\u2019information tunisienne en temps r\u00e9el.","email":"redac@webdo.tn","legalName":"YNJ SARL","foundingDate":"2010-09-06","numberOfEmployees":{"@type":"QuantitativeValue","minValue":"11","maxValue":"50"}},{"@type":"Person","@id":"https:\/\/www.webdo.tn\/fr\/#\/schema\/person\/2c4929cbf5a809e3bd38617c6ce150f6","name":"MC","image":{"@type":"ImageObject","inLanguage":"fr-FR","@id":"https:\/\/secure.gravatar.com\/avatar\/a545bbb6f84efdd5553dbbc2895e3ca8f1d12c5215e00a041c9670b54aa9b18a?s=96&d=mm&r=g","url":"https:\/\/secure.gravatar.com\/avatar\/a545bbb6f84efdd5553dbbc2895e3ca8f1d12c5215e00a041c9670b54aa9b18a?s=96&d=mm&r=g","contentUrl":"https:\/\/secure.gravatar.com\/avatar\/a545bbb6f84efdd5553dbbc2895e3ca8f1d12c5215e00a041c9670b54aa9b18a?s=96&d=mm&r=g","caption":"MC"},"url":"https:\/\/www.webdo.tn\/fr\/actualite\/author\/mc\/"}]}},"_links":{"self":[{"href":"https:\/\/www.webdo.tn\/fr\/wp-json\/wp\/v2\/posts\/217175","targetHints":{"allow":["GET"]}}],"collection":[{"href":"https:\/\/www.webdo.tn\/fr\/wp-json\/wp\/v2\/posts"}],"about":[{"href":"https:\/\/www.webdo.tn\/fr\/wp-json\/wp\/v2\/types\/post"}],"author":[{"embeddable":true,"href":"https:\/\/www.webdo.tn\/fr\/wp-json\/wp\/v2\/users\/3162"}],"replies":[{"embeddable":true,"href":"https:\/\/www.webdo.tn\/fr\/wp-json\/wp\/v2\/comments?post=217175"}],"version-history":[{"count":0,"href":"https:\/\/www.webdo.tn\/fr\/wp-json\/wp\/v2\/posts\/217175\/revisions"}],"wp:featuredmedia":[{"embeddable":true,"href":"https:\/\/www.webdo.tn\/fr\/wp-json\/wp\/v2\/media\/291227"}],"wp:attachment":[{"href":"https:\/\/www.webdo.tn\/fr\/wp-json\/wp\/v2\/media?parent=217175"}],"wp:term":[{"taxonomy":"category","embeddable":true,"href":"https:\/\/www.webdo.tn\/fr\/wp-json\/wp\/v2\/categories?post=217175"},{"taxonomy":"post_tag","embeddable":true,"href":"https:\/\/www.webdo.tn\/fr\/wp-json\/wp\/v2\/tags?post=217175"}],"curies":[{"name":"wp","href":"https:\/\/api.w.org\/{rel}","templated":true}]}}