{"id":217171,"date":"2024-10-24T10:53:00","date_gmt":"2024-10-24T10:53:00","guid":{"rendered":"https:\/\/www.webdo.tn\/fr\/blog\/tunisie-un-directeur-d-ecole-condamne-a-trois-mois-de-prison\/217171\/"},"modified":"2025-05-20T21:47:27","modified_gmt":"2025-05-20T21:47:27","slug":"tunisie-un-directeur-d-ecole-condamne-a-trois-mois-de-prison","status":"publish","type":"post","link":"https:\/\/www.webdo.tn\/fr\/actualite\/national\/tunisie-un-directeur-d-ecole-condamne-a-trois-mois-de-prison\/217171\/","title":{"rendered":"Tunisie : Un directeur d\u2019\u00e9cole condamn\u00e9 \u00e0 trois mois de prison"},"content":{"rendered":"<p>Le directeur d&rsquo;une \u00e9cole primaire \u00e0 Slimane a \u00e9t\u00e9 condamn\u00e9 hier, \u00e0 trois mois de prison pour avoir agress\u00e9 une \u00e9l\u00e8ve.<\/p>\n<p>\t\t\t\t\t\t\t\t\tDans la soir\u00e9e de mercredi 23 octobre 2024, le tribunal de premi\u00e8re instance de Grombalia a condamn\u00e9 \u00e0 trois mois de prison le directeur d&rsquo;une \u00e9cole primaire de Soliman pour avoir violemment agress\u00e9 une \u00e9l\u00e8ve de sixi\u00e8me.<\/p>\n<p>Le directeur a \u00e9t\u00e9 condamn\u00e9 sur la base d\u2019une plainte de la m\u00e8re de l\u2019\u00e9l\u00e8ve, qui post\u00e9 les photos de du visage tum\u00e9fi\u00e9 de sa fille sur les r\u00e9seaux sociaux. Malgr\u00e9 cela, le syndicat de l&rsquo;enseignement de base \u00e0 Soliman s\u2019est indign\u00e9 de la condamnation.<\/p>\n<p>Sami Keiba, secr\u00e9taire g\u00e9n\u00e9ral du syndicat de l&rsquo;enseignement de base \u00e0 Soliman, a d\u00e9nonc\u00e9, aujourd\u2019hui sur les ondes de Mosaique fm, un \u00ab\u00a0jugement arbitraire\u00a0\u00bb ayant conduit \u00e0 l&rsquo;incarc\u00e9ration de deux cadres \u00e9ducatifs, selon ses propos en r\u00e9f\u00e9rence au directeur et \u00e0 une enseignante \u00e9galement condamn\u00e9e dans une autre affaire pour avoir pouss\u00e9 un \u00e9l\u00e8ve.<\/p>\n<p>Le syndicat a appel\u00e9 \u00e0 un rassemblement de protestation ce jeudi matin dans toutes les \u00e9coles de la r\u00e9gion, a-t-il annonc\u00e9, soulignant que \u00ab\u00a0les faits et preuves disculpent le directeur\u00a0\u00bb et expliquant que l&rsquo;\u00e9l\u00e8ve \u00e9tait fr\u00e9quemment absente et que son p\u00e8re avait demand\u00e9 au directeur de la punir.<\/p>\n<p>Il a pr\u00e9cis\u00e9 que les enregistrements des cam\u00e9ras de surveillance montrent que l&rsquo;\u00e9l\u00e8ve n&rsquo;a pas pass\u00e9 plus d&rsquo;une minute dans le bureau du directeur, contredisant ainsi les accusations de sa m\u00e8re, selon lesquelles l&rsquo;enfant aurait \u00e9t\u00e9 retenue et violent\u00e9e pendant une heure.<\/p>\n<p>Revenant sur l&rsquo;incarc\u00e9ration d\u2019une enseignante de Soliman, il a pr\u00e9cis\u00e9 que cette affaire est distincte et que l\u2019institutrice est accus\u00e9e, de son c\u00f4t\u00e9 d&rsquo;avoir pouss\u00e9 un \u00e9l\u00e8ve, entra\u00eenant sa chute et une blessure \u00e0 la t\u00eate. Elle a \u00e9t\u00e9 poursuivie par les parents de l&rsquo;\u00e9l\u00e8ve et plac\u00e9e en d\u00e9tention.<\/p>\n","protected":false},"excerpt":{"rendered":"<p>Dans la soir\u00e9e de mercredi 23 octobre 2024, le tribunal de premi\u00e8re instance de Grombalia a condamn\u00e9 \u00e0 trois mois de prison le directeur d&rsquo;une \u00e9cole primaire de&#8230;<\/p>\n","protected":false},"author":3162,"featured_media":246272,"comment_status":"open","ping_status":"closed","sticky":false,"template":"","format":"standard","meta":{"footnotes":""},"categories":[44],"tags":[3435,2835,3038,2756,2608,2827],"class_list":["post-217171","post","type-post","status-publish","format-standard","has-post-thumbnail","hentry","category-national","tag-agression","tag-condamnation","tag-ecole","tag-soliman","tag-tunisie","tag-violence"],"yoast_head":"<!-- This site is optimized with the Yoast SEO Premium plugin v27.4 (Yoast SEO v27.5) - https:\/\/yoast.com\/product\/yoast-seo-premium-wordpress\/ -->\n<title>Tunisie : Un directeur d\u2019\u00e9cole condamn\u00e9 \u00e0 trois mois de prison<\/title>\n<meta name=\"description\" content=\"Dans la soir\u00e9e de mercredi 23 octobre 2024, le tribunal de premi\u00e8re instance de Grombalia a condamn\u00e9 \u00e0 trois mois de prison le directeur d&#039;une \u00e9cole primaire de...\" \/>\n<link rel=\"canonical\" href=\"https:\/\/www.webdo.tn\/fr\/actualite\/national\/tunisie-un-directeur-d-ecole-condamne-a-trois-mois-de-prison\/217171\/\" \/>\n<meta property=\"og:locale\" content=\"fr_FR\" \/>\n<meta property=\"og:type\" content=\"article\" \/>\n<meta property=\"og:title\" content=\"Tunisie : Un directeur d\u2019\u00e9cole condamn\u00e9 \u00e0 trois mois de prison\" \/>\n<meta property=\"og:description\" content=\"Dans la soir\u00e9e de mercredi 23 octobre 2024, le tribunal de premi\u00e8re instance de Grombalia a condamn\u00e9 \u00e0 trois mois de prison le directeur d&#039;une \u00e9cole primaire de...\" \/>\n<meta property=\"og:url\" content=\"https:\/\/www.webdo.tn\/fr\/actualite\/national\/tunisie-un-directeur-d-ecole-condamne-a-trois-mois-de-prison\/217171\/\" \/>\n<meta property=\"og:site_name\" content=\"webdo\" \/>\n<meta property=\"article:publisher\" content=\"https:\/\/www.facebook.com\/webdotn\" \/>\n<meta property=\"article:published_time\" content=\"2024-10-24T10:53:00+00:00\" \/>\n<meta property=\"article:modified_time\" content=\"2025-05-20T21:47:27+00:00\" \/>\n<meta property=\"og:image\" content=\"https:\/\/www.webdo.tn\/fr\/wp-content\/uploads\/2024\/10\/4e9ae4d0b2daff78b6ea00632a7de506.webp\" \/>\n\t<meta property=\"og:image:width\" content=\"680\" \/>\n\t<meta property=\"og:image:height\" content=\"363\" \/>\n\t<meta property=\"og:image:type\" content=\"image\/webp\" \/>\n<meta name=\"author\" content=\"MC\" \/>\n<meta name=\"twitter:card\" content=\"summary_large_image\" \/>\n<meta name=\"twitter:creator\" content=\"@webdo_tn\" \/>\n<meta name=\"twitter:site\" content=\"@webdo_tn\" \/>\n<meta name=\"twitter:label1\" content=\"\u00c9crit par\" \/>\n\t<meta name=\"twitter:data1\" content=\"MC\" \/>\n\t<meta name=\"twitter:label2\" content=\"Dur\u00e9e de lecture estim\u00e9e\" \/>\n\t<meta name=\"twitter:data2\" content=\"2 minutes\" \/>\n<script type=\"application\/ld+json\" class=\"yoast-schema-graph\">{\"@context\":\"https:\\\/\\\/schema.org\",\"@graph\":[{\"@type\":\"NewsArticle\",\"@id\":\"https:\\\/\\\/www.webdo.tn\\\/fr\\\/actualite\\\/national\\\/tunisie-un-directeur-d-ecole-condamne-a-trois-mois-de-prison\\\/217171\\\/#article\",\"isPartOf\":{\"@id\":\"https:\\\/\\\/www.webdo.tn\\\/fr\\\/actualite\\\/national\\\/tunisie-un-directeur-d-ecole-condamne-a-trois-mois-de-prison\\\/217171\\\/\"},\"author\":{\"name\":\"MC\",\"@id\":\"https:\\\/\\\/www.webdo.tn\\\/fr\\\/#\\\/schema\\\/person\\\/2c4929cbf5a809e3bd38617c6ce150f6\"},\"headline\":\"Tunisie : Un directeur d\u2019\u00e9cole condamn\u00e9 \u00e0 trois mois de prison\",\"datePublished\":\"2024-10-24T10:53:00+00:00\",\"dateModified\":\"2025-05-20T21:47:27+00:00\",\"mainEntityOfPage\":{\"@id\":\"https:\\\/\\\/www.webdo.tn\\\/fr\\\/actualite\\\/national\\\/tunisie-un-directeur-d-ecole-condamne-a-trois-mois-de-prison\\\/217171\\\/\"},\"wordCount\":351,\"commentCount\":0,\"publisher\":{\"@id\":\"https:\\\/\\\/www.webdo.tn\\\/fr\\\/#organization\"},\"image\":{\"@id\":\"https:\\\/\\\/www.webdo.tn\\\/fr\\\/actualite\\\/national\\\/tunisie-un-directeur-d-ecole-condamne-a-trois-mois-de-prison\\\/217171\\\/#primaryimage\"},\"thumbnailUrl\":\"https:\\\/\\\/www.webdo.tn\\\/fr\\\/wp-content\\\/uploads\\\/2024\\\/10\\\/4e9ae4d0b2daff78b6ea00632a7de506.webp\",\"keywords\":[\"agression\",\"condamnation\",\"\u00e9cole\",\"soliman\",\"Tunisie\",\"violence\"],\"articleSection\":[\"National\"],\"inLanguage\":\"fr-FR\"},{\"@type\":\"WebPage\",\"@id\":\"https:\\\/\\\/www.webdo.tn\\\/fr\\\/actualite\\\/national\\\/tunisie-un-directeur-d-ecole-condamne-a-trois-mois-de-prison\\\/217171\\\/\",\"url\":\"https:\\\/\\\/www.webdo.tn\\\/fr\\\/actualite\\\/national\\\/tunisie-un-directeur-d-ecole-condamne-a-trois-mois-de-prison\\\/217171\\\/\",\"name\":\"Tunisie : Un directeur d\u2019\u00e9cole condamn\u00e9 \u00e0 trois mois de prison\",\"isPartOf\":{\"@id\":\"https:\\\/\\\/www.webdo.tn\\\/fr\\\/#website\"},\"primaryImageOfPage\":{\"@id\":\"https:\\\/\\\/www.webdo.tn\\\/fr\\\/actualite\\\/national\\\/tunisie-un-directeur-d-ecole-condamne-a-trois-mois-de-prison\\\/217171\\\/#primaryimage\"},\"image\":{\"@id\":\"https:\\\/\\\/www.webdo.tn\\\/fr\\\/actualite\\\/national\\\/tunisie-un-directeur-d-ecole-condamne-a-trois-mois-de-prison\\\/217171\\\/#primaryimage\"},\"thumbnailUrl\":\"https:\\\/\\\/www.webdo.tn\\\/fr\\\/wp-content\\\/uploads\\\/2024\\\/10\\\/4e9ae4d0b2daff78b6ea00632a7de506.webp\",\"datePublished\":\"2024-10-24T10:53:00+00:00\",\"dateModified\":\"2025-05-20T21:47:27+00:00\",\"description\":\"Dans la soir\u00e9e de mercredi 23 octobre 2024, le tribunal de premi\u00e8re instance de Grombalia a condamn\u00e9 \u00e0 trois mois de prison le directeur d'une \u00e9cole primaire de...\",\"breadcrumb\":{\"@id\":\"https:\\\/\\\/www.webdo.tn\\\/fr\\\/actualite\\\/national\\\/tunisie-un-directeur-d-ecole-condamne-a-trois-mois-de-prison\\\/217171\\\/#breadcrumb\"},\"inLanguage\":\"fr-FR\",\"potentialAction\":[{\"@type\":\"ReadAction\",\"target\":[\"https:\\\/\\\/www.webdo.tn\\\/fr\\\/actualite\\\/national\\\/tunisie-un-directeur-d-ecole-condamne-a-trois-mois-de-prison\\\/217171\\\/\"]}]},{\"@type\":\"ImageObject\",\"inLanguage\":\"fr-FR\",\"@id\":\"https:\\\/\\\/www.webdo.tn\\\/fr\\\/actualite\\\/national\\\/tunisie-un-directeur-d-ecole-condamne-a-trois-mois-de-prison\\\/217171\\\/#primaryimage\",\"url\":\"https:\\\/\\\/www.webdo.tn\\\/fr\\\/wp-content\\\/uploads\\\/2024\\\/10\\\/4e9ae4d0b2daff78b6ea00632a7de506.webp\",\"contentUrl\":\"https:\\\/\\\/www.webdo.tn\\\/fr\\\/wp-content\\\/uploads\\\/2024\\\/10\\\/4e9ae4d0b2daff78b6ea00632a7de506.webp\",\"width\":680,\"height\":363,\"caption\":\"Tunisie : Un directeur d\u2019\u00e9cole condamn\u00e9 \u00e0 trois mois de prison\"},{\"@type\":\"BreadcrumbList\",\"@id\":\"https:\\\/\\\/www.webdo.tn\\\/fr\\\/actualite\\\/national\\\/tunisie-un-directeur-d-ecole-condamne-a-trois-mois-de-prison\\\/217171\\\/#breadcrumb\",\"itemListElement\":[{\"@type\":\"ListItem\",\"position\":1,\"name\":\"Accueil\",\"item\":\"https:\\\/\\\/www.webdo.tn\\\/fr\\\/\"},{\"@type\":\"ListItem\",\"position\":2,\"name\":\"Tunisie : Un directeur d\u2019\u00e9cole condamn\u00e9 \u00e0 trois mois de prison\"}]},{\"@type\":\"WebSite\",\"@id\":\"https:\\\/\\\/www.webdo.tn\\\/fr\\\/#website\",\"url\":\"https:\\\/\\\/www.webdo.tn\\\/fr\\\/\",\"name\":\"webdo\",\"description\":\"Tunisie - News en Tunisie et \u00e0 l&#039;international sur Webdo.tn\",\"publisher\":{\"@id\":\"https:\\\/\\\/www.webdo.tn\\\/fr\\\/#organization\"},\"potentialAction\":[{\"@type\":\"SearchAction\",\"target\":{\"@type\":\"EntryPoint\",\"urlTemplate\":\"https:\\\/\\\/www.webdo.tn\\\/fr\\\/?s={search_term_string}\"},\"query-input\":{\"@type\":\"PropertyValueSpecification\",\"valueRequired\":true,\"valueName\":\"search_term_string\"}}],\"inLanguage\":\"fr-FR\"},{\"@type\":\"Organization\",\"@id\":\"https:\\\/\\\/www.webdo.tn\\\/fr\\\/#organization\",\"name\":\"Webdo\",\"alternateName\":\"Webdo.tn\",\"url\":\"https:\\\/\\\/www.webdo.tn\\\/fr\\\/\",\"logo\":{\"@type\":\"ImageObject\",\"inLanguage\":\"fr-FR\",\"@id\":\"https:\\\/\\\/www.webdo.tn\\\/fr\\\/#\\\/schema\\\/logo\\\/image\\\/\",\"url\":\"https:\\\/\\\/www.webdo.tn\\\/fr\\\/wp-content\\\/uploads\\\/2025\\\/06\\\/Webdo-Tunisie_168377.jpg\",\"contentUrl\":\"https:\\\/\\\/www.webdo.tn\\\/fr\\\/wp-content\\\/uploads\\\/2025\\\/06\\\/Webdo-Tunisie_168377.jpg\",\"width\":301,\"height\":301,\"caption\":\"Webdo\"},\"image\":{\"@id\":\"https:\\\/\\\/www.webdo.tn\\\/fr\\\/#\\\/schema\\\/logo\\\/image\\\/\"},\"sameAs\":[\"https:\\\/\\\/www.facebook.com\\\/webdotn\",\"https:\\\/\\\/x.com\\\/webdo_tn\"],\"description\":\"Webdo est un m\u00e9dia num\u00e9rique tunisien fond\u00e9 en 2010, sp\u00e9cialis\u00e9 dans l\u2019actualit\u00e9 nationale et internationale, l\u2019\u00e9conomie, la soci\u00e9t\u00e9 et les analyses politiques. Le site s\u2019adresse \u00e0 un large public francophone et couvre l\u2019information tunisienne en temps r\u00e9el.\",\"email\":\"redac@webdo.tn\",\"legalName\":\"YNJ SARL\",\"foundingDate\":\"2010-09-06\",\"numberOfEmployees\":{\"@type\":\"QuantitativeValue\",\"minValue\":\"11\",\"maxValue\":\"50\"}},{\"@type\":\"Person\",\"@id\":\"https:\\\/\\\/www.webdo.tn\\\/fr\\\/#\\\/schema\\\/person\\\/2c4929cbf5a809e3bd38617c6ce150f6\",\"name\":\"MC\",\"image\":{\"@type\":\"ImageObject\",\"inLanguage\":\"fr-FR\",\"@id\":\"https:\\\/\\\/secure.gravatar.com\\\/avatar\\\/a545bbb6f84efdd5553dbbc2895e3ca8f1d12c5215e00a041c9670b54aa9b18a?s=96&d=mm&r=g\",\"url\":\"https:\\\/\\\/secure.gravatar.com\\\/avatar\\\/a545bbb6f84efdd5553dbbc2895e3ca8f1d12c5215e00a041c9670b54aa9b18a?s=96&d=mm&r=g\",\"contentUrl\":\"https:\\\/\\\/secure.gravatar.com\\\/avatar\\\/a545bbb6f84efdd5553dbbc2895e3ca8f1d12c5215e00a041c9670b54aa9b18a?s=96&d=mm&r=g\",\"caption\":\"MC\"},\"url\":\"https:\\\/\\\/www.webdo.tn\\\/fr\\\/actualite\\\/author\\\/mc\\\/\"}]}<\/script>\n<!-- \/ Yoast SEO Premium plugin. -->","yoast_head_json":{"title":"Tunisie : Un directeur d\u2019\u00e9cole condamn\u00e9 \u00e0 trois mois de prison","description":"Dans la soir\u00e9e de mercredi 23 octobre 2024, le tribunal de premi\u00e8re instance de Grombalia a condamn\u00e9 \u00e0 trois mois de prison le directeur d'une \u00e9cole primaire de...","canonical":"https:\/\/www.webdo.tn\/fr\/actualite\/national\/tunisie-un-directeur-d-ecole-condamne-a-trois-mois-de-prison\/217171\/","og_locale":"fr_FR","og_type":"article","og_title":"Tunisie : Un directeur d\u2019\u00e9cole condamn\u00e9 \u00e0 trois mois de prison","og_description":"Dans la soir\u00e9e de mercredi 23 octobre 2024, le tribunal de premi\u00e8re instance de Grombalia a condamn\u00e9 \u00e0 trois mois de prison le directeur d'une \u00e9cole primaire de...","og_url":"https:\/\/www.webdo.tn\/fr\/actualite\/national\/tunisie-un-directeur-d-ecole-condamne-a-trois-mois-de-prison\/217171\/","og_site_name":"webdo","article_publisher":"https:\/\/www.facebook.com\/webdotn","article_published_time":"2024-10-24T10:53:00+00:00","article_modified_time":"2025-05-20T21:47:27+00:00","og_image":[{"width":680,"height":363,"url":"https:\/\/www.webdo.tn\/fr\/wp-content\/uploads\/2024\/10\/4e9ae4d0b2daff78b6ea00632a7de506.webp","type":"image\/webp"}],"author":"MC","twitter_card":"summary_large_image","twitter_creator":"@webdo_tn","twitter_site":"@webdo_tn","twitter_misc":{"\u00c9crit par":"MC","Dur\u00e9e de lecture estim\u00e9e":"2 minutes"},"schema":{"@context":"https:\/\/schema.org","@graph":[{"@type":"NewsArticle","@id":"https:\/\/www.webdo.tn\/fr\/actualite\/national\/tunisie-un-directeur-d-ecole-condamne-a-trois-mois-de-prison\/217171\/#article","isPartOf":{"@id":"https:\/\/www.webdo.tn\/fr\/actualite\/national\/tunisie-un-directeur-d-ecole-condamne-a-trois-mois-de-prison\/217171\/"},"author":{"name":"MC","@id":"https:\/\/www.webdo.tn\/fr\/#\/schema\/person\/2c4929cbf5a809e3bd38617c6ce150f6"},"headline":"Tunisie : Un directeur d\u2019\u00e9cole condamn\u00e9 \u00e0 trois mois de prison","datePublished":"2024-10-24T10:53:00+00:00","dateModified":"2025-05-20T21:47:27+00:00","mainEntityOfPage":{"@id":"https:\/\/www.webdo.tn\/fr\/actualite\/national\/tunisie-un-directeur-d-ecole-condamne-a-trois-mois-de-prison\/217171\/"},"wordCount":351,"commentCount":0,"publisher":{"@id":"https:\/\/www.webdo.tn\/fr\/#organization"},"image":{"@id":"https:\/\/www.webdo.tn\/fr\/actualite\/national\/tunisie-un-directeur-d-ecole-condamne-a-trois-mois-de-prison\/217171\/#primaryimage"},"thumbnailUrl":"https:\/\/www.webdo.tn\/fr\/wp-content\/uploads\/2024\/10\/4e9ae4d0b2daff78b6ea00632a7de506.webp","keywords":["agression","condamnation","\u00e9cole","soliman","Tunisie","violence"],"articleSection":["National"],"inLanguage":"fr-FR"},{"@type":"WebPage","@id":"https:\/\/www.webdo.tn\/fr\/actualite\/national\/tunisie-un-directeur-d-ecole-condamne-a-trois-mois-de-prison\/217171\/","url":"https:\/\/www.webdo.tn\/fr\/actualite\/national\/tunisie-un-directeur-d-ecole-condamne-a-trois-mois-de-prison\/217171\/","name":"Tunisie : Un directeur d\u2019\u00e9cole condamn\u00e9 \u00e0 trois mois de prison","isPartOf":{"@id":"https:\/\/www.webdo.tn\/fr\/#website"},"primaryImageOfPage":{"@id":"https:\/\/www.webdo.tn\/fr\/actualite\/national\/tunisie-un-directeur-d-ecole-condamne-a-trois-mois-de-prison\/217171\/#primaryimage"},"image":{"@id":"https:\/\/www.webdo.tn\/fr\/actualite\/national\/tunisie-un-directeur-d-ecole-condamne-a-trois-mois-de-prison\/217171\/#primaryimage"},"thumbnailUrl":"https:\/\/www.webdo.tn\/fr\/wp-content\/uploads\/2024\/10\/4e9ae4d0b2daff78b6ea00632a7de506.webp","datePublished":"2024-10-24T10:53:00+00:00","dateModified":"2025-05-20T21:47:27+00:00","description":"Dans la soir\u00e9e de mercredi 23 octobre 2024, le tribunal de premi\u00e8re instance de Grombalia a condamn\u00e9 \u00e0 trois mois de prison le directeur d'une \u00e9cole primaire de...","breadcrumb":{"@id":"https:\/\/www.webdo.tn\/fr\/actualite\/national\/tunisie-un-directeur-d-ecole-condamne-a-trois-mois-de-prison\/217171\/#breadcrumb"},"inLanguage":"fr-FR","potentialAction":[{"@type":"ReadAction","target":["https:\/\/www.webdo.tn\/fr\/actualite\/national\/tunisie-un-directeur-d-ecole-condamne-a-trois-mois-de-prison\/217171\/"]}]},{"@type":"ImageObject","inLanguage":"fr-FR","@id":"https:\/\/www.webdo.tn\/fr\/actualite\/national\/tunisie-un-directeur-d-ecole-condamne-a-trois-mois-de-prison\/217171\/#primaryimage","url":"https:\/\/www.webdo.tn\/fr\/wp-content\/uploads\/2024\/10\/4e9ae4d0b2daff78b6ea00632a7de506.webp","contentUrl":"https:\/\/www.webdo.tn\/fr\/wp-content\/uploads\/2024\/10\/4e9ae4d0b2daff78b6ea00632a7de506.webp","width":680,"height":363,"caption":"Tunisie : Un directeur d\u2019\u00e9cole condamn\u00e9 \u00e0 trois mois de prison"},{"@type":"BreadcrumbList","@id":"https:\/\/www.webdo.tn\/fr\/actualite\/national\/tunisie-un-directeur-d-ecole-condamne-a-trois-mois-de-prison\/217171\/#breadcrumb","itemListElement":[{"@type":"ListItem","position":1,"name":"Accueil","item":"https:\/\/www.webdo.tn\/fr\/"},{"@type":"ListItem","position":2,"name":"Tunisie : Un directeur d\u2019\u00e9cole condamn\u00e9 \u00e0 trois mois de prison"}]},{"@type":"WebSite","@id":"https:\/\/www.webdo.tn\/fr\/#website","url":"https:\/\/www.webdo.tn\/fr\/","name":"webdo","description":"Tunisie - News en Tunisie et \u00e0 l&#039;international sur Webdo.tn","publisher":{"@id":"https:\/\/www.webdo.tn\/fr\/#organization"},"potentialAction":[{"@type":"SearchAction","target":{"@type":"EntryPoint","urlTemplate":"https:\/\/www.webdo.tn\/fr\/?s={search_term_string}"},"query-input":{"@type":"PropertyValueSpecification","valueRequired":true,"valueName":"search_term_string"}}],"inLanguage":"fr-FR"},{"@type":"Organization","@id":"https:\/\/www.webdo.tn\/fr\/#organization","name":"Webdo","alternateName":"Webdo.tn","url":"https:\/\/www.webdo.tn\/fr\/","logo":{"@type":"ImageObject","inLanguage":"fr-FR","@id":"https:\/\/www.webdo.tn\/fr\/#\/schema\/logo\/image\/","url":"https:\/\/www.webdo.tn\/fr\/wp-content\/uploads\/2025\/06\/Webdo-Tunisie_168377.jpg","contentUrl":"https:\/\/www.webdo.tn\/fr\/wp-content\/uploads\/2025\/06\/Webdo-Tunisie_168377.jpg","width":301,"height":301,"caption":"Webdo"},"image":{"@id":"https:\/\/www.webdo.tn\/fr\/#\/schema\/logo\/image\/"},"sameAs":["https:\/\/www.facebook.com\/webdotn","https:\/\/x.com\/webdo_tn"],"description":"Webdo est un m\u00e9dia num\u00e9rique tunisien fond\u00e9 en 2010, sp\u00e9cialis\u00e9 dans l\u2019actualit\u00e9 nationale et internationale, l\u2019\u00e9conomie, la soci\u00e9t\u00e9 et les analyses politiques. Le site s\u2019adresse \u00e0 un large public francophone et couvre l\u2019information tunisienne en temps r\u00e9el.","email":"redac@webdo.tn","legalName":"YNJ SARL","foundingDate":"2010-09-06","numberOfEmployees":{"@type":"QuantitativeValue","minValue":"11","maxValue":"50"}},{"@type":"Person","@id":"https:\/\/www.webdo.tn\/fr\/#\/schema\/person\/2c4929cbf5a809e3bd38617c6ce150f6","name":"MC","image":{"@type":"ImageObject","inLanguage":"fr-FR","@id":"https:\/\/secure.gravatar.com\/avatar\/a545bbb6f84efdd5553dbbc2895e3ca8f1d12c5215e00a041c9670b54aa9b18a?s=96&d=mm&r=g","url":"https:\/\/secure.gravatar.com\/avatar\/a545bbb6f84efdd5553dbbc2895e3ca8f1d12c5215e00a041c9670b54aa9b18a?s=96&d=mm&r=g","contentUrl":"https:\/\/secure.gravatar.com\/avatar\/a545bbb6f84efdd5553dbbc2895e3ca8f1d12c5215e00a041c9670b54aa9b18a?s=96&d=mm&r=g","caption":"MC"},"url":"https:\/\/www.webdo.tn\/fr\/actualite\/author\/mc\/"}]}},"_links":{"self":[{"href":"https:\/\/www.webdo.tn\/fr\/wp-json\/wp\/v2\/posts\/217171","targetHints":{"allow":["GET"]}}],"collection":[{"href":"https:\/\/www.webdo.tn\/fr\/wp-json\/wp\/v2\/posts"}],"about":[{"href":"https:\/\/www.webdo.tn\/fr\/wp-json\/wp\/v2\/types\/post"}],"author":[{"embeddable":true,"href":"https:\/\/www.webdo.tn\/fr\/wp-json\/wp\/v2\/users\/3162"}],"replies":[{"embeddable":true,"href":"https:\/\/www.webdo.tn\/fr\/wp-json\/wp\/v2\/comments?post=217171"}],"version-history":[{"count":0,"href":"https:\/\/www.webdo.tn\/fr\/wp-json\/wp\/v2\/posts\/217171\/revisions"}],"wp:featuredmedia":[{"embeddable":true,"href":"https:\/\/www.webdo.tn\/fr\/wp-json\/wp\/v2\/media\/246272"}],"wp:attachment":[{"href":"https:\/\/www.webdo.tn\/fr\/wp-json\/wp\/v2\/media?parent=217171"}],"wp:term":[{"taxonomy":"category","embeddable":true,"href":"https:\/\/www.webdo.tn\/fr\/wp-json\/wp\/v2\/categories?post=217171"},{"taxonomy":"post_tag","embeddable":true,"href":"https:\/\/www.webdo.tn\/fr\/wp-json\/wp\/v2\/tags?post=217171"}],"curies":[{"name":"wp","href":"https:\/\/api.w.org\/{rel}","templated":true}]}}