{"id":217165,"date":"2024-10-24T09:04:00","date_gmt":"2024-10-24T09:04:00","guid":{"rendered":"https:\/\/www.webdo.tn\/fr\/blog\/snapshot-edifie-en-1895-et-toujours-d-aplomb\/217165\/"},"modified":"2025-05-17T20:21:42","modified_gmt":"2025-05-17T20:21:42","slug":"snapshot-edifie-en-1895-et-toujours-d-aplomb","status":"publish","type":"post","link":"https:\/\/www.webdo.tn\/fr\/actualite\/chroniques\/snapshot-edifie-en-1895-et-toujours-d-aplomb\/217165\/","title":{"rendered":"Tunisie &#8211; Snapshot : \u00c9difi\u00e9 en 1895 et toujours d&rsquo;aplomb"},"content":{"rendered":"<p>Au centre-ville de Tunis, beaucoup d&rsquo;immeubles ont plus d&rsquo;un si\u00e8cle et gardent un air de jeunesse \u00e9ternelle.<\/p>\n<p>\t\t\t\t\t\t\t\t\tBeaucoup d&rsquo;immeubles de Tunis t\u00e9moignent d&rsquo;une \u00e9poque o\u00f9 la majorit\u00e9 des ma\u00e7ons et des entrepreneurs \u00e9taient d&rsquo;origine italienne.<\/p>\n<p>Cette r\u00e9alit\u00e9 se voit d&rsquo;ailleurs sur les fa\u00e7ades de ces immeubles qui ressemblent comme des jumeaux \u00e0 des \u00e9difices qui se trouvent \u00e0 Palerme ou Naples, dans le sud de l&rsquo;Italie.<\/p>\n<p>Notre photo montre un immeuble de la rue Radhia Haddad, au centre-ville de Tunis. La mention \u00ab\u00a01895\u00a0\u00bb donne \u00e0 cet immeuble, l&rsquo;\u00e2ge v\u00e9n\u00e9rable de 129 ans.<\/p>\n","protected":false},"excerpt":{"rendered":"<p>Beaucoup d&rsquo;immeubles de Tunis t\u00e9moignent d&rsquo;une \u00e9poque o\u00f9 la majorit\u00e9 des ma\u00e7ons et des entrepreneurs \u00e9taient d&rsquo;origine italienne.<\/p>\n","protected":false},"author":3229,"featured_media":246269,"comment_status":"open","ping_status":"closed","sticky":false,"template":"","format":"standard","meta":{"footnotes":""},"categories":[2596],"tags":[4405,5164,2640,2608],"class_list":["post-217165","post","type-post","status-publish","format-standard","has-post-thumbnail","hentry","category-chroniques","tag-centre-ville","tag-immeuble","tag-tunis","tag-tunisie"],"yoast_head":"<!-- This site is optimized with the Yoast SEO Premium plugin v27.4 (Yoast SEO v27.5) - https:\/\/yoast.com\/product\/yoast-seo-premium-wordpress\/ -->\n<title>Tunisie - Snapshot : \u00c9difi\u00e9 en 1895 et toujours d&#039;aplomb<\/title>\n<meta name=\"description\" content=\"Beaucoup d&#039;immeubles de Tunis t\u00e9moignent d&#039;une \u00e9poque o\u00f9 la majorit\u00e9 des ma\u00e7ons et des entrepreneurs \u00e9taient d&#039;origine italienne.\" \/>\n<link rel=\"canonical\" href=\"https:\/\/www.webdo.tn\/fr\/actualite\/chroniques\/snapshot-edifie-en-1895-et-toujours-d-aplomb\/217165\/\" \/>\n<meta property=\"og:locale\" content=\"fr_FR\" \/>\n<meta property=\"og:type\" content=\"article\" \/>\n<meta property=\"og:title\" content=\"Tunisie - Snapshot : \u00c9difi\u00e9 en 1895 et toujours d&#039;aplomb\" \/>\n<meta property=\"og:description\" content=\"Beaucoup d&#039;immeubles de Tunis t\u00e9moignent d&#039;une \u00e9poque o\u00f9 la majorit\u00e9 des ma\u00e7ons et des entrepreneurs \u00e9taient d&#039;origine italienne.\" \/>\n<meta property=\"og:url\" content=\"https:\/\/www.webdo.tn\/fr\/actualite\/chroniques\/snapshot-edifie-en-1895-et-toujours-d-aplomb\/217165\/\" \/>\n<meta property=\"og:site_name\" content=\"webdo\" \/>\n<meta property=\"article:publisher\" content=\"https:\/\/www.facebook.com\/webdotn\" \/>\n<meta property=\"article:author\" content=\"https:\/\/www.facebook.com\/hatem.bourial.2025\" \/>\n<meta property=\"article:published_time\" content=\"2024-10-24T09:04:00+00:00\" \/>\n<meta property=\"article:modified_time\" content=\"2025-05-17T20:21:42+00:00\" \/>\n<meta property=\"og:image\" content=\"https:\/\/www.webdo.tn\/fr\/wp-content\/uploads\/2024\/10\/1013522d6623d248a3a7f8ac25894b72.webp\" \/>\n\t<meta property=\"og:image:width\" content=\"750\" \/>\n\t<meta property=\"og:image:height\" content=\"400\" \/>\n\t<meta property=\"og:image:type\" content=\"image\/webp\" \/>\n<meta name=\"author\" content=\"Hatem Bourial\" \/>\n<meta name=\"twitter:card\" content=\"summary_large_image\" \/>\n<meta name=\"twitter:creator\" content=\"@webdo_tn\" \/>\n<meta name=\"twitter:site\" content=\"@webdo_tn\" \/>\n<meta name=\"twitter:label1\" content=\"\u00c9crit par\" \/>\n\t<meta name=\"twitter:data1\" content=\"Hatem Bourial\" \/>\n<script type=\"application\/ld+json\" class=\"yoast-schema-graph\">{\"@context\":\"https:\\\/\\\/schema.org\",\"@graph\":[{\"@type\":\"NewsArticle\",\"@id\":\"https:\\\/\\\/www.webdo.tn\\\/fr\\\/actualite\\\/chroniques\\\/snapshot-edifie-en-1895-et-toujours-d-aplomb\\\/217165\\\/#article\",\"isPartOf\":{\"@id\":\"https:\\\/\\\/www.webdo.tn\\\/fr\\\/actualite\\\/chroniques\\\/snapshot-edifie-en-1895-et-toujours-d-aplomb\\\/217165\\\/\"},\"author\":{\"name\":\"Hatem Bourial\",\"@id\":\"https:\\\/\\\/www.webdo.tn\\\/fr\\\/#\\\/schema\\\/person\\\/6bc0beba2cd23aec27cb5df85ca2554f\"},\"headline\":\"Tunisie &#8211; Snapshot : \u00c9difi\u00e9 en 1895 et toujours d&rsquo;aplomb\",\"datePublished\":\"2024-10-24T09:04:00+00:00\",\"dateModified\":\"2025-05-17T20:21:42+00:00\",\"mainEntityOfPage\":{\"@id\":\"https:\\\/\\\/www.webdo.tn\\\/fr\\\/actualite\\\/chroniques\\\/snapshot-edifie-en-1895-et-toujours-d-aplomb\\\/217165\\\/\"},\"wordCount\":111,\"commentCount\":0,\"publisher\":{\"@id\":\"https:\\\/\\\/www.webdo.tn\\\/fr\\\/#organization\"},\"image\":{\"@id\":\"https:\\\/\\\/www.webdo.tn\\\/fr\\\/actualite\\\/chroniques\\\/snapshot-edifie-en-1895-et-toujours-d-aplomb\\\/217165\\\/#primaryimage\"},\"thumbnailUrl\":\"https:\\\/\\\/www.webdo.tn\\\/fr\\\/wp-content\\\/uploads\\\/2024\\\/10\\\/1013522d6623d248a3a7f8ac25894b72.webp\",\"keywords\":[\"centre-ville\",\"immeuble\",\"Tunis\",\"Tunisie\"],\"articleSection\":[\"Chroniques\"],\"inLanguage\":\"fr-FR\"},{\"@type\":\"WebPage\",\"@id\":\"https:\\\/\\\/www.webdo.tn\\\/fr\\\/actualite\\\/chroniques\\\/snapshot-edifie-en-1895-et-toujours-d-aplomb\\\/217165\\\/\",\"url\":\"https:\\\/\\\/www.webdo.tn\\\/fr\\\/actualite\\\/chroniques\\\/snapshot-edifie-en-1895-et-toujours-d-aplomb\\\/217165\\\/\",\"name\":\"Tunisie - Snapshot : \u00c9difi\u00e9 en 1895 et toujours d'aplomb\",\"isPartOf\":{\"@id\":\"https:\\\/\\\/www.webdo.tn\\\/fr\\\/#website\"},\"primaryImageOfPage\":{\"@id\":\"https:\\\/\\\/www.webdo.tn\\\/fr\\\/actualite\\\/chroniques\\\/snapshot-edifie-en-1895-et-toujours-d-aplomb\\\/217165\\\/#primaryimage\"},\"image\":{\"@id\":\"https:\\\/\\\/www.webdo.tn\\\/fr\\\/actualite\\\/chroniques\\\/snapshot-edifie-en-1895-et-toujours-d-aplomb\\\/217165\\\/#primaryimage\"},\"thumbnailUrl\":\"https:\\\/\\\/www.webdo.tn\\\/fr\\\/wp-content\\\/uploads\\\/2024\\\/10\\\/1013522d6623d248a3a7f8ac25894b72.webp\",\"datePublished\":\"2024-10-24T09:04:00+00:00\",\"dateModified\":\"2025-05-17T20:21:42+00:00\",\"description\":\"Beaucoup d'immeubles de Tunis t\u00e9moignent d'une \u00e9poque o\u00f9 la majorit\u00e9 des ma\u00e7ons et des entrepreneurs \u00e9taient d'origine italienne.\",\"breadcrumb\":{\"@id\":\"https:\\\/\\\/www.webdo.tn\\\/fr\\\/actualite\\\/chroniques\\\/snapshot-edifie-en-1895-et-toujours-d-aplomb\\\/217165\\\/#breadcrumb\"},\"inLanguage\":\"fr-FR\",\"potentialAction\":[{\"@type\":\"ReadAction\",\"target\":[\"https:\\\/\\\/www.webdo.tn\\\/fr\\\/actualite\\\/chroniques\\\/snapshot-edifie-en-1895-et-toujours-d-aplomb\\\/217165\\\/\"]}]},{\"@type\":\"ImageObject\",\"inLanguage\":\"fr-FR\",\"@id\":\"https:\\\/\\\/www.webdo.tn\\\/fr\\\/actualite\\\/chroniques\\\/snapshot-edifie-en-1895-et-toujours-d-aplomb\\\/217165\\\/#primaryimage\",\"url\":\"https:\\\/\\\/www.webdo.tn\\\/fr\\\/wp-content\\\/uploads\\\/2024\\\/10\\\/1013522d6623d248a3a7f8ac25894b72.webp\",\"contentUrl\":\"https:\\\/\\\/www.webdo.tn\\\/fr\\\/wp-content\\\/uploads\\\/2024\\\/10\\\/1013522d6623d248a3a7f8ac25894b72.webp\",\"width\":750,\"height\":400,\"caption\":\"Tunisie - Snapshot : \u00c9difi\u00e9 en 1895 et toujours d'aplomb\"},{\"@type\":\"BreadcrumbList\",\"@id\":\"https:\\\/\\\/www.webdo.tn\\\/fr\\\/actualite\\\/chroniques\\\/snapshot-edifie-en-1895-et-toujours-d-aplomb\\\/217165\\\/#breadcrumb\",\"itemListElement\":[{\"@type\":\"ListItem\",\"position\":1,\"name\":\"Accueil\",\"item\":\"https:\\\/\\\/www.webdo.tn\\\/fr\\\/\"},{\"@type\":\"ListItem\",\"position\":2,\"name\":\"Tunisie &#8211; Snapshot : \u00c9difi\u00e9 en 1895 et toujours d&#8217;aplomb\"}]},{\"@type\":\"WebSite\",\"@id\":\"https:\\\/\\\/www.webdo.tn\\\/fr\\\/#website\",\"url\":\"https:\\\/\\\/www.webdo.tn\\\/fr\\\/\",\"name\":\"webdo\",\"description\":\"Tunisie - News en Tunisie et \u00e0 l&#039;international sur Webdo.tn\",\"publisher\":{\"@id\":\"https:\\\/\\\/www.webdo.tn\\\/fr\\\/#organization\"},\"potentialAction\":[{\"@type\":\"SearchAction\",\"target\":{\"@type\":\"EntryPoint\",\"urlTemplate\":\"https:\\\/\\\/www.webdo.tn\\\/fr\\\/?s={search_term_string}\"},\"query-input\":{\"@type\":\"PropertyValueSpecification\",\"valueRequired\":true,\"valueName\":\"search_term_string\"}}],\"inLanguage\":\"fr-FR\"},{\"@type\":\"Organization\",\"@id\":\"https:\\\/\\\/www.webdo.tn\\\/fr\\\/#organization\",\"name\":\"Webdo\",\"alternateName\":\"Webdo.tn\",\"url\":\"https:\\\/\\\/www.webdo.tn\\\/fr\\\/\",\"logo\":{\"@type\":\"ImageObject\",\"inLanguage\":\"fr-FR\",\"@id\":\"https:\\\/\\\/www.webdo.tn\\\/fr\\\/#\\\/schema\\\/logo\\\/image\\\/\",\"url\":\"https:\\\/\\\/www.webdo.tn\\\/fr\\\/wp-content\\\/uploads\\\/2025\\\/06\\\/Webdo-Tunisie_168377.jpg\",\"contentUrl\":\"https:\\\/\\\/www.webdo.tn\\\/fr\\\/wp-content\\\/uploads\\\/2025\\\/06\\\/Webdo-Tunisie_168377.jpg\",\"width\":301,\"height\":301,\"caption\":\"Webdo\"},\"image\":{\"@id\":\"https:\\\/\\\/www.webdo.tn\\\/fr\\\/#\\\/schema\\\/logo\\\/image\\\/\"},\"sameAs\":[\"https:\\\/\\\/www.facebook.com\\\/webdotn\",\"https:\\\/\\\/x.com\\\/webdo_tn\"],\"description\":\"Webdo est un m\u00e9dia num\u00e9rique tunisien fond\u00e9 en 2010, sp\u00e9cialis\u00e9 dans l\u2019actualit\u00e9 nationale et internationale, l\u2019\u00e9conomie, la soci\u00e9t\u00e9 et les analyses politiques. Le site s\u2019adresse \u00e0 un large public francophone et couvre l\u2019information tunisienne en temps r\u00e9el.\",\"email\":\"redac@webdo.tn\",\"legalName\":\"YNJ SARL\",\"foundingDate\":\"2010-09-06\",\"numberOfEmployees\":{\"@type\":\"QuantitativeValue\",\"minValue\":\"11\",\"maxValue\":\"50\"}},{\"@type\":\"Person\",\"@id\":\"https:\\\/\\\/www.webdo.tn\\\/fr\\\/#\\\/schema\\\/person\\\/6bc0beba2cd23aec27cb5df85ca2554f\",\"name\":\"Hatem Bourial\",\"image\":{\"@type\":\"ImageObject\",\"inLanguage\":\"fr-FR\",\"@id\":\"https:\\\/\\\/www.webdo.tn\\\/fr\\\/wp-content\\\/uploads\\\/2026\\\/04\\\/hatem-bourial_avatar-96x96.jpg\",\"url\":\"https:\\\/\\\/www.webdo.tn\\\/fr\\\/wp-content\\\/uploads\\\/2026\\\/04\\\/hatem-bourial_avatar-96x96.jpg\",\"contentUrl\":\"https:\\\/\\\/www.webdo.tn\\\/fr\\\/wp-content\\\/uploads\\\/2026\\\/04\\\/hatem-bourial_avatar-96x96.jpg\",\"caption\":\"Hatem Bourial\"},\"description\":\"Hatem Bourial est journaliste, \u00e9crivain et chroniqueur tunisien. Actif depuis plusieurs d\u00e9cennies, il s\u2019est impos\u00e9 comme un observateur attentif de la soci\u00e9t\u00e9 tunisienne, m\u00ealant dans ses \u00e9crits m\u00e9moire, culture et analyse du quotidien. Auteur de nombreux ouvrages, il d\u00e9veloppe une \u0153uvre \u00e0 la crois\u00e9e du r\u00e9cit, de la po\u00e9sie et de l\u2019observation sociologique. Parall\u00e8lement \u00e0 ses contributions dans la presse, il intervient r\u00e9guli\u00e8rement \u00e0 la radio et dans des espaces culturels, o\u00f9 il explore les enjeux li\u00e9s au patrimoine, \u00e0 l\u2019identit\u00e9 et aux transformations du monde contemporain. \u00c0 travers ses chroniques, Hatem Bourial propose une lecture sensible et approfondie de l\u2019actualit\u00e9, nourrie par une exp\u00e9rience journalistique et litt\u00e9raire reconnue. \ud83d\udd17 Facebook : https:\\\/\\\/www.facebook.com\\\/hatem.bourial.2025\",\"sameAs\":[\"https:\\\/\\\/www.facebook.com\\\/hatem.bourial.2025\",\"https:\\\/\\\/fr.wikipedia.org\\\/wiki\\\/Fichier:Hatem_Bourial.jpg\"],\"knowsAbout\":[\"Culture & patrimoine tunisien\",\"Chronique soci\u00e9tale\",\"Litt\u00e9rature & m\u00e9moire\",\"Cin\u00e9ma & critique culturelle\",\"Identit\u00e9 & mutations sociales\"],\"knowsLanguage\":[\"Arabe\",\"Fran\u00e7ais\",\"Anglais\",\"Italien\",\"Polonais\"],\"jobTitle\":\"Journaliste, \u00e9crivain et chroniqueur culturel\",\"worksFor\":\"Webdo\",\"url\":\"https:\\\/\\\/www.webdo.tn\\\/fr\\\/actualite\\\/author\\\/hatem-bourial-2\\\/\"}]}<\/script>\n<!-- \/ Yoast SEO Premium plugin. -->","yoast_head_json":{"title":"Tunisie - Snapshot : \u00c9difi\u00e9 en 1895 et toujours d'aplomb","description":"Beaucoup d'immeubles de Tunis t\u00e9moignent d'une \u00e9poque o\u00f9 la majorit\u00e9 des ma\u00e7ons et des entrepreneurs \u00e9taient d'origine italienne.","canonical":"https:\/\/www.webdo.tn\/fr\/actualite\/chroniques\/snapshot-edifie-en-1895-et-toujours-d-aplomb\/217165\/","og_locale":"fr_FR","og_type":"article","og_title":"Tunisie - Snapshot : \u00c9difi\u00e9 en 1895 et toujours d'aplomb","og_description":"Beaucoup d'immeubles de Tunis t\u00e9moignent d'une \u00e9poque o\u00f9 la majorit\u00e9 des ma\u00e7ons et des entrepreneurs \u00e9taient d'origine italienne.","og_url":"https:\/\/www.webdo.tn\/fr\/actualite\/chroniques\/snapshot-edifie-en-1895-et-toujours-d-aplomb\/217165\/","og_site_name":"webdo","article_publisher":"https:\/\/www.facebook.com\/webdotn","article_author":"https:\/\/www.facebook.com\/hatem.bourial.2025","article_published_time":"2024-10-24T09:04:00+00:00","article_modified_time":"2025-05-17T20:21:42+00:00","og_image":[{"width":750,"height":400,"url":"https:\/\/www.webdo.tn\/fr\/wp-content\/uploads\/2024\/10\/1013522d6623d248a3a7f8ac25894b72.webp","type":"image\/webp"}],"author":"Hatem Bourial","twitter_card":"summary_large_image","twitter_creator":"@webdo_tn","twitter_site":"@webdo_tn","twitter_misc":{"\u00c9crit par":"Hatem Bourial"},"schema":{"@context":"https:\/\/schema.org","@graph":[{"@type":"NewsArticle","@id":"https:\/\/www.webdo.tn\/fr\/actualite\/chroniques\/snapshot-edifie-en-1895-et-toujours-d-aplomb\/217165\/#article","isPartOf":{"@id":"https:\/\/www.webdo.tn\/fr\/actualite\/chroniques\/snapshot-edifie-en-1895-et-toujours-d-aplomb\/217165\/"},"author":{"name":"Hatem Bourial","@id":"https:\/\/www.webdo.tn\/fr\/#\/schema\/person\/6bc0beba2cd23aec27cb5df85ca2554f"},"headline":"Tunisie &#8211; Snapshot : \u00c9difi\u00e9 en 1895 et toujours d&rsquo;aplomb","datePublished":"2024-10-24T09:04:00+00:00","dateModified":"2025-05-17T20:21:42+00:00","mainEntityOfPage":{"@id":"https:\/\/www.webdo.tn\/fr\/actualite\/chroniques\/snapshot-edifie-en-1895-et-toujours-d-aplomb\/217165\/"},"wordCount":111,"commentCount":0,"publisher":{"@id":"https:\/\/www.webdo.tn\/fr\/#organization"},"image":{"@id":"https:\/\/www.webdo.tn\/fr\/actualite\/chroniques\/snapshot-edifie-en-1895-et-toujours-d-aplomb\/217165\/#primaryimage"},"thumbnailUrl":"https:\/\/www.webdo.tn\/fr\/wp-content\/uploads\/2024\/10\/1013522d6623d248a3a7f8ac25894b72.webp","keywords":["centre-ville","immeuble","Tunis","Tunisie"],"articleSection":["Chroniques"],"inLanguage":"fr-FR"},{"@type":"WebPage","@id":"https:\/\/www.webdo.tn\/fr\/actualite\/chroniques\/snapshot-edifie-en-1895-et-toujours-d-aplomb\/217165\/","url":"https:\/\/www.webdo.tn\/fr\/actualite\/chroniques\/snapshot-edifie-en-1895-et-toujours-d-aplomb\/217165\/","name":"Tunisie - Snapshot : \u00c9difi\u00e9 en 1895 et toujours d'aplomb","isPartOf":{"@id":"https:\/\/www.webdo.tn\/fr\/#website"},"primaryImageOfPage":{"@id":"https:\/\/www.webdo.tn\/fr\/actualite\/chroniques\/snapshot-edifie-en-1895-et-toujours-d-aplomb\/217165\/#primaryimage"},"image":{"@id":"https:\/\/www.webdo.tn\/fr\/actualite\/chroniques\/snapshot-edifie-en-1895-et-toujours-d-aplomb\/217165\/#primaryimage"},"thumbnailUrl":"https:\/\/www.webdo.tn\/fr\/wp-content\/uploads\/2024\/10\/1013522d6623d248a3a7f8ac25894b72.webp","datePublished":"2024-10-24T09:04:00+00:00","dateModified":"2025-05-17T20:21:42+00:00","description":"Beaucoup d'immeubles de Tunis t\u00e9moignent d'une \u00e9poque o\u00f9 la majorit\u00e9 des ma\u00e7ons et des entrepreneurs \u00e9taient d'origine italienne.","breadcrumb":{"@id":"https:\/\/www.webdo.tn\/fr\/actualite\/chroniques\/snapshot-edifie-en-1895-et-toujours-d-aplomb\/217165\/#breadcrumb"},"inLanguage":"fr-FR","potentialAction":[{"@type":"ReadAction","target":["https:\/\/www.webdo.tn\/fr\/actualite\/chroniques\/snapshot-edifie-en-1895-et-toujours-d-aplomb\/217165\/"]}]},{"@type":"ImageObject","inLanguage":"fr-FR","@id":"https:\/\/www.webdo.tn\/fr\/actualite\/chroniques\/snapshot-edifie-en-1895-et-toujours-d-aplomb\/217165\/#primaryimage","url":"https:\/\/www.webdo.tn\/fr\/wp-content\/uploads\/2024\/10\/1013522d6623d248a3a7f8ac25894b72.webp","contentUrl":"https:\/\/www.webdo.tn\/fr\/wp-content\/uploads\/2024\/10\/1013522d6623d248a3a7f8ac25894b72.webp","width":750,"height":400,"caption":"Tunisie - Snapshot : \u00c9difi\u00e9 en 1895 et toujours d'aplomb"},{"@type":"BreadcrumbList","@id":"https:\/\/www.webdo.tn\/fr\/actualite\/chroniques\/snapshot-edifie-en-1895-et-toujours-d-aplomb\/217165\/#breadcrumb","itemListElement":[{"@type":"ListItem","position":1,"name":"Accueil","item":"https:\/\/www.webdo.tn\/fr\/"},{"@type":"ListItem","position":2,"name":"Tunisie &#8211; Snapshot : \u00c9difi\u00e9 en 1895 et toujours d&#8217;aplomb"}]},{"@type":"WebSite","@id":"https:\/\/www.webdo.tn\/fr\/#website","url":"https:\/\/www.webdo.tn\/fr\/","name":"webdo","description":"Tunisie - News en Tunisie et \u00e0 l&#039;international sur Webdo.tn","publisher":{"@id":"https:\/\/www.webdo.tn\/fr\/#organization"},"potentialAction":[{"@type":"SearchAction","target":{"@type":"EntryPoint","urlTemplate":"https:\/\/www.webdo.tn\/fr\/?s={search_term_string}"},"query-input":{"@type":"PropertyValueSpecification","valueRequired":true,"valueName":"search_term_string"}}],"inLanguage":"fr-FR"},{"@type":"Organization","@id":"https:\/\/www.webdo.tn\/fr\/#organization","name":"Webdo","alternateName":"Webdo.tn","url":"https:\/\/www.webdo.tn\/fr\/","logo":{"@type":"ImageObject","inLanguage":"fr-FR","@id":"https:\/\/www.webdo.tn\/fr\/#\/schema\/logo\/image\/","url":"https:\/\/www.webdo.tn\/fr\/wp-content\/uploads\/2025\/06\/Webdo-Tunisie_168377.jpg","contentUrl":"https:\/\/www.webdo.tn\/fr\/wp-content\/uploads\/2025\/06\/Webdo-Tunisie_168377.jpg","width":301,"height":301,"caption":"Webdo"},"image":{"@id":"https:\/\/www.webdo.tn\/fr\/#\/schema\/logo\/image\/"},"sameAs":["https:\/\/www.facebook.com\/webdotn","https:\/\/x.com\/webdo_tn"],"description":"Webdo est un m\u00e9dia num\u00e9rique tunisien fond\u00e9 en 2010, sp\u00e9cialis\u00e9 dans l\u2019actualit\u00e9 nationale et internationale, l\u2019\u00e9conomie, la soci\u00e9t\u00e9 et les analyses politiques. Le site s\u2019adresse \u00e0 un large public francophone et couvre l\u2019information tunisienne en temps r\u00e9el.","email":"redac@webdo.tn","legalName":"YNJ SARL","foundingDate":"2010-09-06","numberOfEmployees":{"@type":"QuantitativeValue","minValue":"11","maxValue":"50"}},{"@type":"Person","@id":"https:\/\/www.webdo.tn\/fr\/#\/schema\/person\/6bc0beba2cd23aec27cb5df85ca2554f","name":"Hatem Bourial","image":{"@type":"ImageObject","inLanguage":"fr-FR","@id":"https:\/\/www.webdo.tn\/fr\/wp-content\/uploads\/2026\/04\/hatem-bourial_avatar-96x96.jpg","url":"https:\/\/www.webdo.tn\/fr\/wp-content\/uploads\/2026\/04\/hatem-bourial_avatar-96x96.jpg","contentUrl":"https:\/\/www.webdo.tn\/fr\/wp-content\/uploads\/2026\/04\/hatem-bourial_avatar-96x96.jpg","caption":"Hatem Bourial"},"description":"Hatem Bourial est journaliste, \u00e9crivain et chroniqueur tunisien. Actif depuis plusieurs d\u00e9cennies, il s\u2019est impos\u00e9 comme un observateur attentif de la soci\u00e9t\u00e9 tunisienne, m\u00ealant dans ses \u00e9crits m\u00e9moire, culture et analyse du quotidien. Auteur de nombreux ouvrages, il d\u00e9veloppe une \u0153uvre \u00e0 la crois\u00e9e du r\u00e9cit, de la po\u00e9sie et de l\u2019observation sociologique. Parall\u00e8lement \u00e0 ses contributions dans la presse, il intervient r\u00e9guli\u00e8rement \u00e0 la radio et dans des espaces culturels, o\u00f9 il explore les enjeux li\u00e9s au patrimoine, \u00e0 l\u2019identit\u00e9 et aux transformations du monde contemporain. \u00c0 travers ses chroniques, Hatem Bourial propose une lecture sensible et approfondie de l\u2019actualit\u00e9, nourrie par une exp\u00e9rience journalistique et litt\u00e9raire reconnue. \ud83d\udd17 Facebook : https:\/\/www.facebook.com\/hatem.bourial.2025","sameAs":["https:\/\/www.facebook.com\/hatem.bourial.2025","https:\/\/fr.wikipedia.org\/wiki\/Fichier:Hatem_Bourial.jpg"],"knowsAbout":["Culture & patrimoine tunisien","Chronique soci\u00e9tale","Litt\u00e9rature & m\u00e9moire","Cin\u00e9ma & critique culturelle","Identit\u00e9 & mutations sociales"],"knowsLanguage":["Arabe","Fran\u00e7ais","Anglais","Italien","Polonais"],"jobTitle":"Journaliste, \u00e9crivain et chroniqueur culturel","worksFor":"Webdo","url":"https:\/\/www.webdo.tn\/fr\/actualite\/author\/hatem-bourial-2\/"}]}},"_links":{"self":[{"href":"https:\/\/www.webdo.tn\/fr\/wp-json\/wp\/v2\/posts\/217165","targetHints":{"allow":["GET"]}}],"collection":[{"href":"https:\/\/www.webdo.tn\/fr\/wp-json\/wp\/v2\/posts"}],"about":[{"href":"https:\/\/www.webdo.tn\/fr\/wp-json\/wp\/v2\/types\/post"}],"author":[{"embeddable":true,"href":"https:\/\/www.webdo.tn\/fr\/wp-json\/wp\/v2\/users\/3229"}],"replies":[{"embeddable":true,"href":"https:\/\/www.webdo.tn\/fr\/wp-json\/wp\/v2\/comments?post=217165"}],"version-history":[{"count":0,"href":"https:\/\/www.webdo.tn\/fr\/wp-json\/wp\/v2\/posts\/217165\/revisions"}],"wp:featuredmedia":[{"embeddable":true,"href":"https:\/\/www.webdo.tn\/fr\/wp-json\/wp\/v2\/media\/246269"}],"wp:attachment":[{"href":"https:\/\/www.webdo.tn\/fr\/wp-json\/wp\/v2\/media?parent=217165"}],"wp:term":[{"taxonomy":"category","embeddable":true,"href":"https:\/\/www.webdo.tn\/fr\/wp-json\/wp\/v2\/categories?post=217165"},{"taxonomy":"post_tag","embeddable":true,"href":"https:\/\/www.webdo.tn\/fr\/wp-json\/wp\/v2\/tags?post=217165"}],"curies":[{"name":"wp","href":"https:\/\/api.w.org\/{rel}","templated":true}]}}