{"id":217162,"date":"2024-10-23T21:15:00","date_gmt":"2024-10-23T21:15:00","guid":{"rendered":"https:\/\/www.webdo.tn\/fr\/blog\/tunisie-jort-publication-d-un-decret-sur-la-protection-sociale-des-agricultrices\/217162\/"},"modified":"2025-05-21T09:02:30","modified_gmt":"2025-05-21T09:02:30","slug":"tunisie-jort-publication-d-un-decret-sur-la-protection-sociale-des-agricultrices","status":"publish","type":"post","link":"https:\/\/www.webdo.tn\/fr\/actualite\/national\/tunisie-jort-publication-d-un-decret-sur-la-protection-sociale-des-agricultrices\/217162\/","title":{"rendered":"Tunisie &#8211; JORT  : Publication d&rsquo;un d\u00e9cret sur la protection sociale des agricultrices"},"content":{"rendered":"<p>Un d\u00e9cret pr\u00e9sidentiel, visant \u00e0 \u00e9tablir un syst\u00e8me de protection sociale d\u00e9di\u00e9 aux travailleuses agricoles est paru ce mercredi 23 octobre 2024, dans le Journal officiel de la R\u00e9publique tunisienne (JORT).<\/p>\n<p>\t\t\t\t\t\t\t\t\tCe dispositif a pour objectif de renforcer leurs droits \u00e9conomiques et sociaux tout en facilitant leur int\u00e9gration dans l&rsquo;\u00e9conomie.<\/p>\n<p>Le syst\u00e8me permettra aux travailleuses de b\u00e9n\u00e9ficier de diverses prestations, incluant l&rsquo;assurance maladie, les pensions de vieillesse et d&rsquo;invalidit\u00e9, ainsi que des aides en cas de d\u00e9c\u00e8s et des cong\u00e9s de maternit\u00e9. De plus, un Fonds de protection sociale sera cr\u00e9\u00e9 pour soutenir ces femmes, couvrant une partie de leurs frais de transport et les d\u00e9penses li\u00e9es aux programmes d&rsquo;int\u00e9gration \u00e9conomique.<\/p>\n<p>Dans le cadre du projet de loi de finances 2025, ce fonds sera aliment\u00e9 par une dotation de 5 millions de dinars provenant du budget de l&rsquo;\u00c9tat, ainsi que par une contribution de 1 % sur les primes d&rsquo;assurance et divers pr\u00e9l\u00e8vements li\u00e9s aux amendes de circulation.<\/p>\n<p>L&rsquo;Agence nationale de l&#8217;emploi et du travail ind\u00e9pendant sera charg\u00e9e de mettre en \u0153uvre le programme d&rsquo;int\u00e9gration \u00e9conomique des travailleuses, en collaborant avec les structures publiques. Ce programme inclura \u00e9galement des formations pour am\u00e9liorer les comp\u00e9tences des travailleuses et leur permettre de mieux g\u00e9rer leurs projets.<\/p>\n<p>Les mesures pr\u00e9vues offriront un soutien accru aux initiatives individuelles et collectives, favorisant ainsi la cr\u00e9ation de petites entreprises agricoles. La Banque tunisienne de solidarit\u00e9 participera \u00e9galement au financement des projets dans le cadre de ce programme.<\/p>\n<p>L&rsquo;\u00c9tat s&rsquo;engage \u00e0 prendre en charge les cotisations sociales des travailleuses non salari\u00e9es pendant trois ans, leur imposant de s&rsquo;inscrire au Fonds national de s\u00e9curit\u00e9 sociale. Ce dispositif marque un pas significatif vers une meilleure reconnaissance et un soutien accru aux travailleuses agricoles en Tunisie.<\/p>\n","protected":false},"excerpt":{"rendered":"<p>Un d\u00e9cret pr\u00e9sidentiel paru le 23 octobre 2024 \u00e9tablit un syst\u00e8me de protection sociale pour les travailleuses agricoles en Tunisie.<\/p>\n","protected":false},"author":3166,"featured_media":246267,"comment_status":"open","ping_status":"closed","sticky":false,"template":"","format":"standard","meta":{"footnotes":""},"categories":[44],"tags":[3897,4402,2608],"class_list":["post-217162","post","type-post","status-publish","format-standard","has-post-thumbnail","hentry","category-national","tag-jort","tag-protection-sociale","tag-tunisie"],"yoast_head":"<!-- This site is optimized with the Yoast SEO Premium plugin v27.4 (Yoast SEO v27.5) - https:\/\/yoast.com\/product\/yoast-seo-premium-wordpress\/ -->\n<title>Tunisie - JORT : Publication d&#039;un d\u00e9cret sur la protection sociale des agricultrices<\/title>\n<meta name=\"description\" content=\"Un d\u00e9cret pr\u00e9sidentiel paru le 23 octobre 2024 \u00e9tablit un syst\u00e8me de protection sociale pour les travailleuses agricoles en Tunisie.\" \/>\n<link rel=\"canonical\" href=\"https:\/\/www.webdo.tn\/fr\/actualite\/national\/tunisie-jort-publication-d-un-decret-sur-la-protection-sociale-des-agricultrices\/217162\/\" \/>\n<meta property=\"og:locale\" content=\"fr_FR\" \/>\n<meta property=\"og:type\" content=\"article\" \/>\n<meta property=\"og:title\" content=\"Tunisie - JORT : Publication d&#039;un d\u00e9cret sur la protection sociale des agricultrices\" \/>\n<meta property=\"og:description\" content=\"Un d\u00e9cret pr\u00e9sidentiel paru le 23 octobre 2024 \u00e9tablit un syst\u00e8me de protection sociale pour les travailleuses agricoles en Tunisie.\" \/>\n<meta property=\"og:url\" content=\"https:\/\/www.webdo.tn\/fr\/actualite\/national\/tunisie-jort-publication-d-un-decret-sur-la-protection-sociale-des-agricultrices\/217162\/\" \/>\n<meta property=\"og:site_name\" content=\"webdo\" \/>\n<meta property=\"article:publisher\" content=\"https:\/\/www.facebook.com\/webdotn\" \/>\n<meta property=\"article:published_time\" content=\"2024-10-23T21:15:00+00:00\" \/>\n<meta property=\"article:modified_time\" content=\"2025-05-21T09:02:30+00:00\" \/>\n<meta property=\"og:image\" content=\"https:\/\/www.webdo.tn\/fr\/wp-content\/uploads\/2024\/10\/a21f3715f774a23e4775d1773db4c958.webp\" \/>\n\t<meta property=\"og:image:width\" content=\"750\" \/>\n\t<meta property=\"og:image:height\" content=\"400\" \/>\n\t<meta property=\"og:image:type\" content=\"image\/webp\" \/>\n<meta name=\"author\" content=\"AZ\" \/>\n<meta name=\"twitter:card\" content=\"summary_large_image\" \/>\n<meta name=\"twitter:creator\" content=\"@webdo_tn\" \/>\n<meta name=\"twitter:site\" content=\"@webdo_tn\" \/>\n<meta name=\"twitter:label1\" content=\"\u00c9crit par\" \/>\n\t<meta name=\"twitter:data1\" content=\"AZ\" \/>\n\t<meta name=\"twitter:label2\" content=\"Dur\u00e9e de lecture estim\u00e9e\" \/>\n\t<meta name=\"twitter:data2\" content=\"2 minutes\" \/>\n<script type=\"application\/ld+json\" class=\"yoast-schema-graph\">{\"@context\":\"https:\\\/\\\/schema.org\",\"@graph\":[{\"@type\":\"NewsArticle\",\"@id\":\"https:\\\/\\\/www.webdo.tn\\\/fr\\\/actualite\\\/national\\\/tunisie-jort-publication-d-un-decret-sur-la-protection-sociale-des-agricultrices\\\/217162\\\/#article\",\"isPartOf\":{\"@id\":\"https:\\\/\\\/www.webdo.tn\\\/fr\\\/actualite\\\/national\\\/tunisie-jort-publication-d-un-decret-sur-la-protection-sociale-des-agricultrices\\\/217162\\\/\"},\"author\":{\"name\":\"AZ\",\"@id\":\"https:\\\/\\\/www.webdo.tn\\\/fr\\\/#\\\/schema\\\/person\\\/b8a41c04d93287d375510db360906b34\"},\"headline\":\"Tunisie &#8211; JORT : Publication d&rsquo;un d\u00e9cret sur la protection sociale des agricultrices\",\"datePublished\":\"2024-10-23T21:15:00+00:00\",\"dateModified\":\"2025-05-21T09:02:30+00:00\",\"mainEntityOfPage\":{\"@id\":\"https:\\\/\\\/www.webdo.tn\\\/fr\\\/actualite\\\/national\\\/tunisie-jort-publication-d-un-decret-sur-la-protection-sociale-des-agricultrices\\\/217162\\\/\"},\"wordCount\":332,\"commentCount\":0,\"publisher\":{\"@id\":\"https:\\\/\\\/www.webdo.tn\\\/fr\\\/#organization\"},\"image\":{\"@id\":\"https:\\\/\\\/www.webdo.tn\\\/fr\\\/actualite\\\/national\\\/tunisie-jort-publication-d-un-decret-sur-la-protection-sociale-des-agricultrices\\\/217162\\\/#primaryimage\"},\"thumbnailUrl\":\"https:\\\/\\\/www.webdo.tn\\\/fr\\\/wp-content\\\/uploads\\\/2024\\\/10\\\/a21f3715f774a23e4775d1773db4c958.webp\",\"keywords\":[\"JORT\",\"Protection sociale\",\"Tunisie\"],\"articleSection\":[\"National\"],\"inLanguage\":\"fr-FR\"},{\"@type\":\"WebPage\",\"@id\":\"https:\\\/\\\/www.webdo.tn\\\/fr\\\/actualite\\\/national\\\/tunisie-jort-publication-d-un-decret-sur-la-protection-sociale-des-agricultrices\\\/217162\\\/\",\"url\":\"https:\\\/\\\/www.webdo.tn\\\/fr\\\/actualite\\\/national\\\/tunisie-jort-publication-d-un-decret-sur-la-protection-sociale-des-agricultrices\\\/217162\\\/\",\"name\":\"Tunisie - JORT : Publication d'un d\u00e9cret sur la protection sociale des agricultrices\",\"isPartOf\":{\"@id\":\"https:\\\/\\\/www.webdo.tn\\\/fr\\\/#website\"},\"primaryImageOfPage\":{\"@id\":\"https:\\\/\\\/www.webdo.tn\\\/fr\\\/actualite\\\/national\\\/tunisie-jort-publication-d-un-decret-sur-la-protection-sociale-des-agricultrices\\\/217162\\\/#primaryimage\"},\"image\":{\"@id\":\"https:\\\/\\\/www.webdo.tn\\\/fr\\\/actualite\\\/national\\\/tunisie-jort-publication-d-un-decret-sur-la-protection-sociale-des-agricultrices\\\/217162\\\/#primaryimage\"},\"thumbnailUrl\":\"https:\\\/\\\/www.webdo.tn\\\/fr\\\/wp-content\\\/uploads\\\/2024\\\/10\\\/a21f3715f774a23e4775d1773db4c958.webp\",\"datePublished\":\"2024-10-23T21:15:00+00:00\",\"dateModified\":\"2025-05-21T09:02:30+00:00\",\"description\":\"Un d\u00e9cret pr\u00e9sidentiel paru le 23 octobre 2024 \u00e9tablit un syst\u00e8me de protection sociale pour les travailleuses agricoles en Tunisie.\",\"breadcrumb\":{\"@id\":\"https:\\\/\\\/www.webdo.tn\\\/fr\\\/actualite\\\/national\\\/tunisie-jort-publication-d-un-decret-sur-la-protection-sociale-des-agricultrices\\\/217162\\\/#breadcrumb\"},\"inLanguage\":\"fr-FR\",\"potentialAction\":[{\"@type\":\"ReadAction\",\"target\":[\"https:\\\/\\\/www.webdo.tn\\\/fr\\\/actualite\\\/national\\\/tunisie-jort-publication-d-un-decret-sur-la-protection-sociale-des-agricultrices\\\/217162\\\/\"]}]},{\"@type\":\"ImageObject\",\"inLanguage\":\"fr-FR\",\"@id\":\"https:\\\/\\\/www.webdo.tn\\\/fr\\\/actualite\\\/national\\\/tunisie-jort-publication-d-un-decret-sur-la-protection-sociale-des-agricultrices\\\/217162\\\/#primaryimage\",\"url\":\"https:\\\/\\\/www.webdo.tn\\\/fr\\\/wp-content\\\/uploads\\\/2024\\\/10\\\/a21f3715f774a23e4775d1773db4c958.webp\",\"contentUrl\":\"https:\\\/\\\/www.webdo.tn\\\/fr\\\/wp-content\\\/uploads\\\/2024\\\/10\\\/a21f3715f774a23e4775d1773db4c958.webp\",\"width\":750,\"height\":400,\"caption\":\"Tunisie - JORT : Publication d'un d\u00e9cret sur la protection sociale des agricultrices\"},{\"@type\":\"BreadcrumbList\",\"@id\":\"https:\\\/\\\/www.webdo.tn\\\/fr\\\/actualite\\\/national\\\/tunisie-jort-publication-d-un-decret-sur-la-protection-sociale-des-agricultrices\\\/217162\\\/#breadcrumb\",\"itemListElement\":[{\"@type\":\"ListItem\",\"position\":1,\"name\":\"Accueil\",\"item\":\"https:\\\/\\\/www.webdo.tn\\\/fr\\\/\"},{\"@type\":\"ListItem\",\"position\":2,\"name\":\"Tunisie &#8211; JORT : Publication d&#8217;un d\u00e9cret sur la protection sociale des agricultrices\"}]},{\"@type\":\"WebSite\",\"@id\":\"https:\\\/\\\/www.webdo.tn\\\/fr\\\/#website\",\"url\":\"https:\\\/\\\/www.webdo.tn\\\/fr\\\/\",\"name\":\"webdo\",\"description\":\"Tunisie - News en Tunisie et \u00e0 l&#039;international sur Webdo.tn\",\"publisher\":{\"@id\":\"https:\\\/\\\/www.webdo.tn\\\/fr\\\/#organization\"},\"potentialAction\":[{\"@type\":\"SearchAction\",\"target\":{\"@type\":\"EntryPoint\",\"urlTemplate\":\"https:\\\/\\\/www.webdo.tn\\\/fr\\\/?s={search_term_string}\"},\"query-input\":{\"@type\":\"PropertyValueSpecification\",\"valueRequired\":true,\"valueName\":\"search_term_string\"}}],\"inLanguage\":\"fr-FR\"},{\"@type\":\"Organization\",\"@id\":\"https:\\\/\\\/www.webdo.tn\\\/fr\\\/#organization\",\"name\":\"Webdo\",\"alternateName\":\"Webdo.tn\",\"url\":\"https:\\\/\\\/www.webdo.tn\\\/fr\\\/\",\"logo\":{\"@type\":\"ImageObject\",\"inLanguage\":\"fr-FR\",\"@id\":\"https:\\\/\\\/www.webdo.tn\\\/fr\\\/#\\\/schema\\\/logo\\\/image\\\/\",\"url\":\"https:\\\/\\\/www.webdo.tn\\\/fr\\\/wp-content\\\/uploads\\\/2025\\\/06\\\/Webdo-Tunisie_168377.jpg\",\"contentUrl\":\"https:\\\/\\\/www.webdo.tn\\\/fr\\\/wp-content\\\/uploads\\\/2025\\\/06\\\/Webdo-Tunisie_168377.jpg\",\"width\":301,\"height\":301,\"caption\":\"Webdo\"},\"image\":{\"@id\":\"https:\\\/\\\/www.webdo.tn\\\/fr\\\/#\\\/schema\\\/logo\\\/image\\\/\"},\"sameAs\":[\"https:\\\/\\\/www.facebook.com\\\/webdotn\",\"https:\\\/\\\/x.com\\\/webdo_tn\"],\"description\":\"Webdo est un m\u00e9dia num\u00e9rique tunisien fond\u00e9 en 2010, sp\u00e9cialis\u00e9 dans l\u2019actualit\u00e9 nationale et internationale, l\u2019\u00e9conomie, la soci\u00e9t\u00e9 et les analyses politiques. Le site s\u2019adresse \u00e0 un large public francophone et couvre l\u2019information tunisienne en temps r\u00e9el.\",\"email\":\"redac@webdo.tn\",\"legalName\":\"YNJ SARL\",\"foundingDate\":\"2010-09-06\",\"numberOfEmployees\":{\"@type\":\"QuantitativeValue\",\"minValue\":\"11\",\"maxValue\":\"50\"}},{\"@type\":\"Person\",\"@id\":\"https:\\\/\\\/www.webdo.tn\\\/fr\\\/#\\\/schema\\\/person\\\/b8a41c04d93287d375510db360906b34\",\"name\":\"AZ\",\"image\":{\"@type\":\"ImageObject\",\"inLanguage\":\"fr-FR\",\"@id\":\"https:\\\/\\\/secure.gravatar.com\\\/avatar\\\/492b80bada79439de4201dce15cd41eece6c277cfdf1b53382073c79105c1f89?s=96&d=mm&r=g\",\"url\":\"https:\\\/\\\/secure.gravatar.com\\\/avatar\\\/492b80bada79439de4201dce15cd41eece6c277cfdf1b53382073c79105c1f89?s=96&d=mm&r=g\",\"contentUrl\":\"https:\\\/\\\/secure.gravatar.com\\\/avatar\\\/492b80bada79439de4201dce15cd41eece6c277cfdf1b53382073c79105c1f89?s=96&d=mm&r=g\",\"caption\":\"AZ\"},\"url\":\"https:\\\/\\\/www.webdo.tn\\\/fr\\\/actualite\\\/author\\\/az\\\/\"}]}<\/script>\n<!-- \/ Yoast SEO Premium plugin. -->","yoast_head_json":{"title":"Tunisie - JORT : Publication d'un d\u00e9cret sur la protection sociale des agricultrices","description":"Un d\u00e9cret pr\u00e9sidentiel paru le 23 octobre 2024 \u00e9tablit un syst\u00e8me de protection sociale pour les travailleuses agricoles en Tunisie.","canonical":"https:\/\/www.webdo.tn\/fr\/actualite\/national\/tunisie-jort-publication-d-un-decret-sur-la-protection-sociale-des-agricultrices\/217162\/","og_locale":"fr_FR","og_type":"article","og_title":"Tunisie - JORT : Publication d'un d\u00e9cret sur la protection sociale des agricultrices","og_description":"Un d\u00e9cret pr\u00e9sidentiel paru le 23 octobre 2024 \u00e9tablit un syst\u00e8me de protection sociale pour les travailleuses agricoles en Tunisie.","og_url":"https:\/\/www.webdo.tn\/fr\/actualite\/national\/tunisie-jort-publication-d-un-decret-sur-la-protection-sociale-des-agricultrices\/217162\/","og_site_name":"webdo","article_publisher":"https:\/\/www.facebook.com\/webdotn","article_published_time":"2024-10-23T21:15:00+00:00","article_modified_time":"2025-05-21T09:02:30+00:00","og_image":[{"width":750,"height":400,"url":"https:\/\/www.webdo.tn\/fr\/wp-content\/uploads\/2024\/10\/a21f3715f774a23e4775d1773db4c958.webp","type":"image\/webp"}],"author":"AZ","twitter_card":"summary_large_image","twitter_creator":"@webdo_tn","twitter_site":"@webdo_tn","twitter_misc":{"\u00c9crit par":"AZ","Dur\u00e9e de lecture estim\u00e9e":"2 minutes"},"schema":{"@context":"https:\/\/schema.org","@graph":[{"@type":"NewsArticle","@id":"https:\/\/www.webdo.tn\/fr\/actualite\/national\/tunisie-jort-publication-d-un-decret-sur-la-protection-sociale-des-agricultrices\/217162\/#article","isPartOf":{"@id":"https:\/\/www.webdo.tn\/fr\/actualite\/national\/tunisie-jort-publication-d-un-decret-sur-la-protection-sociale-des-agricultrices\/217162\/"},"author":{"name":"AZ","@id":"https:\/\/www.webdo.tn\/fr\/#\/schema\/person\/b8a41c04d93287d375510db360906b34"},"headline":"Tunisie &#8211; JORT : Publication d&rsquo;un d\u00e9cret sur la protection sociale des agricultrices","datePublished":"2024-10-23T21:15:00+00:00","dateModified":"2025-05-21T09:02:30+00:00","mainEntityOfPage":{"@id":"https:\/\/www.webdo.tn\/fr\/actualite\/national\/tunisie-jort-publication-d-un-decret-sur-la-protection-sociale-des-agricultrices\/217162\/"},"wordCount":332,"commentCount":0,"publisher":{"@id":"https:\/\/www.webdo.tn\/fr\/#organization"},"image":{"@id":"https:\/\/www.webdo.tn\/fr\/actualite\/national\/tunisie-jort-publication-d-un-decret-sur-la-protection-sociale-des-agricultrices\/217162\/#primaryimage"},"thumbnailUrl":"https:\/\/www.webdo.tn\/fr\/wp-content\/uploads\/2024\/10\/a21f3715f774a23e4775d1773db4c958.webp","keywords":["JORT","Protection sociale","Tunisie"],"articleSection":["National"],"inLanguage":"fr-FR"},{"@type":"WebPage","@id":"https:\/\/www.webdo.tn\/fr\/actualite\/national\/tunisie-jort-publication-d-un-decret-sur-la-protection-sociale-des-agricultrices\/217162\/","url":"https:\/\/www.webdo.tn\/fr\/actualite\/national\/tunisie-jort-publication-d-un-decret-sur-la-protection-sociale-des-agricultrices\/217162\/","name":"Tunisie - JORT : Publication d'un d\u00e9cret sur la protection sociale des agricultrices","isPartOf":{"@id":"https:\/\/www.webdo.tn\/fr\/#website"},"primaryImageOfPage":{"@id":"https:\/\/www.webdo.tn\/fr\/actualite\/national\/tunisie-jort-publication-d-un-decret-sur-la-protection-sociale-des-agricultrices\/217162\/#primaryimage"},"image":{"@id":"https:\/\/www.webdo.tn\/fr\/actualite\/national\/tunisie-jort-publication-d-un-decret-sur-la-protection-sociale-des-agricultrices\/217162\/#primaryimage"},"thumbnailUrl":"https:\/\/www.webdo.tn\/fr\/wp-content\/uploads\/2024\/10\/a21f3715f774a23e4775d1773db4c958.webp","datePublished":"2024-10-23T21:15:00+00:00","dateModified":"2025-05-21T09:02:30+00:00","description":"Un d\u00e9cret pr\u00e9sidentiel paru le 23 octobre 2024 \u00e9tablit un syst\u00e8me de protection sociale pour les travailleuses agricoles en Tunisie.","breadcrumb":{"@id":"https:\/\/www.webdo.tn\/fr\/actualite\/national\/tunisie-jort-publication-d-un-decret-sur-la-protection-sociale-des-agricultrices\/217162\/#breadcrumb"},"inLanguage":"fr-FR","potentialAction":[{"@type":"ReadAction","target":["https:\/\/www.webdo.tn\/fr\/actualite\/national\/tunisie-jort-publication-d-un-decret-sur-la-protection-sociale-des-agricultrices\/217162\/"]}]},{"@type":"ImageObject","inLanguage":"fr-FR","@id":"https:\/\/www.webdo.tn\/fr\/actualite\/national\/tunisie-jort-publication-d-un-decret-sur-la-protection-sociale-des-agricultrices\/217162\/#primaryimage","url":"https:\/\/www.webdo.tn\/fr\/wp-content\/uploads\/2024\/10\/a21f3715f774a23e4775d1773db4c958.webp","contentUrl":"https:\/\/www.webdo.tn\/fr\/wp-content\/uploads\/2024\/10\/a21f3715f774a23e4775d1773db4c958.webp","width":750,"height":400,"caption":"Tunisie - JORT : Publication d'un d\u00e9cret sur la protection sociale des agricultrices"},{"@type":"BreadcrumbList","@id":"https:\/\/www.webdo.tn\/fr\/actualite\/national\/tunisie-jort-publication-d-un-decret-sur-la-protection-sociale-des-agricultrices\/217162\/#breadcrumb","itemListElement":[{"@type":"ListItem","position":1,"name":"Accueil","item":"https:\/\/www.webdo.tn\/fr\/"},{"@type":"ListItem","position":2,"name":"Tunisie &#8211; JORT : Publication d&#8217;un d\u00e9cret sur la protection sociale des agricultrices"}]},{"@type":"WebSite","@id":"https:\/\/www.webdo.tn\/fr\/#website","url":"https:\/\/www.webdo.tn\/fr\/","name":"webdo","description":"Tunisie - News en Tunisie et \u00e0 l&#039;international sur Webdo.tn","publisher":{"@id":"https:\/\/www.webdo.tn\/fr\/#organization"},"potentialAction":[{"@type":"SearchAction","target":{"@type":"EntryPoint","urlTemplate":"https:\/\/www.webdo.tn\/fr\/?s={search_term_string}"},"query-input":{"@type":"PropertyValueSpecification","valueRequired":true,"valueName":"search_term_string"}}],"inLanguage":"fr-FR"},{"@type":"Organization","@id":"https:\/\/www.webdo.tn\/fr\/#organization","name":"Webdo","alternateName":"Webdo.tn","url":"https:\/\/www.webdo.tn\/fr\/","logo":{"@type":"ImageObject","inLanguage":"fr-FR","@id":"https:\/\/www.webdo.tn\/fr\/#\/schema\/logo\/image\/","url":"https:\/\/www.webdo.tn\/fr\/wp-content\/uploads\/2025\/06\/Webdo-Tunisie_168377.jpg","contentUrl":"https:\/\/www.webdo.tn\/fr\/wp-content\/uploads\/2025\/06\/Webdo-Tunisie_168377.jpg","width":301,"height":301,"caption":"Webdo"},"image":{"@id":"https:\/\/www.webdo.tn\/fr\/#\/schema\/logo\/image\/"},"sameAs":["https:\/\/www.facebook.com\/webdotn","https:\/\/x.com\/webdo_tn"],"description":"Webdo est un m\u00e9dia num\u00e9rique tunisien fond\u00e9 en 2010, sp\u00e9cialis\u00e9 dans l\u2019actualit\u00e9 nationale et internationale, l\u2019\u00e9conomie, la soci\u00e9t\u00e9 et les analyses politiques. Le site s\u2019adresse \u00e0 un large public francophone et couvre l\u2019information tunisienne en temps r\u00e9el.","email":"redac@webdo.tn","legalName":"YNJ SARL","foundingDate":"2010-09-06","numberOfEmployees":{"@type":"QuantitativeValue","minValue":"11","maxValue":"50"}},{"@type":"Person","@id":"https:\/\/www.webdo.tn\/fr\/#\/schema\/person\/b8a41c04d93287d375510db360906b34","name":"AZ","image":{"@type":"ImageObject","inLanguage":"fr-FR","@id":"https:\/\/secure.gravatar.com\/avatar\/492b80bada79439de4201dce15cd41eece6c277cfdf1b53382073c79105c1f89?s=96&d=mm&r=g","url":"https:\/\/secure.gravatar.com\/avatar\/492b80bada79439de4201dce15cd41eece6c277cfdf1b53382073c79105c1f89?s=96&d=mm&r=g","contentUrl":"https:\/\/secure.gravatar.com\/avatar\/492b80bada79439de4201dce15cd41eece6c277cfdf1b53382073c79105c1f89?s=96&d=mm&r=g","caption":"AZ"},"url":"https:\/\/www.webdo.tn\/fr\/actualite\/author\/az\/"}]}},"_links":{"self":[{"href":"https:\/\/www.webdo.tn\/fr\/wp-json\/wp\/v2\/posts\/217162","targetHints":{"allow":["GET"]}}],"collection":[{"href":"https:\/\/www.webdo.tn\/fr\/wp-json\/wp\/v2\/posts"}],"about":[{"href":"https:\/\/www.webdo.tn\/fr\/wp-json\/wp\/v2\/types\/post"}],"author":[{"embeddable":true,"href":"https:\/\/www.webdo.tn\/fr\/wp-json\/wp\/v2\/users\/3166"}],"replies":[{"embeddable":true,"href":"https:\/\/www.webdo.tn\/fr\/wp-json\/wp\/v2\/comments?post=217162"}],"version-history":[{"count":0,"href":"https:\/\/www.webdo.tn\/fr\/wp-json\/wp\/v2\/posts\/217162\/revisions"}],"wp:featuredmedia":[{"embeddable":true,"href":"https:\/\/www.webdo.tn\/fr\/wp-json\/wp\/v2\/media\/246267"}],"wp:attachment":[{"href":"https:\/\/www.webdo.tn\/fr\/wp-json\/wp\/v2\/media?parent=217162"}],"wp:term":[{"taxonomy":"category","embeddable":true,"href":"https:\/\/www.webdo.tn\/fr\/wp-json\/wp\/v2\/categories?post=217162"},{"taxonomy":"post_tag","embeddable":true,"href":"https:\/\/www.webdo.tn\/fr\/wp-json\/wp\/v2\/tags?post=217162"}],"curies":[{"name":"wp","href":"https:\/\/api.w.org\/{rel}","templated":true}]}}