{"id":217161,"date":"2024-10-23T20:47:00","date_gmt":"2024-10-23T20:47:00","guid":{"rendered":"https:\/\/www.webdo.tn\/fr\/blog\/tunisie-le-ministere-de-l-interieur-leve-le-voile-sur-un-braquage-fictif\/217161\/"},"modified":"2025-05-21T09:02:29","modified_gmt":"2025-05-21T09:02:29","slug":"tunisie-le-ministere-de-l-interieur-leve-le-voile-sur-un-braquage-fictif","status":"publish","type":"post","link":"https:\/\/www.webdo.tn\/fr\/actualite\/divers\/tunisie-le-ministere-de-l-interieur-leve-le-voile-sur-un-braquage-fictif\/217161\/","title":{"rendered":"Tunisie : le minist\u00e8re de l&rsquo;Int\u00e9rieur l\u00e8ve le voile sur un braquage d\u00e9guis\u00e9"},"content":{"rendered":"<p>Le minist\u00e8re de l&rsquo;Int\u00e9rieur a clarifi\u00e9 les faits entourant un pr\u00e9tendu braquage survenu le mercredi 23 octobre 2024, pr\u00e8s d\u2019un bureau de poste \u00e0 la place Bab Souika, \u00e0 Tunis.<\/p>\n<p>\t\t\t\t\t\t\t\t\tContrairement aux informations v\u00e9hicul\u00e9es sur les r\u00e9seaux sociaux et dans certains m\u00e9dias, l&rsquo;incident ne s&rsquo;apparente pas \u00e0 un vol externe, mais \u00e0 une manigance orchestr\u00e9e par trois employ\u00e9s de la soci\u00e9t\u00e9 de transport de fonds, qui avaient pr\u00e9vu de d\u00e9rober une somme de 200 000 dinars qu&rsquo;ils \u00e9taient charg\u00e9s de s\u00e9curiser.<\/p>\n<p>La brigade de la police judiciaire de la ville a \u00e9t\u00e9 charg\u00e9e de l&rsquo;enqu\u00eate et a men\u00e9 des investigations techniques sur les lieux de l\u2019incident, tel que signal\u00e9 par les agents de la soci\u00e9t\u00e9 de transport. Les recherches ont r\u00e9v\u00e9l\u00e9 que les trois complices avaient planifi\u00e9 de cacher l&rsquo;argent vol\u00e9 dans un endroit situ\u00e9 dans le quartier de Khaled Ben Walid \u00e0 Douar Hicher, en pr\u00e9voyant de se partager le butin ult\u00e9rieurement. Ils avaient, par la m\u00eame occasion, tent\u00e9 de tromper les forces de l&rsquo;ordre en faisant croire \u00e0 un braquage.<\/p>\n<p>Cependant, les enqu\u00eateurs ont r\u00e9ussi \u00e0 d\u00e9jouer ce plan, et les suspects ont fini par avouer les faits en d\u00e9tail. Gr\u00e2ce \u00e0 ces r\u00e9v\u00e9lations, les enqu\u00eateurs ont pu localiser le lieu o\u00f9 l&rsquo;argent \u00e9tait dissimul\u00e9 et r\u00e9cup\u00e9rer la totalit\u00e9 du montant vol\u00e9, sans aucune perte.<\/p>\n<p>Les investigations se poursuivent en \u00e9troite collaboration avec le parquet, afin de prendre les mesures l\u00e9gales n\u00e9cessaires \u00e0 l&rsquo;encontre des auteurs de cette op\u00e9ration frauduleuse, ainsi que de toute autre personne qui pourrait \u00eatre impliqu\u00e9e.<\/p>\n","protected":false},"excerpt":{"rendered":"<p>Trois employ\u00e9s d&rsquo;une soci\u00e9t\u00e9 de transport de fonds ont orchestr\u00e9 une fraude d\u00e9guis\u00e9e en braquage \u00e0 Tunis. Le minist\u00e8re de l&rsquo;Int\u00e9rieur a r\u00e9v\u00e9l\u00e9 les d\u00e9tails d&rsquo;une&#8230;<\/p>\n","protected":false},"author":3166,"featured_media":246266,"comment_status":"open","ping_status":"closed","sticky":false,"template":"","format":"standard","meta":{"footnotes":""},"categories":[2839],"tags":[5305,4319,5311,2608],"class_list":["post-217161","post","type-post","status-publish","format-standard","has-post-thumbnail","hentry","category-divers","tag-babsouika","tag-braquage","tag-transportdefonds","tag-tunisie"],"yoast_head":"<!-- This site is optimized with the Yoast SEO Premium plugin v27.5 (Yoast SEO v27.5) - https:\/\/yoast.com\/product\/yoast-seo-premium-wordpress\/ -->\n<title>Tunisie : le minist\u00e8re de l&#039;Int\u00e9rieur l\u00e8ve le voile sur un braquage d\u00e9guis\u00e9<\/title>\n<meta name=\"description\" content=\"Trois employ\u00e9s d&#039;une soci\u00e9t\u00e9 de transport de fonds ont orchestr\u00e9 une fraude d\u00e9guis\u00e9e en braquage \u00e0 Tunis. Le minist\u00e8re de l&#039;Int\u00e9rieur a r\u00e9v\u00e9l\u00e9 les d\u00e9tails d&#039;une...\" \/>\n<link rel=\"canonical\" href=\"https:\/\/www.webdo.tn\/fr\/actualite\/divers\/tunisie-le-ministere-de-l-interieur-leve-le-voile-sur-un-braquage-fictif\/217161\/\" \/>\n<meta property=\"og:locale\" content=\"fr_FR\" \/>\n<meta property=\"og:type\" content=\"article\" \/>\n<meta property=\"og:title\" content=\"Tunisie : le minist\u00e8re de l&#039;Int\u00e9rieur l\u00e8ve le voile sur un braquage d\u00e9guis\u00e9\" \/>\n<meta property=\"og:description\" content=\"Trois employ\u00e9s d&#039;une soci\u00e9t\u00e9 de transport de fonds ont orchestr\u00e9 une fraude d\u00e9guis\u00e9e en braquage \u00e0 Tunis. Le minist\u00e8re de l&#039;Int\u00e9rieur a r\u00e9v\u00e9l\u00e9 les d\u00e9tails d&#039;une...\" \/>\n<meta property=\"og:url\" content=\"https:\/\/www.webdo.tn\/fr\/actualite\/divers\/tunisie-le-ministere-de-l-interieur-leve-le-voile-sur-un-braquage-fictif\/217161\/\" \/>\n<meta property=\"og:site_name\" content=\"webdo\" \/>\n<meta property=\"article:publisher\" content=\"https:\/\/www.facebook.com\/webdotn\" \/>\n<meta property=\"article:published_time\" content=\"2024-10-23T20:47:00+00:00\" \/>\n<meta property=\"article:modified_time\" content=\"2025-05-21T09:02:29+00:00\" \/>\n<meta property=\"og:image\" content=\"https:\/\/www.webdo.tn\/fr\/wp-content\/uploads\/2024\/10\/0295c12fa353f255ad83e08612a5cbe9.webp\" \/>\n\t<meta property=\"og:image:width\" content=\"750\" \/>\n\t<meta property=\"og:image:height\" content=\"400\" \/>\n\t<meta property=\"og:image:type\" content=\"image\/webp\" \/>\n<meta name=\"author\" content=\"AZ\" \/>\n<meta name=\"twitter:card\" content=\"summary_large_image\" \/>\n<meta name=\"twitter:creator\" content=\"@webdo_tn\" \/>\n<meta name=\"twitter:site\" content=\"@webdo_tn\" \/>\n<meta name=\"twitter:label1\" content=\"\u00c9crit par\" \/>\n\t<meta name=\"twitter:data1\" content=\"AZ\" \/>\n\t<meta name=\"twitter:label2\" content=\"Dur\u00e9e de lecture estim\u00e9e\" \/>\n\t<meta name=\"twitter:data2\" content=\"1 minute\" \/>\n<script type=\"application\/ld+json\" class=\"yoast-schema-graph\">{\"@context\":\"https:\\\/\\\/schema.org\",\"@graph\":[{\"@type\":\"NewsArticle\",\"@id\":\"https:\\\/\\\/www.webdo.tn\\\/fr\\\/actualite\\\/divers\\\/tunisie-le-ministere-de-l-interieur-leve-le-voile-sur-un-braquage-fictif\\\/217161\\\/#article\",\"isPartOf\":{\"@id\":\"https:\\\/\\\/www.webdo.tn\\\/fr\\\/actualite\\\/divers\\\/tunisie-le-ministere-de-l-interieur-leve-le-voile-sur-un-braquage-fictif\\\/217161\\\/\"},\"author\":{\"name\":\"AZ\",\"@id\":\"https:\\\/\\\/www.webdo.tn\\\/fr\\\/#\\\/schema\\\/person\\\/b8a41c04d93287d375510db360906b34\"},\"headline\":\"Tunisie : le minist\u00e8re de l&rsquo;Int\u00e9rieur l\u00e8ve le voile sur un braquage d\u00e9guis\u00e9\",\"datePublished\":\"2024-10-23T20:47:00+00:00\",\"dateModified\":\"2025-05-21T09:02:29+00:00\",\"mainEntityOfPage\":{\"@id\":\"https:\\\/\\\/www.webdo.tn\\\/fr\\\/actualite\\\/divers\\\/tunisie-le-ministere-de-l-interieur-leve-le-voile-sur-un-braquage-fictif\\\/217161\\\/\"},\"wordCount\":304,\"commentCount\":0,\"publisher\":{\"@id\":\"https:\\\/\\\/www.webdo.tn\\\/fr\\\/#organization\"},\"image\":{\"@id\":\"https:\\\/\\\/www.webdo.tn\\\/fr\\\/actualite\\\/divers\\\/tunisie-le-ministere-de-l-interieur-leve-le-voile-sur-un-braquage-fictif\\\/217161\\\/#primaryimage\"},\"thumbnailUrl\":\"https:\\\/\\\/www.webdo.tn\\\/fr\\\/wp-content\\\/uploads\\\/2024\\\/10\\\/0295c12fa353f255ad83e08612a5cbe9.webp\",\"keywords\":[\"BabSouika\",\"Braquage\",\"TransportDeFonds\",\"Tunisie\"],\"articleSection\":[\"Divers\"],\"inLanguage\":\"fr-FR\"},{\"@type\":\"WebPage\",\"@id\":\"https:\\\/\\\/www.webdo.tn\\\/fr\\\/actualite\\\/divers\\\/tunisie-le-ministere-de-l-interieur-leve-le-voile-sur-un-braquage-fictif\\\/217161\\\/\",\"url\":\"https:\\\/\\\/www.webdo.tn\\\/fr\\\/actualite\\\/divers\\\/tunisie-le-ministere-de-l-interieur-leve-le-voile-sur-un-braquage-fictif\\\/217161\\\/\",\"name\":\"Tunisie : le minist\u00e8re de l'Int\u00e9rieur l\u00e8ve le voile sur un braquage d\u00e9guis\u00e9\",\"isPartOf\":{\"@id\":\"https:\\\/\\\/www.webdo.tn\\\/fr\\\/#website\"},\"primaryImageOfPage\":{\"@id\":\"https:\\\/\\\/www.webdo.tn\\\/fr\\\/actualite\\\/divers\\\/tunisie-le-ministere-de-l-interieur-leve-le-voile-sur-un-braquage-fictif\\\/217161\\\/#primaryimage\"},\"image\":{\"@id\":\"https:\\\/\\\/www.webdo.tn\\\/fr\\\/actualite\\\/divers\\\/tunisie-le-ministere-de-l-interieur-leve-le-voile-sur-un-braquage-fictif\\\/217161\\\/#primaryimage\"},\"thumbnailUrl\":\"https:\\\/\\\/www.webdo.tn\\\/fr\\\/wp-content\\\/uploads\\\/2024\\\/10\\\/0295c12fa353f255ad83e08612a5cbe9.webp\",\"datePublished\":\"2024-10-23T20:47:00+00:00\",\"dateModified\":\"2025-05-21T09:02:29+00:00\",\"description\":\"Trois employ\u00e9s d'une soci\u00e9t\u00e9 de transport de fonds ont orchestr\u00e9 une fraude d\u00e9guis\u00e9e en braquage \u00e0 Tunis. Le minist\u00e8re de l'Int\u00e9rieur a r\u00e9v\u00e9l\u00e9 les d\u00e9tails d'une...\",\"breadcrumb\":{\"@id\":\"https:\\\/\\\/www.webdo.tn\\\/fr\\\/actualite\\\/divers\\\/tunisie-le-ministere-de-l-interieur-leve-le-voile-sur-un-braquage-fictif\\\/217161\\\/#breadcrumb\"},\"inLanguage\":\"fr-FR\",\"potentialAction\":[{\"@type\":\"ReadAction\",\"target\":[\"https:\\\/\\\/www.webdo.tn\\\/fr\\\/actualite\\\/divers\\\/tunisie-le-ministere-de-l-interieur-leve-le-voile-sur-un-braquage-fictif\\\/217161\\\/\"]}]},{\"@type\":\"ImageObject\",\"inLanguage\":\"fr-FR\",\"@id\":\"https:\\\/\\\/www.webdo.tn\\\/fr\\\/actualite\\\/divers\\\/tunisie-le-ministere-de-l-interieur-leve-le-voile-sur-un-braquage-fictif\\\/217161\\\/#primaryimage\",\"url\":\"https:\\\/\\\/www.webdo.tn\\\/fr\\\/wp-content\\\/uploads\\\/2024\\\/10\\\/0295c12fa353f255ad83e08612a5cbe9.webp\",\"contentUrl\":\"https:\\\/\\\/www.webdo.tn\\\/fr\\\/wp-content\\\/uploads\\\/2024\\\/10\\\/0295c12fa353f255ad83e08612a5cbe9.webp\",\"width\":750,\"height\":400,\"caption\":\"Tunisie : le minist\u00e8re de l'Int\u00e9rieur l\u00e8ve le voile sur un braquage d\u00e9guis\u00e9\"},{\"@type\":\"BreadcrumbList\",\"@id\":\"https:\\\/\\\/www.webdo.tn\\\/fr\\\/actualite\\\/divers\\\/tunisie-le-ministere-de-l-interieur-leve-le-voile-sur-un-braquage-fictif\\\/217161\\\/#breadcrumb\",\"itemListElement\":[{\"@type\":\"ListItem\",\"position\":1,\"name\":\"Accueil\",\"item\":\"https:\\\/\\\/www.webdo.tn\\\/fr\\\/\"},{\"@type\":\"ListItem\",\"position\":2,\"name\":\"Tunisie : le minist\u00e8re de l&rsquo;Int\u00e9rieur l\u00e8ve le voile sur un braquage d\u00e9guis\u00e9\"}]},{\"@type\":\"WebSite\",\"@id\":\"https:\\\/\\\/www.webdo.tn\\\/fr\\\/#website\",\"url\":\"https:\\\/\\\/www.webdo.tn\\\/fr\\\/\",\"name\":\"webdo\",\"description\":\"Tunisie - News en Tunisie et \u00e0 l&#039;international sur Webdo.tn\",\"publisher\":{\"@id\":\"https:\\\/\\\/www.webdo.tn\\\/fr\\\/#organization\"},\"potentialAction\":[{\"@type\":\"SearchAction\",\"target\":{\"@type\":\"EntryPoint\",\"urlTemplate\":\"https:\\\/\\\/www.webdo.tn\\\/fr\\\/?s={search_term_string}\"},\"query-input\":{\"@type\":\"PropertyValueSpecification\",\"valueRequired\":true,\"valueName\":\"search_term_string\"}}],\"inLanguage\":\"fr-FR\"},{\"@type\":\"Organization\",\"@id\":\"https:\\\/\\\/www.webdo.tn\\\/fr\\\/#organization\",\"name\":\"Webdo\",\"alternateName\":\"Webdo.tn\",\"url\":\"https:\\\/\\\/www.webdo.tn\\\/fr\\\/\",\"logo\":{\"@type\":\"ImageObject\",\"inLanguage\":\"fr-FR\",\"@id\":\"https:\\\/\\\/www.webdo.tn\\\/fr\\\/#\\\/schema\\\/logo\\\/image\\\/\",\"url\":\"https:\\\/\\\/www.webdo.tn\\\/fr\\\/wp-content\\\/uploads\\\/2025\\\/06\\\/Webdo-Tunisie_168377.jpg\",\"contentUrl\":\"https:\\\/\\\/www.webdo.tn\\\/fr\\\/wp-content\\\/uploads\\\/2025\\\/06\\\/Webdo-Tunisie_168377.jpg\",\"width\":301,\"height\":301,\"caption\":\"Webdo\"},\"image\":{\"@id\":\"https:\\\/\\\/www.webdo.tn\\\/fr\\\/#\\\/schema\\\/logo\\\/image\\\/\"},\"sameAs\":[\"https:\\\/\\\/www.facebook.com\\\/webdotn\",\"https:\\\/\\\/x.com\\\/webdo_tn\"],\"description\":\"Webdo est un m\u00e9dia num\u00e9rique tunisien fond\u00e9 en 2010, sp\u00e9cialis\u00e9 dans l\u2019actualit\u00e9 nationale et internationale, l\u2019\u00e9conomie, la soci\u00e9t\u00e9 et les analyses politiques. Le site s\u2019adresse \u00e0 un large public francophone et couvre l\u2019information tunisienne en temps r\u00e9el.\",\"email\":\"redac@webdo.tn\",\"legalName\":\"YNJ SARL\",\"foundingDate\":\"2010-09-06\",\"numberOfEmployees\":{\"@type\":\"QuantitativeValue\",\"minValue\":\"11\",\"maxValue\":\"50\"}},{\"@type\":\"Person\",\"@id\":\"https:\\\/\\\/www.webdo.tn\\\/fr\\\/#\\\/schema\\\/person\\\/b8a41c04d93287d375510db360906b34\",\"name\":\"AZ\",\"image\":{\"@type\":\"ImageObject\",\"inLanguage\":\"fr-FR\",\"@id\":\"https:\\\/\\\/secure.gravatar.com\\\/avatar\\\/492b80bada79439de4201dce15cd41eece6c277cfdf1b53382073c79105c1f89?s=96&d=mm&r=g\",\"url\":\"https:\\\/\\\/secure.gravatar.com\\\/avatar\\\/492b80bada79439de4201dce15cd41eece6c277cfdf1b53382073c79105c1f89?s=96&d=mm&r=g\",\"contentUrl\":\"https:\\\/\\\/secure.gravatar.com\\\/avatar\\\/492b80bada79439de4201dce15cd41eece6c277cfdf1b53382073c79105c1f89?s=96&d=mm&r=g\",\"caption\":\"AZ\"},\"url\":\"https:\\\/\\\/www.webdo.tn\\\/fr\\\/actualite\\\/author\\\/az\\\/\"}]}<\/script>\n<!-- \/ Yoast SEO Premium plugin. -->","yoast_head_json":{"title":"Tunisie : le minist\u00e8re de l'Int\u00e9rieur l\u00e8ve le voile sur un braquage d\u00e9guis\u00e9","description":"Trois employ\u00e9s d'une soci\u00e9t\u00e9 de transport de fonds ont orchestr\u00e9 une fraude d\u00e9guis\u00e9e en braquage \u00e0 Tunis. Le minist\u00e8re de l'Int\u00e9rieur a r\u00e9v\u00e9l\u00e9 les d\u00e9tails d'une...","canonical":"https:\/\/www.webdo.tn\/fr\/actualite\/divers\/tunisie-le-ministere-de-l-interieur-leve-le-voile-sur-un-braquage-fictif\/217161\/","og_locale":"fr_FR","og_type":"article","og_title":"Tunisie : le minist\u00e8re de l'Int\u00e9rieur l\u00e8ve le voile sur un braquage d\u00e9guis\u00e9","og_description":"Trois employ\u00e9s d'une soci\u00e9t\u00e9 de transport de fonds ont orchestr\u00e9 une fraude d\u00e9guis\u00e9e en braquage \u00e0 Tunis. Le minist\u00e8re de l'Int\u00e9rieur a r\u00e9v\u00e9l\u00e9 les d\u00e9tails d'une...","og_url":"https:\/\/www.webdo.tn\/fr\/actualite\/divers\/tunisie-le-ministere-de-l-interieur-leve-le-voile-sur-un-braquage-fictif\/217161\/","og_site_name":"webdo","article_publisher":"https:\/\/www.facebook.com\/webdotn","article_published_time":"2024-10-23T20:47:00+00:00","article_modified_time":"2025-05-21T09:02:29+00:00","og_image":[{"width":750,"height":400,"url":"https:\/\/www.webdo.tn\/fr\/wp-content\/uploads\/2024\/10\/0295c12fa353f255ad83e08612a5cbe9.webp","type":"image\/webp"}],"author":"AZ","twitter_card":"summary_large_image","twitter_creator":"@webdo_tn","twitter_site":"@webdo_tn","twitter_misc":{"\u00c9crit par":"AZ","Dur\u00e9e de lecture estim\u00e9e":"1 minute"},"schema":{"@context":"https:\/\/schema.org","@graph":[{"@type":"NewsArticle","@id":"https:\/\/www.webdo.tn\/fr\/actualite\/divers\/tunisie-le-ministere-de-l-interieur-leve-le-voile-sur-un-braquage-fictif\/217161\/#article","isPartOf":{"@id":"https:\/\/www.webdo.tn\/fr\/actualite\/divers\/tunisie-le-ministere-de-l-interieur-leve-le-voile-sur-un-braquage-fictif\/217161\/"},"author":{"name":"AZ","@id":"https:\/\/www.webdo.tn\/fr\/#\/schema\/person\/b8a41c04d93287d375510db360906b34"},"headline":"Tunisie : le minist\u00e8re de l&rsquo;Int\u00e9rieur l\u00e8ve le voile sur un braquage d\u00e9guis\u00e9","datePublished":"2024-10-23T20:47:00+00:00","dateModified":"2025-05-21T09:02:29+00:00","mainEntityOfPage":{"@id":"https:\/\/www.webdo.tn\/fr\/actualite\/divers\/tunisie-le-ministere-de-l-interieur-leve-le-voile-sur-un-braquage-fictif\/217161\/"},"wordCount":304,"commentCount":0,"publisher":{"@id":"https:\/\/www.webdo.tn\/fr\/#organization"},"image":{"@id":"https:\/\/www.webdo.tn\/fr\/actualite\/divers\/tunisie-le-ministere-de-l-interieur-leve-le-voile-sur-un-braquage-fictif\/217161\/#primaryimage"},"thumbnailUrl":"https:\/\/www.webdo.tn\/fr\/wp-content\/uploads\/2024\/10\/0295c12fa353f255ad83e08612a5cbe9.webp","keywords":["BabSouika","Braquage","TransportDeFonds","Tunisie"],"articleSection":["Divers"],"inLanguage":"fr-FR"},{"@type":"WebPage","@id":"https:\/\/www.webdo.tn\/fr\/actualite\/divers\/tunisie-le-ministere-de-l-interieur-leve-le-voile-sur-un-braquage-fictif\/217161\/","url":"https:\/\/www.webdo.tn\/fr\/actualite\/divers\/tunisie-le-ministere-de-l-interieur-leve-le-voile-sur-un-braquage-fictif\/217161\/","name":"Tunisie : le minist\u00e8re de l'Int\u00e9rieur l\u00e8ve le voile sur un braquage d\u00e9guis\u00e9","isPartOf":{"@id":"https:\/\/www.webdo.tn\/fr\/#website"},"primaryImageOfPage":{"@id":"https:\/\/www.webdo.tn\/fr\/actualite\/divers\/tunisie-le-ministere-de-l-interieur-leve-le-voile-sur-un-braquage-fictif\/217161\/#primaryimage"},"image":{"@id":"https:\/\/www.webdo.tn\/fr\/actualite\/divers\/tunisie-le-ministere-de-l-interieur-leve-le-voile-sur-un-braquage-fictif\/217161\/#primaryimage"},"thumbnailUrl":"https:\/\/www.webdo.tn\/fr\/wp-content\/uploads\/2024\/10\/0295c12fa353f255ad83e08612a5cbe9.webp","datePublished":"2024-10-23T20:47:00+00:00","dateModified":"2025-05-21T09:02:29+00:00","description":"Trois employ\u00e9s d'une soci\u00e9t\u00e9 de transport de fonds ont orchestr\u00e9 une fraude d\u00e9guis\u00e9e en braquage \u00e0 Tunis. Le minist\u00e8re de l'Int\u00e9rieur a r\u00e9v\u00e9l\u00e9 les d\u00e9tails d'une...","breadcrumb":{"@id":"https:\/\/www.webdo.tn\/fr\/actualite\/divers\/tunisie-le-ministere-de-l-interieur-leve-le-voile-sur-un-braquage-fictif\/217161\/#breadcrumb"},"inLanguage":"fr-FR","potentialAction":[{"@type":"ReadAction","target":["https:\/\/www.webdo.tn\/fr\/actualite\/divers\/tunisie-le-ministere-de-l-interieur-leve-le-voile-sur-un-braquage-fictif\/217161\/"]}]},{"@type":"ImageObject","inLanguage":"fr-FR","@id":"https:\/\/www.webdo.tn\/fr\/actualite\/divers\/tunisie-le-ministere-de-l-interieur-leve-le-voile-sur-un-braquage-fictif\/217161\/#primaryimage","url":"https:\/\/www.webdo.tn\/fr\/wp-content\/uploads\/2024\/10\/0295c12fa353f255ad83e08612a5cbe9.webp","contentUrl":"https:\/\/www.webdo.tn\/fr\/wp-content\/uploads\/2024\/10\/0295c12fa353f255ad83e08612a5cbe9.webp","width":750,"height":400,"caption":"Tunisie : le minist\u00e8re de l'Int\u00e9rieur l\u00e8ve le voile sur un braquage d\u00e9guis\u00e9"},{"@type":"BreadcrumbList","@id":"https:\/\/www.webdo.tn\/fr\/actualite\/divers\/tunisie-le-ministere-de-l-interieur-leve-le-voile-sur-un-braquage-fictif\/217161\/#breadcrumb","itemListElement":[{"@type":"ListItem","position":1,"name":"Accueil","item":"https:\/\/www.webdo.tn\/fr\/"},{"@type":"ListItem","position":2,"name":"Tunisie : le minist\u00e8re de l&rsquo;Int\u00e9rieur l\u00e8ve le voile sur un braquage d\u00e9guis\u00e9"}]},{"@type":"WebSite","@id":"https:\/\/www.webdo.tn\/fr\/#website","url":"https:\/\/www.webdo.tn\/fr\/","name":"webdo","description":"Tunisie - News en Tunisie et \u00e0 l&#039;international sur Webdo.tn","publisher":{"@id":"https:\/\/www.webdo.tn\/fr\/#organization"},"potentialAction":[{"@type":"SearchAction","target":{"@type":"EntryPoint","urlTemplate":"https:\/\/www.webdo.tn\/fr\/?s={search_term_string}"},"query-input":{"@type":"PropertyValueSpecification","valueRequired":true,"valueName":"search_term_string"}}],"inLanguage":"fr-FR"},{"@type":"Organization","@id":"https:\/\/www.webdo.tn\/fr\/#organization","name":"Webdo","alternateName":"Webdo.tn","url":"https:\/\/www.webdo.tn\/fr\/","logo":{"@type":"ImageObject","inLanguage":"fr-FR","@id":"https:\/\/www.webdo.tn\/fr\/#\/schema\/logo\/image\/","url":"https:\/\/www.webdo.tn\/fr\/wp-content\/uploads\/2025\/06\/Webdo-Tunisie_168377.jpg","contentUrl":"https:\/\/www.webdo.tn\/fr\/wp-content\/uploads\/2025\/06\/Webdo-Tunisie_168377.jpg","width":301,"height":301,"caption":"Webdo"},"image":{"@id":"https:\/\/www.webdo.tn\/fr\/#\/schema\/logo\/image\/"},"sameAs":["https:\/\/www.facebook.com\/webdotn","https:\/\/x.com\/webdo_tn"],"description":"Webdo est un m\u00e9dia num\u00e9rique tunisien fond\u00e9 en 2010, sp\u00e9cialis\u00e9 dans l\u2019actualit\u00e9 nationale et internationale, l\u2019\u00e9conomie, la soci\u00e9t\u00e9 et les analyses politiques. Le site s\u2019adresse \u00e0 un large public francophone et couvre l\u2019information tunisienne en temps r\u00e9el.","email":"redac@webdo.tn","legalName":"YNJ SARL","foundingDate":"2010-09-06","numberOfEmployees":{"@type":"QuantitativeValue","minValue":"11","maxValue":"50"}},{"@type":"Person","@id":"https:\/\/www.webdo.tn\/fr\/#\/schema\/person\/b8a41c04d93287d375510db360906b34","name":"AZ","image":{"@type":"ImageObject","inLanguage":"fr-FR","@id":"https:\/\/secure.gravatar.com\/avatar\/492b80bada79439de4201dce15cd41eece6c277cfdf1b53382073c79105c1f89?s=96&d=mm&r=g","url":"https:\/\/secure.gravatar.com\/avatar\/492b80bada79439de4201dce15cd41eece6c277cfdf1b53382073c79105c1f89?s=96&d=mm&r=g","contentUrl":"https:\/\/secure.gravatar.com\/avatar\/492b80bada79439de4201dce15cd41eece6c277cfdf1b53382073c79105c1f89?s=96&d=mm&r=g","caption":"AZ"},"url":"https:\/\/www.webdo.tn\/fr\/actualite\/author\/az\/"}]}},"_links":{"self":[{"href":"https:\/\/www.webdo.tn\/fr\/wp-json\/wp\/v2\/posts\/217161","targetHints":{"allow":["GET"]}}],"collection":[{"href":"https:\/\/www.webdo.tn\/fr\/wp-json\/wp\/v2\/posts"}],"about":[{"href":"https:\/\/www.webdo.tn\/fr\/wp-json\/wp\/v2\/types\/post"}],"author":[{"embeddable":true,"href":"https:\/\/www.webdo.tn\/fr\/wp-json\/wp\/v2\/users\/3166"}],"replies":[{"embeddable":true,"href":"https:\/\/www.webdo.tn\/fr\/wp-json\/wp\/v2\/comments?post=217161"}],"version-history":[{"count":0,"href":"https:\/\/www.webdo.tn\/fr\/wp-json\/wp\/v2\/posts\/217161\/revisions"}],"wp:featuredmedia":[{"embeddable":true,"href":"https:\/\/www.webdo.tn\/fr\/wp-json\/wp\/v2\/media\/246266"}],"wp:attachment":[{"href":"https:\/\/www.webdo.tn\/fr\/wp-json\/wp\/v2\/media?parent=217161"}],"wp:term":[{"taxonomy":"category","embeddable":true,"href":"https:\/\/www.webdo.tn\/fr\/wp-json\/wp\/v2\/categories?post=217161"},{"taxonomy":"post_tag","embeddable":true,"href":"https:\/\/www.webdo.tn\/fr\/wp-json\/wp\/v2\/tags?post=217161"}],"curies":[{"name":"wp","href":"https:\/\/api.w.org\/{rel}","templated":true}]}}