{"id":217157,"date":"2024-10-23T18:58:00","date_gmt":"2024-10-23T18:58:00","guid":{"rendered":"https:\/\/www.webdo.tn\/fr\/blog\/tunisie-les-deputes-soulignent-l-irrealisme-des-objectifs-de-la-lf-2025\/217157\/"},"modified":"2025-05-21T09:02:28","modified_gmt":"2025-05-21T09:02:28","slug":"tunisie-les-deputes-soulignent-l-irrealisme-des-objectifs-de-la-lf-2025","status":"publish","type":"post","link":"https:\/\/www.webdo.tn\/fr\/actualite\/national\/tunisie-les-deputes-soulignent-l-irrealisme-des-objectifs-de-la-lf-2025\/217157\/","title":{"rendered":"Tunisie : Les d\u00e9put\u00e9s soulignent l&rsquo;irr\u00e9alisme des objectifs de la LF 2025"},"content":{"rendered":"<p>Ce mercredi 23 octobre 2024, la commission des finances a tenu une r\u00e9union pour discuter du taux de croissance enregistr\u00e9 au premier semestre de l&rsquo;ann\u00e9e et des pr\u00e9visions pour la fin de 2024.<\/p>\n<p>\t\t\t\t\t\t\t\t\tLa s\u00e9ance a aussi permis d&rsquo;analyser l&rsquo;ex\u00e9cution du budget conform\u00e9ment \u00e0 la loi de finances. Les discussions ont abord\u00e9 plusieurs indicateurs, notamment la croissance, l&rsquo;inflation, le d\u00e9ficit commercial et la faiblesse des investissements.<\/p>\n<p>Les d\u00e9put\u00e9s ont relev\u00e9 des obstacles majeurs, tels que l&rsquo;absence de mise en \u0153uvre du partenariat public-priv\u00e9, la non-activation du syst\u00e8me de suivi des services de consommation directe, ainsi que des probl\u00e8mes dans les secteurs du phosphate et de l&rsquo;agriculture. Des lourdeurs administratives ont \u00e9galement \u00e9t\u00e9 identifi\u00e9es comme des freins \u00e0 certains projets.<\/p>\n<p>Concernant le budget 2025, les d\u00e9put\u00e9s ont estim\u00e9 que les pr\u00e9visions de croissance \u00e9taient irr\u00e9alistes, reprochant l&rsquo;absence d&rsquo;un nouveau mod\u00e8le de d\u00e9veloppement et d&rsquo;une vision strat\u00e9gique. Ils ont \u00e9galement critiqu\u00e9 des mesures fiscales peu incitatives pour l&rsquo;investissement. Enfin, ils ont appel\u00e9 \u00e0 soutenir les petites entreprises, \u00e0 encourager l&rsquo;investissement et \u00e0 int\u00e9grer l&rsquo;\u00e9conomie informelle dans le circuit \u00e9conomique officiel.<\/p>\n","protected":false},"excerpt":{"rendered":"<p>R\u00e9union de la commission des finances sur le taux de croissance du premier semestre 2024, les pr\u00e9visions pour la fin d&rsquo;ann\u00e9e et les perspectives budg\u00e9taires pou&#8230;<\/p>\n","protected":false},"author":3166,"featured_media":246265,"comment_status":"open","ping_status":"closed","sticky":false,"template":"","format":"standard","meta":{"footnotes":""},"categories":[44],"tags":[2813,5310,3854,3154,5309,2608],"class_list":["post-217157","post","type-post","status-publish","format-standard","has-post-thumbnail","hentry","category-national","tag-arp","tag-budget2024","tag-croissance","tag-economie","tag-plf2025","tag-tunisie"],"yoast_head":"<!-- This site is optimized with the Yoast SEO Premium plugin v27.4 (Yoast SEO v27.5) - https:\/\/yoast.com\/product\/yoast-seo-premium-wordpress\/ -->\n<title>Tunisie : Les d\u00e9put\u00e9s soulignent l&#039;irr\u00e9alisme des objectifs de la LF 2025<\/title>\n<meta name=\"description\" content=\"R\u00e9union de la commission des finances sur le taux de croissance du premier semestre 2024, les pr\u00e9visions pour la fin d&#039;ann\u00e9e et les perspectives budg\u00e9taires pou...\" \/>\n<link rel=\"canonical\" href=\"https:\/\/www.webdo.tn\/fr\/actualite\/national\/tunisie-les-deputes-soulignent-l-irrealisme-des-objectifs-de-la-lf-2025\/217157\/\" \/>\n<meta property=\"og:locale\" content=\"fr_FR\" \/>\n<meta property=\"og:type\" content=\"article\" \/>\n<meta property=\"og:title\" content=\"Tunisie : Les d\u00e9put\u00e9s soulignent l&#039;irr\u00e9alisme des objectifs de la LF 2025\" \/>\n<meta property=\"og:description\" content=\"R\u00e9union de la commission des finances sur le taux de croissance du premier semestre 2024, les pr\u00e9visions pour la fin d&#039;ann\u00e9e et les perspectives budg\u00e9taires pou...\" \/>\n<meta property=\"og:url\" content=\"https:\/\/www.webdo.tn\/fr\/actualite\/national\/tunisie-les-deputes-soulignent-l-irrealisme-des-objectifs-de-la-lf-2025\/217157\/\" \/>\n<meta property=\"og:site_name\" content=\"webdo\" \/>\n<meta property=\"article:publisher\" content=\"https:\/\/www.facebook.com\/webdotn\" \/>\n<meta property=\"article:published_time\" content=\"2024-10-23T18:58:00+00:00\" \/>\n<meta property=\"article:modified_time\" content=\"2025-05-21T09:02:28+00:00\" \/>\n<meta property=\"og:image\" content=\"https:\/\/www.webdo.tn\/fr\/wp-content\/uploads\/2024\/10\/9846d9207030fb3450e917f48f365439.webp\" \/>\n\t<meta property=\"og:image:width\" content=\"750\" \/>\n\t<meta property=\"og:image:height\" content=\"400\" \/>\n\t<meta property=\"og:image:type\" content=\"image\/webp\" \/>\n<meta name=\"author\" content=\"AZ\" \/>\n<meta name=\"twitter:card\" content=\"summary_large_image\" \/>\n<meta name=\"twitter:creator\" content=\"@webdo_tn\" \/>\n<meta name=\"twitter:site\" content=\"@webdo_tn\" \/>\n<meta name=\"twitter:label1\" content=\"\u00c9crit par\" \/>\n\t<meta name=\"twitter:data1\" content=\"AZ\" \/>\n\t<meta name=\"twitter:label2\" content=\"Dur\u00e9e de lecture estim\u00e9e\" \/>\n\t<meta name=\"twitter:data2\" content=\"1 minute\" \/>\n<script type=\"application\/ld+json\" class=\"yoast-schema-graph\">{\"@context\":\"https:\\\/\\\/schema.org\",\"@graph\":[{\"@type\":\"NewsArticle\",\"@id\":\"https:\\\/\\\/www.webdo.tn\\\/fr\\\/actualite\\\/national\\\/tunisie-les-deputes-soulignent-l-irrealisme-des-objectifs-de-la-lf-2025\\\/217157\\\/#article\",\"isPartOf\":{\"@id\":\"https:\\\/\\\/www.webdo.tn\\\/fr\\\/actualite\\\/national\\\/tunisie-les-deputes-soulignent-l-irrealisme-des-objectifs-de-la-lf-2025\\\/217157\\\/\"},\"author\":{\"name\":\"AZ\",\"@id\":\"https:\\\/\\\/www.webdo.tn\\\/fr\\\/#\\\/schema\\\/person\\\/b8a41c04d93287d375510db360906b34\"},\"headline\":\"Tunisie : Les d\u00e9put\u00e9s soulignent l&rsquo;irr\u00e9alisme des objectifs de la LF 2025\",\"datePublished\":\"2024-10-23T18:58:00+00:00\",\"dateModified\":\"2025-05-21T09:02:28+00:00\",\"mainEntityOfPage\":{\"@id\":\"https:\\\/\\\/www.webdo.tn\\\/fr\\\/actualite\\\/national\\\/tunisie-les-deputes-soulignent-l-irrealisme-des-objectifs-de-la-lf-2025\\\/217157\\\/\"},\"wordCount\":215,\"commentCount\":0,\"publisher\":{\"@id\":\"https:\\\/\\\/www.webdo.tn\\\/fr\\\/#organization\"},\"image\":{\"@id\":\"https:\\\/\\\/www.webdo.tn\\\/fr\\\/actualite\\\/national\\\/tunisie-les-deputes-soulignent-l-irrealisme-des-objectifs-de-la-lf-2025\\\/217157\\\/#primaryimage\"},\"thumbnailUrl\":\"https:\\\/\\\/www.webdo.tn\\\/fr\\\/wp-content\\\/uploads\\\/2024\\\/10\\\/9846d9207030fb3450e917f48f365439.webp\",\"keywords\":[\"ARP\",\"Budget2024\",\"Croissance\",\"\u00e9conomie\",\"PLF2025\",\"Tunisie\"],\"articleSection\":[\"National\"],\"inLanguage\":\"fr-FR\"},{\"@type\":\"WebPage\",\"@id\":\"https:\\\/\\\/www.webdo.tn\\\/fr\\\/actualite\\\/national\\\/tunisie-les-deputes-soulignent-l-irrealisme-des-objectifs-de-la-lf-2025\\\/217157\\\/\",\"url\":\"https:\\\/\\\/www.webdo.tn\\\/fr\\\/actualite\\\/national\\\/tunisie-les-deputes-soulignent-l-irrealisme-des-objectifs-de-la-lf-2025\\\/217157\\\/\",\"name\":\"Tunisie : Les d\u00e9put\u00e9s soulignent l'irr\u00e9alisme des objectifs de la LF 2025\",\"isPartOf\":{\"@id\":\"https:\\\/\\\/www.webdo.tn\\\/fr\\\/#website\"},\"primaryImageOfPage\":{\"@id\":\"https:\\\/\\\/www.webdo.tn\\\/fr\\\/actualite\\\/national\\\/tunisie-les-deputes-soulignent-l-irrealisme-des-objectifs-de-la-lf-2025\\\/217157\\\/#primaryimage\"},\"image\":{\"@id\":\"https:\\\/\\\/www.webdo.tn\\\/fr\\\/actualite\\\/national\\\/tunisie-les-deputes-soulignent-l-irrealisme-des-objectifs-de-la-lf-2025\\\/217157\\\/#primaryimage\"},\"thumbnailUrl\":\"https:\\\/\\\/www.webdo.tn\\\/fr\\\/wp-content\\\/uploads\\\/2024\\\/10\\\/9846d9207030fb3450e917f48f365439.webp\",\"datePublished\":\"2024-10-23T18:58:00+00:00\",\"dateModified\":\"2025-05-21T09:02:28+00:00\",\"description\":\"R\u00e9union de la commission des finances sur le taux de croissance du premier semestre 2024, les pr\u00e9visions pour la fin d'ann\u00e9e et les perspectives budg\u00e9taires pou...\",\"breadcrumb\":{\"@id\":\"https:\\\/\\\/www.webdo.tn\\\/fr\\\/actualite\\\/national\\\/tunisie-les-deputes-soulignent-l-irrealisme-des-objectifs-de-la-lf-2025\\\/217157\\\/#breadcrumb\"},\"inLanguage\":\"fr-FR\",\"potentialAction\":[{\"@type\":\"ReadAction\",\"target\":[\"https:\\\/\\\/www.webdo.tn\\\/fr\\\/actualite\\\/national\\\/tunisie-les-deputes-soulignent-l-irrealisme-des-objectifs-de-la-lf-2025\\\/217157\\\/\"]}]},{\"@type\":\"ImageObject\",\"inLanguage\":\"fr-FR\",\"@id\":\"https:\\\/\\\/www.webdo.tn\\\/fr\\\/actualite\\\/national\\\/tunisie-les-deputes-soulignent-l-irrealisme-des-objectifs-de-la-lf-2025\\\/217157\\\/#primaryimage\",\"url\":\"https:\\\/\\\/www.webdo.tn\\\/fr\\\/wp-content\\\/uploads\\\/2024\\\/10\\\/9846d9207030fb3450e917f48f365439.webp\",\"contentUrl\":\"https:\\\/\\\/www.webdo.tn\\\/fr\\\/wp-content\\\/uploads\\\/2024\\\/10\\\/9846d9207030fb3450e917f48f365439.webp\",\"width\":750,\"height\":400,\"caption\":\"Tunisie : Les d\u00e9put\u00e9s soulignent l'irr\u00e9alisme des objectifs de la LF 2025\"},{\"@type\":\"BreadcrumbList\",\"@id\":\"https:\\\/\\\/www.webdo.tn\\\/fr\\\/actualite\\\/national\\\/tunisie-les-deputes-soulignent-l-irrealisme-des-objectifs-de-la-lf-2025\\\/217157\\\/#breadcrumb\",\"itemListElement\":[{\"@type\":\"ListItem\",\"position\":1,\"name\":\"Accueil\",\"item\":\"https:\\\/\\\/www.webdo.tn\\\/fr\\\/\"},{\"@type\":\"ListItem\",\"position\":2,\"name\":\"Tunisie : Les d\u00e9put\u00e9s soulignent l&#8217;irr\u00e9alisme des objectifs de la LF 2025\"}]},{\"@type\":\"WebSite\",\"@id\":\"https:\\\/\\\/www.webdo.tn\\\/fr\\\/#website\",\"url\":\"https:\\\/\\\/www.webdo.tn\\\/fr\\\/\",\"name\":\"webdo\",\"description\":\"Tunisie - News en Tunisie et \u00e0 l&#039;international sur Webdo.tn\",\"publisher\":{\"@id\":\"https:\\\/\\\/www.webdo.tn\\\/fr\\\/#organization\"},\"potentialAction\":[{\"@type\":\"SearchAction\",\"target\":{\"@type\":\"EntryPoint\",\"urlTemplate\":\"https:\\\/\\\/www.webdo.tn\\\/fr\\\/?s={search_term_string}\"},\"query-input\":{\"@type\":\"PropertyValueSpecification\",\"valueRequired\":true,\"valueName\":\"search_term_string\"}}],\"inLanguage\":\"fr-FR\"},{\"@type\":\"Organization\",\"@id\":\"https:\\\/\\\/www.webdo.tn\\\/fr\\\/#organization\",\"name\":\"Webdo\",\"alternateName\":\"Webdo.tn\",\"url\":\"https:\\\/\\\/www.webdo.tn\\\/fr\\\/\",\"logo\":{\"@type\":\"ImageObject\",\"inLanguage\":\"fr-FR\",\"@id\":\"https:\\\/\\\/www.webdo.tn\\\/fr\\\/#\\\/schema\\\/logo\\\/image\\\/\",\"url\":\"https:\\\/\\\/www.webdo.tn\\\/fr\\\/wp-content\\\/uploads\\\/2025\\\/06\\\/Webdo-Tunisie_168377.jpg\",\"contentUrl\":\"https:\\\/\\\/www.webdo.tn\\\/fr\\\/wp-content\\\/uploads\\\/2025\\\/06\\\/Webdo-Tunisie_168377.jpg\",\"width\":301,\"height\":301,\"caption\":\"Webdo\"},\"image\":{\"@id\":\"https:\\\/\\\/www.webdo.tn\\\/fr\\\/#\\\/schema\\\/logo\\\/image\\\/\"},\"sameAs\":[\"https:\\\/\\\/www.facebook.com\\\/webdotn\",\"https:\\\/\\\/x.com\\\/webdo_tn\"],\"description\":\"Webdo est un m\u00e9dia num\u00e9rique tunisien fond\u00e9 en 2010, sp\u00e9cialis\u00e9 dans l\u2019actualit\u00e9 nationale et internationale, l\u2019\u00e9conomie, la soci\u00e9t\u00e9 et les analyses politiques. Le site s\u2019adresse \u00e0 un large public francophone et couvre l\u2019information tunisienne en temps r\u00e9el.\",\"email\":\"redac@webdo.tn\",\"legalName\":\"YNJ SARL\",\"foundingDate\":\"2010-09-06\",\"numberOfEmployees\":{\"@type\":\"QuantitativeValue\",\"minValue\":\"11\",\"maxValue\":\"50\"}},{\"@type\":\"Person\",\"@id\":\"https:\\\/\\\/www.webdo.tn\\\/fr\\\/#\\\/schema\\\/person\\\/b8a41c04d93287d375510db360906b34\",\"name\":\"AZ\",\"image\":{\"@type\":\"ImageObject\",\"inLanguage\":\"fr-FR\",\"@id\":\"https:\\\/\\\/secure.gravatar.com\\\/avatar\\\/492b80bada79439de4201dce15cd41eece6c277cfdf1b53382073c79105c1f89?s=96&d=mm&r=g\",\"url\":\"https:\\\/\\\/secure.gravatar.com\\\/avatar\\\/492b80bada79439de4201dce15cd41eece6c277cfdf1b53382073c79105c1f89?s=96&d=mm&r=g\",\"contentUrl\":\"https:\\\/\\\/secure.gravatar.com\\\/avatar\\\/492b80bada79439de4201dce15cd41eece6c277cfdf1b53382073c79105c1f89?s=96&d=mm&r=g\",\"caption\":\"AZ\"},\"url\":\"https:\\\/\\\/www.webdo.tn\\\/fr\\\/actualite\\\/author\\\/az\\\/\"}]}<\/script>\n<!-- \/ Yoast SEO Premium plugin. -->","yoast_head_json":{"title":"Tunisie : Les d\u00e9put\u00e9s soulignent l'irr\u00e9alisme des objectifs de la LF 2025","description":"R\u00e9union de la commission des finances sur le taux de croissance du premier semestre 2024, les pr\u00e9visions pour la fin d'ann\u00e9e et les perspectives budg\u00e9taires pou...","canonical":"https:\/\/www.webdo.tn\/fr\/actualite\/national\/tunisie-les-deputes-soulignent-l-irrealisme-des-objectifs-de-la-lf-2025\/217157\/","og_locale":"fr_FR","og_type":"article","og_title":"Tunisie : Les d\u00e9put\u00e9s soulignent l'irr\u00e9alisme des objectifs de la LF 2025","og_description":"R\u00e9union de la commission des finances sur le taux de croissance du premier semestre 2024, les pr\u00e9visions pour la fin d'ann\u00e9e et les perspectives budg\u00e9taires pou...","og_url":"https:\/\/www.webdo.tn\/fr\/actualite\/national\/tunisie-les-deputes-soulignent-l-irrealisme-des-objectifs-de-la-lf-2025\/217157\/","og_site_name":"webdo","article_publisher":"https:\/\/www.facebook.com\/webdotn","article_published_time":"2024-10-23T18:58:00+00:00","article_modified_time":"2025-05-21T09:02:28+00:00","og_image":[{"width":750,"height":400,"url":"https:\/\/www.webdo.tn\/fr\/wp-content\/uploads\/2024\/10\/9846d9207030fb3450e917f48f365439.webp","type":"image\/webp"}],"author":"AZ","twitter_card":"summary_large_image","twitter_creator":"@webdo_tn","twitter_site":"@webdo_tn","twitter_misc":{"\u00c9crit par":"AZ","Dur\u00e9e de lecture estim\u00e9e":"1 minute"},"schema":{"@context":"https:\/\/schema.org","@graph":[{"@type":"NewsArticle","@id":"https:\/\/www.webdo.tn\/fr\/actualite\/national\/tunisie-les-deputes-soulignent-l-irrealisme-des-objectifs-de-la-lf-2025\/217157\/#article","isPartOf":{"@id":"https:\/\/www.webdo.tn\/fr\/actualite\/national\/tunisie-les-deputes-soulignent-l-irrealisme-des-objectifs-de-la-lf-2025\/217157\/"},"author":{"name":"AZ","@id":"https:\/\/www.webdo.tn\/fr\/#\/schema\/person\/b8a41c04d93287d375510db360906b34"},"headline":"Tunisie : Les d\u00e9put\u00e9s soulignent l&rsquo;irr\u00e9alisme des objectifs de la LF 2025","datePublished":"2024-10-23T18:58:00+00:00","dateModified":"2025-05-21T09:02:28+00:00","mainEntityOfPage":{"@id":"https:\/\/www.webdo.tn\/fr\/actualite\/national\/tunisie-les-deputes-soulignent-l-irrealisme-des-objectifs-de-la-lf-2025\/217157\/"},"wordCount":215,"commentCount":0,"publisher":{"@id":"https:\/\/www.webdo.tn\/fr\/#organization"},"image":{"@id":"https:\/\/www.webdo.tn\/fr\/actualite\/national\/tunisie-les-deputes-soulignent-l-irrealisme-des-objectifs-de-la-lf-2025\/217157\/#primaryimage"},"thumbnailUrl":"https:\/\/www.webdo.tn\/fr\/wp-content\/uploads\/2024\/10\/9846d9207030fb3450e917f48f365439.webp","keywords":["ARP","Budget2024","Croissance","\u00e9conomie","PLF2025","Tunisie"],"articleSection":["National"],"inLanguage":"fr-FR"},{"@type":"WebPage","@id":"https:\/\/www.webdo.tn\/fr\/actualite\/national\/tunisie-les-deputes-soulignent-l-irrealisme-des-objectifs-de-la-lf-2025\/217157\/","url":"https:\/\/www.webdo.tn\/fr\/actualite\/national\/tunisie-les-deputes-soulignent-l-irrealisme-des-objectifs-de-la-lf-2025\/217157\/","name":"Tunisie : Les d\u00e9put\u00e9s soulignent l'irr\u00e9alisme des objectifs de la LF 2025","isPartOf":{"@id":"https:\/\/www.webdo.tn\/fr\/#website"},"primaryImageOfPage":{"@id":"https:\/\/www.webdo.tn\/fr\/actualite\/national\/tunisie-les-deputes-soulignent-l-irrealisme-des-objectifs-de-la-lf-2025\/217157\/#primaryimage"},"image":{"@id":"https:\/\/www.webdo.tn\/fr\/actualite\/national\/tunisie-les-deputes-soulignent-l-irrealisme-des-objectifs-de-la-lf-2025\/217157\/#primaryimage"},"thumbnailUrl":"https:\/\/www.webdo.tn\/fr\/wp-content\/uploads\/2024\/10\/9846d9207030fb3450e917f48f365439.webp","datePublished":"2024-10-23T18:58:00+00:00","dateModified":"2025-05-21T09:02:28+00:00","description":"R\u00e9union de la commission des finances sur le taux de croissance du premier semestre 2024, les pr\u00e9visions pour la fin d'ann\u00e9e et les perspectives budg\u00e9taires pou...","breadcrumb":{"@id":"https:\/\/www.webdo.tn\/fr\/actualite\/national\/tunisie-les-deputes-soulignent-l-irrealisme-des-objectifs-de-la-lf-2025\/217157\/#breadcrumb"},"inLanguage":"fr-FR","potentialAction":[{"@type":"ReadAction","target":["https:\/\/www.webdo.tn\/fr\/actualite\/national\/tunisie-les-deputes-soulignent-l-irrealisme-des-objectifs-de-la-lf-2025\/217157\/"]}]},{"@type":"ImageObject","inLanguage":"fr-FR","@id":"https:\/\/www.webdo.tn\/fr\/actualite\/national\/tunisie-les-deputes-soulignent-l-irrealisme-des-objectifs-de-la-lf-2025\/217157\/#primaryimage","url":"https:\/\/www.webdo.tn\/fr\/wp-content\/uploads\/2024\/10\/9846d9207030fb3450e917f48f365439.webp","contentUrl":"https:\/\/www.webdo.tn\/fr\/wp-content\/uploads\/2024\/10\/9846d9207030fb3450e917f48f365439.webp","width":750,"height":400,"caption":"Tunisie : Les d\u00e9put\u00e9s soulignent l'irr\u00e9alisme des objectifs de la LF 2025"},{"@type":"BreadcrumbList","@id":"https:\/\/www.webdo.tn\/fr\/actualite\/national\/tunisie-les-deputes-soulignent-l-irrealisme-des-objectifs-de-la-lf-2025\/217157\/#breadcrumb","itemListElement":[{"@type":"ListItem","position":1,"name":"Accueil","item":"https:\/\/www.webdo.tn\/fr\/"},{"@type":"ListItem","position":2,"name":"Tunisie : Les d\u00e9put\u00e9s soulignent l&#8217;irr\u00e9alisme des objectifs de la LF 2025"}]},{"@type":"WebSite","@id":"https:\/\/www.webdo.tn\/fr\/#website","url":"https:\/\/www.webdo.tn\/fr\/","name":"webdo","description":"Tunisie - News en Tunisie et \u00e0 l&#039;international sur Webdo.tn","publisher":{"@id":"https:\/\/www.webdo.tn\/fr\/#organization"},"potentialAction":[{"@type":"SearchAction","target":{"@type":"EntryPoint","urlTemplate":"https:\/\/www.webdo.tn\/fr\/?s={search_term_string}"},"query-input":{"@type":"PropertyValueSpecification","valueRequired":true,"valueName":"search_term_string"}}],"inLanguage":"fr-FR"},{"@type":"Organization","@id":"https:\/\/www.webdo.tn\/fr\/#organization","name":"Webdo","alternateName":"Webdo.tn","url":"https:\/\/www.webdo.tn\/fr\/","logo":{"@type":"ImageObject","inLanguage":"fr-FR","@id":"https:\/\/www.webdo.tn\/fr\/#\/schema\/logo\/image\/","url":"https:\/\/www.webdo.tn\/fr\/wp-content\/uploads\/2025\/06\/Webdo-Tunisie_168377.jpg","contentUrl":"https:\/\/www.webdo.tn\/fr\/wp-content\/uploads\/2025\/06\/Webdo-Tunisie_168377.jpg","width":301,"height":301,"caption":"Webdo"},"image":{"@id":"https:\/\/www.webdo.tn\/fr\/#\/schema\/logo\/image\/"},"sameAs":["https:\/\/www.facebook.com\/webdotn","https:\/\/x.com\/webdo_tn"],"description":"Webdo est un m\u00e9dia num\u00e9rique tunisien fond\u00e9 en 2010, sp\u00e9cialis\u00e9 dans l\u2019actualit\u00e9 nationale et internationale, l\u2019\u00e9conomie, la soci\u00e9t\u00e9 et les analyses politiques. Le site s\u2019adresse \u00e0 un large public francophone et couvre l\u2019information tunisienne en temps r\u00e9el.","email":"redac@webdo.tn","legalName":"YNJ SARL","foundingDate":"2010-09-06","numberOfEmployees":{"@type":"QuantitativeValue","minValue":"11","maxValue":"50"}},{"@type":"Person","@id":"https:\/\/www.webdo.tn\/fr\/#\/schema\/person\/b8a41c04d93287d375510db360906b34","name":"AZ","image":{"@type":"ImageObject","inLanguage":"fr-FR","@id":"https:\/\/secure.gravatar.com\/avatar\/492b80bada79439de4201dce15cd41eece6c277cfdf1b53382073c79105c1f89?s=96&d=mm&r=g","url":"https:\/\/secure.gravatar.com\/avatar\/492b80bada79439de4201dce15cd41eece6c277cfdf1b53382073c79105c1f89?s=96&d=mm&r=g","contentUrl":"https:\/\/secure.gravatar.com\/avatar\/492b80bada79439de4201dce15cd41eece6c277cfdf1b53382073c79105c1f89?s=96&d=mm&r=g","caption":"AZ"},"url":"https:\/\/www.webdo.tn\/fr\/actualite\/author\/az\/"}]}},"_links":{"self":[{"href":"https:\/\/www.webdo.tn\/fr\/wp-json\/wp\/v2\/posts\/217157","targetHints":{"allow":["GET"]}}],"collection":[{"href":"https:\/\/www.webdo.tn\/fr\/wp-json\/wp\/v2\/posts"}],"about":[{"href":"https:\/\/www.webdo.tn\/fr\/wp-json\/wp\/v2\/types\/post"}],"author":[{"embeddable":true,"href":"https:\/\/www.webdo.tn\/fr\/wp-json\/wp\/v2\/users\/3166"}],"replies":[{"embeddable":true,"href":"https:\/\/www.webdo.tn\/fr\/wp-json\/wp\/v2\/comments?post=217157"}],"version-history":[{"count":0,"href":"https:\/\/www.webdo.tn\/fr\/wp-json\/wp\/v2\/posts\/217157\/revisions"}],"wp:featuredmedia":[{"embeddable":true,"href":"https:\/\/www.webdo.tn\/fr\/wp-json\/wp\/v2\/media\/246265"}],"wp:attachment":[{"href":"https:\/\/www.webdo.tn\/fr\/wp-json\/wp\/v2\/media?parent=217157"}],"wp:term":[{"taxonomy":"category","embeddable":true,"href":"https:\/\/www.webdo.tn\/fr\/wp-json\/wp\/v2\/categories?post=217157"},{"taxonomy":"post_tag","embeddable":true,"href":"https:\/\/www.webdo.tn\/fr\/wp-json\/wp\/v2\/tags?post=217157"}],"curies":[{"name":"wp","href":"https:\/\/api.w.org\/{rel}","templated":true}]}}