{"id":217154,"date":"2024-10-23T15:39:00","date_gmt":"2024-10-23T15:39:00","guid":{"rendered":"https:\/\/www.webdo.tn\/fr\/blog\/attaque-terroriste-en-turquie-plusieurs-morts-et-blesses\/217154\/"},"modified":"2025-05-20T21:47:26","modified_gmt":"2025-05-20T21:47:26","slug":"attaque-terroriste-en-turquie-plusieurs-morts-et-blesses","status":"publish","type":"post","link":"https:\/\/www.webdo.tn\/fr\/actualite\/international\/attaque-terroriste-en-turquie-plusieurs-morts-et-blesses\/217154\/","title":{"rendered":"Attaque terroriste en Turquie : Plusieurs morts et bless\u00e9s"},"content":{"rendered":"<p>L&rsquo;agence de presse Anadolu a annonc\u00e9 qu&rsquo;un attendant suicide a cibl\u00e9, aujourd\u2019hui, le si\u00e8ge des Industries de d\u00e9fense de Turquie \u00e0 40 kilom\u00e8tres d&rsquo;Ankara, faisant plusieurs morts et bless\u00e9s.<\/p>\n<p>\t\t\t\t\t\t\t\t\tUne explosion, suivie de coups de feu a \u00e9t\u00e9 entendue devant le si\u00e8ge des Industries de d\u00e9fense de Turquie ce mercredi 23 octobre 2024 \u00e0 Ankara, ont rapport\u00e9 les m\u00e9dias locaux et selon les premi\u00e8res images diffus\u00e9es par la cha\u00eene de t\u00e9l\u00e9vision priv\u00e9e NTV, l&rsquo;explosion qui s&rsquo;est produite vers 16H00 locales (13H00 GMT) a d\u00e9gag\u00e9 une importante fum\u00e9e blanche devant l&rsquo;entr\u00e9e du site.<\/p>\n<p>La chaine de t\u00e9l\u00e9vision Habert\u00fcrk a fait \u00e9tat d&rsquo;otages, sans autre pr\u00e9cision. Elle a, \u00e9galement, mentionn\u00e9 que l&rsquo;attaque est toujours en cours et que des coups de feu ont \u00e9t\u00e9 entendus apr\u00e8s l&rsquo;explosion.<\/p>\n<p>\u0642\u062a\u0644\u0649 \u0648\u062c\u0631\u062d\u0649 \u0641\u064a \u0647\u062c\u0648\u0645 \u0627\u0633\u062a\u0647\u062f\u0641 \u0627\u0644\u0634\u0631\u0643\u0629 \u0627\u0644\u062a\u0631\u0643\u064a\u0629 \u0644\u0635\u0646\u0627\u0639\u0627\u062a \u0627\u0644\u0641\u0636\u0627\u0621 \u0641\u064a #\u0623\u0646\u0642\u0631\u0629.. \u0648\u0648\u0632\u064a\u0631 \u0627\u0644\u062f\u0627\u062e\u0644\u064a\u0629 \u064a\u0635\u0641 \u0627\u0644\u0647\u062c\u0648\u0645 \u0628\u0640 \u00ab\u00a0\u0627\u0644\u0625\u0631\u0647\u0627\u0628\u064a\u00a0\u00bb#\u0627\u0644\u0639\u0631\u0628\u064a\u0629 pic.twitter.com\/eZ3M7yOH7R\u2014 \u0627\u0644\u0639\u0631\u0628\u064a\u0629 (@AlArabiya) October 23, 2024 <\/p>\n<p>#Ankara&rsquo;daki #TUSA\u015e tesisine ter\u00f6r sald\u0131r\u0131s\u0131 ger\u00e7ekle\u015ftiren bir kad\u0131n, bir erkek ter\u00f6rist&#8230; pic.twitter.com\/O8Zb3Ljk55\u2014 A Haber (@ahaber) October 23, 2024<\/p>\n","protected":false},"excerpt":{"rendered":"<p>L&rsquo;agence de presse Anadolu a annonc\u00e9 qu&rsquo;un attendant suicide a cibl\u00e9, aujourd\u2019hui, le si\u00e8ge des Industries de d\u00e9fense de Turquie \u00e0 40 kilom\u00e8tres d&rsquo;Ankara, faisa&#8230;<\/p>\n","protected":false},"author":3162,"featured_media":246261,"comment_status":"open","ping_status":"closed","sticky":false,"template":"","format":"standard","meta":{"footnotes":""},"categories":[2598],"tags":[5300,5301,4655,2928,3208,3550],"class_list":["post-217154","post","type-post","status-publish","format-standard","has-post-thumbnail","hentry","category-international","tag-ankara","tag-attaque-terroriste","tag-attentat","tag-blesses","tag-morts","tag-turquie"],"yoast_head":"<!-- This site is optimized with the Yoast SEO Premium plugin v27.4 (Yoast SEO v27.5) - https:\/\/yoast.com\/product\/yoast-seo-premium-wordpress\/ -->\n<title>Attaque terroriste en Turquie : Plusieurs morts et bless\u00e9s<\/title>\n<meta name=\"description\" content=\"L&#039;agence de presse Anadolu a annonc\u00e9 qu&#039;un attendant suicide a cibl\u00e9, aujourd\u2019hui, le si\u00e8ge des Industries de d\u00e9fense de Turquie \u00e0 40 kilom\u00e8tres d&#039;Ankara, faisa...\" \/>\n<link rel=\"canonical\" href=\"https:\/\/www.webdo.tn\/fr\/actualite\/international\/attaque-terroriste-en-turquie-plusieurs-morts-et-blesses\/217154\/\" \/>\n<meta property=\"og:locale\" content=\"fr_FR\" \/>\n<meta property=\"og:type\" content=\"article\" \/>\n<meta property=\"og:title\" content=\"Attaque terroriste en Turquie : Plusieurs morts et bless\u00e9s\" \/>\n<meta property=\"og:description\" content=\"L&#039;agence de presse Anadolu a annonc\u00e9 qu&#039;un attendant suicide a cibl\u00e9, aujourd\u2019hui, le si\u00e8ge des Industries de d\u00e9fense de Turquie \u00e0 40 kilom\u00e8tres d&#039;Ankara, faisa...\" \/>\n<meta property=\"og:url\" content=\"https:\/\/www.webdo.tn\/fr\/actualite\/international\/attaque-terroriste-en-turquie-plusieurs-morts-et-blesses\/217154\/\" \/>\n<meta property=\"og:site_name\" content=\"webdo\" \/>\n<meta property=\"article:publisher\" content=\"https:\/\/www.facebook.com\/webdotn\" \/>\n<meta property=\"article:published_time\" content=\"2024-10-23T15:39:00+00:00\" \/>\n<meta property=\"article:modified_time\" content=\"2025-05-20T21:47:26+00:00\" \/>\n<meta property=\"og:image\" content=\"https:\/\/www.webdo.tn\/fr\/wp-content\/uploads\/2024\/10\/7512c8cb10a70c26c9fca31db10a1afe.webp\" \/>\n\t<meta property=\"og:image:width\" content=\"750\" \/>\n\t<meta property=\"og:image:height\" content=\"400\" \/>\n\t<meta property=\"og:image:type\" content=\"image\/webp\" \/>\n<meta name=\"author\" content=\"MC\" \/>\n<meta name=\"twitter:card\" content=\"summary_large_image\" \/>\n<meta name=\"twitter:creator\" content=\"@webdo_tn\" \/>\n<meta name=\"twitter:site\" content=\"@webdo_tn\" \/>\n<meta name=\"twitter:label1\" content=\"\u00c9crit par\" \/>\n\t<meta name=\"twitter:data1\" content=\"MC\" \/>\n\t<meta name=\"twitter:label2\" content=\"Dur\u00e9e de lecture estim\u00e9e\" \/>\n\t<meta name=\"twitter:data2\" content=\"1 minute\" \/>\n<script type=\"application\/ld+json\" class=\"yoast-schema-graph\">{\"@context\":\"https:\\\/\\\/schema.org\",\"@graph\":[{\"@type\":\"NewsArticle\",\"@id\":\"https:\\\/\\\/www.webdo.tn\\\/fr\\\/actualite\\\/international\\\/attaque-terroriste-en-turquie-plusieurs-morts-et-blesses\\\/217154\\\/#article\",\"isPartOf\":{\"@id\":\"https:\\\/\\\/www.webdo.tn\\\/fr\\\/actualite\\\/international\\\/attaque-terroriste-en-turquie-plusieurs-morts-et-blesses\\\/217154\\\/\"},\"author\":{\"name\":\"MC\",\"@id\":\"https:\\\/\\\/www.webdo.tn\\\/fr\\\/#\\\/schema\\\/person\\\/2c4929cbf5a809e3bd38617c6ce150f6\"},\"headline\":\"Attaque terroriste en Turquie : Plusieurs morts et bless\u00e9s\",\"datePublished\":\"2024-10-23T15:39:00+00:00\",\"dateModified\":\"2025-05-20T21:47:26+00:00\",\"mainEntityOfPage\":{\"@id\":\"https:\\\/\\\/www.webdo.tn\\\/fr\\\/actualite\\\/international\\\/attaque-terroriste-en-turquie-plusieurs-morts-et-blesses\\\/217154\\\/\"},\"wordCount\":198,\"commentCount\":0,\"publisher\":{\"@id\":\"https:\\\/\\\/www.webdo.tn\\\/fr\\\/#organization\"},\"image\":{\"@id\":\"https:\\\/\\\/www.webdo.tn\\\/fr\\\/actualite\\\/international\\\/attaque-terroriste-en-turquie-plusieurs-morts-et-blesses\\\/217154\\\/#primaryimage\"},\"thumbnailUrl\":\"https:\\\/\\\/www.webdo.tn\\\/fr\\\/wp-content\\\/uploads\\\/2024\\\/10\\\/7512c8cb10a70c26c9fca31db10a1afe.webp\",\"keywords\":[\"Ankara\",\"attaque terroriste\",\"attentat\",\"bless\u00e9s\",\"morts\",\"Turquie\"],\"articleSection\":[\"International\"],\"inLanguage\":\"fr-FR\"},{\"@type\":\"WebPage\",\"@id\":\"https:\\\/\\\/www.webdo.tn\\\/fr\\\/actualite\\\/international\\\/attaque-terroriste-en-turquie-plusieurs-morts-et-blesses\\\/217154\\\/\",\"url\":\"https:\\\/\\\/www.webdo.tn\\\/fr\\\/actualite\\\/international\\\/attaque-terroriste-en-turquie-plusieurs-morts-et-blesses\\\/217154\\\/\",\"name\":\"Attaque terroriste en Turquie : Plusieurs morts et bless\u00e9s\",\"isPartOf\":{\"@id\":\"https:\\\/\\\/www.webdo.tn\\\/fr\\\/#website\"},\"primaryImageOfPage\":{\"@id\":\"https:\\\/\\\/www.webdo.tn\\\/fr\\\/actualite\\\/international\\\/attaque-terroriste-en-turquie-plusieurs-morts-et-blesses\\\/217154\\\/#primaryimage\"},\"image\":{\"@id\":\"https:\\\/\\\/www.webdo.tn\\\/fr\\\/actualite\\\/international\\\/attaque-terroriste-en-turquie-plusieurs-morts-et-blesses\\\/217154\\\/#primaryimage\"},\"thumbnailUrl\":\"https:\\\/\\\/www.webdo.tn\\\/fr\\\/wp-content\\\/uploads\\\/2024\\\/10\\\/7512c8cb10a70c26c9fca31db10a1afe.webp\",\"datePublished\":\"2024-10-23T15:39:00+00:00\",\"dateModified\":\"2025-05-20T21:47:26+00:00\",\"description\":\"L'agence de presse Anadolu a annonc\u00e9 qu'un attendant suicide a cibl\u00e9, aujourd\u2019hui, le si\u00e8ge des Industries de d\u00e9fense de Turquie \u00e0 40 kilom\u00e8tres d'Ankara, faisa...\",\"breadcrumb\":{\"@id\":\"https:\\\/\\\/www.webdo.tn\\\/fr\\\/actualite\\\/international\\\/attaque-terroriste-en-turquie-plusieurs-morts-et-blesses\\\/217154\\\/#breadcrumb\"},\"inLanguage\":\"fr-FR\",\"potentialAction\":[{\"@type\":\"ReadAction\",\"target\":[\"https:\\\/\\\/www.webdo.tn\\\/fr\\\/actualite\\\/international\\\/attaque-terroriste-en-turquie-plusieurs-morts-et-blesses\\\/217154\\\/\"]}]},{\"@type\":\"ImageObject\",\"inLanguage\":\"fr-FR\",\"@id\":\"https:\\\/\\\/www.webdo.tn\\\/fr\\\/actualite\\\/international\\\/attaque-terroriste-en-turquie-plusieurs-morts-et-blesses\\\/217154\\\/#primaryimage\",\"url\":\"https:\\\/\\\/www.webdo.tn\\\/fr\\\/wp-content\\\/uploads\\\/2024\\\/10\\\/7512c8cb10a70c26c9fca31db10a1afe.webp\",\"contentUrl\":\"https:\\\/\\\/www.webdo.tn\\\/fr\\\/wp-content\\\/uploads\\\/2024\\\/10\\\/7512c8cb10a70c26c9fca31db10a1afe.webp\",\"width\":750,\"height\":400,\"caption\":\"Attaque terroriste en Turquie : Plusieurs morts et bless\u00e9s\"},{\"@type\":\"BreadcrumbList\",\"@id\":\"https:\\\/\\\/www.webdo.tn\\\/fr\\\/actualite\\\/international\\\/attaque-terroriste-en-turquie-plusieurs-morts-et-blesses\\\/217154\\\/#breadcrumb\",\"itemListElement\":[{\"@type\":\"ListItem\",\"position\":1,\"name\":\"Accueil\",\"item\":\"https:\\\/\\\/www.webdo.tn\\\/fr\\\/\"},{\"@type\":\"ListItem\",\"position\":2,\"name\":\"Attaque terroriste en Turquie : Plusieurs morts et bless\u00e9s\"}]},{\"@type\":\"WebSite\",\"@id\":\"https:\\\/\\\/www.webdo.tn\\\/fr\\\/#website\",\"url\":\"https:\\\/\\\/www.webdo.tn\\\/fr\\\/\",\"name\":\"webdo\",\"description\":\"Tunisie - News en Tunisie et \u00e0 l&#039;international sur Webdo.tn\",\"publisher\":{\"@id\":\"https:\\\/\\\/www.webdo.tn\\\/fr\\\/#organization\"},\"potentialAction\":[{\"@type\":\"SearchAction\",\"target\":{\"@type\":\"EntryPoint\",\"urlTemplate\":\"https:\\\/\\\/www.webdo.tn\\\/fr\\\/?s={search_term_string}\"},\"query-input\":{\"@type\":\"PropertyValueSpecification\",\"valueRequired\":true,\"valueName\":\"search_term_string\"}}],\"inLanguage\":\"fr-FR\"},{\"@type\":\"Organization\",\"@id\":\"https:\\\/\\\/www.webdo.tn\\\/fr\\\/#organization\",\"name\":\"Webdo\",\"alternateName\":\"Webdo.tn\",\"url\":\"https:\\\/\\\/www.webdo.tn\\\/fr\\\/\",\"logo\":{\"@type\":\"ImageObject\",\"inLanguage\":\"fr-FR\",\"@id\":\"https:\\\/\\\/www.webdo.tn\\\/fr\\\/#\\\/schema\\\/logo\\\/image\\\/\",\"url\":\"https:\\\/\\\/www.webdo.tn\\\/fr\\\/wp-content\\\/uploads\\\/2025\\\/06\\\/Webdo-Tunisie_168377.jpg\",\"contentUrl\":\"https:\\\/\\\/www.webdo.tn\\\/fr\\\/wp-content\\\/uploads\\\/2025\\\/06\\\/Webdo-Tunisie_168377.jpg\",\"width\":301,\"height\":301,\"caption\":\"Webdo\"},\"image\":{\"@id\":\"https:\\\/\\\/www.webdo.tn\\\/fr\\\/#\\\/schema\\\/logo\\\/image\\\/\"},\"sameAs\":[\"https:\\\/\\\/www.facebook.com\\\/webdotn\",\"https:\\\/\\\/x.com\\\/webdo_tn\"],\"description\":\"Webdo est un m\u00e9dia num\u00e9rique tunisien fond\u00e9 en 2010, sp\u00e9cialis\u00e9 dans l\u2019actualit\u00e9 nationale et internationale, l\u2019\u00e9conomie, la soci\u00e9t\u00e9 et les analyses politiques. Le site s\u2019adresse \u00e0 un large public francophone et couvre l\u2019information tunisienne en temps r\u00e9el.\",\"email\":\"redac@webdo.tn\",\"legalName\":\"YNJ SARL\",\"foundingDate\":\"2010-09-06\",\"numberOfEmployees\":{\"@type\":\"QuantitativeValue\",\"minValue\":\"11\",\"maxValue\":\"50\"}},{\"@type\":\"Person\",\"@id\":\"https:\\\/\\\/www.webdo.tn\\\/fr\\\/#\\\/schema\\\/person\\\/2c4929cbf5a809e3bd38617c6ce150f6\",\"name\":\"MC\",\"image\":{\"@type\":\"ImageObject\",\"inLanguage\":\"fr-FR\",\"@id\":\"https:\\\/\\\/secure.gravatar.com\\\/avatar\\\/a545bbb6f84efdd5553dbbc2895e3ca8f1d12c5215e00a041c9670b54aa9b18a?s=96&d=mm&r=g\",\"url\":\"https:\\\/\\\/secure.gravatar.com\\\/avatar\\\/a545bbb6f84efdd5553dbbc2895e3ca8f1d12c5215e00a041c9670b54aa9b18a?s=96&d=mm&r=g\",\"contentUrl\":\"https:\\\/\\\/secure.gravatar.com\\\/avatar\\\/a545bbb6f84efdd5553dbbc2895e3ca8f1d12c5215e00a041c9670b54aa9b18a?s=96&d=mm&r=g\",\"caption\":\"MC\"},\"url\":\"https:\\\/\\\/www.webdo.tn\\\/fr\\\/actualite\\\/author\\\/mc\\\/\"}]}<\/script>\n<!-- \/ Yoast SEO Premium plugin. -->","yoast_head_json":{"title":"Attaque terroriste en Turquie : Plusieurs morts et bless\u00e9s","description":"L'agence de presse Anadolu a annonc\u00e9 qu'un attendant suicide a cibl\u00e9, aujourd\u2019hui, le si\u00e8ge des Industries de d\u00e9fense de Turquie \u00e0 40 kilom\u00e8tres d'Ankara, faisa...","canonical":"https:\/\/www.webdo.tn\/fr\/actualite\/international\/attaque-terroriste-en-turquie-plusieurs-morts-et-blesses\/217154\/","og_locale":"fr_FR","og_type":"article","og_title":"Attaque terroriste en Turquie : Plusieurs morts et bless\u00e9s","og_description":"L'agence de presse Anadolu a annonc\u00e9 qu'un attendant suicide a cibl\u00e9, aujourd\u2019hui, le si\u00e8ge des Industries de d\u00e9fense de Turquie \u00e0 40 kilom\u00e8tres d'Ankara, faisa...","og_url":"https:\/\/www.webdo.tn\/fr\/actualite\/international\/attaque-terroriste-en-turquie-plusieurs-morts-et-blesses\/217154\/","og_site_name":"webdo","article_publisher":"https:\/\/www.facebook.com\/webdotn","article_published_time":"2024-10-23T15:39:00+00:00","article_modified_time":"2025-05-20T21:47:26+00:00","og_image":[{"width":750,"height":400,"url":"https:\/\/www.webdo.tn\/fr\/wp-content\/uploads\/2024\/10\/7512c8cb10a70c26c9fca31db10a1afe.webp","type":"image\/webp"}],"author":"MC","twitter_card":"summary_large_image","twitter_creator":"@webdo_tn","twitter_site":"@webdo_tn","twitter_misc":{"\u00c9crit par":"MC","Dur\u00e9e de lecture estim\u00e9e":"1 minute"},"schema":{"@context":"https:\/\/schema.org","@graph":[{"@type":"NewsArticle","@id":"https:\/\/www.webdo.tn\/fr\/actualite\/international\/attaque-terroriste-en-turquie-plusieurs-morts-et-blesses\/217154\/#article","isPartOf":{"@id":"https:\/\/www.webdo.tn\/fr\/actualite\/international\/attaque-terroriste-en-turquie-plusieurs-morts-et-blesses\/217154\/"},"author":{"name":"MC","@id":"https:\/\/www.webdo.tn\/fr\/#\/schema\/person\/2c4929cbf5a809e3bd38617c6ce150f6"},"headline":"Attaque terroriste en Turquie : Plusieurs morts et bless\u00e9s","datePublished":"2024-10-23T15:39:00+00:00","dateModified":"2025-05-20T21:47:26+00:00","mainEntityOfPage":{"@id":"https:\/\/www.webdo.tn\/fr\/actualite\/international\/attaque-terroriste-en-turquie-plusieurs-morts-et-blesses\/217154\/"},"wordCount":198,"commentCount":0,"publisher":{"@id":"https:\/\/www.webdo.tn\/fr\/#organization"},"image":{"@id":"https:\/\/www.webdo.tn\/fr\/actualite\/international\/attaque-terroriste-en-turquie-plusieurs-morts-et-blesses\/217154\/#primaryimage"},"thumbnailUrl":"https:\/\/www.webdo.tn\/fr\/wp-content\/uploads\/2024\/10\/7512c8cb10a70c26c9fca31db10a1afe.webp","keywords":["Ankara","attaque terroriste","attentat","bless\u00e9s","morts","Turquie"],"articleSection":["International"],"inLanguage":"fr-FR"},{"@type":"WebPage","@id":"https:\/\/www.webdo.tn\/fr\/actualite\/international\/attaque-terroriste-en-turquie-plusieurs-morts-et-blesses\/217154\/","url":"https:\/\/www.webdo.tn\/fr\/actualite\/international\/attaque-terroriste-en-turquie-plusieurs-morts-et-blesses\/217154\/","name":"Attaque terroriste en Turquie : Plusieurs morts et bless\u00e9s","isPartOf":{"@id":"https:\/\/www.webdo.tn\/fr\/#website"},"primaryImageOfPage":{"@id":"https:\/\/www.webdo.tn\/fr\/actualite\/international\/attaque-terroriste-en-turquie-plusieurs-morts-et-blesses\/217154\/#primaryimage"},"image":{"@id":"https:\/\/www.webdo.tn\/fr\/actualite\/international\/attaque-terroriste-en-turquie-plusieurs-morts-et-blesses\/217154\/#primaryimage"},"thumbnailUrl":"https:\/\/www.webdo.tn\/fr\/wp-content\/uploads\/2024\/10\/7512c8cb10a70c26c9fca31db10a1afe.webp","datePublished":"2024-10-23T15:39:00+00:00","dateModified":"2025-05-20T21:47:26+00:00","description":"L'agence de presse Anadolu a annonc\u00e9 qu'un attendant suicide a cibl\u00e9, aujourd\u2019hui, le si\u00e8ge des Industries de d\u00e9fense de Turquie \u00e0 40 kilom\u00e8tres d'Ankara, faisa...","breadcrumb":{"@id":"https:\/\/www.webdo.tn\/fr\/actualite\/international\/attaque-terroriste-en-turquie-plusieurs-morts-et-blesses\/217154\/#breadcrumb"},"inLanguage":"fr-FR","potentialAction":[{"@type":"ReadAction","target":["https:\/\/www.webdo.tn\/fr\/actualite\/international\/attaque-terroriste-en-turquie-plusieurs-morts-et-blesses\/217154\/"]}]},{"@type":"ImageObject","inLanguage":"fr-FR","@id":"https:\/\/www.webdo.tn\/fr\/actualite\/international\/attaque-terroriste-en-turquie-plusieurs-morts-et-blesses\/217154\/#primaryimage","url":"https:\/\/www.webdo.tn\/fr\/wp-content\/uploads\/2024\/10\/7512c8cb10a70c26c9fca31db10a1afe.webp","contentUrl":"https:\/\/www.webdo.tn\/fr\/wp-content\/uploads\/2024\/10\/7512c8cb10a70c26c9fca31db10a1afe.webp","width":750,"height":400,"caption":"Attaque terroriste en Turquie : Plusieurs morts et bless\u00e9s"},{"@type":"BreadcrumbList","@id":"https:\/\/www.webdo.tn\/fr\/actualite\/international\/attaque-terroriste-en-turquie-plusieurs-morts-et-blesses\/217154\/#breadcrumb","itemListElement":[{"@type":"ListItem","position":1,"name":"Accueil","item":"https:\/\/www.webdo.tn\/fr\/"},{"@type":"ListItem","position":2,"name":"Attaque terroriste en Turquie : Plusieurs morts et bless\u00e9s"}]},{"@type":"WebSite","@id":"https:\/\/www.webdo.tn\/fr\/#website","url":"https:\/\/www.webdo.tn\/fr\/","name":"webdo","description":"Tunisie - News en Tunisie et \u00e0 l&#039;international sur Webdo.tn","publisher":{"@id":"https:\/\/www.webdo.tn\/fr\/#organization"},"potentialAction":[{"@type":"SearchAction","target":{"@type":"EntryPoint","urlTemplate":"https:\/\/www.webdo.tn\/fr\/?s={search_term_string}"},"query-input":{"@type":"PropertyValueSpecification","valueRequired":true,"valueName":"search_term_string"}}],"inLanguage":"fr-FR"},{"@type":"Organization","@id":"https:\/\/www.webdo.tn\/fr\/#organization","name":"Webdo","alternateName":"Webdo.tn","url":"https:\/\/www.webdo.tn\/fr\/","logo":{"@type":"ImageObject","inLanguage":"fr-FR","@id":"https:\/\/www.webdo.tn\/fr\/#\/schema\/logo\/image\/","url":"https:\/\/www.webdo.tn\/fr\/wp-content\/uploads\/2025\/06\/Webdo-Tunisie_168377.jpg","contentUrl":"https:\/\/www.webdo.tn\/fr\/wp-content\/uploads\/2025\/06\/Webdo-Tunisie_168377.jpg","width":301,"height":301,"caption":"Webdo"},"image":{"@id":"https:\/\/www.webdo.tn\/fr\/#\/schema\/logo\/image\/"},"sameAs":["https:\/\/www.facebook.com\/webdotn","https:\/\/x.com\/webdo_tn"],"description":"Webdo est un m\u00e9dia num\u00e9rique tunisien fond\u00e9 en 2010, sp\u00e9cialis\u00e9 dans l\u2019actualit\u00e9 nationale et internationale, l\u2019\u00e9conomie, la soci\u00e9t\u00e9 et les analyses politiques. Le site s\u2019adresse \u00e0 un large public francophone et couvre l\u2019information tunisienne en temps r\u00e9el.","email":"redac@webdo.tn","legalName":"YNJ SARL","foundingDate":"2010-09-06","numberOfEmployees":{"@type":"QuantitativeValue","minValue":"11","maxValue":"50"}},{"@type":"Person","@id":"https:\/\/www.webdo.tn\/fr\/#\/schema\/person\/2c4929cbf5a809e3bd38617c6ce150f6","name":"MC","image":{"@type":"ImageObject","inLanguage":"fr-FR","@id":"https:\/\/secure.gravatar.com\/avatar\/a545bbb6f84efdd5553dbbc2895e3ca8f1d12c5215e00a041c9670b54aa9b18a?s=96&d=mm&r=g","url":"https:\/\/secure.gravatar.com\/avatar\/a545bbb6f84efdd5553dbbc2895e3ca8f1d12c5215e00a041c9670b54aa9b18a?s=96&d=mm&r=g","contentUrl":"https:\/\/secure.gravatar.com\/avatar\/a545bbb6f84efdd5553dbbc2895e3ca8f1d12c5215e00a041c9670b54aa9b18a?s=96&d=mm&r=g","caption":"MC"},"url":"https:\/\/www.webdo.tn\/fr\/actualite\/author\/mc\/"}]}},"_links":{"self":[{"href":"https:\/\/www.webdo.tn\/fr\/wp-json\/wp\/v2\/posts\/217154","targetHints":{"allow":["GET"]}}],"collection":[{"href":"https:\/\/www.webdo.tn\/fr\/wp-json\/wp\/v2\/posts"}],"about":[{"href":"https:\/\/www.webdo.tn\/fr\/wp-json\/wp\/v2\/types\/post"}],"author":[{"embeddable":true,"href":"https:\/\/www.webdo.tn\/fr\/wp-json\/wp\/v2\/users\/3162"}],"replies":[{"embeddable":true,"href":"https:\/\/www.webdo.tn\/fr\/wp-json\/wp\/v2\/comments?post=217154"}],"version-history":[{"count":0,"href":"https:\/\/www.webdo.tn\/fr\/wp-json\/wp\/v2\/posts\/217154\/revisions"}],"wp:featuredmedia":[{"embeddable":true,"href":"https:\/\/www.webdo.tn\/fr\/wp-json\/wp\/v2\/media\/246261"}],"wp:attachment":[{"href":"https:\/\/www.webdo.tn\/fr\/wp-json\/wp\/v2\/media?parent=217154"}],"wp:term":[{"taxonomy":"category","embeddable":true,"href":"https:\/\/www.webdo.tn\/fr\/wp-json\/wp\/v2\/categories?post=217154"},{"taxonomy":"post_tag","embeddable":true,"href":"https:\/\/www.webdo.tn\/fr\/wp-json\/wp\/v2\/tags?post=217154"}],"curies":[{"name":"wp","href":"https:\/\/api.w.org\/{rel}","templated":true}]}}